{"id":7664,"date":"2025-07-07T12:53:46","date_gmt":"2025-07-07T11:53:46","guid":{"rendered":"https:\/\/www.smedemokrati.sk\/?p=7664"},"modified":"2025-07-07T12:53:47","modified_gmt":"2025-07-07T11:53:47","slug":"nie-bruselski-byrokrati-ale-taraba-stratil-kontakt-s-realitou","status":"publish","type":"post","link":"https:\/\/www.smedemokrati.sk\/sv\/nie-bruselski-byrokrati-ale-taraba-stratil-kontakt-s-realitou\/","title":{"rendered":"Nie &#8221;Bruselsk\u00ed byrokrati&#8221;, ale Taraba stratil kontakt s realitou"},"content":{"rendered":"<div id=\"fb-root\"><\/div>\n\n<p><strong>Z\u00e1merom nepodpori\u0165 \u010diastkov\u00fd klimatick\u00fd cie\u013e E\u00da do roku 2040 sa Taraba vydal na ideologick\u00fd boj proti \u201czl\u00e9mu\u201d Bruselu, ktor\u00fdm chce zakry\u0165 svoju neschopnos\u0165 rie\u0161i\u0165 d\u00f4sledky klimatickej kr\u00edzy na Slovensku. \u010coraz viac ob\u010danov Slovenska bude dopl\u00e1ca\u0165 na katastrof\u00e1lne such\u00e1, extr\u00e9mne teploty \u010di pr\u00edvalov\u00e9 povodne, a to aj svojimi \u017eivotmi. Tak\u00e9to rozhodnutie naviac nem\u00f4\u017ee prija\u0165 Taraba s\u00e1m, ale pr\u00e1vomoc m\u00e1 jedine parlament.&nbsp;<\/strong><\/p>\n\n\n\n<p>Klimatick\u00fd cie\u013e na rok 2040 predstaven\u00fd Eur\u00f3pskou komisiou vypl\u00fdva zo z\u00e1v\u00e4zku Slovenska dosiahnu\u0165 v roku 2050 klimatick\u00fa neutralitu. K tomu sa na p\u00f4de E\u00da zaviazala vl\u00e1da SR v roku 2019, ktorej s\u00fa\u010das\u0165ou bola aj SNS, za ktor\u00fa je Taraba ministrom. \u201e<em>Taraba avizovan\u00e9 rozhodnutie nepodpori\u0165 \u010diastkov\u00fd cie\u013e nem\u00f4\u017ee prija\u0165 s\u00e1m. Ke\u010f\u017ee sa jedn\u00e1 o n\u00e1vrh legislat\u00edvy E\u00da, poz\u00edcie SR k nej neschva\u013euje minister, ale v\u00fdlu\u010dne n\u00e1rodn\u00e1 rada prostredn\u00edctvom eurov\u00fdboru alebo pl\u00e9na, \u010do Tarabovi zjavne nedo\u0161lo. N\u00e1vrh poz\u00edcie nem\u00f4\u017ee vych\u00e1dza\u0165 z Tarabovho statusu na Facebooku, ale mus\u00ed by\u0165 predmetom pripomienkov\u00e9ho konania vr\u00e1tane podkladov\u00fdch anal\u00fdz. V nich je potrebn\u00e9 zoh\u013eadni\u0165 aj miliardov\u00e9 n\u00e1klady spojen\u00e9 s nerie\u0161en\u00edm klimatickej kr\u00edzy a jej dopadov na ob\u010danov Slovenska. Katastrof\u00e1lne such\u00e1, extr\u00e9mne teploty \u010di pr\u00edvalov\u00e9 povodne bud\u00fa \u010doraz viac ohrozova\u0165 \u017eivoty na\u0161ich ob\u010danov vr\u00e1tane potravinovej bezpe\u010dnosti. Taraba vie len okyd\u00e1va\u0165 Brusel, ale \u017eiaden pl\u00e1n pre Slovensko predstavi\u0165 nie je schopn\u00fd,<\/em>\u201d kritizuje Michal Ki\u010da, enviroexpert Demokratov.\u00a0<\/p>\n\n\n\n<p>Spr\u00e1vnou reakciou Slovenska pritom nemus\u00ed by\u0165 nekritick\u00e9 prijatie novej legislat\u00edvy. Vl\u00e1da by mala v dial\u00f3gu so z\u00e1stupcami priemyslu, expertov a mimovl\u00e1dnych organiz\u00e1ci\u00ed n\u00e1vrh vyhodnoti\u0165 a pripravi\u0165 k nemu vecn\u00e9 pripomienky a podrobn\u00e9 anal\u00fdzy. \u201e<em>V mnoh\u00fdch sektoroch pre n\u00e1s nemus\u00ed by\u0165 nijako problematick\u00fd, napr\u00edklad n\u00e1\u0161 energetick\u00fd mix je v porovnan\u00ed s okolit\u00fdmi \u0161t\u00e1tmi v\u00fdborn\u00fd. V in\u00fdch oblastiach m\u00f4\u017eeme presadzova\u0165 vlastn\u00e9 rie\u0161enia a h\u013eada\u0165 pre ne spojencov na eur\u00f3pskej p\u00f4de. Slovensk\u00fd priemysel by v\u010faka tomu mohol z\u00edska\u0165 \u010fal\u0161ie miliardy na svoju moderniz\u00e1ciu. To by v\u0161ak vy\u017eadovalo technokratick\u00fd pr\u00edstup, namiesto ktor\u00e9ho ale Taraba rie\u0161i ideologick\u00e9 v\u00fdplody na soci\u00e1lnej sieti. Tie v\u0161ak v E\u00da nikoho nezauj\u00edmaj\u00fa. Taraba dost\u00e1va Slovensko na okraj rokovacieho stola, kam patria extr\u00e9misti. Nikto ich neberie v\u00e1\u017ene, preto\u017ee nemaj\u00fa \u017eiadne rie\u0161enia,<\/em>\u201d vysvet\u013euje Ki\u010da.<\/p>\n\n\n\n<p>\u201e<em>Taraba len op\u00e4\u0165 dok\u00e1zal, \u017ee nie bruselsk\u00ed byrokrati, ale on je odtrhnut\u00fd od reality \u017eivotov mili\u00f3nov Slov\u00e1kov, ktor\u00ed \u010delia u\u017e dnes v\u00e1\u017enym d\u00f4sledkom klimatickej kr\u00edzy. Na jeho neschopnos\u0165 doplatia nielen \u013eudia v regi\u00f3noch, ale v kone\u010dnom d\u00f4sledku aj slovensk\u00fd priemysel,<\/em>\u201d uzavrel Michal Ki\u010da.\u00a0<\/p>\n","protected":false},"excerpt":{"rendered":"<p>Z\u00e1merom nepodpori\u0165 \u010diastkov\u00fd klimatick\u00fd cie\u013e E\u00da do roku 2040 sa Taraba vydal na ideologick\u00fd boj proti \u201czl\u00e9mu\u201d Bruselu, ktor\u00fdm chce zakry\u0165 svoju neschopnos\u0165 rie\u0161i\u0165 d\u00f4sledky klimatickej kr\u00edzy na Slovensku. \u010coraz viac ob\u010danov Slovenska bude dopl\u00e1ca\u0165 na katastrof\u00e1lne such\u00e1, extr\u00e9mne teploty \u010di pr\u00edvalov\u00e9 povodne, a to aj svojimi \u017eivotmi. Tak\u00e9to rozhodnutie naviac nem\u00f4\u017ee prija\u0165 Taraba s\u00e1m, [&hellip;]<\/p>\n","protected":false},"author":13,"featured_media":2931,"comment_status":"closed","ping_status":"closed","sticky":false,"template":"","format":"standard","meta":{"_acf_changed":false,"ngg_post_thumbnail":0,"footnotes":""},"categories":[4],"tags":[],"class_list":["post-7664","post","type-post","status-publish","format-standard","has-post-thumbnail","hentry","category-tlacove-spravy"],"acf":[],"yoast_head":"<!-- This site is optimized with the Yoast SEO plugin v27.2 - https:\/\/yoast.com\/product\/yoast-seo-wordpress\/ -->\n<title>Nie &quot;Bruselsk\u00ed byrokrati&quot;, ale Taraba stratil kontakt s realitou<\/title>\n<meta name=\"robots\" content=\"index, follow, max-snippet:-1, max-image-preview:large, max-video-preview:-1\" \/>\n<link rel=\"canonical\" href=\"https:\/\/www.smedemokrati.sk\/sv\/nie-bruselski-byrokrati-ale-taraba-stratil-kontakt-s-realitou\/\" \/>\n<meta property=\"og:locale\" content=\"sv_SE\" \/>\n<meta property=\"og:locale:alternate\" content=\"en_US\" \/>\n<meta property=\"og:locale:alternate\" content=\"cs_CZ\" \/>\n<meta property=\"og:locale:alternate\" content=\"hu_HU\" \/>\n<meta property=\"og:locale:alternate\" content=\"sk_SK\" \/>\n<meta property=\"og:type\" content=\"article\" \/>\n<meta property=\"og:title\" content=\"Nie &quot;Bruselsk\u00ed byrokrati&quot;, ale Taraba stratil kontakt s realitou\" \/>\n<meta property=\"og:description\" content=\"Z\u00e1merom nepodpori\u0165 \u010diastkov\u00fd klimatick\u00fd cie\u013e E\u00da do roku 2040 sa Taraba vydal na ideologick\u00fd boj proti \u201czl\u00e9mu\u201d Bruselu, ktor\u00fdm chce zakry\u0165 svoju neschopnos\u0165 rie\u0161i\u0165 d\u00f4sledky klimatickej kr\u00edzy na Slovensku. \u010coraz viac ob\u010danov Slovenska bude dopl\u00e1ca\u0165 na katastrof\u00e1lne such\u00e1, extr\u00e9mne teploty \u010di pr\u00edvalov\u00e9 povodne, a to aj svojimi \u017eivotmi. Tak\u00e9to rozhodnutie naviac nem\u00f4\u017ee prija\u0165 Taraba s\u00e1m, [&hellip;]\" \/>\n<meta property=\"og:url\" content=\"https:\/\/www.smedemokrati.sk\/sv\/nie-bruselski-byrokrati-ale-taraba-stratil-kontakt-s-realitou\/\" \/>\n<meta property=\"og:site_name\" content=\"Smedemokrati.sk\" \/>\n<meta property=\"article:publisher\" content=\"https:\/\/www.facebook.com\/smedemokrati2023\" \/>\n<meta property=\"article:published_time\" content=\"2025-07-07T11:53:46+00:00\" \/>\n<meta property=\"article:modified_time\" content=\"2025-07-07T11:53:47+00:00\" \/>\n<meta property=\"og:image\" content=\"https:\/\/www.smedemokrati.sk\/wp-content\/uploads\/2024\/03\/robert-fico-tomas-taraba-clanokW-1.jpg\" \/>\n\t<meta property=\"og:image:width\" content=\"800\" \/>\n\t<meta property=\"og:image:height\" content=\"448\" \/>\n\t<meta property=\"og:image:type\" content=\"image\/jpeg\" \/>\n<meta name=\"author\" content=\"miro.sopko\" \/>\n<meta name=\"twitter:card\" content=\"summary_large_image\" \/>\n<meta name=\"twitter:label1\" content=\"Skriven av\" \/>\n\t<meta name=\"twitter:data1\" content=\"miro.sopko\" \/>\n\t<meta name=\"twitter:label2\" content=\"Ber\u00e4knad l\u00e4stid\" \/>\n\t<meta name=\"twitter:data2\" content=\"3 minuter\" \/>\n<script type=\"application\/ld+json\" class=\"yoast-schema-graph\">{\"@context\":\"https:\/\/schema.org\",\"@graph\":[{\"@type\":\"Article\",\"@id\":\"https:\/\/www.smedemokrati.sk\/nie-bruselski-byrokrati-ale-taraba-stratil-kontakt-s-realitou\/#article\",\"isPartOf\":{\"@id\":\"https:\/\/www.smedemokrati.sk\/nie-bruselski-byrokrati-ale-taraba-stratil-kontakt-s-realitou\/\"},\"author\":{\"name\":\"miro.sopko\",\"@id\":\"https:\/\/www.smedemokrati.sk\/#\/schema\/person\/21f147c88d605aa7ded900e1e7c344ba\"},\"headline\":\"Nie &#8221;Bruselsk\u00ed byrokrati&#8221;, ale Taraba stratil kontakt s realitou\",\"datePublished\":\"2025-07-07T11:53:46+00:00\",\"dateModified\":\"2025-07-07T11:53:47+00:00\",\"mainEntityOfPage\":{\"@id\":\"https:\/\/www.smedemokrati.sk\/nie-bruselski-byrokrati-ale-taraba-stratil-kontakt-s-realitou\/\"},\"wordCount\":492,\"publisher\":{\"@id\":\"https:\/\/www.smedemokrati.sk\/#organization\"},\"image\":{\"@id\":\"https:\/\/www.smedemokrati.sk\/nie-bruselski-byrokrati-ale-taraba-stratil-kontakt-s-realitou\/#primaryimage\"},\"thumbnailUrl\":\"https:\/\/www.smedemokrati.sk\/wp-content\/uploads\/2024\/03\/robert-fico-tomas-taraba-clanokW-1.jpg\",\"articleSection\":[\"Tla\u010dov\u00e9 spr\u00e1vy\"],\"inLanguage\":\"sv-SE\"},{\"@type\":\"WebPage\",\"@id\":\"https:\/\/www.smedemokrati.sk\/nie-bruselski-byrokrati-ale-taraba-stratil-kontakt-s-realitou\/\",\"url\":\"https:\/\/www.smedemokrati.sk\/nie-bruselski-byrokrati-ale-taraba-stratil-kontakt-s-realitou\/\",\"name\":\"Nie \\\"Bruselsk\u00ed byrokrati\\\", ale Taraba stratil kontakt s realitou\",\"isPartOf\":{\"@id\":\"https:\/\/www.smedemokrati.sk\/#website\"},\"primaryImageOfPage\":{\"@id\":\"https:\/\/www.smedemokrati.sk\/nie-bruselski-byrokrati-ale-taraba-stratil-kontakt-s-realitou\/#primaryimage\"},\"image\":{\"@id\":\"https:\/\/www.smedemokrati.sk\/nie-bruselski-byrokrati-ale-taraba-stratil-kontakt-s-realitou\/#primaryimage\"},\"thumbnailUrl\":\"https:\/\/www.smedemokrati.sk\/wp-content\/uploads\/2024\/03\/robert-fico-tomas-taraba-clanokW-1.jpg\",\"datePublished\":\"2025-07-07T11:53:46+00:00\",\"dateModified\":\"2025-07-07T11:53:47+00:00\",\"breadcrumb\":{\"@id\":\"https:\/\/www.smedemokrati.sk\/nie-bruselski-byrokrati-ale-taraba-stratil-kontakt-s-realitou\/#breadcrumb\"},\"inLanguage\":\"sv-SE\",\"potentialAction\":[{\"@type\":\"ReadAction\",\"target\":[\"https:\/\/www.smedemokrati.sk\/nie-bruselski-byrokrati-ale-taraba-stratil-kontakt-s-realitou\/\"]}]},{\"@type\":\"ImageObject\",\"inLanguage\":\"sv-SE\",\"@id\":\"https:\/\/www.smedemokrati.sk\/nie-bruselski-byrokrati-ale-taraba-stratil-kontakt-s-realitou\/#primaryimage\",\"url\":\"https:\/\/www.smedemokrati.sk\/wp-content\/uploads\/2024\/03\/robert-fico-tomas-taraba-clanokW-1.jpg\",\"contentUrl\":\"https:\/\/www.smedemokrati.sk\/wp-content\/uploads\/2024\/03\/robert-fico-tomas-taraba-clanokW-1.jpg\",\"width\":800,\"height\":448},{\"@type\":\"BreadcrumbList\",\"@id\":\"https:\/\/www.smedemokrati.sk\/nie-bruselski-byrokrati-ale-taraba-stratil-kontakt-s-realitou\/#breadcrumb\",\"itemListElement\":[{\"@type\":\"ListItem\",\"position\":1,\"name\":\"Domovsk\u00e1 str\u00e1nka\",\"item\":\"https:\/\/www.smedemokrati.sk\/\"},{\"@type\":\"ListItem\",\"position\":2,\"name\":\"Nie &#8222;Bruselsk\u00ed byrokrati&#8220;, ale Taraba stratil kontakt s realitou\"}]},{\"@type\":\"WebSite\",\"@id\":\"https:\/\/www.smedemokrati.sk\/#website\",\"url\":\"https:\/\/www.smedemokrati.sk\/\",\"name\":\"Smedemokrati.sk\",\"description\":\"Demokracia a slu\u0161nos\u0165 zv\u00ed\u0165az\u00ed\",\"publisher\":{\"@id\":\"https:\/\/www.smedemokrati.sk\/#organization\"},\"potentialAction\":[{\"@type\":\"SearchAction\",\"target\":{\"@type\":\"EntryPoint\",\"urlTemplate\":\"https:\/\/www.smedemokrati.sk\/?s={search_term_string}\"},\"query-input\":{\"@type\":\"PropertyValueSpecification\",\"valueRequired\":true,\"valueName\":\"search_term_string\"}}],\"inLanguage\":\"sv-SE\"},{\"@type\":\"Organization\",\"@id\":\"https:\/\/www.smedemokrati.sk\/#organization\",\"name\":\"Smedemokrati.sk\",\"url\":\"https:\/\/www.smedemokrati.sk\/\",\"logo\":{\"@type\":\"ImageObject\",\"inLanguage\":\"sv-SE\",\"@id\":\"https:\/\/www.smedemokrati.sk\/#\/schema\/logo\/image\/\",\"url\":\"https:\/\/www.smedemokrati.sk\/wp-content\/uploads\/2023\/04\/ff.002.jpeg\",\"contentUrl\":\"https:\/\/www.smedemokrati.sk\/wp-content\/uploads\/2023\/04\/ff.002.jpeg\",\"width\":640,\"height\":480,\"caption\":\"Smedemokrati.sk\"},\"image\":{\"@id\":\"https:\/\/www.smedemokrati.sk\/#\/schema\/logo\/image\/\"},\"sameAs\":[\"https:\/\/www.facebook.com\/smedemokrati2023\"]},{\"@type\":\"Person\",\"@id\":\"https:\/\/www.smedemokrati.sk\/#\/schema\/person\/21f147c88d605aa7ded900e1e7c344ba\",\"name\":\"miro.sopko\",\"image\":{\"@type\":\"ImageObject\",\"inLanguage\":\"sv-SE\",\"@id\":\"https:\/\/secure.gravatar.com\/avatar\/267e4a36f704376c109afe3a78740c1f5dd8675a2180a908699e7863c9247606?s=96&d=mm&r=g\",\"url\":\"https:\/\/secure.gravatar.com\/avatar\/267e4a36f704376c109afe3a78740c1f5dd8675a2180a908699e7863c9247606?s=96&d=mm&r=g\",\"contentUrl\":\"https:\/\/secure.gravatar.com\/avatar\/267e4a36f704376c109afe3a78740c1f5dd8675a2180a908699e7863c9247606?s=96&d=mm&r=g\",\"caption\":\"miro.sopko\"},\"url\":\"https:\/\/www.smedemokrati.sk\/sv\/author\/miro-sopko\/\"}]}<\/script>\n<!-- \/ Yoast SEO plugin. -->","yoast_head_json":{"title":"Nie \"Bruselsk\u00ed byrokrati\", ale Taraba stratil kontakt s realitou","robots":{"index":"index","follow":"follow","max-snippet":"max-snippet:-1","max-image-preview":"max-image-preview:large","max-video-preview":"max-video-preview:-1"},"canonical":"https:\/\/www.smedemokrati.sk\/sv\/nie-bruselski-byrokrati-ale-taraba-stratil-kontakt-s-realitou\/","og_locale":"sv_SE","og_type":"article","og_title":"[:sk]Nie \"Bruselsk\u00ed byrokrati\", ale Taraba stratil kontakt s realitou[:] - Smedemokrati.sk","og_description":"Z\u00e1merom nepodpori\u0165 \u010diastkov\u00fd klimatick\u00fd cie\u013e E\u00da do roku 2040 sa Taraba vydal na ideologick\u00fd boj proti \u201czl\u00e9mu\u201d Bruselu, ktor\u00fdm chce zakry\u0165 svoju neschopnos\u0165 rie\u0161i\u0165 d\u00f4sledky klimatickej kr\u00edzy na Slovensku. \u010coraz viac ob\u010danov Slovenska bude dopl\u00e1ca\u0165 na katastrof\u00e1lne such\u00e1, extr\u00e9mne teploty \u010di pr\u00edvalov\u00e9 povodne, a to aj svojimi \u017eivotmi. Tak\u00e9to rozhodnutie naviac nem\u00f4\u017ee prija\u0165 Taraba s\u00e1m, [&hellip;]","og_url":"https:\/\/www.smedemokrati.sk\/sv\/nie-bruselski-byrokrati-ale-taraba-stratil-kontakt-s-realitou\/","og_site_name":"Smedemokrati.sk","article_publisher":"https:\/\/www.facebook.com\/smedemokrati2023","article_published_time":"2025-07-07T11:53:46+00:00","article_modified_time":"2025-07-07T11:53:47+00:00","og_image":[{"width":800,"height":448,"url":"https:\/\/www.smedemokrati.sk\/wp-content\/uploads\/2024\/03\/robert-fico-tomas-taraba-clanokW-1.jpg","type":"image\/jpeg"}],"author":"miro.sopko","twitter_card":"summary_large_image","twitter_misc":{"Skriven av":"miro.sopko","Ber\u00e4knad l\u00e4stid":"3 minuter"},"schema":{"@context":"https:\/\/schema.org","@graph":[{"@type":"Article","@id":"https:\/\/www.smedemokrati.sk\/nie-bruselski-byrokrati-ale-taraba-stratil-kontakt-s-realitou\/#article","isPartOf":{"@id":"https:\/\/www.smedemokrati.sk\/nie-bruselski-byrokrati-ale-taraba-stratil-kontakt-s-realitou\/"},"author":{"name":"miro.sopko","@id":"https:\/\/www.smedemokrati.sk\/#\/schema\/person\/21f147c88d605aa7ded900e1e7c344ba"},"headline":"Nie &#8221;Bruselsk\u00ed byrokrati&#8221;, ale Taraba stratil kontakt s realitou","datePublished":"2025-07-07T11:53:46+00:00","dateModified":"2025-07-07T11:53:47+00:00","mainEntityOfPage":{"@id":"https:\/\/www.smedemokrati.sk\/nie-bruselski-byrokrati-ale-taraba-stratil-kontakt-s-realitou\/"},"wordCount":492,"publisher":{"@id":"https:\/\/www.smedemokrati.sk\/#organization"},"image":{"@id":"https:\/\/www.smedemokrati.sk\/nie-bruselski-byrokrati-ale-taraba-stratil-kontakt-s-realitou\/#primaryimage"},"thumbnailUrl":"https:\/\/www.smedemokrati.sk\/wp-content\/uploads\/2024\/03\/robert-fico-tomas-taraba-clanokW-1.jpg","articleSection":["Tla\u010dov\u00e9 spr\u00e1vy"],"inLanguage":"sv-SE"},{"@type":"WebPage","@id":"https:\/\/www.smedemokrati.sk\/nie-bruselski-byrokrati-ale-taraba-stratil-kontakt-s-realitou\/","url":"https:\/\/www.smedemokrati.sk\/nie-bruselski-byrokrati-ale-taraba-stratil-kontakt-s-realitou\/","name":"Nie \"Bruselsk\u00ed byrokrati\", ale Taraba stratil kontakt s realitou","isPartOf":{"@id":"https:\/\/www.smedemokrati.sk\/#website"},"primaryImageOfPage":{"@id":"https:\/\/www.smedemokrati.sk\/nie-bruselski-byrokrati-ale-taraba-stratil-kontakt-s-realitou\/#primaryimage"},"image":{"@id":"https:\/\/www.smedemokrati.sk\/nie-bruselski-byrokrati-ale-taraba-stratil-kontakt-s-realitou\/#primaryimage"},"thumbnailUrl":"https:\/\/www.smedemokrati.sk\/wp-content\/uploads\/2024\/03\/robert-fico-tomas-taraba-clanokW-1.jpg","datePublished":"2025-07-07T11:53:46+00:00","dateModified":"2025-07-07T11:53:47+00:00","breadcrumb":{"@id":"https:\/\/www.smedemokrati.sk\/nie-bruselski-byrokrati-ale-taraba-stratil-kontakt-s-realitou\/#breadcrumb"},"inLanguage":"sv-SE","potentialAction":[{"@type":"ReadAction","target":["https:\/\/www.smedemokrati.sk\/nie-bruselski-byrokrati-ale-taraba-stratil-kontakt-s-realitou\/"]}]},{"@type":"ImageObject","inLanguage":"sv-SE","@id":"https:\/\/www.smedemokrati.sk\/nie-bruselski-byrokrati-ale-taraba-stratil-kontakt-s-realitou\/#primaryimage","url":"https:\/\/www.smedemokrati.sk\/wp-content\/uploads\/2024\/03\/robert-fico-tomas-taraba-clanokW-1.jpg","contentUrl":"https:\/\/www.smedemokrati.sk\/wp-content\/uploads\/2024\/03\/robert-fico-tomas-taraba-clanokW-1.jpg","width":800,"height":448},{"@type":"BreadcrumbList","@id":"https:\/\/www.smedemokrati.sk\/nie-bruselski-byrokrati-ale-taraba-stratil-kontakt-s-realitou\/#breadcrumb","itemListElement":[{"@type":"ListItem","position":1,"name":"Domovsk\u00e1 str\u00e1nka","item":"https:\/\/www.smedemokrati.sk\/"},{"@type":"ListItem","position":2,"name":"Nie &#8222;Bruselsk\u00ed byrokrati&#8220;, ale Taraba stratil kontakt s realitou"}]},{"@type":"WebSite","@id":"https:\/\/www.smedemokrati.sk\/#website","url":"https:\/\/www.smedemokrati.sk\/","name":"Smedemokrati.sk","description":"Demokracia a slu\u0161nos\u0165 zv\u00ed\u0165az\u00ed","publisher":{"@id":"https:\/\/www.smedemokrati.sk\/#organization"},"potentialAction":[{"@type":"SearchAction","target":{"@type":"EntryPoint","urlTemplate":"https:\/\/www.smedemokrati.sk\/?s={search_term_string}"},"query-input":{"@type":"PropertyValueSpecification","valueRequired":true,"valueName":"search_term_string"}}],"inLanguage":"sv-SE"},{"@type":"Organization","@id":"https:\/\/www.smedemokrati.sk\/#organization","name":"Smedemokrati.sk","url":"https:\/\/www.smedemokrati.sk\/","logo":{"@type":"ImageObject","inLanguage":"sv-SE","@id":"https:\/\/www.smedemokrati.sk\/#\/schema\/logo\/image\/","url":"https:\/\/www.smedemokrati.sk\/wp-content\/uploads\/2023\/04\/ff.002.jpeg","contentUrl":"https:\/\/www.smedemokrati.sk\/wp-content\/uploads\/2023\/04\/ff.002.jpeg","width":640,"height":480,"caption":"Smedemokrati.sk"},"image":{"@id":"https:\/\/www.smedemokrati.sk\/#\/schema\/logo\/image\/"},"sameAs":["https:\/\/www.facebook.com\/smedemokrati2023"]},{"@type":"Person","@id":"https:\/\/www.smedemokrati.sk\/#\/schema\/person\/21f147c88d605aa7ded900e1e7c344ba","name":"miro.sopko","image":{"@type":"ImageObject","inLanguage":"sv-SE","@id":"https:\/\/secure.gravatar.com\/avatar\/267e4a36f704376c109afe3a78740c1f5dd8675a2180a908699e7863c9247606?s=96&d=mm&r=g","url":"https:\/\/secure.gravatar.com\/avatar\/267e4a36f704376c109afe3a78740c1f5dd8675a2180a908699e7863c9247606?s=96&d=mm&r=g","contentUrl":"https:\/\/secure.gravatar.com\/avatar\/267e4a36f704376c109afe3a78740c1f5dd8675a2180a908699e7863c9247606?s=96&d=mm&r=g","caption":"miro.sopko"},"url":"https:\/\/www.smedemokrati.sk\/sv\/author\/miro-sopko\/"}]}},"_links":{"self":[{"href":"https:\/\/www.smedemokrati.sk\/sv\/wp-json\/wp\/v2\/posts\/7664","targetHints":{"allow":["GET"]}}],"collection":[{"href":"https:\/\/www.smedemokrati.sk\/sv\/wp-json\/wp\/v2\/posts"}],"about":[{"href":"https:\/\/www.smedemokrati.sk\/sv\/wp-json\/wp\/v2\/types\/post"}],"author":[{"embeddable":true,"href":"https:\/\/www.smedemokrati.sk\/sv\/wp-json\/wp\/v2\/users\/13"}],"replies":[{"embeddable":true,"href":"https:\/\/www.smedemokrati.sk\/sv\/wp-json\/wp\/v2\/comments?post=7664"}],"version-history":[{"count":1,"href":"https:\/\/www.smedemokrati.sk\/sv\/wp-json\/wp\/v2\/posts\/7664\/revisions"}],"predecessor-version":[{"id":7665,"href":"https:\/\/www.smedemokrati.sk\/sv\/wp-json\/wp\/v2\/posts\/7664\/revisions\/7665"}],"wp:featuredmedia":[{"embeddable":true,"href":"https:\/\/www.smedemokrati.sk\/sv\/wp-json\/wp\/v2\/media\/2931"}],"wp:attachment":[{"href":"https:\/\/www.smedemokrati.sk\/sv\/wp-json\/wp\/v2\/media?parent=7664"}],"wp:term":[{"taxonomy":"category","embeddable":true,"href":"https:\/\/www.smedemokrati.sk\/sv\/wp-json\/wp\/v2\/categories?post=7664"},{"taxonomy":"post_tag","embeddable":true,"href":"https:\/\/www.smedemokrati.sk\/sv\/wp-json\/wp\/v2\/tags?post=7664"}],"curies":[{"name":"wp","href":"https:\/\/api.w.org\/{rel}","templated":true}]}}