{"id":7637,"date":"2025-06-28T12:55:00","date_gmt":"2025-06-28T11:55:00","guid":{"rendered":"https:\/\/www.smedemokrati.sk\/?p=7637"},"modified":"2025-06-28T12:55:32","modified_gmt":"2025-06-28T11:55:32","slug":"vyvraciame-tarabove-klamstva-o-gabcikove","status":"publish","type":"post","link":"https:\/\/www.smedemokrati.sk\/sv\/vyvraciame-tarabove-klamstva-o-gabcikove\/","title":{"rendered":"Vyvraciame Tarabov\u00e9 klamstv\u00e1 o Gab\u010d\u00edkove"},"content":{"rendered":"<div id=\"fb-root\"><\/div>\n\n<p><strong>Reagujeme na ned\u00e1vne tvrdenia ministra \u017eivotn\u00e9ho prostredia Tom\u00e1\u0161a\u202fTarabu, ktor\u00fd sa sna\u017e\u00ed ob\u010danov oklama\u0165, \u017ee Slovensko je zaviazan\u00e9 odovzd\u00e1va\u0165 elektrinu Ma\u010farsku. Odvol\u00e1va sa na s\u00fad Haagu, ale ten vo svojom rozsudku ni\u010d tak\u00e9 netvrd\u00ed &#8211; jeho z\u00e1verom je, aby strany rokovali v dobrej viere. Robert Fico s Tom\u00e1\u0161 Tarabom vedome \u0161kodia energetick\u00fdm z\u00e1ujmom Slovenska a m\u00f4\u017eeme v\u010faka ich zl\u00fdm rozhodnutiam pr\u00eds\u0165 o 880 mil. eur len za 10 rokov, ke\u010f\u017ee energiu chc\u00fa Fico s Tarabom pred\u00e1va\u0165 Orb\u00e1novi za v\u00fdrobn\u00e9 n\u00e1klady.<\/strong><\/p>\n\n\n\n<p>\u201e<em>Minister Taraba si vytvoril fikt\u00edvnu realitu, v ktorej Ma\u010farsko splnilo svoj z\u00e1v\u00e4zok a dostavalo na svojej strane vodn\u00e9 dielo Nagymaros. To sa v\u0161ak nikdy neudialo, a t\u00fdm p\u00e1dom je absol\u00fatne scestn\u00e9, aby Fico s Tarabom dali do vienka Orb\u00e1novi tak\u00fdto dar, a to do 50 % elektriny z Gab\u010d\u00edkova za v\u00fdrobn\u00e9 n\u00e1klady,<\/em>&#8221; hovor\u00ed Michal Ki\u010da, enviroexpert strany.<\/p>\n\n\n\n<p>Rokovania ministra Tarabu s Ma\u010farskom prebiehaj\u00fa v tajnosti. Nez\u00fa\u010dast\u0148uj\u00fa sa ich k\u013e\u00fa\u010dov\u00e9 rezorty ako ministerstvo financi\u00ed \u010di hospod\u00e1rstva. Pri\u010dom ide o v\u00fdznamn\u00fa t\u00e9mu, ktor\u00e1 sa \u00fazko dot\u00fdka verejn\u00e9ho z\u00e1ujmu. Treba zd\u00f4razni\u0165, \u017ee v\u00fdrobn\u00e1 cena elektriny z Gab\u010d\u00edkova je pribli\u017ene 30\u202fEUR\/MWh, pri\u010dom aktu\u00e1lna trhov\u00e1 cena dosahuje 110\u202fEUR\/MWh. Ak by bola polovica vyrobenej elektriny poskytovan\u00e1 za v\u00fdrobn\u00e9 n\u00e1klady, znamenalo by to ro\u010dne pribli\u017ene 33\u202fmil. eur straty pre \u0161t\u00e1tny rozpo\u010det, resp. 880\u202fmil. EUR za desa\u0165 rokov.<\/p>\n\n\n\n<p>V doteraj\u0161\u00edch rokovaniach za cel\u00e9 dek\u00e1dy tak\u00e1to \u0161kandal\u00f3zna po\u017eiadavka nepadla. Pripom\u00edname, \u017ee spor v Haagu je skon\u010den\u00fd a na rokovania nie je ur\u010den\u00e1 \u017eiadna lehota. Tarabove tvrdenia o hrozbe \u010fal\u0161ieho s\u00fadu, ak sa nedohodneme, s\u00fa imagin\u00e1rne. \u010eal\u0161\u00ed nonsens je, \u017ee ak pr\u00edde k takejto dohode, tak \u017eiadna vl\u00e1da u\u017e toto rozhodnutie nezvr\u00e1ti.&nbsp;Garantovan\u00e9 v\u00fdkupn\u00e9 ceny energi\u00ed m\u00f4\u017eu by\u0165 \u010falej v rozpore s eur\u00f3pskymi pravidlami energetick\u00e9ho trhu.<\/p>\n\n\n\n<p>\u201e<em>Taraba sa zbyto\u010dne odvol\u00e1va na rozhodnutie s\u00fadu v Haagu, ktor\u00e9 neobsahuje absol\u00fatne ni\u010d o tom, \u017ee by Slovensko malo Ma\u010farsku zabezpe\u010di\u0165 50 % energie\u00a0a u\u017e v\u00f4bec nie za v\u00fdrobn\u00e9 ceny. Ide o \u010fal\u0161iu podl\u00fa lo\u017e a hru na voli\u010dov koal\u00edcie, ktor\u00ed sa bud\u00fa sklada\u0165 na lacn\u00e9 energie Ma\u010farom, miesto toho, aby vl\u00e1da konala v ich prospech,<\/em>&#8221; dop\u013a\u0148a Juraj \u0160eliga, podpredseda strany.<\/p>\n\n\n\n<p>Aj M\u00e1linec, ktor\u00fd Slovensko nepotrebuje, ale sl\u00fa\u017eil by prim\u00e1rne ma\u010farskej energetickej s\u00fastave, chce Taraba financova\u0165 z v\u00fdnosov Gab\u010d\u00edkova. Z\u00e1sadn\u00fd probl\u00e9m vid\u00edme teda v tom, \u017ee vo v\u00fdsledku by Slovensko na seba naviazalo v\u0161etky n\u00e1klady a rizik\u00e1, no a Ma\u010farsko bude u\u017e\u00edva\u0165 ovocie v podobe lacnej zelenej energie.<\/p>\n\n\n\n<p>\u201e<em>S Viktorom Orb\u00e1nom som viedol r\u00f4zne rokovania ako predseda vl\u00e1dy aj v \u010dase energetickej kr\u00edzy. Za cel\u00fa dobu nikdy nepolo\u017eil na st\u00f4l po\u017eiadavku na lacn\u00e9 energie z Gab\u010d\u00edkova v objeme 50 % produkcie. Pre\u010do pr\u00e1ve teraz? \u017de by skuto\u010dn\u00fdm mot\u00edvom boli nadch\u00e1dzaj\u00face vo\u013eby a Orb\u00e1n potrebuje siln\u00fa kartu do r\u00fak, aby sa udr\u017eal pri moci? My dostaneme \u010cierneho Petra, hlavne aby Fico udr\u017eal svojho jedin\u00e9ho prokreme\u013esk\u00e9ho partnera v hre<\/em>&#8221;, zd\u00f4raz\u0148uje Eduard Heger.<\/p>\n\n\n\n<p>Demokrati opakovane vyz\u00fdvaj\u00fa na odtajnenie rokovan\u00ed a ich ukon\u010denie a\u017e po vo\u013eb\u00e1ch v obidvoch krajin\u00e1ch. Inak nebude ma\u0165 tak\u00e9to k\u013e\u00fa\u010dov\u00e9 rozhodnutie presahuj\u00face dek\u00e1dy legitimitu a m\u00f4\u017ee vz\u0165ahy medzi oboma n\u00e1rodmi len zjatri\u0165.&nbsp;<\/p>\n\n\n<div class=\"fb-video\" data-href=\"https:\/\/www.facebook.com\/smedemokrati2023\/videos\/1397235388177390\" data-allowfullscreen=\"true\" data-autoplay=\"false\" data-width=\"\" data-show-text=\"false\" data-show-captions=\"true\"><\/div>\n","protected":false},"excerpt":{"rendered":"<p>Reagujeme na ned\u00e1vne tvrdenia ministra \u017eivotn\u00e9ho prostredia Tom\u00e1\u0161a\u202fTarabu, ktor\u00fd sa sna\u017e\u00ed ob\u010danov oklama\u0165, \u017ee Slovensko je zaviazan\u00e9 odovzd\u00e1va\u0165 elektrinu Ma\u010farsku. Odvol\u00e1va sa na s\u00fad Haagu, ale ten vo svojom rozsudku ni\u010d tak\u00e9 netvrd\u00ed &#8211; jeho z\u00e1verom je, aby strany rokovali v dobrej viere. Robert Fico s Tom\u00e1\u0161 Tarabom vedome \u0161kodia energetick\u00fdm z\u00e1ujmom Slovenska a m\u00f4\u017eeme [&hellip;]<\/p>\n","protected":false},"author":13,"featured_media":7638,"comment_status":"closed","ping_status":"closed","sticky":false,"template":"","format":"standard","meta":{"_acf_changed":false,"ngg_post_thumbnail":0,"footnotes":""},"categories":[4],"tags":[],"class_list":["post-7637","post","type-post","status-publish","format-standard","has-post-thumbnail","hentry","category-tlacove-spravy"],"acf":[],"yoast_head":"<!-- This site is optimized with the Yoast SEO plugin v27.2 - https:\/\/yoast.com\/product\/yoast-seo-wordpress\/ -->\n<title>Vyvraciame Tarabov\u00e9 klamstv\u00e1 o Gab\u010d\u00edkove<\/title>\n<meta name=\"robots\" content=\"index, follow, max-snippet:-1, max-image-preview:large, max-video-preview:-1\" \/>\n<link rel=\"canonical\" href=\"https:\/\/www.smedemokrati.sk\/sv\/vyvraciame-tarabove-klamstva-o-gabcikove\/\" \/>\n<meta property=\"og:locale\" content=\"sv_SE\" \/>\n<meta property=\"og:locale:alternate\" content=\"en_US\" \/>\n<meta property=\"og:locale:alternate\" content=\"cs_CZ\" \/>\n<meta property=\"og:locale:alternate\" content=\"hu_HU\" \/>\n<meta property=\"og:locale:alternate\" content=\"sk_SK\" \/>\n<meta property=\"og:type\" content=\"article\" \/>\n<meta property=\"og:title\" content=\"Vyvraciame Tarabov\u00e9 klamstv\u00e1 o Gab\u010d\u00edkove\" \/>\n<meta property=\"og:description\" content=\"Reagujeme na ned\u00e1vne tvrdenia ministra \u017eivotn\u00e9ho prostredia Tom\u00e1\u0161a\u202fTarabu, ktor\u00fd sa sna\u017e\u00ed ob\u010danov oklama\u0165, \u017ee Slovensko je zaviazan\u00e9 odovzd\u00e1va\u0165 elektrinu Ma\u010farsku. Odvol\u00e1va sa na s\u00fad Haagu, ale ten vo svojom rozsudku ni\u010d tak\u00e9 netvrd\u00ed &#8211; jeho z\u00e1verom je, aby strany rokovali v dobrej viere. Robert Fico s Tom\u00e1\u0161 Tarabom vedome \u0161kodia energetick\u00fdm z\u00e1ujmom Slovenska a m\u00f4\u017eeme [&hellip;]\" \/>\n<meta property=\"og:url\" content=\"https:\/\/www.smedemokrati.sk\/sv\/vyvraciame-tarabove-klamstva-o-gabcikove\/\" \/>\n<meta property=\"og:site_name\" content=\"Smedemokrati.sk\" \/>\n<meta property=\"article:publisher\" content=\"https:\/\/www.facebook.com\/smedemokrati2023\" \/>\n<meta property=\"article:published_time\" content=\"2025-06-28T11:55:00+00:00\" \/>\n<meta property=\"article:modified_time\" content=\"2025-06-28T11:55:32+00:00\" \/>\n<meta property=\"og:image\" content=\"https:\/\/www.smedemokrati.sk\/wp-content\/uploads\/2025\/06\/gabcikovo.jpg\" \/>\n\t<meta property=\"og:image:width\" content=\"1457\" \/>\n\t<meta property=\"og:image:height\" content=\"820\" \/>\n\t<meta property=\"og:image:type\" content=\"image\/jpeg\" \/>\n<meta name=\"author\" content=\"miro.sopko\" \/>\n<meta name=\"twitter:card\" content=\"summary_large_image\" \/>\n<meta name=\"twitter:label1\" content=\"Skriven av\" \/>\n\t<meta name=\"twitter:data1\" content=\"miro.sopko\" \/>\n\t<meta name=\"twitter:label2\" content=\"Ber\u00e4knad l\u00e4stid\" \/>\n\t<meta name=\"twitter:data2\" content=\"3 minuter\" \/>\n<script type=\"application\/ld+json\" class=\"yoast-schema-graph\">{\"@context\":\"https:\/\/schema.org\",\"@graph\":[{\"@type\":\"Article\",\"@id\":\"https:\/\/www.smedemokrati.sk\/vyvraciame-tarabove-klamstva-o-gabcikove\/#article\",\"isPartOf\":{\"@id\":\"https:\/\/www.smedemokrati.sk\/vyvraciame-tarabove-klamstva-o-gabcikove\/\"},\"author\":{\"name\":\"miro.sopko\",\"@id\":\"https:\/\/www.smedemokrati.sk\/#\/schema\/person\/21f147c88d605aa7ded900e1e7c344ba\"},\"headline\":\"Vyvraciame Tarabov\u00e9 klamstv\u00e1 o Gab\u010d\u00edkove\",\"datePublished\":\"2025-06-28T11:55:00+00:00\",\"dateModified\":\"2025-06-28T11:55:32+00:00\",\"mainEntityOfPage\":{\"@id\":\"https:\/\/www.smedemokrati.sk\/vyvraciame-tarabove-klamstva-o-gabcikove\/\"},\"wordCount\":644,\"publisher\":{\"@id\":\"https:\/\/www.smedemokrati.sk\/#organization\"},\"image\":{\"@id\":\"https:\/\/www.smedemokrati.sk\/vyvraciame-tarabove-klamstva-o-gabcikove\/#primaryimage\"},\"thumbnailUrl\":\"https:\/\/www.smedemokrati.sk\/wp-content\/uploads\/2025\/06\/gabcikovo.jpg\",\"articleSection\":[\"Tla\u010dov\u00e9 spr\u00e1vy\"],\"inLanguage\":\"sv-SE\"},{\"@type\":\"WebPage\",\"@id\":\"https:\/\/www.smedemokrati.sk\/vyvraciame-tarabove-klamstva-o-gabcikove\/\",\"url\":\"https:\/\/www.smedemokrati.sk\/vyvraciame-tarabove-klamstva-o-gabcikove\/\",\"name\":\"Vyvraciame Tarabov\u00e9 klamstv\u00e1 o Gab\u010d\u00edkove\",\"isPartOf\":{\"@id\":\"https:\/\/www.smedemokrati.sk\/#website\"},\"primaryImageOfPage\":{\"@id\":\"https:\/\/www.smedemokrati.sk\/vyvraciame-tarabove-klamstva-o-gabcikove\/#primaryimage\"},\"image\":{\"@id\":\"https:\/\/www.smedemokrati.sk\/vyvraciame-tarabove-klamstva-o-gabcikove\/#primaryimage\"},\"thumbnailUrl\":\"https:\/\/www.smedemokrati.sk\/wp-content\/uploads\/2025\/06\/gabcikovo.jpg\",\"datePublished\":\"2025-06-28T11:55:00+00:00\",\"dateModified\":\"2025-06-28T11:55:32+00:00\",\"breadcrumb\":{\"@id\":\"https:\/\/www.smedemokrati.sk\/vyvraciame-tarabove-klamstva-o-gabcikove\/#breadcrumb\"},\"inLanguage\":\"sv-SE\",\"potentialAction\":[{\"@type\":\"ReadAction\",\"target\":[\"https:\/\/www.smedemokrati.sk\/vyvraciame-tarabove-klamstva-o-gabcikove\/\"]}]},{\"@type\":\"ImageObject\",\"inLanguage\":\"sv-SE\",\"@id\":\"https:\/\/www.smedemokrati.sk\/vyvraciame-tarabove-klamstva-o-gabcikove\/#primaryimage\",\"url\":\"https:\/\/www.smedemokrati.sk\/wp-content\/uploads\/2025\/06\/gabcikovo.jpg\",\"contentUrl\":\"https:\/\/www.smedemokrati.sk\/wp-content\/uploads\/2025\/06\/gabcikovo.jpg\",\"width\":1457,\"height\":820},{\"@type\":\"BreadcrumbList\",\"@id\":\"https:\/\/www.smedemokrati.sk\/vyvraciame-tarabove-klamstva-o-gabcikove\/#breadcrumb\",\"itemListElement\":[{\"@type\":\"ListItem\",\"position\":1,\"name\":\"Domovsk\u00e1 str\u00e1nka\",\"item\":\"https:\/\/www.smedemokrati.sk\/\"},{\"@type\":\"ListItem\",\"position\":2,\"name\":\"Vyvraciame Tarabov\u00e9 klamstv\u00e1 o Gab\u010d\u00edkove\"}]},{\"@type\":\"WebSite\",\"@id\":\"https:\/\/www.smedemokrati.sk\/#website\",\"url\":\"https:\/\/www.smedemokrati.sk\/\",\"name\":\"Smedemokrati.sk\",\"description\":\"Demokracia a slu\u0161nos\u0165 zv\u00ed\u0165az\u00ed\",\"publisher\":{\"@id\":\"https:\/\/www.smedemokrati.sk\/#organization\"},\"potentialAction\":[{\"@type\":\"SearchAction\",\"target\":{\"@type\":\"EntryPoint\",\"urlTemplate\":\"https:\/\/www.smedemokrati.sk\/?s={search_term_string}\"},\"query-input\":{\"@type\":\"PropertyValueSpecification\",\"valueRequired\":true,\"valueName\":\"search_term_string\"}}],\"inLanguage\":\"sv-SE\"},{\"@type\":\"Organization\",\"@id\":\"https:\/\/www.smedemokrati.sk\/#organization\",\"name\":\"Smedemokrati.sk\",\"url\":\"https:\/\/www.smedemokrati.sk\/\",\"logo\":{\"@type\":\"ImageObject\",\"inLanguage\":\"sv-SE\",\"@id\":\"https:\/\/www.smedemokrati.sk\/#\/schema\/logo\/image\/\",\"url\":\"https:\/\/www.smedemokrati.sk\/wp-content\/uploads\/2023\/04\/ff.002.jpeg\",\"contentUrl\":\"https:\/\/www.smedemokrati.sk\/wp-content\/uploads\/2023\/04\/ff.002.jpeg\",\"width\":640,\"height\":480,\"caption\":\"Smedemokrati.sk\"},\"image\":{\"@id\":\"https:\/\/www.smedemokrati.sk\/#\/schema\/logo\/image\/\"},\"sameAs\":[\"https:\/\/www.facebook.com\/smedemokrati2023\"]},{\"@type\":\"Person\",\"@id\":\"https:\/\/www.smedemokrati.sk\/#\/schema\/person\/21f147c88d605aa7ded900e1e7c344ba\",\"name\":\"miro.sopko\",\"image\":{\"@type\":\"ImageObject\",\"inLanguage\":\"sv-SE\",\"@id\":\"https:\/\/secure.gravatar.com\/avatar\/267e4a36f704376c109afe3a78740c1f5dd8675a2180a908699e7863c9247606?s=96&d=mm&r=g\",\"url\":\"https:\/\/secure.gravatar.com\/avatar\/267e4a36f704376c109afe3a78740c1f5dd8675a2180a908699e7863c9247606?s=96&d=mm&r=g\",\"contentUrl\":\"https:\/\/secure.gravatar.com\/avatar\/267e4a36f704376c109afe3a78740c1f5dd8675a2180a908699e7863c9247606?s=96&d=mm&r=g\",\"caption\":\"miro.sopko\"},\"url\":\"https:\/\/www.smedemokrati.sk\/sv\/author\/miro-sopko\/\"}]}<\/script>\n<!-- \/ Yoast SEO plugin. -->","yoast_head_json":{"title":"Vyvraciame Tarabov\u00e9 klamstv\u00e1 o Gab\u010d\u00edkove","robots":{"index":"index","follow":"follow","max-snippet":"max-snippet:-1","max-image-preview":"max-image-preview:large","max-video-preview":"max-video-preview:-1"},"canonical":"https:\/\/www.smedemokrati.sk\/sv\/vyvraciame-tarabove-klamstva-o-gabcikove\/","og_locale":"sv_SE","og_type":"article","og_title":"[:sk]Vyvraciame Tarabov\u00e9 klamstv\u00e1 o Gab\u010d\u00edkove[:] - Smedemokrati.sk","og_description":"Reagujeme na ned\u00e1vne tvrdenia ministra \u017eivotn\u00e9ho prostredia Tom\u00e1\u0161a\u202fTarabu, ktor\u00fd sa sna\u017e\u00ed ob\u010danov oklama\u0165, \u017ee Slovensko je zaviazan\u00e9 odovzd\u00e1va\u0165 elektrinu Ma\u010farsku. Odvol\u00e1va sa na s\u00fad Haagu, ale ten vo svojom rozsudku ni\u010d tak\u00e9 netvrd\u00ed &#8211; jeho z\u00e1verom je, aby strany rokovali v dobrej viere. Robert Fico s Tom\u00e1\u0161 Tarabom vedome \u0161kodia energetick\u00fdm z\u00e1ujmom Slovenska a m\u00f4\u017eeme [&hellip;]","og_url":"https:\/\/www.smedemokrati.sk\/sv\/vyvraciame-tarabove-klamstva-o-gabcikove\/","og_site_name":"Smedemokrati.sk","article_publisher":"https:\/\/www.facebook.com\/smedemokrati2023","article_published_time":"2025-06-28T11:55:00+00:00","article_modified_time":"2025-06-28T11:55:32+00:00","og_image":[{"width":1457,"height":820,"url":"https:\/\/www.smedemokrati.sk\/wp-content\/uploads\/2025\/06\/gabcikovo.jpg","type":"image\/jpeg"}],"author":"miro.sopko","twitter_card":"summary_large_image","twitter_misc":{"Skriven av":"miro.sopko","Ber\u00e4knad l\u00e4stid":"3 minuter"},"schema":{"@context":"https:\/\/schema.org","@graph":[{"@type":"Article","@id":"https:\/\/www.smedemokrati.sk\/vyvraciame-tarabove-klamstva-o-gabcikove\/#article","isPartOf":{"@id":"https:\/\/www.smedemokrati.sk\/vyvraciame-tarabove-klamstva-o-gabcikove\/"},"author":{"name":"miro.sopko","@id":"https:\/\/www.smedemokrati.sk\/#\/schema\/person\/21f147c88d605aa7ded900e1e7c344ba"},"headline":"Vyvraciame Tarabov\u00e9 klamstv\u00e1 o Gab\u010d\u00edkove","datePublished":"2025-06-28T11:55:00+00:00","dateModified":"2025-06-28T11:55:32+00:00","mainEntityOfPage":{"@id":"https:\/\/www.smedemokrati.sk\/vyvraciame-tarabove-klamstva-o-gabcikove\/"},"wordCount":644,"publisher":{"@id":"https:\/\/www.smedemokrati.sk\/#organization"},"image":{"@id":"https:\/\/www.smedemokrati.sk\/vyvraciame-tarabove-klamstva-o-gabcikove\/#primaryimage"},"thumbnailUrl":"https:\/\/www.smedemokrati.sk\/wp-content\/uploads\/2025\/06\/gabcikovo.jpg","articleSection":["Tla\u010dov\u00e9 spr\u00e1vy"],"inLanguage":"sv-SE"},{"@type":"WebPage","@id":"https:\/\/www.smedemokrati.sk\/vyvraciame-tarabove-klamstva-o-gabcikove\/","url":"https:\/\/www.smedemokrati.sk\/vyvraciame-tarabove-klamstva-o-gabcikove\/","name":"Vyvraciame Tarabov\u00e9 klamstv\u00e1 o Gab\u010d\u00edkove","isPartOf":{"@id":"https:\/\/www.smedemokrati.sk\/#website"},"primaryImageOfPage":{"@id":"https:\/\/www.smedemokrati.sk\/vyvraciame-tarabove-klamstva-o-gabcikove\/#primaryimage"},"image":{"@id":"https:\/\/www.smedemokrati.sk\/vyvraciame-tarabove-klamstva-o-gabcikove\/#primaryimage"},"thumbnailUrl":"https:\/\/www.smedemokrati.sk\/wp-content\/uploads\/2025\/06\/gabcikovo.jpg","datePublished":"2025-06-28T11:55:00+00:00","dateModified":"2025-06-28T11:55:32+00:00","breadcrumb":{"@id":"https:\/\/www.smedemokrati.sk\/vyvraciame-tarabove-klamstva-o-gabcikove\/#breadcrumb"},"inLanguage":"sv-SE","potentialAction":[{"@type":"ReadAction","target":["https:\/\/www.smedemokrati.sk\/vyvraciame-tarabove-klamstva-o-gabcikove\/"]}]},{"@type":"ImageObject","inLanguage":"sv-SE","@id":"https:\/\/www.smedemokrati.sk\/vyvraciame-tarabove-klamstva-o-gabcikove\/#primaryimage","url":"https:\/\/www.smedemokrati.sk\/wp-content\/uploads\/2025\/06\/gabcikovo.jpg","contentUrl":"https:\/\/www.smedemokrati.sk\/wp-content\/uploads\/2025\/06\/gabcikovo.jpg","width":1457,"height":820},{"@type":"BreadcrumbList","@id":"https:\/\/www.smedemokrati.sk\/vyvraciame-tarabove-klamstva-o-gabcikove\/#breadcrumb","itemListElement":[{"@type":"ListItem","position":1,"name":"Domovsk\u00e1 str\u00e1nka","item":"https:\/\/www.smedemokrati.sk\/"},{"@type":"ListItem","position":2,"name":"Vyvraciame Tarabov\u00e9 klamstv\u00e1 o Gab\u010d\u00edkove"}]},{"@type":"WebSite","@id":"https:\/\/www.smedemokrati.sk\/#website","url":"https:\/\/www.smedemokrati.sk\/","name":"Smedemokrati.sk","description":"Demokracia a slu\u0161nos\u0165 zv\u00ed\u0165az\u00ed","publisher":{"@id":"https:\/\/www.smedemokrati.sk\/#organization"},"potentialAction":[{"@type":"SearchAction","target":{"@type":"EntryPoint","urlTemplate":"https:\/\/www.smedemokrati.sk\/?s={search_term_string}"},"query-input":{"@type":"PropertyValueSpecification","valueRequired":true,"valueName":"search_term_string"}}],"inLanguage":"sv-SE"},{"@type":"Organization","@id":"https:\/\/www.smedemokrati.sk\/#organization","name":"Smedemokrati.sk","url":"https:\/\/www.smedemokrati.sk\/","logo":{"@type":"ImageObject","inLanguage":"sv-SE","@id":"https:\/\/www.smedemokrati.sk\/#\/schema\/logo\/image\/","url":"https:\/\/www.smedemokrati.sk\/wp-content\/uploads\/2023\/04\/ff.002.jpeg","contentUrl":"https:\/\/www.smedemokrati.sk\/wp-content\/uploads\/2023\/04\/ff.002.jpeg","width":640,"height":480,"caption":"Smedemokrati.sk"},"image":{"@id":"https:\/\/www.smedemokrati.sk\/#\/schema\/logo\/image\/"},"sameAs":["https:\/\/www.facebook.com\/smedemokrati2023"]},{"@type":"Person","@id":"https:\/\/www.smedemokrati.sk\/#\/schema\/person\/21f147c88d605aa7ded900e1e7c344ba","name":"miro.sopko","image":{"@type":"ImageObject","inLanguage":"sv-SE","@id":"https:\/\/secure.gravatar.com\/avatar\/267e4a36f704376c109afe3a78740c1f5dd8675a2180a908699e7863c9247606?s=96&d=mm&r=g","url":"https:\/\/secure.gravatar.com\/avatar\/267e4a36f704376c109afe3a78740c1f5dd8675a2180a908699e7863c9247606?s=96&d=mm&r=g","contentUrl":"https:\/\/secure.gravatar.com\/avatar\/267e4a36f704376c109afe3a78740c1f5dd8675a2180a908699e7863c9247606?s=96&d=mm&r=g","caption":"miro.sopko"},"url":"https:\/\/www.smedemokrati.sk\/sv\/author\/miro-sopko\/"}]}},"_links":{"self":[{"href":"https:\/\/www.smedemokrati.sk\/sv\/wp-json\/wp\/v2\/posts\/7637","targetHints":{"allow":["GET"]}}],"collection":[{"href":"https:\/\/www.smedemokrati.sk\/sv\/wp-json\/wp\/v2\/posts"}],"about":[{"href":"https:\/\/www.smedemokrati.sk\/sv\/wp-json\/wp\/v2\/types\/post"}],"author":[{"embeddable":true,"href":"https:\/\/www.smedemokrati.sk\/sv\/wp-json\/wp\/v2\/users\/13"}],"replies":[{"embeddable":true,"href":"https:\/\/www.smedemokrati.sk\/sv\/wp-json\/wp\/v2\/comments?post=7637"}],"version-history":[{"count":2,"href":"https:\/\/www.smedemokrati.sk\/sv\/wp-json\/wp\/v2\/posts\/7637\/revisions"}],"predecessor-version":[{"id":7640,"href":"https:\/\/www.smedemokrati.sk\/sv\/wp-json\/wp\/v2\/posts\/7637\/revisions\/7640"}],"wp:featuredmedia":[{"embeddable":true,"href":"https:\/\/www.smedemokrati.sk\/sv\/wp-json\/wp\/v2\/media\/7638"}],"wp:attachment":[{"href":"https:\/\/www.smedemokrati.sk\/sv\/wp-json\/wp\/v2\/media?parent=7637"}],"wp:term":[{"taxonomy":"category","embeddable":true,"href":"https:\/\/www.smedemokrati.sk\/sv\/wp-json\/wp\/v2\/categories?post=7637"},{"taxonomy":"post_tag","embeddable":true,"href":"https:\/\/www.smedemokrati.sk\/sv\/wp-json\/wp\/v2\/tags?post=7637"}],"curies":[{"name":"wp","href":"https:\/\/api.w.org\/{rel}","templated":true}]}}