{"id":7627,"date":"2025-06-26T12:11:38","date_gmt":"2025-06-26T11:11:38","guid":{"rendered":"https:\/\/www.smedemokrati.sk\/?p=7627"},"modified":"2025-06-26T12:11:38","modified_gmt":"2025-06-26T11:11:38","slug":"minister-tomas-sa-chvali-uspechmi-no-ludia-stracaju-pracu","status":"publish","type":"post","link":"https:\/\/www.smedemokrati.sk\/sv\/minister-tomas-sa-chvali-uspechmi-no-ludia-stracaju-pracu\/","title":{"rendered":"Minister Tom\u00e1\u0161 sa chv\u00e1li \u00faspechmi, no \u013eudia str\u00e1caj\u00fa pr\u00e1cu"},"content":{"rendered":"<div id=\"fb-root\"><\/div>\n\n<p><strong>Minister pr\u00e1ce Erik Tom\u00e1\u0161 sa na tla\u010dovej konferencii s premi\u00e9rom pochv\u00e1lil historicky najni\u017e\u0161ou nezamestnanos\u0165ou, \u00faspe\u0161nou politikou trhu pr\u00e1ce, projektom \u201ePr\u00e1ca namiesto d\u00e1vok\u201c a zapojen\u00edm soci\u00e1lnych podnikov. Demokrati v\u0161ak upozor\u0148uj\u00fa, \u017ee realita na trhu pr\u00e1ce je diametr\u00e1lne odli\u0161n\u00e1: pracovn\u00fdch pon\u00fak ub\u00fada, nezamestnanos\u0165 st\u00fapa a repres\u00edvne opatrenia vo\u010di \u013eu\u010fom v n\u00fadzi prehlbuj\u00fa chudobu.<\/strong><\/p>\n\n\n\n<p>V m\u00e1ji 2025 po prv\u00fdkr\u00e1t pribudlo do evidencie nezamestnan\u00fdch viac \u013eud\u00ed, ako z nej odi\u0161lo. Po\u010det pracovn\u00fdch pon\u00fak na trhu pr\u00e1ce klesol medziro\u010dne o 13 %, o\u010dak\u00e1va sa prepad a\u017e o 20 %. N\u00e1rodn\u00e1 banka Slovenska a Rada pre rozpo\u010dtov\u00fa zodpovednos\u0165 vydali negat\u00edvnu progn\u00f3zu zamestnanosti \u2013 ekonomika spoma\u013euje, a to aj v d\u00f4sledku vl\u00e1dnej konsolid\u00e1cie cez zvy\u0161ovanie da\u0148ov\u00e9ho za\u0165a\u017eenia.<\/p>\n\n\n\n<p>\u201eMinister Tom\u00e1\u0161 sa chv\u00e1li rekordmi, no ignoruje realitu: podniky obmedzuj\u00fa n\u00e1bor, mlad\u00ed sa nevedia zamestna\u0165 a absolventov \u010dak\u00e1 tvrd\u00fd n\u00e1raz. Politika aktiv\u00e1cie je len papierov\u00e1 \u2013 bez pracovn\u00fdch miest ide len o falo\u0161n\u00fd marketingov\u00fd produkt. A repres\u00edvny projekt Pr\u00e1ca namiesto d\u00e1vok v skuto\u010dnosti trest\u00e1 \u013eud\u00ed za to, \u017ee nemaj\u00fa kam nast\u00fapi\u0165,\u201c uviedla Nat\u00e1lia Blahov\u00e1, expertka Demokratov pre soci\u00e1lne veci a \u013eudsk\u00e9 pr\u00e1va.<\/p>\n\n\n\n<p>Vl\u00e1da tie\u017e presadzuje projekt \u201ePr\u00e1ca namiesto d\u00e1vok\u201c, ktor\u00fd poberate\u013eom d\u00e1vky v hmotnej n\u00fadzi odoberie podporu, ak odmietnu pracovn\u00fa ponuku \u2013 aj v situ\u00e1cii, ke\u010f je t\u00fdchto pon\u00fak objekt\u00edvne nedostatok. V regi\u00f3noch s vysokou nezamestnanos\u0165ou, medzi matkami samo\u017eivite\u013ekami alebo vyl\u00fa\u010den\u00fdmi komunitami to m\u00f4\u017ee vies\u0165 k prehlbovaniu chudoby.<\/p>\n\n\n\n<p>\u201eMiesto toho, aby \u0161t\u00e1t pomohol \u010dloveku n\u00e1js\u0165 d\u00f4stojn\u00fa pr\u00e1cu, zav\u00e1dza sa princ\u00edp \u2018ber alebo pr\u00edde\u0161 o v\u0161etko\u2019. To je ne\u013eudsk\u00e9, nesyst\u00e9mov\u00e9 a v rozpore s element\u00e1rnou d\u00f4stojnos\u0165ou,\u201c dod\u00e1va Blahov\u00e1.<\/p>\n\n\n\n<p>Demokrati z\u00e1rove\u0148 upozor\u0148uj\u00fa na zneu\u017e\u00edvanie soci\u00e1lnych podnikov, ktor\u00e9 pod\u013ea medializovan\u00fdch inform\u00e1ci\u00ed sl\u00fa\u017eia niektor\u00fdm podnikate\u013eom len ako prostriedok na z\u00edskanie da\u0148ov\u00fdch v\u00fdhod a verejn\u00fdch zdrojov. V m\u00e1ji 2025 port\u00e1ly upozornili na pr\u00edpady, kde sa cez soci\u00e1lne podniky pred\u00e1va tovar s 5\u202f% DPH bez re\u00e1lneho plnenia soci\u00e1lnej funkcie.<\/p>\n\n\n\n<p>\u201eMinister Tom\u00e1\u0161 by sa mal pou\u010di\u0165 z minulosti \u2013 \u00e9ra tunelovania soci\u00e1lnych podnikov pod veden\u00edm Viery Tomanovej zanechala Slovensku medzin\u00e1rodn\u00fa hanbu. Dnes hroz\u00ed, \u017ee sa to zopakuje. Ak sa kontrola nezlep\u0161\u00ed, budeme namiesto pomoci znev\u00fdhodnen\u00fdm sponzorova\u0165 \u010fal\u0161\u00ed biznis na \u00fakor verejn\u00fdch financi\u00ed,\u201c upozor\u0148uje Blahov\u00e1.<\/p>\n\n\n\n<p>Demokrati vyz\u00fdvaj\u00fa ministra pr\u00e1ce, aby prestal s PR sebachv\u00e1lou a namiesto toho predstavil re\u00e1lny pl\u00e1n:<\/p>\n\n\n\n<ul class=\"wp-block-list\">\n<li>ako podpori\u0165 vznik pracovn\u00fdch miest v regi\u00f3noch,<\/li>\n\n\n\n<li>ako nastavi\u0165 f\u00e9rov\u00e9 pravidl\u00e1 pre znev\u00fdhodnen\u00fdch ob\u010danov,<\/li>\n\n\n\n<li>a ako zabr\u00e1ni\u0165 zneu\u017e\u00edvaniu soci\u00e1lnych sch\u00e9m v prospech vybran\u00fdch firiem.<\/li>\n<\/ul>\n\n\n\n<p>\u201eToto nie je soci\u00e1lny \u0161t\u00e1t. Toto je trestanie chudoby a glorifik\u00e1cia formy bez obsahu,\u201c uzatv\u00e1ra Blahov\u00e1.<\/p>\n","protected":false},"excerpt":{"rendered":"<p>Minister pr\u00e1ce Erik Tom\u00e1\u0161 sa na tla\u010dovej konferencii s premi\u00e9rom pochv\u00e1lil historicky najni\u017e\u0161ou nezamestnanos\u0165ou, \u00faspe\u0161nou politikou trhu pr\u00e1ce, projektom \u201ePr\u00e1ca namiesto d\u00e1vok\u201c a zapojen\u00edm soci\u00e1lnych podnikov. Demokrati v\u0161ak upozor\u0148uj\u00fa, \u017ee realita na trhu pr\u00e1ce je diametr\u00e1lne odli\u0161n\u00e1: pracovn\u00fdch pon\u00fak ub\u00fada, nezamestnanos\u0165 st\u00fapa a repres\u00edvne opatrenia vo\u010di \u013eu\u010fom v n\u00fadzi prehlbuj\u00fa chudobu. V m\u00e1ji 2025 po [&hellip;]<\/p>\n","protected":false},"author":13,"featured_media":6865,"comment_status":"closed","ping_status":"closed","sticky":false,"template":"","format":"standard","meta":{"_acf_changed":false,"ngg_post_thumbnail":0,"footnotes":""},"categories":[4],"tags":[],"class_list":["post-7627","post","type-post","status-publish","format-standard","has-post-thumbnail","hentry","category-tlacove-spravy"],"acf":[],"yoast_head":"<!-- This site is optimized with the Yoast SEO plugin v27.2 - https:\/\/yoast.com\/product\/yoast-seo-wordpress\/ -->\n<title>Minister Tom\u00e1\u0161 sa chv\u00e1li \u00faspechmi, no \u013eudia str\u00e1caj\u00fa pr\u00e1cu<\/title>\n<meta name=\"robots\" content=\"index, follow, max-snippet:-1, max-image-preview:large, max-video-preview:-1\" \/>\n<link rel=\"canonical\" href=\"https:\/\/www.smedemokrati.sk\/sv\/minister-tomas-sa-chvali-uspechmi-no-ludia-stracaju-pracu\/\" \/>\n<meta property=\"og:locale\" content=\"sv_SE\" \/>\n<meta property=\"og:locale:alternate\" content=\"en_US\" \/>\n<meta property=\"og:locale:alternate\" content=\"cs_CZ\" \/>\n<meta property=\"og:locale:alternate\" content=\"hu_HU\" \/>\n<meta property=\"og:locale:alternate\" content=\"sk_SK\" \/>\n<meta property=\"og:type\" content=\"article\" \/>\n<meta property=\"og:title\" content=\"Minister Tom\u00e1\u0161 sa chv\u00e1li \u00faspechmi, no \u013eudia str\u00e1caj\u00fa pr\u00e1cu\" \/>\n<meta property=\"og:description\" content=\"Minister pr\u00e1ce Erik Tom\u00e1\u0161 sa na tla\u010dovej konferencii s premi\u00e9rom pochv\u00e1lil historicky najni\u017e\u0161ou nezamestnanos\u0165ou, \u00faspe\u0161nou politikou trhu pr\u00e1ce, projektom \u201ePr\u00e1ca namiesto d\u00e1vok\u201c a zapojen\u00edm soci\u00e1lnych podnikov. Demokrati v\u0161ak upozor\u0148uj\u00fa, \u017ee realita na trhu pr\u00e1ce je diametr\u00e1lne odli\u0161n\u00e1: pracovn\u00fdch pon\u00fak ub\u00fada, nezamestnanos\u0165 st\u00fapa a repres\u00edvne opatrenia vo\u010di \u013eu\u010fom v n\u00fadzi prehlbuj\u00fa chudobu. V m\u00e1ji 2025 po [&hellip;]\" \/>\n<meta property=\"og:url\" content=\"https:\/\/www.smedemokrati.sk\/sv\/minister-tomas-sa-chvali-uspechmi-no-ludia-stracaju-pracu\/\" \/>\n<meta property=\"og:site_name\" content=\"Smedemokrati.sk\" \/>\n<meta property=\"article:publisher\" content=\"https:\/\/www.facebook.com\/smedemokrati2023\" \/>\n<meta property=\"article:published_time\" content=\"2025-06-26T11:11:38+00:00\" \/>\n<meta property=\"og:image\" content=\"https:\/\/www.smedemokrati.sk\/wp-content\/uploads\/2025\/04\/n_blahova.jpg\" \/>\n\t<meta property=\"og:image:width\" content=\"843\" \/>\n\t<meta property=\"og:image:height\" content=\"491\" \/>\n\t<meta property=\"og:image:type\" content=\"image\/jpeg\" \/>\n<meta name=\"author\" content=\"miro.sopko\" \/>\n<meta name=\"twitter:card\" content=\"summary_large_image\" \/>\n<meta name=\"twitter:label1\" content=\"Skriven av\" \/>\n\t<meta name=\"twitter:data1\" content=\"miro.sopko\" \/>\n\t<meta name=\"twitter:label2\" content=\"Ber\u00e4knad l\u00e4stid\" \/>\n\t<meta name=\"twitter:data2\" content=\"3 minuter\" \/>\n<script type=\"application\/ld+json\" class=\"yoast-schema-graph\">{\"@context\":\"https:\/\/schema.org\",\"@graph\":[{\"@type\":\"Article\",\"@id\":\"https:\/\/www.smedemokrati.sk\/minister-tomas-sa-chvali-uspechmi-no-ludia-stracaju-pracu\/#article\",\"isPartOf\":{\"@id\":\"https:\/\/www.smedemokrati.sk\/minister-tomas-sa-chvali-uspechmi-no-ludia-stracaju-pracu\/\"},\"author\":{\"name\":\"miro.sopko\",\"@id\":\"https:\/\/www.smedemokrati.sk\/#\/schema\/person\/21f147c88d605aa7ded900e1e7c344ba\"},\"headline\":\"Minister Tom\u00e1\u0161 sa chv\u00e1li \u00faspechmi, no \u013eudia str\u00e1caj\u00fa pr\u00e1cu\",\"datePublished\":\"2025-06-26T11:11:38+00:00\",\"mainEntityOfPage\":{\"@id\":\"https:\/\/www.smedemokrati.sk\/minister-tomas-sa-chvali-uspechmi-no-ludia-stracaju-pracu\/\"},\"wordCount\":540,\"publisher\":{\"@id\":\"https:\/\/www.smedemokrati.sk\/#organization\"},\"image\":{\"@id\":\"https:\/\/www.smedemokrati.sk\/minister-tomas-sa-chvali-uspechmi-no-ludia-stracaju-pracu\/#primaryimage\"},\"thumbnailUrl\":\"https:\/\/www.smedemokrati.sk\/wp-content\/uploads\/2025\/04\/n_blahova.jpg\",\"articleSection\":[\"Tla\u010dov\u00e9 spr\u00e1vy\"],\"inLanguage\":\"sv-SE\"},{\"@type\":\"WebPage\",\"@id\":\"https:\/\/www.smedemokrati.sk\/minister-tomas-sa-chvali-uspechmi-no-ludia-stracaju-pracu\/\",\"url\":\"https:\/\/www.smedemokrati.sk\/minister-tomas-sa-chvali-uspechmi-no-ludia-stracaju-pracu\/\",\"name\":\"Minister Tom\u00e1\u0161 sa chv\u00e1li \u00faspechmi, no \u013eudia str\u00e1caj\u00fa pr\u00e1cu\",\"isPartOf\":{\"@id\":\"https:\/\/www.smedemokrati.sk\/#website\"},\"primaryImageOfPage\":{\"@id\":\"https:\/\/www.smedemokrati.sk\/minister-tomas-sa-chvali-uspechmi-no-ludia-stracaju-pracu\/#primaryimage\"},\"image\":{\"@id\":\"https:\/\/www.smedemokrati.sk\/minister-tomas-sa-chvali-uspechmi-no-ludia-stracaju-pracu\/#primaryimage\"},\"thumbnailUrl\":\"https:\/\/www.smedemokrati.sk\/wp-content\/uploads\/2025\/04\/n_blahova.jpg\",\"datePublished\":\"2025-06-26T11:11:38+00:00\",\"breadcrumb\":{\"@id\":\"https:\/\/www.smedemokrati.sk\/minister-tomas-sa-chvali-uspechmi-no-ludia-stracaju-pracu\/#breadcrumb\"},\"inLanguage\":\"sv-SE\",\"potentialAction\":[{\"@type\":\"ReadAction\",\"target\":[\"https:\/\/www.smedemokrati.sk\/minister-tomas-sa-chvali-uspechmi-no-ludia-stracaju-pracu\/\"]}]},{\"@type\":\"ImageObject\",\"inLanguage\":\"sv-SE\",\"@id\":\"https:\/\/www.smedemokrati.sk\/minister-tomas-sa-chvali-uspechmi-no-ludia-stracaju-pracu\/#primaryimage\",\"url\":\"https:\/\/www.smedemokrati.sk\/wp-content\/uploads\/2025\/04\/n_blahova.jpg\",\"contentUrl\":\"https:\/\/www.smedemokrati.sk\/wp-content\/uploads\/2025\/04\/n_blahova.jpg\",\"width\":843,\"height\":491},{\"@type\":\"BreadcrumbList\",\"@id\":\"https:\/\/www.smedemokrati.sk\/minister-tomas-sa-chvali-uspechmi-no-ludia-stracaju-pracu\/#breadcrumb\",\"itemListElement\":[{\"@type\":\"ListItem\",\"position\":1,\"name\":\"Domovsk\u00e1 str\u00e1nka\",\"item\":\"https:\/\/www.smedemokrati.sk\/\"},{\"@type\":\"ListItem\",\"position\":2,\"name\":\"Minister Tom\u00e1\u0161 sa chv\u00e1li \u00faspechmi, no \u013eudia str\u00e1caj\u00fa pr\u00e1cu\"}]},{\"@type\":\"WebSite\",\"@id\":\"https:\/\/www.smedemokrati.sk\/#website\",\"url\":\"https:\/\/www.smedemokrati.sk\/\",\"name\":\"Smedemokrati.sk\",\"description\":\"Demokracia a slu\u0161nos\u0165 zv\u00ed\u0165az\u00ed\",\"publisher\":{\"@id\":\"https:\/\/www.smedemokrati.sk\/#organization\"},\"potentialAction\":[{\"@type\":\"SearchAction\",\"target\":{\"@type\":\"EntryPoint\",\"urlTemplate\":\"https:\/\/www.smedemokrati.sk\/?s={search_term_string}\"},\"query-input\":{\"@type\":\"PropertyValueSpecification\",\"valueRequired\":true,\"valueName\":\"search_term_string\"}}],\"inLanguage\":\"sv-SE\"},{\"@type\":\"Organization\",\"@id\":\"https:\/\/www.smedemokrati.sk\/#organization\",\"name\":\"Smedemokrati.sk\",\"url\":\"https:\/\/www.smedemokrati.sk\/\",\"logo\":{\"@type\":\"ImageObject\",\"inLanguage\":\"sv-SE\",\"@id\":\"https:\/\/www.smedemokrati.sk\/#\/schema\/logo\/image\/\",\"url\":\"https:\/\/www.smedemokrati.sk\/wp-content\/uploads\/2023\/04\/ff.002.jpeg\",\"contentUrl\":\"https:\/\/www.smedemokrati.sk\/wp-content\/uploads\/2023\/04\/ff.002.jpeg\",\"width\":640,\"height\":480,\"caption\":\"Smedemokrati.sk\"},\"image\":{\"@id\":\"https:\/\/www.smedemokrati.sk\/#\/schema\/logo\/image\/\"},\"sameAs\":[\"https:\/\/www.facebook.com\/smedemokrati2023\"]},{\"@type\":\"Person\",\"@id\":\"https:\/\/www.smedemokrati.sk\/#\/schema\/person\/21f147c88d605aa7ded900e1e7c344ba\",\"name\":\"miro.sopko\",\"image\":{\"@type\":\"ImageObject\",\"inLanguage\":\"sv-SE\",\"@id\":\"https:\/\/secure.gravatar.com\/avatar\/267e4a36f704376c109afe3a78740c1f5dd8675a2180a908699e7863c9247606?s=96&d=mm&r=g\",\"url\":\"https:\/\/secure.gravatar.com\/avatar\/267e4a36f704376c109afe3a78740c1f5dd8675a2180a908699e7863c9247606?s=96&d=mm&r=g\",\"contentUrl\":\"https:\/\/secure.gravatar.com\/avatar\/267e4a36f704376c109afe3a78740c1f5dd8675a2180a908699e7863c9247606?s=96&d=mm&r=g\",\"caption\":\"miro.sopko\"},\"url\":\"https:\/\/www.smedemokrati.sk\/sv\/author\/miro-sopko\/\"}]}<\/script>\n<!-- \/ Yoast SEO plugin. -->","yoast_head_json":{"title":"Minister Tom\u00e1\u0161 sa chv\u00e1li \u00faspechmi, no \u013eudia str\u00e1caj\u00fa pr\u00e1cu","robots":{"index":"index","follow":"follow","max-snippet":"max-snippet:-1","max-image-preview":"max-image-preview:large","max-video-preview":"max-video-preview:-1"},"canonical":"https:\/\/www.smedemokrati.sk\/sv\/minister-tomas-sa-chvali-uspechmi-no-ludia-stracaju-pracu\/","og_locale":"sv_SE","og_type":"article","og_title":"[:sk]Minister Tom\u00e1\u0161 sa chv\u00e1li \u00faspechmi, no \u013eudia str\u00e1caj\u00fa pr\u00e1cu[:] - Smedemokrati.sk","og_description":"Minister pr\u00e1ce Erik Tom\u00e1\u0161 sa na tla\u010dovej konferencii s premi\u00e9rom pochv\u00e1lil historicky najni\u017e\u0161ou nezamestnanos\u0165ou, \u00faspe\u0161nou politikou trhu pr\u00e1ce, projektom \u201ePr\u00e1ca namiesto d\u00e1vok\u201c a zapojen\u00edm soci\u00e1lnych podnikov. Demokrati v\u0161ak upozor\u0148uj\u00fa, \u017ee realita na trhu pr\u00e1ce je diametr\u00e1lne odli\u0161n\u00e1: pracovn\u00fdch pon\u00fak ub\u00fada, nezamestnanos\u0165 st\u00fapa a repres\u00edvne opatrenia vo\u010di \u013eu\u010fom v n\u00fadzi prehlbuj\u00fa chudobu. V m\u00e1ji 2025 po [&hellip;]","og_url":"https:\/\/www.smedemokrati.sk\/sv\/minister-tomas-sa-chvali-uspechmi-no-ludia-stracaju-pracu\/","og_site_name":"Smedemokrati.sk","article_publisher":"https:\/\/www.facebook.com\/smedemokrati2023","article_published_time":"2025-06-26T11:11:38+00:00","og_image":[{"width":843,"height":491,"url":"https:\/\/www.smedemokrati.sk\/wp-content\/uploads\/2025\/04\/n_blahova.jpg","type":"image\/jpeg"}],"author":"miro.sopko","twitter_card":"summary_large_image","twitter_misc":{"Skriven av":"miro.sopko","Ber\u00e4knad l\u00e4stid":"3 minuter"},"schema":{"@context":"https:\/\/schema.org","@graph":[{"@type":"Article","@id":"https:\/\/www.smedemokrati.sk\/minister-tomas-sa-chvali-uspechmi-no-ludia-stracaju-pracu\/#article","isPartOf":{"@id":"https:\/\/www.smedemokrati.sk\/minister-tomas-sa-chvali-uspechmi-no-ludia-stracaju-pracu\/"},"author":{"name":"miro.sopko","@id":"https:\/\/www.smedemokrati.sk\/#\/schema\/person\/21f147c88d605aa7ded900e1e7c344ba"},"headline":"Minister Tom\u00e1\u0161 sa chv\u00e1li \u00faspechmi, no \u013eudia str\u00e1caj\u00fa pr\u00e1cu","datePublished":"2025-06-26T11:11:38+00:00","mainEntityOfPage":{"@id":"https:\/\/www.smedemokrati.sk\/minister-tomas-sa-chvali-uspechmi-no-ludia-stracaju-pracu\/"},"wordCount":540,"publisher":{"@id":"https:\/\/www.smedemokrati.sk\/#organization"},"image":{"@id":"https:\/\/www.smedemokrati.sk\/minister-tomas-sa-chvali-uspechmi-no-ludia-stracaju-pracu\/#primaryimage"},"thumbnailUrl":"https:\/\/www.smedemokrati.sk\/wp-content\/uploads\/2025\/04\/n_blahova.jpg","articleSection":["Tla\u010dov\u00e9 spr\u00e1vy"],"inLanguage":"sv-SE"},{"@type":"WebPage","@id":"https:\/\/www.smedemokrati.sk\/minister-tomas-sa-chvali-uspechmi-no-ludia-stracaju-pracu\/","url":"https:\/\/www.smedemokrati.sk\/minister-tomas-sa-chvali-uspechmi-no-ludia-stracaju-pracu\/","name":"Minister Tom\u00e1\u0161 sa chv\u00e1li \u00faspechmi, no \u013eudia str\u00e1caj\u00fa pr\u00e1cu","isPartOf":{"@id":"https:\/\/www.smedemokrati.sk\/#website"},"primaryImageOfPage":{"@id":"https:\/\/www.smedemokrati.sk\/minister-tomas-sa-chvali-uspechmi-no-ludia-stracaju-pracu\/#primaryimage"},"image":{"@id":"https:\/\/www.smedemokrati.sk\/minister-tomas-sa-chvali-uspechmi-no-ludia-stracaju-pracu\/#primaryimage"},"thumbnailUrl":"https:\/\/www.smedemokrati.sk\/wp-content\/uploads\/2025\/04\/n_blahova.jpg","datePublished":"2025-06-26T11:11:38+00:00","breadcrumb":{"@id":"https:\/\/www.smedemokrati.sk\/minister-tomas-sa-chvali-uspechmi-no-ludia-stracaju-pracu\/#breadcrumb"},"inLanguage":"sv-SE","potentialAction":[{"@type":"ReadAction","target":["https:\/\/www.smedemokrati.sk\/minister-tomas-sa-chvali-uspechmi-no-ludia-stracaju-pracu\/"]}]},{"@type":"ImageObject","inLanguage":"sv-SE","@id":"https:\/\/www.smedemokrati.sk\/minister-tomas-sa-chvali-uspechmi-no-ludia-stracaju-pracu\/#primaryimage","url":"https:\/\/www.smedemokrati.sk\/wp-content\/uploads\/2025\/04\/n_blahova.jpg","contentUrl":"https:\/\/www.smedemokrati.sk\/wp-content\/uploads\/2025\/04\/n_blahova.jpg","width":843,"height":491},{"@type":"BreadcrumbList","@id":"https:\/\/www.smedemokrati.sk\/minister-tomas-sa-chvali-uspechmi-no-ludia-stracaju-pracu\/#breadcrumb","itemListElement":[{"@type":"ListItem","position":1,"name":"Domovsk\u00e1 str\u00e1nka","item":"https:\/\/www.smedemokrati.sk\/"},{"@type":"ListItem","position":2,"name":"Minister Tom\u00e1\u0161 sa chv\u00e1li \u00faspechmi, no \u013eudia str\u00e1caj\u00fa pr\u00e1cu"}]},{"@type":"WebSite","@id":"https:\/\/www.smedemokrati.sk\/#website","url":"https:\/\/www.smedemokrati.sk\/","name":"Smedemokrati.sk","description":"Demokracia a slu\u0161nos\u0165 zv\u00ed\u0165az\u00ed","publisher":{"@id":"https:\/\/www.smedemokrati.sk\/#organization"},"potentialAction":[{"@type":"SearchAction","target":{"@type":"EntryPoint","urlTemplate":"https:\/\/www.smedemokrati.sk\/?s={search_term_string}"},"query-input":{"@type":"PropertyValueSpecification","valueRequired":true,"valueName":"search_term_string"}}],"inLanguage":"sv-SE"},{"@type":"Organization","@id":"https:\/\/www.smedemokrati.sk\/#organization","name":"Smedemokrati.sk","url":"https:\/\/www.smedemokrati.sk\/","logo":{"@type":"ImageObject","inLanguage":"sv-SE","@id":"https:\/\/www.smedemokrati.sk\/#\/schema\/logo\/image\/","url":"https:\/\/www.smedemokrati.sk\/wp-content\/uploads\/2023\/04\/ff.002.jpeg","contentUrl":"https:\/\/www.smedemokrati.sk\/wp-content\/uploads\/2023\/04\/ff.002.jpeg","width":640,"height":480,"caption":"Smedemokrati.sk"},"image":{"@id":"https:\/\/www.smedemokrati.sk\/#\/schema\/logo\/image\/"},"sameAs":["https:\/\/www.facebook.com\/smedemokrati2023"]},{"@type":"Person","@id":"https:\/\/www.smedemokrati.sk\/#\/schema\/person\/21f147c88d605aa7ded900e1e7c344ba","name":"miro.sopko","image":{"@type":"ImageObject","inLanguage":"sv-SE","@id":"https:\/\/secure.gravatar.com\/avatar\/267e4a36f704376c109afe3a78740c1f5dd8675a2180a908699e7863c9247606?s=96&d=mm&r=g","url":"https:\/\/secure.gravatar.com\/avatar\/267e4a36f704376c109afe3a78740c1f5dd8675a2180a908699e7863c9247606?s=96&d=mm&r=g","contentUrl":"https:\/\/secure.gravatar.com\/avatar\/267e4a36f704376c109afe3a78740c1f5dd8675a2180a908699e7863c9247606?s=96&d=mm&r=g","caption":"miro.sopko"},"url":"https:\/\/www.smedemokrati.sk\/sv\/author\/miro-sopko\/"}]}},"_links":{"self":[{"href":"https:\/\/www.smedemokrati.sk\/sv\/wp-json\/wp\/v2\/posts\/7627","targetHints":{"allow":["GET"]}}],"collection":[{"href":"https:\/\/www.smedemokrati.sk\/sv\/wp-json\/wp\/v2\/posts"}],"about":[{"href":"https:\/\/www.smedemokrati.sk\/sv\/wp-json\/wp\/v2\/types\/post"}],"author":[{"embeddable":true,"href":"https:\/\/www.smedemokrati.sk\/sv\/wp-json\/wp\/v2\/users\/13"}],"replies":[{"embeddable":true,"href":"https:\/\/www.smedemokrati.sk\/sv\/wp-json\/wp\/v2\/comments?post=7627"}],"version-history":[{"count":1,"href":"https:\/\/www.smedemokrati.sk\/sv\/wp-json\/wp\/v2\/posts\/7627\/revisions"}],"predecessor-version":[{"id":7628,"href":"https:\/\/www.smedemokrati.sk\/sv\/wp-json\/wp\/v2\/posts\/7627\/revisions\/7628"}],"wp:featuredmedia":[{"embeddable":true,"href":"https:\/\/www.smedemokrati.sk\/sv\/wp-json\/wp\/v2\/media\/6865"}],"wp:attachment":[{"href":"https:\/\/www.smedemokrati.sk\/sv\/wp-json\/wp\/v2\/media?parent=7627"}],"wp:term":[{"taxonomy":"category","embeddable":true,"href":"https:\/\/www.smedemokrati.sk\/sv\/wp-json\/wp\/v2\/categories?post=7627"},{"taxonomy":"post_tag","embeddable":true,"href":"https:\/\/www.smedemokrati.sk\/sv\/wp-json\/wp\/v2\/tags?post=7627"}],"curies":[{"name":"wp","href":"https:\/\/api.w.org\/{rel}","templated":true}]}}