{"id":7625,"date":"2025-06-25T12:30:55","date_gmt":"2025-06-25T11:30:55","guid":{"rendered":"https:\/\/www.smedemokrati.sk\/?p=7625"},"modified":"2025-06-25T12:30:56","modified_gmt":"2025-06-25T11:30:56","slug":"takac-dal-sukromnym-vlastnikom-lesov-z-planu-obnovy-nulu","status":"publish","type":"post","link":"https:\/\/www.smedemokrati.sk\/sv\/takac-dal-sukromnym-vlastnikom-lesov-z-planu-obnovy-nulu\/","title":{"rendered":"Tak\u00e1\u010d dal s\u00fakromn\u00fdm vlastn\u00edkom lesov z pl\u00e1nu obnovy nulu"},"content":{"rendered":"<div id=\"fb-root\"><\/div>\n\n<p><strong>Vl\u00e1da na n\u00e1vrh ministra p\u00f4dohospod\u00e1rstva Richarda Tak\u00e1\u010da dnes ur\u010dila ako jedin\u00e9ho prij\u00edmate\u013ea invest\u00edcie 49 mil. eur (s DPH) na v\u00fdsadbu lesov v\u00fdlu\u010dne \u0161t\u00e1tnych obhospodarovate\u013eov. S\u00fakromn\u00ed vlastn\u00edci a urb\u00e1re nedostan\u00fa ani cent. Peniaze naviac nep\u00f4jdu priamo \u0161t\u00e1tnym lesom, ale prostredn\u00edctvom N\u00e1rodn\u00e9ho lesn\u00edckeho centra (NLC) ich dostan\u00fa extern\u00ed dod\u00e1vatelia vybran\u00ed v mega tendri za desiatky mil. eur. Demokrati to pova\u017euj\u00fa za v\u00fdsmech regi\u00f3nom a ob\u00e1vaj\u00fa sa \u010fal\u0161\u00edch zmanipulovan\u00fdch tendrov, ktor\u00fdmi je Tak\u00e1\u010d povestn\u00fd.<\/strong><\/p>\n\n\n\n<p>Ide o n\u00e1hradn\u00e9 opatrenie za zru\u0161en\u00e9 v\u00fdkupy pozemkov v n\u00e1rodn\u00fdch parkoch, o ktor\u00fd prejavili z\u00e1ujem tis\u00edcky \u013eud\u00ed, no Taraba ich svojvo\u013ene zru\u0161il a o peniaze na ochranu pr\u00edrody z pl\u00e1nu obnovy pri\u0161iel. Obavy Demokratov, \u017ee z n\u00e1hradn\u00e9ho opatrenia vyl\u00fa\u010dia s\u00fakromn\u00fdch vlastn\u00edkov, aby prihrali z\u00e1kazky pre extern\u00e9 firmy, sa potvrdili.<\/p>\n\n\n\n<p>\u201e<em>Jedin\u00fdm prij\u00edmate\u013eom invest\u00edcie s\u00fa v\u00fdlu\u010dne \u0161t\u00e1tni obhospodarovatelia lesov. S\u00fakromn\u00ed vlastn\u00edci nez\u00edskaj\u00fa na v\u00fdsadbu lesov z pl\u00e1nu obnovy od ministra Tak\u00e1\u010da ani euro. A to napriek tomu, \u017ee ministerstvo p\u00f4dohospod\u00e1rstva dokonca vypracovalo sch\u00e9mu \u0161t\u00e1tnej pomoci, do ktorej v\u0161ak ne\u0161t\u00e1tnych vlastn\u00edkov nezahrnulo, hoci mohlo. \u0160t\u00e1t si tak na ich \u00fakor zn\u00ed\u017ei n\u00e1klady na hospod\u00e1renie v lesoch, a to v situ\u00e1cii, kedy aj na urb\u00e1re dopadaj\u00fa d\u00f4sledky transak\u010dnej dane a zv\u00fd\u0161en\u00fdch n\u00e1kladov v d\u00f4sledku konsolid\u00e1cie. 49 mil. eur (s DPH) je naviac ur\u010den\u00fdch na \u010dinnosti, ktor\u00e9 musia vykon\u00e1va\u0165 v\u0161etci obhospodarovatelia lesov priamo zo z\u00e1kona, teda nejde o \u017eiadne opatrenia s pridanou hodnotou pre ochranu biodiverzity. Z pl\u00e1nu obnovy sa bude m\u00f4c\u0165 financova\u0165 dokonca r\u00fabanie lesov. Peniaze naviac nep\u00f4jdu priamo \u0161t\u00e1tnym lesom, ale NLC vys\u00fa\u0165a\u017e\u00ed extern\u00fdch dod\u00e1vate\u013eov vo verejnom obstar\u00e1van\u00ed za desiatky mil. eur,<\/em>\u201d kritizuje Tak\u00e1\u010da Michal Ki\u010da, enviroexpert Demokratov.<\/p>\n\n\n\n<p>\u201e<em>Od opozi\u010dn\u00edka Tak\u00e1\u010da sme sa napo\u010d\u00favali l\u017ei, ako z pl\u00e1nu obnovy nejde pre regi\u00f3ny ni\u010d. No ke\u010f sa m\u00f4\u017ee uk\u00e1za\u0165 on, \u00faplne absurdne sa vyka\u0161le na ne\u0161t\u00e1tnych vlastn\u00edkov lesov a urb\u00e1re, a to v \u010dase, kedy pre \u201ekonsolida\u010dn\u00e9\u201d opatrenia tejto vl\u00e1dy krv\u00e1caj\u00fa. Pod r\u00fa\u0161kom ako\u017ee z\u00e1pasu s klimatickou kr\u00edzou ide z pl\u00e1nu obnovy financova\u0165 mili\u00f3nov\u00e9 tendre aj na \u0165a\u017ebu dreva pre p\u00e1r extern\u00fdch firiem,<\/em>\u201d uzavrel Michal Ki\u010da.<\/p>\n","protected":false},"excerpt":{"rendered":"<p>Vl\u00e1da na n\u00e1vrh ministra p\u00f4dohospod\u00e1rstva Richarda Tak\u00e1\u010da dnes ur\u010dila ako jedin\u00e9ho prij\u00edmate\u013ea invest\u00edcie 49 mil. eur (s DPH) na v\u00fdsadbu lesov v\u00fdlu\u010dne \u0161t\u00e1tnych obhospodarovate\u013eov. S\u00fakromn\u00ed vlastn\u00edci a urb\u00e1re nedostan\u00fa ani cent. Peniaze naviac nep\u00f4jdu priamo \u0161t\u00e1tnym lesom, ale prostredn\u00edctvom N\u00e1rodn\u00e9ho lesn\u00edckeho centra (NLC) ich dostan\u00fa extern\u00ed dod\u00e1vatelia vybran\u00ed v mega tendri za desiatky mil. eur. [&hellip;]<\/p>\n","protected":false},"author":13,"featured_media":385,"comment_status":"closed","ping_status":"closed","sticky":false,"template":"","format":"standard","meta":{"_acf_changed":false,"ngg_post_thumbnail":0,"footnotes":""},"categories":[4],"tags":[],"class_list":["post-7625","post","type-post","status-publish","format-standard","has-post-thumbnail","hentry","category-tlacove-spravy"],"acf":[],"yoast_head":"<!-- This site is optimized with the Yoast SEO plugin v27.2 - https:\/\/yoast.com\/product\/yoast-seo-wordpress\/ -->\n<title>Tak\u00e1\u010d dal s\u00fakromn\u00fdm vlastn\u00edkom lesov z pl\u00e1nu obnovy nulu<\/title>\n<meta name=\"robots\" content=\"index, follow, max-snippet:-1, max-image-preview:large, max-video-preview:-1\" \/>\n<link rel=\"canonical\" href=\"https:\/\/www.smedemokrati.sk\/sv\/takac-dal-sukromnym-vlastnikom-lesov-z-planu-obnovy-nulu\/\" \/>\n<meta property=\"og:locale\" content=\"sv_SE\" \/>\n<meta property=\"og:locale:alternate\" content=\"en_US\" \/>\n<meta property=\"og:locale:alternate\" content=\"cs_CZ\" \/>\n<meta property=\"og:locale:alternate\" content=\"hu_HU\" \/>\n<meta property=\"og:locale:alternate\" content=\"sk_SK\" \/>\n<meta property=\"og:type\" content=\"article\" \/>\n<meta property=\"og:title\" content=\"Tak\u00e1\u010d dal s\u00fakromn\u00fdm vlastn\u00edkom lesov z pl\u00e1nu obnovy nulu\" \/>\n<meta property=\"og:description\" content=\"Vl\u00e1da na n\u00e1vrh ministra p\u00f4dohospod\u00e1rstva Richarda Tak\u00e1\u010da dnes ur\u010dila ako jedin\u00e9ho prij\u00edmate\u013ea invest\u00edcie 49 mil. eur (s DPH) na v\u00fdsadbu lesov v\u00fdlu\u010dne \u0161t\u00e1tnych obhospodarovate\u013eov. S\u00fakromn\u00ed vlastn\u00edci a urb\u00e1re nedostan\u00fa ani cent. Peniaze naviac nep\u00f4jdu priamo \u0161t\u00e1tnym lesom, ale prostredn\u00edctvom N\u00e1rodn\u00e9ho lesn\u00edckeho centra (NLC) ich dostan\u00fa extern\u00ed dod\u00e1vatelia vybran\u00ed v mega tendri za desiatky mil. eur. [&hellip;]\" \/>\n<meta property=\"og:url\" content=\"https:\/\/www.smedemokrati.sk\/sv\/takac-dal-sukromnym-vlastnikom-lesov-z-planu-obnovy-nulu\/\" \/>\n<meta property=\"og:site_name\" content=\"Smedemokrati.sk\" \/>\n<meta property=\"article:publisher\" content=\"https:\/\/www.facebook.com\/smedemokrati2023\" \/>\n<meta property=\"article:published_time\" content=\"2025-06-25T11:30:55+00:00\" \/>\n<meta property=\"article:modified_time\" content=\"2025-06-25T11:30:56+00:00\" \/>\n<meta property=\"og:image\" content=\"https:\/\/www.smedemokrati.sk\/wp-content\/uploads\/2023\/04\/MKica.jpg\" \/>\n\t<meta property=\"og:image:width\" content=\"1520\" \/>\n\t<meta property=\"og:image:height\" content=\"1080\" \/>\n\t<meta property=\"og:image:type\" content=\"image\/jpeg\" \/>\n<meta name=\"author\" content=\"miro.sopko\" \/>\n<meta name=\"twitter:card\" content=\"summary_large_image\" \/>\n<meta name=\"twitter:label1\" content=\"Skriven av\" \/>\n\t<meta name=\"twitter:data1\" content=\"miro.sopko\" \/>\n\t<meta name=\"twitter:label2\" content=\"Ber\u00e4knad l\u00e4stid\" \/>\n\t<meta name=\"twitter:data2\" content=\"2 minuter\" \/>\n<script type=\"application\/ld+json\" class=\"yoast-schema-graph\">{\"@context\":\"https:\/\/schema.org\",\"@graph\":[{\"@type\":\"Article\",\"@id\":\"https:\/\/www.smedemokrati.sk\/takac-dal-sukromnym-vlastnikom-lesov-z-planu-obnovy-nulu\/#article\",\"isPartOf\":{\"@id\":\"https:\/\/www.smedemokrati.sk\/takac-dal-sukromnym-vlastnikom-lesov-z-planu-obnovy-nulu\/\"},\"author\":{\"name\":\"miro.sopko\",\"@id\":\"https:\/\/www.smedemokrati.sk\/#\/schema\/person\/21f147c88d605aa7ded900e1e7c344ba\"},\"headline\":\"Tak\u00e1\u010d dal s\u00fakromn\u00fdm vlastn\u00edkom lesov z pl\u00e1nu obnovy nulu\",\"datePublished\":\"2025-06-25T11:30:55+00:00\",\"dateModified\":\"2025-06-25T11:30:56+00:00\",\"mainEntityOfPage\":{\"@id\":\"https:\/\/www.smedemokrati.sk\/takac-dal-sukromnym-vlastnikom-lesov-z-planu-obnovy-nulu\/\"},\"wordCount\":465,\"publisher\":{\"@id\":\"https:\/\/www.smedemokrati.sk\/#organization\"},\"image\":{\"@id\":\"https:\/\/www.smedemokrati.sk\/takac-dal-sukromnym-vlastnikom-lesov-z-planu-obnovy-nulu\/#primaryimage\"},\"thumbnailUrl\":\"https:\/\/www.smedemokrati.sk\/wp-content\/uploads\/2023\/04\/MKica.jpg\",\"articleSection\":[\"Tla\u010dov\u00e9 spr\u00e1vy\"],\"inLanguage\":\"sv-SE\"},{\"@type\":\"WebPage\",\"@id\":\"https:\/\/www.smedemokrati.sk\/takac-dal-sukromnym-vlastnikom-lesov-z-planu-obnovy-nulu\/\",\"url\":\"https:\/\/www.smedemokrati.sk\/takac-dal-sukromnym-vlastnikom-lesov-z-planu-obnovy-nulu\/\",\"name\":\"Tak\u00e1\u010d dal s\u00fakromn\u00fdm vlastn\u00edkom lesov z pl\u00e1nu obnovy nulu\",\"isPartOf\":{\"@id\":\"https:\/\/www.smedemokrati.sk\/#website\"},\"primaryImageOfPage\":{\"@id\":\"https:\/\/www.smedemokrati.sk\/takac-dal-sukromnym-vlastnikom-lesov-z-planu-obnovy-nulu\/#primaryimage\"},\"image\":{\"@id\":\"https:\/\/www.smedemokrati.sk\/takac-dal-sukromnym-vlastnikom-lesov-z-planu-obnovy-nulu\/#primaryimage\"},\"thumbnailUrl\":\"https:\/\/www.smedemokrati.sk\/wp-content\/uploads\/2023\/04\/MKica.jpg\",\"datePublished\":\"2025-06-25T11:30:55+00:00\",\"dateModified\":\"2025-06-25T11:30:56+00:00\",\"breadcrumb\":{\"@id\":\"https:\/\/www.smedemokrati.sk\/takac-dal-sukromnym-vlastnikom-lesov-z-planu-obnovy-nulu\/#breadcrumb\"},\"inLanguage\":\"sv-SE\",\"potentialAction\":[{\"@type\":\"ReadAction\",\"target\":[\"https:\/\/www.smedemokrati.sk\/takac-dal-sukromnym-vlastnikom-lesov-z-planu-obnovy-nulu\/\"]}]},{\"@type\":\"ImageObject\",\"inLanguage\":\"sv-SE\",\"@id\":\"https:\/\/www.smedemokrati.sk\/takac-dal-sukromnym-vlastnikom-lesov-z-planu-obnovy-nulu\/#primaryimage\",\"url\":\"https:\/\/www.smedemokrati.sk\/wp-content\/uploads\/2023\/04\/MKica.jpg\",\"contentUrl\":\"https:\/\/www.smedemokrati.sk\/wp-content\/uploads\/2023\/04\/MKica.jpg\",\"width\":1520,\"height\":1080},{\"@type\":\"BreadcrumbList\",\"@id\":\"https:\/\/www.smedemokrati.sk\/takac-dal-sukromnym-vlastnikom-lesov-z-planu-obnovy-nulu\/#breadcrumb\",\"itemListElement\":[{\"@type\":\"ListItem\",\"position\":1,\"name\":\"Domovsk\u00e1 str\u00e1nka\",\"item\":\"https:\/\/www.smedemokrati.sk\/\"},{\"@type\":\"ListItem\",\"position\":2,\"name\":\"Tak\u00e1\u010d dal s\u00fakromn\u00fdm vlastn\u00edkom lesov z pl\u00e1nu obnovy nulu\"}]},{\"@type\":\"WebSite\",\"@id\":\"https:\/\/www.smedemokrati.sk\/#website\",\"url\":\"https:\/\/www.smedemokrati.sk\/\",\"name\":\"Smedemokrati.sk\",\"description\":\"Demokracia a slu\u0161nos\u0165 zv\u00ed\u0165az\u00ed\",\"publisher\":{\"@id\":\"https:\/\/www.smedemokrati.sk\/#organization\"},\"potentialAction\":[{\"@type\":\"SearchAction\",\"target\":{\"@type\":\"EntryPoint\",\"urlTemplate\":\"https:\/\/www.smedemokrati.sk\/?s={search_term_string}\"},\"query-input\":{\"@type\":\"PropertyValueSpecification\",\"valueRequired\":true,\"valueName\":\"search_term_string\"}}],\"inLanguage\":\"sv-SE\"},{\"@type\":\"Organization\",\"@id\":\"https:\/\/www.smedemokrati.sk\/#organization\",\"name\":\"Smedemokrati.sk\",\"url\":\"https:\/\/www.smedemokrati.sk\/\",\"logo\":{\"@type\":\"ImageObject\",\"inLanguage\":\"sv-SE\",\"@id\":\"https:\/\/www.smedemokrati.sk\/#\/schema\/logo\/image\/\",\"url\":\"https:\/\/www.smedemokrati.sk\/wp-content\/uploads\/2023\/04\/ff.002.jpeg\",\"contentUrl\":\"https:\/\/www.smedemokrati.sk\/wp-content\/uploads\/2023\/04\/ff.002.jpeg\",\"width\":640,\"height\":480,\"caption\":\"Smedemokrati.sk\"},\"image\":{\"@id\":\"https:\/\/www.smedemokrati.sk\/#\/schema\/logo\/image\/\"},\"sameAs\":[\"https:\/\/www.facebook.com\/smedemokrati2023\"]},{\"@type\":\"Person\",\"@id\":\"https:\/\/www.smedemokrati.sk\/#\/schema\/person\/21f147c88d605aa7ded900e1e7c344ba\",\"name\":\"miro.sopko\",\"image\":{\"@type\":\"ImageObject\",\"inLanguage\":\"sv-SE\",\"@id\":\"https:\/\/secure.gravatar.com\/avatar\/267e4a36f704376c109afe3a78740c1f5dd8675a2180a908699e7863c9247606?s=96&d=mm&r=g\",\"url\":\"https:\/\/secure.gravatar.com\/avatar\/267e4a36f704376c109afe3a78740c1f5dd8675a2180a908699e7863c9247606?s=96&d=mm&r=g\",\"contentUrl\":\"https:\/\/secure.gravatar.com\/avatar\/267e4a36f704376c109afe3a78740c1f5dd8675a2180a908699e7863c9247606?s=96&d=mm&r=g\",\"caption\":\"miro.sopko\"},\"url\":\"https:\/\/www.smedemokrati.sk\/sv\/author\/miro-sopko\/\"}]}<\/script>\n<!-- \/ Yoast SEO plugin. -->","yoast_head_json":{"title":"Tak\u00e1\u010d dal s\u00fakromn\u00fdm vlastn\u00edkom lesov z pl\u00e1nu obnovy nulu","robots":{"index":"index","follow":"follow","max-snippet":"max-snippet:-1","max-image-preview":"max-image-preview:large","max-video-preview":"max-video-preview:-1"},"canonical":"https:\/\/www.smedemokrati.sk\/sv\/takac-dal-sukromnym-vlastnikom-lesov-z-planu-obnovy-nulu\/","og_locale":"sv_SE","og_type":"article","og_title":"[:sk]Tak\u00e1\u010d dal s\u00fakromn\u00fdm vlastn\u00edkom lesov z pl\u00e1nu obnovy nulu[:] - Smedemokrati.sk","og_description":"Vl\u00e1da na n\u00e1vrh ministra p\u00f4dohospod\u00e1rstva Richarda Tak\u00e1\u010da dnes ur\u010dila ako jedin\u00e9ho prij\u00edmate\u013ea invest\u00edcie 49 mil. eur (s DPH) na v\u00fdsadbu lesov v\u00fdlu\u010dne \u0161t\u00e1tnych obhospodarovate\u013eov. S\u00fakromn\u00ed vlastn\u00edci a urb\u00e1re nedostan\u00fa ani cent. Peniaze naviac nep\u00f4jdu priamo \u0161t\u00e1tnym lesom, ale prostredn\u00edctvom N\u00e1rodn\u00e9ho lesn\u00edckeho centra (NLC) ich dostan\u00fa extern\u00ed dod\u00e1vatelia vybran\u00ed v mega tendri za desiatky mil. eur. [&hellip;]","og_url":"https:\/\/www.smedemokrati.sk\/sv\/takac-dal-sukromnym-vlastnikom-lesov-z-planu-obnovy-nulu\/","og_site_name":"Smedemokrati.sk","article_publisher":"https:\/\/www.facebook.com\/smedemokrati2023","article_published_time":"2025-06-25T11:30:55+00:00","article_modified_time":"2025-06-25T11:30:56+00:00","og_image":[{"width":1520,"height":1080,"url":"https:\/\/www.smedemokrati.sk\/wp-content\/uploads\/2023\/04\/MKica.jpg","type":"image\/jpeg"}],"author":"miro.sopko","twitter_card":"summary_large_image","twitter_misc":{"Skriven av":"miro.sopko","Ber\u00e4knad l\u00e4stid":"2 minuter"},"schema":{"@context":"https:\/\/schema.org","@graph":[{"@type":"Article","@id":"https:\/\/www.smedemokrati.sk\/takac-dal-sukromnym-vlastnikom-lesov-z-planu-obnovy-nulu\/#article","isPartOf":{"@id":"https:\/\/www.smedemokrati.sk\/takac-dal-sukromnym-vlastnikom-lesov-z-planu-obnovy-nulu\/"},"author":{"name":"miro.sopko","@id":"https:\/\/www.smedemokrati.sk\/#\/schema\/person\/21f147c88d605aa7ded900e1e7c344ba"},"headline":"Tak\u00e1\u010d dal s\u00fakromn\u00fdm vlastn\u00edkom lesov z pl\u00e1nu obnovy nulu","datePublished":"2025-06-25T11:30:55+00:00","dateModified":"2025-06-25T11:30:56+00:00","mainEntityOfPage":{"@id":"https:\/\/www.smedemokrati.sk\/takac-dal-sukromnym-vlastnikom-lesov-z-planu-obnovy-nulu\/"},"wordCount":465,"publisher":{"@id":"https:\/\/www.smedemokrati.sk\/#organization"},"image":{"@id":"https:\/\/www.smedemokrati.sk\/takac-dal-sukromnym-vlastnikom-lesov-z-planu-obnovy-nulu\/#primaryimage"},"thumbnailUrl":"https:\/\/www.smedemokrati.sk\/wp-content\/uploads\/2023\/04\/MKica.jpg","articleSection":["Tla\u010dov\u00e9 spr\u00e1vy"],"inLanguage":"sv-SE"},{"@type":"WebPage","@id":"https:\/\/www.smedemokrati.sk\/takac-dal-sukromnym-vlastnikom-lesov-z-planu-obnovy-nulu\/","url":"https:\/\/www.smedemokrati.sk\/takac-dal-sukromnym-vlastnikom-lesov-z-planu-obnovy-nulu\/","name":"Tak\u00e1\u010d dal s\u00fakromn\u00fdm vlastn\u00edkom lesov z pl\u00e1nu obnovy nulu","isPartOf":{"@id":"https:\/\/www.smedemokrati.sk\/#website"},"primaryImageOfPage":{"@id":"https:\/\/www.smedemokrati.sk\/takac-dal-sukromnym-vlastnikom-lesov-z-planu-obnovy-nulu\/#primaryimage"},"image":{"@id":"https:\/\/www.smedemokrati.sk\/takac-dal-sukromnym-vlastnikom-lesov-z-planu-obnovy-nulu\/#primaryimage"},"thumbnailUrl":"https:\/\/www.smedemokrati.sk\/wp-content\/uploads\/2023\/04\/MKica.jpg","datePublished":"2025-06-25T11:30:55+00:00","dateModified":"2025-06-25T11:30:56+00:00","breadcrumb":{"@id":"https:\/\/www.smedemokrati.sk\/takac-dal-sukromnym-vlastnikom-lesov-z-planu-obnovy-nulu\/#breadcrumb"},"inLanguage":"sv-SE","potentialAction":[{"@type":"ReadAction","target":["https:\/\/www.smedemokrati.sk\/takac-dal-sukromnym-vlastnikom-lesov-z-planu-obnovy-nulu\/"]}]},{"@type":"ImageObject","inLanguage":"sv-SE","@id":"https:\/\/www.smedemokrati.sk\/takac-dal-sukromnym-vlastnikom-lesov-z-planu-obnovy-nulu\/#primaryimage","url":"https:\/\/www.smedemokrati.sk\/wp-content\/uploads\/2023\/04\/MKica.jpg","contentUrl":"https:\/\/www.smedemokrati.sk\/wp-content\/uploads\/2023\/04\/MKica.jpg","width":1520,"height":1080},{"@type":"BreadcrumbList","@id":"https:\/\/www.smedemokrati.sk\/takac-dal-sukromnym-vlastnikom-lesov-z-planu-obnovy-nulu\/#breadcrumb","itemListElement":[{"@type":"ListItem","position":1,"name":"Domovsk\u00e1 str\u00e1nka","item":"https:\/\/www.smedemokrati.sk\/"},{"@type":"ListItem","position":2,"name":"Tak\u00e1\u010d dal s\u00fakromn\u00fdm vlastn\u00edkom lesov z pl\u00e1nu obnovy nulu"}]},{"@type":"WebSite","@id":"https:\/\/www.smedemokrati.sk\/#website","url":"https:\/\/www.smedemokrati.sk\/","name":"Smedemokrati.sk","description":"Demokracia a slu\u0161nos\u0165 zv\u00ed\u0165az\u00ed","publisher":{"@id":"https:\/\/www.smedemokrati.sk\/#organization"},"potentialAction":[{"@type":"SearchAction","target":{"@type":"EntryPoint","urlTemplate":"https:\/\/www.smedemokrati.sk\/?s={search_term_string}"},"query-input":{"@type":"PropertyValueSpecification","valueRequired":true,"valueName":"search_term_string"}}],"inLanguage":"sv-SE"},{"@type":"Organization","@id":"https:\/\/www.smedemokrati.sk\/#organization","name":"Smedemokrati.sk","url":"https:\/\/www.smedemokrati.sk\/","logo":{"@type":"ImageObject","inLanguage":"sv-SE","@id":"https:\/\/www.smedemokrati.sk\/#\/schema\/logo\/image\/","url":"https:\/\/www.smedemokrati.sk\/wp-content\/uploads\/2023\/04\/ff.002.jpeg","contentUrl":"https:\/\/www.smedemokrati.sk\/wp-content\/uploads\/2023\/04\/ff.002.jpeg","width":640,"height":480,"caption":"Smedemokrati.sk"},"image":{"@id":"https:\/\/www.smedemokrati.sk\/#\/schema\/logo\/image\/"},"sameAs":["https:\/\/www.facebook.com\/smedemokrati2023"]},{"@type":"Person","@id":"https:\/\/www.smedemokrati.sk\/#\/schema\/person\/21f147c88d605aa7ded900e1e7c344ba","name":"miro.sopko","image":{"@type":"ImageObject","inLanguage":"sv-SE","@id":"https:\/\/secure.gravatar.com\/avatar\/267e4a36f704376c109afe3a78740c1f5dd8675a2180a908699e7863c9247606?s=96&d=mm&r=g","url":"https:\/\/secure.gravatar.com\/avatar\/267e4a36f704376c109afe3a78740c1f5dd8675a2180a908699e7863c9247606?s=96&d=mm&r=g","contentUrl":"https:\/\/secure.gravatar.com\/avatar\/267e4a36f704376c109afe3a78740c1f5dd8675a2180a908699e7863c9247606?s=96&d=mm&r=g","caption":"miro.sopko"},"url":"https:\/\/www.smedemokrati.sk\/sv\/author\/miro-sopko\/"}]}},"_links":{"self":[{"href":"https:\/\/www.smedemokrati.sk\/sv\/wp-json\/wp\/v2\/posts\/7625","targetHints":{"allow":["GET"]}}],"collection":[{"href":"https:\/\/www.smedemokrati.sk\/sv\/wp-json\/wp\/v2\/posts"}],"about":[{"href":"https:\/\/www.smedemokrati.sk\/sv\/wp-json\/wp\/v2\/types\/post"}],"author":[{"embeddable":true,"href":"https:\/\/www.smedemokrati.sk\/sv\/wp-json\/wp\/v2\/users\/13"}],"replies":[{"embeddable":true,"href":"https:\/\/www.smedemokrati.sk\/sv\/wp-json\/wp\/v2\/comments?post=7625"}],"version-history":[{"count":1,"href":"https:\/\/www.smedemokrati.sk\/sv\/wp-json\/wp\/v2\/posts\/7625\/revisions"}],"predecessor-version":[{"id":7626,"href":"https:\/\/www.smedemokrati.sk\/sv\/wp-json\/wp\/v2\/posts\/7625\/revisions\/7626"}],"wp:featuredmedia":[{"embeddable":true,"href":"https:\/\/www.smedemokrati.sk\/sv\/wp-json\/wp\/v2\/media\/385"}],"wp:attachment":[{"href":"https:\/\/www.smedemokrati.sk\/sv\/wp-json\/wp\/v2\/media?parent=7625"}],"wp:term":[{"taxonomy":"category","embeddable":true,"href":"https:\/\/www.smedemokrati.sk\/sv\/wp-json\/wp\/v2\/categories?post=7625"},{"taxonomy":"post_tag","embeddable":true,"href":"https:\/\/www.smedemokrati.sk\/sv\/wp-json\/wp\/v2\/tags?post=7625"}],"curies":[{"name":"wp","href":"https:\/\/api.w.org\/{rel}","templated":true}]}}