{"id":7614,"date":"2025-06-24T16:56:11","date_gmt":"2025-06-24T15:56:11","guid":{"rendered":"https:\/\/www.smedemokrati.sk\/?p=7614"},"modified":"2025-06-24T16:56:12","modified_gmt":"2025-06-24T15:56:12","slug":"svadba-na-prvy-pohlad-rozvod-na-druhy-konflikt-medzi-migalom-a-rasim-nepomoze-ludom-ani-samospravam","status":"publish","type":"post","link":"https:\/\/www.smedemokrati.sk\/sv\/svadba-na-prvy-pohlad-rozvod-na-druhy-konflikt-medzi-migalom-a-rasim-nepomoze-ludom-ani-samospravam\/","title":{"rendered":"Svadba na prv\u00fd poh\u013ead, rozvod na druh\u00fd: Konflikt medzi Miga\u013eom a Ra\u0161im nepom\u00f4\u017ee \u013eu\u010fom ani samospr\u00e1vam"},"content":{"rendered":"<div id=\"fb-root\"><\/div>\n\n<p><strong>\u010cerpanie eurofondov v prebiehaj\u00facom programovom obdob\u00ed v\u00fdrazne zaost\u00e1va za pl\u00e1nmi. Proces brzdia n\u00e1rodn\u00e9 in\u0161tit\u00facie neskor\u00fdm vyhlasovan\u00edm v\u00fdziev, zd\u013ahav\u00fdm podpisovan\u00edm zml\u00fav a komplikovanou kontrolou verejn\u00e9ho obstar\u00e1vania. Strana Demokrati odmieta, aby vinu za t\u00fato situ\u00e1ciu niesli samospr\u00e1vy, ako to nazna\u010duje vl\u00e1da. Tvrd\u00ed, \u017ee ide len o h\u013eadanie obetn\u00e9ho bar\u00e1nka namiesto rie\u0161en\u00ed.<\/strong><\/p>\n\n\n\n<p><em>\u201eV\u00fdhovorkami zastieraj\u00fa vlastn\u00fa neschopnos\u0165. Nepoznaj\u00fa z\u00e1kladn\u00e9 procesy a \u0161ibrinkuj\u00fa \u010d\u00edslami, ktor\u00fdm sami nerozumej\u00fa. Nez\u00e1le\u017e\u00ed na tom, \u010di bolo ministerstvo region\u00e1lneho rozvoja v ruk\u00e1ch Hlasu, alebo je teraz de facto pod kontrolou Smeru. Eurofondy st\u00e1le nete\u010d\u00fa. Zasa str\u00e1came drahocenn\u00fd \u010das a hroz\u00ed, \u017ee cenn\u00e9 peniaze nevy\u010derp\u00e1me. A to ani nehovor\u00edm o zmysluplnosti realizovan\u00fdch projektov. V tejto oblasti maj\u00fa jednozna\u010dne navrch samospr\u00e1vy a partneri v regi\u00f3noch so svojimi integrovan\u00fdmi invest\u00edciami oproti n\u00e1rodn\u00fdm projektom,\u201c<\/em>&nbsp;uviedol Peter Markovi\u010d, gener\u00e1lny sekret\u00e1r Demokratov a expert na region\u00e1lny rozvoj.<\/p>\n\n\n\n<p>Podpredseda Demokratov a expremi\u00e9r Eduard Heger kritizuje, \u017ee predstavitelia koal\u00edcie si odkazuj\u00fa svoje postoje cez soci\u00e1lne siete namiesto toho, aby rie\u0161ili probl\u00e9my.&nbsp;<em>\u201ePred vo\u013ebami hovorili o vl\u00e1de profesion\u00e1lov. S\u013eubovali pokoj, stabilitu a kon\u0161trukt\u00edvne rie\u0161enia. Dnes v\u0161ak namiesto v\u00fdsledkov doru\u010duj\u00fa len chaos. \u013dudia a samospr\u00e1vy nemaj\u00fa absol\u00fatne ni\u010d z toho, \u017ee sa predseda parlamentu Ra\u0161i h\u00e1da s ministrom Miga\u013eom cez Facebook. Vyz\u00fdvam koali\u010dn\u00fdch politikov, aby kone\u010dne prestali s divadlom, sadli si za jeden st\u00f4l a za\u010dali nap\u013a\u0148a\u0165 potenci\u00e1l Slovenska,\u201c<\/em>&nbsp;uviedol Heger.<\/p>\n\n\n\n<p>Z\u00e1stupn\u00e9 pova\u017euje aj snahu zatiahnu\u0165 do sporu predsedu Zdru\u017eenia miest a obc\u00ed Slovenska.&nbsp;<em>\u201eKe\u010f doch\u00e1dzaj\u00fa argumenty, vy\u0165ahuj\u00fa sa osobn\u00e9 animozity. Okrem odp\u00fatania pozornosti m\u00e1 tento krok za cie\u013e rozbi\u0165 jednotu zdru\u017een\u00ed samospr\u00e1v,\u201c<\/em>&nbsp;dodal.<\/p>\n\n\n\n<p>Za zvl\u00e1\u0161tny paradox ozna\u010dil Heger aj to, \u017ee Hlas-SD sa na jednej strane prezentuje ako strana \u013eud\u00ed a regi\u00f3nov, no pr\u00e1ve jej nominant Tom\u00e1\u0161 Drucker mal pod\u013ea medializovan\u00fdch inform\u00e1ci\u00ed navrhn\u00fa\u0165 na rokovan\u00ed vl\u00e1dy zadr\u017eanie 200 mili\u00f3nov eur, ktor\u00e9 mali smerova\u0165 krajom, mest\u00e1m a obciam.<\/p>\n","protected":false},"excerpt":{"rendered":"<p>\u010cerpanie eurofondov v prebiehaj\u00facom programovom obdob\u00ed v\u00fdrazne zaost\u00e1va za pl\u00e1nmi. Proces brzdia n\u00e1rodn\u00e9 in\u0161tit\u00facie neskor\u00fdm vyhlasovan\u00edm v\u00fdziev, zd\u013ahav\u00fdm podpisovan\u00edm zml\u00fav a komplikovanou kontrolou verejn\u00e9ho obstar\u00e1vania. Strana Demokrati odmieta, aby vinu za t\u00fato situ\u00e1ciu niesli samospr\u00e1vy, ako to nazna\u010duje vl\u00e1da. Tvrd\u00ed, \u017ee ide len o h\u013eadanie obetn\u00e9ho bar\u00e1nka namiesto rie\u0161en\u00ed. \u201eV\u00fdhovorkami zastieraj\u00fa vlastn\u00fa neschopnos\u0165. Nepoznaj\u00fa z\u00e1kladn\u00e9 [&hellip;]<\/p>\n","protected":false},"author":13,"featured_media":7615,"comment_status":"closed","ping_status":"closed","sticky":false,"template":"","format":"standard","meta":{"_acf_changed":false,"ngg_post_thumbnail":0,"footnotes":""},"categories":[4],"tags":[],"class_list":["post-7614","post","type-post","status-publish","format-standard","has-post-thumbnail","hentry","category-tlacove-spravy"],"acf":[],"yoast_head":"<!-- This site is optimized with the Yoast SEO plugin v27.2 - https:\/\/yoast.com\/product\/yoast-seo-wordpress\/ -->\n<title>Svadba na prv\u00fd poh\u013ead, rozvod na druh\u00fd: Konflikt medzi Miga\u013eom a Ra\u0161im nepom\u00f4\u017ee \u013eu\u010fom ani samospr\u00e1vam<\/title>\n<meta name=\"robots\" content=\"index, follow, max-snippet:-1, max-image-preview:large, max-video-preview:-1\" \/>\n<link rel=\"canonical\" href=\"https:\/\/www.smedemokrati.sk\/sv\/svadba-na-prvy-pohlad-rozvod-na-druhy-konflikt-medzi-migalom-a-rasim-nepomoze-ludom-ani-samospravam\/\" \/>\n<meta property=\"og:locale\" content=\"sv_SE\" \/>\n<meta property=\"og:locale:alternate\" content=\"en_US\" \/>\n<meta property=\"og:locale:alternate\" content=\"cs_CZ\" \/>\n<meta property=\"og:locale:alternate\" content=\"hu_HU\" \/>\n<meta property=\"og:locale:alternate\" content=\"sk_SK\" \/>\n<meta property=\"og:type\" content=\"article\" \/>\n<meta property=\"og:title\" content=\"Svadba na prv\u00fd poh\u013ead, rozvod na druh\u00fd: Konflikt medzi Miga\u013eom a Ra\u0161im nepom\u00f4\u017ee \u013eu\u010fom ani samospr\u00e1vam\" \/>\n<meta property=\"og:description\" content=\"\u010cerpanie eurofondov v prebiehaj\u00facom programovom obdob\u00ed v\u00fdrazne zaost\u00e1va za pl\u00e1nmi. Proces brzdia n\u00e1rodn\u00e9 in\u0161tit\u00facie neskor\u00fdm vyhlasovan\u00edm v\u00fdziev, zd\u013ahav\u00fdm podpisovan\u00edm zml\u00fav a komplikovanou kontrolou verejn\u00e9ho obstar\u00e1vania. Strana Demokrati odmieta, aby vinu za t\u00fato situ\u00e1ciu niesli samospr\u00e1vy, ako to nazna\u010duje vl\u00e1da. Tvrd\u00ed, \u017ee ide len o h\u013eadanie obetn\u00e9ho bar\u00e1nka namiesto rie\u0161en\u00ed. \u201eV\u00fdhovorkami zastieraj\u00fa vlastn\u00fa neschopnos\u0165. Nepoznaj\u00fa z\u00e1kladn\u00e9 [&hellip;]\" \/>\n<meta property=\"og:url\" content=\"https:\/\/www.smedemokrati.sk\/sv\/svadba-na-prvy-pohlad-rozvod-na-druhy-konflikt-medzi-migalom-a-rasim-nepomoze-ludom-ani-samospravam\/\" \/>\n<meta property=\"og:site_name\" content=\"Smedemokrati.sk\" \/>\n<meta property=\"article:publisher\" content=\"https:\/\/www.facebook.com\/smedemokrati2023\" \/>\n<meta property=\"article:published_time\" content=\"2025-06-24T15:56:11+00:00\" \/>\n<meta property=\"article:modified_time\" content=\"2025-06-24T15:56:12+00:00\" \/>\n<meta property=\"og:image\" content=\"https:\/\/www.smedemokrati.sk\/wp-content\/uploads\/2025\/06\/4667049.jpg\" \/>\n\t<meta property=\"og:image:width\" content=\"900\" \/>\n\t<meta property=\"og:image:height\" content=\"600\" \/>\n\t<meta property=\"og:image:type\" content=\"image\/jpeg\" \/>\n<meta name=\"author\" content=\"miro.sopko\" \/>\n<meta name=\"twitter:card\" content=\"summary_large_image\" \/>\n<meta name=\"twitter:label1\" content=\"Skriven av\" \/>\n\t<meta name=\"twitter:data1\" content=\"miro.sopko\" \/>\n\t<meta name=\"twitter:label2\" content=\"Ber\u00e4knad l\u00e4stid\" \/>\n\t<meta name=\"twitter:data2\" content=\"2 minuter\" \/>\n<script type=\"application\/ld+json\" class=\"yoast-schema-graph\">{\"@context\":\"https:\/\/schema.org\",\"@graph\":[{\"@type\":\"Article\",\"@id\":\"https:\/\/www.smedemokrati.sk\/svadba-na-prvy-pohlad-rozvod-na-druhy-konflikt-medzi-migalom-a-rasim-nepomoze-ludom-ani-samospravam\/#article\",\"isPartOf\":{\"@id\":\"https:\/\/www.smedemokrati.sk\/svadba-na-prvy-pohlad-rozvod-na-druhy-konflikt-medzi-migalom-a-rasim-nepomoze-ludom-ani-samospravam\/\"},\"author\":{\"name\":\"miro.sopko\",\"@id\":\"https:\/\/www.smedemokrati.sk\/#\/schema\/person\/21f147c88d605aa7ded900e1e7c344ba\"},\"headline\":\"Svadba na prv\u00fd poh\u013ead, rozvod na druh\u00fd: Konflikt medzi Miga\u013eom a Ra\u0161im nepom\u00f4\u017ee \u013eu\u010fom ani samospr\u00e1vam\",\"datePublished\":\"2025-06-24T15:56:11+00:00\",\"dateModified\":\"2025-06-24T15:56:12+00:00\",\"mainEntityOfPage\":{\"@id\":\"https:\/\/www.smedemokrati.sk\/svadba-na-prvy-pohlad-rozvod-na-druhy-konflikt-medzi-migalom-a-rasim-nepomoze-ludom-ani-samospravam\/\"},\"wordCount\":410,\"publisher\":{\"@id\":\"https:\/\/www.smedemokrati.sk\/#organization\"},\"image\":{\"@id\":\"https:\/\/www.smedemokrati.sk\/svadba-na-prvy-pohlad-rozvod-na-druhy-konflikt-medzi-migalom-a-rasim-nepomoze-ludom-ani-samospravam\/#primaryimage\"},\"thumbnailUrl\":\"https:\/\/www.smedemokrati.sk\/wp-content\/uploads\/2025\/06\/4667049.jpg\",\"articleSection\":[\"Tla\u010dov\u00e9 spr\u00e1vy\"],\"inLanguage\":\"sv-SE\"},{\"@type\":\"WebPage\",\"@id\":\"https:\/\/www.smedemokrati.sk\/svadba-na-prvy-pohlad-rozvod-na-druhy-konflikt-medzi-migalom-a-rasim-nepomoze-ludom-ani-samospravam\/\",\"url\":\"https:\/\/www.smedemokrati.sk\/svadba-na-prvy-pohlad-rozvod-na-druhy-konflikt-medzi-migalom-a-rasim-nepomoze-ludom-ani-samospravam\/\",\"name\":\"Svadba na prv\u00fd poh\u013ead, rozvod na druh\u00fd: Konflikt medzi Miga\u013eom a Ra\u0161im nepom\u00f4\u017ee \u013eu\u010fom ani samospr\u00e1vam\",\"isPartOf\":{\"@id\":\"https:\/\/www.smedemokrati.sk\/#website\"},\"primaryImageOfPage\":{\"@id\":\"https:\/\/www.smedemokrati.sk\/svadba-na-prvy-pohlad-rozvod-na-druhy-konflikt-medzi-migalom-a-rasim-nepomoze-ludom-ani-samospravam\/#primaryimage\"},\"image\":{\"@id\":\"https:\/\/www.smedemokrati.sk\/svadba-na-prvy-pohlad-rozvod-na-druhy-konflikt-medzi-migalom-a-rasim-nepomoze-ludom-ani-samospravam\/#primaryimage\"},\"thumbnailUrl\":\"https:\/\/www.smedemokrati.sk\/wp-content\/uploads\/2025\/06\/4667049.jpg\",\"datePublished\":\"2025-06-24T15:56:11+00:00\",\"dateModified\":\"2025-06-24T15:56:12+00:00\",\"breadcrumb\":{\"@id\":\"https:\/\/www.smedemokrati.sk\/svadba-na-prvy-pohlad-rozvod-na-druhy-konflikt-medzi-migalom-a-rasim-nepomoze-ludom-ani-samospravam\/#breadcrumb\"},\"inLanguage\":\"sv-SE\",\"potentialAction\":[{\"@type\":\"ReadAction\",\"target\":[\"https:\/\/www.smedemokrati.sk\/svadba-na-prvy-pohlad-rozvod-na-druhy-konflikt-medzi-migalom-a-rasim-nepomoze-ludom-ani-samospravam\/\"]}]},{\"@type\":\"ImageObject\",\"inLanguage\":\"sv-SE\",\"@id\":\"https:\/\/www.smedemokrati.sk\/svadba-na-prvy-pohlad-rozvod-na-druhy-konflikt-medzi-migalom-a-rasim-nepomoze-ludom-ani-samospravam\/#primaryimage\",\"url\":\"https:\/\/www.smedemokrati.sk\/wp-content\/uploads\/2025\/06\/4667049.jpg\",\"contentUrl\":\"https:\/\/www.smedemokrati.sk\/wp-content\/uploads\/2025\/06\/4667049.jpg\",\"width\":900,\"height\":600},{\"@type\":\"BreadcrumbList\",\"@id\":\"https:\/\/www.smedemokrati.sk\/svadba-na-prvy-pohlad-rozvod-na-druhy-konflikt-medzi-migalom-a-rasim-nepomoze-ludom-ani-samospravam\/#breadcrumb\",\"itemListElement\":[{\"@type\":\"ListItem\",\"position\":1,\"name\":\"Domovsk\u00e1 str\u00e1nka\",\"item\":\"https:\/\/www.smedemokrati.sk\/\"},{\"@type\":\"ListItem\",\"position\":2,\"name\":\"Svadba na prv\u00fd poh\u013ead, rozvod na druh\u00fd: Konflikt medzi Miga\u013eom a Ra\u0161im nepom\u00f4\u017ee \u013eu\u010fom ani samospr\u00e1vam\"}]},{\"@type\":\"WebSite\",\"@id\":\"https:\/\/www.smedemokrati.sk\/#website\",\"url\":\"https:\/\/www.smedemokrati.sk\/\",\"name\":\"Smedemokrati.sk\",\"description\":\"Demokracia a slu\u0161nos\u0165 zv\u00ed\u0165az\u00ed\",\"publisher\":{\"@id\":\"https:\/\/www.smedemokrati.sk\/#organization\"},\"potentialAction\":[{\"@type\":\"SearchAction\",\"target\":{\"@type\":\"EntryPoint\",\"urlTemplate\":\"https:\/\/www.smedemokrati.sk\/?s={search_term_string}\"},\"query-input\":{\"@type\":\"PropertyValueSpecification\",\"valueRequired\":true,\"valueName\":\"search_term_string\"}}],\"inLanguage\":\"sv-SE\"},{\"@type\":\"Organization\",\"@id\":\"https:\/\/www.smedemokrati.sk\/#organization\",\"name\":\"Smedemokrati.sk\",\"url\":\"https:\/\/www.smedemokrati.sk\/\",\"logo\":{\"@type\":\"ImageObject\",\"inLanguage\":\"sv-SE\",\"@id\":\"https:\/\/www.smedemokrati.sk\/#\/schema\/logo\/image\/\",\"url\":\"https:\/\/www.smedemokrati.sk\/wp-content\/uploads\/2023\/04\/ff.002.jpeg\",\"contentUrl\":\"https:\/\/www.smedemokrati.sk\/wp-content\/uploads\/2023\/04\/ff.002.jpeg\",\"width\":640,\"height\":480,\"caption\":\"Smedemokrati.sk\"},\"image\":{\"@id\":\"https:\/\/www.smedemokrati.sk\/#\/schema\/logo\/image\/\"},\"sameAs\":[\"https:\/\/www.facebook.com\/smedemokrati2023\"]},{\"@type\":\"Person\",\"@id\":\"https:\/\/www.smedemokrati.sk\/#\/schema\/person\/21f147c88d605aa7ded900e1e7c344ba\",\"name\":\"miro.sopko\",\"image\":{\"@type\":\"ImageObject\",\"inLanguage\":\"sv-SE\",\"@id\":\"https:\/\/secure.gravatar.com\/avatar\/267e4a36f704376c109afe3a78740c1f5dd8675a2180a908699e7863c9247606?s=96&d=mm&r=g\",\"url\":\"https:\/\/secure.gravatar.com\/avatar\/267e4a36f704376c109afe3a78740c1f5dd8675a2180a908699e7863c9247606?s=96&d=mm&r=g\",\"contentUrl\":\"https:\/\/secure.gravatar.com\/avatar\/267e4a36f704376c109afe3a78740c1f5dd8675a2180a908699e7863c9247606?s=96&d=mm&r=g\",\"caption\":\"miro.sopko\"},\"url\":\"https:\/\/www.smedemokrati.sk\/sv\/author\/miro-sopko\/\"}]}<\/script>\n<!-- \/ Yoast SEO plugin. -->","yoast_head_json":{"title":"Svadba na prv\u00fd poh\u013ead, rozvod na druh\u00fd: Konflikt medzi Miga\u013eom a Ra\u0161im nepom\u00f4\u017ee \u013eu\u010fom ani samospr\u00e1vam","robots":{"index":"index","follow":"follow","max-snippet":"max-snippet:-1","max-image-preview":"max-image-preview:large","max-video-preview":"max-video-preview:-1"},"canonical":"https:\/\/www.smedemokrati.sk\/sv\/svadba-na-prvy-pohlad-rozvod-na-druhy-konflikt-medzi-migalom-a-rasim-nepomoze-ludom-ani-samospravam\/","og_locale":"sv_SE","og_type":"article","og_title":"[:sk]Svadba na prv\u00fd poh\u013ead, rozvod na druh\u00fd: Konflikt medzi Miga\u013eom a Ra\u0161im nepom\u00f4\u017ee \u013eu\u010fom ani samospr\u00e1vam[:] - Smedemokrati.sk","og_description":"\u010cerpanie eurofondov v prebiehaj\u00facom programovom obdob\u00ed v\u00fdrazne zaost\u00e1va za pl\u00e1nmi. Proces brzdia n\u00e1rodn\u00e9 in\u0161tit\u00facie neskor\u00fdm vyhlasovan\u00edm v\u00fdziev, zd\u013ahav\u00fdm podpisovan\u00edm zml\u00fav a komplikovanou kontrolou verejn\u00e9ho obstar\u00e1vania. Strana Demokrati odmieta, aby vinu za t\u00fato situ\u00e1ciu niesli samospr\u00e1vy, ako to nazna\u010duje vl\u00e1da. Tvrd\u00ed, \u017ee ide len o h\u013eadanie obetn\u00e9ho bar\u00e1nka namiesto rie\u0161en\u00ed. \u201eV\u00fdhovorkami zastieraj\u00fa vlastn\u00fa neschopnos\u0165. Nepoznaj\u00fa z\u00e1kladn\u00e9 [&hellip;]","og_url":"https:\/\/www.smedemokrati.sk\/sv\/svadba-na-prvy-pohlad-rozvod-na-druhy-konflikt-medzi-migalom-a-rasim-nepomoze-ludom-ani-samospravam\/","og_site_name":"Smedemokrati.sk","article_publisher":"https:\/\/www.facebook.com\/smedemokrati2023","article_published_time":"2025-06-24T15:56:11+00:00","article_modified_time":"2025-06-24T15:56:12+00:00","og_image":[{"width":900,"height":600,"url":"https:\/\/www.smedemokrati.sk\/wp-content\/uploads\/2025\/06\/4667049.jpg","type":"image\/jpeg"}],"author":"miro.sopko","twitter_card":"summary_large_image","twitter_misc":{"Skriven av":"miro.sopko","Ber\u00e4knad l\u00e4stid":"2 minuter"},"schema":{"@context":"https:\/\/schema.org","@graph":[{"@type":"Article","@id":"https:\/\/www.smedemokrati.sk\/svadba-na-prvy-pohlad-rozvod-na-druhy-konflikt-medzi-migalom-a-rasim-nepomoze-ludom-ani-samospravam\/#article","isPartOf":{"@id":"https:\/\/www.smedemokrati.sk\/svadba-na-prvy-pohlad-rozvod-na-druhy-konflikt-medzi-migalom-a-rasim-nepomoze-ludom-ani-samospravam\/"},"author":{"name":"miro.sopko","@id":"https:\/\/www.smedemokrati.sk\/#\/schema\/person\/21f147c88d605aa7ded900e1e7c344ba"},"headline":"Svadba na prv\u00fd poh\u013ead, rozvod na druh\u00fd: Konflikt medzi Miga\u013eom a Ra\u0161im nepom\u00f4\u017ee \u013eu\u010fom ani samospr\u00e1vam","datePublished":"2025-06-24T15:56:11+00:00","dateModified":"2025-06-24T15:56:12+00:00","mainEntityOfPage":{"@id":"https:\/\/www.smedemokrati.sk\/svadba-na-prvy-pohlad-rozvod-na-druhy-konflikt-medzi-migalom-a-rasim-nepomoze-ludom-ani-samospravam\/"},"wordCount":410,"publisher":{"@id":"https:\/\/www.smedemokrati.sk\/#organization"},"image":{"@id":"https:\/\/www.smedemokrati.sk\/svadba-na-prvy-pohlad-rozvod-na-druhy-konflikt-medzi-migalom-a-rasim-nepomoze-ludom-ani-samospravam\/#primaryimage"},"thumbnailUrl":"https:\/\/www.smedemokrati.sk\/wp-content\/uploads\/2025\/06\/4667049.jpg","articleSection":["Tla\u010dov\u00e9 spr\u00e1vy"],"inLanguage":"sv-SE"},{"@type":"WebPage","@id":"https:\/\/www.smedemokrati.sk\/svadba-na-prvy-pohlad-rozvod-na-druhy-konflikt-medzi-migalom-a-rasim-nepomoze-ludom-ani-samospravam\/","url":"https:\/\/www.smedemokrati.sk\/svadba-na-prvy-pohlad-rozvod-na-druhy-konflikt-medzi-migalom-a-rasim-nepomoze-ludom-ani-samospravam\/","name":"Svadba na prv\u00fd poh\u013ead, rozvod na druh\u00fd: Konflikt medzi Miga\u013eom a Ra\u0161im nepom\u00f4\u017ee \u013eu\u010fom ani samospr\u00e1vam","isPartOf":{"@id":"https:\/\/www.smedemokrati.sk\/#website"},"primaryImageOfPage":{"@id":"https:\/\/www.smedemokrati.sk\/svadba-na-prvy-pohlad-rozvod-na-druhy-konflikt-medzi-migalom-a-rasim-nepomoze-ludom-ani-samospravam\/#primaryimage"},"image":{"@id":"https:\/\/www.smedemokrati.sk\/svadba-na-prvy-pohlad-rozvod-na-druhy-konflikt-medzi-migalom-a-rasim-nepomoze-ludom-ani-samospravam\/#primaryimage"},"thumbnailUrl":"https:\/\/www.smedemokrati.sk\/wp-content\/uploads\/2025\/06\/4667049.jpg","datePublished":"2025-06-24T15:56:11+00:00","dateModified":"2025-06-24T15:56:12+00:00","breadcrumb":{"@id":"https:\/\/www.smedemokrati.sk\/svadba-na-prvy-pohlad-rozvod-na-druhy-konflikt-medzi-migalom-a-rasim-nepomoze-ludom-ani-samospravam\/#breadcrumb"},"inLanguage":"sv-SE","potentialAction":[{"@type":"ReadAction","target":["https:\/\/www.smedemokrati.sk\/svadba-na-prvy-pohlad-rozvod-na-druhy-konflikt-medzi-migalom-a-rasim-nepomoze-ludom-ani-samospravam\/"]}]},{"@type":"ImageObject","inLanguage":"sv-SE","@id":"https:\/\/www.smedemokrati.sk\/svadba-na-prvy-pohlad-rozvod-na-druhy-konflikt-medzi-migalom-a-rasim-nepomoze-ludom-ani-samospravam\/#primaryimage","url":"https:\/\/www.smedemokrati.sk\/wp-content\/uploads\/2025\/06\/4667049.jpg","contentUrl":"https:\/\/www.smedemokrati.sk\/wp-content\/uploads\/2025\/06\/4667049.jpg","width":900,"height":600},{"@type":"BreadcrumbList","@id":"https:\/\/www.smedemokrati.sk\/svadba-na-prvy-pohlad-rozvod-na-druhy-konflikt-medzi-migalom-a-rasim-nepomoze-ludom-ani-samospravam\/#breadcrumb","itemListElement":[{"@type":"ListItem","position":1,"name":"Domovsk\u00e1 str\u00e1nka","item":"https:\/\/www.smedemokrati.sk\/"},{"@type":"ListItem","position":2,"name":"Svadba na prv\u00fd poh\u013ead, rozvod na druh\u00fd: Konflikt medzi Miga\u013eom a Ra\u0161im nepom\u00f4\u017ee \u013eu\u010fom ani samospr\u00e1vam"}]},{"@type":"WebSite","@id":"https:\/\/www.smedemokrati.sk\/#website","url":"https:\/\/www.smedemokrati.sk\/","name":"Smedemokrati.sk","description":"Demokracia a slu\u0161nos\u0165 zv\u00ed\u0165az\u00ed","publisher":{"@id":"https:\/\/www.smedemokrati.sk\/#organization"},"potentialAction":[{"@type":"SearchAction","target":{"@type":"EntryPoint","urlTemplate":"https:\/\/www.smedemokrati.sk\/?s={search_term_string}"},"query-input":{"@type":"PropertyValueSpecification","valueRequired":true,"valueName":"search_term_string"}}],"inLanguage":"sv-SE"},{"@type":"Organization","@id":"https:\/\/www.smedemokrati.sk\/#organization","name":"Smedemokrati.sk","url":"https:\/\/www.smedemokrati.sk\/","logo":{"@type":"ImageObject","inLanguage":"sv-SE","@id":"https:\/\/www.smedemokrati.sk\/#\/schema\/logo\/image\/","url":"https:\/\/www.smedemokrati.sk\/wp-content\/uploads\/2023\/04\/ff.002.jpeg","contentUrl":"https:\/\/www.smedemokrati.sk\/wp-content\/uploads\/2023\/04\/ff.002.jpeg","width":640,"height":480,"caption":"Smedemokrati.sk"},"image":{"@id":"https:\/\/www.smedemokrati.sk\/#\/schema\/logo\/image\/"},"sameAs":["https:\/\/www.facebook.com\/smedemokrati2023"]},{"@type":"Person","@id":"https:\/\/www.smedemokrati.sk\/#\/schema\/person\/21f147c88d605aa7ded900e1e7c344ba","name":"miro.sopko","image":{"@type":"ImageObject","inLanguage":"sv-SE","@id":"https:\/\/secure.gravatar.com\/avatar\/267e4a36f704376c109afe3a78740c1f5dd8675a2180a908699e7863c9247606?s=96&d=mm&r=g","url":"https:\/\/secure.gravatar.com\/avatar\/267e4a36f704376c109afe3a78740c1f5dd8675a2180a908699e7863c9247606?s=96&d=mm&r=g","contentUrl":"https:\/\/secure.gravatar.com\/avatar\/267e4a36f704376c109afe3a78740c1f5dd8675a2180a908699e7863c9247606?s=96&d=mm&r=g","caption":"miro.sopko"},"url":"https:\/\/www.smedemokrati.sk\/sv\/author\/miro-sopko\/"}]}},"_links":{"self":[{"href":"https:\/\/www.smedemokrati.sk\/sv\/wp-json\/wp\/v2\/posts\/7614","targetHints":{"allow":["GET"]}}],"collection":[{"href":"https:\/\/www.smedemokrati.sk\/sv\/wp-json\/wp\/v2\/posts"}],"about":[{"href":"https:\/\/www.smedemokrati.sk\/sv\/wp-json\/wp\/v2\/types\/post"}],"author":[{"embeddable":true,"href":"https:\/\/www.smedemokrati.sk\/sv\/wp-json\/wp\/v2\/users\/13"}],"replies":[{"embeddable":true,"href":"https:\/\/www.smedemokrati.sk\/sv\/wp-json\/wp\/v2\/comments?post=7614"}],"version-history":[{"count":1,"href":"https:\/\/www.smedemokrati.sk\/sv\/wp-json\/wp\/v2\/posts\/7614\/revisions"}],"predecessor-version":[{"id":7616,"href":"https:\/\/www.smedemokrati.sk\/sv\/wp-json\/wp\/v2\/posts\/7614\/revisions\/7616"}],"wp:featuredmedia":[{"embeddable":true,"href":"https:\/\/www.smedemokrati.sk\/sv\/wp-json\/wp\/v2\/media\/7615"}],"wp:attachment":[{"href":"https:\/\/www.smedemokrati.sk\/sv\/wp-json\/wp\/v2\/media?parent=7614"}],"wp:term":[{"taxonomy":"category","embeddable":true,"href":"https:\/\/www.smedemokrati.sk\/sv\/wp-json\/wp\/v2\/categories?post=7614"},{"taxonomy":"post_tag","embeddable":true,"href":"https:\/\/www.smedemokrati.sk\/sv\/wp-json\/wp\/v2\/tags?post=7614"}],"curies":[{"name":"wp","href":"https:\/\/api.w.org\/{rel}","templated":true}]}}