{"id":7591,"date":"2025-06-24T09:59:11","date_gmt":"2025-06-24T08:59:11","guid":{"rendered":"https:\/\/www.smedemokrati.sk\/?p=7591"},"modified":"2025-06-24T09:59:11","modified_gmt":"2025-06-24T08:59:11","slug":"je-zamerom-fica-a-tarabu-zabezpecit-orbanovi-lacne-energie-do-volieb-na-ukor-slovenska","status":"publish","type":"post","link":"https:\/\/www.smedemokrati.sk\/sv\/je-zamerom-fica-a-tarabu-zabezpecit-orbanovi-lacne-energie-do-volieb-na-ukor-slovenska\/","title":{"rendered":"Je z\u00e1merom Fica a Tarabu zabezpe\u010di\u0165 Orb\u00e1novi lacn\u00e9 energie do volieb na \u00fakor Slovenska?"},"content":{"rendered":"<div id=\"fb-root\"><\/div>\n\n<p><strong><em>Strana Demokrati disponuje dokumentmi zh\u0155\u0148aj\u00facimi po\u010diato\u010dn\u00e9 poz\u00edcie o priebehu rokovan\u00ed medzi Slovenskom a Ma\u010farskom oh\u013eadom sporu Gab\u010d\u00edkovo &#8211; Nagymaros. Hoci sa rokovania teraz ved\u00fa u\u017e v utajen\u00ed, aj tieto skor\u0161ie dokumenty zakladaj\u00fa na\u0161e obavy. V hre m\u00f4\u017ee by\u0165 garantovan\u00e1 elektrina z Gab\u010d\u00edkova na desa\u0165ro\u010dia za v\u00fdrobn\u00e9 n\u00e1klady alebo aj \u201ezabet\u00f3novanie\u201d v\u00fdstavby pre\u010derp\u00e1vacej elektr\u00e1rne na Ipli sl\u00fa\u017eiacej prim\u00e1rne energetick\u00fdm z\u00e1ujmom Ma\u010farska priamo do medzivl\u00e1dnej dohody. Vyz\u00fdvame vl\u00e1du na jednozna\u010dn\u00e9 stanovisko a odtajnenie obsahu doh\u00f4d a obh\u00e1jenie ich v\u00fdhodnosti. Inak hroz\u00ed, \u017ee v d\u00f4sledku ich rozhodnut\u00ed bud\u00fa slovensk\u00ed spotrebitelia na desiatky rokov \u201edotova\u0165\u201d lacn\u00e9 ceny energi\u00ed v Ma\u010farsku.\u00a0<\/em><\/strong><\/p>\n\n\n\n<p>Tak\u00fdto postup nepova\u017eujeme za \u0161tandardn\u00fd a u\u017e v\u00f4bec nie zodpovedn\u00fd k bud\u00facnosti Slovenska a jeho suverenity.<em>\u00a0\u201eJe u\u017e zrejm\u00e9 pre\u010do obsah rokovan\u00ed bol utajovan\u00fd, bez \u00fa\u010dasti dlhoro\u010dn\u00fdch expertov a Taraba s Robertom Ficom ani po opakovan\u00fdch v\u00fdzvach neposkytli \u017eiadne parametre dohody. Z dokumentov, ktor\u00e9 sa n\u00e1m dostali do r\u00fak vypl\u00fdva, \u017ee Slovensko v nich m\u00f4\u017ee \u0165aha\u0165 za krat\u0161\u00ed koniec a vl\u00e1da rokuje o neprimeran\u00fdch \u00fastupkoch ma\u010farskej strane,\u201d\u00a0<\/em>kritizuje postup vl\u00e1dy Michal Ki\u010da, enviroexpert Demokratov.<\/p>\n\n\n\n<p>Prv\u00e1 je oblas\u0165 prerozde\u013eovania elektrickej energie. \u201e<em>Gab\u010d\u00edkovo produkuje cca 10 % spotreby slovenskej energie, ktor\u00e1 m\u00e1 tzv. zelen\u00fd p\u00f4vod, a preto je absol\u00fatne k\u013e\u00fa\u010dov\u00e1 pre slovensk\u00fd priemysel a l\u00e1kanie zahrani\u010dn\u00fdch invest\u00edci\u00ed. V hre m\u00f4\u017ee by\u0165 po\u017eiadavka na garantovan\u00e9 dlhodob\u00e9 dod\u00e1vky elektrickej energie pre Ma\u010farsko mimo be\u017en\u00e9ho trhov\u00e9ho obchodu (dlhodob\u00e1 zmluva PPA OTC &#8211; over the counter), na obdobie od 10 do 30 rokov, predmetom ktorej m\u00f4\u017ee by\u0165 dod\u00e1vka a\u017e do cca 40 % ro\u010dnej produkcie elektrickej energie (cca 0,8 a\u017e 1 TWH), a to nie za trhov\u00e9 ceny, ale v\u00fdlu\u010dne za n\u00e1kladov\u00fa cenu. Pritom, ro\u010dn\u00fd pr\u00edjem z trhov\u00e9ho predaja elektrickej energie z Gab\u010d\u00edkova je od 300 do 400 mil. eur za posledn\u00e9 roky. Ak toto m\u00e1 by\u0165 kompenz\u00e1cia, tak sa p\u00fdtam za \u010do? Nie je to sk\u00f4r zlat\u00e1 ba\u0148a?\u201d<\/em>\u00a0vysvet\u013euje Michal Ki\u010da.\u00a0<\/p>\n\n\n\n<p>Za rovnako z\u00e1va\u017en\u00e9 pova\u017eujeme riziko \u201ezabet\u00f3nova\u0165\u201d v\u00fdstavbu PVE na Ipli do urovnania sporu s Ma\u010farskom, ktor\u00e9 bude ma\u0165 podobu medzivl\u00e1dnej zmluvy. Slovensku tak\u00fato pre\u010derp\u00e1va\u010dku nepotrebuje, naopak, Ma\u010farsko \u00e1no. Pod\u013ea na\u0161ich inform\u00e1ci\u00ed mala ma\u010farsk\u00e1 strana prejavi\u0165 v r\u00e1mci rokovan\u00ed o urovnanie sporu o Gab\u010d\u00edkovo &#8211; Nagymaros z\u00e1ujem o \u0161ir\u0161iu spolupr\u00e1cu v oblasti energetiky, medzi in\u00fdmi aj konkr\u00e9tne o v\u00fdstavbu pre\u010derp\u00e1vacej vodnej elektr\u00e1rne na Ipli. \u201e<em>Minister Taraba \u010dasto opakuje, \u017ee vl\u00e1da prijme tak\u00e9 rozhodnutia o v\u00fdstavbe PVE, aby u\u017e nikto v bud\u00facnosti nemohol toto rozhodnutie zmeni\u0165. Tak\u00fdmto rozhodnut\u00edm by bolo zaviazanie sa Slovenska na v\u00fdstavbu pre\u010derp\u00e1va\u010dky na Ipli v medzi\u0161t\u00e1tnej dohode. Bol by to \u0161kand\u00e1l, preto\u017ee \u017eiadne \u0161t\u00fadie v\u00fdhodnosti a uskuto\u010dnite\u013enosti nie s\u00fa zn\u00e1me, napriek tomu by vl\u00e1da prijala prakticky nezvratn\u00e9 rozhodnutie o miliard\u00e1ch, vysvet\u013euje Michal Ki\u010da,\u201d\u00a0<\/em>\u010dlen predsedn\u00edctva Demokratov.<\/p>\n\n\n\n<p>Tak si to zhr\u0148me. \u201e<em>V\u00fdsledkom dohody m\u00f4\u017ee by\u0165, \u017ee Ma\u010fari nepostavia svoju hydroelektr\u00e1re\u0148 v Nagymarosi, no bud\u00fa ma\u0165 podiel elektriny z Gab\u010d\u00edkova za n\u00e1kladov\u00fa cenu a my sa e\u0161te m\u00f4\u017eeme zaviaza\u0165, aby sme spolo\u010dne postavili za miliardy M\u00e1linec, ktor\u00fd ale Slovensko nepotrebuje. Budeme teda nies\u0165 v\u0161etky rizik\u00e1 a n\u00e1klady spojen\u00e9 s v\u00fdstavbou a predajom elektriny. Na toto cel\u00e9 sa m\u00f4\u017ee zaviaza\u0165 slovensk\u00e1 vl\u00e1da v prakticky nevypovedate\u013enej zmluve, ktor\u00e1 sa pripravuje potichu a m\u00f4\u017ee t\u00fdm ovplyvni\u0165 t\u00fdm v\u00fdvoj na desiatky rokov dopredu. Lacn\u00fa zelen\u00fa energiu pre Ma\u010farsko zaplatia spotrebitelia na Slovensku,<\/em>\u201d vysvet\u013euje Michal Ki\u010da.\u00a0<\/p>\n\n\n\n<p><em>\u201eP\u00fdtame sa, \u010do dostane Slovensko? Je pravda, \u017ee sa chyst\u00e1me odovzda\u0165 Orb\u00e1novi elektrick\u00fa energiu z Gab\u010d\u00edkova na 30 rokov za n\u00e1kladov\u00e9 ceny? Ako inak sa m\u00e1 toto vola\u0165, ak nie ekonomick\u00e1 zrada Slovenska a jeho ob\u010danov? Jednozna\u010dne vyz\u00fdvame vl\u00e1du, aby kone\u010dne informovala ob\u010danov na Slovensku o obsahu medzi\u0161t\u00e1tnych rokovan\u00ed. Ak to je tak\u00e9 super v\u00fdhodn\u00e9 pre Slovensko, nebud\u00fa ma\u0165 probl\u00e9m sa obsahom dohody pochv\u00e1li\u0165.\u201d\u00a0<\/em>uzavrel Juraj \u0160eliga.<\/p>\n\n\n<div class=\"fb-video\" data-href=\"https:\/\/fb.watch\/Aq7PBeT7CJ\" data-allowfullscreen=\"true\" data-autoplay=\"false\" data-width=\"\" data-show-text=\"false\" data-show-captions=\"true\"><\/div>\n","protected":false},"excerpt":{"rendered":"<p>Strana Demokrati disponuje dokumentmi zh\u0155\u0148aj\u00facimi po\u010diato\u010dn\u00e9 poz\u00edcie o priebehu rokovan\u00ed medzi Slovenskom a Ma\u010farskom oh\u013eadom sporu Gab\u010d\u00edkovo &#8211; Nagymaros. Hoci sa rokovania teraz ved\u00fa u\u017e v utajen\u00ed, aj tieto skor\u0161ie dokumenty zakladaj\u00fa na\u0161e obavy. V hre m\u00f4\u017ee by\u0165 garantovan\u00e1 elektrina z Gab\u010d\u00edkova na desa\u0165ro\u010dia za v\u00fdrobn\u00e9 n\u00e1klady alebo aj \u201ezabet\u00f3novanie\u201d v\u00fdstavby pre\u010derp\u00e1vacej elektr\u00e1rne na Ipli [&hellip;]<\/p>\n","protected":false},"author":13,"featured_media":7592,"comment_status":"closed","ping_status":"closed","sticky":false,"template":"","format":"standard","meta":{"_acf_changed":false,"ngg_post_thumbnail":0,"footnotes":""},"categories":[4],"tags":[],"class_list":["post-7591","post","type-post","status-publish","format-standard","has-post-thumbnail","hentry","category-tlacove-spravy"],"acf":[],"yoast_head":"<!-- This site is optimized with the Yoast SEO plugin v27.2 - https:\/\/yoast.com\/product\/yoast-seo-wordpress\/ -->\n<title>Je z\u00e1merom Fica a Tarabu zabezpe\u010di\u0165 Orb\u00e1novi lacn\u00e9 energie do volieb na \u00fakor Slovenska?<\/title>\n<meta name=\"robots\" content=\"index, follow, max-snippet:-1, max-image-preview:large, max-video-preview:-1\" \/>\n<link rel=\"canonical\" href=\"https:\/\/www.smedemokrati.sk\/sv\/je-zamerom-fica-a-tarabu-zabezpecit-orbanovi-lacne-energie-do-volieb-na-ukor-slovenska\/\" \/>\n<meta property=\"og:locale\" content=\"sv_SE\" \/>\n<meta property=\"og:locale:alternate\" content=\"en_US\" \/>\n<meta property=\"og:locale:alternate\" content=\"cs_CZ\" \/>\n<meta property=\"og:locale:alternate\" content=\"hu_HU\" \/>\n<meta property=\"og:locale:alternate\" content=\"sk_SK\" \/>\n<meta property=\"og:type\" content=\"article\" \/>\n<meta property=\"og:title\" content=\"Je z\u00e1merom Fica a Tarabu zabezpe\u010di\u0165 Orb\u00e1novi lacn\u00e9 energie do volieb na \u00fakor Slovenska?\" \/>\n<meta property=\"og:description\" content=\"Strana Demokrati disponuje dokumentmi zh\u0155\u0148aj\u00facimi po\u010diato\u010dn\u00e9 poz\u00edcie o priebehu rokovan\u00ed medzi Slovenskom a Ma\u010farskom oh\u013eadom sporu Gab\u010d\u00edkovo &#8211; Nagymaros. Hoci sa rokovania teraz ved\u00fa u\u017e v utajen\u00ed, aj tieto skor\u0161ie dokumenty zakladaj\u00fa na\u0161e obavy. V hre m\u00f4\u017ee by\u0165 garantovan\u00e1 elektrina z Gab\u010d\u00edkova na desa\u0165ro\u010dia za v\u00fdrobn\u00e9 n\u00e1klady alebo aj \u201ezabet\u00f3novanie\u201d v\u00fdstavby pre\u010derp\u00e1vacej elektr\u00e1rne na Ipli [&hellip;]\" \/>\n<meta property=\"og:url\" content=\"https:\/\/www.smedemokrati.sk\/sv\/je-zamerom-fica-a-tarabu-zabezpecit-orbanovi-lacne-energie-do-volieb-na-ukor-slovenska\/\" \/>\n<meta property=\"og:site_name\" content=\"Smedemokrati.sk\" \/>\n<meta property=\"article:publisher\" content=\"https:\/\/www.facebook.com\/smedemokrati2023\" \/>\n<meta property=\"article:published_time\" content=\"2025-06-24T08:59:11+00:00\" \/>\n<meta property=\"og:image\" content=\"https:\/\/www.smedemokrati.sk\/wp-content\/uploads\/2025\/06\/fico-orban.jpg\" \/>\n\t<meta property=\"og:image:width\" content=\"978\" \/>\n\t<meta property=\"og:image:height\" content=\"533\" \/>\n\t<meta property=\"og:image:type\" content=\"image\/jpeg\" \/>\n<meta name=\"author\" content=\"miro.sopko\" \/>\n<meta name=\"twitter:card\" content=\"summary_large_image\" \/>\n<meta name=\"twitter:label1\" content=\"Skriven av\" \/>\n\t<meta name=\"twitter:data1\" content=\"miro.sopko\" \/>\n\t<meta name=\"twitter:label2\" content=\"Ber\u00e4knad l\u00e4stid\" \/>\n\t<meta name=\"twitter:data2\" content=\"4 minuter\" \/>\n<script type=\"application\/ld+json\" class=\"yoast-schema-graph\">{\"@context\":\"https:\/\/schema.org\",\"@graph\":[{\"@type\":\"Article\",\"@id\":\"https:\/\/www.smedemokrati.sk\/je-zamerom-fica-a-tarabu-zabezpecit-orbanovi-lacne-energie-do-volieb-na-ukor-slovenska\/#article\",\"isPartOf\":{\"@id\":\"https:\/\/www.smedemokrati.sk\/je-zamerom-fica-a-tarabu-zabezpecit-orbanovi-lacne-energie-do-volieb-na-ukor-slovenska\/\"},\"author\":{\"name\":\"miro.sopko\",\"@id\":\"https:\/\/www.smedemokrati.sk\/#\/schema\/person\/21f147c88d605aa7ded900e1e7c344ba\"},\"headline\":\"Je z\u00e1merom Fica a Tarabu zabezpe\u010di\u0165 Orb\u00e1novi lacn\u00e9 energie do volieb na \u00fakor Slovenska?\",\"datePublished\":\"2025-06-24T08:59:11+00:00\",\"mainEntityOfPage\":{\"@id\":\"https:\/\/www.smedemokrati.sk\/je-zamerom-fica-a-tarabu-zabezpecit-orbanovi-lacne-energie-do-volieb-na-ukor-slovenska\/\"},\"wordCount\":783,\"publisher\":{\"@id\":\"https:\/\/www.smedemokrati.sk\/#organization\"},\"image\":{\"@id\":\"https:\/\/www.smedemokrati.sk\/je-zamerom-fica-a-tarabu-zabezpecit-orbanovi-lacne-energie-do-volieb-na-ukor-slovenska\/#primaryimage\"},\"thumbnailUrl\":\"https:\/\/www.smedemokrati.sk\/wp-content\/uploads\/2025\/06\/fico-orban.jpg\",\"articleSection\":[\"Tla\u010dov\u00e9 spr\u00e1vy\"],\"inLanguage\":\"sv-SE\"},{\"@type\":\"WebPage\",\"@id\":\"https:\/\/www.smedemokrati.sk\/je-zamerom-fica-a-tarabu-zabezpecit-orbanovi-lacne-energie-do-volieb-na-ukor-slovenska\/\",\"url\":\"https:\/\/www.smedemokrati.sk\/je-zamerom-fica-a-tarabu-zabezpecit-orbanovi-lacne-energie-do-volieb-na-ukor-slovenska\/\",\"name\":\"Je z\u00e1merom Fica a Tarabu zabezpe\u010di\u0165 Orb\u00e1novi lacn\u00e9 energie do volieb na \u00fakor Slovenska?\",\"isPartOf\":{\"@id\":\"https:\/\/www.smedemokrati.sk\/#website\"},\"primaryImageOfPage\":{\"@id\":\"https:\/\/www.smedemokrati.sk\/je-zamerom-fica-a-tarabu-zabezpecit-orbanovi-lacne-energie-do-volieb-na-ukor-slovenska\/#primaryimage\"},\"image\":{\"@id\":\"https:\/\/www.smedemokrati.sk\/je-zamerom-fica-a-tarabu-zabezpecit-orbanovi-lacne-energie-do-volieb-na-ukor-slovenska\/#primaryimage\"},\"thumbnailUrl\":\"https:\/\/www.smedemokrati.sk\/wp-content\/uploads\/2025\/06\/fico-orban.jpg\",\"datePublished\":\"2025-06-24T08:59:11+00:00\",\"breadcrumb\":{\"@id\":\"https:\/\/www.smedemokrati.sk\/je-zamerom-fica-a-tarabu-zabezpecit-orbanovi-lacne-energie-do-volieb-na-ukor-slovenska\/#breadcrumb\"},\"inLanguage\":\"sv-SE\",\"potentialAction\":[{\"@type\":\"ReadAction\",\"target\":[\"https:\/\/www.smedemokrati.sk\/je-zamerom-fica-a-tarabu-zabezpecit-orbanovi-lacne-energie-do-volieb-na-ukor-slovenska\/\"]}]},{\"@type\":\"ImageObject\",\"inLanguage\":\"sv-SE\",\"@id\":\"https:\/\/www.smedemokrati.sk\/je-zamerom-fica-a-tarabu-zabezpecit-orbanovi-lacne-energie-do-volieb-na-ukor-slovenska\/#primaryimage\",\"url\":\"https:\/\/www.smedemokrati.sk\/wp-content\/uploads\/2025\/06\/fico-orban.jpg\",\"contentUrl\":\"https:\/\/www.smedemokrati.sk\/wp-content\/uploads\/2025\/06\/fico-orban.jpg\",\"width\":978,\"height\":533},{\"@type\":\"BreadcrumbList\",\"@id\":\"https:\/\/www.smedemokrati.sk\/je-zamerom-fica-a-tarabu-zabezpecit-orbanovi-lacne-energie-do-volieb-na-ukor-slovenska\/#breadcrumb\",\"itemListElement\":[{\"@type\":\"ListItem\",\"position\":1,\"name\":\"Domovsk\u00e1 str\u00e1nka\",\"item\":\"https:\/\/www.smedemokrati.sk\/\"},{\"@type\":\"ListItem\",\"position\":2,\"name\":\"Je z\u00e1merom Fica a Tarabu zabezpe\u010di\u0165 Orb\u00e1novi lacn\u00e9 energie do volieb na \u00fakor Slovenska?\"}]},{\"@type\":\"WebSite\",\"@id\":\"https:\/\/www.smedemokrati.sk\/#website\",\"url\":\"https:\/\/www.smedemokrati.sk\/\",\"name\":\"Smedemokrati.sk\",\"description\":\"Demokracia a slu\u0161nos\u0165 zv\u00ed\u0165az\u00ed\",\"publisher\":{\"@id\":\"https:\/\/www.smedemokrati.sk\/#organization\"},\"potentialAction\":[{\"@type\":\"SearchAction\",\"target\":{\"@type\":\"EntryPoint\",\"urlTemplate\":\"https:\/\/www.smedemokrati.sk\/?s={search_term_string}\"},\"query-input\":{\"@type\":\"PropertyValueSpecification\",\"valueRequired\":true,\"valueName\":\"search_term_string\"}}],\"inLanguage\":\"sv-SE\"},{\"@type\":\"Organization\",\"@id\":\"https:\/\/www.smedemokrati.sk\/#organization\",\"name\":\"Smedemokrati.sk\",\"url\":\"https:\/\/www.smedemokrati.sk\/\",\"logo\":{\"@type\":\"ImageObject\",\"inLanguage\":\"sv-SE\",\"@id\":\"https:\/\/www.smedemokrati.sk\/#\/schema\/logo\/image\/\",\"url\":\"https:\/\/www.smedemokrati.sk\/wp-content\/uploads\/2023\/04\/ff.002.jpeg\",\"contentUrl\":\"https:\/\/www.smedemokrati.sk\/wp-content\/uploads\/2023\/04\/ff.002.jpeg\",\"width\":640,\"height\":480,\"caption\":\"Smedemokrati.sk\"},\"image\":{\"@id\":\"https:\/\/www.smedemokrati.sk\/#\/schema\/logo\/image\/\"},\"sameAs\":[\"https:\/\/www.facebook.com\/smedemokrati2023\"]},{\"@type\":\"Person\",\"@id\":\"https:\/\/www.smedemokrati.sk\/#\/schema\/person\/21f147c88d605aa7ded900e1e7c344ba\",\"name\":\"miro.sopko\",\"image\":{\"@type\":\"ImageObject\",\"inLanguage\":\"sv-SE\",\"@id\":\"https:\/\/secure.gravatar.com\/avatar\/267e4a36f704376c109afe3a78740c1f5dd8675a2180a908699e7863c9247606?s=96&d=mm&r=g\",\"url\":\"https:\/\/secure.gravatar.com\/avatar\/267e4a36f704376c109afe3a78740c1f5dd8675a2180a908699e7863c9247606?s=96&d=mm&r=g\",\"contentUrl\":\"https:\/\/secure.gravatar.com\/avatar\/267e4a36f704376c109afe3a78740c1f5dd8675a2180a908699e7863c9247606?s=96&d=mm&r=g\",\"caption\":\"miro.sopko\"},\"url\":\"https:\/\/www.smedemokrati.sk\/sv\/author\/miro-sopko\/\"}]}<\/script>\n<!-- \/ Yoast SEO plugin. -->","yoast_head_json":{"title":"Je z\u00e1merom Fica a Tarabu zabezpe\u010di\u0165 Orb\u00e1novi lacn\u00e9 energie do volieb na \u00fakor Slovenska?","robots":{"index":"index","follow":"follow","max-snippet":"max-snippet:-1","max-image-preview":"max-image-preview:large","max-video-preview":"max-video-preview:-1"},"canonical":"https:\/\/www.smedemokrati.sk\/sv\/je-zamerom-fica-a-tarabu-zabezpecit-orbanovi-lacne-energie-do-volieb-na-ukor-slovenska\/","og_locale":"sv_SE","og_type":"article","og_title":"[:sk]Je z\u00e1merom Fica a Tarabu zabezpe\u010di\u0165 Orb\u00e1novi lacn\u00e9 energie do volieb na \u00fakor Slovenska?[:] - Smedemokrati.sk","og_description":"Strana Demokrati disponuje dokumentmi zh\u0155\u0148aj\u00facimi po\u010diato\u010dn\u00e9 poz\u00edcie o priebehu rokovan\u00ed medzi Slovenskom a Ma\u010farskom oh\u013eadom sporu Gab\u010d\u00edkovo &#8211; Nagymaros. Hoci sa rokovania teraz ved\u00fa u\u017e v utajen\u00ed, aj tieto skor\u0161ie dokumenty zakladaj\u00fa na\u0161e obavy. V hre m\u00f4\u017ee by\u0165 garantovan\u00e1 elektrina z Gab\u010d\u00edkova na desa\u0165ro\u010dia za v\u00fdrobn\u00e9 n\u00e1klady alebo aj \u201ezabet\u00f3novanie\u201d v\u00fdstavby pre\u010derp\u00e1vacej elektr\u00e1rne na Ipli [&hellip;]","og_url":"https:\/\/www.smedemokrati.sk\/sv\/je-zamerom-fica-a-tarabu-zabezpecit-orbanovi-lacne-energie-do-volieb-na-ukor-slovenska\/","og_site_name":"Smedemokrati.sk","article_publisher":"https:\/\/www.facebook.com\/smedemokrati2023","article_published_time":"2025-06-24T08:59:11+00:00","og_image":[{"width":978,"height":533,"url":"https:\/\/www.smedemokrati.sk\/wp-content\/uploads\/2025\/06\/fico-orban.jpg","type":"image\/jpeg"}],"author":"miro.sopko","twitter_card":"summary_large_image","twitter_misc":{"Skriven av":"miro.sopko","Ber\u00e4knad l\u00e4stid":"4 minuter"},"schema":{"@context":"https:\/\/schema.org","@graph":[{"@type":"Article","@id":"https:\/\/www.smedemokrati.sk\/je-zamerom-fica-a-tarabu-zabezpecit-orbanovi-lacne-energie-do-volieb-na-ukor-slovenska\/#article","isPartOf":{"@id":"https:\/\/www.smedemokrati.sk\/je-zamerom-fica-a-tarabu-zabezpecit-orbanovi-lacne-energie-do-volieb-na-ukor-slovenska\/"},"author":{"name":"miro.sopko","@id":"https:\/\/www.smedemokrati.sk\/#\/schema\/person\/21f147c88d605aa7ded900e1e7c344ba"},"headline":"Je z\u00e1merom Fica a Tarabu zabezpe\u010di\u0165 Orb\u00e1novi lacn\u00e9 energie do volieb na \u00fakor Slovenska?","datePublished":"2025-06-24T08:59:11+00:00","mainEntityOfPage":{"@id":"https:\/\/www.smedemokrati.sk\/je-zamerom-fica-a-tarabu-zabezpecit-orbanovi-lacne-energie-do-volieb-na-ukor-slovenska\/"},"wordCount":783,"publisher":{"@id":"https:\/\/www.smedemokrati.sk\/#organization"},"image":{"@id":"https:\/\/www.smedemokrati.sk\/je-zamerom-fica-a-tarabu-zabezpecit-orbanovi-lacne-energie-do-volieb-na-ukor-slovenska\/#primaryimage"},"thumbnailUrl":"https:\/\/www.smedemokrati.sk\/wp-content\/uploads\/2025\/06\/fico-orban.jpg","articleSection":["Tla\u010dov\u00e9 spr\u00e1vy"],"inLanguage":"sv-SE"},{"@type":"WebPage","@id":"https:\/\/www.smedemokrati.sk\/je-zamerom-fica-a-tarabu-zabezpecit-orbanovi-lacne-energie-do-volieb-na-ukor-slovenska\/","url":"https:\/\/www.smedemokrati.sk\/je-zamerom-fica-a-tarabu-zabezpecit-orbanovi-lacne-energie-do-volieb-na-ukor-slovenska\/","name":"Je z\u00e1merom Fica a Tarabu zabezpe\u010di\u0165 Orb\u00e1novi lacn\u00e9 energie do volieb na \u00fakor Slovenska?","isPartOf":{"@id":"https:\/\/www.smedemokrati.sk\/#website"},"primaryImageOfPage":{"@id":"https:\/\/www.smedemokrati.sk\/je-zamerom-fica-a-tarabu-zabezpecit-orbanovi-lacne-energie-do-volieb-na-ukor-slovenska\/#primaryimage"},"image":{"@id":"https:\/\/www.smedemokrati.sk\/je-zamerom-fica-a-tarabu-zabezpecit-orbanovi-lacne-energie-do-volieb-na-ukor-slovenska\/#primaryimage"},"thumbnailUrl":"https:\/\/www.smedemokrati.sk\/wp-content\/uploads\/2025\/06\/fico-orban.jpg","datePublished":"2025-06-24T08:59:11+00:00","breadcrumb":{"@id":"https:\/\/www.smedemokrati.sk\/je-zamerom-fica-a-tarabu-zabezpecit-orbanovi-lacne-energie-do-volieb-na-ukor-slovenska\/#breadcrumb"},"inLanguage":"sv-SE","potentialAction":[{"@type":"ReadAction","target":["https:\/\/www.smedemokrati.sk\/je-zamerom-fica-a-tarabu-zabezpecit-orbanovi-lacne-energie-do-volieb-na-ukor-slovenska\/"]}]},{"@type":"ImageObject","inLanguage":"sv-SE","@id":"https:\/\/www.smedemokrati.sk\/je-zamerom-fica-a-tarabu-zabezpecit-orbanovi-lacne-energie-do-volieb-na-ukor-slovenska\/#primaryimage","url":"https:\/\/www.smedemokrati.sk\/wp-content\/uploads\/2025\/06\/fico-orban.jpg","contentUrl":"https:\/\/www.smedemokrati.sk\/wp-content\/uploads\/2025\/06\/fico-orban.jpg","width":978,"height":533},{"@type":"BreadcrumbList","@id":"https:\/\/www.smedemokrati.sk\/je-zamerom-fica-a-tarabu-zabezpecit-orbanovi-lacne-energie-do-volieb-na-ukor-slovenska\/#breadcrumb","itemListElement":[{"@type":"ListItem","position":1,"name":"Domovsk\u00e1 str\u00e1nka","item":"https:\/\/www.smedemokrati.sk\/"},{"@type":"ListItem","position":2,"name":"Je z\u00e1merom Fica a Tarabu zabezpe\u010di\u0165 Orb\u00e1novi lacn\u00e9 energie do volieb na \u00fakor Slovenska?"}]},{"@type":"WebSite","@id":"https:\/\/www.smedemokrati.sk\/#website","url":"https:\/\/www.smedemokrati.sk\/","name":"Smedemokrati.sk","description":"Demokracia a slu\u0161nos\u0165 zv\u00ed\u0165az\u00ed","publisher":{"@id":"https:\/\/www.smedemokrati.sk\/#organization"},"potentialAction":[{"@type":"SearchAction","target":{"@type":"EntryPoint","urlTemplate":"https:\/\/www.smedemokrati.sk\/?s={search_term_string}"},"query-input":{"@type":"PropertyValueSpecification","valueRequired":true,"valueName":"search_term_string"}}],"inLanguage":"sv-SE"},{"@type":"Organization","@id":"https:\/\/www.smedemokrati.sk\/#organization","name":"Smedemokrati.sk","url":"https:\/\/www.smedemokrati.sk\/","logo":{"@type":"ImageObject","inLanguage":"sv-SE","@id":"https:\/\/www.smedemokrati.sk\/#\/schema\/logo\/image\/","url":"https:\/\/www.smedemokrati.sk\/wp-content\/uploads\/2023\/04\/ff.002.jpeg","contentUrl":"https:\/\/www.smedemokrati.sk\/wp-content\/uploads\/2023\/04\/ff.002.jpeg","width":640,"height":480,"caption":"Smedemokrati.sk"},"image":{"@id":"https:\/\/www.smedemokrati.sk\/#\/schema\/logo\/image\/"},"sameAs":["https:\/\/www.facebook.com\/smedemokrati2023"]},{"@type":"Person","@id":"https:\/\/www.smedemokrati.sk\/#\/schema\/person\/21f147c88d605aa7ded900e1e7c344ba","name":"miro.sopko","image":{"@type":"ImageObject","inLanguage":"sv-SE","@id":"https:\/\/secure.gravatar.com\/avatar\/267e4a36f704376c109afe3a78740c1f5dd8675a2180a908699e7863c9247606?s=96&d=mm&r=g","url":"https:\/\/secure.gravatar.com\/avatar\/267e4a36f704376c109afe3a78740c1f5dd8675a2180a908699e7863c9247606?s=96&d=mm&r=g","contentUrl":"https:\/\/secure.gravatar.com\/avatar\/267e4a36f704376c109afe3a78740c1f5dd8675a2180a908699e7863c9247606?s=96&d=mm&r=g","caption":"miro.sopko"},"url":"https:\/\/www.smedemokrati.sk\/sv\/author\/miro-sopko\/"}]}},"_links":{"self":[{"href":"https:\/\/www.smedemokrati.sk\/sv\/wp-json\/wp\/v2\/posts\/7591","targetHints":{"allow":["GET"]}}],"collection":[{"href":"https:\/\/www.smedemokrati.sk\/sv\/wp-json\/wp\/v2\/posts"}],"about":[{"href":"https:\/\/www.smedemokrati.sk\/sv\/wp-json\/wp\/v2\/types\/post"}],"author":[{"embeddable":true,"href":"https:\/\/www.smedemokrati.sk\/sv\/wp-json\/wp\/v2\/users\/13"}],"replies":[{"embeddable":true,"href":"https:\/\/www.smedemokrati.sk\/sv\/wp-json\/wp\/v2\/comments?post=7591"}],"version-history":[{"count":1,"href":"https:\/\/www.smedemokrati.sk\/sv\/wp-json\/wp\/v2\/posts\/7591\/revisions"}],"predecessor-version":[{"id":7593,"href":"https:\/\/www.smedemokrati.sk\/sv\/wp-json\/wp\/v2\/posts\/7591\/revisions\/7593"}],"wp:featuredmedia":[{"embeddable":true,"href":"https:\/\/www.smedemokrati.sk\/sv\/wp-json\/wp\/v2\/media\/7592"}],"wp:attachment":[{"href":"https:\/\/www.smedemokrati.sk\/sv\/wp-json\/wp\/v2\/media?parent=7591"}],"wp:term":[{"taxonomy":"category","embeddable":true,"href":"https:\/\/www.smedemokrati.sk\/sv\/wp-json\/wp\/v2\/categories?post=7591"},{"taxonomy":"post_tag","embeddable":true,"href":"https:\/\/www.smedemokrati.sk\/sv\/wp-json\/wp\/v2\/tags?post=7591"}],"curies":[{"name":"wp","href":"https:\/\/api.w.org\/{rel}","templated":true}]}}