{"id":7588,"date":"2025-06-23T13:56:12","date_gmt":"2025-06-23T12:56:12","guid":{"rendered":"https:\/\/www.smedemokrati.sk\/?p=7588"},"modified":"2025-06-23T13:57:28","modified_gmt":"2025-06-23T12:57:28","slug":"rodicia-a-deti-druhej-kategorie-podla-druckera-demokrati-vyzyvaju-k-spravodlivemu-normativu-na-ziaka","status":"publish","type":"post","link":"https:\/\/www.smedemokrati.sk\/sv\/rodicia-a-deti-druhej-kategorie-podla-druckera-demokrati-vyzyvaju-k-spravodlivemu-normativu-na-ziaka\/","title":{"rendered":"Rodi\u010dia a\u00a0deti druhej kateg\u00f3rie pod\u013ea Druckera. Demokrati vyz\u00fdvaj\u00fa k spravodliv\u00e9mu normat\u00edvu na \u017eiaka"},"content":{"rendered":"<div id=\"fb-root\"><\/div>\n\n<p><strong>Minister \u0161kolstva Tom\u00e1\u0161 Drucker predlo\u017eil do pripomienkov\u00e9ho procesu n\u00e1vrh z\u00e1kona, ktor\u00fd z\u00e1sadne men\u00ed financovanie neverejn\u00fdch \u0161k\u00f4l, najm\u00e4 t\u00fdch, kde rodi\u010dia prispievaj\u00fa \u0161koln\u00fdm. Ak bude z\u00e1kon schv\u00e1len\u00fd, tieto \u0161koly m\u00f4\u017eu pr\u00eds\u0165 a\u017e o 20 % normat\u00edvneho pr\u00edspevku, \u010do v\u00fdrazne ohrozuje ich finan\u010dn\u00fa stabilitu, dokonca m\u00f4\u017ee sp\u00f4sobi\u0165 ich z\u00e1nik. Toto opatrenie by malo okam\u017eit\u00fd dopad na viac ako 150 tis\u00edc det\u00ed ne\u0161t\u00e1tnych \u0161k\u00f4l a ich rodi\u010dov.&nbsp;<\/strong><\/p>\n\n\n\n<p>Demokrati eviduj\u00fa po\u017eiadavku zo strany stavovsk\u00fdch organiz\u00e1ci\u00ed verejne prediskutova\u0165 navrhovan\u00e9 zmeny za \u00fa\u010dasti odborn\u00edkov.&nbsp;<em>\u201eHlavn\u00fd argument ministerstva, \u017ee ide o zrovnopr\u00e1vnenie, je neakceptovate\u013en\u00fd. Z kone\u010dn\u00e9ho rozpo\u010dtu ministerstva \u0161kolstva z roku 2023 je evidentn\u00e9, \u017ee po prepo\u010dte na \u017eiaka s\u00fa s\u00fakromn\u00e9 \u0161koly pre \u0161t\u00e1t u\u017e dnes najlacnej\u0161ie a najefekt\u00edvnej\u0161ie hospod\u00e1renie s financiami. Napriek v\u0161eobecne roz\u0161\u00edren\u00e9mu n\u00e1zoru, \u017ee ne\u0161t\u00e1tne \u0161koly s\u00fa rovnako financovan\u00e9 ako verejn\u00e9, zdroje o financovan\u00ed \u0161k\u00f4l v skuto\u010dnosti ukazuj\u00fa, \u017ee \u0161t\u00e1t dlhodobo d\u00e1va na s\u00fakromn\u00e9 \u0161koly o osem a\u017e 15 percent menej ako na verejn\u00e9, teda po zaveden\u00ed 20-percentn\u00e9ho kr\u00e1tenia to bude m\u00ednus 28 a\u017e 35 percent oproti verejn\u00fdm \u0161kol\u00e1ch, ktor\u00e9 m\u00e1 zase plati\u0165 rodi\u010d!<\/em>\u201c tvrd\u00ed Asoci\u00e1cia s\u00fakromn\u00fdch \u0161k\u00f4l a \u0161kolsk\u00fdch zariaden\u00ed.<\/p>\n\n\n\n<p>Da\u0148ov\u00ed poplatn\u00edci sa nerozli\u0161uj\u00fa pod\u013ea toho, \u010di maj\u00fa deti v \u0161t\u00e1tnych alebo ne\u0161t\u00e1tnych \u0161kol\u00e1ch &#8211; ak je vzdel\u00e1vanie slu\u017ebou \u0161t\u00e1tu zakotvenou v \u00dastave SR, potom ka\u017ed\u00e9 die\u0165a by malo ma\u0165 n\u00e1rok na svoj normat\u00edv. Napriek tomu Ministerstvo \u0161kolstva navrhuje zn\u00ed\u017ei\u0165 normat\u00edv na \u017eiaka cirkevnej alebo s\u00fakromnej \u0161koly, tak\u017ee rob\u00ed z tohto die\u0165a\u0165a ob\u010dana druhej kateg\u00f3rie. Ak by pre\u0161la t\u00e1to novela z\u00e1kona, rodi\u010dia det\u00ed na ne\u0161t\u00e1tnych \u0161kol\u00e1ch sa st\u00e1vaj\u00fa ob\u010dania druhej kateg\u00f3rie, ktor\u00ed s\u00edce musia plati\u0165 dane, ale ich deti nedostavaj\u00fa rovnak\u00fd normat\u00edv z&nbsp;ich zaplaten\u00fdch dan\u00ed.<\/p>\n\n\n\n<p>V strane Demokrati sme pripraven\u00ed z\u00fa\u010dastni\u0165 sa verejnej diskusie, aby sme spolo\u010dne na\u0161li rie\u0161enia v z\u00e1ujme det\u00ed a ich rodi\u010dov. Ver\u00edme, \u017ee s\u00fa\u010das\u0165ou diskusie bude aj debata o v\u00fd\u0161ke verejn\u00fdch v\u00fddavkov na vzdel\u00e1vanie, ktor\u00e1 osciluje okolo 4% HDP. K\u00fdm v roku 1993 d\u00e1vala Slovensk\u00e1 republika 5.2% HDP na vzdel\u00e1vanie, dnes je to zhruba 4.2%, \u010do znamen\u00e1, \u017ee v syst\u00e9me ch\u00fdba viac ako 1 mld. EUR. Pre porovnanie, \u00faspe\u0161n\u00e9 krajiny OECD investuj\u00fa 5,5 a\u017e 6 % HDP do vzdel\u00e1vania, \u010d\u00edm buduj\u00fa z\u00e1klady pre prosperuj\u00facu spolo\u010dnos\u0165.<\/p>\n\n\n\n<p>Pripom\u00edname, \u017ee toto v\u0161ak nie je prv\u00fd pokus strany Hlas-SD o obmedzenie v\u00fdberu. U\u017e v roku 2024 musel minister pr\u00e1ce Erik Tom\u00e1\u0161 stiahnu\u0165 z parlamentu n\u00e1vrh z\u00e1kona, pod\u013ea ktor\u00e9ho mala obec rozhodova\u0165 o tom, do ktor\u00e9ho zariadenia soci\u00e1lnych slu\u017eieb bude odk\u00e1zan\u00e1 osoba umiestnen\u00e1. Ak by si rodina vybrala in\u00e9, neverejn\u00e9 zariadenie, zostali by bez finan\u010dn\u00e9ho pr\u00edspevku od obce, hoci tieto sa maj\u00fa spolupodie\u013ea\u0165 na financovan\u00ed soci\u00e1lnych slu\u017eieb za svojich obyvate\u013eov ako u verejn\u00fdch, tak i neverejn\u00fdch poskytovate\u013eov.&nbsp;<\/p>\n\n\n\n<p>Sme presved\u010den\u00ed, \u017ee pr\u00e1vo na d\u00f4stojn\u00fa starostlivos\u0165 mus\u00ed zah\u0155\u0148a\u0165 aj pr\u00e1vo slobodne si vybra\u0165 poskytovate\u013ea soci\u00e1lnej slu\u017eby \u2013 tak\u00e9ho, ktor\u00e9mu \u010dlovek d\u00f4veruje, kde s\u00fa podmienky a pr\u00edstup vhodn\u00e9 pre jeho konkr\u00e9tnu situ\u00e1ciu. A \u0161t\u00e1t a samospr\u00e1va musia podporova\u0165 odk\u00e1zan\u00fdch rovnako, \u010di u\u017e u verejn\u00e9ho alebo neverejn\u00e9ho poskytovate\u013ea. Urob\u00edme v\u0161etko preto, aby toto pr\u00e1vo bolo zaru\u010den\u00e9 aj v&nbsp;bud\u00facnosti.<\/p>\n\n\n\n<p>Neverejn\u00e9 \u0161koly aj soci\u00e1lne zariadenia pritom \u010dasto vznikli pr\u00e1ve preto, \u017ee \u0161t\u00e1t a samospr\u00e1vy nevedeli alebo nedok\u00e1zali zabezpe\u010di\u0165 dostato\u010dn\u00e9 kapacity a kvalitu slu\u017eieb. Ak ich dnes vl\u00e1da za\u010dne systematicky likvidova\u0165, zost\u00e1va ot\u00e1zka: kam p\u00f4jdu v\u0161etci \u017eiaci a odk\u00e1zan\u00ed klienti?<\/p>\n\n\n\n<p>Strana Demokrati vyz\u00fdva ministra Druckera na vypustenie vy\u0161\u0161ie zmienenej \u010dasti novely, tak aby rodi\u010dia a&nbsp;ich deti neboli v&nbsp;platbe normat\u00edvu diskriminovan\u00ed.&nbsp;<\/p>\n","protected":false},"excerpt":{"rendered":"<p>Minister \u0161kolstva Tom\u00e1\u0161 Drucker predlo\u017eil do pripomienkov\u00e9ho procesu n\u00e1vrh z\u00e1kona, ktor\u00fd z\u00e1sadne men\u00ed financovanie neverejn\u00fdch \u0161k\u00f4l, najm\u00e4 t\u00fdch, kde rodi\u010dia prispievaj\u00fa \u0161koln\u00fdm. Ak bude z\u00e1kon schv\u00e1len\u00fd, tieto \u0161koly m\u00f4\u017eu pr\u00eds\u0165 a\u017e o 20 % normat\u00edvneho pr\u00edspevku, \u010do v\u00fdrazne ohrozuje ich finan\u010dn\u00fa stabilitu, dokonca m\u00f4\u017ee sp\u00f4sobi\u0165 ich z\u00e1nik. Toto opatrenie by malo okam\u017eit\u00fd dopad na viac [&hellip;]<\/p>\n","protected":false},"author":13,"featured_media":7589,"comment_status":"closed","ping_status":"closed","sticky":false,"template":"","format":"standard","meta":{"_acf_changed":false,"ngg_post_thumbnail":0,"footnotes":""},"categories":[4],"tags":[],"class_list":["post-7588","post","type-post","status-publish","format-standard","has-post-thumbnail","hentry","category-tlacove-spravy"],"acf":[],"yoast_head":"<!-- This site is optimized with the Yoast SEO plugin v27.2 - https:\/\/yoast.com\/product\/yoast-seo-wordpress\/ -->\n<title>Rodi\u010dia a\u00a0deti druhej kateg\u00f3rie pod\u013ea Druckera. Demokrati vyz\u00fdvaj\u00fa k spravodliv\u00e9mu normat\u00edvu na \u017eiaka<\/title>\n<meta name=\"robots\" content=\"index, follow, max-snippet:-1, max-image-preview:large, max-video-preview:-1\" \/>\n<link rel=\"canonical\" href=\"https:\/\/www.smedemokrati.sk\/sv\/rodicia-a-deti-druhej-kategorie-podla-druckera-demokrati-vyzyvaju-k-spravodlivemu-normativu-na-ziaka\/\" \/>\n<meta property=\"og:locale\" content=\"sv_SE\" \/>\n<meta property=\"og:locale:alternate\" content=\"en_US\" \/>\n<meta property=\"og:locale:alternate\" content=\"cs_CZ\" \/>\n<meta property=\"og:locale:alternate\" content=\"hu_HU\" \/>\n<meta property=\"og:locale:alternate\" content=\"sk_SK\" \/>\n<meta property=\"og:type\" content=\"article\" \/>\n<meta property=\"og:title\" content=\"Rodi\u010dia a\u00a0deti druhej kateg\u00f3rie pod\u013ea Druckera. Demokrati vyz\u00fdvaj\u00fa k spravodliv\u00e9mu normat\u00edvu na \u017eiaka\" \/>\n<meta property=\"og:description\" content=\"Minister \u0161kolstva Tom\u00e1\u0161 Drucker predlo\u017eil do pripomienkov\u00e9ho procesu n\u00e1vrh z\u00e1kona, ktor\u00fd z\u00e1sadne men\u00ed financovanie neverejn\u00fdch \u0161k\u00f4l, najm\u00e4 t\u00fdch, kde rodi\u010dia prispievaj\u00fa \u0161koln\u00fdm. Ak bude z\u00e1kon schv\u00e1len\u00fd, tieto \u0161koly m\u00f4\u017eu pr\u00eds\u0165 a\u017e o 20 % normat\u00edvneho pr\u00edspevku, \u010do v\u00fdrazne ohrozuje ich finan\u010dn\u00fa stabilitu, dokonca m\u00f4\u017ee sp\u00f4sobi\u0165 ich z\u00e1nik. Toto opatrenie by malo okam\u017eit\u00fd dopad na viac [&hellip;]\" \/>\n<meta property=\"og:url\" content=\"https:\/\/www.smedemokrati.sk\/sv\/rodicia-a-deti-druhej-kategorie-podla-druckera-demokrati-vyzyvaju-k-spravodlivemu-normativu-na-ziaka\/\" \/>\n<meta property=\"og:site_name\" content=\"Smedemokrati.sk\" \/>\n<meta property=\"article:publisher\" content=\"https:\/\/www.facebook.com\/smedemokrati2023\" \/>\n<meta property=\"article:published_time\" content=\"2025-06-23T12:56:12+00:00\" \/>\n<meta property=\"article:modified_time\" content=\"2025-06-23T12:57:28+00:00\" \/>\n<meta property=\"og:image\" content=\"https:\/\/www.smedemokrati.sk\/wp-content\/uploads\/2025\/06\/deti-druhej-kategorie.jpg\" \/>\n\t<meta property=\"og:image:width\" content=\"900\" \/>\n\t<meta property=\"og:image:height\" content=\"601\" \/>\n\t<meta property=\"og:image:type\" content=\"image\/jpeg\" \/>\n<meta name=\"author\" content=\"miro.sopko\" \/>\n<meta name=\"twitter:card\" content=\"summary_large_image\" \/>\n<meta name=\"twitter:label1\" content=\"Skriven av\" \/>\n\t<meta name=\"twitter:data1\" content=\"miro.sopko\" \/>\n\t<meta name=\"twitter:label2\" content=\"Ber\u00e4knad l\u00e4stid\" \/>\n\t<meta name=\"twitter:data2\" content=\"4 minuter\" \/>\n<script type=\"application\/ld+json\" class=\"yoast-schema-graph\">{\"@context\":\"https:\/\/schema.org\",\"@graph\":[{\"@type\":\"Article\",\"@id\":\"https:\/\/www.smedemokrati.sk\/rodicia-a-deti-druhej-kategorie-podla-druckera-demokrati-vyzyvaju-k-spravodlivemu-normativu-na-ziaka\/#article\",\"isPartOf\":{\"@id\":\"https:\/\/www.smedemokrati.sk\/rodicia-a-deti-druhej-kategorie-podla-druckera-demokrati-vyzyvaju-k-spravodlivemu-normativu-na-ziaka\/\"},\"author\":{\"name\":\"miro.sopko\",\"@id\":\"https:\/\/www.smedemokrati.sk\/#\/schema\/person\/21f147c88d605aa7ded900e1e7c344ba\"},\"headline\":\"Rodi\u010dia a\u00a0deti druhej kateg\u00f3rie pod\u013ea Druckera. Demokrati vyz\u00fdvaj\u00fa k spravodliv\u00e9mu normat\u00edvu na \u017eiaka\",\"datePublished\":\"2025-06-23T12:56:12+00:00\",\"dateModified\":\"2025-06-23T12:57:28+00:00\",\"mainEntityOfPage\":{\"@id\":\"https:\/\/www.smedemokrati.sk\/rodicia-a-deti-druhej-kategorie-podla-druckera-demokrati-vyzyvaju-k-spravodlivemu-normativu-na-ziaka\/\"},\"wordCount\":746,\"publisher\":{\"@id\":\"https:\/\/www.smedemokrati.sk\/#organization\"},\"image\":{\"@id\":\"https:\/\/www.smedemokrati.sk\/rodicia-a-deti-druhej-kategorie-podla-druckera-demokrati-vyzyvaju-k-spravodlivemu-normativu-na-ziaka\/#primaryimage\"},\"thumbnailUrl\":\"https:\/\/www.smedemokrati.sk\/wp-content\/uploads\/2025\/06\/deti-druhej-kategorie.jpg\",\"articleSection\":[\"Tla\u010dov\u00e9 spr\u00e1vy\"],\"inLanguage\":\"sv-SE\"},{\"@type\":\"WebPage\",\"@id\":\"https:\/\/www.smedemokrati.sk\/rodicia-a-deti-druhej-kategorie-podla-druckera-demokrati-vyzyvaju-k-spravodlivemu-normativu-na-ziaka\/\",\"url\":\"https:\/\/www.smedemokrati.sk\/rodicia-a-deti-druhej-kategorie-podla-druckera-demokrati-vyzyvaju-k-spravodlivemu-normativu-na-ziaka\/\",\"name\":\"Rodi\u010dia a\u00a0deti druhej kateg\u00f3rie pod\u013ea Druckera. Demokrati vyz\u00fdvaj\u00fa k spravodliv\u00e9mu normat\u00edvu na \u017eiaka\",\"isPartOf\":{\"@id\":\"https:\/\/www.smedemokrati.sk\/#website\"},\"primaryImageOfPage\":{\"@id\":\"https:\/\/www.smedemokrati.sk\/rodicia-a-deti-druhej-kategorie-podla-druckera-demokrati-vyzyvaju-k-spravodlivemu-normativu-na-ziaka\/#primaryimage\"},\"image\":{\"@id\":\"https:\/\/www.smedemokrati.sk\/rodicia-a-deti-druhej-kategorie-podla-druckera-demokrati-vyzyvaju-k-spravodlivemu-normativu-na-ziaka\/#primaryimage\"},\"thumbnailUrl\":\"https:\/\/www.smedemokrati.sk\/wp-content\/uploads\/2025\/06\/deti-druhej-kategorie.jpg\",\"datePublished\":\"2025-06-23T12:56:12+00:00\",\"dateModified\":\"2025-06-23T12:57:28+00:00\",\"breadcrumb\":{\"@id\":\"https:\/\/www.smedemokrati.sk\/rodicia-a-deti-druhej-kategorie-podla-druckera-demokrati-vyzyvaju-k-spravodlivemu-normativu-na-ziaka\/#breadcrumb\"},\"inLanguage\":\"sv-SE\",\"potentialAction\":[{\"@type\":\"ReadAction\",\"target\":[\"https:\/\/www.smedemokrati.sk\/rodicia-a-deti-druhej-kategorie-podla-druckera-demokrati-vyzyvaju-k-spravodlivemu-normativu-na-ziaka\/\"]}]},{\"@type\":\"ImageObject\",\"inLanguage\":\"sv-SE\",\"@id\":\"https:\/\/www.smedemokrati.sk\/rodicia-a-deti-druhej-kategorie-podla-druckera-demokrati-vyzyvaju-k-spravodlivemu-normativu-na-ziaka\/#primaryimage\",\"url\":\"https:\/\/www.smedemokrati.sk\/wp-content\/uploads\/2025\/06\/deti-druhej-kategorie.jpg\",\"contentUrl\":\"https:\/\/www.smedemokrati.sk\/wp-content\/uploads\/2025\/06\/deti-druhej-kategorie.jpg\",\"width\":900,\"height\":601},{\"@type\":\"BreadcrumbList\",\"@id\":\"https:\/\/www.smedemokrati.sk\/rodicia-a-deti-druhej-kategorie-podla-druckera-demokrati-vyzyvaju-k-spravodlivemu-normativu-na-ziaka\/#breadcrumb\",\"itemListElement\":[{\"@type\":\"ListItem\",\"position\":1,\"name\":\"Domovsk\u00e1 str\u00e1nka\",\"item\":\"https:\/\/www.smedemokrati.sk\/\"},{\"@type\":\"ListItem\",\"position\":2,\"name\":\"Rodi\u010dia a\u00a0deti druhej kateg\u00f3rie pod\u013ea Druckera. Demokrati vyz\u00fdvaj\u00fa k spravodliv\u00e9mu normat\u00edvu na \u017eiaka\"}]},{\"@type\":\"WebSite\",\"@id\":\"https:\/\/www.smedemokrati.sk\/#website\",\"url\":\"https:\/\/www.smedemokrati.sk\/\",\"name\":\"Smedemokrati.sk\",\"description\":\"Demokracia a slu\u0161nos\u0165 zv\u00ed\u0165az\u00ed\",\"publisher\":{\"@id\":\"https:\/\/www.smedemokrati.sk\/#organization\"},\"potentialAction\":[{\"@type\":\"SearchAction\",\"target\":{\"@type\":\"EntryPoint\",\"urlTemplate\":\"https:\/\/www.smedemokrati.sk\/?s={search_term_string}\"},\"query-input\":{\"@type\":\"PropertyValueSpecification\",\"valueRequired\":true,\"valueName\":\"search_term_string\"}}],\"inLanguage\":\"sv-SE\"},{\"@type\":\"Organization\",\"@id\":\"https:\/\/www.smedemokrati.sk\/#organization\",\"name\":\"Smedemokrati.sk\",\"url\":\"https:\/\/www.smedemokrati.sk\/\",\"logo\":{\"@type\":\"ImageObject\",\"inLanguage\":\"sv-SE\",\"@id\":\"https:\/\/www.smedemokrati.sk\/#\/schema\/logo\/image\/\",\"url\":\"https:\/\/www.smedemokrati.sk\/wp-content\/uploads\/2023\/04\/ff.002.jpeg\",\"contentUrl\":\"https:\/\/www.smedemokrati.sk\/wp-content\/uploads\/2023\/04\/ff.002.jpeg\",\"width\":640,\"height\":480,\"caption\":\"Smedemokrati.sk\"},\"image\":{\"@id\":\"https:\/\/www.smedemokrati.sk\/#\/schema\/logo\/image\/\"},\"sameAs\":[\"https:\/\/www.facebook.com\/smedemokrati2023\"]},{\"@type\":\"Person\",\"@id\":\"https:\/\/www.smedemokrati.sk\/#\/schema\/person\/21f147c88d605aa7ded900e1e7c344ba\",\"name\":\"miro.sopko\",\"image\":{\"@type\":\"ImageObject\",\"inLanguage\":\"sv-SE\",\"@id\":\"https:\/\/secure.gravatar.com\/avatar\/267e4a36f704376c109afe3a78740c1f5dd8675a2180a908699e7863c9247606?s=96&d=mm&r=g\",\"url\":\"https:\/\/secure.gravatar.com\/avatar\/267e4a36f704376c109afe3a78740c1f5dd8675a2180a908699e7863c9247606?s=96&d=mm&r=g\",\"contentUrl\":\"https:\/\/secure.gravatar.com\/avatar\/267e4a36f704376c109afe3a78740c1f5dd8675a2180a908699e7863c9247606?s=96&d=mm&r=g\",\"caption\":\"miro.sopko\"},\"url\":\"https:\/\/www.smedemokrati.sk\/sv\/author\/miro-sopko\/\"}]}<\/script>\n<!-- \/ Yoast SEO plugin. -->","yoast_head_json":{"title":"Rodi\u010dia a\u00a0deti druhej kateg\u00f3rie pod\u013ea Druckera. Demokrati vyz\u00fdvaj\u00fa k spravodliv\u00e9mu normat\u00edvu na \u017eiaka","robots":{"index":"index","follow":"follow","max-snippet":"max-snippet:-1","max-image-preview":"max-image-preview:large","max-video-preview":"max-video-preview:-1"},"canonical":"https:\/\/www.smedemokrati.sk\/sv\/rodicia-a-deti-druhej-kategorie-podla-druckera-demokrati-vyzyvaju-k-spravodlivemu-normativu-na-ziaka\/","og_locale":"sv_SE","og_type":"article","og_title":"[:sk]Rodi\u010dia a\u00a0deti druhej kateg\u00f3rie pod\u013ea Druckera. Demokrati vyz\u00fdvaj\u00fa k spravodliv\u00e9mu normat\u00edvu na \u017eiaka[:] - Smedemokrati.sk","og_description":"Minister \u0161kolstva Tom\u00e1\u0161 Drucker predlo\u017eil do pripomienkov\u00e9ho procesu n\u00e1vrh z\u00e1kona, ktor\u00fd z\u00e1sadne men\u00ed financovanie neverejn\u00fdch \u0161k\u00f4l, najm\u00e4 t\u00fdch, kde rodi\u010dia prispievaj\u00fa \u0161koln\u00fdm. Ak bude z\u00e1kon schv\u00e1len\u00fd, tieto \u0161koly m\u00f4\u017eu pr\u00eds\u0165 a\u017e o 20 % normat\u00edvneho pr\u00edspevku, \u010do v\u00fdrazne ohrozuje ich finan\u010dn\u00fa stabilitu, dokonca m\u00f4\u017ee sp\u00f4sobi\u0165 ich z\u00e1nik. Toto opatrenie by malo okam\u017eit\u00fd dopad na viac [&hellip;]","og_url":"https:\/\/www.smedemokrati.sk\/sv\/rodicia-a-deti-druhej-kategorie-podla-druckera-demokrati-vyzyvaju-k-spravodlivemu-normativu-na-ziaka\/","og_site_name":"Smedemokrati.sk","article_publisher":"https:\/\/www.facebook.com\/smedemokrati2023","article_published_time":"2025-06-23T12:56:12+00:00","article_modified_time":"2025-06-23T12:57:28+00:00","og_image":[{"width":900,"height":601,"url":"https:\/\/www.smedemokrati.sk\/wp-content\/uploads\/2025\/06\/deti-druhej-kategorie.jpg","type":"image\/jpeg"}],"author":"miro.sopko","twitter_card":"summary_large_image","twitter_misc":{"Skriven av":"miro.sopko","Ber\u00e4knad l\u00e4stid":"4 minuter"},"schema":{"@context":"https:\/\/schema.org","@graph":[{"@type":"Article","@id":"https:\/\/www.smedemokrati.sk\/rodicia-a-deti-druhej-kategorie-podla-druckera-demokrati-vyzyvaju-k-spravodlivemu-normativu-na-ziaka\/#article","isPartOf":{"@id":"https:\/\/www.smedemokrati.sk\/rodicia-a-deti-druhej-kategorie-podla-druckera-demokrati-vyzyvaju-k-spravodlivemu-normativu-na-ziaka\/"},"author":{"name":"miro.sopko","@id":"https:\/\/www.smedemokrati.sk\/#\/schema\/person\/21f147c88d605aa7ded900e1e7c344ba"},"headline":"Rodi\u010dia a\u00a0deti druhej kateg\u00f3rie pod\u013ea Druckera. Demokrati vyz\u00fdvaj\u00fa k spravodliv\u00e9mu normat\u00edvu na \u017eiaka","datePublished":"2025-06-23T12:56:12+00:00","dateModified":"2025-06-23T12:57:28+00:00","mainEntityOfPage":{"@id":"https:\/\/www.smedemokrati.sk\/rodicia-a-deti-druhej-kategorie-podla-druckera-demokrati-vyzyvaju-k-spravodlivemu-normativu-na-ziaka\/"},"wordCount":746,"publisher":{"@id":"https:\/\/www.smedemokrati.sk\/#organization"},"image":{"@id":"https:\/\/www.smedemokrati.sk\/rodicia-a-deti-druhej-kategorie-podla-druckera-demokrati-vyzyvaju-k-spravodlivemu-normativu-na-ziaka\/#primaryimage"},"thumbnailUrl":"https:\/\/www.smedemokrati.sk\/wp-content\/uploads\/2025\/06\/deti-druhej-kategorie.jpg","articleSection":["Tla\u010dov\u00e9 spr\u00e1vy"],"inLanguage":"sv-SE"},{"@type":"WebPage","@id":"https:\/\/www.smedemokrati.sk\/rodicia-a-deti-druhej-kategorie-podla-druckera-demokrati-vyzyvaju-k-spravodlivemu-normativu-na-ziaka\/","url":"https:\/\/www.smedemokrati.sk\/rodicia-a-deti-druhej-kategorie-podla-druckera-demokrati-vyzyvaju-k-spravodlivemu-normativu-na-ziaka\/","name":"Rodi\u010dia a\u00a0deti druhej kateg\u00f3rie pod\u013ea Druckera. Demokrati vyz\u00fdvaj\u00fa k spravodliv\u00e9mu normat\u00edvu na \u017eiaka","isPartOf":{"@id":"https:\/\/www.smedemokrati.sk\/#website"},"primaryImageOfPage":{"@id":"https:\/\/www.smedemokrati.sk\/rodicia-a-deti-druhej-kategorie-podla-druckera-demokrati-vyzyvaju-k-spravodlivemu-normativu-na-ziaka\/#primaryimage"},"image":{"@id":"https:\/\/www.smedemokrati.sk\/rodicia-a-deti-druhej-kategorie-podla-druckera-demokrati-vyzyvaju-k-spravodlivemu-normativu-na-ziaka\/#primaryimage"},"thumbnailUrl":"https:\/\/www.smedemokrati.sk\/wp-content\/uploads\/2025\/06\/deti-druhej-kategorie.jpg","datePublished":"2025-06-23T12:56:12+00:00","dateModified":"2025-06-23T12:57:28+00:00","breadcrumb":{"@id":"https:\/\/www.smedemokrati.sk\/rodicia-a-deti-druhej-kategorie-podla-druckera-demokrati-vyzyvaju-k-spravodlivemu-normativu-na-ziaka\/#breadcrumb"},"inLanguage":"sv-SE","potentialAction":[{"@type":"ReadAction","target":["https:\/\/www.smedemokrati.sk\/rodicia-a-deti-druhej-kategorie-podla-druckera-demokrati-vyzyvaju-k-spravodlivemu-normativu-na-ziaka\/"]}]},{"@type":"ImageObject","inLanguage":"sv-SE","@id":"https:\/\/www.smedemokrati.sk\/rodicia-a-deti-druhej-kategorie-podla-druckera-demokrati-vyzyvaju-k-spravodlivemu-normativu-na-ziaka\/#primaryimage","url":"https:\/\/www.smedemokrati.sk\/wp-content\/uploads\/2025\/06\/deti-druhej-kategorie.jpg","contentUrl":"https:\/\/www.smedemokrati.sk\/wp-content\/uploads\/2025\/06\/deti-druhej-kategorie.jpg","width":900,"height":601},{"@type":"BreadcrumbList","@id":"https:\/\/www.smedemokrati.sk\/rodicia-a-deti-druhej-kategorie-podla-druckera-demokrati-vyzyvaju-k-spravodlivemu-normativu-na-ziaka\/#breadcrumb","itemListElement":[{"@type":"ListItem","position":1,"name":"Domovsk\u00e1 str\u00e1nka","item":"https:\/\/www.smedemokrati.sk\/"},{"@type":"ListItem","position":2,"name":"Rodi\u010dia a\u00a0deti druhej kateg\u00f3rie pod\u013ea Druckera. Demokrati vyz\u00fdvaj\u00fa k spravodliv\u00e9mu normat\u00edvu na \u017eiaka"}]},{"@type":"WebSite","@id":"https:\/\/www.smedemokrati.sk\/#website","url":"https:\/\/www.smedemokrati.sk\/","name":"Smedemokrati.sk","description":"Demokracia a slu\u0161nos\u0165 zv\u00ed\u0165az\u00ed","publisher":{"@id":"https:\/\/www.smedemokrati.sk\/#organization"},"potentialAction":[{"@type":"SearchAction","target":{"@type":"EntryPoint","urlTemplate":"https:\/\/www.smedemokrati.sk\/?s={search_term_string}"},"query-input":{"@type":"PropertyValueSpecification","valueRequired":true,"valueName":"search_term_string"}}],"inLanguage":"sv-SE"},{"@type":"Organization","@id":"https:\/\/www.smedemokrati.sk\/#organization","name":"Smedemokrati.sk","url":"https:\/\/www.smedemokrati.sk\/","logo":{"@type":"ImageObject","inLanguage":"sv-SE","@id":"https:\/\/www.smedemokrati.sk\/#\/schema\/logo\/image\/","url":"https:\/\/www.smedemokrati.sk\/wp-content\/uploads\/2023\/04\/ff.002.jpeg","contentUrl":"https:\/\/www.smedemokrati.sk\/wp-content\/uploads\/2023\/04\/ff.002.jpeg","width":640,"height":480,"caption":"Smedemokrati.sk"},"image":{"@id":"https:\/\/www.smedemokrati.sk\/#\/schema\/logo\/image\/"},"sameAs":["https:\/\/www.facebook.com\/smedemokrati2023"]},{"@type":"Person","@id":"https:\/\/www.smedemokrati.sk\/#\/schema\/person\/21f147c88d605aa7ded900e1e7c344ba","name":"miro.sopko","image":{"@type":"ImageObject","inLanguage":"sv-SE","@id":"https:\/\/secure.gravatar.com\/avatar\/267e4a36f704376c109afe3a78740c1f5dd8675a2180a908699e7863c9247606?s=96&d=mm&r=g","url":"https:\/\/secure.gravatar.com\/avatar\/267e4a36f704376c109afe3a78740c1f5dd8675a2180a908699e7863c9247606?s=96&d=mm&r=g","contentUrl":"https:\/\/secure.gravatar.com\/avatar\/267e4a36f704376c109afe3a78740c1f5dd8675a2180a908699e7863c9247606?s=96&d=mm&r=g","caption":"miro.sopko"},"url":"https:\/\/www.smedemokrati.sk\/sv\/author\/miro-sopko\/"}]}},"_links":{"self":[{"href":"https:\/\/www.smedemokrati.sk\/sv\/wp-json\/wp\/v2\/posts\/7588","targetHints":{"allow":["GET"]}}],"collection":[{"href":"https:\/\/www.smedemokrati.sk\/sv\/wp-json\/wp\/v2\/posts"}],"about":[{"href":"https:\/\/www.smedemokrati.sk\/sv\/wp-json\/wp\/v2\/types\/post"}],"author":[{"embeddable":true,"href":"https:\/\/www.smedemokrati.sk\/sv\/wp-json\/wp\/v2\/users\/13"}],"replies":[{"embeddable":true,"href":"https:\/\/www.smedemokrati.sk\/sv\/wp-json\/wp\/v2\/comments?post=7588"}],"version-history":[{"count":1,"href":"https:\/\/www.smedemokrati.sk\/sv\/wp-json\/wp\/v2\/posts\/7588\/revisions"}],"predecessor-version":[{"id":7590,"href":"https:\/\/www.smedemokrati.sk\/sv\/wp-json\/wp\/v2\/posts\/7588\/revisions\/7590"}],"wp:featuredmedia":[{"embeddable":true,"href":"https:\/\/www.smedemokrati.sk\/sv\/wp-json\/wp\/v2\/media\/7589"}],"wp:attachment":[{"href":"https:\/\/www.smedemokrati.sk\/sv\/wp-json\/wp\/v2\/media?parent=7588"}],"wp:term":[{"taxonomy":"category","embeddable":true,"href":"https:\/\/www.smedemokrati.sk\/sv\/wp-json\/wp\/v2\/categories?post=7588"},{"taxonomy":"post_tag","embeddable":true,"href":"https:\/\/www.smedemokrati.sk\/sv\/wp-json\/wp\/v2\/tags?post=7588"}],"curies":[{"name":"wp","href":"https:\/\/api.w.org\/{rel}","templated":true}]}}