{"id":7572,"date":"2025-06-19T13:36:46","date_gmt":"2025-06-19T12:36:46","guid":{"rendered":"https:\/\/www.smedemokrati.sk\/?p=7572"},"modified":"2025-06-19T13:36:47","modified_gmt":"2025-06-19T12:36:47","slug":"slovenske-spp-by-malo-zalovat-gazprom-rusky-plyn-od-januara-na-nase-uzemie-prakticky-neprudi","status":"publish","type":"post","link":"https:\/\/www.smedemokrati.sk\/sv\/slovenske-spp-by-malo-zalovat-gazprom-rusky-plyn-od-januara-na-nase-uzemie-prakticky-neprudi\/","title":{"rendered":"Slovensk\u00e9 SPP by malo \u017ealova\u0165 Gazprom, rusk\u00fd plyn od janu\u00e1ra na na\u0161e \u00fazemie prakticky nepr\u00fadi"},"content":{"rendered":"<div id=\"fb-root\"><\/div>\n\n<p><strong>Exminister hospod\u00e1rstva upozor\u0148uje, \u017ee na z\u00e1klade dostupn\u00fdch d\u00e1t je zrejm\u00e9, \u017ee rusk\u00fd plyn na na\u0161e \u00fazemie od janu\u00e1ra tohto roka prakticky nepr\u00fadi. Slovensko m\u00e1 v\u0161ak dod\u00e1vky od Gazpromu zazmluvnen\u00e9, rusk\u00e1 spolo\u010dnos\u0165 si svoje z\u00e1v\u00e4zky nepln\u00ed. Demokrati vyz\u00fdvaj\u00fa ministerku hospod\u00e1rstva, aby vo veci konala a aby SPP podalo rovnako ako in\u00ed eur\u00f3pski odberatelia plynu na Gazprom arbitr\u00e1\u017enu \u017ealobu.<\/strong><\/p>\n\n\n\n<p>Karel Hirman upozor\u0148uje, \u017ee od janu\u00e1ra tohto roka na Slovensko rusk\u00fd plyn prakticky nepr\u00fadi:&nbsp;<em>\u201ePred rokom tieklo na Slovensko v tomto obdob\u00ed okolo 300 mili\u00f3nov kub\u00edkov plynu mesa\u010dne, pri\u010dom dnes je to odhadom len okolo 20 mili\u00f3nov. Vych\u00e1dzaj\u00fac z t\u00fdchto \u00fadajov to znamen\u00e1, \u017ee na na\u0161e \u00fazemie plyn z Ruska prakticky nepr\u00fadi. Re\u010di Roberta Fica o tom, \u017ee bez rusk\u00e9ho plynu Slovensko nepre\u017eije, s\u00fa v rozpore s realitou, ktor\u00fa \u017eijeme.\u201c<\/em><\/p>\n\n\n\n<p>Pod\u013ea exministra hospod\u00e1rstva je na\u010dase, aby vl\u00e1da a ministerka Sakov\u00e1 za\u010dali bra\u0165 situ\u00e1ciu v\u00e1\u017ene, preto\u017ee st\u00e1le nie je seri\u00f3zne vyrie\u0161en\u00e1 ot\u00e1zka dod\u00e1vok plynu a bl\u00ed\u017ei sa vykurovacia sez\u00f3na&nbsp;<em>\u201eSlovensko, presnej\u0161ie SPP, by malo za nedodr\u017eanie kontraktu \u017ealova\u0165 rusk\u00fd Gazprom, preto\u017ee si jednoducho nepln\u00ed svoje zmluvn\u00e9 z\u00e1v\u00e4zky. Urobili to aj in\u00ed eur\u00f3pski odberatelia a dostali miliardov\u00e9 od\u0161kodnenia. Slovensku nech\u00fdbaj\u00fa miliardy? Toto je v\u00e1\u017ene ohrozenie na\u0161ej energetickej bezpe\u010dnosti.\u201c<\/em>&nbsp;povedal Hirman a dodal, \u017ee ak by chcela vl\u00e1da SR vyvola\u0165 energetick\u00fa kr\u00edzu a vych\u00e1dza\u0165 pritom v \u00fastrety rusk\u00e9mu dod\u00e1vate\u013eovi a Krem\u013eu, na \u00fakor slovensk\u00fdch z\u00e1ujmov, nekonala by inak.<\/p>\n\n\n\n<p>Hirman upozor\u0148uje na bl\u00ed\u017eiacu sa vykurovaciu sez\u00f3nu a kritizuje, \u017ee Slovensko m\u00e1 v z\u00e1sobn\u00edkoch nedostatok plynu, ministerstvo hospod\u00e1rstva nekon\u00e1, SPP nem\u00e1 uzatvoren\u00e9 strednodob\u00e9 kontrakty so seri\u00f3znymi dod\u00e1vate\u013emi a pod tlakom bude musie\u0165 kupova\u0165 predra\u017een\u00fd plyn:&nbsp;<em>\u201eAk sa ministerstvo a n\u00edm dosaden\u00e9 vedenie SPP nespam\u00e4t\u00e1, bude kupova\u0165 plyn pod tlakom, za ove\u013ea vy\u0161\u0161ie ceny. To bude ma\u0165 devasta\u010dn\u00e9 dopady na slovensk\u00fa ekonomiku, da\u0148ov\u00fdch poplatn\u00edkov, ale usmieva\u0165 sa bud\u00fa prepravcovia plynu, skladovatelia a priekupn\u00edci, ktor\u00ed na predanom plyne pre SPP dobre zarobia. To by mohlo by\u0165 v skuto\u010dnosti t\u00fdch 40 a\u017e 50 percent ceny plynu navy\u0161e, o ktor\u00fdch n\u00e1m premi\u00e9r Fico hovor\u00ed.\u201c<\/em><\/p>\n\n\n<div class=\"fb-video\" data-href=\"https:\/\/fb.watch\/AjCIgfL6X6\" data-allowfullscreen=\"true\" data-autoplay=\"false\" data-width=\"\" data-show-text=\"false\" data-show-captions=\"true\"><\/div>\n","protected":false},"excerpt":{"rendered":"<p>Exminister hospod\u00e1rstva upozor\u0148uje, \u017ee na z\u00e1klade dostupn\u00fdch d\u00e1t je zrejm\u00e9, \u017ee rusk\u00fd plyn na na\u0161e \u00fazemie od janu\u00e1ra tohto roka prakticky nepr\u00fadi. Slovensko m\u00e1 v\u0161ak dod\u00e1vky od Gazpromu zazmluvnen\u00e9, rusk\u00e1 spolo\u010dnos\u0165 si svoje z\u00e1v\u00e4zky nepln\u00ed. Demokrati vyz\u00fdvaj\u00fa ministerku hospod\u00e1rstva, aby vo veci konala a aby SPP podalo rovnako ako in\u00ed eur\u00f3pski odberatelia plynu na Gazprom [&hellip;]<\/p>\n","protected":false},"author":13,"featured_media":7573,"comment_status":"closed","ping_status":"closed","sticky":false,"template":"","format":"standard","meta":{"_acf_changed":false,"ngg_post_thumbnail":0,"footnotes":""},"categories":[4],"tags":[],"class_list":["post-7572","post","type-post","status-publish","format-standard","has-post-thumbnail","hentry","category-tlacove-spravy"],"acf":[],"yoast_head":"<!-- This site is optimized with the Yoast SEO plugin v27.2 - https:\/\/yoast.com\/product\/yoast-seo-wordpress\/ -->\n<title>Slovensk\u00e9 SPP by malo \u017ealova\u0165 Gazprom, rusk\u00fd plyn od janu\u00e1ra na na\u0161e \u00fazemie prakticky nepr\u00fadi<\/title>\n<meta name=\"robots\" content=\"index, follow, max-snippet:-1, max-image-preview:large, max-video-preview:-1\" \/>\n<link rel=\"canonical\" href=\"https:\/\/www.smedemokrati.sk\/sv\/slovenske-spp-by-malo-zalovat-gazprom-rusky-plyn-od-januara-na-nase-uzemie-prakticky-neprudi\/\" \/>\n<meta property=\"og:locale\" content=\"sv_SE\" \/>\n<meta property=\"og:locale:alternate\" content=\"en_US\" \/>\n<meta property=\"og:locale:alternate\" content=\"cs_CZ\" \/>\n<meta property=\"og:locale:alternate\" content=\"hu_HU\" \/>\n<meta property=\"og:locale:alternate\" content=\"sk_SK\" \/>\n<meta property=\"og:type\" content=\"article\" \/>\n<meta property=\"og:title\" content=\"Slovensk\u00e9 SPP by malo \u017ealova\u0165 Gazprom, rusk\u00fd plyn od janu\u00e1ra na na\u0161e \u00fazemie prakticky nepr\u00fadi\" \/>\n<meta property=\"og:description\" content=\"Exminister hospod\u00e1rstva upozor\u0148uje, \u017ee na z\u00e1klade dostupn\u00fdch d\u00e1t je zrejm\u00e9, \u017ee rusk\u00fd plyn na na\u0161e \u00fazemie od janu\u00e1ra tohto roka prakticky nepr\u00fadi. Slovensko m\u00e1 v\u0161ak dod\u00e1vky od Gazpromu zazmluvnen\u00e9, rusk\u00e1 spolo\u010dnos\u0165 si svoje z\u00e1v\u00e4zky nepln\u00ed. Demokrati vyz\u00fdvaj\u00fa ministerku hospod\u00e1rstva, aby vo veci konala a aby SPP podalo rovnako ako in\u00ed eur\u00f3pski odberatelia plynu na Gazprom [&hellip;]\" \/>\n<meta property=\"og:url\" content=\"https:\/\/www.smedemokrati.sk\/sv\/slovenske-spp-by-malo-zalovat-gazprom-rusky-plyn-od-januara-na-nase-uzemie-prakticky-neprudi\/\" \/>\n<meta property=\"og:site_name\" content=\"Smedemokrati.sk\" \/>\n<meta property=\"article:publisher\" content=\"https:\/\/www.facebook.com\/smedemokrati2023\" \/>\n<meta property=\"article:published_time\" content=\"2025-06-19T12:36:46+00:00\" \/>\n<meta property=\"article:modified_time\" content=\"2025-06-19T12:36:47+00:00\" \/>\n<meta property=\"og:image\" content=\"https:\/\/www.smedemokrati.sk\/wp-content\/uploads\/2025\/06\/spp-gasprom.jpg\" \/>\n\t<meta property=\"og:image:width\" content=\"1007\" \/>\n\t<meta property=\"og:image:height\" content=\"522\" \/>\n\t<meta property=\"og:image:type\" content=\"image\/jpeg\" \/>\n<meta name=\"author\" content=\"miro.sopko\" \/>\n<meta name=\"twitter:card\" content=\"summary_large_image\" \/>\n<meta name=\"twitter:label1\" content=\"Skriven av\" \/>\n\t<meta name=\"twitter:data1\" content=\"miro.sopko\" \/>\n\t<meta name=\"twitter:label2\" content=\"Ber\u00e4knad l\u00e4stid\" \/>\n\t<meta name=\"twitter:data2\" content=\"2 minuter\" \/>\n<script type=\"application\/ld+json\" class=\"yoast-schema-graph\">{\"@context\":\"https:\/\/schema.org\",\"@graph\":[{\"@type\":\"Article\",\"@id\":\"https:\/\/www.smedemokrati.sk\/slovenske-spp-by-malo-zalovat-gazprom-rusky-plyn-od-januara-na-nase-uzemie-prakticky-neprudi\/#article\",\"isPartOf\":{\"@id\":\"https:\/\/www.smedemokrati.sk\/slovenske-spp-by-malo-zalovat-gazprom-rusky-plyn-od-januara-na-nase-uzemie-prakticky-neprudi\/\"},\"author\":{\"name\":\"miro.sopko\",\"@id\":\"https:\/\/www.smedemokrati.sk\/#\/schema\/person\/21f147c88d605aa7ded900e1e7c344ba\"},\"headline\":\"Slovensk\u00e9 SPP by malo \u017ealova\u0165 Gazprom, rusk\u00fd plyn od janu\u00e1ra na na\u0161e \u00fazemie prakticky nepr\u00fadi\",\"datePublished\":\"2025-06-19T12:36:46+00:00\",\"dateModified\":\"2025-06-19T12:36:47+00:00\",\"mainEntityOfPage\":{\"@id\":\"https:\/\/www.smedemokrati.sk\/slovenske-spp-by-malo-zalovat-gazprom-rusky-plyn-od-januara-na-nase-uzemie-prakticky-neprudi\/\"},\"wordCount\":444,\"publisher\":{\"@id\":\"https:\/\/www.smedemokrati.sk\/#organization\"},\"image\":{\"@id\":\"https:\/\/www.smedemokrati.sk\/slovenske-spp-by-malo-zalovat-gazprom-rusky-plyn-od-januara-na-nase-uzemie-prakticky-neprudi\/#primaryimage\"},\"thumbnailUrl\":\"https:\/\/www.smedemokrati.sk\/wp-content\/uploads\/2025\/06\/spp-gasprom.jpg\",\"articleSection\":[\"Tla\u010dov\u00e9 spr\u00e1vy\"],\"inLanguage\":\"sv-SE\"},{\"@type\":\"WebPage\",\"@id\":\"https:\/\/www.smedemokrati.sk\/slovenske-spp-by-malo-zalovat-gazprom-rusky-plyn-od-januara-na-nase-uzemie-prakticky-neprudi\/\",\"url\":\"https:\/\/www.smedemokrati.sk\/slovenske-spp-by-malo-zalovat-gazprom-rusky-plyn-od-januara-na-nase-uzemie-prakticky-neprudi\/\",\"name\":\"Slovensk\u00e9 SPP by malo \u017ealova\u0165 Gazprom, rusk\u00fd plyn od janu\u00e1ra na na\u0161e \u00fazemie prakticky nepr\u00fadi\",\"isPartOf\":{\"@id\":\"https:\/\/www.smedemokrati.sk\/#website\"},\"primaryImageOfPage\":{\"@id\":\"https:\/\/www.smedemokrati.sk\/slovenske-spp-by-malo-zalovat-gazprom-rusky-plyn-od-januara-na-nase-uzemie-prakticky-neprudi\/#primaryimage\"},\"image\":{\"@id\":\"https:\/\/www.smedemokrati.sk\/slovenske-spp-by-malo-zalovat-gazprom-rusky-plyn-od-januara-na-nase-uzemie-prakticky-neprudi\/#primaryimage\"},\"thumbnailUrl\":\"https:\/\/www.smedemokrati.sk\/wp-content\/uploads\/2025\/06\/spp-gasprom.jpg\",\"datePublished\":\"2025-06-19T12:36:46+00:00\",\"dateModified\":\"2025-06-19T12:36:47+00:00\",\"breadcrumb\":{\"@id\":\"https:\/\/www.smedemokrati.sk\/slovenske-spp-by-malo-zalovat-gazprom-rusky-plyn-od-januara-na-nase-uzemie-prakticky-neprudi\/#breadcrumb\"},\"inLanguage\":\"sv-SE\",\"potentialAction\":[{\"@type\":\"ReadAction\",\"target\":[\"https:\/\/www.smedemokrati.sk\/slovenske-spp-by-malo-zalovat-gazprom-rusky-plyn-od-januara-na-nase-uzemie-prakticky-neprudi\/\"]}]},{\"@type\":\"ImageObject\",\"inLanguage\":\"sv-SE\",\"@id\":\"https:\/\/www.smedemokrati.sk\/slovenske-spp-by-malo-zalovat-gazprom-rusky-plyn-od-januara-na-nase-uzemie-prakticky-neprudi\/#primaryimage\",\"url\":\"https:\/\/www.smedemokrati.sk\/wp-content\/uploads\/2025\/06\/spp-gasprom.jpg\",\"contentUrl\":\"https:\/\/www.smedemokrati.sk\/wp-content\/uploads\/2025\/06\/spp-gasprom.jpg\",\"width\":1007,\"height\":522},{\"@type\":\"BreadcrumbList\",\"@id\":\"https:\/\/www.smedemokrati.sk\/slovenske-spp-by-malo-zalovat-gazprom-rusky-plyn-od-januara-na-nase-uzemie-prakticky-neprudi\/#breadcrumb\",\"itemListElement\":[{\"@type\":\"ListItem\",\"position\":1,\"name\":\"Domovsk\u00e1 str\u00e1nka\",\"item\":\"https:\/\/www.smedemokrati.sk\/\"},{\"@type\":\"ListItem\",\"position\":2,\"name\":\"Slovensk\u00e9 SPP by malo \u017ealova\u0165 Gazprom, rusk\u00fd plyn od janu\u00e1ra na na\u0161e \u00fazemie prakticky nepr\u00fadi\"}]},{\"@type\":\"WebSite\",\"@id\":\"https:\/\/www.smedemokrati.sk\/#website\",\"url\":\"https:\/\/www.smedemokrati.sk\/\",\"name\":\"Smedemokrati.sk\",\"description\":\"Demokracia a slu\u0161nos\u0165 zv\u00ed\u0165az\u00ed\",\"publisher\":{\"@id\":\"https:\/\/www.smedemokrati.sk\/#organization\"},\"potentialAction\":[{\"@type\":\"SearchAction\",\"target\":{\"@type\":\"EntryPoint\",\"urlTemplate\":\"https:\/\/www.smedemokrati.sk\/?s={search_term_string}\"},\"query-input\":{\"@type\":\"PropertyValueSpecification\",\"valueRequired\":true,\"valueName\":\"search_term_string\"}}],\"inLanguage\":\"sv-SE\"},{\"@type\":\"Organization\",\"@id\":\"https:\/\/www.smedemokrati.sk\/#organization\",\"name\":\"Smedemokrati.sk\",\"url\":\"https:\/\/www.smedemokrati.sk\/\",\"logo\":{\"@type\":\"ImageObject\",\"inLanguage\":\"sv-SE\",\"@id\":\"https:\/\/www.smedemokrati.sk\/#\/schema\/logo\/image\/\",\"url\":\"https:\/\/www.smedemokrati.sk\/wp-content\/uploads\/2023\/04\/ff.002.jpeg\",\"contentUrl\":\"https:\/\/www.smedemokrati.sk\/wp-content\/uploads\/2023\/04\/ff.002.jpeg\",\"width\":640,\"height\":480,\"caption\":\"Smedemokrati.sk\"},\"image\":{\"@id\":\"https:\/\/www.smedemokrati.sk\/#\/schema\/logo\/image\/\"},\"sameAs\":[\"https:\/\/www.facebook.com\/smedemokrati2023\"]},{\"@type\":\"Person\",\"@id\":\"https:\/\/www.smedemokrati.sk\/#\/schema\/person\/21f147c88d605aa7ded900e1e7c344ba\",\"name\":\"miro.sopko\",\"image\":{\"@type\":\"ImageObject\",\"inLanguage\":\"sv-SE\",\"@id\":\"https:\/\/secure.gravatar.com\/avatar\/267e4a36f704376c109afe3a78740c1f5dd8675a2180a908699e7863c9247606?s=96&d=mm&r=g\",\"url\":\"https:\/\/secure.gravatar.com\/avatar\/267e4a36f704376c109afe3a78740c1f5dd8675a2180a908699e7863c9247606?s=96&d=mm&r=g\",\"contentUrl\":\"https:\/\/secure.gravatar.com\/avatar\/267e4a36f704376c109afe3a78740c1f5dd8675a2180a908699e7863c9247606?s=96&d=mm&r=g\",\"caption\":\"miro.sopko\"},\"url\":\"https:\/\/www.smedemokrati.sk\/sv\/author\/miro-sopko\/\"}]}<\/script>\n<!-- \/ Yoast SEO plugin. -->","yoast_head_json":{"title":"Slovensk\u00e9 SPP by malo \u017ealova\u0165 Gazprom, rusk\u00fd plyn od janu\u00e1ra na na\u0161e \u00fazemie prakticky nepr\u00fadi","robots":{"index":"index","follow":"follow","max-snippet":"max-snippet:-1","max-image-preview":"max-image-preview:large","max-video-preview":"max-video-preview:-1"},"canonical":"https:\/\/www.smedemokrati.sk\/sv\/slovenske-spp-by-malo-zalovat-gazprom-rusky-plyn-od-januara-na-nase-uzemie-prakticky-neprudi\/","og_locale":"sv_SE","og_type":"article","og_title":"[:sk]Slovensk\u00e9 SPP by malo \u017ealova\u0165 Gazprom, rusk\u00fd plyn od janu\u00e1ra na na\u0161e \u00fazemie prakticky nepr\u00fadi[:] - Smedemokrati.sk","og_description":"Exminister hospod\u00e1rstva upozor\u0148uje, \u017ee na z\u00e1klade dostupn\u00fdch d\u00e1t je zrejm\u00e9, \u017ee rusk\u00fd plyn na na\u0161e \u00fazemie od janu\u00e1ra tohto roka prakticky nepr\u00fadi. Slovensko m\u00e1 v\u0161ak dod\u00e1vky od Gazpromu zazmluvnen\u00e9, rusk\u00e1 spolo\u010dnos\u0165 si svoje z\u00e1v\u00e4zky nepln\u00ed. Demokrati vyz\u00fdvaj\u00fa ministerku hospod\u00e1rstva, aby vo veci konala a aby SPP podalo rovnako ako in\u00ed eur\u00f3pski odberatelia plynu na Gazprom [&hellip;]","og_url":"https:\/\/www.smedemokrati.sk\/sv\/slovenske-spp-by-malo-zalovat-gazprom-rusky-plyn-od-januara-na-nase-uzemie-prakticky-neprudi\/","og_site_name":"Smedemokrati.sk","article_publisher":"https:\/\/www.facebook.com\/smedemokrati2023","article_published_time":"2025-06-19T12:36:46+00:00","article_modified_time":"2025-06-19T12:36:47+00:00","og_image":[{"width":1007,"height":522,"url":"https:\/\/www.smedemokrati.sk\/wp-content\/uploads\/2025\/06\/spp-gasprom.jpg","type":"image\/jpeg"}],"author":"miro.sopko","twitter_card":"summary_large_image","twitter_misc":{"Skriven av":"miro.sopko","Ber\u00e4knad l\u00e4stid":"2 minuter"},"schema":{"@context":"https:\/\/schema.org","@graph":[{"@type":"Article","@id":"https:\/\/www.smedemokrati.sk\/slovenske-spp-by-malo-zalovat-gazprom-rusky-plyn-od-januara-na-nase-uzemie-prakticky-neprudi\/#article","isPartOf":{"@id":"https:\/\/www.smedemokrati.sk\/slovenske-spp-by-malo-zalovat-gazprom-rusky-plyn-od-januara-na-nase-uzemie-prakticky-neprudi\/"},"author":{"name":"miro.sopko","@id":"https:\/\/www.smedemokrati.sk\/#\/schema\/person\/21f147c88d605aa7ded900e1e7c344ba"},"headline":"Slovensk\u00e9 SPP by malo \u017ealova\u0165 Gazprom, rusk\u00fd plyn od janu\u00e1ra na na\u0161e \u00fazemie prakticky nepr\u00fadi","datePublished":"2025-06-19T12:36:46+00:00","dateModified":"2025-06-19T12:36:47+00:00","mainEntityOfPage":{"@id":"https:\/\/www.smedemokrati.sk\/slovenske-spp-by-malo-zalovat-gazprom-rusky-plyn-od-januara-na-nase-uzemie-prakticky-neprudi\/"},"wordCount":444,"publisher":{"@id":"https:\/\/www.smedemokrati.sk\/#organization"},"image":{"@id":"https:\/\/www.smedemokrati.sk\/slovenske-spp-by-malo-zalovat-gazprom-rusky-plyn-od-januara-na-nase-uzemie-prakticky-neprudi\/#primaryimage"},"thumbnailUrl":"https:\/\/www.smedemokrati.sk\/wp-content\/uploads\/2025\/06\/spp-gasprom.jpg","articleSection":["Tla\u010dov\u00e9 spr\u00e1vy"],"inLanguage":"sv-SE"},{"@type":"WebPage","@id":"https:\/\/www.smedemokrati.sk\/slovenske-spp-by-malo-zalovat-gazprom-rusky-plyn-od-januara-na-nase-uzemie-prakticky-neprudi\/","url":"https:\/\/www.smedemokrati.sk\/slovenske-spp-by-malo-zalovat-gazprom-rusky-plyn-od-januara-na-nase-uzemie-prakticky-neprudi\/","name":"Slovensk\u00e9 SPP by malo \u017ealova\u0165 Gazprom, rusk\u00fd plyn od janu\u00e1ra na na\u0161e \u00fazemie prakticky nepr\u00fadi","isPartOf":{"@id":"https:\/\/www.smedemokrati.sk\/#website"},"primaryImageOfPage":{"@id":"https:\/\/www.smedemokrati.sk\/slovenske-spp-by-malo-zalovat-gazprom-rusky-plyn-od-januara-na-nase-uzemie-prakticky-neprudi\/#primaryimage"},"image":{"@id":"https:\/\/www.smedemokrati.sk\/slovenske-spp-by-malo-zalovat-gazprom-rusky-plyn-od-januara-na-nase-uzemie-prakticky-neprudi\/#primaryimage"},"thumbnailUrl":"https:\/\/www.smedemokrati.sk\/wp-content\/uploads\/2025\/06\/spp-gasprom.jpg","datePublished":"2025-06-19T12:36:46+00:00","dateModified":"2025-06-19T12:36:47+00:00","breadcrumb":{"@id":"https:\/\/www.smedemokrati.sk\/slovenske-spp-by-malo-zalovat-gazprom-rusky-plyn-od-januara-na-nase-uzemie-prakticky-neprudi\/#breadcrumb"},"inLanguage":"sv-SE","potentialAction":[{"@type":"ReadAction","target":["https:\/\/www.smedemokrati.sk\/slovenske-spp-by-malo-zalovat-gazprom-rusky-plyn-od-januara-na-nase-uzemie-prakticky-neprudi\/"]}]},{"@type":"ImageObject","inLanguage":"sv-SE","@id":"https:\/\/www.smedemokrati.sk\/slovenske-spp-by-malo-zalovat-gazprom-rusky-plyn-od-januara-na-nase-uzemie-prakticky-neprudi\/#primaryimage","url":"https:\/\/www.smedemokrati.sk\/wp-content\/uploads\/2025\/06\/spp-gasprom.jpg","contentUrl":"https:\/\/www.smedemokrati.sk\/wp-content\/uploads\/2025\/06\/spp-gasprom.jpg","width":1007,"height":522},{"@type":"BreadcrumbList","@id":"https:\/\/www.smedemokrati.sk\/slovenske-spp-by-malo-zalovat-gazprom-rusky-plyn-od-januara-na-nase-uzemie-prakticky-neprudi\/#breadcrumb","itemListElement":[{"@type":"ListItem","position":1,"name":"Domovsk\u00e1 str\u00e1nka","item":"https:\/\/www.smedemokrati.sk\/"},{"@type":"ListItem","position":2,"name":"Slovensk\u00e9 SPP by malo \u017ealova\u0165 Gazprom, rusk\u00fd plyn od janu\u00e1ra na na\u0161e \u00fazemie prakticky nepr\u00fadi"}]},{"@type":"WebSite","@id":"https:\/\/www.smedemokrati.sk\/#website","url":"https:\/\/www.smedemokrati.sk\/","name":"Smedemokrati.sk","description":"Demokracia a slu\u0161nos\u0165 zv\u00ed\u0165az\u00ed","publisher":{"@id":"https:\/\/www.smedemokrati.sk\/#organization"},"potentialAction":[{"@type":"SearchAction","target":{"@type":"EntryPoint","urlTemplate":"https:\/\/www.smedemokrati.sk\/?s={search_term_string}"},"query-input":{"@type":"PropertyValueSpecification","valueRequired":true,"valueName":"search_term_string"}}],"inLanguage":"sv-SE"},{"@type":"Organization","@id":"https:\/\/www.smedemokrati.sk\/#organization","name":"Smedemokrati.sk","url":"https:\/\/www.smedemokrati.sk\/","logo":{"@type":"ImageObject","inLanguage":"sv-SE","@id":"https:\/\/www.smedemokrati.sk\/#\/schema\/logo\/image\/","url":"https:\/\/www.smedemokrati.sk\/wp-content\/uploads\/2023\/04\/ff.002.jpeg","contentUrl":"https:\/\/www.smedemokrati.sk\/wp-content\/uploads\/2023\/04\/ff.002.jpeg","width":640,"height":480,"caption":"Smedemokrati.sk"},"image":{"@id":"https:\/\/www.smedemokrati.sk\/#\/schema\/logo\/image\/"},"sameAs":["https:\/\/www.facebook.com\/smedemokrati2023"]},{"@type":"Person","@id":"https:\/\/www.smedemokrati.sk\/#\/schema\/person\/21f147c88d605aa7ded900e1e7c344ba","name":"miro.sopko","image":{"@type":"ImageObject","inLanguage":"sv-SE","@id":"https:\/\/secure.gravatar.com\/avatar\/267e4a36f704376c109afe3a78740c1f5dd8675a2180a908699e7863c9247606?s=96&d=mm&r=g","url":"https:\/\/secure.gravatar.com\/avatar\/267e4a36f704376c109afe3a78740c1f5dd8675a2180a908699e7863c9247606?s=96&d=mm&r=g","contentUrl":"https:\/\/secure.gravatar.com\/avatar\/267e4a36f704376c109afe3a78740c1f5dd8675a2180a908699e7863c9247606?s=96&d=mm&r=g","caption":"miro.sopko"},"url":"https:\/\/www.smedemokrati.sk\/sv\/author\/miro-sopko\/"}]}},"_links":{"self":[{"href":"https:\/\/www.smedemokrati.sk\/sv\/wp-json\/wp\/v2\/posts\/7572","targetHints":{"allow":["GET"]}}],"collection":[{"href":"https:\/\/www.smedemokrati.sk\/sv\/wp-json\/wp\/v2\/posts"}],"about":[{"href":"https:\/\/www.smedemokrati.sk\/sv\/wp-json\/wp\/v2\/types\/post"}],"author":[{"embeddable":true,"href":"https:\/\/www.smedemokrati.sk\/sv\/wp-json\/wp\/v2\/users\/13"}],"replies":[{"embeddable":true,"href":"https:\/\/www.smedemokrati.sk\/sv\/wp-json\/wp\/v2\/comments?post=7572"}],"version-history":[{"count":1,"href":"https:\/\/www.smedemokrati.sk\/sv\/wp-json\/wp\/v2\/posts\/7572\/revisions"}],"predecessor-version":[{"id":7574,"href":"https:\/\/www.smedemokrati.sk\/sv\/wp-json\/wp\/v2\/posts\/7572\/revisions\/7574"}],"wp:featuredmedia":[{"embeddable":true,"href":"https:\/\/www.smedemokrati.sk\/sv\/wp-json\/wp\/v2\/media\/7573"}],"wp:attachment":[{"href":"https:\/\/www.smedemokrati.sk\/sv\/wp-json\/wp\/v2\/media?parent=7572"}],"wp:term":[{"taxonomy":"category","embeddable":true,"href":"https:\/\/www.smedemokrati.sk\/sv\/wp-json\/wp\/v2\/categories?post=7572"},{"taxonomy":"post_tag","embeddable":true,"href":"https:\/\/www.smedemokrati.sk\/sv\/wp-json\/wp\/v2\/tags?post=7572"}],"curies":[{"name":"wp","href":"https:\/\/api.w.org\/{rel}","templated":true}]}}