{"id":7558,"date":"2025-06-16T15:53:49","date_gmt":"2025-06-16T14:53:49","guid":{"rendered":"https:\/\/www.smedemokrati.sk\/?p=7558"},"modified":"2025-06-16T15:53:50","modified_gmt":"2025-06-16T14:53:50","slug":"schvalenie-zmien-v-ustave-je-bianko-sek-pre-fica-ktorym-moze-zneuzit-proti-nasmu-clenstvu-v-eu","status":"publish","type":"post","link":"https:\/\/www.smedemokrati.sk\/sv\/schvalenie-zmien-v-ustave-je-bianko-sek-pre-fica-ktorym-moze-zneuzit-proti-nasmu-clenstvu-v-eu\/","title":{"rendered":"Schv\u00e1lenie zmien v \u00fastave je bianko \u0161ek pre Fica, ktor\u00fdm m\u00f4\u017ee zneu\u017ei\u0165 proti n\u00e1\u0161mu \u010dlenstvu v E\u00da"},"content":{"rendered":"<div id=\"fb-root\"><\/div>\n\n<p><strong>Pod\u013ea strany Demokrati m\u00f4\u017eu by\u0165 zmeny v \u00fastave problematick\u00e9, a to najm\u00e4 v \u010dl\u00e1nku 7, ktor\u00fd hovor\u00ed o tom, \u017ee v ot\u00e1zkach n\u00e1rodnej identity je slovensk\u00e1 legislat\u00edva nadraden\u00e1 eur\u00f3pskej. Vyz\u00fdvaj\u00fa preto opozi\u010dn\u00fdch kolegov, aby za tieto zmeny nehlasovali.<\/strong><\/p>\n\n\n\n<p><em>\u201e\u010co je n\u00e1rodn\u00e1 identita a kto to bude ur\u010dova\u0165? Fico, Huliak alebo Blaha bud\u00fa ur\u010dova\u0165, \u010do spad\u00e1 pod na\u0161u n\u00e1rodn\u00fa identitu, a teda bud\u00fa rozhodova\u0165, ktor\u00e9 t\u00e9my, resp. kauzy bud\u00fa rie\u0161en\u00e9 slovensk\u00fdmi org\u00e1nmi, aby takpovediac obi\u0161li eur\u00f3pske z\u00e1kony? V praxi to m\u00f4\u017ee znamena\u0165, \u017ee vy\u0161etrovanie haciend \u2018na\u0161ich \u013eud\u00ed\u2019 p\u00f4jde mimo eur\u00f3pske z\u00e1kony. A verte, \u017ee ke\u010f to ostane v pr\u00e1vomoci slovensk\u00fdch org\u00e1nov, Fico a spol. n\u00e1jdu sp\u00f4sob, ako to vyrie\u0161i\u0165, aby \u2018dobre bolo\u2019,\u201c<\/em>&nbsp;hovor\u00ed Michal Ki\u010da z predsedn\u00edctva strany Demokrati.<\/p>\n\n\n\n<p><em>\u201eGumenn\u00e9 a nekonkr\u00e9tne ustanovenie o suverenite v ot\u00e1zkach n\u00e1rodnej identity v d\u00f4sledkoch torp\u00e9duje na\u0161e \u010dlenstvo v E\u00da. Otv\u00e1ra Pandorinu skrinku, ke\u010f\u017ee Smeru d\u00e1va \u0161irok\u00e9 mo\u017enosti, ako ho zneu\u017ei\u0165. \u010co ke\u010f si povedia, \u017ee vy\u0161etrovanie korupcie v PPA je v rozpore s na\u0161ou n\u00e1rodnou identitou? Dnes sa nep\u00ed\u0161e rok 2014, kedy sa do \u00fastavy dostala defin\u00edcia man\u017eelstva a kedy sa Fico e\u0161te tv\u00e1ril ako proeur\u00f3psky politik. Prij\u00edma\u0165 tak\u00fato bezprecedentn\u00fa zmenu v \u010dase, ke\u010f Smer\u00e1ci hovoria o vystupovan\u00ed z E\u00da, je mimoriadne riskantn\u00e9 a nezodpovedn\u00e9,\u201c<\/em>&nbsp;hovor\u00ed Ki\u010da a ob\u00e1va sa, \u017ee politici pretl\u00e1\u010daj\u00faci t\u00fato zmenu sa m\u00f4\u017eu zap\u00edsa\u0165 do dej\u00edn nie kv\u00f4li kult\u00farno-etick\u00fdm ot\u00e1zkam, ale ako t\u00ed, ktor\u00ed mo\u017eno aj nechtiac asistovali Robertovi Ficovi pri vyv\u00e1dzan\u00ed Slovenska z E\u00da.<\/p>\n\n\n\n<p>Poslanec NR SR \u013dubom\u00edr Galko vyz\u00fdva opozi\u010dn\u00fdch kolegov, aby za zmeny v \u017eiadnom pr\u00edpade nehlasovali:&nbsp;<em>\u201eFico n\u00e1s chce rozh\u00e1da\u0165, no osta\u0148me vo vecnej rovine. Zmeny \u00fastavy s\u00fa maskovac\u00edm man\u00e9vrom, po ktorom sa na Slovensku lep\u0161ie \u017ei\u0165 nebude. \u017diadam kolegov z poslaneck\u00e9ho klubu KDH a poslaneck\u00e9ho klubu hnutia Slovensko, K\u00da, Za \u013eud\u00ed, aby za zmeny nehlasovali a nevystavili tak bianko \u0161ek Ficovi, ktor\u00fdm m\u00f4\u017ee zas a znova oslabi\u0165 na\u0161e \u010dlenstvo v E\u00da.\u201c<\/em><\/p>\n\n\n<div class=\"fb-video\" data-href=\"https:\/\/fb.watch\/AfPulWMo_-\" data-allowfullscreen=\"true\" data-autoplay=\"false\" data-width=\"\" data-show-text=\"false\" data-show-captions=\"true\"><\/div>\n","protected":false},"excerpt":{"rendered":"<p>Pod\u013ea strany Demokrati m\u00f4\u017eu by\u0165 zmeny v \u00fastave problematick\u00e9, a to najm\u00e4 v \u010dl\u00e1nku 7, ktor\u00fd hovor\u00ed o tom, \u017ee v ot\u00e1zkach n\u00e1rodnej identity je slovensk\u00e1 legislat\u00edva nadraden\u00e1 eur\u00f3pskej. Vyz\u00fdvaj\u00fa preto opozi\u010dn\u00fdch kolegov, aby za tieto zmeny nehlasovali. \u201e\u010co je n\u00e1rodn\u00e1 identita a kto to bude ur\u010dova\u0165? Fico, Huliak alebo Blaha bud\u00fa ur\u010dova\u0165, \u010do spad\u00e1 [&hellip;]<\/p>\n","protected":false},"author":13,"featured_media":2653,"comment_status":"closed","ping_status":"closed","sticky":false,"template":"","format":"standard","meta":{"_acf_changed":false,"ngg_post_thumbnail":0,"footnotes":""},"categories":[4],"tags":[],"class_list":["post-7558","post","type-post","status-publish","format-standard","has-post-thumbnail","hentry","category-tlacove-spravy"],"acf":[],"yoast_head":"<!-- This site is optimized with the Yoast SEO plugin v27.2 - https:\/\/yoast.com\/product\/yoast-seo-wordpress\/ -->\n<title>Schv\u00e1lenie zmien v \u00fastave je bianko \u0161ek pre Fica, ktor\u00fdm m\u00f4\u017ee zneu\u017ei\u0165 proti n\u00e1\u0161mu \u010dlenstvu v E\u00da<\/title>\n<meta name=\"robots\" content=\"index, follow, max-snippet:-1, max-image-preview:large, max-video-preview:-1\" \/>\n<link rel=\"canonical\" href=\"https:\/\/www.smedemokrati.sk\/sv\/schvalenie-zmien-v-ustave-je-bianko-sek-pre-fica-ktorym-moze-zneuzit-proti-nasmu-clenstvu-v-eu\/\" \/>\n<meta property=\"og:locale\" content=\"sv_SE\" \/>\n<meta property=\"og:locale:alternate\" content=\"en_US\" \/>\n<meta property=\"og:locale:alternate\" content=\"cs_CZ\" \/>\n<meta property=\"og:locale:alternate\" content=\"hu_HU\" \/>\n<meta property=\"og:locale:alternate\" content=\"sk_SK\" \/>\n<meta property=\"og:type\" content=\"article\" \/>\n<meta property=\"og:title\" content=\"Schv\u00e1lenie zmien v \u00fastave je bianko \u0161ek pre Fica, ktor\u00fdm m\u00f4\u017ee zneu\u017ei\u0165 proti n\u00e1\u0161mu \u010dlenstvu v E\u00da\" \/>\n<meta property=\"og:description\" content=\"Pod\u013ea strany Demokrati m\u00f4\u017eu by\u0165 zmeny v \u00fastave problematick\u00e9, a to najm\u00e4 v \u010dl\u00e1nku 7, ktor\u00fd hovor\u00ed o tom, \u017ee v ot\u00e1zkach n\u00e1rodnej identity je slovensk\u00e1 legislat\u00edva nadraden\u00e1 eur\u00f3pskej. Vyz\u00fdvaj\u00fa preto opozi\u010dn\u00fdch kolegov, aby za tieto zmeny nehlasovali. \u201e\u010co je n\u00e1rodn\u00e1 identita a kto to bude ur\u010dova\u0165? Fico, Huliak alebo Blaha bud\u00fa ur\u010dova\u0165, \u010do spad\u00e1 [&hellip;]\" \/>\n<meta property=\"og:url\" content=\"https:\/\/www.smedemokrati.sk\/sv\/schvalenie-zmien-v-ustave-je-bianko-sek-pre-fica-ktorym-moze-zneuzit-proti-nasmu-clenstvu-v-eu\/\" \/>\n<meta property=\"og:site_name\" content=\"Smedemokrati.sk\" \/>\n<meta property=\"article:publisher\" content=\"https:\/\/www.facebook.com\/smedemokrati2023\" \/>\n<meta property=\"article:published_time\" content=\"2025-06-16T14:53:49+00:00\" \/>\n<meta property=\"article:modified_time\" content=\"2025-06-16T14:53:50+00:00\" \/>\n<meta property=\"og:image\" content=\"https:\/\/www.smedemokrati.sk\/wp-content\/uploads\/2024\/02\/ddd.jpg\" \/>\n\t<meta property=\"og:image:width\" content=\"1024\" \/>\n\t<meta property=\"og:image:height\" content=\"683\" \/>\n\t<meta property=\"og:image:type\" content=\"image\/jpeg\" \/>\n<meta name=\"author\" content=\"miro.sopko\" \/>\n<meta name=\"twitter:card\" content=\"summary_large_image\" \/>\n<meta name=\"twitter:label1\" content=\"Skriven av\" \/>\n\t<meta name=\"twitter:data1\" content=\"miro.sopko\" \/>\n\t<meta name=\"twitter:label2\" content=\"Ber\u00e4knad l\u00e4stid\" \/>\n\t<meta name=\"twitter:data2\" content=\"2 minuter\" \/>\n<script type=\"application\/ld+json\" class=\"yoast-schema-graph\">{\"@context\":\"https:\/\/schema.org\",\"@graph\":[{\"@type\":\"Article\",\"@id\":\"https:\/\/www.smedemokrati.sk\/schvalenie-zmien-v-ustave-je-bianko-sek-pre-fica-ktorym-moze-zneuzit-proti-nasmu-clenstvu-v-eu\/#article\",\"isPartOf\":{\"@id\":\"https:\/\/www.smedemokrati.sk\/schvalenie-zmien-v-ustave-je-bianko-sek-pre-fica-ktorym-moze-zneuzit-proti-nasmu-clenstvu-v-eu\/\"},\"author\":{\"name\":\"miro.sopko\",\"@id\":\"https:\/\/www.smedemokrati.sk\/#\/schema\/person\/21f147c88d605aa7ded900e1e7c344ba\"},\"headline\":\"Schv\u00e1lenie zmien v \u00fastave je bianko \u0161ek pre Fica, ktor\u00fdm m\u00f4\u017ee zneu\u017ei\u0165 proti n\u00e1\u0161mu \u010dlenstvu v E\u00da\",\"datePublished\":\"2025-06-16T14:53:49+00:00\",\"dateModified\":\"2025-06-16T14:53:50+00:00\",\"mainEntityOfPage\":{\"@id\":\"https:\/\/www.smedemokrati.sk\/schvalenie-zmien-v-ustave-je-bianko-sek-pre-fica-ktorym-moze-zneuzit-proti-nasmu-clenstvu-v-eu\/\"},\"wordCount\":429,\"publisher\":{\"@id\":\"https:\/\/www.smedemokrati.sk\/#organization\"},\"image\":{\"@id\":\"https:\/\/www.smedemokrati.sk\/schvalenie-zmien-v-ustave-je-bianko-sek-pre-fica-ktorym-moze-zneuzit-proti-nasmu-clenstvu-v-eu\/#primaryimage\"},\"thumbnailUrl\":\"https:\/\/www.smedemokrati.sk\/wp-content\/uploads\/2024\/02\/ddd.jpg\",\"articleSection\":[\"Tla\u010dov\u00e9 spr\u00e1vy\"],\"inLanguage\":\"sv-SE\"},{\"@type\":\"WebPage\",\"@id\":\"https:\/\/www.smedemokrati.sk\/schvalenie-zmien-v-ustave-je-bianko-sek-pre-fica-ktorym-moze-zneuzit-proti-nasmu-clenstvu-v-eu\/\",\"url\":\"https:\/\/www.smedemokrati.sk\/schvalenie-zmien-v-ustave-je-bianko-sek-pre-fica-ktorym-moze-zneuzit-proti-nasmu-clenstvu-v-eu\/\",\"name\":\"Schv\u00e1lenie zmien v \u00fastave je bianko \u0161ek pre Fica, ktor\u00fdm m\u00f4\u017ee zneu\u017ei\u0165 proti n\u00e1\u0161mu \u010dlenstvu v E\u00da\",\"isPartOf\":{\"@id\":\"https:\/\/www.smedemokrati.sk\/#website\"},\"primaryImageOfPage\":{\"@id\":\"https:\/\/www.smedemokrati.sk\/schvalenie-zmien-v-ustave-je-bianko-sek-pre-fica-ktorym-moze-zneuzit-proti-nasmu-clenstvu-v-eu\/#primaryimage\"},\"image\":{\"@id\":\"https:\/\/www.smedemokrati.sk\/schvalenie-zmien-v-ustave-je-bianko-sek-pre-fica-ktorym-moze-zneuzit-proti-nasmu-clenstvu-v-eu\/#primaryimage\"},\"thumbnailUrl\":\"https:\/\/www.smedemokrati.sk\/wp-content\/uploads\/2024\/02\/ddd.jpg\",\"datePublished\":\"2025-06-16T14:53:49+00:00\",\"dateModified\":\"2025-06-16T14:53:50+00:00\",\"breadcrumb\":{\"@id\":\"https:\/\/www.smedemokrati.sk\/schvalenie-zmien-v-ustave-je-bianko-sek-pre-fica-ktorym-moze-zneuzit-proti-nasmu-clenstvu-v-eu\/#breadcrumb\"},\"inLanguage\":\"sv-SE\",\"potentialAction\":[{\"@type\":\"ReadAction\",\"target\":[\"https:\/\/www.smedemokrati.sk\/schvalenie-zmien-v-ustave-je-bianko-sek-pre-fica-ktorym-moze-zneuzit-proti-nasmu-clenstvu-v-eu\/\"]}]},{\"@type\":\"ImageObject\",\"inLanguage\":\"sv-SE\",\"@id\":\"https:\/\/www.smedemokrati.sk\/schvalenie-zmien-v-ustave-je-bianko-sek-pre-fica-ktorym-moze-zneuzit-proti-nasmu-clenstvu-v-eu\/#primaryimage\",\"url\":\"https:\/\/www.smedemokrati.sk\/wp-content\/uploads\/2024\/02\/ddd.jpg\",\"contentUrl\":\"https:\/\/www.smedemokrati.sk\/wp-content\/uploads\/2024\/02\/ddd.jpg\",\"width\":1024,\"height\":683},{\"@type\":\"BreadcrumbList\",\"@id\":\"https:\/\/www.smedemokrati.sk\/schvalenie-zmien-v-ustave-je-bianko-sek-pre-fica-ktorym-moze-zneuzit-proti-nasmu-clenstvu-v-eu\/#breadcrumb\",\"itemListElement\":[{\"@type\":\"ListItem\",\"position\":1,\"name\":\"Domovsk\u00e1 str\u00e1nka\",\"item\":\"https:\/\/www.smedemokrati.sk\/\"},{\"@type\":\"ListItem\",\"position\":2,\"name\":\"Schv\u00e1lenie zmien v \u00fastave je bianko \u0161ek pre Fica, ktor\u00fdm m\u00f4\u017ee zneu\u017ei\u0165 proti n\u00e1\u0161mu \u010dlenstvu v E\u00da\"}]},{\"@type\":\"WebSite\",\"@id\":\"https:\/\/www.smedemokrati.sk\/#website\",\"url\":\"https:\/\/www.smedemokrati.sk\/\",\"name\":\"Smedemokrati.sk\",\"description\":\"Demokracia a slu\u0161nos\u0165 zv\u00ed\u0165az\u00ed\",\"publisher\":{\"@id\":\"https:\/\/www.smedemokrati.sk\/#organization\"},\"potentialAction\":[{\"@type\":\"SearchAction\",\"target\":{\"@type\":\"EntryPoint\",\"urlTemplate\":\"https:\/\/www.smedemokrati.sk\/?s={search_term_string}\"},\"query-input\":{\"@type\":\"PropertyValueSpecification\",\"valueRequired\":true,\"valueName\":\"search_term_string\"}}],\"inLanguage\":\"sv-SE\"},{\"@type\":\"Organization\",\"@id\":\"https:\/\/www.smedemokrati.sk\/#organization\",\"name\":\"Smedemokrati.sk\",\"url\":\"https:\/\/www.smedemokrati.sk\/\",\"logo\":{\"@type\":\"ImageObject\",\"inLanguage\":\"sv-SE\",\"@id\":\"https:\/\/www.smedemokrati.sk\/#\/schema\/logo\/image\/\",\"url\":\"https:\/\/www.smedemokrati.sk\/wp-content\/uploads\/2023\/04\/ff.002.jpeg\",\"contentUrl\":\"https:\/\/www.smedemokrati.sk\/wp-content\/uploads\/2023\/04\/ff.002.jpeg\",\"width\":640,\"height\":480,\"caption\":\"Smedemokrati.sk\"},\"image\":{\"@id\":\"https:\/\/www.smedemokrati.sk\/#\/schema\/logo\/image\/\"},\"sameAs\":[\"https:\/\/www.facebook.com\/smedemokrati2023\"]},{\"@type\":\"Person\",\"@id\":\"https:\/\/www.smedemokrati.sk\/#\/schema\/person\/21f147c88d605aa7ded900e1e7c344ba\",\"name\":\"miro.sopko\",\"image\":{\"@type\":\"ImageObject\",\"inLanguage\":\"sv-SE\",\"@id\":\"https:\/\/secure.gravatar.com\/avatar\/267e4a36f704376c109afe3a78740c1f5dd8675a2180a908699e7863c9247606?s=96&d=mm&r=g\",\"url\":\"https:\/\/secure.gravatar.com\/avatar\/267e4a36f704376c109afe3a78740c1f5dd8675a2180a908699e7863c9247606?s=96&d=mm&r=g\",\"contentUrl\":\"https:\/\/secure.gravatar.com\/avatar\/267e4a36f704376c109afe3a78740c1f5dd8675a2180a908699e7863c9247606?s=96&d=mm&r=g\",\"caption\":\"miro.sopko\"},\"url\":\"https:\/\/www.smedemokrati.sk\/sv\/author\/miro-sopko\/\"}]}<\/script>\n<!-- \/ Yoast SEO plugin. -->","yoast_head_json":{"title":"Schv\u00e1lenie zmien v \u00fastave je bianko \u0161ek pre Fica, ktor\u00fdm m\u00f4\u017ee zneu\u017ei\u0165 proti n\u00e1\u0161mu \u010dlenstvu v E\u00da","robots":{"index":"index","follow":"follow","max-snippet":"max-snippet:-1","max-image-preview":"max-image-preview:large","max-video-preview":"max-video-preview:-1"},"canonical":"https:\/\/www.smedemokrati.sk\/sv\/schvalenie-zmien-v-ustave-je-bianko-sek-pre-fica-ktorym-moze-zneuzit-proti-nasmu-clenstvu-v-eu\/","og_locale":"sv_SE","og_type":"article","og_title":"[:sk]Schv\u00e1lenie zmien v \u00fastave je bianko \u0161ek pre Fica, ktor\u00fdm m\u00f4\u017ee zneu\u017ei\u0165 proti n\u00e1\u0161mu \u010dlenstvu v E\u00da[:] - Smedemokrati.sk","og_description":"Pod\u013ea strany Demokrati m\u00f4\u017eu by\u0165 zmeny v \u00fastave problematick\u00e9, a to najm\u00e4 v \u010dl\u00e1nku 7, ktor\u00fd hovor\u00ed o tom, \u017ee v ot\u00e1zkach n\u00e1rodnej identity je slovensk\u00e1 legislat\u00edva nadraden\u00e1 eur\u00f3pskej. Vyz\u00fdvaj\u00fa preto opozi\u010dn\u00fdch kolegov, aby za tieto zmeny nehlasovali. \u201e\u010co je n\u00e1rodn\u00e1 identita a kto to bude ur\u010dova\u0165? Fico, Huliak alebo Blaha bud\u00fa ur\u010dova\u0165, \u010do spad\u00e1 [&hellip;]","og_url":"https:\/\/www.smedemokrati.sk\/sv\/schvalenie-zmien-v-ustave-je-bianko-sek-pre-fica-ktorym-moze-zneuzit-proti-nasmu-clenstvu-v-eu\/","og_site_name":"Smedemokrati.sk","article_publisher":"https:\/\/www.facebook.com\/smedemokrati2023","article_published_time":"2025-06-16T14:53:49+00:00","article_modified_time":"2025-06-16T14:53:50+00:00","og_image":[{"width":1024,"height":683,"url":"https:\/\/www.smedemokrati.sk\/wp-content\/uploads\/2024\/02\/ddd.jpg","type":"image\/jpeg"}],"author":"miro.sopko","twitter_card":"summary_large_image","twitter_misc":{"Skriven av":"miro.sopko","Ber\u00e4knad l\u00e4stid":"2 minuter"},"schema":{"@context":"https:\/\/schema.org","@graph":[{"@type":"Article","@id":"https:\/\/www.smedemokrati.sk\/schvalenie-zmien-v-ustave-je-bianko-sek-pre-fica-ktorym-moze-zneuzit-proti-nasmu-clenstvu-v-eu\/#article","isPartOf":{"@id":"https:\/\/www.smedemokrati.sk\/schvalenie-zmien-v-ustave-je-bianko-sek-pre-fica-ktorym-moze-zneuzit-proti-nasmu-clenstvu-v-eu\/"},"author":{"name":"miro.sopko","@id":"https:\/\/www.smedemokrati.sk\/#\/schema\/person\/21f147c88d605aa7ded900e1e7c344ba"},"headline":"Schv\u00e1lenie zmien v \u00fastave je bianko \u0161ek pre Fica, ktor\u00fdm m\u00f4\u017ee zneu\u017ei\u0165 proti n\u00e1\u0161mu \u010dlenstvu v E\u00da","datePublished":"2025-06-16T14:53:49+00:00","dateModified":"2025-06-16T14:53:50+00:00","mainEntityOfPage":{"@id":"https:\/\/www.smedemokrati.sk\/schvalenie-zmien-v-ustave-je-bianko-sek-pre-fica-ktorym-moze-zneuzit-proti-nasmu-clenstvu-v-eu\/"},"wordCount":429,"publisher":{"@id":"https:\/\/www.smedemokrati.sk\/#organization"},"image":{"@id":"https:\/\/www.smedemokrati.sk\/schvalenie-zmien-v-ustave-je-bianko-sek-pre-fica-ktorym-moze-zneuzit-proti-nasmu-clenstvu-v-eu\/#primaryimage"},"thumbnailUrl":"https:\/\/www.smedemokrati.sk\/wp-content\/uploads\/2024\/02\/ddd.jpg","articleSection":["Tla\u010dov\u00e9 spr\u00e1vy"],"inLanguage":"sv-SE"},{"@type":"WebPage","@id":"https:\/\/www.smedemokrati.sk\/schvalenie-zmien-v-ustave-je-bianko-sek-pre-fica-ktorym-moze-zneuzit-proti-nasmu-clenstvu-v-eu\/","url":"https:\/\/www.smedemokrati.sk\/schvalenie-zmien-v-ustave-je-bianko-sek-pre-fica-ktorym-moze-zneuzit-proti-nasmu-clenstvu-v-eu\/","name":"Schv\u00e1lenie zmien v \u00fastave je bianko \u0161ek pre Fica, ktor\u00fdm m\u00f4\u017ee zneu\u017ei\u0165 proti n\u00e1\u0161mu \u010dlenstvu v E\u00da","isPartOf":{"@id":"https:\/\/www.smedemokrati.sk\/#website"},"primaryImageOfPage":{"@id":"https:\/\/www.smedemokrati.sk\/schvalenie-zmien-v-ustave-je-bianko-sek-pre-fica-ktorym-moze-zneuzit-proti-nasmu-clenstvu-v-eu\/#primaryimage"},"image":{"@id":"https:\/\/www.smedemokrati.sk\/schvalenie-zmien-v-ustave-je-bianko-sek-pre-fica-ktorym-moze-zneuzit-proti-nasmu-clenstvu-v-eu\/#primaryimage"},"thumbnailUrl":"https:\/\/www.smedemokrati.sk\/wp-content\/uploads\/2024\/02\/ddd.jpg","datePublished":"2025-06-16T14:53:49+00:00","dateModified":"2025-06-16T14:53:50+00:00","breadcrumb":{"@id":"https:\/\/www.smedemokrati.sk\/schvalenie-zmien-v-ustave-je-bianko-sek-pre-fica-ktorym-moze-zneuzit-proti-nasmu-clenstvu-v-eu\/#breadcrumb"},"inLanguage":"sv-SE","potentialAction":[{"@type":"ReadAction","target":["https:\/\/www.smedemokrati.sk\/schvalenie-zmien-v-ustave-je-bianko-sek-pre-fica-ktorym-moze-zneuzit-proti-nasmu-clenstvu-v-eu\/"]}]},{"@type":"ImageObject","inLanguage":"sv-SE","@id":"https:\/\/www.smedemokrati.sk\/schvalenie-zmien-v-ustave-je-bianko-sek-pre-fica-ktorym-moze-zneuzit-proti-nasmu-clenstvu-v-eu\/#primaryimage","url":"https:\/\/www.smedemokrati.sk\/wp-content\/uploads\/2024\/02\/ddd.jpg","contentUrl":"https:\/\/www.smedemokrati.sk\/wp-content\/uploads\/2024\/02\/ddd.jpg","width":1024,"height":683},{"@type":"BreadcrumbList","@id":"https:\/\/www.smedemokrati.sk\/schvalenie-zmien-v-ustave-je-bianko-sek-pre-fica-ktorym-moze-zneuzit-proti-nasmu-clenstvu-v-eu\/#breadcrumb","itemListElement":[{"@type":"ListItem","position":1,"name":"Domovsk\u00e1 str\u00e1nka","item":"https:\/\/www.smedemokrati.sk\/"},{"@type":"ListItem","position":2,"name":"Schv\u00e1lenie zmien v \u00fastave je bianko \u0161ek pre Fica, ktor\u00fdm m\u00f4\u017ee zneu\u017ei\u0165 proti n\u00e1\u0161mu \u010dlenstvu v E\u00da"}]},{"@type":"WebSite","@id":"https:\/\/www.smedemokrati.sk\/#website","url":"https:\/\/www.smedemokrati.sk\/","name":"Smedemokrati.sk","description":"Demokracia a slu\u0161nos\u0165 zv\u00ed\u0165az\u00ed","publisher":{"@id":"https:\/\/www.smedemokrati.sk\/#organization"},"potentialAction":[{"@type":"SearchAction","target":{"@type":"EntryPoint","urlTemplate":"https:\/\/www.smedemokrati.sk\/?s={search_term_string}"},"query-input":{"@type":"PropertyValueSpecification","valueRequired":true,"valueName":"search_term_string"}}],"inLanguage":"sv-SE"},{"@type":"Organization","@id":"https:\/\/www.smedemokrati.sk\/#organization","name":"Smedemokrati.sk","url":"https:\/\/www.smedemokrati.sk\/","logo":{"@type":"ImageObject","inLanguage":"sv-SE","@id":"https:\/\/www.smedemokrati.sk\/#\/schema\/logo\/image\/","url":"https:\/\/www.smedemokrati.sk\/wp-content\/uploads\/2023\/04\/ff.002.jpeg","contentUrl":"https:\/\/www.smedemokrati.sk\/wp-content\/uploads\/2023\/04\/ff.002.jpeg","width":640,"height":480,"caption":"Smedemokrati.sk"},"image":{"@id":"https:\/\/www.smedemokrati.sk\/#\/schema\/logo\/image\/"},"sameAs":["https:\/\/www.facebook.com\/smedemokrati2023"]},{"@type":"Person","@id":"https:\/\/www.smedemokrati.sk\/#\/schema\/person\/21f147c88d605aa7ded900e1e7c344ba","name":"miro.sopko","image":{"@type":"ImageObject","inLanguage":"sv-SE","@id":"https:\/\/secure.gravatar.com\/avatar\/267e4a36f704376c109afe3a78740c1f5dd8675a2180a908699e7863c9247606?s=96&d=mm&r=g","url":"https:\/\/secure.gravatar.com\/avatar\/267e4a36f704376c109afe3a78740c1f5dd8675a2180a908699e7863c9247606?s=96&d=mm&r=g","contentUrl":"https:\/\/secure.gravatar.com\/avatar\/267e4a36f704376c109afe3a78740c1f5dd8675a2180a908699e7863c9247606?s=96&d=mm&r=g","caption":"miro.sopko"},"url":"https:\/\/www.smedemokrati.sk\/sv\/author\/miro-sopko\/"}]}},"_links":{"self":[{"href":"https:\/\/www.smedemokrati.sk\/sv\/wp-json\/wp\/v2\/posts\/7558","targetHints":{"allow":["GET"]}}],"collection":[{"href":"https:\/\/www.smedemokrati.sk\/sv\/wp-json\/wp\/v2\/posts"}],"about":[{"href":"https:\/\/www.smedemokrati.sk\/sv\/wp-json\/wp\/v2\/types\/post"}],"author":[{"embeddable":true,"href":"https:\/\/www.smedemokrati.sk\/sv\/wp-json\/wp\/v2\/users\/13"}],"replies":[{"embeddable":true,"href":"https:\/\/www.smedemokrati.sk\/sv\/wp-json\/wp\/v2\/comments?post=7558"}],"version-history":[{"count":1,"href":"https:\/\/www.smedemokrati.sk\/sv\/wp-json\/wp\/v2\/posts\/7558\/revisions"}],"predecessor-version":[{"id":7559,"href":"https:\/\/www.smedemokrati.sk\/sv\/wp-json\/wp\/v2\/posts\/7558\/revisions\/7559"}],"wp:featuredmedia":[{"embeddable":true,"href":"https:\/\/www.smedemokrati.sk\/sv\/wp-json\/wp\/v2\/media\/2653"}],"wp:attachment":[{"href":"https:\/\/www.smedemokrati.sk\/sv\/wp-json\/wp\/v2\/media?parent=7558"}],"wp:term":[{"taxonomy":"category","embeddable":true,"href":"https:\/\/www.smedemokrati.sk\/sv\/wp-json\/wp\/v2\/categories?post=7558"},{"taxonomy":"post_tag","embeddable":true,"href":"https:\/\/www.smedemokrati.sk\/sv\/wp-json\/wp\/v2\/tags?post=7558"}],"curies":[{"name":"wp","href":"https:\/\/api.w.org\/{rel}","templated":true}]}}