{"id":751,"date":"2023-05-01T15:41:25","date_gmt":"2023-05-01T13:41:25","guid":{"rendered":"https:\/\/www.smedemokrati.sk\/?p=751"},"modified":"2023-05-04T21:23:58","modified_gmt":"2023-05-04T19:23:58","slug":"demokrati-sa-spajaju-so-vznikajucou-stranou-dobry-den-slovensko","status":"publish","type":"post","link":"https:\/\/www.smedemokrati.sk\/sv\/demokrati-sa-spajaju-so-vznikajucou-stranou-dobry-den-slovensko\/","title":{"rendered":"Demokrati sa sp\u00e1jaj\u00fa so vznikaj\u00facou stranou Dobr\u00fd de\u0148 Slovensko"},"content":{"rendered":"<div id=\"fb-root\"><\/div>\n","protected":false},"excerpt":{"rendered":"","protected":false},"author":3,"featured_media":752,"comment_status":"closed","ping_status":"closed","sticky":false,"template":"","format":"standard","meta":{"_acf_changed":false,"ngg_post_thumbnail":0,"footnotes":""},"categories":[5],"tags":[],"class_list":["post-751","post","type-post","status-publish","format-standard","has-post-thumbnail","hentry","category-media"],"acf":[],"yoast_head":"<!-- This site is optimized with the Yoast SEO plugin v27.2 - https:\/\/yoast.com\/product\/yoast-seo-wordpress\/ -->\n<title>Demokrati sa sp\u00e1jaj\u00fa so vznikaj\u00facou stranou Dobr\u00fd de\u0148 Slovensko - Smedemokrati.sk<\/title>\n<meta name=\"robots\" content=\"index, follow, max-snippet:-1, max-image-preview:large, max-video-preview:-1\" \/>\n<link rel=\"canonical\" href=\"https:\/\/www.smedemokrati.sk\/sv\/demokrati-sa-spajaju-so-vznikajucou-stranou-dobry-den-slovensko\/\" \/>\n<meta property=\"og:locale\" content=\"sv_SE\" \/>\n<meta property=\"og:locale:alternate\" content=\"en_US\" \/>\n<meta property=\"og:locale:alternate\" content=\"cs_CZ\" \/>\n<meta property=\"og:locale:alternate\" content=\"hu_HU\" \/>\n<meta property=\"og:locale:alternate\" content=\"sk_SK\" \/>\n<meta property=\"og:type\" content=\"article\" \/>\n<meta property=\"og:title\" content=\"Demokrati sa sp\u00e1jaj\u00fa so vznikaj\u00facou stranou Dobr\u00fd de\u0148 Slovensko - Smedemokrati.sk\" \/>\n<meta property=\"og:url\" content=\"https:\/\/www.smedemokrati.sk\/sv\/demokrati-sa-spajaju-so-vznikajucou-stranou-dobry-den-slovensko\/\" \/>\n<meta property=\"og:site_name\" content=\"Smedemokrati.sk\" \/>\n<meta property=\"article:publisher\" content=\"https:\/\/www.facebook.com\/smedemokrati2023\" \/>\n<meta property=\"article:published_time\" content=\"2023-05-01T13:41:25+00:00\" \/>\n<meta property=\"article:modified_time\" content=\"2023-05-04T19:23:58+00:00\" \/>\n<meta property=\"og:image\" content=\"https:\/\/www.smedemokrati.sk\/wp-content\/uploads\/2023\/05\/qqq.002.jpeg\" \/>\n\t<meta property=\"og:image:width\" content=\"1920\" \/>\n\t<meta property=\"og:image:height\" content=\"1080\" \/>\n\t<meta property=\"og:image:type\" content=\"image\/jpeg\" \/>\n<meta name=\"author\" content=\"maros\" \/>\n<meta name=\"twitter:card\" content=\"summary_large_image\" \/>\n<meta name=\"twitter:label1\" content=\"Skriven av\" \/>\n\t<meta name=\"twitter:data1\" content=\"maros\" \/>\n<script type=\"application\/ld+json\" class=\"yoast-schema-graph\">{\"@context\":\"https:\/\/schema.org\",\"@graph\":[{\"@type\":\"Article\",\"@id\":\"https:\/\/www.smedemokrati.sk\/demokrati-sa-spajaju-so-vznikajucou-stranou-dobry-den-slovensko\/#article\",\"isPartOf\":{\"@id\":\"https:\/\/www.smedemokrati.sk\/demokrati-sa-spajaju-so-vznikajucou-stranou-dobry-den-slovensko\/\"},\"author\":{\"name\":\"maros\",\"@id\":\"https:\/\/www.smedemokrati.sk\/#\/schema\/person\/bd0990e764a2ab0275700db075c868f2\"},\"headline\":\"Demokrati sa sp\u00e1jaj\u00fa so vznikaj\u00facou stranou Dobr\u00fd de\u0148 Slovensko\",\"datePublished\":\"2023-05-01T13:41:25+00:00\",\"dateModified\":\"2023-05-04T19:23:58+00:00\",\"mainEntityOfPage\":{\"@id\":\"https:\/\/www.smedemokrati.sk\/demokrati-sa-spajaju-so-vznikajucou-stranou-dobry-den-slovensko\/\"},\"wordCount\":11,\"publisher\":{\"@id\":\"https:\/\/www.smedemokrati.sk\/#organization\"},\"image\":{\"@id\":\"https:\/\/www.smedemokrati.sk\/demokrati-sa-spajaju-so-vznikajucou-stranou-dobry-den-slovensko\/#primaryimage\"},\"thumbnailUrl\":\"https:\/\/www.smedemokrati.sk\/wp-content\/uploads\/2023\/05\/qqq.002.jpeg\",\"articleSection\":[\"M\u00e9di\u00e1\"],\"inLanguage\":\"sv-SE\"},{\"@type\":\"WebPage\",\"@id\":\"https:\/\/www.smedemokrati.sk\/demokrati-sa-spajaju-so-vznikajucou-stranou-dobry-den-slovensko\/\",\"url\":\"https:\/\/www.smedemokrati.sk\/demokrati-sa-spajaju-so-vznikajucou-stranou-dobry-den-slovensko\/\",\"name\":\"Demokrati sa sp\u00e1jaj\u00fa so vznikaj\u00facou stranou Dobr\u00fd de\u0148 Slovensko - Smedemokrati.sk\",\"isPartOf\":{\"@id\":\"https:\/\/www.smedemokrati.sk\/#website\"},\"primaryImageOfPage\":{\"@id\":\"https:\/\/www.smedemokrati.sk\/demokrati-sa-spajaju-so-vznikajucou-stranou-dobry-den-slovensko\/#primaryimage\"},\"image\":{\"@id\":\"https:\/\/www.smedemokrati.sk\/demokrati-sa-spajaju-so-vznikajucou-stranou-dobry-den-slovensko\/#primaryimage\"},\"thumbnailUrl\":\"https:\/\/www.smedemokrati.sk\/wp-content\/uploads\/2023\/05\/qqq.002.jpeg\",\"datePublished\":\"2023-05-01T13:41:25+00:00\",\"dateModified\":\"2023-05-04T19:23:58+00:00\",\"breadcrumb\":{\"@id\":\"https:\/\/www.smedemokrati.sk\/demokrati-sa-spajaju-so-vznikajucou-stranou-dobry-den-slovensko\/#breadcrumb\"},\"inLanguage\":\"sv-SE\",\"potentialAction\":[{\"@type\":\"ReadAction\",\"target\":[\"https:\/\/www.smedemokrati.sk\/demokrati-sa-spajaju-so-vznikajucou-stranou-dobry-den-slovensko\/\"]}]},{\"@type\":\"ImageObject\",\"inLanguage\":\"sv-SE\",\"@id\":\"https:\/\/www.smedemokrati.sk\/demokrati-sa-spajaju-so-vznikajucou-stranou-dobry-den-slovensko\/#primaryimage\",\"url\":\"https:\/\/www.smedemokrati.sk\/wp-content\/uploads\/2023\/05\/qqq.002.jpeg\",\"contentUrl\":\"https:\/\/www.smedemokrati.sk\/wp-content\/uploads\/2023\/05\/qqq.002.jpeg\",\"width\":1920,\"height\":1080},{\"@type\":\"BreadcrumbList\",\"@id\":\"https:\/\/www.smedemokrati.sk\/demokrati-sa-spajaju-so-vznikajucou-stranou-dobry-den-slovensko\/#breadcrumb\",\"itemListElement\":[{\"@type\":\"ListItem\",\"position\":1,\"name\":\"Domovsk\u00e1 str\u00e1nka\",\"item\":\"https:\/\/www.smedemokrati.sk\/\"},{\"@type\":\"ListItem\",\"position\":2,\"name\":\"Demokrati sa sp\u00e1jaj\u00fa so vznikaj\u00facou stranou Dobr\u00fd de\u0148 Slovensko\"}]},{\"@type\":\"WebSite\",\"@id\":\"https:\/\/www.smedemokrati.sk\/#website\",\"url\":\"https:\/\/www.smedemokrati.sk\/\",\"name\":\"Smedemokrati.sk\",\"description\":\"Demokracia a slu\u0161nos\u0165 zv\u00ed\u0165az\u00ed\",\"publisher\":{\"@id\":\"https:\/\/www.smedemokrati.sk\/#organization\"},\"potentialAction\":[{\"@type\":\"SearchAction\",\"target\":{\"@type\":\"EntryPoint\",\"urlTemplate\":\"https:\/\/www.smedemokrati.sk\/?s={search_term_string}\"},\"query-input\":{\"@type\":\"PropertyValueSpecification\",\"valueRequired\":true,\"valueName\":\"search_term_string\"}}],\"inLanguage\":\"sv-SE\"},{\"@type\":\"Organization\",\"@id\":\"https:\/\/www.smedemokrati.sk\/#organization\",\"name\":\"Smedemokrati.sk\",\"url\":\"https:\/\/www.smedemokrati.sk\/\",\"logo\":{\"@type\":\"ImageObject\",\"inLanguage\":\"sv-SE\",\"@id\":\"https:\/\/www.smedemokrati.sk\/#\/schema\/logo\/image\/\",\"url\":\"https:\/\/www.smedemokrati.sk\/wp-content\/uploads\/2023\/04\/ff.002.jpeg\",\"contentUrl\":\"https:\/\/www.smedemokrati.sk\/wp-content\/uploads\/2023\/04\/ff.002.jpeg\",\"width\":640,\"height\":480,\"caption\":\"Smedemokrati.sk\"},\"image\":{\"@id\":\"https:\/\/www.smedemokrati.sk\/#\/schema\/logo\/image\/\"},\"sameAs\":[\"https:\/\/www.facebook.com\/smedemokrati2023\"]},{\"@type\":\"Person\",\"@id\":\"https:\/\/www.smedemokrati.sk\/#\/schema\/person\/bd0990e764a2ab0275700db075c868f2\",\"name\":\"maros\",\"image\":{\"@type\":\"ImageObject\",\"inLanguage\":\"sv-SE\",\"@id\":\"https:\/\/secure.gravatar.com\/avatar\/d4ec49d1719a815fbf0afdd518c9c759c1998fab3d944dc1e3be24ba4218e4ef?s=96&d=mm&r=g\",\"url\":\"https:\/\/secure.gravatar.com\/avatar\/d4ec49d1719a815fbf0afdd518c9c759c1998fab3d944dc1e3be24ba4218e4ef?s=96&d=mm&r=g\",\"contentUrl\":\"https:\/\/secure.gravatar.com\/avatar\/d4ec49d1719a815fbf0afdd518c9c759c1998fab3d944dc1e3be24ba4218e4ef?s=96&d=mm&r=g\",\"caption\":\"maros\"},\"url\":\"https:\/\/www.smedemokrati.sk\/sv\/author\/maros\/\"}]}<\/script>\n<!-- \/ Yoast SEO plugin. -->","yoast_head_json":{"title":"Demokrati sa sp\u00e1jaj\u00fa so vznikaj\u00facou stranou Dobr\u00fd de\u0148 Slovensko - Smedemokrati.sk","robots":{"index":"index","follow":"follow","max-snippet":"max-snippet:-1","max-image-preview":"max-image-preview:large","max-video-preview":"max-video-preview:-1"},"canonical":"https:\/\/www.smedemokrati.sk\/sv\/demokrati-sa-spajaju-so-vznikajucou-stranou-dobry-den-slovensko\/","og_locale":"sv_SE","og_type":"article","og_title":"Demokrati sa sp\u00e1jaj\u00fa so vznikaj\u00facou stranou Dobr\u00fd de\u0148 Slovensko - Smedemokrati.sk","og_url":"https:\/\/www.smedemokrati.sk\/sv\/demokrati-sa-spajaju-so-vznikajucou-stranou-dobry-den-slovensko\/","og_site_name":"Smedemokrati.sk","article_publisher":"https:\/\/www.facebook.com\/smedemokrati2023","article_published_time":"2023-05-01T13:41:25+00:00","article_modified_time":"2023-05-04T19:23:58+00:00","og_image":[{"width":1920,"height":1080,"url":"https:\/\/www.smedemokrati.sk\/wp-content\/uploads\/2023\/05\/qqq.002.jpeg","type":"image\/jpeg"}],"author":"maros","twitter_card":"summary_large_image","twitter_misc":{"Skriven av":"maros"},"schema":{"@context":"https:\/\/schema.org","@graph":[{"@type":"Article","@id":"https:\/\/www.smedemokrati.sk\/demokrati-sa-spajaju-so-vznikajucou-stranou-dobry-den-slovensko\/#article","isPartOf":{"@id":"https:\/\/www.smedemokrati.sk\/demokrati-sa-spajaju-so-vznikajucou-stranou-dobry-den-slovensko\/"},"author":{"name":"maros","@id":"https:\/\/www.smedemokrati.sk\/#\/schema\/person\/bd0990e764a2ab0275700db075c868f2"},"headline":"Demokrati sa sp\u00e1jaj\u00fa so vznikaj\u00facou stranou Dobr\u00fd de\u0148 Slovensko","datePublished":"2023-05-01T13:41:25+00:00","dateModified":"2023-05-04T19:23:58+00:00","mainEntityOfPage":{"@id":"https:\/\/www.smedemokrati.sk\/demokrati-sa-spajaju-so-vznikajucou-stranou-dobry-den-slovensko\/"},"wordCount":11,"publisher":{"@id":"https:\/\/www.smedemokrati.sk\/#organization"},"image":{"@id":"https:\/\/www.smedemokrati.sk\/demokrati-sa-spajaju-so-vznikajucou-stranou-dobry-den-slovensko\/#primaryimage"},"thumbnailUrl":"https:\/\/www.smedemokrati.sk\/wp-content\/uploads\/2023\/05\/qqq.002.jpeg","articleSection":["M\u00e9di\u00e1"],"inLanguage":"sv-SE"},{"@type":"WebPage","@id":"https:\/\/www.smedemokrati.sk\/demokrati-sa-spajaju-so-vznikajucou-stranou-dobry-den-slovensko\/","url":"https:\/\/www.smedemokrati.sk\/demokrati-sa-spajaju-so-vznikajucou-stranou-dobry-den-slovensko\/","name":"Demokrati sa sp\u00e1jaj\u00fa so vznikaj\u00facou stranou Dobr\u00fd de\u0148 Slovensko - Smedemokrati.sk","isPartOf":{"@id":"https:\/\/www.smedemokrati.sk\/#website"},"primaryImageOfPage":{"@id":"https:\/\/www.smedemokrati.sk\/demokrati-sa-spajaju-so-vznikajucou-stranou-dobry-den-slovensko\/#primaryimage"},"image":{"@id":"https:\/\/www.smedemokrati.sk\/demokrati-sa-spajaju-so-vznikajucou-stranou-dobry-den-slovensko\/#primaryimage"},"thumbnailUrl":"https:\/\/www.smedemokrati.sk\/wp-content\/uploads\/2023\/05\/qqq.002.jpeg","datePublished":"2023-05-01T13:41:25+00:00","dateModified":"2023-05-04T19:23:58+00:00","breadcrumb":{"@id":"https:\/\/www.smedemokrati.sk\/demokrati-sa-spajaju-so-vznikajucou-stranou-dobry-den-slovensko\/#breadcrumb"},"inLanguage":"sv-SE","potentialAction":[{"@type":"ReadAction","target":["https:\/\/www.smedemokrati.sk\/demokrati-sa-spajaju-so-vznikajucou-stranou-dobry-den-slovensko\/"]}]},{"@type":"ImageObject","inLanguage":"sv-SE","@id":"https:\/\/www.smedemokrati.sk\/demokrati-sa-spajaju-so-vznikajucou-stranou-dobry-den-slovensko\/#primaryimage","url":"https:\/\/www.smedemokrati.sk\/wp-content\/uploads\/2023\/05\/qqq.002.jpeg","contentUrl":"https:\/\/www.smedemokrati.sk\/wp-content\/uploads\/2023\/05\/qqq.002.jpeg","width":1920,"height":1080},{"@type":"BreadcrumbList","@id":"https:\/\/www.smedemokrati.sk\/demokrati-sa-spajaju-so-vznikajucou-stranou-dobry-den-slovensko\/#breadcrumb","itemListElement":[{"@type":"ListItem","position":1,"name":"Domovsk\u00e1 str\u00e1nka","item":"https:\/\/www.smedemokrati.sk\/"},{"@type":"ListItem","position":2,"name":"Demokrati sa sp\u00e1jaj\u00fa so vznikaj\u00facou stranou Dobr\u00fd de\u0148 Slovensko"}]},{"@type":"WebSite","@id":"https:\/\/www.smedemokrati.sk\/#website","url":"https:\/\/www.smedemokrati.sk\/","name":"Smedemokrati.sk","description":"Demokracia a slu\u0161nos\u0165 zv\u00ed\u0165az\u00ed","publisher":{"@id":"https:\/\/www.smedemokrati.sk\/#organization"},"potentialAction":[{"@type":"SearchAction","target":{"@type":"EntryPoint","urlTemplate":"https:\/\/www.smedemokrati.sk\/?s={search_term_string}"},"query-input":{"@type":"PropertyValueSpecification","valueRequired":true,"valueName":"search_term_string"}}],"inLanguage":"sv-SE"},{"@type":"Organization","@id":"https:\/\/www.smedemokrati.sk\/#organization","name":"Smedemokrati.sk","url":"https:\/\/www.smedemokrati.sk\/","logo":{"@type":"ImageObject","inLanguage":"sv-SE","@id":"https:\/\/www.smedemokrati.sk\/#\/schema\/logo\/image\/","url":"https:\/\/www.smedemokrati.sk\/wp-content\/uploads\/2023\/04\/ff.002.jpeg","contentUrl":"https:\/\/www.smedemokrati.sk\/wp-content\/uploads\/2023\/04\/ff.002.jpeg","width":640,"height":480,"caption":"Smedemokrati.sk"},"image":{"@id":"https:\/\/www.smedemokrati.sk\/#\/schema\/logo\/image\/"},"sameAs":["https:\/\/www.facebook.com\/smedemokrati2023"]},{"@type":"Person","@id":"https:\/\/www.smedemokrati.sk\/#\/schema\/person\/bd0990e764a2ab0275700db075c868f2","name":"maros","image":{"@type":"ImageObject","inLanguage":"sv-SE","@id":"https:\/\/secure.gravatar.com\/avatar\/d4ec49d1719a815fbf0afdd518c9c759c1998fab3d944dc1e3be24ba4218e4ef?s=96&d=mm&r=g","url":"https:\/\/secure.gravatar.com\/avatar\/d4ec49d1719a815fbf0afdd518c9c759c1998fab3d944dc1e3be24ba4218e4ef?s=96&d=mm&r=g","contentUrl":"https:\/\/secure.gravatar.com\/avatar\/d4ec49d1719a815fbf0afdd518c9c759c1998fab3d944dc1e3be24ba4218e4ef?s=96&d=mm&r=g","caption":"maros"},"url":"https:\/\/www.smedemokrati.sk\/sv\/author\/maros\/"}]}},"_links":{"self":[{"href":"https:\/\/www.smedemokrati.sk\/sv\/wp-json\/wp\/v2\/posts\/751","targetHints":{"allow":["GET"]}}],"collection":[{"href":"https:\/\/www.smedemokrati.sk\/sv\/wp-json\/wp\/v2\/posts"}],"about":[{"href":"https:\/\/www.smedemokrati.sk\/sv\/wp-json\/wp\/v2\/types\/post"}],"author":[{"embeddable":true,"href":"https:\/\/www.smedemokrati.sk\/sv\/wp-json\/wp\/v2\/users\/3"}],"replies":[{"embeddable":true,"href":"https:\/\/www.smedemokrati.sk\/sv\/wp-json\/wp\/v2\/comments?post=751"}],"version-history":[{"count":2,"href":"https:\/\/www.smedemokrati.sk\/sv\/wp-json\/wp\/v2\/posts\/751\/revisions"}],"predecessor-version":[{"id":754,"href":"https:\/\/www.smedemokrati.sk\/sv\/wp-json\/wp\/v2\/posts\/751\/revisions\/754"}],"wp:featuredmedia":[{"embeddable":true,"href":"https:\/\/www.smedemokrati.sk\/sv\/wp-json\/wp\/v2\/media\/752"}],"wp:attachment":[{"href":"https:\/\/www.smedemokrati.sk\/sv\/wp-json\/wp\/v2\/media?parent=751"}],"wp:term":[{"taxonomy":"category","embeddable":true,"href":"https:\/\/www.smedemokrati.sk\/sv\/wp-json\/wp\/v2\/categories?post=751"},{"taxonomy":"post_tag","embeddable":true,"href":"https:\/\/www.smedemokrati.sk\/sv\/wp-json\/wp\/v2\/tags?post=751"}],"curies":[{"name":"wp","href":"https:\/\/api.w.org\/{rel}","templated":true}]}}