{"id":7506,"date":"2025-06-10T10:36:33","date_gmt":"2025-06-10T09:36:33","guid":{"rendered":"https:\/\/www.smedemokrati.sk\/?p=7506"},"modified":"2025-06-10T16:55:16","modified_gmt":"2025-06-10T15:55:16","slug":"premier-mieru-v-skutocnosti-riesi-iba-zbrane","status":"publish","type":"post","link":"https:\/\/www.smedemokrati.sk\/sv\/premier-mieru-v-skutocnosti-riesi-iba-zbrane\/","title":{"rendered":"Premi\u00e9r \u201emieru\u201c v skuto\u010dnosti rie\u0161i iba zbrane"},"content":{"rendered":"<div id=\"fb-root\"><\/div>\n\n<p><strong>V drvivej v\u00e4\u010d\u0161ine zahrani\u010dn\u00fdch ciest premi\u00e9ra \u201emieru\u201c Roberta Fica s\u00fa t\u00e9mou \u010d\u00edslo jeden obrann\u00fd priemysel a zbrane. Demokrati kritizuj\u00fa, \u017ee Slovensk\u00e1 republika zbrane prekupuje a len minimum financi\u00ed z ich predaja ide v prospech \u0161t\u00e1tneho rozpo\u010dtu. Zahrani\u010dn\u00e9 cesty premi\u00e9ra pod\u013ea Demokratov prin\u00e1\u0161aj\u00fa miliardy s\u00fakromn\u00fdm spolo\u010dnostiam, zatia\u013e \u010do pod\u013ea ofici\u00e1lnych \u0161tatist\u00edk vl\u00e1da Roberta Fica priniesla invest\u00edcie na Slovensko v hodnote nula eur.<\/strong><\/p>\n\n\n\n<p><em>\u201eSlovensko patr\u00ed medzi krajiny s najr\u00fdchlej\u0161ie expanduj\u00facim obrann\u00fdm priemyslom a vyv\u00e1\u017eame obrovsk\u00e9 mno\u017estvo zbran\u00ed, vr\u00e1tane na Ukrajinu. Zbroj\u00edme ako nikdy predt\u00fdm, no nie v prospech na\u0161ej krajiny. Zbrane toti\u017e najvych\u00fdrenej\u0161\u00ed obchodn\u00edk, Robert Kali\u0148\u00e1k, prekupuje cez s\u00fakromn\u00e9 spolo\u010dnosti,\u201c<\/em>&nbsp;otv\u00e1ra t\u00e9mu podpredseda strany Juraj \u0160eliga a dod\u00e1va, \u017ee Robert Fico sa zakr\u00fdva mierom ako kedysi Gust\u00e1v Hus\u00e1k, no tvrd\u00e9 d\u00e1ta hovoria jasne.<\/p>\n\n\n\n<p><em>\u201eUrobili sme si dom\u00e1cu \u00falohu a v drvivej v\u00e4\u010d\u0161ine zahrani\u010dn\u00fdch ciest rie\u0161i premi\u00e9r \u201amieru\u2018 iba a len zbrane. Uzbekistan, Kazachstan, Taliansko, Azerbajd\u017ean, Turecko, Braz\u00edlia, Ju\u017en\u00e1 K\u00f3rea \u010di Arm\u00e9nsko \u2013 v\u0161ade kontrakty v obrannom priemysle, ide\u00e1lne cez vybran\u00fdch dod\u00e1vate\u013eov,\u201c<\/em>&nbsp;hovor\u00ed Juraj \u0160eliga a kritizuje, \u017ee na z\u00e1klade Programov\u00e9ho vyhl\u00e1senia vl\u00e1dy o\u010dak\u00e1val, \u017ee vl\u00e1da Roberta Fica bude realizova\u0165 mal\u00fa priemyseln\u00fa revol\u00faciu. Faktom v\u0161ak je, \u017ee od za\u010diatku jej p\u00f4sobenia na Slovensko nepri\u0161li \u017eiadne nov\u00e9 invest\u00edcie.<\/p>\n\n\n\n<p><em>\u201eAko je mo\u017en\u00e9, \u017ee po v\u0161etk\u00fdch t\u00fdchto zahrani\u010dn\u00fdch cest\u00e1ch doniesol premi\u00e9r presne nula \u2013 opakujem, nula invest\u00edci\u00ed? Na\u0161a krajina ekonomicky krv\u00e1ca, zatia\u013e \u010do sa usmievaj\u00fa bl\u00edzki v\u00fdrobcovia a dod\u00e1vatelia v obrannom priemysle,\u201c&nbsp;<\/em>zd\u00f4raz\u0148uje \u0160eliga.<\/p>\n\n\n\n<p>Expremi\u00e9r Eduard Heger vyz\u00fdva Roberta Fica, aby za\u010dal nav\u0161tevova\u0165 krajiny, s ktor\u00fdmi je Slovensko ekonomicky previazan\u00e9, najm\u00e4 v oblasti automobilov\u00e9ho priemyslu.<\/p>\n\n\n\n<p><em>\u201eChrbtovou kos\u0165ou slovenskej ekonomiky je automobilov\u00fd priemysel. Slovensko na \u010dele s Robertom Ficom v\u0161ak tieto vz\u0165ahy zanedb\u00e1va. Vy\u0161e 20 percent n\u00e1\u0161ho exportu smeruje do Nemecka, 12 percent do \u010ceska. Bol u\u017e v\u00f4bec premi\u00e9r v Nemecku? V\u0161imol si, \u017ee maj\u00fa nov\u00e9ho kancel\u00e1ra? Pok\u00fasil sa o rozmrazenie vz\u0165ahov s \u010ceskom, ktor\u00e9 na plnej \u010diare pokazil?\u201c<\/em><\/p>\n\n\n\n<p>Eduard Heger vyz\u00fdva Roberta Fica, aby sadol do trisk\u00e1\u010da, \u010do mu k\u00fapil Kali\u0148\u00e1k a i\u0161iel do \u0160v\u00e9dska rokova\u0165 s Volvom a uistil sa, \u017ee cel\u00e1 v\u00fdstavba prebieha a invest\u00edcia sa napln\u00ed.&nbsp;<em>\u201cRovnako vyz\u00fdvam premi\u00e9ra, aby vycestoval do Nemecka a stretol s kancel\u00e1rom Mertzom. N\u00e1\u0161 v\u00fdvoz do Nemecka je, opakujem, 20% z celkov\u00e9ho v\u00fdvozu, my potrebujeme ma\u0165 dobr\u00e9 vz\u0165ahy, potrebujeme ich rozv\u00edja\u0165, spolupracova\u0165 a nie na seba \u00fato\u010di\u0165. V partnerstve je sila. Je nenorm\u00e1lne ak v Smere volaj\u00fa Mertza Fuhrerom a Putina priate\u013eom. Aj to \u017eia\u013e ukazuje, ako je pokazen\u00fd kompas Roberta Fica.\u201d&nbsp;<\/em>Hovor\u00ed Eduard Heger.<\/p>\n\n\n\n<p>Heger uzatv\u00e1ra, \u017ee Roberta Fica nezauj\u00edma ekonomika, pracovn\u00e9 miesta ani \u017eivotn\u00e1 \u00farove\u0148 \u013eud\u00ed. \u201eZauj\u00edmaj\u00fa ho len zbrane. Vyz\u00fdvam ho, aby sa kone\u010dne spam\u00e4tal a za\u010dal rie\u0161i\u0165 skuto\u010dn\u00e9 z\u00e1ujmy na\u0161ej krajiny.\u201c<\/p>\n\n\n<div class=\"fb-video\" data-href=\"https:\/\/fb.watch\/A7EUKdmUFQ\" data-allowfullscreen=\"true\" data-autoplay=\"false\" data-width=\"\" data-show-text=\"false\" data-show-captions=\"true\"><\/div>\n","protected":false},"excerpt":{"rendered":"<p>V drvivej v\u00e4\u010d\u0161ine zahrani\u010dn\u00fdch ciest premi\u00e9ra \u201emieru\u201c Roberta Fica s\u00fa t\u00e9mou \u010d\u00edslo jeden obrann\u00fd priemysel a zbrane. Demokrati kritizuj\u00fa, \u017ee Slovensk\u00e1 republika zbrane prekupuje a len minimum financi\u00ed z ich predaja ide v prospech \u0161t\u00e1tneho rozpo\u010dtu. Zahrani\u010dn\u00e9 cesty premi\u00e9ra pod\u013ea Demokratov prin\u00e1\u0161aj\u00fa miliardy s\u00fakromn\u00fdm spolo\u010dnostiam, zatia\u013e \u010do pod\u013ea ofici\u00e1lnych \u0161tatist\u00edk vl\u00e1da Roberta Fica priniesla invest\u00edcie [&hellip;]<\/p>\n","protected":false},"author":13,"featured_media":7507,"comment_status":"closed","ping_status":"closed","sticky":false,"template":"","format":"standard","meta":{"_acf_changed":false,"ngg_post_thumbnail":0,"footnotes":""},"categories":[4],"tags":[],"class_list":["post-7506","post","type-post","status-publish","format-standard","has-post-thumbnail","hentry","category-tlacove-spravy"],"acf":[],"yoast_head":"<!-- This site is optimized with the Yoast SEO plugin v27.2 - https:\/\/yoast.com\/product\/yoast-seo-wordpress\/ -->\n<title>Premi\u00e9r \u201emieru\u201c v skuto\u010dnosti rie\u0161i iba zbrane<\/title>\n<meta name=\"robots\" content=\"index, follow, max-snippet:-1, max-image-preview:large, max-video-preview:-1\" \/>\n<link rel=\"canonical\" href=\"https:\/\/www.smedemokrati.sk\/sv\/premier-mieru-v-skutocnosti-riesi-iba-zbrane\/\" \/>\n<meta property=\"og:locale\" content=\"sv_SE\" \/>\n<meta property=\"og:locale:alternate\" content=\"en_US\" \/>\n<meta property=\"og:locale:alternate\" content=\"cs_CZ\" \/>\n<meta property=\"og:locale:alternate\" content=\"hu_HU\" \/>\n<meta property=\"og:locale:alternate\" content=\"sk_SK\" \/>\n<meta property=\"og:type\" content=\"article\" \/>\n<meta property=\"og:title\" content=\"Premi\u00e9r \u201emieru\u201c v skuto\u010dnosti rie\u0161i iba zbrane\" \/>\n<meta property=\"og:description\" content=\"V drvivej v\u00e4\u010d\u0161ine zahrani\u010dn\u00fdch ciest premi\u00e9ra \u201emieru\u201c Roberta Fica s\u00fa t\u00e9mou \u010d\u00edslo jeden obrann\u00fd priemysel a zbrane. Demokrati kritizuj\u00fa, \u017ee Slovensk\u00e1 republika zbrane prekupuje a len minimum financi\u00ed z ich predaja ide v prospech \u0161t\u00e1tneho rozpo\u010dtu. Zahrani\u010dn\u00e9 cesty premi\u00e9ra pod\u013ea Demokratov prin\u00e1\u0161aj\u00fa miliardy s\u00fakromn\u00fdm spolo\u010dnostiam, zatia\u013e \u010do pod\u013ea ofici\u00e1lnych \u0161tatist\u00edk vl\u00e1da Roberta Fica priniesla invest\u00edcie [&hellip;]\" \/>\n<meta property=\"og:url\" content=\"https:\/\/www.smedemokrati.sk\/sv\/premier-mieru-v-skutocnosti-riesi-iba-zbrane\/\" \/>\n<meta property=\"og:site_name\" content=\"Smedemokrati.sk\" \/>\n<meta property=\"article:publisher\" content=\"https:\/\/www.facebook.com\/smedemokrati2023\" \/>\n<meta property=\"article:published_time\" content=\"2025-06-10T09:36:33+00:00\" \/>\n<meta property=\"article:modified_time\" content=\"2025-06-10T15:55:16+00:00\" \/>\n<meta property=\"og:image\" content=\"https:\/\/www.smedemokrati.sk\/wp-content\/uploads\/2025\/06\/premier-mieru.jpg\" \/>\n\t<meta property=\"og:image:width\" content=\"1037\" \/>\n\t<meta property=\"og:image:height\" content=\"533\" \/>\n\t<meta property=\"og:image:type\" content=\"image\/jpeg\" \/>\n<meta name=\"author\" content=\"miro.sopko\" \/>\n<meta name=\"twitter:card\" content=\"summary_large_image\" \/>\n<meta name=\"twitter:label1\" content=\"Skriven av\" \/>\n\t<meta name=\"twitter:data1\" content=\"miro.sopko\" \/>\n\t<meta name=\"twitter:label2\" content=\"Ber\u00e4knad l\u00e4stid\" \/>\n\t<meta name=\"twitter:data2\" content=\"3 minuter\" \/>\n<script type=\"application\/ld+json\" class=\"yoast-schema-graph\">{\"@context\":\"https:\/\/schema.org\",\"@graph\":[{\"@type\":\"Article\",\"@id\":\"https:\/\/www.smedemokrati.sk\/premier-mieru-v-skutocnosti-riesi-iba-zbrane\/#article\",\"isPartOf\":{\"@id\":\"https:\/\/www.smedemokrati.sk\/premier-mieru-v-skutocnosti-riesi-iba-zbrane\/\"},\"author\":{\"name\":\"miro.sopko\",\"@id\":\"https:\/\/www.smedemokrati.sk\/#\/schema\/person\/21f147c88d605aa7ded900e1e7c344ba\"},\"headline\":\"Premi\u00e9r \u201emieru\u201c v skuto\u010dnosti rie\u0161i iba zbrane\",\"datePublished\":\"2025-06-10T09:36:33+00:00\",\"dateModified\":\"2025-06-10T15:55:16+00:00\",\"mainEntityOfPage\":{\"@id\":\"https:\/\/www.smedemokrati.sk\/premier-mieru-v-skutocnosti-riesi-iba-zbrane\/\"},\"wordCount\":583,\"publisher\":{\"@id\":\"https:\/\/www.smedemokrati.sk\/#organization\"},\"image\":{\"@id\":\"https:\/\/www.smedemokrati.sk\/premier-mieru-v-skutocnosti-riesi-iba-zbrane\/#primaryimage\"},\"thumbnailUrl\":\"https:\/\/www.smedemokrati.sk\/wp-content\/uploads\/2025\/06\/premier-mieru.jpg\",\"articleSection\":[\"Tla\u010dov\u00e9 spr\u00e1vy\"],\"inLanguage\":\"sv-SE\"},{\"@type\":\"WebPage\",\"@id\":\"https:\/\/www.smedemokrati.sk\/premier-mieru-v-skutocnosti-riesi-iba-zbrane\/\",\"url\":\"https:\/\/www.smedemokrati.sk\/premier-mieru-v-skutocnosti-riesi-iba-zbrane\/\",\"name\":\"Premi\u00e9r \u201emieru\u201c v skuto\u010dnosti rie\u0161i iba zbrane\",\"isPartOf\":{\"@id\":\"https:\/\/www.smedemokrati.sk\/#website\"},\"primaryImageOfPage\":{\"@id\":\"https:\/\/www.smedemokrati.sk\/premier-mieru-v-skutocnosti-riesi-iba-zbrane\/#primaryimage\"},\"image\":{\"@id\":\"https:\/\/www.smedemokrati.sk\/premier-mieru-v-skutocnosti-riesi-iba-zbrane\/#primaryimage\"},\"thumbnailUrl\":\"https:\/\/www.smedemokrati.sk\/wp-content\/uploads\/2025\/06\/premier-mieru.jpg\",\"datePublished\":\"2025-06-10T09:36:33+00:00\",\"dateModified\":\"2025-06-10T15:55:16+00:00\",\"breadcrumb\":{\"@id\":\"https:\/\/www.smedemokrati.sk\/premier-mieru-v-skutocnosti-riesi-iba-zbrane\/#breadcrumb\"},\"inLanguage\":\"sv-SE\",\"potentialAction\":[{\"@type\":\"ReadAction\",\"target\":[\"https:\/\/www.smedemokrati.sk\/premier-mieru-v-skutocnosti-riesi-iba-zbrane\/\"]}]},{\"@type\":\"ImageObject\",\"inLanguage\":\"sv-SE\",\"@id\":\"https:\/\/www.smedemokrati.sk\/premier-mieru-v-skutocnosti-riesi-iba-zbrane\/#primaryimage\",\"url\":\"https:\/\/www.smedemokrati.sk\/wp-content\/uploads\/2025\/06\/premier-mieru.jpg\",\"contentUrl\":\"https:\/\/www.smedemokrati.sk\/wp-content\/uploads\/2025\/06\/premier-mieru.jpg\",\"width\":1037,\"height\":533},{\"@type\":\"BreadcrumbList\",\"@id\":\"https:\/\/www.smedemokrati.sk\/premier-mieru-v-skutocnosti-riesi-iba-zbrane\/#breadcrumb\",\"itemListElement\":[{\"@type\":\"ListItem\",\"position\":1,\"name\":\"Domovsk\u00e1 str\u00e1nka\",\"item\":\"https:\/\/www.smedemokrati.sk\/\"},{\"@type\":\"ListItem\",\"position\":2,\"name\":\"Premi\u00e9r \u201emieru\u201c v skuto\u010dnosti rie\u0161i iba zbrane\"}]},{\"@type\":\"WebSite\",\"@id\":\"https:\/\/www.smedemokrati.sk\/#website\",\"url\":\"https:\/\/www.smedemokrati.sk\/\",\"name\":\"Smedemokrati.sk\",\"description\":\"Demokracia a slu\u0161nos\u0165 zv\u00ed\u0165az\u00ed\",\"publisher\":{\"@id\":\"https:\/\/www.smedemokrati.sk\/#organization\"},\"potentialAction\":[{\"@type\":\"SearchAction\",\"target\":{\"@type\":\"EntryPoint\",\"urlTemplate\":\"https:\/\/www.smedemokrati.sk\/?s={search_term_string}\"},\"query-input\":{\"@type\":\"PropertyValueSpecification\",\"valueRequired\":true,\"valueName\":\"search_term_string\"}}],\"inLanguage\":\"sv-SE\"},{\"@type\":\"Organization\",\"@id\":\"https:\/\/www.smedemokrati.sk\/#organization\",\"name\":\"Smedemokrati.sk\",\"url\":\"https:\/\/www.smedemokrati.sk\/\",\"logo\":{\"@type\":\"ImageObject\",\"inLanguage\":\"sv-SE\",\"@id\":\"https:\/\/www.smedemokrati.sk\/#\/schema\/logo\/image\/\",\"url\":\"https:\/\/www.smedemokrati.sk\/wp-content\/uploads\/2023\/04\/ff.002.jpeg\",\"contentUrl\":\"https:\/\/www.smedemokrati.sk\/wp-content\/uploads\/2023\/04\/ff.002.jpeg\",\"width\":640,\"height\":480,\"caption\":\"Smedemokrati.sk\"},\"image\":{\"@id\":\"https:\/\/www.smedemokrati.sk\/#\/schema\/logo\/image\/\"},\"sameAs\":[\"https:\/\/www.facebook.com\/smedemokrati2023\"]},{\"@type\":\"Person\",\"@id\":\"https:\/\/www.smedemokrati.sk\/#\/schema\/person\/21f147c88d605aa7ded900e1e7c344ba\",\"name\":\"miro.sopko\",\"image\":{\"@type\":\"ImageObject\",\"inLanguage\":\"sv-SE\",\"@id\":\"https:\/\/secure.gravatar.com\/avatar\/267e4a36f704376c109afe3a78740c1f5dd8675a2180a908699e7863c9247606?s=96&d=mm&r=g\",\"url\":\"https:\/\/secure.gravatar.com\/avatar\/267e4a36f704376c109afe3a78740c1f5dd8675a2180a908699e7863c9247606?s=96&d=mm&r=g\",\"contentUrl\":\"https:\/\/secure.gravatar.com\/avatar\/267e4a36f704376c109afe3a78740c1f5dd8675a2180a908699e7863c9247606?s=96&d=mm&r=g\",\"caption\":\"miro.sopko\"},\"url\":\"https:\/\/www.smedemokrati.sk\/sv\/author\/miro-sopko\/\"}]}<\/script>\n<!-- \/ Yoast SEO plugin. -->","yoast_head_json":{"title":"Premi\u00e9r \u201emieru\u201c v skuto\u010dnosti rie\u0161i iba zbrane","robots":{"index":"index","follow":"follow","max-snippet":"max-snippet:-1","max-image-preview":"max-image-preview:large","max-video-preview":"max-video-preview:-1"},"canonical":"https:\/\/www.smedemokrati.sk\/sv\/premier-mieru-v-skutocnosti-riesi-iba-zbrane\/","og_locale":"sv_SE","og_type":"article","og_title":"[:sk]Premi\u00e9r \u201emieru\u201c v skuto\u010dnosti rie\u0161i iba zbrane[:] - Smedemokrati.sk","og_description":"V drvivej v\u00e4\u010d\u0161ine zahrani\u010dn\u00fdch ciest premi\u00e9ra \u201emieru\u201c Roberta Fica s\u00fa t\u00e9mou \u010d\u00edslo jeden obrann\u00fd priemysel a zbrane. Demokrati kritizuj\u00fa, \u017ee Slovensk\u00e1 republika zbrane prekupuje a len minimum financi\u00ed z ich predaja ide v prospech \u0161t\u00e1tneho rozpo\u010dtu. Zahrani\u010dn\u00e9 cesty premi\u00e9ra pod\u013ea Demokratov prin\u00e1\u0161aj\u00fa miliardy s\u00fakromn\u00fdm spolo\u010dnostiam, zatia\u013e \u010do pod\u013ea ofici\u00e1lnych \u0161tatist\u00edk vl\u00e1da Roberta Fica priniesla invest\u00edcie [&hellip;]","og_url":"https:\/\/www.smedemokrati.sk\/sv\/premier-mieru-v-skutocnosti-riesi-iba-zbrane\/","og_site_name":"Smedemokrati.sk","article_publisher":"https:\/\/www.facebook.com\/smedemokrati2023","article_published_time":"2025-06-10T09:36:33+00:00","article_modified_time":"2025-06-10T15:55:16+00:00","og_image":[{"width":1037,"height":533,"url":"https:\/\/www.smedemokrati.sk\/wp-content\/uploads\/2025\/06\/premier-mieru.jpg","type":"image\/jpeg"}],"author":"miro.sopko","twitter_card":"summary_large_image","twitter_misc":{"Skriven av":"miro.sopko","Ber\u00e4knad l\u00e4stid":"3 minuter"},"schema":{"@context":"https:\/\/schema.org","@graph":[{"@type":"Article","@id":"https:\/\/www.smedemokrati.sk\/premier-mieru-v-skutocnosti-riesi-iba-zbrane\/#article","isPartOf":{"@id":"https:\/\/www.smedemokrati.sk\/premier-mieru-v-skutocnosti-riesi-iba-zbrane\/"},"author":{"name":"miro.sopko","@id":"https:\/\/www.smedemokrati.sk\/#\/schema\/person\/21f147c88d605aa7ded900e1e7c344ba"},"headline":"Premi\u00e9r \u201emieru\u201c v skuto\u010dnosti rie\u0161i iba zbrane","datePublished":"2025-06-10T09:36:33+00:00","dateModified":"2025-06-10T15:55:16+00:00","mainEntityOfPage":{"@id":"https:\/\/www.smedemokrati.sk\/premier-mieru-v-skutocnosti-riesi-iba-zbrane\/"},"wordCount":583,"publisher":{"@id":"https:\/\/www.smedemokrati.sk\/#organization"},"image":{"@id":"https:\/\/www.smedemokrati.sk\/premier-mieru-v-skutocnosti-riesi-iba-zbrane\/#primaryimage"},"thumbnailUrl":"https:\/\/www.smedemokrati.sk\/wp-content\/uploads\/2025\/06\/premier-mieru.jpg","articleSection":["Tla\u010dov\u00e9 spr\u00e1vy"],"inLanguage":"sv-SE"},{"@type":"WebPage","@id":"https:\/\/www.smedemokrati.sk\/premier-mieru-v-skutocnosti-riesi-iba-zbrane\/","url":"https:\/\/www.smedemokrati.sk\/premier-mieru-v-skutocnosti-riesi-iba-zbrane\/","name":"Premi\u00e9r \u201emieru\u201c v skuto\u010dnosti rie\u0161i iba zbrane","isPartOf":{"@id":"https:\/\/www.smedemokrati.sk\/#website"},"primaryImageOfPage":{"@id":"https:\/\/www.smedemokrati.sk\/premier-mieru-v-skutocnosti-riesi-iba-zbrane\/#primaryimage"},"image":{"@id":"https:\/\/www.smedemokrati.sk\/premier-mieru-v-skutocnosti-riesi-iba-zbrane\/#primaryimage"},"thumbnailUrl":"https:\/\/www.smedemokrati.sk\/wp-content\/uploads\/2025\/06\/premier-mieru.jpg","datePublished":"2025-06-10T09:36:33+00:00","dateModified":"2025-06-10T15:55:16+00:00","breadcrumb":{"@id":"https:\/\/www.smedemokrati.sk\/premier-mieru-v-skutocnosti-riesi-iba-zbrane\/#breadcrumb"},"inLanguage":"sv-SE","potentialAction":[{"@type":"ReadAction","target":["https:\/\/www.smedemokrati.sk\/premier-mieru-v-skutocnosti-riesi-iba-zbrane\/"]}]},{"@type":"ImageObject","inLanguage":"sv-SE","@id":"https:\/\/www.smedemokrati.sk\/premier-mieru-v-skutocnosti-riesi-iba-zbrane\/#primaryimage","url":"https:\/\/www.smedemokrati.sk\/wp-content\/uploads\/2025\/06\/premier-mieru.jpg","contentUrl":"https:\/\/www.smedemokrati.sk\/wp-content\/uploads\/2025\/06\/premier-mieru.jpg","width":1037,"height":533},{"@type":"BreadcrumbList","@id":"https:\/\/www.smedemokrati.sk\/premier-mieru-v-skutocnosti-riesi-iba-zbrane\/#breadcrumb","itemListElement":[{"@type":"ListItem","position":1,"name":"Domovsk\u00e1 str\u00e1nka","item":"https:\/\/www.smedemokrati.sk\/"},{"@type":"ListItem","position":2,"name":"Premi\u00e9r \u201emieru\u201c v skuto\u010dnosti rie\u0161i iba zbrane"}]},{"@type":"WebSite","@id":"https:\/\/www.smedemokrati.sk\/#website","url":"https:\/\/www.smedemokrati.sk\/","name":"Smedemokrati.sk","description":"Demokracia a slu\u0161nos\u0165 zv\u00ed\u0165az\u00ed","publisher":{"@id":"https:\/\/www.smedemokrati.sk\/#organization"},"potentialAction":[{"@type":"SearchAction","target":{"@type":"EntryPoint","urlTemplate":"https:\/\/www.smedemokrati.sk\/?s={search_term_string}"},"query-input":{"@type":"PropertyValueSpecification","valueRequired":true,"valueName":"search_term_string"}}],"inLanguage":"sv-SE"},{"@type":"Organization","@id":"https:\/\/www.smedemokrati.sk\/#organization","name":"Smedemokrati.sk","url":"https:\/\/www.smedemokrati.sk\/","logo":{"@type":"ImageObject","inLanguage":"sv-SE","@id":"https:\/\/www.smedemokrati.sk\/#\/schema\/logo\/image\/","url":"https:\/\/www.smedemokrati.sk\/wp-content\/uploads\/2023\/04\/ff.002.jpeg","contentUrl":"https:\/\/www.smedemokrati.sk\/wp-content\/uploads\/2023\/04\/ff.002.jpeg","width":640,"height":480,"caption":"Smedemokrati.sk"},"image":{"@id":"https:\/\/www.smedemokrati.sk\/#\/schema\/logo\/image\/"},"sameAs":["https:\/\/www.facebook.com\/smedemokrati2023"]},{"@type":"Person","@id":"https:\/\/www.smedemokrati.sk\/#\/schema\/person\/21f147c88d605aa7ded900e1e7c344ba","name":"miro.sopko","image":{"@type":"ImageObject","inLanguage":"sv-SE","@id":"https:\/\/secure.gravatar.com\/avatar\/267e4a36f704376c109afe3a78740c1f5dd8675a2180a908699e7863c9247606?s=96&d=mm&r=g","url":"https:\/\/secure.gravatar.com\/avatar\/267e4a36f704376c109afe3a78740c1f5dd8675a2180a908699e7863c9247606?s=96&d=mm&r=g","contentUrl":"https:\/\/secure.gravatar.com\/avatar\/267e4a36f704376c109afe3a78740c1f5dd8675a2180a908699e7863c9247606?s=96&d=mm&r=g","caption":"miro.sopko"},"url":"https:\/\/www.smedemokrati.sk\/sv\/author\/miro-sopko\/"}]}},"_links":{"self":[{"href":"https:\/\/www.smedemokrati.sk\/sv\/wp-json\/wp\/v2\/posts\/7506","targetHints":{"allow":["GET"]}}],"collection":[{"href":"https:\/\/www.smedemokrati.sk\/sv\/wp-json\/wp\/v2\/posts"}],"about":[{"href":"https:\/\/www.smedemokrati.sk\/sv\/wp-json\/wp\/v2\/types\/post"}],"author":[{"embeddable":true,"href":"https:\/\/www.smedemokrati.sk\/sv\/wp-json\/wp\/v2\/users\/13"}],"replies":[{"embeddable":true,"href":"https:\/\/www.smedemokrati.sk\/sv\/wp-json\/wp\/v2\/comments?post=7506"}],"version-history":[{"count":1,"href":"https:\/\/www.smedemokrati.sk\/sv\/wp-json\/wp\/v2\/posts\/7506\/revisions"}],"predecessor-version":[{"id":7508,"href":"https:\/\/www.smedemokrati.sk\/sv\/wp-json\/wp\/v2\/posts\/7506\/revisions\/7508"}],"wp:featuredmedia":[{"embeddable":true,"href":"https:\/\/www.smedemokrati.sk\/sv\/wp-json\/wp\/v2\/media\/7507"}],"wp:attachment":[{"href":"https:\/\/www.smedemokrati.sk\/sv\/wp-json\/wp\/v2\/media?parent=7506"}],"wp:term":[{"taxonomy":"category","embeddable":true,"href":"https:\/\/www.smedemokrati.sk\/sv\/wp-json\/wp\/v2\/categories?post=7506"},{"taxonomy":"post_tag","embeddable":true,"href":"https:\/\/www.smedemokrati.sk\/sv\/wp-json\/wp\/v2\/tags?post=7506"}],"curies":[{"name":"wp","href":"https:\/\/api.w.org\/{rel}","templated":true}]}}