{"id":7320,"date":"2025-05-26T17:53:27","date_gmt":"2025-05-26T16:53:27","guid":{"rendered":"https:\/\/www.smedemokrati.sk\/?p=7320"},"modified":"2025-05-26T17:53:28","modified_gmt":"2025-05-26T16:53:28","slug":"poslanec-kery-fyzicky-napadol-clena-demokratov-pri-zbere-podpisov-z-miesta-na-ktore-bola-privolana-policajna-hliadka-usiel","status":"publish","type":"post","link":"https:\/\/www.smedemokrati.sk\/sv\/poslanec-kery-fyzicky-napadol-clena-demokratov-pri-zbere-podpisov-z-miesta-na-ktore-bola-privolana-policajna-hliadka-usiel\/","title":{"rendered":"Poslanec K\u00e9ry fyzicky napadol \u010dlena Demokratov pri zbere podpisov. Z miesta, na ktor\u00e9 bola privolan\u00e1 policajn\u00e1 hliadka, u\u0161iel"},"content":{"rendered":"<div id=\"fb-root\"><\/div>\n\n<p><strong>Dnes (26. m\u00e1j 2025) bol v Zlat\u00fdch Moravciach \u010dlen strany Demokrati fyzicky napadnut\u00fd poslancom NR SR za Smer M\u00e1rianom K\u00e9rym. Stalo sa tak pri zbere podpisov za vyhl\u00e1senie referenda <em>\u201e<\/em>Sta\u010dilo Fica&#8221;. Demokrati ihne\u010f zavolali pol\u00edciu, K\u00e9ry v\u0161ak z miesta u\u0161iel.<\/strong><\/p>\n\n\n\n<p><em><em>\u201e<\/em>Poslanec K\u00e9ry najprv slovne za\u00fato\u010dil na n\u00e1\u0161ho \u010dlena a vyvrcholen\u00edm jeho drzosti bola facka m\u00f4jmu stran\u00edckemu kolegovi. Potom sa k n\u00e1\u0161mu peti\u010dn\u00e9mu stol\u00edku vr\u00e1til aj s nejak\u00fdm svoj\u00edm &#8221;kump\u00e1nom&#8221; a vyhr\u00e1\u017eal sa, \u017ee n\u00e1\u0161mu \u010dlenovi pol\u00e1me ruky a zase mu dal facku. Okam\u017eite sme privolali pol\u00edciu, no smer\u00e1cky poslanec medzi\u010dasom u\u0161iel.&#8221;<\/em>\u00a0Opisuje situ\u00e1ciu Kristi\u00e1n \u010cechm\u00e1nek, ktor\u00fd bol na mieste a z\u00e1rove\u0148 je \u010dlenom predsedn\u00edctva Demokratov.<\/p>\n\n\n\n<p><em><em>\u201e<\/em>Ak ste dnes e\u0161te pochybovali, kto \u0161\u00edri na Slovensku nen\u00e1vis\u0165, dne\u0161ok je toho d\u00f4kazom. Je na\u0161\u00edm \u00fastavn\u00fdm pr\u00e1vom zbiera\u0165 podpisy a to, \u010do si dnes dovolil smer\u00e1cky poslanec je za hranicou \u00fanosnosti. T\u00e1to vl\u00e1da je stroj na nen\u00e1vis\u0165, zlobu a agresivitu v spolo\u010dnosti. Som hrd\u00fd na n\u00e1\u0161ho \u010dlena, \u017ee sa nedal vyprovokova\u0165 a \u017ee K\u00e9rymu facky neop\u00e4toval, preto\u017ee zlo sa zlom nelie\u010di,&#8221;\u00a0<\/em>reagoval predseda Demokratov Jaroslav Na\u010f a dodal, \u017ee strana bude na\u010falej zbiera\u0165 podpisy za vyhl\u00e1senie referenda, nav\u0161tevova\u0165 slovensk\u00e9 regi\u00f3ny a robi\u0165 tvrd\u00fa, no poctiv\u00fa opozi\u010dn\u00fa politiku.<\/p>\n\n\n\n<p>Demokrati privolali policajn\u00fa hliadku, t\u00e1 v\u0161ak na mieste poslanca K\u00e9ryho u\u017e nena\u0161la, preto\u017ee z miesta \u010dinu u\u0161iel. Policajn\u00ed pr\u00edslu\u0161n\u00edci pris\u013e\u00fabili, \u017ee poslanca bud\u00fa kontaktova\u0165 v mieste trval\u00e9ho bydliska.,<\/p>\n\n\n<div class=\"fb-video\" data-href=\"https:\/\/www.facebook.com\/smedemokrati2023\/videos\/23897199663229948\" data-allowfullscreen=\"true\" data-autoplay=\"false\" data-width=\"\" data-show-text=\"false\" data-show-captions=\"true\"><\/div>\n","protected":false},"excerpt":{"rendered":"<p>Dnes (26. m\u00e1j 2025) bol v Zlat\u00fdch Moravciach \u010dlen strany Demokrati fyzicky napadnut\u00fd poslancom NR SR za Smer M\u00e1rianom K\u00e9rym. Stalo sa tak pri zbere podpisov za vyhl\u00e1senie referenda \u201eSta\u010dilo Fica&#8221;. Demokrati ihne\u010f zavolali pol\u00edciu, K\u00e9ry v\u0161ak z miesta u\u0161iel. \u201ePoslanec K\u00e9ry najprv slovne za\u00fato\u010dil na n\u00e1\u0161ho \u010dlena a vyvrcholen\u00edm jeho drzosti bola facka m\u00f4jmu [&hellip;]<\/p>\n","protected":false},"author":13,"featured_media":2696,"comment_status":"closed","ping_status":"closed","sticky":false,"template":"","format":"standard","meta":{"_acf_changed":false,"ngg_post_thumbnail":0,"footnotes":""},"categories":[4],"tags":[],"class_list":["post-7320","post","type-post","status-publish","format-standard","has-post-thumbnail","hentry","category-tlacove-spravy"],"acf":[],"yoast_head":"<!-- This site is optimized with the Yoast SEO plugin v27.2 - https:\/\/yoast.com\/product\/yoast-seo-wordpress\/ -->\n<title>Poslanec K\u00e9ry fyzicky napadol \u010dlena Demokratov pri zbere podpisov. Z miesta, na ktor\u00e9 bola privolan\u00e1 policajn\u00e1 hliadka, u\u0161iel<\/title>\n<meta name=\"robots\" content=\"index, follow, max-snippet:-1, max-image-preview:large, max-video-preview:-1\" \/>\n<link rel=\"canonical\" href=\"https:\/\/www.smedemokrati.sk\/sv\/poslanec-kery-fyzicky-napadol-clena-demokratov-pri-zbere-podpisov-z-miesta-na-ktore-bola-privolana-policajna-hliadka-usiel\/\" \/>\n<meta property=\"og:locale\" content=\"sv_SE\" \/>\n<meta property=\"og:locale:alternate\" content=\"en_US\" \/>\n<meta property=\"og:locale:alternate\" content=\"cs_CZ\" \/>\n<meta property=\"og:locale:alternate\" content=\"hu_HU\" \/>\n<meta property=\"og:locale:alternate\" content=\"sk_SK\" \/>\n<meta property=\"og:type\" content=\"article\" \/>\n<meta property=\"og:title\" content=\"Poslanec K\u00e9ry fyzicky napadol \u010dlena Demokratov pri zbere podpisov. Z miesta, na ktor\u00e9 bola privolan\u00e1 policajn\u00e1 hliadka, u\u0161iel\" \/>\n<meta property=\"og:description\" content=\"Dnes (26. m\u00e1j 2025) bol v Zlat\u00fdch Moravciach \u010dlen strany Demokrati fyzicky napadnut\u00fd poslancom NR SR za Smer M\u00e1rianom K\u00e9rym. Stalo sa tak pri zbere podpisov za vyhl\u00e1senie referenda \u201eSta\u010dilo Fica&#8221;. Demokrati ihne\u010f zavolali pol\u00edciu, K\u00e9ry v\u0161ak z miesta u\u0161iel. \u201ePoslanec K\u00e9ry najprv slovne za\u00fato\u010dil na n\u00e1\u0161ho \u010dlena a vyvrcholen\u00edm jeho drzosti bola facka m\u00f4jmu [&hellip;]\" \/>\n<meta property=\"og:url\" content=\"https:\/\/www.smedemokrati.sk\/sv\/poslanec-kery-fyzicky-napadol-clena-demokratov-pri-zbere-podpisov-z-miesta-na-ktore-bola-privolana-policajna-hliadka-usiel\/\" \/>\n<meta property=\"og:site_name\" content=\"Smedemokrati.sk\" \/>\n<meta property=\"article:publisher\" content=\"https:\/\/www.facebook.com\/smedemokrati2023\" \/>\n<meta property=\"article:published_time\" content=\"2025-05-26T16:53:27+00:00\" \/>\n<meta property=\"article:modified_time\" content=\"2025-05-26T16:53:28+00:00\" \/>\n<meta property=\"og:image\" content=\"https:\/\/www.smedemokrati.sk\/wp-content\/uploads\/2024\/02\/cechmanek.png\" \/>\n\t<meta property=\"og:image:width\" content=\"1338\" \/>\n\t<meta property=\"og:image:height\" content=\"1081\" \/>\n\t<meta property=\"og:image:type\" content=\"image\/png\" \/>\n<meta name=\"author\" content=\"miro.sopko\" \/>\n<meta name=\"twitter:card\" content=\"summary_large_image\" \/>\n<meta name=\"twitter:label1\" content=\"Skriven av\" \/>\n\t<meta name=\"twitter:data1\" content=\"miro.sopko\" \/>\n\t<meta name=\"twitter:label2\" content=\"Ber\u00e4knad l\u00e4stid\" \/>\n\t<meta name=\"twitter:data2\" content=\"2 minuter\" \/>\n<script type=\"application\/ld+json\" class=\"yoast-schema-graph\">{\"@context\":\"https:\/\/schema.org\",\"@graph\":[{\"@type\":\"Article\",\"@id\":\"https:\/\/www.smedemokrati.sk\/poslanec-kery-fyzicky-napadol-clena-demokratov-pri-zbere-podpisov-z-miesta-na-ktore-bola-privolana-policajna-hliadka-usiel\/#article\",\"isPartOf\":{\"@id\":\"https:\/\/www.smedemokrati.sk\/poslanec-kery-fyzicky-napadol-clena-demokratov-pri-zbere-podpisov-z-miesta-na-ktore-bola-privolana-policajna-hliadka-usiel\/\"},\"author\":{\"name\":\"miro.sopko\",\"@id\":\"https:\/\/www.smedemokrati.sk\/#\/schema\/person\/21f147c88d605aa7ded900e1e7c344ba\"},\"headline\":\"Poslanec K\u00e9ry fyzicky napadol \u010dlena Demokratov pri zbere podpisov. Z miesta, na ktor\u00e9 bola privolan\u00e1 policajn\u00e1 hliadka, u\u0161iel\",\"datePublished\":\"2025-05-26T16:53:27+00:00\",\"dateModified\":\"2025-05-26T16:53:28+00:00\",\"mainEntityOfPage\":{\"@id\":\"https:\/\/www.smedemokrati.sk\/poslanec-kery-fyzicky-napadol-clena-demokratov-pri-zbere-podpisov-z-miesta-na-ktore-bola-privolana-policajna-hliadka-usiel\/\"},\"wordCount\":321,\"publisher\":{\"@id\":\"https:\/\/www.smedemokrati.sk\/#organization\"},\"image\":{\"@id\":\"https:\/\/www.smedemokrati.sk\/poslanec-kery-fyzicky-napadol-clena-demokratov-pri-zbere-podpisov-z-miesta-na-ktore-bola-privolana-policajna-hliadka-usiel\/#primaryimage\"},\"thumbnailUrl\":\"https:\/\/www.smedemokrati.sk\/wp-content\/uploads\/2024\/02\/cechmanek.png\",\"articleSection\":[\"Tla\u010dov\u00e9 spr\u00e1vy\"],\"inLanguage\":\"sv-SE\"},{\"@type\":\"WebPage\",\"@id\":\"https:\/\/www.smedemokrati.sk\/poslanec-kery-fyzicky-napadol-clena-demokratov-pri-zbere-podpisov-z-miesta-na-ktore-bola-privolana-policajna-hliadka-usiel\/\",\"url\":\"https:\/\/www.smedemokrati.sk\/poslanec-kery-fyzicky-napadol-clena-demokratov-pri-zbere-podpisov-z-miesta-na-ktore-bola-privolana-policajna-hliadka-usiel\/\",\"name\":\"Poslanec K\u00e9ry fyzicky napadol \u010dlena Demokratov pri zbere podpisov. Z miesta, na ktor\u00e9 bola privolan\u00e1 policajn\u00e1 hliadka, u\u0161iel\",\"isPartOf\":{\"@id\":\"https:\/\/www.smedemokrati.sk\/#website\"},\"primaryImageOfPage\":{\"@id\":\"https:\/\/www.smedemokrati.sk\/poslanec-kery-fyzicky-napadol-clena-demokratov-pri-zbere-podpisov-z-miesta-na-ktore-bola-privolana-policajna-hliadka-usiel\/#primaryimage\"},\"image\":{\"@id\":\"https:\/\/www.smedemokrati.sk\/poslanec-kery-fyzicky-napadol-clena-demokratov-pri-zbere-podpisov-z-miesta-na-ktore-bola-privolana-policajna-hliadka-usiel\/#primaryimage\"},\"thumbnailUrl\":\"https:\/\/www.smedemokrati.sk\/wp-content\/uploads\/2024\/02\/cechmanek.png\",\"datePublished\":\"2025-05-26T16:53:27+00:00\",\"dateModified\":\"2025-05-26T16:53:28+00:00\",\"breadcrumb\":{\"@id\":\"https:\/\/www.smedemokrati.sk\/poslanec-kery-fyzicky-napadol-clena-demokratov-pri-zbere-podpisov-z-miesta-na-ktore-bola-privolana-policajna-hliadka-usiel\/#breadcrumb\"},\"inLanguage\":\"sv-SE\",\"potentialAction\":[{\"@type\":\"ReadAction\",\"target\":[\"https:\/\/www.smedemokrati.sk\/poslanec-kery-fyzicky-napadol-clena-demokratov-pri-zbere-podpisov-z-miesta-na-ktore-bola-privolana-policajna-hliadka-usiel\/\"]}]},{\"@type\":\"ImageObject\",\"inLanguage\":\"sv-SE\",\"@id\":\"https:\/\/www.smedemokrati.sk\/poslanec-kery-fyzicky-napadol-clena-demokratov-pri-zbere-podpisov-z-miesta-na-ktore-bola-privolana-policajna-hliadka-usiel\/#primaryimage\",\"url\":\"https:\/\/www.smedemokrati.sk\/wp-content\/uploads\/2024\/02\/cechmanek.png\",\"contentUrl\":\"https:\/\/www.smedemokrati.sk\/wp-content\/uploads\/2024\/02\/cechmanek.png\",\"width\":1338,\"height\":1081},{\"@type\":\"BreadcrumbList\",\"@id\":\"https:\/\/www.smedemokrati.sk\/poslanec-kery-fyzicky-napadol-clena-demokratov-pri-zbere-podpisov-z-miesta-na-ktore-bola-privolana-policajna-hliadka-usiel\/#breadcrumb\",\"itemListElement\":[{\"@type\":\"ListItem\",\"position\":1,\"name\":\"Domovsk\u00e1 str\u00e1nka\",\"item\":\"https:\/\/www.smedemokrati.sk\/\"},{\"@type\":\"ListItem\",\"position\":2,\"name\":\"Poslanec K\u00e9ry fyzicky napadol \u010dlena Demokratov pri zbere podpisov. Z miesta, na ktor\u00e9 bola privolan\u00e1 policajn\u00e1 hliadka, u\u0161iel\"}]},{\"@type\":\"WebSite\",\"@id\":\"https:\/\/www.smedemokrati.sk\/#website\",\"url\":\"https:\/\/www.smedemokrati.sk\/\",\"name\":\"Smedemokrati.sk\",\"description\":\"Demokracia a slu\u0161nos\u0165 zv\u00ed\u0165az\u00ed\",\"publisher\":{\"@id\":\"https:\/\/www.smedemokrati.sk\/#organization\"},\"potentialAction\":[{\"@type\":\"SearchAction\",\"target\":{\"@type\":\"EntryPoint\",\"urlTemplate\":\"https:\/\/www.smedemokrati.sk\/?s={search_term_string}\"},\"query-input\":{\"@type\":\"PropertyValueSpecification\",\"valueRequired\":true,\"valueName\":\"search_term_string\"}}],\"inLanguage\":\"sv-SE\"},{\"@type\":\"Organization\",\"@id\":\"https:\/\/www.smedemokrati.sk\/#organization\",\"name\":\"Smedemokrati.sk\",\"url\":\"https:\/\/www.smedemokrati.sk\/\",\"logo\":{\"@type\":\"ImageObject\",\"inLanguage\":\"sv-SE\",\"@id\":\"https:\/\/www.smedemokrati.sk\/#\/schema\/logo\/image\/\",\"url\":\"https:\/\/www.smedemokrati.sk\/wp-content\/uploads\/2023\/04\/ff.002.jpeg\",\"contentUrl\":\"https:\/\/www.smedemokrati.sk\/wp-content\/uploads\/2023\/04\/ff.002.jpeg\",\"width\":640,\"height\":480,\"caption\":\"Smedemokrati.sk\"},\"image\":{\"@id\":\"https:\/\/www.smedemokrati.sk\/#\/schema\/logo\/image\/\"},\"sameAs\":[\"https:\/\/www.facebook.com\/smedemokrati2023\"]},{\"@type\":\"Person\",\"@id\":\"https:\/\/www.smedemokrati.sk\/#\/schema\/person\/21f147c88d605aa7ded900e1e7c344ba\",\"name\":\"miro.sopko\",\"image\":{\"@type\":\"ImageObject\",\"inLanguage\":\"sv-SE\",\"@id\":\"https:\/\/secure.gravatar.com\/avatar\/267e4a36f704376c109afe3a78740c1f5dd8675a2180a908699e7863c9247606?s=96&d=mm&r=g\",\"url\":\"https:\/\/secure.gravatar.com\/avatar\/267e4a36f704376c109afe3a78740c1f5dd8675a2180a908699e7863c9247606?s=96&d=mm&r=g\",\"contentUrl\":\"https:\/\/secure.gravatar.com\/avatar\/267e4a36f704376c109afe3a78740c1f5dd8675a2180a908699e7863c9247606?s=96&d=mm&r=g\",\"caption\":\"miro.sopko\"},\"url\":\"https:\/\/www.smedemokrati.sk\/sv\/author\/miro-sopko\/\"}]}<\/script>\n<!-- \/ Yoast SEO plugin. -->","yoast_head_json":{"title":"Poslanec K\u00e9ry fyzicky napadol \u010dlena Demokratov pri zbere podpisov. Z miesta, na ktor\u00e9 bola privolan\u00e1 policajn\u00e1 hliadka, u\u0161iel","robots":{"index":"index","follow":"follow","max-snippet":"max-snippet:-1","max-image-preview":"max-image-preview:large","max-video-preview":"max-video-preview:-1"},"canonical":"https:\/\/www.smedemokrati.sk\/sv\/poslanec-kery-fyzicky-napadol-clena-demokratov-pri-zbere-podpisov-z-miesta-na-ktore-bola-privolana-policajna-hliadka-usiel\/","og_locale":"sv_SE","og_type":"article","og_title":"[:sk]Poslanec K\u00e9ry fyzicky napadol \u010dlena Demokratov pri zbere podpisov. Z miesta, na ktor\u00e9 bola privolan\u00e1 policajn\u00e1 hliadka, u\u0161iel[:] - Smedemokrati.sk","og_description":"Dnes (26. m\u00e1j 2025) bol v Zlat\u00fdch Moravciach \u010dlen strany Demokrati fyzicky napadnut\u00fd poslancom NR SR za Smer M\u00e1rianom K\u00e9rym. Stalo sa tak pri zbere podpisov za vyhl\u00e1senie referenda \u201eSta\u010dilo Fica&#8221;. Demokrati ihne\u010f zavolali pol\u00edciu, K\u00e9ry v\u0161ak z miesta u\u0161iel. \u201ePoslanec K\u00e9ry najprv slovne za\u00fato\u010dil na n\u00e1\u0161ho \u010dlena a vyvrcholen\u00edm jeho drzosti bola facka m\u00f4jmu [&hellip;]","og_url":"https:\/\/www.smedemokrati.sk\/sv\/poslanec-kery-fyzicky-napadol-clena-demokratov-pri-zbere-podpisov-z-miesta-na-ktore-bola-privolana-policajna-hliadka-usiel\/","og_site_name":"Smedemokrati.sk","article_publisher":"https:\/\/www.facebook.com\/smedemokrati2023","article_published_time":"2025-05-26T16:53:27+00:00","article_modified_time":"2025-05-26T16:53:28+00:00","og_image":[{"width":1338,"height":1081,"url":"https:\/\/www.smedemokrati.sk\/wp-content\/uploads\/2024\/02\/cechmanek.png","type":"image\/png"}],"author":"miro.sopko","twitter_card":"summary_large_image","twitter_misc":{"Skriven av":"miro.sopko","Ber\u00e4knad l\u00e4stid":"2 minuter"},"schema":{"@context":"https:\/\/schema.org","@graph":[{"@type":"Article","@id":"https:\/\/www.smedemokrati.sk\/poslanec-kery-fyzicky-napadol-clena-demokratov-pri-zbere-podpisov-z-miesta-na-ktore-bola-privolana-policajna-hliadka-usiel\/#article","isPartOf":{"@id":"https:\/\/www.smedemokrati.sk\/poslanec-kery-fyzicky-napadol-clena-demokratov-pri-zbere-podpisov-z-miesta-na-ktore-bola-privolana-policajna-hliadka-usiel\/"},"author":{"name":"miro.sopko","@id":"https:\/\/www.smedemokrati.sk\/#\/schema\/person\/21f147c88d605aa7ded900e1e7c344ba"},"headline":"Poslanec K\u00e9ry fyzicky napadol \u010dlena Demokratov pri zbere podpisov. Z miesta, na ktor\u00e9 bola privolan\u00e1 policajn\u00e1 hliadka, u\u0161iel","datePublished":"2025-05-26T16:53:27+00:00","dateModified":"2025-05-26T16:53:28+00:00","mainEntityOfPage":{"@id":"https:\/\/www.smedemokrati.sk\/poslanec-kery-fyzicky-napadol-clena-demokratov-pri-zbere-podpisov-z-miesta-na-ktore-bola-privolana-policajna-hliadka-usiel\/"},"wordCount":321,"publisher":{"@id":"https:\/\/www.smedemokrati.sk\/#organization"},"image":{"@id":"https:\/\/www.smedemokrati.sk\/poslanec-kery-fyzicky-napadol-clena-demokratov-pri-zbere-podpisov-z-miesta-na-ktore-bola-privolana-policajna-hliadka-usiel\/#primaryimage"},"thumbnailUrl":"https:\/\/www.smedemokrati.sk\/wp-content\/uploads\/2024\/02\/cechmanek.png","articleSection":["Tla\u010dov\u00e9 spr\u00e1vy"],"inLanguage":"sv-SE"},{"@type":"WebPage","@id":"https:\/\/www.smedemokrati.sk\/poslanec-kery-fyzicky-napadol-clena-demokratov-pri-zbere-podpisov-z-miesta-na-ktore-bola-privolana-policajna-hliadka-usiel\/","url":"https:\/\/www.smedemokrati.sk\/poslanec-kery-fyzicky-napadol-clena-demokratov-pri-zbere-podpisov-z-miesta-na-ktore-bola-privolana-policajna-hliadka-usiel\/","name":"Poslanec K\u00e9ry fyzicky napadol \u010dlena Demokratov pri zbere podpisov. Z miesta, na ktor\u00e9 bola privolan\u00e1 policajn\u00e1 hliadka, u\u0161iel","isPartOf":{"@id":"https:\/\/www.smedemokrati.sk\/#website"},"primaryImageOfPage":{"@id":"https:\/\/www.smedemokrati.sk\/poslanec-kery-fyzicky-napadol-clena-demokratov-pri-zbere-podpisov-z-miesta-na-ktore-bola-privolana-policajna-hliadka-usiel\/#primaryimage"},"image":{"@id":"https:\/\/www.smedemokrati.sk\/poslanec-kery-fyzicky-napadol-clena-demokratov-pri-zbere-podpisov-z-miesta-na-ktore-bola-privolana-policajna-hliadka-usiel\/#primaryimage"},"thumbnailUrl":"https:\/\/www.smedemokrati.sk\/wp-content\/uploads\/2024\/02\/cechmanek.png","datePublished":"2025-05-26T16:53:27+00:00","dateModified":"2025-05-26T16:53:28+00:00","breadcrumb":{"@id":"https:\/\/www.smedemokrati.sk\/poslanec-kery-fyzicky-napadol-clena-demokratov-pri-zbere-podpisov-z-miesta-na-ktore-bola-privolana-policajna-hliadka-usiel\/#breadcrumb"},"inLanguage":"sv-SE","potentialAction":[{"@type":"ReadAction","target":["https:\/\/www.smedemokrati.sk\/poslanec-kery-fyzicky-napadol-clena-demokratov-pri-zbere-podpisov-z-miesta-na-ktore-bola-privolana-policajna-hliadka-usiel\/"]}]},{"@type":"ImageObject","inLanguage":"sv-SE","@id":"https:\/\/www.smedemokrati.sk\/poslanec-kery-fyzicky-napadol-clena-demokratov-pri-zbere-podpisov-z-miesta-na-ktore-bola-privolana-policajna-hliadka-usiel\/#primaryimage","url":"https:\/\/www.smedemokrati.sk\/wp-content\/uploads\/2024\/02\/cechmanek.png","contentUrl":"https:\/\/www.smedemokrati.sk\/wp-content\/uploads\/2024\/02\/cechmanek.png","width":1338,"height":1081},{"@type":"BreadcrumbList","@id":"https:\/\/www.smedemokrati.sk\/poslanec-kery-fyzicky-napadol-clena-demokratov-pri-zbere-podpisov-z-miesta-na-ktore-bola-privolana-policajna-hliadka-usiel\/#breadcrumb","itemListElement":[{"@type":"ListItem","position":1,"name":"Domovsk\u00e1 str\u00e1nka","item":"https:\/\/www.smedemokrati.sk\/"},{"@type":"ListItem","position":2,"name":"Poslanec K\u00e9ry fyzicky napadol \u010dlena Demokratov pri zbere podpisov. Z miesta, na ktor\u00e9 bola privolan\u00e1 policajn\u00e1 hliadka, u\u0161iel"}]},{"@type":"WebSite","@id":"https:\/\/www.smedemokrati.sk\/#website","url":"https:\/\/www.smedemokrati.sk\/","name":"Smedemokrati.sk","description":"Demokracia a slu\u0161nos\u0165 zv\u00ed\u0165az\u00ed","publisher":{"@id":"https:\/\/www.smedemokrati.sk\/#organization"},"potentialAction":[{"@type":"SearchAction","target":{"@type":"EntryPoint","urlTemplate":"https:\/\/www.smedemokrati.sk\/?s={search_term_string}"},"query-input":{"@type":"PropertyValueSpecification","valueRequired":true,"valueName":"search_term_string"}}],"inLanguage":"sv-SE"},{"@type":"Organization","@id":"https:\/\/www.smedemokrati.sk\/#organization","name":"Smedemokrati.sk","url":"https:\/\/www.smedemokrati.sk\/","logo":{"@type":"ImageObject","inLanguage":"sv-SE","@id":"https:\/\/www.smedemokrati.sk\/#\/schema\/logo\/image\/","url":"https:\/\/www.smedemokrati.sk\/wp-content\/uploads\/2023\/04\/ff.002.jpeg","contentUrl":"https:\/\/www.smedemokrati.sk\/wp-content\/uploads\/2023\/04\/ff.002.jpeg","width":640,"height":480,"caption":"Smedemokrati.sk"},"image":{"@id":"https:\/\/www.smedemokrati.sk\/#\/schema\/logo\/image\/"},"sameAs":["https:\/\/www.facebook.com\/smedemokrati2023"]},{"@type":"Person","@id":"https:\/\/www.smedemokrati.sk\/#\/schema\/person\/21f147c88d605aa7ded900e1e7c344ba","name":"miro.sopko","image":{"@type":"ImageObject","inLanguage":"sv-SE","@id":"https:\/\/secure.gravatar.com\/avatar\/267e4a36f704376c109afe3a78740c1f5dd8675a2180a908699e7863c9247606?s=96&d=mm&r=g","url":"https:\/\/secure.gravatar.com\/avatar\/267e4a36f704376c109afe3a78740c1f5dd8675a2180a908699e7863c9247606?s=96&d=mm&r=g","contentUrl":"https:\/\/secure.gravatar.com\/avatar\/267e4a36f704376c109afe3a78740c1f5dd8675a2180a908699e7863c9247606?s=96&d=mm&r=g","caption":"miro.sopko"},"url":"https:\/\/www.smedemokrati.sk\/sv\/author\/miro-sopko\/"}]}},"_links":{"self":[{"href":"https:\/\/www.smedemokrati.sk\/sv\/wp-json\/wp\/v2\/posts\/7320","targetHints":{"allow":["GET"]}}],"collection":[{"href":"https:\/\/www.smedemokrati.sk\/sv\/wp-json\/wp\/v2\/posts"}],"about":[{"href":"https:\/\/www.smedemokrati.sk\/sv\/wp-json\/wp\/v2\/types\/post"}],"author":[{"embeddable":true,"href":"https:\/\/www.smedemokrati.sk\/sv\/wp-json\/wp\/v2\/users\/13"}],"replies":[{"embeddable":true,"href":"https:\/\/www.smedemokrati.sk\/sv\/wp-json\/wp\/v2\/comments?post=7320"}],"version-history":[{"count":1,"href":"https:\/\/www.smedemokrati.sk\/sv\/wp-json\/wp\/v2\/posts\/7320\/revisions"}],"predecessor-version":[{"id":7322,"href":"https:\/\/www.smedemokrati.sk\/sv\/wp-json\/wp\/v2\/posts\/7320\/revisions\/7322"}],"wp:featuredmedia":[{"embeddable":true,"href":"https:\/\/www.smedemokrati.sk\/sv\/wp-json\/wp\/v2\/media\/2696"}],"wp:attachment":[{"href":"https:\/\/www.smedemokrati.sk\/sv\/wp-json\/wp\/v2\/media?parent=7320"}],"wp:term":[{"taxonomy":"category","embeddable":true,"href":"https:\/\/www.smedemokrati.sk\/sv\/wp-json\/wp\/v2\/categories?post=7320"},{"taxonomy":"post_tag","embeddable":true,"href":"https:\/\/www.smedemokrati.sk\/sv\/wp-json\/wp\/v2\/tags?post=7320"}],"curies":[{"name":"wp","href":"https:\/\/api.w.org\/{rel}","templated":true}]}}