{"id":7264,"date":"2025-05-20T10:56:39","date_gmt":"2025-05-20T09:56:39","guid":{"rendered":"https:\/\/www.smedemokrati.sk\/?p=7264"},"modified":"2025-05-20T10:56:40","modified_gmt":"2025-05-20T09:56:40","slug":"ppa-vyplacala-financne-prostriedky-nezakonne-zrejme-s-podpisom-generalneho-riaditela-jozefa-kissa","status":"publish","type":"post","link":"https:\/\/www.smedemokrati.sk\/sv\/ppa-vyplacala-financne-prostriedky-nezakonne-zrejme-s-podpisom-generalneho-riaditela-jozefa-kissa\/","title":{"rendered":"PPA vypl\u00e1cala finan\u010dn\u00e9 prostriedky nez\u00e1konne, zrejme s podpisom gener\u00e1lneho riadite\u013ea Jozefa Kissa"},"content":{"rendered":"<div id=\"fb-root\"><\/div>\n\n<p><strong>P\u00f4dohospod\u00e1rska platobn\u00e1 agent\u00fara (PPA) vypl\u00e1cala dot\u00e1cie nez\u00e1konne, v rozpore s ustanoven\u00edm, ktor\u00e9 zakazuje poskytova\u0165 finan\u010dn\u00e9 prostriedky osob\u00e1m, vo\u010di ktor\u00fdm je veden\u00e9 trestn\u00e9 konanie. Pod\u013ea Zuzany \u0160ubovej z Pir\u00e1tskej strany sa tak mohlo dia\u0165 len s vedom\u00edm a podpisom vtedaj\u0161ieho gener\u00e1lneho riadite\u013ea Jozefa Kissa. Demokrati preto vyz\u00fdvaj\u00fa, aby sa pride\u013eovanie dot\u00e1ci\u00ed z eur\u00f3pskych zdrojov, najm\u00e4 na tzv. penzi\u00f3ny, ktor\u00e9 s\u00fa v skuto\u010dnosti rodinn\u00fdmi domami stalo predmetom vy\u0161etrovania pod priamym dozorom eur\u00f3pskej prokur\u00e1torky Laury K\u00f6vesi. Rovnako op\u00e4tovne vyz\u00fdvaj\u00fa PPA a Ministerstvo p\u00f4dohospod\u00e1rstva, aby boli zverejnen\u00e9 v\u0161etky projekty penzi\u00f3nov a in\u00fdch stavieb, ktor\u00e9 boli podporen\u00e9 z eur\u00f3pskych pe\u0148az\u00ed alebo pe\u0148az\u00ed slovensk\u00fdch da\u0148ov\u00fdch poplatn\u00edkov.&nbsp;<\/strong><\/p>\n\n\n\n<p><em>\u201e\u017diadali sme verejne, ako PPA tak ministerstvo, aby zverejnili&nbsp; kompletn\u00fd zoznam pridelen\u00fdch dot\u00e1ci\u00ed na \u00fadajn\u00e9 penzi\u00f3ny. Tie\u017e sme \u017eiadali z\u00e1very auditu spolo\u010dnosti PwC, ktor\u00e1 mala preveri\u0165 kontroln\u00e9 mechanizmy v agent\u00fare. Reakcia? Ticho,\u201c&nbsp;<\/em>hovor\u00ed Juraj \u0160eliga z Demokratov.&nbsp;Dod\u00e1va, \u017ee cel\u00e1 vec mus\u00ed by\u0165 predmetom medzin\u00e1rodn\u00e9ho vy\u0161etrovania.<\/p>\n\n\n\n<p>Zuzana \u0160ubov\u00e1, ktor\u00e1 v PPA viedla protikorup\u010dn\u00fa sekciu, upozor\u0148uje, \u017ee v roku 2022 z\u00edskali istotu, \u017ee agent\u00fara je zovret\u00e1 vplyvom finan\u010dn\u00fdch skup\u00edn.&nbsp;<em>\u201eOd janu\u00e1ra 2019 je v platnosti ustanovenie, ktor\u00e9 PPA prikazuje pozastavi\u0165 vypl\u00e1canie akejko\u013evek podpory osob\u00e1m, vo\u010di ktor\u00fdm je veden\u00e9 trestn\u00e9 konanie. T\u00fdchto subjektov bolo 570 a napriek tomu peniaze \u010falej odch\u00e1dzali. Komu? Napr\u00edklad firm\u00e1m Agro Valaliky a Mold &#8211; Trade, ktor\u00e9 s\u00fa zn\u00e1me napojen\u00edm na finan\u010dn\u00e9 skupiny a ktor\u00fdm boli zrejme nez\u00e1konne vyplaten\u00e9 mili\u00f3ny eur,\u201c<\/em>&nbsp;uviedla \u0160ubov\u00e1. Spres\u0148uje, \u017ee k vypl\u00e1caniu doch\u00e1dzalo pravdepodobne so s\u00fa\u010dinnos\u0165ou vtedaj\u0161ieho gener\u00e1lneho riadite\u013ea Jozefa Kissa.<\/p>\n\n\n\n<p><em>\u201eI\u0161lo, pod\u013ea m\u00f4jho n\u00e1zoru, o koordinovan\u00fa \u010dinnos\u0165, od radov\u00fdch \u00faradn\u00edkov a\u017e po najvy\u0161\u0161\u00ed mana\u017ement. Bez podpisu gener\u00e1lneho riadite\u013ea Jozefa Kissa by k tomu nemohlo d\u00f4js\u0165. Subjekty s prebiehaj\u00facim trestn\u00fdm konan\u00edm boli toti\u017e v internom syst\u00e9me zablokovan\u00e9. Vypl\u00e1canie im nebolo mo\u017en\u00e9 bez priameho pokynu zhora,\u201c<\/em>&nbsp;dop\u013a\u0148a predsedn\u00ed\u010dka Pir\u00e1tskej strany.<\/p>\n\n\n\n<p>Z\u00e1rove\u0148 poukazuje na to, \u017ee Jozef Kiss si do vedenia PPA dosadil osoby s v\u00e4zbami na zn\u00e1mych oligarchov.&nbsp;<em>\u201ePo\u010das kauzy Dobytk\u00e1r si Kiss dosadil ako svoju prav\u00fa ruku Juraja Kadnaru, \u010dloveka bl\u00edzkeho oligarchovi Kvietikovi. Kadnar mal na starosti rie\u0161enie finan\u010dn\u00fdch podvodov v PPA. Tzv. Sekciu kontroly na mieste viedol Pavol Kelemen, ktor\u00fd podnikal s Brhelovcami a dnes \u0161\u00e9fuje Letov\u00fdm prev\u00e1dzkov\u00fdm slu\u017eb\u00e1m. A PPA si Kiss podchytil aj po pr\u00e1vnej str\u00e1nke, dosadil tam Miroslava Boh\u00e1\u010da, b\u00fdval\u00e9ho \u0161\u00e9fa ko\u0161ickej z\u00e1chranky, obvinen\u00e9ho z nehospod\u00e1rneho nakladania s verejn\u00fdmi prostriedkami.\u201c<\/em><\/p>\n\n\n\n<p><em>&#8221;Tvrdenia, \u017ee za vl\u00e1dy Eduarda Hegera sa ni\u010d nevy\u0161etrovalo nie je pravda, naopak pr\u00e1ve po n\u00e1stupe Hegera a Zuzany \u0160ubovej na PPA sa za\u010dali \u0161etrenia neleg\u00e1lnych platieb. Ak dnes minister Tak\u00e1\u010d tvrd\u00ed, \u017ee za na\u0161ej vl\u00e1dy sa ni\u010d nevy\u0161etrovalo, tak klame. Naopak, z v\u00fdpovede Bernarda Slobodn\u00edka vypl\u00fdva, \u017ee do roku 2020 ka\u017ed\u00e9 vy\u0161etrovanie, ka\u017ed\u00e1 kontrola na prerozde\u013eovanie dot\u00e1ci\u00ed museli by\u0165 hl\u00e1sen\u00e9 \u0161pi\u010dk\u00e1m NAKA cez Krajmera. Vieme koho nominant bol Krajmer, ako Tibor Ga\u0161par riadil pol\u00edciu a ako je vo vz\u0165ahu k Norbertovi B\u00f6d\u00f6rovi previazan\u00fd. Sta\u010d\u00ed pozrie\u0165 na kauzu O\u010distec. A t\u00edto \u013eudia mali na PPA otvoren\u00e9 dvere. Koniec koncov, v tomto obdob\u00ed boli pridelen\u00e9 dot\u00e1cie na penzi\u00f3ny pri Nitre, o ktorom informovali m\u00e9dia a novin\u00e1ri z Denn\u00edka N? Pod\u013ea v\u00fdpovede Slobodn\u00edka, je jasn\u00e9 \u017ee do roku 2020 nebola podan\u00e1 \u017eiadna ob\u017ealoba, a\u017e po zmene vl\u00e1dy za\u010dali v\u00e1\u017ene vy\u0161etrovania.&#8221;&nbsp;<\/em>hovor\u00ed Juraj \u0160eliga z Demokratov.<\/p>\n\n\n<div class=\"fb-video\" data-href=\"https:\/\/fb.watch\/zH-nagSdWk\" data-allowfullscreen=\"true\" data-autoplay=\"false\" data-width=\"\" data-show-text=\"false\" data-show-captions=\"true\"><\/div>\n","protected":false},"excerpt":{"rendered":"<p>P\u00f4dohospod\u00e1rska platobn\u00e1 agent\u00fara (PPA) vypl\u00e1cala dot\u00e1cie nez\u00e1konne, v rozpore s ustanoven\u00edm, ktor\u00e9 zakazuje poskytova\u0165 finan\u010dn\u00e9 prostriedky osob\u00e1m, vo\u010di ktor\u00fdm je veden\u00e9 trestn\u00e9 konanie. Pod\u013ea Zuzany \u0160ubovej z Pir\u00e1tskej strany sa tak mohlo dia\u0165 len s vedom\u00edm a podpisom vtedaj\u0161ieho gener\u00e1lneho riadite\u013ea Jozefa Kissa. Demokrati preto vyz\u00fdvaj\u00fa, aby sa pride\u013eovanie dot\u00e1ci\u00ed z eur\u00f3pskych zdrojov, najm\u00e4 na [&hellip;]<\/p>\n","protected":false},"author":13,"featured_media":7265,"comment_status":"closed","ping_status":"closed","sticky":false,"template":"","format":"standard","meta":{"_acf_changed":false,"ngg_post_thumbnail":0,"footnotes":""},"categories":[4],"tags":[],"class_list":["post-7264","post","type-post","status-publish","format-standard","has-post-thumbnail","hentry","category-tlacove-spravy"],"acf":[],"yoast_head":"<!-- This site is optimized with the Yoast SEO plugin v27.2 - https:\/\/yoast.com\/product\/yoast-seo-wordpress\/ -->\n<title>PPA vypl\u00e1cala finan\u010dn\u00e9 prostriedky nez\u00e1konne, zrejme s podpisom gener\u00e1lneho riadite\u013ea Jozefa Kissa<\/title>\n<meta name=\"robots\" content=\"index, follow, max-snippet:-1, max-image-preview:large, max-video-preview:-1\" \/>\n<link rel=\"canonical\" href=\"https:\/\/www.smedemokrati.sk\/sv\/ppa-vyplacala-financne-prostriedky-nezakonne-zrejme-s-podpisom-generalneho-riaditela-jozefa-kissa\/\" \/>\n<meta property=\"og:locale\" content=\"sv_SE\" \/>\n<meta property=\"og:locale:alternate\" content=\"en_US\" \/>\n<meta property=\"og:locale:alternate\" content=\"cs_CZ\" \/>\n<meta property=\"og:locale:alternate\" content=\"hu_HU\" \/>\n<meta property=\"og:locale:alternate\" content=\"sk_SK\" \/>\n<meta property=\"og:type\" content=\"article\" \/>\n<meta property=\"og:title\" content=\"PPA vypl\u00e1cala finan\u010dn\u00e9 prostriedky nez\u00e1konne, zrejme s podpisom gener\u00e1lneho riadite\u013ea Jozefa Kissa\" \/>\n<meta property=\"og:description\" content=\"P\u00f4dohospod\u00e1rska platobn\u00e1 agent\u00fara (PPA) vypl\u00e1cala dot\u00e1cie nez\u00e1konne, v rozpore s ustanoven\u00edm, ktor\u00e9 zakazuje poskytova\u0165 finan\u010dn\u00e9 prostriedky osob\u00e1m, vo\u010di ktor\u00fdm je veden\u00e9 trestn\u00e9 konanie. Pod\u013ea Zuzany \u0160ubovej z Pir\u00e1tskej strany sa tak mohlo dia\u0165 len s vedom\u00edm a podpisom vtedaj\u0161ieho gener\u00e1lneho riadite\u013ea Jozefa Kissa. Demokrati preto vyz\u00fdvaj\u00fa, aby sa pride\u013eovanie dot\u00e1ci\u00ed z eur\u00f3pskych zdrojov, najm\u00e4 na [&hellip;]\" \/>\n<meta property=\"og:url\" content=\"https:\/\/www.smedemokrati.sk\/sv\/ppa-vyplacala-financne-prostriedky-nezakonne-zrejme-s-podpisom-generalneho-riaditela-jozefa-kissa\/\" \/>\n<meta property=\"og:site_name\" content=\"Smedemokrati.sk\" \/>\n<meta property=\"article:publisher\" content=\"https:\/\/www.facebook.com\/smedemokrati2023\" \/>\n<meta property=\"article:published_time\" content=\"2025-05-20T09:56:39+00:00\" \/>\n<meta property=\"article:modified_time\" content=\"2025-05-20T09:56:40+00:00\" \/>\n<meta property=\"og:image\" content=\"https:\/\/www.smedemokrati.sk\/wp-content\/uploads\/2025\/05\/PPA_Kiss.jpg\" \/>\n\t<meta property=\"og:image:width\" content=\"802\" \/>\n\t<meta property=\"og:image:height\" content=\"475\" \/>\n\t<meta property=\"og:image:type\" content=\"image\/jpeg\" \/>\n<meta name=\"author\" content=\"miro.sopko\" \/>\n<meta name=\"twitter:card\" content=\"summary_large_image\" \/>\n<meta name=\"twitter:label1\" content=\"Skriven av\" \/>\n\t<meta name=\"twitter:data1\" content=\"miro.sopko\" \/>\n\t<meta name=\"twitter:label2\" content=\"Ber\u00e4knad l\u00e4stid\" \/>\n\t<meta name=\"twitter:data2\" content=\"4 minuter\" \/>\n<script type=\"application\/ld+json\" class=\"yoast-schema-graph\">{\"@context\":\"https:\/\/schema.org\",\"@graph\":[{\"@type\":\"Article\",\"@id\":\"https:\/\/www.smedemokrati.sk\/ppa-vyplacala-financne-prostriedky-nezakonne-zrejme-s-podpisom-generalneho-riaditela-jozefa-kissa\/#article\",\"isPartOf\":{\"@id\":\"https:\/\/www.smedemokrati.sk\/ppa-vyplacala-financne-prostriedky-nezakonne-zrejme-s-podpisom-generalneho-riaditela-jozefa-kissa\/\"},\"author\":{\"name\":\"miro.sopko\",\"@id\":\"https:\/\/www.smedemokrati.sk\/#\/schema\/person\/21f147c88d605aa7ded900e1e7c344ba\"},\"headline\":\"PPA vypl\u00e1cala finan\u010dn\u00e9 prostriedky nez\u00e1konne, zrejme s podpisom gener\u00e1lneho riadite\u013ea Jozefa Kissa\",\"datePublished\":\"2025-05-20T09:56:39+00:00\",\"dateModified\":\"2025-05-20T09:56:40+00:00\",\"mainEntityOfPage\":{\"@id\":\"https:\/\/www.smedemokrati.sk\/ppa-vyplacala-financne-prostriedky-nezakonne-zrejme-s-podpisom-generalneho-riaditela-jozefa-kissa\/\"},\"wordCount\":711,\"publisher\":{\"@id\":\"https:\/\/www.smedemokrati.sk\/#organization\"},\"image\":{\"@id\":\"https:\/\/www.smedemokrati.sk\/ppa-vyplacala-financne-prostriedky-nezakonne-zrejme-s-podpisom-generalneho-riaditela-jozefa-kissa\/#primaryimage\"},\"thumbnailUrl\":\"https:\/\/www.smedemokrati.sk\/wp-content\/uploads\/2025\/05\/PPA_Kiss.jpg\",\"articleSection\":[\"Tla\u010dov\u00e9 spr\u00e1vy\"],\"inLanguage\":\"sv-SE\"},{\"@type\":\"WebPage\",\"@id\":\"https:\/\/www.smedemokrati.sk\/ppa-vyplacala-financne-prostriedky-nezakonne-zrejme-s-podpisom-generalneho-riaditela-jozefa-kissa\/\",\"url\":\"https:\/\/www.smedemokrati.sk\/ppa-vyplacala-financne-prostriedky-nezakonne-zrejme-s-podpisom-generalneho-riaditela-jozefa-kissa\/\",\"name\":\"PPA vypl\u00e1cala finan\u010dn\u00e9 prostriedky nez\u00e1konne, zrejme s podpisom gener\u00e1lneho riadite\u013ea Jozefa Kissa\",\"isPartOf\":{\"@id\":\"https:\/\/www.smedemokrati.sk\/#website\"},\"primaryImageOfPage\":{\"@id\":\"https:\/\/www.smedemokrati.sk\/ppa-vyplacala-financne-prostriedky-nezakonne-zrejme-s-podpisom-generalneho-riaditela-jozefa-kissa\/#primaryimage\"},\"image\":{\"@id\":\"https:\/\/www.smedemokrati.sk\/ppa-vyplacala-financne-prostriedky-nezakonne-zrejme-s-podpisom-generalneho-riaditela-jozefa-kissa\/#primaryimage\"},\"thumbnailUrl\":\"https:\/\/www.smedemokrati.sk\/wp-content\/uploads\/2025\/05\/PPA_Kiss.jpg\",\"datePublished\":\"2025-05-20T09:56:39+00:00\",\"dateModified\":\"2025-05-20T09:56:40+00:00\",\"breadcrumb\":{\"@id\":\"https:\/\/www.smedemokrati.sk\/ppa-vyplacala-financne-prostriedky-nezakonne-zrejme-s-podpisom-generalneho-riaditela-jozefa-kissa\/#breadcrumb\"},\"inLanguage\":\"sv-SE\",\"potentialAction\":[{\"@type\":\"ReadAction\",\"target\":[\"https:\/\/www.smedemokrati.sk\/ppa-vyplacala-financne-prostriedky-nezakonne-zrejme-s-podpisom-generalneho-riaditela-jozefa-kissa\/\"]}]},{\"@type\":\"ImageObject\",\"inLanguage\":\"sv-SE\",\"@id\":\"https:\/\/www.smedemokrati.sk\/ppa-vyplacala-financne-prostriedky-nezakonne-zrejme-s-podpisom-generalneho-riaditela-jozefa-kissa\/#primaryimage\",\"url\":\"https:\/\/www.smedemokrati.sk\/wp-content\/uploads\/2025\/05\/PPA_Kiss.jpg\",\"contentUrl\":\"https:\/\/www.smedemokrati.sk\/wp-content\/uploads\/2025\/05\/PPA_Kiss.jpg\",\"width\":802,\"height\":475},{\"@type\":\"BreadcrumbList\",\"@id\":\"https:\/\/www.smedemokrati.sk\/ppa-vyplacala-financne-prostriedky-nezakonne-zrejme-s-podpisom-generalneho-riaditela-jozefa-kissa\/#breadcrumb\",\"itemListElement\":[{\"@type\":\"ListItem\",\"position\":1,\"name\":\"Domovsk\u00e1 str\u00e1nka\",\"item\":\"https:\/\/www.smedemokrati.sk\/\"},{\"@type\":\"ListItem\",\"position\":2,\"name\":\"PPA vypl\u00e1cala finan\u010dn\u00e9 prostriedky nez\u00e1konne, zrejme s podpisom gener\u00e1lneho riadite\u013ea Jozefa Kissa\"}]},{\"@type\":\"WebSite\",\"@id\":\"https:\/\/www.smedemokrati.sk\/#website\",\"url\":\"https:\/\/www.smedemokrati.sk\/\",\"name\":\"Smedemokrati.sk\",\"description\":\"Demokracia a slu\u0161nos\u0165 zv\u00ed\u0165az\u00ed\",\"publisher\":{\"@id\":\"https:\/\/www.smedemokrati.sk\/#organization\"},\"potentialAction\":[{\"@type\":\"SearchAction\",\"target\":{\"@type\":\"EntryPoint\",\"urlTemplate\":\"https:\/\/www.smedemokrati.sk\/?s={search_term_string}\"},\"query-input\":{\"@type\":\"PropertyValueSpecification\",\"valueRequired\":true,\"valueName\":\"search_term_string\"}}],\"inLanguage\":\"sv-SE\"},{\"@type\":\"Organization\",\"@id\":\"https:\/\/www.smedemokrati.sk\/#organization\",\"name\":\"Smedemokrati.sk\",\"url\":\"https:\/\/www.smedemokrati.sk\/\",\"logo\":{\"@type\":\"ImageObject\",\"inLanguage\":\"sv-SE\",\"@id\":\"https:\/\/www.smedemokrati.sk\/#\/schema\/logo\/image\/\",\"url\":\"https:\/\/www.smedemokrati.sk\/wp-content\/uploads\/2023\/04\/ff.002.jpeg\",\"contentUrl\":\"https:\/\/www.smedemokrati.sk\/wp-content\/uploads\/2023\/04\/ff.002.jpeg\",\"width\":640,\"height\":480,\"caption\":\"Smedemokrati.sk\"},\"image\":{\"@id\":\"https:\/\/www.smedemokrati.sk\/#\/schema\/logo\/image\/\"},\"sameAs\":[\"https:\/\/www.facebook.com\/smedemokrati2023\"]},{\"@type\":\"Person\",\"@id\":\"https:\/\/www.smedemokrati.sk\/#\/schema\/person\/21f147c88d605aa7ded900e1e7c344ba\",\"name\":\"miro.sopko\",\"image\":{\"@type\":\"ImageObject\",\"inLanguage\":\"sv-SE\",\"@id\":\"https:\/\/secure.gravatar.com\/avatar\/267e4a36f704376c109afe3a78740c1f5dd8675a2180a908699e7863c9247606?s=96&d=mm&r=g\",\"url\":\"https:\/\/secure.gravatar.com\/avatar\/267e4a36f704376c109afe3a78740c1f5dd8675a2180a908699e7863c9247606?s=96&d=mm&r=g\",\"contentUrl\":\"https:\/\/secure.gravatar.com\/avatar\/267e4a36f704376c109afe3a78740c1f5dd8675a2180a908699e7863c9247606?s=96&d=mm&r=g\",\"caption\":\"miro.sopko\"},\"url\":\"https:\/\/www.smedemokrati.sk\/sv\/author\/miro-sopko\/\"}]}<\/script>\n<!-- \/ Yoast SEO plugin. -->","yoast_head_json":{"title":"PPA vypl\u00e1cala finan\u010dn\u00e9 prostriedky nez\u00e1konne, zrejme s podpisom gener\u00e1lneho riadite\u013ea Jozefa Kissa","robots":{"index":"index","follow":"follow","max-snippet":"max-snippet:-1","max-image-preview":"max-image-preview:large","max-video-preview":"max-video-preview:-1"},"canonical":"https:\/\/www.smedemokrati.sk\/sv\/ppa-vyplacala-financne-prostriedky-nezakonne-zrejme-s-podpisom-generalneho-riaditela-jozefa-kissa\/","og_locale":"sv_SE","og_type":"article","og_title":"[:sk]PPA vypl\u00e1cala finan\u010dn\u00e9 prostriedky nez\u00e1konne, zrejme s podpisom gener\u00e1lneho riadite\u013ea Jozefa Kissa[:] - Smedemokrati.sk","og_description":"P\u00f4dohospod\u00e1rska platobn\u00e1 agent\u00fara (PPA) vypl\u00e1cala dot\u00e1cie nez\u00e1konne, v rozpore s ustanoven\u00edm, ktor\u00e9 zakazuje poskytova\u0165 finan\u010dn\u00e9 prostriedky osob\u00e1m, vo\u010di ktor\u00fdm je veden\u00e9 trestn\u00e9 konanie. Pod\u013ea Zuzany \u0160ubovej z Pir\u00e1tskej strany sa tak mohlo dia\u0165 len s vedom\u00edm a podpisom vtedaj\u0161ieho gener\u00e1lneho riadite\u013ea Jozefa Kissa. Demokrati preto vyz\u00fdvaj\u00fa, aby sa pride\u013eovanie dot\u00e1ci\u00ed z eur\u00f3pskych zdrojov, najm\u00e4 na [&hellip;]","og_url":"https:\/\/www.smedemokrati.sk\/sv\/ppa-vyplacala-financne-prostriedky-nezakonne-zrejme-s-podpisom-generalneho-riaditela-jozefa-kissa\/","og_site_name":"Smedemokrati.sk","article_publisher":"https:\/\/www.facebook.com\/smedemokrati2023","article_published_time":"2025-05-20T09:56:39+00:00","article_modified_time":"2025-05-20T09:56:40+00:00","og_image":[{"width":802,"height":475,"url":"https:\/\/www.smedemokrati.sk\/wp-content\/uploads\/2025\/05\/PPA_Kiss.jpg","type":"image\/jpeg"}],"author":"miro.sopko","twitter_card":"summary_large_image","twitter_misc":{"Skriven av":"miro.sopko","Ber\u00e4knad l\u00e4stid":"4 minuter"},"schema":{"@context":"https:\/\/schema.org","@graph":[{"@type":"Article","@id":"https:\/\/www.smedemokrati.sk\/ppa-vyplacala-financne-prostriedky-nezakonne-zrejme-s-podpisom-generalneho-riaditela-jozefa-kissa\/#article","isPartOf":{"@id":"https:\/\/www.smedemokrati.sk\/ppa-vyplacala-financne-prostriedky-nezakonne-zrejme-s-podpisom-generalneho-riaditela-jozefa-kissa\/"},"author":{"name":"miro.sopko","@id":"https:\/\/www.smedemokrati.sk\/#\/schema\/person\/21f147c88d605aa7ded900e1e7c344ba"},"headline":"PPA vypl\u00e1cala finan\u010dn\u00e9 prostriedky nez\u00e1konne, zrejme s podpisom gener\u00e1lneho riadite\u013ea Jozefa Kissa","datePublished":"2025-05-20T09:56:39+00:00","dateModified":"2025-05-20T09:56:40+00:00","mainEntityOfPage":{"@id":"https:\/\/www.smedemokrati.sk\/ppa-vyplacala-financne-prostriedky-nezakonne-zrejme-s-podpisom-generalneho-riaditela-jozefa-kissa\/"},"wordCount":711,"publisher":{"@id":"https:\/\/www.smedemokrati.sk\/#organization"},"image":{"@id":"https:\/\/www.smedemokrati.sk\/ppa-vyplacala-financne-prostriedky-nezakonne-zrejme-s-podpisom-generalneho-riaditela-jozefa-kissa\/#primaryimage"},"thumbnailUrl":"https:\/\/www.smedemokrati.sk\/wp-content\/uploads\/2025\/05\/PPA_Kiss.jpg","articleSection":["Tla\u010dov\u00e9 spr\u00e1vy"],"inLanguage":"sv-SE"},{"@type":"WebPage","@id":"https:\/\/www.smedemokrati.sk\/ppa-vyplacala-financne-prostriedky-nezakonne-zrejme-s-podpisom-generalneho-riaditela-jozefa-kissa\/","url":"https:\/\/www.smedemokrati.sk\/ppa-vyplacala-financne-prostriedky-nezakonne-zrejme-s-podpisom-generalneho-riaditela-jozefa-kissa\/","name":"PPA vypl\u00e1cala finan\u010dn\u00e9 prostriedky nez\u00e1konne, zrejme s podpisom gener\u00e1lneho riadite\u013ea Jozefa Kissa","isPartOf":{"@id":"https:\/\/www.smedemokrati.sk\/#website"},"primaryImageOfPage":{"@id":"https:\/\/www.smedemokrati.sk\/ppa-vyplacala-financne-prostriedky-nezakonne-zrejme-s-podpisom-generalneho-riaditela-jozefa-kissa\/#primaryimage"},"image":{"@id":"https:\/\/www.smedemokrati.sk\/ppa-vyplacala-financne-prostriedky-nezakonne-zrejme-s-podpisom-generalneho-riaditela-jozefa-kissa\/#primaryimage"},"thumbnailUrl":"https:\/\/www.smedemokrati.sk\/wp-content\/uploads\/2025\/05\/PPA_Kiss.jpg","datePublished":"2025-05-20T09:56:39+00:00","dateModified":"2025-05-20T09:56:40+00:00","breadcrumb":{"@id":"https:\/\/www.smedemokrati.sk\/ppa-vyplacala-financne-prostriedky-nezakonne-zrejme-s-podpisom-generalneho-riaditela-jozefa-kissa\/#breadcrumb"},"inLanguage":"sv-SE","potentialAction":[{"@type":"ReadAction","target":["https:\/\/www.smedemokrati.sk\/ppa-vyplacala-financne-prostriedky-nezakonne-zrejme-s-podpisom-generalneho-riaditela-jozefa-kissa\/"]}]},{"@type":"ImageObject","inLanguage":"sv-SE","@id":"https:\/\/www.smedemokrati.sk\/ppa-vyplacala-financne-prostriedky-nezakonne-zrejme-s-podpisom-generalneho-riaditela-jozefa-kissa\/#primaryimage","url":"https:\/\/www.smedemokrati.sk\/wp-content\/uploads\/2025\/05\/PPA_Kiss.jpg","contentUrl":"https:\/\/www.smedemokrati.sk\/wp-content\/uploads\/2025\/05\/PPA_Kiss.jpg","width":802,"height":475},{"@type":"BreadcrumbList","@id":"https:\/\/www.smedemokrati.sk\/ppa-vyplacala-financne-prostriedky-nezakonne-zrejme-s-podpisom-generalneho-riaditela-jozefa-kissa\/#breadcrumb","itemListElement":[{"@type":"ListItem","position":1,"name":"Domovsk\u00e1 str\u00e1nka","item":"https:\/\/www.smedemokrati.sk\/"},{"@type":"ListItem","position":2,"name":"PPA vypl\u00e1cala finan\u010dn\u00e9 prostriedky nez\u00e1konne, zrejme s podpisom gener\u00e1lneho riadite\u013ea Jozefa Kissa"}]},{"@type":"WebSite","@id":"https:\/\/www.smedemokrati.sk\/#website","url":"https:\/\/www.smedemokrati.sk\/","name":"Smedemokrati.sk","description":"Demokracia a slu\u0161nos\u0165 zv\u00ed\u0165az\u00ed","publisher":{"@id":"https:\/\/www.smedemokrati.sk\/#organization"},"potentialAction":[{"@type":"SearchAction","target":{"@type":"EntryPoint","urlTemplate":"https:\/\/www.smedemokrati.sk\/?s={search_term_string}"},"query-input":{"@type":"PropertyValueSpecification","valueRequired":true,"valueName":"search_term_string"}}],"inLanguage":"sv-SE"},{"@type":"Organization","@id":"https:\/\/www.smedemokrati.sk\/#organization","name":"Smedemokrati.sk","url":"https:\/\/www.smedemokrati.sk\/","logo":{"@type":"ImageObject","inLanguage":"sv-SE","@id":"https:\/\/www.smedemokrati.sk\/#\/schema\/logo\/image\/","url":"https:\/\/www.smedemokrati.sk\/wp-content\/uploads\/2023\/04\/ff.002.jpeg","contentUrl":"https:\/\/www.smedemokrati.sk\/wp-content\/uploads\/2023\/04\/ff.002.jpeg","width":640,"height":480,"caption":"Smedemokrati.sk"},"image":{"@id":"https:\/\/www.smedemokrati.sk\/#\/schema\/logo\/image\/"},"sameAs":["https:\/\/www.facebook.com\/smedemokrati2023"]},{"@type":"Person","@id":"https:\/\/www.smedemokrati.sk\/#\/schema\/person\/21f147c88d605aa7ded900e1e7c344ba","name":"miro.sopko","image":{"@type":"ImageObject","inLanguage":"sv-SE","@id":"https:\/\/secure.gravatar.com\/avatar\/267e4a36f704376c109afe3a78740c1f5dd8675a2180a908699e7863c9247606?s=96&d=mm&r=g","url":"https:\/\/secure.gravatar.com\/avatar\/267e4a36f704376c109afe3a78740c1f5dd8675a2180a908699e7863c9247606?s=96&d=mm&r=g","contentUrl":"https:\/\/secure.gravatar.com\/avatar\/267e4a36f704376c109afe3a78740c1f5dd8675a2180a908699e7863c9247606?s=96&d=mm&r=g","caption":"miro.sopko"},"url":"https:\/\/www.smedemokrati.sk\/sv\/author\/miro-sopko\/"}]}},"_links":{"self":[{"href":"https:\/\/www.smedemokrati.sk\/sv\/wp-json\/wp\/v2\/posts\/7264","targetHints":{"allow":["GET"]}}],"collection":[{"href":"https:\/\/www.smedemokrati.sk\/sv\/wp-json\/wp\/v2\/posts"}],"about":[{"href":"https:\/\/www.smedemokrati.sk\/sv\/wp-json\/wp\/v2\/types\/post"}],"author":[{"embeddable":true,"href":"https:\/\/www.smedemokrati.sk\/sv\/wp-json\/wp\/v2\/users\/13"}],"replies":[{"embeddable":true,"href":"https:\/\/www.smedemokrati.sk\/sv\/wp-json\/wp\/v2\/comments?post=7264"}],"version-history":[{"count":1,"href":"https:\/\/www.smedemokrati.sk\/sv\/wp-json\/wp\/v2\/posts\/7264\/revisions"}],"predecessor-version":[{"id":7266,"href":"https:\/\/www.smedemokrati.sk\/sv\/wp-json\/wp\/v2\/posts\/7264\/revisions\/7266"}],"wp:featuredmedia":[{"embeddable":true,"href":"https:\/\/www.smedemokrati.sk\/sv\/wp-json\/wp\/v2\/media\/7265"}],"wp:attachment":[{"href":"https:\/\/www.smedemokrati.sk\/sv\/wp-json\/wp\/v2\/media?parent=7264"}],"wp:term":[{"taxonomy":"category","embeddable":true,"href":"https:\/\/www.smedemokrati.sk\/sv\/wp-json\/wp\/v2\/categories?post=7264"},{"taxonomy":"post_tag","embeddable":true,"href":"https:\/\/www.smedemokrati.sk\/sv\/wp-json\/wp\/v2\/tags?post=7264"}],"curies":[{"name":"wp","href":"https:\/\/api.w.org\/{rel}","templated":true}]}}