{"id":7236,"date":"2025-05-15T19:07:16","date_gmt":"2025-05-15T18:07:16","guid":{"rendered":"https:\/\/www.smedemokrati.sk\/?p=7236"},"modified":"2025-05-15T19:07:17","modified_gmt":"2025-05-15T18:07:17","slug":"brutalna-sikana-statnej-moci-voci-petrovi-latakovi-fico-zaklada-inkvizicne-caty-gaspar-siri-klamstva","status":"publish","type":"post","link":"https:\/\/www.smedemokrati.sk\/sv\/brutalna-sikana-statnej-moci-voci-petrovi-latakovi-fico-zaklada-inkvizicne-caty-gaspar-siri-klamstva\/","title":{"rendered":"Brut\u00e1lna \u0161ikana \u0161t\u00e1tnej moci vo\u010di Petrovi La\u0165\u00e1kovi: Fico zaklad\u00e1 inkvizi\u010dn\u00e9 \u010daty, Ga\u0161par \u0161\u00edri klamstv\u00e1"},"content":{"rendered":"<div id=\"fb-root\"><\/div>\n\n<p><strong>Strana Demokrati odmieta politick\u00e9 \u00fatoky predstavite\u013eov \u0161t\u00e1tu vo\u010di Petrovi La\u0165\u00e1kovi. Politick\u00e1 propaganda a nen\u00e1vis\u0165, ktorej \u010del\u00ed za svoj ob\u010diansky postoj, pova\u017eujeme za nepr\u00edpustn\u00fd prejav politicky motivovanej \u0161ikany. Tento \u00fatok na z\u00e1kladn\u00e9 pr\u00e1va ob\u010dana nie je ni\u010d\u00edm in\u00fdm ne\u017e pokusom o zastra\u0161ovanie v\u0161etk\u00fdch, ktor\u00ed nes\u00fahlasia s aktu\u00e1lnou mocou.<\/strong><\/p>\n\n\n\n<p><em>\u201eKe\u010f sa toto m\u00f4\u017ee sta\u0165 mne, zajtra sa to m\u00f4\u017ee sta\u0165 ktor\u00e9muko\u013evek z v\u00e1s. Policajt na l\u00edstku v N\u00e1mestove mal nap\u00edsan\u00e9, pokyny z Bratislavy &#8211; predvola\u0165, vypo\u010du\u0165, zadr\u017ea\u0165. Neby\u0165 z\u00e1sahu prokurat\u00fary, tak som zrejme dnes obvinen\u00fd alebo vo v\u00e4zbe. P\u00fdtam sa pre\u010do? Preto\u017ee som si dovolil kritizova\u0165 jeho veli\u010denstvo cis\u00e1ra Fica?\u201c<\/em>&nbsp;povedal Peter La\u0165\u00e1k, ktor\u00e9ho pr\u00edpad je znepokojiv\u00fdm d\u00f4kazom toho, ako hlboko sa \u0161t\u00e1t pod veden\u00edm Roberta Fica pon\u00e1ra do autorit\u00e1rskych prakt\u00edk.<\/p>\n\n\n\n<p>Peter La\u0165\u00e1k pol\u00edcii poskytol s\u00fa\u010dinnos\u0165 a bol vypoveda\u0165. Je hrub\u00fdm klamstvom, \u017ee sa dnes chystal do Handlovej. Naopak, bol v pr\u00e1ci a z tla\u010dovej konferencie strany Smer sa dozvedel, \u017ee mal niekde cestova\u0165. Je to klamstvo, ktor\u00e9 spolo\u010dne s \u00fa\u010delovo postrihan\u00fdm&nbsp;videom zneu\u017eili propagandisti strany Smer, aby vytvorili dojem, \u017ee niekto chce za\u00fato\u010di\u0165 na Roberta Fica.&nbsp;<\/p>\n\n\n\n<p>Predseda Demokratov Jaroslav Na\u010f situ\u00e1ciu komentoval jednozna\u010dne:&nbsp;<em>\u201eSmer zalo\u017eil inkvizi\u010dn\u00fa \u010datu Roberta Fica. To, \u010do dnes vid\u00edme, nie je spravodlivos\u0165. Je to cielen\u00e1 represia, zneu\u017e\u00edvanie moci a kriminaliz\u00e1cia odporu vo\u010di tejto vl\u00e1de. O\u010dak\u00e1vame, kedy pr\u00edde n\u00e1vrh rozpusti\u0165 stranu Demokrati. Ale my sa v\u00e1s neboj\u00edme a st\u00e1le budeme poukazova\u0165 na va\u0161e svinstv\u00e1.\u201c<\/em><\/p>\n\n\n\n<p>Klamstv\u00e1 Tibora Ga\u0161para, ktor\u00fdmi sa sna\u017e\u00ed legitimizova\u0165 pripravovan\u00e9 z\u00e1sahy vo\u010di opoz\u00edcii, ob\u010dianskej spolo\u010dnosti a m\u00e9di\u00e1m, s\u00fa prieh\u013eadn\u00fdm pokusom o manipul\u00e1ciu verejnej mienky. Namiesto objekt\u00edvneho vy\u0161etrovania a dodr\u017eiavania princ\u00edpov pr\u00e1vneho \u0161t\u00e1tu sledujeme budovanie repres\u00edvneho apar\u00e1tu, ktor\u00e9ho cie\u013eom je ozna\u010di\u0165 ka\u017ed\u00e9ho kritika za nepriate\u013ea \u0161t\u00e1tu.&nbsp;<\/p>\n\n\n\n<p><em><em>\u201e<\/em>To \u010do si dovo\u013euj\u00fa \u013eudia ako Ga\u0161par, ktor\u00fd by mal po tom v\u0161etkom \u010do urobil, \u0161\u00facha\u0165 nohami, je neuverite\u013en\u00e9. Video, ktor\u00e9 p\u00fa\u0161\u0165ali politici Smeru na tla\u010dovke je \u0161pinavo zostrihan\u00e9, ke\u010f star\u00e9 vide\u00e1 Petra La\u0165\u00e1ka spred nieko\u013ek\u00fdch rokov postrihali s posledn\u00fdm videom z protestov.&#8221;\u00a0<\/em>hovor\u00ed Jaroslav Na\u010f o manipul\u00e1cii na tla\u010dov\u00fdch konferenci\u00e1ch Smeru.<\/p>\n\n\n\n<p><em>&#8221;Vyz\u00fdvam politikov Smeru, aby sa ospravedlnili za \u00fatoky na Petra. A rovnako&nbsp;\u017eiadam policajn\u00fd zbor, aby ochr\u00e1nil Petra pred v\u0161etk\u00fdmi vyhr\u00e1\u017ekami, ktor\u00e9 dost\u00e1va po tla\u010dov\u00fdch konferenci\u00e1ch strany Smer.&#8221;&nbsp;<\/em>hovor\u00ed Jaroslav Na\u010f.<\/p>\n\n\n\n<p>Podpredseda strany Juraj \u0160eliga dod\u00e1va:&nbsp;<em>\u201eV\u0161etko, \u010do sa aktu\u00e1lne deje, je dobre premyslen\u00e1 nechutn\u00e1 propaganda. Nejde len o Petra La\u0165\u00e1ka. Ide o sign\u00e1l \u2013 kto nebude ticho, ten bude potrestan\u00fd. Ka\u017ed\u00fd kto kritizuje vl\u00e1du je hne\u010f ozna\u010den\u00fd za vraha, prostit\u00fatku, pu\u010distu a protislovensk\u00fd \u017eivel. Toto je snaha o normaliza\u010dn\u00e9 praktiky, za ktor\u00e9 by sa nehanbil ani Hus\u00e1k.\u201c<\/em><\/p>\n\n\n\n<p>Demokrati vyz\u00fdvaj\u00fa v\u0161etky demokratick\u00e9 sily na Slovensku, aby sa spojili a postavili sa proti tejto vlne strachu, \u0161ikany a nen\u00e1visti. Zneu\u017e\u00edvanie pol\u00edcie a tajn\u00fdch slu\u017eieb na politick\u00e9 \u00fa\u010dely je neprijate\u013en\u00e9. Slovensko si zasl\u00fa\u017ei slobodu, spravodlivos\u0165 a vl\u00e1du pr\u00e1va \u2013 nie inkviz\u00edcie.<\/p>\n\n\n<div class=\"fb-video\" data-href=\"https:\/\/www.facebook.com\/smedemokrati2023\/videos\/1442079380563309\" data-allowfullscreen=\"true\" data-autoplay=\"false\" data-width=\"\" data-show-text=\"false\" data-show-captions=\"true\"><\/div>\n","protected":false},"excerpt":{"rendered":"<p>Strana Demokrati odmieta politick\u00e9 \u00fatoky predstavite\u013eov \u0161t\u00e1tu vo\u010di Petrovi La\u0165\u00e1kovi. Politick\u00e1 propaganda a nen\u00e1vis\u0165, ktorej \u010del\u00ed za svoj ob\u010diansky postoj, pova\u017eujeme za nepr\u00edpustn\u00fd prejav politicky motivovanej \u0161ikany. Tento \u00fatok na z\u00e1kladn\u00e9 pr\u00e1va ob\u010dana nie je ni\u010d\u00edm in\u00fdm ne\u017e pokusom o zastra\u0161ovanie v\u0161etk\u00fdch, ktor\u00ed nes\u00fahlasia s aktu\u00e1lnou mocou. \u201eKe\u010f sa toto m\u00f4\u017ee sta\u0165 mne, zajtra sa [&hellip;]<\/p>\n","protected":false},"author":13,"featured_media":7238,"comment_status":"closed","ping_status":"closed","sticky":false,"template":"","format":"standard","meta":{"_acf_changed":false,"ngg_post_thumbnail":0,"footnotes":""},"categories":[4],"tags":[],"class_list":["post-7236","post","type-post","status-publish","format-standard","has-post-thumbnail","hentry","category-tlacove-spravy"],"acf":[],"yoast_head":"<!-- This site is optimized with the Yoast SEO plugin v27.2 - https:\/\/yoast.com\/product\/yoast-seo-wordpress\/ -->\n<title>Brut\u00e1lna \u0161ikana \u0161t\u00e1tnej moci vo\u010di Petrovi La\u0165\u00e1kovi: Fico zaklad\u00e1 inkvizi\u010dn\u00e9 \u010daty, Ga\u0161par \u0161\u00edri klamstv\u00e1<\/title>\n<meta name=\"robots\" content=\"index, follow, max-snippet:-1, max-image-preview:large, max-video-preview:-1\" \/>\n<link rel=\"canonical\" href=\"https:\/\/www.smedemokrati.sk\/sv\/brutalna-sikana-statnej-moci-voci-petrovi-latakovi-fico-zaklada-inkvizicne-caty-gaspar-siri-klamstva\/\" \/>\n<meta property=\"og:locale\" content=\"sv_SE\" \/>\n<meta property=\"og:locale:alternate\" content=\"en_US\" \/>\n<meta property=\"og:locale:alternate\" content=\"cs_CZ\" \/>\n<meta property=\"og:locale:alternate\" content=\"hu_HU\" \/>\n<meta property=\"og:locale:alternate\" content=\"sk_SK\" \/>\n<meta property=\"og:type\" content=\"article\" \/>\n<meta property=\"og:title\" content=\"Brut\u00e1lna \u0161ikana \u0161t\u00e1tnej moci vo\u010di Petrovi La\u0165\u00e1kovi: Fico zaklad\u00e1 inkvizi\u010dn\u00e9 \u010daty, Ga\u0161par \u0161\u00edri klamstv\u00e1\" \/>\n<meta property=\"og:description\" content=\"Strana Demokrati odmieta politick\u00e9 \u00fatoky predstavite\u013eov \u0161t\u00e1tu vo\u010di Petrovi La\u0165\u00e1kovi. Politick\u00e1 propaganda a nen\u00e1vis\u0165, ktorej \u010del\u00ed za svoj ob\u010diansky postoj, pova\u017eujeme za nepr\u00edpustn\u00fd prejav politicky motivovanej \u0161ikany. Tento \u00fatok na z\u00e1kladn\u00e9 pr\u00e1va ob\u010dana nie je ni\u010d\u00edm in\u00fdm ne\u017e pokusom o zastra\u0161ovanie v\u0161etk\u00fdch, ktor\u00ed nes\u00fahlasia s aktu\u00e1lnou mocou. \u201eKe\u010f sa toto m\u00f4\u017ee sta\u0165 mne, zajtra sa [&hellip;]\" \/>\n<meta property=\"og:url\" content=\"https:\/\/www.smedemokrati.sk\/sv\/brutalna-sikana-statnej-moci-voci-petrovi-latakovi-fico-zaklada-inkvizicne-caty-gaspar-siri-klamstva\/\" \/>\n<meta property=\"og:site_name\" content=\"Smedemokrati.sk\" \/>\n<meta property=\"article:publisher\" content=\"https:\/\/www.facebook.com\/smedemokrati2023\" \/>\n<meta property=\"article:published_time\" content=\"2025-05-15T18:07:16+00:00\" \/>\n<meta property=\"article:modified_time\" content=\"2025-05-15T18:07:17+00:00\" \/>\n<meta property=\"og:image\" content=\"https:\/\/www.smedemokrati.sk\/wp-content\/uploads\/2025\/05\/gasparove-klamstva.jpg\" \/>\n\t<meta property=\"og:image:width\" content=\"963\" \/>\n\t<meta property=\"og:image:height\" content=\"502\" \/>\n\t<meta property=\"og:image:type\" content=\"image\/jpeg\" \/>\n<meta name=\"author\" content=\"miro.sopko\" \/>\n<meta name=\"twitter:card\" content=\"summary_large_image\" \/>\n<meta name=\"twitter:label1\" content=\"Skriven av\" \/>\n\t<meta name=\"twitter:data1\" content=\"miro.sopko\" \/>\n\t<meta name=\"twitter:label2\" content=\"Ber\u00e4knad l\u00e4stid\" \/>\n\t<meta name=\"twitter:data2\" content=\"3 minuter\" \/>\n<script type=\"application\/ld+json\" class=\"yoast-schema-graph\">{\"@context\":\"https:\/\/schema.org\",\"@graph\":[{\"@type\":\"Article\",\"@id\":\"https:\/\/www.smedemokrati.sk\/brutalna-sikana-statnej-moci-voci-petrovi-latakovi-fico-zaklada-inkvizicne-caty-gaspar-siri-klamstva\/#article\",\"isPartOf\":{\"@id\":\"https:\/\/www.smedemokrati.sk\/brutalna-sikana-statnej-moci-voci-petrovi-latakovi-fico-zaklada-inkvizicne-caty-gaspar-siri-klamstva\/\"},\"author\":{\"name\":\"miro.sopko\",\"@id\":\"https:\/\/www.smedemokrati.sk\/#\/schema\/person\/21f147c88d605aa7ded900e1e7c344ba\"},\"headline\":\"Brut\u00e1lna \u0161ikana \u0161t\u00e1tnej moci vo\u010di Petrovi La\u0165\u00e1kovi: Fico zaklad\u00e1 inkvizi\u010dn\u00e9 \u010daty, Ga\u0161par \u0161\u00edri klamstv\u00e1\",\"datePublished\":\"2025-05-15T18:07:16+00:00\",\"dateModified\":\"2025-05-15T18:07:17+00:00\",\"mainEntityOfPage\":{\"@id\":\"https:\/\/www.smedemokrati.sk\/brutalna-sikana-statnej-moci-voci-petrovi-latakovi-fico-zaklada-inkvizicne-caty-gaspar-siri-klamstva\/\"},\"wordCount\":636,\"publisher\":{\"@id\":\"https:\/\/www.smedemokrati.sk\/#organization\"},\"image\":{\"@id\":\"https:\/\/www.smedemokrati.sk\/brutalna-sikana-statnej-moci-voci-petrovi-latakovi-fico-zaklada-inkvizicne-caty-gaspar-siri-klamstva\/#primaryimage\"},\"thumbnailUrl\":\"https:\/\/www.smedemokrati.sk\/wp-content\/uploads\/2025\/05\/gasparove-klamstva.jpg\",\"articleSection\":[\"Tla\u010dov\u00e9 spr\u00e1vy\"],\"inLanguage\":\"sv-SE\"},{\"@type\":\"WebPage\",\"@id\":\"https:\/\/www.smedemokrati.sk\/brutalna-sikana-statnej-moci-voci-petrovi-latakovi-fico-zaklada-inkvizicne-caty-gaspar-siri-klamstva\/\",\"url\":\"https:\/\/www.smedemokrati.sk\/brutalna-sikana-statnej-moci-voci-petrovi-latakovi-fico-zaklada-inkvizicne-caty-gaspar-siri-klamstva\/\",\"name\":\"Brut\u00e1lna \u0161ikana \u0161t\u00e1tnej moci vo\u010di Petrovi La\u0165\u00e1kovi: Fico zaklad\u00e1 inkvizi\u010dn\u00e9 \u010daty, Ga\u0161par \u0161\u00edri klamstv\u00e1\",\"isPartOf\":{\"@id\":\"https:\/\/www.smedemokrati.sk\/#website\"},\"primaryImageOfPage\":{\"@id\":\"https:\/\/www.smedemokrati.sk\/brutalna-sikana-statnej-moci-voci-petrovi-latakovi-fico-zaklada-inkvizicne-caty-gaspar-siri-klamstva\/#primaryimage\"},\"image\":{\"@id\":\"https:\/\/www.smedemokrati.sk\/brutalna-sikana-statnej-moci-voci-petrovi-latakovi-fico-zaklada-inkvizicne-caty-gaspar-siri-klamstva\/#primaryimage\"},\"thumbnailUrl\":\"https:\/\/www.smedemokrati.sk\/wp-content\/uploads\/2025\/05\/gasparove-klamstva.jpg\",\"datePublished\":\"2025-05-15T18:07:16+00:00\",\"dateModified\":\"2025-05-15T18:07:17+00:00\",\"breadcrumb\":{\"@id\":\"https:\/\/www.smedemokrati.sk\/brutalna-sikana-statnej-moci-voci-petrovi-latakovi-fico-zaklada-inkvizicne-caty-gaspar-siri-klamstva\/#breadcrumb\"},\"inLanguage\":\"sv-SE\",\"potentialAction\":[{\"@type\":\"ReadAction\",\"target\":[\"https:\/\/www.smedemokrati.sk\/brutalna-sikana-statnej-moci-voci-petrovi-latakovi-fico-zaklada-inkvizicne-caty-gaspar-siri-klamstva\/\"]}]},{\"@type\":\"ImageObject\",\"inLanguage\":\"sv-SE\",\"@id\":\"https:\/\/www.smedemokrati.sk\/brutalna-sikana-statnej-moci-voci-petrovi-latakovi-fico-zaklada-inkvizicne-caty-gaspar-siri-klamstva\/#primaryimage\",\"url\":\"https:\/\/www.smedemokrati.sk\/wp-content\/uploads\/2025\/05\/gasparove-klamstva.jpg\",\"contentUrl\":\"https:\/\/www.smedemokrati.sk\/wp-content\/uploads\/2025\/05\/gasparove-klamstva.jpg\",\"width\":963,\"height\":502},{\"@type\":\"BreadcrumbList\",\"@id\":\"https:\/\/www.smedemokrati.sk\/brutalna-sikana-statnej-moci-voci-petrovi-latakovi-fico-zaklada-inkvizicne-caty-gaspar-siri-klamstva\/#breadcrumb\",\"itemListElement\":[{\"@type\":\"ListItem\",\"position\":1,\"name\":\"Domovsk\u00e1 str\u00e1nka\",\"item\":\"https:\/\/www.smedemokrati.sk\/\"},{\"@type\":\"ListItem\",\"position\":2,\"name\":\"Brut\u00e1lna \u0161ikana \u0161t\u00e1tnej moci vo\u010di Petrovi La\u0165\u00e1kovi: Fico zaklad\u00e1 inkvizi\u010dn\u00e9 \u010daty, Ga\u0161par \u0161\u00edri klamstv\u00e1\"}]},{\"@type\":\"WebSite\",\"@id\":\"https:\/\/www.smedemokrati.sk\/#website\",\"url\":\"https:\/\/www.smedemokrati.sk\/\",\"name\":\"Smedemokrati.sk\",\"description\":\"Demokracia a slu\u0161nos\u0165 zv\u00ed\u0165az\u00ed\",\"publisher\":{\"@id\":\"https:\/\/www.smedemokrati.sk\/#organization\"},\"potentialAction\":[{\"@type\":\"SearchAction\",\"target\":{\"@type\":\"EntryPoint\",\"urlTemplate\":\"https:\/\/www.smedemokrati.sk\/?s={search_term_string}\"},\"query-input\":{\"@type\":\"PropertyValueSpecification\",\"valueRequired\":true,\"valueName\":\"search_term_string\"}}],\"inLanguage\":\"sv-SE\"},{\"@type\":\"Organization\",\"@id\":\"https:\/\/www.smedemokrati.sk\/#organization\",\"name\":\"Smedemokrati.sk\",\"url\":\"https:\/\/www.smedemokrati.sk\/\",\"logo\":{\"@type\":\"ImageObject\",\"inLanguage\":\"sv-SE\",\"@id\":\"https:\/\/www.smedemokrati.sk\/#\/schema\/logo\/image\/\",\"url\":\"https:\/\/www.smedemokrati.sk\/wp-content\/uploads\/2023\/04\/ff.002.jpeg\",\"contentUrl\":\"https:\/\/www.smedemokrati.sk\/wp-content\/uploads\/2023\/04\/ff.002.jpeg\",\"width\":640,\"height\":480,\"caption\":\"Smedemokrati.sk\"},\"image\":{\"@id\":\"https:\/\/www.smedemokrati.sk\/#\/schema\/logo\/image\/\"},\"sameAs\":[\"https:\/\/www.facebook.com\/smedemokrati2023\"]},{\"@type\":\"Person\",\"@id\":\"https:\/\/www.smedemokrati.sk\/#\/schema\/person\/21f147c88d605aa7ded900e1e7c344ba\",\"name\":\"miro.sopko\",\"image\":{\"@type\":\"ImageObject\",\"inLanguage\":\"sv-SE\",\"@id\":\"https:\/\/secure.gravatar.com\/avatar\/267e4a36f704376c109afe3a78740c1f5dd8675a2180a908699e7863c9247606?s=96&d=mm&r=g\",\"url\":\"https:\/\/secure.gravatar.com\/avatar\/267e4a36f704376c109afe3a78740c1f5dd8675a2180a908699e7863c9247606?s=96&d=mm&r=g\",\"contentUrl\":\"https:\/\/secure.gravatar.com\/avatar\/267e4a36f704376c109afe3a78740c1f5dd8675a2180a908699e7863c9247606?s=96&d=mm&r=g\",\"caption\":\"miro.sopko\"},\"url\":\"https:\/\/www.smedemokrati.sk\/sv\/author\/miro-sopko\/\"}]}<\/script>\n<!-- \/ Yoast SEO plugin. -->","yoast_head_json":{"title":"Brut\u00e1lna \u0161ikana \u0161t\u00e1tnej moci vo\u010di Petrovi La\u0165\u00e1kovi: Fico zaklad\u00e1 inkvizi\u010dn\u00e9 \u010daty, Ga\u0161par \u0161\u00edri klamstv\u00e1","robots":{"index":"index","follow":"follow","max-snippet":"max-snippet:-1","max-image-preview":"max-image-preview:large","max-video-preview":"max-video-preview:-1"},"canonical":"https:\/\/www.smedemokrati.sk\/sv\/brutalna-sikana-statnej-moci-voci-petrovi-latakovi-fico-zaklada-inkvizicne-caty-gaspar-siri-klamstva\/","og_locale":"sv_SE","og_type":"article","og_title":"[:sk]Brut\u00e1lna \u0161ikana \u0161t\u00e1tnej moci vo\u010di Petrovi La\u0165\u00e1kovi: Fico zaklad\u00e1 inkvizi\u010dn\u00e9 \u010daty, Ga\u0161par \u0161\u00edri klamstv\u00e1[:] - Smedemokrati.sk","og_description":"Strana Demokrati odmieta politick\u00e9 \u00fatoky predstavite\u013eov \u0161t\u00e1tu vo\u010di Petrovi La\u0165\u00e1kovi. Politick\u00e1 propaganda a nen\u00e1vis\u0165, ktorej \u010del\u00ed za svoj ob\u010diansky postoj, pova\u017eujeme za nepr\u00edpustn\u00fd prejav politicky motivovanej \u0161ikany. Tento \u00fatok na z\u00e1kladn\u00e9 pr\u00e1va ob\u010dana nie je ni\u010d\u00edm in\u00fdm ne\u017e pokusom o zastra\u0161ovanie v\u0161etk\u00fdch, ktor\u00ed nes\u00fahlasia s aktu\u00e1lnou mocou. \u201eKe\u010f sa toto m\u00f4\u017ee sta\u0165 mne, zajtra sa [&hellip;]","og_url":"https:\/\/www.smedemokrati.sk\/sv\/brutalna-sikana-statnej-moci-voci-petrovi-latakovi-fico-zaklada-inkvizicne-caty-gaspar-siri-klamstva\/","og_site_name":"Smedemokrati.sk","article_publisher":"https:\/\/www.facebook.com\/smedemokrati2023","article_published_time":"2025-05-15T18:07:16+00:00","article_modified_time":"2025-05-15T18:07:17+00:00","og_image":[{"width":963,"height":502,"url":"https:\/\/www.smedemokrati.sk\/wp-content\/uploads\/2025\/05\/gasparove-klamstva.jpg","type":"image\/jpeg"}],"author":"miro.sopko","twitter_card":"summary_large_image","twitter_misc":{"Skriven av":"miro.sopko","Ber\u00e4knad l\u00e4stid":"3 minuter"},"schema":{"@context":"https:\/\/schema.org","@graph":[{"@type":"Article","@id":"https:\/\/www.smedemokrati.sk\/brutalna-sikana-statnej-moci-voci-petrovi-latakovi-fico-zaklada-inkvizicne-caty-gaspar-siri-klamstva\/#article","isPartOf":{"@id":"https:\/\/www.smedemokrati.sk\/brutalna-sikana-statnej-moci-voci-petrovi-latakovi-fico-zaklada-inkvizicne-caty-gaspar-siri-klamstva\/"},"author":{"name":"miro.sopko","@id":"https:\/\/www.smedemokrati.sk\/#\/schema\/person\/21f147c88d605aa7ded900e1e7c344ba"},"headline":"Brut\u00e1lna \u0161ikana \u0161t\u00e1tnej moci vo\u010di Petrovi La\u0165\u00e1kovi: Fico zaklad\u00e1 inkvizi\u010dn\u00e9 \u010daty, Ga\u0161par \u0161\u00edri klamstv\u00e1","datePublished":"2025-05-15T18:07:16+00:00","dateModified":"2025-05-15T18:07:17+00:00","mainEntityOfPage":{"@id":"https:\/\/www.smedemokrati.sk\/brutalna-sikana-statnej-moci-voci-petrovi-latakovi-fico-zaklada-inkvizicne-caty-gaspar-siri-klamstva\/"},"wordCount":636,"publisher":{"@id":"https:\/\/www.smedemokrati.sk\/#organization"},"image":{"@id":"https:\/\/www.smedemokrati.sk\/brutalna-sikana-statnej-moci-voci-petrovi-latakovi-fico-zaklada-inkvizicne-caty-gaspar-siri-klamstva\/#primaryimage"},"thumbnailUrl":"https:\/\/www.smedemokrati.sk\/wp-content\/uploads\/2025\/05\/gasparove-klamstva.jpg","articleSection":["Tla\u010dov\u00e9 spr\u00e1vy"],"inLanguage":"sv-SE"},{"@type":"WebPage","@id":"https:\/\/www.smedemokrati.sk\/brutalna-sikana-statnej-moci-voci-petrovi-latakovi-fico-zaklada-inkvizicne-caty-gaspar-siri-klamstva\/","url":"https:\/\/www.smedemokrati.sk\/brutalna-sikana-statnej-moci-voci-petrovi-latakovi-fico-zaklada-inkvizicne-caty-gaspar-siri-klamstva\/","name":"Brut\u00e1lna \u0161ikana \u0161t\u00e1tnej moci vo\u010di Petrovi La\u0165\u00e1kovi: Fico zaklad\u00e1 inkvizi\u010dn\u00e9 \u010daty, Ga\u0161par \u0161\u00edri klamstv\u00e1","isPartOf":{"@id":"https:\/\/www.smedemokrati.sk\/#website"},"primaryImageOfPage":{"@id":"https:\/\/www.smedemokrati.sk\/brutalna-sikana-statnej-moci-voci-petrovi-latakovi-fico-zaklada-inkvizicne-caty-gaspar-siri-klamstva\/#primaryimage"},"image":{"@id":"https:\/\/www.smedemokrati.sk\/brutalna-sikana-statnej-moci-voci-petrovi-latakovi-fico-zaklada-inkvizicne-caty-gaspar-siri-klamstva\/#primaryimage"},"thumbnailUrl":"https:\/\/www.smedemokrati.sk\/wp-content\/uploads\/2025\/05\/gasparove-klamstva.jpg","datePublished":"2025-05-15T18:07:16+00:00","dateModified":"2025-05-15T18:07:17+00:00","breadcrumb":{"@id":"https:\/\/www.smedemokrati.sk\/brutalna-sikana-statnej-moci-voci-petrovi-latakovi-fico-zaklada-inkvizicne-caty-gaspar-siri-klamstva\/#breadcrumb"},"inLanguage":"sv-SE","potentialAction":[{"@type":"ReadAction","target":["https:\/\/www.smedemokrati.sk\/brutalna-sikana-statnej-moci-voci-petrovi-latakovi-fico-zaklada-inkvizicne-caty-gaspar-siri-klamstva\/"]}]},{"@type":"ImageObject","inLanguage":"sv-SE","@id":"https:\/\/www.smedemokrati.sk\/brutalna-sikana-statnej-moci-voci-petrovi-latakovi-fico-zaklada-inkvizicne-caty-gaspar-siri-klamstva\/#primaryimage","url":"https:\/\/www.smedemokrati.sk\/wp-content\/uploads\/2025\/05\/gasparove-klamstva.jpg","contentUrl":"https:\/\/www.smedemokrati.sk\/wp-content\/uploads\/2025\/05\/gasparove-klamstva.jpg","width":963,"height":502},{"@type":"BreadcrumbList","@id":"https:\/\/www.smedemokrati.sk\/brutalna-sikana-statnej-moci-voci-petrovi-latakovi-fico-zaklada-inkvizicne-caty-gaspar-siri-klamstva\/#breadcrumb","itemListElement":[{"@type":"ListItem","position":1,"name":"Domovsk\u00e1 str\u00e1nka","item":"https:\/\/www.smedemokrati.sk\/"},{"@type":"ListItem","position":2,"name":"Brut\u00e1lna \u0161ikana \u0161t\u00e1tnej moci vo\u010di Petrovi La\u0165\u00e1kovi: Fico zaklad\u00e1 inkvizi\u010dn\u00e9 \u010daty, Ga\u0161par \u0161\u00edri klamstv\u00e1"}]},{"@type":"WebSite","@id":"https:\/\/www.smedemokrati.sk\/#website","url":"https:\/\/www.smedemokrati.sk\/","name":"Smedemokrati.sk","description":"Demokracia a slu\u0161nos\u0165 zv\u00ed\u0165az\u00ed","publisher":{"@id":"https:\/\/www.smedemokrati.sk\/#organization"},"potentialAction":[{"@type":"SearchAction","target":{"@type":"EntryPoint","urlTemplate":"https:\/\/www.smedemokrati.sk\/?s={search_term_string}"},"query-input":{"@type":"PropertyValueSpecification","valueRequired":true,"valueName":"search_term_string"}}],"inLanguage":"sv-SE"},{"@type":"Organization","@id":"https:\/\/www.smedemokrati.sk\/#organization","name":"Smedemokrati.sk","url":"https:\/\/www.smedemokrati.sk\/","logo":{"@type":"ImageObject","inLanguage":"sv-SE","@id":"https:\/\/www.smedemokrati.sk\/#\/schema\/logo\/image\/","url":"https:\/\/www.smedemokrati.sk\/wp-content\/uploads\/2023\/04\/ff.002.jpeg","contentUrl":"https:\/\/www.smedemokrati.sk\/wp-content\/uploads\/2023\/04\/ff.002.jpeg","width":640,"height":480,"caption":"Smedemokrati.sk"},"image":{"@id":"https:\/\/www.smedemokrati.sk\/#\/schema\/logo\/image\/"},"sameAs":["https:\/\/www.facebook.com\/smedemokrati2023"]},{"@type":"Person","@id":"https:\/\/www.smedemokrati.sk\/#\/schema\/person\/21f147c88d605aa7ded900e1e7c344ba","name":"miro.sopko","image":{"@type":"ImageObject","inLanguage":"sv-SE","@id":"https:\/\/secure.gravatar.com\/avatar\/267e4a36f704376c109afe3a78740c1f5dd8675a2180a908699e7863c9247606?s=96&d=mm&r=g","url":"https:\/\/secure.gravatar.com\/avatar\/267e4a36f704376c109afe3a78740c1f5dd8675a2180a908699e7863c9247606?s=96&d=mm&r=g","contentUrl":"https:\/\/secure.gravatar.com\/avatar\/267e4a36f704376c109afe3a78740c1f5dd8675a2180a908699e7863c9247606?s=96&d=mm&r=g","caption":"miro.sopko"},"url":"https:\/\/www.smedemokrati.sk\/sv\/author\/miro-sopko\/"}]}},"_links":{"self":[{"href":"https:\/\/www.smedemokrati.sk\/sv\/wp-json\/wp\/v2\/posts\/7236","targetHints":{"allow":["GET"]}}],"collection":[{"href":"https:\/\/www.smedemokrati.sk\/sv\/wp-json\/wp\/v2\/posts"}],"about":[{"href":"https:\/\/www.smedemokrati.sk\/sv\/wp-json\/wp\/v2\/types\/post"}],"author":[{"embeddable":true,"href":"https:\/\/www.smedemokrati.sk\/sv\/wp-json\/wp\/v2\/users\/13"}],"replies":[{"embeddable":true,"href":"https:\/\/www.smedemokrati.sk\/sv\/wp-json\/wp\/v2\/comments?post=7236"}],"version-history":[{"count":1,"href":"https:\/\/www.smedemokrati.sk\/sv\/wp-json\/wp\/v2\/posts\/7236\/revisions"}],"predecessor-version":[{"id":7239,"href":"https:\/\/www.smedemokrati.sk\/sv\/wp-json\/wp\/v2\/posts\/7236\/revisions\/7239"}],"wp:featuredmedia":[{"embeddable":true,"href":"https:\/\/www.smedemokrati.sk\/sv\/wp-json\/wp\/v2\/media\/7238"}],"wp:attachment":[{"href":"https:\/\/www.smedemokrati.sk\/sv\/wp-json\/wp\/v2\/media?parent=7236"}],"wp:term":[{"taxonomy":"category","embeddable":true,"href":"https:\/\/www.smedemokrati.sk\/sv\/wp-json\/wp\/v2\/categories?post=7236"},{"taxonomy":"post_tag","embeddable":true,"href":"https:\/\/www.smedemokrati.sk\/sv\/wp-json\/wp\/v2\/tags?post=7236"}],"curies":[{"name":"wp","href":"https:\/\/api.w.org\/{rel}","templated":true}]}}