{"id":7227,"date":"2025-05-15T12:14:27","date_gmt":"2025-05-15T11:14:27","guid":{"rendered":"https:\/\/www.smedemokrati.sk\/?p=7227"},"modified":"2025-05-15T12:14:28","modified_gmt":"2025-05-15T11:14:28","slug":"reakcia-na-tk-predstavitelov-strany-smer","status":"publish","type":"post","link":"https:\/\/www.smedemokrati.sk\/sv\/reakcia-na-tk-predstavitelov-strany-smer\/","title":{"rendered":"Reakcia na TK predstavite\u013eov strany SMER"},"content":{"rendered":"<div id=\"fb-root\"><\/div>\n\n<p><strong>Vyjadrenie predstavite\u013eov strany Smer s\u00fa hrub\u00fdm zav\u00e1dzan\u00edm a manipulat\u00edvnou propagandou, ktorej cie\u013eom je po\u0161kodi\u0165 stranu Demokrati.&nbsp;<\/strong><\/p>\n\n\n\n<p>Uveden\u00e9 video, ktor\u00e9 bolo prezentovan\u00e9 na tla\u010dovej konferencii Tibora Ga\u0161para je \u00fa\u010delovo zostrihan\u00e9 a vytrhnut\u00e9 z kontextu, preto\u017ee p. La\u0165\u00e1k hovoril o politickom konci Roberta Fica a jeho vl\u00e1dy. V ruk\u00e1ch nedr\u017eal sekeru, ale vala\u0161ku, ktor\u00e1 je s\u00fa\u010das\u0165ou oravsk\u00e9ho kroja, ktor\u00fd mal oble\u010den\u00fd a be\u017ene v \u0148om vystupuje. Tie\u017e uv\u00e1dzame, \u017ee je hrub\u00fdm klamstvom, \u017ee mal na sebe ak\u00e9ko\u013evek nacistick\u00e9 symboly a r\u00e1zne to odmietame.<\/p>\n\n\n\n<p>P. La\u0165\u00e1k nijak\u00fdm sp\u00f4sobom nehrozil fyzickou alebo inou ujmou predsedovi vl\u00e1dy, naopak p. La\u0165\u00e1k je dnes ter\u010dom mnoh\u00fdch vyhr\u00e1\u017eok smr\u0165ou zo strany podporovate\u013eov Smeru, a to len za to, \u017ee vyslovil svoj politick\u00fd n\u00e1zor.&nbsp;<\/p>\n\n\n\n<p><strong>P. La\u0165\u00e1k samozrejme okam\u017eite po vyzvan\u00ed komunikoval s policajn\u00fdm zborom a podal vysvetlenie. Pol\u00edcia a prokurat\u00fara pod\u013ea na\u0161ich inform\u00e1ci\u00ed odmietla, \u017ee ide o trestn\u00fd \u010din.&nbsp;<\/strong><\/p>\n\n\n\n<p>Strana Demokrati dlhodobo a opakovane odmieta ak\u00e9ko\u013evek n\u00e1silie alebo v\u00fdzvy na n\u00e1silie. Upozor\u0148ujeme, \u017ee pr\u00e1ve tla\u010dov\u00e9 konferencie strany Smer boli \u010dastokr\u00e1t pln\u00e9 v\u00fdziev, ktor\u00e9 mali n\u00e1siln\u00fd a vulg\u00e1rny charakter.&nbsp;<\/p>\n\n\n\n<p>Vyjadrenie ako Tibora Ga\u0161para tak \u010fal\u0161\u00edch predstavite\u013eov strany Smer pova\u017eujeme za snahu uml\u010da\u0165 stranu Demokrati, ktor\u00e1 ve\u013emi r\u00e1zne kritizuje zlyhania tejto vl\u00e1dy. Je n\u00e1m \u013e\u00fato, \u017ee na svoju propagandu nev\u00e1haj\u00fa pou\u017ei\u0165 i tak smutn\u00fa udalos\u0165 ako bola stre\u013eba na Roberta Fica.&nbsp;<\/p>\n","protected":false},"excerpt":{"rendered":"<p>Vyjadrenie predstavite\u013eov strany Smer s\u00fa hrub\u00fdm zav\u00e1dzan\u00edm a manipulat\u00edvnou propagandou, ktorej cie\u013eom je po\u0161kodi\u0165 stranu Demokrati.&nbsp; Uveden\u00e9 video, ktor\u00e9 bolo prezentovan\u00e9 na tla\u010dovej konferencii Tibora Ga\u0161para je \u00fa\u010delovo zostrihan\u00e9 a vytrhnut\u00e9 z kontextu, preto\u017ee p. La\u0165\u00e1k hovoril o politickom konci Roberta Fica a jeho vl\u00e1dy. V ruk\u00e1ch nedr\u017eal sekeru, ale vala\u0161ku, ktor\u00e1 je s\u00fa\u010das\u0165ou oravsk\u00e9ho [&hellip;]<\/p>\n","protected":false},"author":13,"featured_media":3006,"comment_status":"closed","ping_status":"closed","sticky":false,"template":"","format":"standard","meta":{"_acf_changed":false,"ngg_post_thumbnail":0,"footnotes":""},"categories":[11],"tags":[],"class_list":["post-7227","post","type-post","status-publish","format-standard","has-post-thumbnail","hentry","category-vyhlasenia"],"acf":[],"yoast_head":"<!-- This site is optimized with the Yoast SEO plugin v27.2 - https:\/\/yoast.com\/product\/yoast-seo-wordpress\/ -->\n<title>Reakcia na TK predstavite\u013eov strany SMER<\/title>\n<meta name=\"robots\" content=\"index, follow, max-snippet:-1, max-image-preview:large, max-video-preview:-1\" \/>\n<link rel=\"canonical\" href=\"https:\/\/www.smedemokrati.sk\/sv\/reakcia-na-tk-predstavitelov-strany-smer\/\" \/>\n<meta property=\"og:locale\" content=\"sv_SE\" \/>\n<meta property=\"og:locale:alternate\" content=\"en_US\" \/>\n<meta property=\"og:locale:alternate\" content=\"cs_CZ\" \/>\n<meta property=\"og:locale:alternate\" content=\"hu_HU\" \/>\n<meta property=\"og:locale:alternate\" content=\"sk_SK\" \/>\n<meta property=\"og:type\" content=\"article\" \/>\n<meta property=\"og:title\" content=\"Reakcia na TK predstavite\u013eov strany SMER\" \/>\n<meta property=\"og:description\" content=\"Vyjadrenie predstavite\u013eov strany Smer s\u00fa hrub\u00fdm zav\u00e1dzan\u00edm a manipulat\u00edvnou propagandou, ktorej cie\u013eom je po\u0161kodi\u0165 stranu Demokrati.&nbsp; Uveden\u00e9 video, ktor\u00e9 bolo prezentovan\u00e9 na tla\u010dovej konferencii Tibora Ga\u0161para je \u00fa\u010delovo zostrihan\u00e9 a vytrhnut\u00e9 z kontextu, preto\u017ee p. La\u0165\u00e1k hovoril o politickom konci Roberta Fica a jeho vl\u00e1dy. V ruk\u00e1ch nedr\u017eal sekeru, ale vala\u0161ku, ktor\u00e1 je s\u00fa\u010das\u0165ou oravsk\u00e9ho [&hellip;]\" \/>\n<meta property=\"og:url\" content=\"https:\/\/www.smedemokrati.sk\/sv\/reakcia-na-tk-predstavitelov-strany-smer\/\" \/>\n<meta property=\"og:site_name\" content=\"Smedemokrati.sk\" \/>\n<meta property=\"article:publisher\" content=\"https:\/\/www.facebook.com\/smedemokrati2023\" \/>\n<meta property=\"article:published_time\" content=\"2025-05-15T11:14:27+00:00\" \/>\n<meta property=\"article:modified_time\" content=\"2025-05-15T11:14:28+00:00\" \/>\n<meta property=\"og:image\" content=\"https:\/\/www.smedemokrati.sk\/wp-content\/uploads\/2024\/03\/eurovolby-2024-1-e1709982159756.jpg\" \/>\n\t<meta property=\"og:image:width\" content=\"1261\" \/>\n\t<meta property=\"og:image:height\" content=\"701\" \/>\n\t<meta property=\"og:image:type\" content=\"image\/jpeg\" \/>\n<meta name=\"author\" content=\"miro.sopko\" \/>\n<meta name=\"twitter:card\" content=\"summary_large_image\" \/>\n<meta name=\"twitter:label1\" content=\"Skriven av\" \/>\n\t<meta name=\"twitter:data1\" content=\"miro.sopko\" \/>\n\t<meta name=\"twitter:label2\" content=\"Ber\u00e4knad l\u00e4stid\" \/>\n\t<meta name=\"twitter:data2\" content=\"2 minuter\" \/>\n<script type=\"application\/ld+json\" class=\"yoast-schema-graph\">{\"@context\":\"https:\/\/schema.org\",\"@graph\":[{\"@type\":\"Article\",\"@id\":\"https:\/\/www.smedemokrati.sk\/reakcia-na-tk-predstavitelov-strany-smer\/#article\",\"isPartOf\":{\"@id\":\"https:\/\/www.smedemokrati.sk\/reakcia-na-tk-predstavitelov-strany-smer\/\"},\"author\":{\"name\":\"miro.sopko\",\"@id\":\"https:\/\/www.smedemokrati.sk\/#\/schema\/person\/21f147c88d605aa7ded900e1e7c344ba\"},\"headline\":\"Reakcia na TK predstavite\u013eov strany SMER\",\"datePublished\":\"2025-05-15T11:14:27+00:00\",\"dateModified\":\"2025-05-15T11:14:28+00:00\",\"mainEntityOfPage\":{\"@id\":\"https:\/\/www.smedemokrati.sk\/reakcia-na-tk-predstavitelov-strany-smer\/\"},\"wordCount\":292,\"publisher\":{\"@id\":\"https:\/\/www.smedemokrati.sk\/#organization\"},\"image\":{\"@id\":\"https:\/\/www.smedemokrati.sk\/reakcia-na-tk-predstavitelov-strany-smer\/#primaryimage\"},\"thumbnailUrl\":\"https:\/\/www.smedemokrati.sk\/wp-content\/uploads\/2024\/03\/eurovolby-2024-1-e1709982159756.jpg\",\"articleSection\":[\"Vyhl\u00e1senia\"],\"inLanguage\":\"sv-SE\"},{\"@type\":\"WebPage\",\"@id\":\"https:\/\/www.smedemokrati.sk\/reakcia-na-tk-predstavitelov-strany-smer\/\",\"url\":\"https:\/\/www.smedemokrati.sk\/reakcia-na-tk-predstavitelov-strany-smer\/\",\"name\":\"Reakcia na TK predstavite\u013eov strany SMER\",\"isPartOf\":{\"@id\":\"https:\/\/www.smedemokrati.sk\/#website\"},\"primaryImageOfPage\":{\"@id\":\"https:\/\/www.smedemokrati.sk\/reakcia-na-tk-predstavitelov-strany-smer\/#primaryimage\"},\"image\":{\"@id\":\"https:\/\/www.smedemokrati.sk\/reakcia-na-tk-predstavitelov-strany-smer\/#primaryimage\"},\"thumbnailUrl\":\"https:\/\/www.smedemokrati.sk\/wp-content\/uploads\/2024\/03\/eurovolby-2024-1-e1709982159756.jpg\",\"datePublished\":\"2025-05-15T11:14:27+00:00\",\"dateModified\":\"2025-05-15T11:14:28+00:00\",\"breadcrumb\":{\"@id\":\"https:\/\/www.smedemokrati.sk\/reakcia-na-tk-predstavitelov-strany-smer\/#breadcrumb\"},\"inLanguage\":\"sv-SE\",\"potentialAction\":[{\"@type\":\"ReadAction\",\"target\":[\"https:\/\/www.smedemokrati.sk\/reakcia-na-tk-predstavitelov-strany-smer\/\"]}]},{\"@type\":\"ImageObject\",\"inLanguage\":\"sv-SE\",\"@id\":\"https:\/\/www.smedemokrati.sk\/reakcia-na-tk-predstavitelov-strany-smer\/#primaryimage\",\"url\":\"https:\/\/www.smedemokrati.sk\/wp-content\/uploads\/2024\/03\/eurovolby-2024-1-e1709982159756.jpg\",\"contentUrl\":\"https:\/\/www.smedemokrati.sk\/wp-content\/uploads\/2024\/03\/eurovolby-2024-1-e1709982159756.jpg\",\"width\":1261,\"height\":701},{\"@type\":\"BreadcrumbList\",\"@id\":\"https:\/\/www.smedemokrati.sk\/reakcia-na-tk-predstavitelov-strany-smer\/#breadcrumb\",\"itemListElement\":[{\"@type\":\"ListItem\",\"position\":1,\"name\":\"Domovsk\u00e1 str\u00e1nka\",\"item\":\"https:\/\/www.smedemokrati.sk\/\"},{\"@type\":\"ListItem\",\"position\":2,\"name\":\"Reakcia na TK predstavite\u013eov strany SMER\"}]},{\"@type\":\"WebSite\",\"@id\":\"https:\/\/www.smedemokrati.sk\/#website\",\"url\":\"https:\/\/www.smedemokrati.sk\/\",\"name\":\"Smedemokrati.sk\",\"description\":\"Demokracia a slu\u0161nos\u0165 zv\u00ed\u0165az\u00ed\",\"publisher\":{\"@id\":\"https:\/\/www.smedemokrati.sk\/#organization\"},\"potentialAction\":[{\"@type\":\"SearchAction\",\"target\":{\"@type\":\"EntryPoint\",\"urlTemplate\":\"https:\/\/www.smedemokrati.sk\/?s={search_term_string}\"},\"query-input\":{\"@type\":\"PropertyValueSpecification\",\"valueRequired\":true,\"valueName\":\"search_term_string\"}}],\"inLanguage\":\"sv-SE\"},{\"@type\":\"Organization\",\"@id\":\"https:\/\/www.smedemokrati.sk\/#organization\",\"name\":\"Smedemokrati.sk\",\"url\":\"https:\/\/www.smedemokrati.sk\/\",\"logo\":{\"@type\":\"ImageObject\",\"inLanguage\":\"sv-SE\",\"@id\":\"https:\/\/www.smedemokrati.sk\/#\/schema\/logo\/image\/\",\"url\":\"https:\/\/www.smedemokrati.sk\/wp-content\/uploads\/2023\/04\/ff.002.jpeg\",\"contentUrl\":\"https:\/\/www.smedemokrati.sk\/wp-content\/uploads\/2023\/04\/ff.002.jpeg\",\"width\":640,\"height\":480,\"caption\":\"Smedemokrati.sk\"},\"image\":{\"@id\":\"https:\/\/www.smedemokrati.sk\/#\/schema\/logo\/image\/\"},\"sameAs\":[\"https:\/\/www.facebook.com\/smedemokrati2023\"]},{\"@type\":\"Person\",\"@id\":\"https:\/\/www.smedemokrati.sk\/#\/schema\/person\/21f147c88d605aa7ded900e1e7c344ba\",\"name\":\"miro.sopko\",\"image\":{\"@type\":\"ImageObject\",\"inLanguage\":\"sv-SE\",\"@id\":\"https:\/\/secure.gravatar.com\/avatar\/267e4a36f704376c109afe3a78740c1f5dd8675a2180a908699e7863c9247606?s=96&d=mm&r=g\",\"url\":\"https:\/\/secure.gravatar.com\/avatar\/267e4a36f704376c109afe3a78740c1f5dd8675a2180a908699e7863c9247606?s=96&d=mm&r=g\",\"contentUrl\":\"https:\/\/secure.gravatar.com\/avatar\/267e4a36f704376c109afe3a78740c1f5dd8675a2180a908699e7863c9247606?s=96&d=mm&r=g\",\"caption\":\"miro.sopko\"},\"url\":\"https:\/\/www.smedemokrati.sk\/sv\/author\/miro-sopko\/\"}]}<\/script>\n<!-- \/ Yoast SEO plugin. -->","yoast_head_json":{"title":"Reakcia na TK predstavite\u013eov strany SMER","robots":{"index":"index","follow":"follow","max-snippet":"max-snippet:-1","max-image-preview":"max-image-preview:large","max-video-preview":"max-video-preview:-1"},"canonical":"https:\/\/www.smedemokrati.sk\/sv\/reakcia-na-tk-predstavitelov-strany-smer\/","og_locale":"sv_SE","og_type":"article","og_title":"[:sk]Reakcia na TK predstavite\u013eov strany SMER[:] - Smedemokrati.sk","og_description":"Vyjadrenie predstavite\u013eov strany Smer s\u00fa hrub\u00fdm zav\u00e1dzan\u00edm a manipulat\u00edvnou propagandou, ktorej cie\u013eom je po\u0161kodi\u0165 stranu Demokrati.&nbsp; Uveden\u00e9 video, ktor\u00e9 bolo prezentovan\u00e9 na tla\u010dovej konferencii Tibora Ga\u0161para je \u00fa\u010delovo zostrihan\u00e9 a vytrhnut\u00e9 z kontextu, preto\u017ee p. La\u0165\u00e1k hovoril o politickom konci Roberta Fica a jeho vl\u00e1dy. V ruk\u00e1ch nedr\u017eal sekeru, ale vala\u0161ku, ktor\u00e1 je s\u00fa\u010das\u0165ou oravsk\u00e9ho [&hellip;]","og_url":"https:\/\/www.smedemokrati.sk\/sv\/reakcia-na-tk-predstavitelov-strany-smer\/","og_site_name":"Smedemokrati.sk","article_publisher":"https:\/\/www.facebook.com\/smedemokrati2023","article_published_time":"2025-05-15T11:14:27+00:00","article_modified_time":"2025-05-15T11:14:28+00:00","og_image":[{"width":1261,"height":701,"url":"https:\/\/www.smedemokrati.sk\/wp-content\/uploads\/2024\/03\/eurovolby-2024-1-e1709982159756.jpg","type":"image\/jpeg"}],"author":"miro.sopko","twitter_card":"summary_large_image","twitter_misc":{"Skriven av":"miro.sopko","Ber\u00e4knad l\u00e4stid":"2 minuter"},"schema":{"@context":"https:\/\/schema.org","@graph":[{"@type":"Article","@id":"https:\/\/www.smedemokrati.sk\/reakcia-na-tk-predstavitelov-strany-smer\/#article","isPartOf":{"@id":"https:\/\/www.smedemokrati.sk\/reakcia-na-tk-predstavitelov-strany-smer\/"},"author":{"name":"miro.sopko","@id":"https:\/\/www.smedemokrati.sk\/#\/schema\/person\/21f147c88d605aa7ded900e1e7c344ba"},"headline":"Reakcia na TK predstavite\u013eov strany SMER","datePublished":"2025-05-15T11:14:27+00:00","dateModified":"2025-05-15T11:14:28+00:00","mainEntityOfPage":{"@id":"https:\/\/www.smedemokrati.sk\/reakcia-na-tk-predstavitelov-strany-smer\/"},"wordCount":292,"publisher":{"@id":"https:\/\/www.smedemokrati.sk\/#organization"},"image":{"@id":"https:\/\/www.smedemokrati.sk\/reakcia-na-tk-predstavitelov-strany-smer\/#primaryimage"},"thumbnailUrl":"https:\/\/www.smedemokrati.sk\/wp-content\/uploads\/2024\/03\/eurovolby-2024-1-e1709982159756.jpg","articleSection":["Vyhl\u00e1senia"],"inLanguage":"sv-SE"},{"@type":"WebPage","@id":"https:\/\/www.smedemokrati.sk\/reakcia-na-tk-predstavitelov-strany-smer\/","url":"https:\/\/www.smedemokrati.sk\/reakcia-na-tk-predstavitelov-strany-smer\/","name":"Reakcia na TK predstavite\u013eov strany SMER","isPartOf":{"@id":"https:\/\/www.smedemokrati.sk\/#website"},"primaryImageOfPage":{"@id":"https:\/\/www.smedemokrati.sk\/reakcia-na-tk-predstavitelov-strany-smer\/#primaryimage"},"image":{"@id":"https:\/\/www.smedemokrati.sk\/reakcia-na-tk-predstavitelov-strany-smer\/#primaryimage"},"thumbnailUrl":"https:\/\/www.smedemokrati.sk\/wp-content\/uploads\/2024\/03\/eurovolby-2024-1-e1709982159756.jpg","datePublished":"2025-05-15T11:14:27+00:00","dateModified":"2025-05-15T11:14:28+00:00","breadcrumb":{"@id":"https:\/\/www.smedemokrati.sk\/reakcia-na-tk-predstavitelov-strany-smer\/#breadcrumb"},"inLanguage":"sv-SE","potentialAction":[{"@type":"ReadAction","target":["https:\/\/www.smedemokrati.sk\/reakcia-na-tk-predstavitelov-strany-smer\/"]}]},{"@type":"ImageObject","inLanguage":"sv-SE","@id":"https:\/\/www.smedemokrati.sk\/reakcia-na-tk-predstavitelov-strany-smer\/#primaryimage","url":"https:\/\/www.smedemokrati.sk\/wp-content\/uploads\/2024\/03\/eurovolby-2024-1-e1709982159756.jpg","contentUrl":"https:\/\/www.smedemokrati.sk\/wp-content\/uploads\/2024\/03\/eurovolby-2024-1-e1709982159756.jpg","width":1261,"height":701},{"@type":"BreadcrumbList","@id":"https:\/\/www.smedemokrati.sk\/reakcia-na-tk-predstavitelov-strany-smer\/#breadcrumb","itemListElement":[{"@type":"ListItem","position":1,"name":"Domovsk\u00e1 str\u00e1nka","item":"https:\/\/www.smedemokrati.sk\/"},{"@type":"ListItem","position":2,"name":"Reakcia na TK predstavite\u013eov strany SMER"}]},{"@type":"WebSite","@id":"https:\/\/www.smedemokrati.sk\/#website","url":"https:\/\/www.smedemokrati.sk\/","name":"Smedemokrati.sk","description":"Demokracia a slu\u0161nos\u0165 zv\u00ed\u0165az\u00ed","publisher":{"@id":"https:\/\/www.smedemokrati.sk\/#organization"},"potentialAction":[{"@type":"SearchAction","target":{"@type":"EntryPoint","urlTemplate":"https:\/\/www.smedemokrati.sk\/?s={search_term_string}"},"query-input":{"@type":"PropertyValueSpecification","valueRequired":true,"valueName":"search_term_string"}}],"inLanguage":"sv-SE"},{"@type":"Organization","@id":"https:\/\/www.smedemokrati.sk\/#organization","name":"Smedemokrati.sk","url":"https:\/\/www.smedemokrati.sk\/","logo":{"@type":"ImageObject","inLanguage":"sv-SE","@id":"https:\/\/www.smedemokrati.sk\/#\/schema\/logo\/image\/","url":"https:\/\/www.smedemokrati.sk\/wp-content\/uploads\/2023\/04\/ff.002.jpeg","contentUrl":"https:\/\/www.smedemokrati.sk\/wp-content\/uploads\/2023\/04\/ff.002.jpeg","width":640,"height":480,"caption":"Smedemokrati.sk"},"image":{"@id":"https:\/\/www.smedemokrati.sk\/#\/schema\/logo\/image\/"},"sameAs":["https:\/\/www.facebook.com\/smedemokrati2023"]},{"@type":"Person","@id":"https:\/\/www.smedemokrati.sk\/#\/schema\/person\/21f147c88d605aa7ded900e1e7c344ba","name":"miro.sopko","image":{"@type":"ImageObject","inLanguage":"sv-SE","@id":"https:\/\/secure.gravatar.com\/avatar\/267e4a36f704376c109afe3a78740c1f5dd8675a2180a908699e7863c9247606?s=96&d=mm&r=g","url":"https:\/\/secure.gravatar.com\/avatar\/267e4a36f704376c109afe3a78740c1f5dd8675a2180a908699e7863c9247606?s=96&d=mm&r=g","contentUrl":"https:\/\/secure.gravatar.com\/avatar\/267e4a36f704376c109afe3a78740c1f5dd8675a2180a908699e7863c9247606?s=96&d=mm&r=g","caption":"miro.sopko"},"url":"https:\/\/www.smedemokrati.sk\/sv\/author\/miro-sopko\/"}]}},"_links":{"self":[{"href":"https:\/\/www.smedemokrati.sk\/sv\/wp-json\/wp\/v2\/posts\/7227","targetHints":{"allow":["GET"]}}],"collection":[{"href":"https:\/\/www.smedemokrati.sk\/sv\/wp-json\/wp\/v2\/posts"}],"about":[{"href":"https:\/\/www.smedemokrati.sk\/sv\/wp-json\/wp\/v2\/types\/post"}],"author":[{"embeddable":true,"href":"https:\/\/www.smedemokrati.sk\/sv\/wp-json\/wp\/v2\/users\/13"}],"replies":[{"embeddable":true,"href":"https:\/\/www.smedemokrati.sk\/sv\/wp-json\/wp\/v2\/comments?post=7227"}],"version-history":[{"count":1,"href":"https:\/\/www.smedemokrati.sk\/sv\/wp-json\/wp\/v2\/posts\/7227\/revisions"}],"predecessor-version":[{"id":7228,"href":"https:\/\/www.smedemokrati.sk\/sv\/wp-json\/wp\/v2\/posts\/7227\/revisions\/7228"}],"wp:featuredmedia":[{"embeddable":true,"href":"https:\/\/www.smedemokrati.sk\/sv\/wp-json\/wp\/v2\/media\/3006"}],"wp:attachment":[{"href":"https:\/\/www.smedemokrati.sk\/sv\/wp-json\/wp\/v2\/media?parent=7227"}],"wp:term":[{"taxonomy":"category","embeddable":true,"href":"https:\/\/www.smedemokrati.sk\/sv\/wp-json\/wp\/v2\/categories?post=7227"},{"taxonomy":"post_tag","embeddable":true,"href":"https:\/\/www.smedemokrati.sk\/sv\/wp-json\/wp\/v2\/tags?post=7227"}],"curies":[{"name":"wp","href":"https:\/\/api.w.org\/{rel}","templated":true}]}}