{"id":7219,"date":"2025-05-14T14:30:32","date_gmt":"2025-05-14T13:30:32","guid":{"rendered":"https:\/\/www.smedemokrati.sk\/?p=7219"},"modified":"2025-05-14T14:30:34","modified_gmt":"2025-05-14T13:30:34","slug":"demokrati-podporuju-skolske-zdruzenia-za-spravodlivejsie-platy-ucitelov","status":"publish","type":"post","link":"https:\/\/www.smedemokrati.sk\/sv\/demokrati-podporuju-skolske-zdruzenia-za-spravodlivejsie-platy-ucitelov\/","title":{"rendered":"Demokrati podporuj\u00fa \u0161kolsk\u00e9 zdru\u017eenia za spravodlivej\u0161ie platy u\u010dite\u013eov"},"content":{"rendered":"<div id=\"fb-root\"><\/div>\n\n<p><strong>Demokrati podporuj\u00fa vyhl\u00e1senie siedmich najv\u00e4\u010d\u0161\u00edch \u0161kolsk\u00fdch zdru\u017een\u00ed k novele z\u00e1kona o odme\u0148ovan\u00ed v \u0161kolstve. Kvalitn\u00e9 \u0161kolstvo je z\u00e1kladom bud\u00facnosti Slovenska, a preto potrebujeme spravodliv\u00fd syst\u00e9m platov, ktor\u00fd odmen\u00ed najlep\u0161\u00edch u\u010dite\u013eov.<\/strong><\/p>\n\n\n\n<p>Platy u\u010dite\u013eov zaost\u00e1vaj\u00fa, \u010do odr\u00e1dza mlad\u00fdch od tejto profesie. S\u00fa\u010dasn\u00fd syst\u00e9m odme\u0148uje pod\u013ea veku a praxe, no nezoh\u013ead\u0148uje kvalitu ani nasadenie.&nbsp;<em>\u201eTarifn\u00e9 platy brzdia \u0161kolstvo. Mus\u00edme odme\u0148ova\u0165 v\u00fdsledok pr\u00e1ce, nie roky,\u201c&nbsp;<\/em>hovor\u00ed Miroslav Sopko, z expertnej skupiny Demokratov pre vzdel\u00e1vanie.<\/p>\n\n\n\n<p><em>\u201e\u0160koly musia ma\u0165 slobodu odme\u0148ova\u0165 pod\u013ea vlastn\u00fdch krit\u00e9ri\u00ed. Chceme syst\u00e9m, kde platy odr\u00e1\u017eaj\u00fa kvalitu, iniciat\u00edvu a pr\u00ednos u\u010dite\u013eov. Riaditelia by mali ma\u0165 vo\u013enos\u0165 odme\u0148ova\u0165 pod\u013ea potrieb \u0161koly, \u010d\u00edm pril\u00e1kame mlad\u00fdch a motivujeme v\u0161etk\u00fdch.&#8221;<\/em>&nbsp;Dodal Sopko.&nbsp;&nbsp;<br>Demokrati preto vyz\u00fdva vl\u00e1du, aby novelu prepracovala pod\u013ea pripomienok zdru\u017een\u00ed.&nbsp;<em>\u201eKvalitn\u00ed u\u010ditelia znamenaj\u00fa lep\u0161iu bud\u00facnos\u0165 pre na\u0161e deti, pre Slovensko,\u201c<\/em>&nbsp;uzatv\u00e1ra Sopko.<\/p>\n\n\n\n<p>Zdru\u017eenia vo svojom vyhl\u00e1sen\u00ed podporuj\u00fa nadtarifn\u00e9 odme\u0148ovanie, no kritizuj\u00fa n\u00e1vrh z\u00e1kona pre v\u00e4zbu na tarifn\u00e9 platy, kedy pr\u00edplatok z\u00e1vis\u00ed od praxe, \u010do zv\u00fdhod\u0148uje star\u0161\u00edch a ignoruje kvalitu. Kritizuj\u00fa tie\u017e, \u017ee pevn\u00e9 hodnotiace stupne obmedzuj\u00fa riadite\u013eov.&nbsp;<\/p>\n","protected":false},"excerpt":{"rendered":"<p>Demokrati podporuj\u00fa vyhl\u00e1senie siedmich najv\u00e4\u010d\u0161\u00edch \u0161kolsk\u00fdch zdru\u017een\u00ed k novele z\u00e1kona o odme\u0148ovan\u00ed v \u0161kolstve. Kvalitn\u00e9 \u0161kolstvo je z\u00e1kladom bud\u00facnosti Slovenska, a preto potrebujeme spravodliv\u00fd syst\u00e9m platov, ktor\u00fd odmen\u00ed najlep\u0161\u00edch u\u010dite\u013eov. Platy u\u010dite\u013eov zaost\u00e1vaj\u00fa, \u010do odr\u00e1dza mlad\u00fdch od tejto profesie. S\u00fa\u010dasn\u00fd syst\u00e9m odme\u0148uje pod\u013ea veku a praxe, no nezoh\u013ead\u0148uje kvalitu ani nasadenie.&nbsp;\u201eTarifn\u00e9 platy brzdia \u0161kolstvo. Mus\u00edme [&hellip;]<\/p>\n","protected":false},"author":13,"featured_media":7220,"comment_status":"closed","ping_status":"closed","sticky":false,"template":"","format":"standard","meta":{"_acf_changed":false,"ngg_post_thumbnail":0,"footnotes":""},"categories":[4],"tags":[],"class_list":["post-7219","post","type-post","status-publish","format-standard","has-post-thumbnail","hentry","category-tlacove-spravy"],"acf":[],"yoast_head":"<!-- This site is optimized with the Yoast SEO plugin v27.2 - https:\/\/yoast.com\/product\/yoast-seo-wordpress\/ -->\n<title>Demokrati podporuj\u00fa \u0161kolsk\u00e9 zdru\u017eenia za spravodlivej\u0161ie platy u\u010dite\u013eov<\/title>\n<meta name=\"robots\" content=\"index, follow, max-snippet:-1, max-image-preview:large, max-video-preview:-1\" \/>\n<link rel=\"canonical\" href=\"https:\/\/www.smedemokrati.sk\/sv\/demokrati-podporuju-skolske-zdruzenia-za-spravodlivejsie-platy-ucitelov\/\" \/>\n<meta property=\"og:locale\" content=\"sv_SE\" \/>\n<meta property=\"og:locale:alternate\" content=\"en_US\" \/>\n<meta property=\"og:locale:alternate\" content=\"cs_CZ\" \/>\n<meta property=\"og:locale:alternate\" content=\"hu_HU\" \/>\n<meta property=\"og:locale:alternate\" content=\"sk_SK\" \/>\n<meta property=\"og:type\" content=\"article\" \/>\n<meta property=\"og:title\" content=\"Demokrati podporuj\u00fa \u0161kolsk\u00e9 zdru\u017eenia za spravodlivej\u0161ie platy u\u010dite\u013eov\" \/>\n<meta property=\"og:description\" content=\"Demokrati podporuj\u00fa vyhl\u00e1senie siedmich najv\u00e4\u010d\u0161\u00edch \u0161kolsk\u00fdch zdru\u017een\u00ed k novele z\u00e1kona o odme\u0148ovan\u00ed v \u0161kolstve. Kvalitn\u00e9 \u0161kolstvo je z\u00e1kladom bud\u00facnosti Slovenska, a preto potrebujeme spravodliv\u00fd syst\u00e9m platov, ktor\u00fd odmen\u00ed najlep\u0161\u00edch u\u010dite\u013eov. Platy u\u010dite\u013eov zaost\u00e1vaj\u00fa, \u010do odr\u00e1dza mlad\u00fdch od tejto profesie. S\u00fa\u010dasn\u00fd syst\u00e9m odme\u0148uje pod\u013ea veku a praxe, no nezoh\u013ead\u0148uje kvalitu ani nasadenie.&nbsp;\u201eTarifn\u00e9 platy brzdia \u0161kolstvo. Mus\u00edme [&hellip;]\" \/>\n<meta property=\"og:url\" content=\"https:\/\/www.smedemokrati.sk\/sv\/demokrati-podporuju-skolske-zdruzenia-za-spravodlivejsie-platy-ucitelov\/\" \/>\n<meta property=\"og:site_name\" content=\"Smedemokrati.sk\" \/>\n<meta property=\"article:publisher\" content=\"https:\/\/www.facebook.com\/smedemokrati2023\" \/>\n<meta property=\"article:published_time\" content=\"2025-05-14T13:30:32+00:00\" \/>\n<meta property=\"article:modified_time\" content=\"2025-05-14T13:30:34+00:00\" \/>\n<meta property=\"og:image\" content=\"https:\/\/www.smedemokrati.sk\/wp-content\/uploads\/2025\/05\/2801.jpg\" \/>\n\t<meta property=\"og:image:width\" content=\"1000\" \/>\n\t<meta property=\"og:image:height\" content=\"667\" \/>\n\t<meta property=\"og:image:type\" content=\"image\/jpeg\" \/>\n<meta name=\"author\" content=\"miro.sopko\" \/>\n<meta name=\"twitter:card\" content=\"summary_large_image\" \/>\n<meta name=\"twitter:label1\" content=\"Skriven av\" \/>\n\t<meta name=\"twitter:data1\" content=\"miro.sopko\" \/>\n\t<meta name=\"twitter:label2\" content=\"Ber\u00e4knad l\u00e4stid\" \/>\n\t<meta name=\"twitter:data2\" content=\"2 minuter\" \/>\n<script type=\"application\/ld+json\" class=\"yoast-schema-graph\">{\"@context\":\"https:\/\/schema.org\",\"@graph\":[{\"@type\":\"Article\",\"@id\":\"https:\/\/www.smedemokrati.sk\/demokrati-podporuju-skolske-zdruzenia-za-spravodlivejsie-platy-ucitelov\/#article\",\"isPartOf\":{\"@id\":\"https:\/\/www.smedemokrati.sk\/demokrati-podporuju-skolske-zdruzenia-za-spravodlivejsie-platy-ucitelov\/\"},\"author\":{\"name\":\"miro.sopko\",\"@id\":\"https:\/\/www.smedemokrati.sk\/#\/schema\/person\/21f147c88d605aa7ded900e1e7c344ba\"},\"headline\":\"Demokrati podporuj\u00fa \u0161kolsk\u00e9 zdru\u017eenia za spravodlivej\u0161ie platy u\u010dite\u013eov\",\"datePublished\":\"2025-05-14T13:30:32+00:00\",\"dateModified\":\"2025-05-14T13:30:34+00:00\",\"mainEntityOfPage\":{\"@id\":\"https:\/\/www.smedemokrati.sk\/demokrati-podporuju-skolske-zdruzenia-za-spravodlivejsie-platy-ucitelov\/\"},\"wordCount\":250,\"publisher\":{\"@id\":\"https:\/\/www.smedemokrati.sk\/#organization\"},\"image\":{\"@id\":\"https:\/\/www.smedemokrati.sk\/demokrati-podporuju-skolske-zdruzenia-za-spravodlivejsie-platy-ucitelov\/#primaryimage\"},\"thumbnailUrl\":\"https:\/\/www.smedemokrati.sk\/wp-content\/uploads\/2025\/05\/2801.jpg\",\"articleSection\":[\"Tla\u010dov\u00e9 spr\u00e1vy\"],\"inLanguage\":\"sv-SE\"},{\"@type\":\"WebPage\",\"@id\":\"https:\/\/www.smedemokrati.sk\/demokrati-podporuju-skolske-zdruzenia-za-spravodlivejsie-platy-ucitelov\/\",\"url\":\"https:\/\/www.smedemokrati.sk\/demokrati-podporuju-skolske-zdruzenia-za-spravodlivejsie-platy-ucitelov\/\",\"name\":\"Demokrati podporuj\u00fa \u0161kolsk\u00e9 zdru\u017eenia za spravodlivej\u0161ie platy u\u010dite\u013eov\",\"isPartOf\":{\"@id\":\"https:\/\/www.smedemokrati.sk\/#website\"},\"primaryImageOfPage\":{\"@id\":\"https:\/\/www.smedemokrati.sk\/demokrati-podporuju-skolske-zdruzenia-za-spravodlivejsie-platy-ucitelov\/#primaryimage\"},\"image\":{\"@id\":\"https:\/\/www.smedemokrati.sk\/demokrati-podporuju-skolske-zdruzenia-za-spravodlivejsie-platy-ucitelov\/#primaryimage\"},\"thumbnailUrl\":\"https:\/\/www.smedemokrati.sk\/wp-content\/uploads\/2025\/05\/2801.jpg\",\"datePublished\":\"2025-05-14T13:30:32+00:00\",\"dateModified\":\"2025-05-14T13:30:34+00:00\",\"breadcrumb\":{\"@id\":\"https:\/\/www.smedemokrati.sk\/demokrati-podporuju-skolske-zdruzenia-za-spravodlivejsie-platy-ucitelov\/#breadcrumb\"},\"inLanguage\":\"sv-SE\",\"potentialAction\":[{\"@type\":\"ReadAction\",\"target\":[\"https:\/\/www.smedemokrati.sk\/demokrati-podporuju-skolske-zdruzenia-za-spravodlivejsie-platy-ucitelov\/\"]}]},{\"@type\":\"ImageObject\",\"inLanguage\":\"sv-SE\",\"@id\":\"https:\/\/www.smedemokrati.sk\/demokrati-podporuju-skolske-zdruzenia-za-spravodlivejsie-platy-ucitelov\/#primaryimage\",\"url\":\"https:\/\/www.smedemokrati.sk\/wp-content\/uploads\/2025\/05\/2801.jpg\",\"contentUrl\":\"https:\/\/www.smedemokrati.sk\/wp-content\/uploads\/2025\/05\/2801.jpg\",\"width\":1000,\"height\":667},{\"@type\":\"BreadcrumbList\",\"@id\":\"https:\/\/www.smedemokrati.sk\/demokrati-podporuju-skolske-zdruzenia-za-spravodlivejsie-platy-ucitelov\/#breadcrumb\",\"itemListElement\":[{\"@type\":\"ListItem\",\"position\":1,\"name\":\"Domovsk\u00e1 str\u00e1nka\",\"item\":\"https:\/\/www.smedemokrati.sk\/\"},{\"@type\":\"ListItem\",\"position\":2,\"name\":\"Demokrati podporuj\u00fa \u0161kolsk\u00e9 zdru\u017eenia za spravodlivej\u0161ie platy u\u010dite\u013eov\"}]},{\"@type\":\"WebSite\",\"@id\":\"https:\/\/www.smedemokrati.sk\/#website\",\"url\":\"https:\/\/www.smedemokrati.sk\/\",\"name\":\"Smedemokrati.sk\",\"description\":\"Demokracia a slu\u0161nos\u0165 zv\u00ed\u0165az\u00ed\",\"publisher\":{\"@id\":\"https:\/\/www.smedemokrati.sk\/#organization\"},\"potentialAction\":[{\"@type\":\"SearchAction\",\"target\":{\"@type\":\"EntryPoint\",\"urlTemplate\":\"https:\/\/www.smedemokrati.sk\/?s={search_term_string}\"},\"query-input\":{\"@type\":\"PropertyValueSpecification\",\"valueRequired\":true,\"valueName\":\"search_term_string\"}}],\"inLanguage\":\"sv-SE\"},{\"@type\":\"Organization\",\"@id\":\"https:\/\/www.smedemokrati.sk\/#organization\",\"name\":\"Smedemokrati.sk\",\"url\":\"https:\/\/www.smedemokrati.sk\/\",\"logo\":{\"@type\":\"ImageObject\",\"inLanguage\":\"sv-SE\",\"@id\":\"https:\/\/www.smedemokrati.sk\/#\/schema\/logo\/image\/\",\"url\":\"https:\/\/www.smedemokrati.sk\/wp-content\/uploads\/2023\/04\/ff.002.jpeg\",\"contentUrl\":\"https:\/\/www.smedemokrati.sk\/wp-content\/uploads\/2023\/04\/ff.002.jpeg\",\"width\":640,\"height\":480,\"caption\":\"Smedemokrati.sk\"},\"image\":{\"@id\":\"https:\/\/www.smedemokrati.sk\/#\/schema\/logo\/image\/\"},\"sameAs\":[\"https:\/\/www.facebook.com\/smedemokrati2023\"]},{\"@type\":\"Person\",\"@id\":\"https:\/\/www.smedemokrati.sk\/#\/schema\/person\/21f147c88d605aa7ded900e1e7c344ba\",\"name\":\"miro.sopko\",\"image\":{\"@type\":\"ImageObject\",\"inLanguage\":\"sv-SE\",\"@id\":\"https:\/\/secure.gravatar.com\/avatar\/267e4a36f704376c109afe3a78740c1f5dd8675a2180a908699e7863c9247606?s=96&d=mm&r=g\",\"url\":\"https:\/\/secure.gravatar.com\/avatar\/267e4a36f704376c109afe3a78740c1f5dd8675a2180a908699e7863c9247606?s=96&d=mm&r=g\",\"contentUrl\":\"https:\/\/secure.gravatar.com\/avatar\/267e4a36f704376c109afe3a78740c1f5dd8675a2180a908699e7863c9247606?s=96&d=mm&r=g\",\"caption\":\"miro.sopko\"},\"url\":\"https:\/\/www.smedemokrati.sk\/sv\/author\/miro-sopko\/\"}]}<\/script>\n<!-- \/ Yoast SEO plugin. -->","yoast_head_json":{"title":"Demokrati podporuj\u00fa \u0161kolsk\u00e9 zdru\u017eenia za spravodlivej\u0161ie platy u\u010dite\u013eov","robots":{"index":"index","follow":"follow","max-snippet":"max-snippet:-1","max-image-preview":"max-image-preview:large","max-video-preview":"max-video-preview:-1"},"canonical":"https:\/\/www.smedemokrati.sk\/sv\/demokrati-podporuju-skolske-zdruzenia-za-spravodlivejsie-platy-ucitelov\/","og_locale":"sv_SE","og_type":"article","og_title":"[:sk]Demokrati podporuj\u00fa \u0161kolsk\u00e9 zdru\u017eenia za spravodlivej\u0161ie platy u\u010dite\u013eov[:] - Smedemokrati.sk","og_description":"Demokrati podporuj\u00fa vyhl\u00e1senie siedmich najv\u00e4\u010d\u0161\u00edch \u0161kolsk\u00fdch zdru\u017een\u00ed k novele z\u00e1kona o odme\u0148ovan\u00ed v \u0161kolstve. Kvalitn\u00e9 \u0161kolstvo je z\u00e1kladom bud\u00facnosti Slovenska, a preto potrebujeme spravodliv\u00fd syst\u00e9m platov, ktor\u00fd odmen\u00ed najlep\u0161\u00edch u\u010dite\u013eov. Platy u\u010dite\u013eov zaost\u00e1vaj\u00fa, \u010do odr\u00e1dza mlad\u00fdch od tejto profesie. S\u00fa\u010dasn\u00fd syst\u00e9m odme\u0148uje pod\u013ea veku a praxe, no nezoh\u013ead\u0148uje kvalitu ani nasadenie.&nbsp;\u201eTarifn\u00e9 platy brzdia \u0161kolstvo. Mus\u00edme [&hellip;]","og_url":"https:\/\/www.smedemokrati.sk\/sv\/demokrati-podporuju-skolske-zdruzenia-za-spravodlivejsie-platy-ucitelov\/","og_site_name":"Smedemokrati.sk","article_publisher":"https:\/\/www.facebook.com\/smedemokrati2023","article_published_time":"2025-05-14T13:30:32+00:00","article_modified_time":"2025-05-14T13:30:34+00:00","og_image":[{"width":1000,"height":667,"url":"https:\/\/www.smedemokrati.sk\/wp-content\/uploads\/2025\/05\/2801.jpg","type":"image\/jpeg"}],"author":"miro.sopko","twitter_card":"summary_large_image","twitter_misc":{"Skriven av":"miro.sopko","Ber\u00e4knad l\u00e4stid":"2 minuter"},"schema":{"@context":"https:\/\/schema.org","@graph":[{"@type":"Article","@id":"https:\/\/www.smedemokrati.sk\/demokrati-podporuju-skolske-zdruzenia-za-spravodlivejsie-platy-ucitelov\/#article","isPartOf":{"@id":"https:\/\/www.smedemokrati.sk\/demokrati-podporuju-skolske-zdruzenia-za-spravodlivejsie-platy-ucitelov\/"},"author":{"name":"miro.sopko","@id":"https:\/\/www.smedemokrati.sk\/#\/schema\/person\/21f147c88d605aa7ded900e1e7c344ba"},"headline":"Demokrati podporuj\u00fa \u0161kolsk\u00e9 zdru\u017eenia za spravodlivej\u0161ie platy u\u010dite\u013eov","datePublished":"2025-05-14T13:30:32+00:00","dateModified":"2025-05-14T13:30:34+00:00","mainEntityOfPage":{"@id":"https:\/\/www.smedemokrati.sk\/demokrati-podporuju-skolske-zdruzenia-za-spravodlivejsie-platy-ucitelov\/"},"wordCount":250,"publisher":{"@id":"https:\/\/www.smedemokrati.sk\/#organization"},"image":{"@id":"https:\/\/www.smedemokrati.sk\/demokrati-podporuju-skolske-zdruzenia-za-spravodlivejsie-platy-ucitelov\/#primaryimage"},"thumbnailUrl":"https:\/\/www.smedemokrati.sk\/wp-content\/uploads\/2025\/05\/2801.jpg","articleSection":["Tla\u010dov\u00e9 spr\u00e1vy"],"inLanguage":"sv-SE"},{"@type":"WebPage","@id":"https:\/\/www.smedemokrati.sk\/demokrati-podporuju-skolske-zdruzenia-za-spravodlivejsie-platy-ucitelov\/","url":"https:\/\/www.smedemokrati.sk\/demokrati-podporuju-skolske-zdruzenia-za-spravodlivejsie-platy-ucitelov\/","name":"Demokrati podporuj\u00fa \u0161kolsk\u00e9 zdru\u017eenia za spravodlivej\u0161ie platy u\u010dite\u013eov","isPartOf":{"@id":"https:\/\/www.smedemokrati.sk\/#website"},"primaryImageOfPage":{"@id":"https:\/\/www.smedemokrati.sk\/demokrati-podporuju-skolske-zdruzenia-za-spravodlivejsie-platy-ucitelov\/#primaryimage"},"image":{"@id":"https:\/\/www.smedemokrati.sk\/demokrati-podporuju-skolske-zdruzenia-za-spravodlivejsie-platy-ucitelov\/#primaryimage"},"thumbnailUrl":"https:\/\/www.smedemokrati.sk\/wp-content\/uploads\/2025\/05\/2801.jpg","datePublished":"2025-05-14T13:30:32+00:00","dateModified":"2025-05-14T13:30:34+00:00","breadcrumb":{"@id":"https:\/\/www.smedemokrati.sk\/demokrati-podporuju-skolske-zdruzenia-za-spravodlivejsie-platy-ucitelov\/#breadcrumb"},"inLanguage":"sv-SE","potentialAction":[{"@type":"ReadAction","target":["https:\/\/www.smedemokrati.sk\/demokrati-podporuju-skolske-zdruzenia-za-spravodlivejsie-platy-ucitelov\/"]}]},{"@type":"ImageObject","inLanguage":"sv-SE","@id":"https:\/\/www.smedemokrati.sk\/demokrati-podporuju-skolske-zdruzenia-za-spravodlivejsie-platy-ucitelov\/#primaryimage","url":"https:\/\/www.smedemokrati.sk\/wp-content\/uploads\/2025\/05\/2801.jpg","contentUrl":"https:\/\/www.smedemokrati.sk\/wp-content\/uploads\/2025\/05\/2801.jpg","width":1000,"height":667},{"@type":"BreadcrumbList","@id":"https:\/\/www.smedemokrati.sk\/demokrati-podporuju-skolske-zdruzenia-za-spravodlivejsie-platy-ucitelov\/#breadcrumb","itemListElement":[{"@type":"ListItem","position":1,"name":"Domovsk\u00e1 str\u00e1nka","item":"https:\/\/www.smedemokrati.sk\/"},{"@type":"ListItem","position":2,"name":"Demokrati podporuj\u00fa \u0161kolsk\u00e9 zdru\u017eenia za spravodlivej\u0161ie platy u\u010dite\u013eov"}]},{"@type":"WebSite","@id":"https:\/\/www.smedemokrati.sk\/#website","url":"https:\/\/www.smedemokrati.sk\/","name":"Smedemokrati.sk","description":"Demokracia a slu\u0161nos\u0165 zv\u00ed\u0165az\u00ed","publisher":{"@id":"https:\/\/www.smedemokrati.sk\/#organization"},"potentialAction":[{"@type":"SearchAction","target":{"@type":"EntryPoint","urlTemplate":"https:\/\/www.smedemokrati.sk\/?s={search_term_string}"},"query-input":{"@type":"PropertyValueSpecification","valueRequired":true,"valueName":"search_term_string"}}],"inLanguage":"sv-SE"},{"@type":"Organization","@id":"https:\/\/www.smedemokrati.sk\/#organization","name":"Smedemokrati.sk","url":"https:\/\/www.smedemokrati.sk\/","logo":{"@type":"ImageObject","inLanguage":"sv-SE","@id":"https:\/\/www.smedemokrati.sk\/#\/schema\/logo\/image\/","url":"https:\/\/www.smedemokrati.sk\/wp-content\/uploads\/2023\/04\/ff.002.jpeg","contentUrl":"https:\/\/www.smedemokrati.sk\/wp-content\/uploads\/2023\/04\/ff.002.jpeg","width":640,"height":480,"caption":"Smedemokrati.sk"},"image":{"@id":"https:\/\/www.smedemokrati.sk\/#\/schema\/logo\/image\/"},"sameAs":["https:\/\/www.facebook.com\/smedemokrati2023"]},{"@type":"Person","@id":"https:\/\/www.smedemokrati.sk\/#\/schema\/person\/21f147c88d605aa7ded900e1e7c344ba","name":"miro.sopko","image":{"@type":"ImageObject","inLanguage":"sv-SE","@id":"https:\/\/secure.gravatar.com\/avatar\/267e4a36f704376c109afe3a78740c1f5dd8675a2180a908699e7863c9247606?s=96&d=mm&r=g","url":"https:\/\/secure.gravatar.com\/avatar\/267e4a36f704376c109afe3a78740c1f5dd8675a2180a908699e7863c9247606?s=96&d=mm&r=g","contentUrl":"https:\/\/secure.gravatar.com\/avatar\/267e4a36f704376c109afe3a78740c1f5dd8675a2180a908699e7863c9247606?s=96&d=mm&r=g","caption":"miro.sopko"},"url":"https:\/\/www.smedemokrati.sk\/sv\/author\/miro-sopko\/"}]}},"_links":{"self":[{"href":"https:\/\/www.smedemokrati.sk\/sv\/wp-json\/wp\/v2\/posts\/7219","targetHints":{"allow":["GET"]}}],"collection":[{"href":"https:\/\/www.smedemokrati.sk\/sv\/wp-json\/wp\/v2\/posts"}],"about":[{"href":"https:\/\/www.smedemokrati.sk\/sv\/wp-json\/wp\/v2\/types\/post"}],"author":[{"embeddable":true,"href":"https:\/\/www.smedemokrati.sk\/sv\/wp-json\/wp\/v2\/users\/13"}],"replies":[{"embeddable":true,"href":"https:\/\/www.smedemokrati.sk\/sv\/wp-json\/wp\/v2\/comments?post=7219"}],"version-history":[{"count":1,"href":"https:\/\/www.smedemokrati.sk\/sv\/wp-json\/wp\/v2\/posts\/7219\/revisions"}],"predecessor-version":[{"id":7221,"href":"https:\/\/www.smedemokrati.sk\/sv\/wp-json\/wp\/v2\/posts\/7219\/revisions\/7221"}],"wp:featuredmedia":[{"embeddable":true,"href":"https:\/\/www.smedemokrati.sk\/sv\/wp-json\/wp\/v2\/media\/7220"}],"wp:attachment":[{"href":"https:\/\/www.smedemokrati.sk\/sv\/wp-json\/wp\/v2\/media?parent=7219"}],"wp:term":[{"taxonomy":"category","embeddable":true,"href":"https:\/\/www.smedemokrati.sk\/sv\/wp-json\/wp\/v2\/categories?post=7219"},{"taxonomy":"post_tag","embeddable":true,"href":"https:\/\/www.smedemokrati.sk\/sv\/wp-json\/wp\/v2\/tags?post=7219"}],"curies":[{"name":"wp","href":"https:\/\/api.w.org\/{rel}","templated":true}]}}