{"id":7195,"date":"2025-05-13T15:17:30","date_gmt":"2025-05-13T14:17:30","guid":{"rendered":"https:\/\/www.smedemokrati.sk\/?p=7195"},"modified":"2025-05-13T15:17:31","modified_gmt":"2025-05-13T14:17:31","slug":"plan-obnovy-trpi-na-lajdactvo-a-neodbornost-ficovej-vlady-ziadosti-o-platbu-prichadzaju-neskoro-v-babractve-ma-prvenstvo-taraba","status":"publish","type":"post","link":"https:\/\/www.smedemokrati.sk\/sv\/plan-obnovy-trpi-na-lajdactvo-a-neodbornost-ficovej-vlady-ziadosti-o-platbu-prichadzaju-neskoro-v-babractve-ma-prvenstvo-taraba\/","title":{"rendered":"Pl\u00e1n obnovy trp\u00ed na lajd\u00e1ctvo a neodbornos\u0165 Ficovej vl\u00e1dy, \u017eiadosti o platbu prich\u00e1dzaj\u00fa neskoro! V babr\u00e1ctve m\u00e1 prvenstvo Taraba"},"content":{"rendered":"<div id=\"fb-root\"><\/div>\n\n<p><strong>Expremi\u00e9r Eduard Heger kritizuje \u00farad popdredsedu vl\u00e1dy Petra Kmeca pre pomal\u00e9 vypracovanie \u017eiadost\u00ed \u010fal\u0161\u00edch platieb k Pl\u00e1nu obnovy. Hovor\u00ed tie\u017e, \u017ee zmena \u00fa\u010delu fian\u010dn\u00fdch prostriedkov, ktor\u00e9 by mala EK dnes schv\u00e1li\u0165 znamen\u00e1, \u017ee Slovensko pod veden\u00edm Roberta Fica nie je dobr\u00fdm hospod\u00e1rom a nevie dobre mana\u017eova\u0165 finan\u010dn\u00e9 zdroje. Najvypuklej\u0161ie sa to ukazuje v rezorte \u017eivotn\u00e9ho prostredia.<\/strong><\/p>\n\n\n\n<p>K\u00fdm vl\u00e1da Eduarda Hegera vedela v priemere ka\u017ed\u00fd pol rok doru\u010di\u0165 Eur\u00f3pskej komisii \u017eiados\u0165 o platbu a do nieko\u013ek\u00fdch t\u00fd\u017ed\u0148ov SR prijala platbu, kabinet Roberta Fica dok\u00e1zal vypracova\u0165 jednu \u017eiados\u0165 za rok a pol a na platbu st\u00e1le \u010dak\u00e1me:\u00a0<em><em><em><em>\u201e<\/em><\/em><\/em>Doteraz boli schv\u00e1len\u00e9 a na\u010derpan\u00e9 4 \u017eiadosti o platbu. To v\u0161etko bolo realizovan\u00e9 e\u0161te na\u0161ou vl\u00e1dou, a to v rekordne kr\u00e1tkom \u010dase, preto\u017ee sa n\u00e1m v\u010faka odborn\u00edkom a n\u00e1\u0161mu dobr\u00e9mu riadeniu \u00faspe\u0161ne darilo plni\u0165 mi\u013en\u00edky Pl\u00e1nu obnovy. Slovensko by malo dosta\u0165 e\u0161te 5 platieb, no pre lajd\u00e1ctvo tejto vl\u00e1dy, boli za rok a pol schopn\u00fd spracova\u0165 iba jednu \u017eiados\u0165 a na peniaze st\u00e1le \u010dak\u00e1me.&#8221;<\/em>\u00a0\u00a0Povedal Eduard Heger a dodal, \u017ee zmena \u00fa\u010delu finan\u010dn\u00fdch prostriedkov vypoved\u00e1 o zlom mana\u017eovan\u00ed a neschopnosti s\u00fa\u010dasnej vl\u00e1dy.<\/p>\n\n\n\n<p>Najv\u00e4\u010d\u0161ie zlyhania vid\u00edme v rezorte \u017eivotn\u00e9ho prostredia. Ak\u00fd je v\u00fdsledok ministra Tarabu?\u00a0<em><em><em><em>\u201e<\/em><\/em><\/em>Nedok\u00e1zal pripravi\u0165 n\u00e1hradn\u00e9 projekty na dekarboniz\u00e1ciu priemyslu, u\u0161lo mu 400 mil. eur. Tie nevyu\u017eil ani na \u010fal\u0161iu podporu obnovy rodinn\u00fdch domov. D\u00e9monizoval projekt v\u00fdkupov pozemkov, ale op\u00e4\u0165 nedok\u00e1zal pripravi\u0165 n\u00e1hradn\u00e9 projekty v \u017eivotnom prostred\u00ed. Prepadnutie \u010fal\u0161\u00edch 60 mil. eur. Taraba, Huliak a Kuffa tvrdo kritizovali zon\u00e1cie n\u00e1rodn\u00fdch parkov, ale teraz sa zaviazali v\u0161etky dokon\u010di\u0165, a to u\u017e do za\u010diatku bud\u00faceho roku. A aj tu sa sna\u017eili podvies\u0165 Eur\u00f3psku komisiu, kedy sa bud\u00fa tv\u00e1ri\u0165, \u017ee pr\u00edrodu striktne chr\u00e1nia ale v\u00fdruby p\u00f4jdu \u010falej. Bud\u00fa obmedzova\u0165 s\u00fakromn\u00fdch vlastn\u00edkov, ale nebud\u00fa ma\u0165 prostriedky na n\u00e1hrady pre nich z pl\u00e1nu obnovy. Vid\u00edme rozsiahle ome\u0161kania legislat\u00edvy na podporu obnovite\u013en\u00fdch zdrojov energie ale aj ro\u010dn\u00e9 ome\u0161kania revitaliz\u00e1cii vodn\u00fdch tokov,\u201d\u00a0<\/em>uv\u00e1dza Michal Ki\u010da, enviroexpert strany. Toto s\u00fa pod\u013ea Tarabu tie jeho <em><em><em>\u201e<\/em><\/em><\/em>fenomen\u00e1lne\u201d v\u00fdsledky.\u00a0<\/p>\n\n\n\n<p>Slovensko doteraz dostalo 4 platby v celkovej hodnote vy\u0161e 3 miliardy eur. \u010eal\u0161ie 3,4 miliardy \u010dakaj\u00fa na spracovanie a podanie zo strany s\u00fa\u010dasn\u00e9ho vedenia \u00faradu Petra Kmeca.<\/p>\n\n\n<div class=\"fb-video\" data-href=\"https:\/\/fb.watch\/zz0goSBLR1\" data-allowfullscreen=\"true\" data-autoplay=\"false\" data-width=\"\" data-show-text=\"false\" data-show-captions=\"true\"><\/div>\n","protected":false},"excerpt":{"rendered":"<p>Expremi\u00e9r Eduard Heger kritizuje \u00farad popdredsedu vl\u00e1dy Petra Kmeca pre pomal\u00e9 vypracovanie \u017eiadost\u00ed \u010fal\u0161\u00edch platieb k Pl\u00e1nu obnovy. Hovor\u00ed tie\u017e, \u017ee zmena \u00fa\u010delu fian\u010dn\u00fdch prostriedkov, ktor\u00e9 by mala EK dnes schv\u00e1li\u0165 znamen\u00e1, \u017ee Slovensko pod veden\u00edm Roberta Fica nie je dobr\u00fdm hospod\u00e1rom a nevie dobre mana\u017eova\u0165 finan\u010dn\u00e9 zdroje. Najvypuklej\u0161ie sa to ukazuje v rezorte \u017eivotn\u00e9ho [&hellip;]<\/p>\n","protected":false},"author":13,"featured_media":7196,"comment_status":"closed","ping_status":"closed","sticky":false,"template":"","format":"standard","meta":{"_acf_changed":false,"ngg_post_thumbnail":0,"footnotes":""},"categories":[4],"tags":[],"class_list":["post-7195","post","type-post","status-publish","format-standard","has-post-thumbnail","hentry","category-tlacove-spravy"],"acf":[],"yoast_head":"<!-- This site is optimized with the Yoast SEO plugin v27.2 - https:\/\/yoast.com\/product\/yoast-seo-wordpress\/ -->\n<title>Pl\u00e1n obnovy trp\u00ed na lajd\u00e1ctvo a neodbornos\u0165 Ficovej vl\u00e1dy, \u017eiadosti o platbu prich\u00e1dzaj\u00fa neskoro! V babr\u00e1ctve m\u00e1 prvenstvo Taraba<\/title>\n<meta name=\"robots\" content=\"index, follow, max-snippet:-1, max-image-preview:large, max-video-preview:-1\" \/>\n<link rel=\"canonical\" href=\"https:\/\/www.smedemokrati.sk\/sv\/plan-obnovy-trpi-na-lajdactvo-a-neodbornost-ficovej-vlady-ziadosti-o-platbu-prichadzaju-neskoro-v-babractve-ma-prvenstvo-taraba\/\" \/>\n<meta property=\"og:locale\" content=\"sv_SE\" \/>\n<meta property=\"og:locale:alternate\" content=\"en_US\" \/>\n<meta property=\"og:locale:alternate\" content=\"cs_CZ\" \/>\n<meta property=\"og:locale:alternate\" content=\"hu_HU\" \/>\n<meta property=\"og:locale:alternate\" content=\"sk_SK\" \/>\n<meta property=\"og:type\" content=\"article\" \/>\n<meta property=\"og:title\" content=\"Pl\u00e1n obnovy trp\u00ed na lajd\u00e1ctvo a neodbornos\u0165 Ficovej vl\u00e1dy, \u017eiadosti o platbu prich\u00e1dzaj\u00fa neskoro! V babr\u00e1ctve m\u00e1 prvenstvo Taraba\" \/>\n<meta property=\"og:description\" content=\"Expremi\u00e9r Eduard Heger kritizuje \u00farad popdredsedu vl\u00e1dy Petra Kmeca pre pomal\u00e9 vypracovanie \u017eiadost\u00ed \u010fal\u0161\u00edch platieb k Pl\u00e1nu obnovy. Hovor\u00ed tie\u017e, \u017ee zmena \u00fa\u010delu fian\u010dn\u00fdch prostriedkov, ktor\u00e9 by mala EK dnes schv\u00e1li\u0165 znamen\u00e1, \u017ee Slovensko pod veden\u00edm Roberta Fica nie je dobr\u00fdm hospod\u00e1rom a nevie dobre mana\u017eova\u0165 finan\u010dn\u00e9 zdroje. Najvypuklej\u0161ie sa to ukazuje v rezorte \u017eivotn\u00e9ho [&hellip;]\" \/>\n<meta property=\"og:url\" content=\"https:\/\/www.smedemokrati.sk\/sv\/plan-obnovy-trpi-na-lajdactvo-a-neodbornost-ficovej-vlady-ziadosti-o-platbu-prichadzaju-neskoro-v-babractve-ma-prvenstvo-taraba\/\" \/>\n<meta property=\"og:site_name\" content=\"Smedemokrati.sk\" \/>\n<meta property=\"article:publisher\" content=\"https:\/\/www.facebook.com\/smedemokrati2023\" \/>\n<meta property=\"article:published_time\" content=\"2025-05-13T14:17:30+00:00\" \/>\n<meta property=\"article:modified_time\" content=\"2025-05-13T14:17:31+00:00\" \/>\n<meta property=\"og:image\" content=\"https:\/\/www.smedemokrati.sk\/wp-content\/uploads\/2025\/05\/slimaci.jpg\" \/>\n\t<meta property=\"og:image:width\" content=\"945\" \/>\n\t<meta property=\"og:image:height\" content=\"487\" \/>\n\t<meta property=\"og:image:type\" content=\"image\/jpeg\" \/>\n<meta name=\"author\" content=\"miro.sopko\" \/>\n<meta name=\"twitter:card\" content=\"summary_large_image\" \/>\n<meta name=\"twitter:label1\" content=\"Skriven av\" \/>\n\t<meta name=\"twitter:data1\" content=\"miro.sopko\" \/>\n\t<meta name=\"twitter:label2\" content=\"Ber\u00e4knad l\u00e4stid\" \/>\n\t<meta name=\"twitter:data2\" content=\"3 minuter\" \/>\n<script type=\"application\/ld+json\" class=\"yoast-schema-graph\">{\"@context\":\"https:\/\/schema.org\",\"@graph\":[{\"@type\":\"Article\",\"@id\":\"https:\/\/www.smedemokrati.sk\/plan-obnovy-trpi-na-lajdactvo-a-neodbornost-ficovej-vlady-ziadosti-o-platbu-prichadzaju-neskoro-v-babractve-ma-prvenstvo-taraba\/#article\",\"isPartOf\":{\"@id\":\"https:\/\/www.smedemokrati.sk\/plan-obnovy-trpi-na-lajdactvo-a-neodbornost-ficovej-vlady-ziadosti-o-platbu-prichadzaju-neskoro-v-babractve-ma-prvenstvo-taraba\/\"},\"author\":{\"name\":\"miro.sopko\",\"@id\":\"https:\/\/www.smedemokrati.sk\/#\/schema\/person\/21f147c88d605aa7ded900e1e7c344ba\"},\"headline\":\"Pl\u00e1n obnovy trp\u00ed na lajd\u00e1ctvo a neodbornos\u0165 Ficovej vl\u00e1dy, \u017eiadosti o platbu prich\u00e1dzaj\u00fa neskoro! V babr\u00e1ctve m\u00e1 prvenstvo Taraba\",\"datePublished\":\"2025-05-13T14:17:30+00:00\",\"dateModified\":\"2025-05-13T14:17:31+00:00\",\"mainEntityOfPage\":{\"@id\":\"https:\/\/www.smedemokrati.sk\/plan-obnovy-trpi-na-lajdactvo-a-neodbornost-ficovej-vlady-ziadosti-o-platbu-prichadzaju-neskoro-v-babractve-ma-prvenstvo-taraba\/\"},\"wordCount\":475,\"publisher\":{\"@id\":\"https:\/\/www.smedemokrati.sk\/#organization\"},\"image\":{\"@id\":\"https:\/\/www.smedemokrati.sk\/plan-obnovy-trpi-na-lajdactvo-a-neodbornost-ficovej-vlady-ziadosti-o-platbu-prichadzaju-neskoro-v-babractve-ma-prvenstvo-taraba\/#primaryimage\"},\"thumbnailUrl\":\"https:\/\/www.smedemokrati.sk\/wp-content\/uploads\/2025\/05\/slimaci.jpg\",\"articleSection\":[\"Tla\u010dov\u00e9 spr\u00e1vy\"],\"inLanguage\":\"sv-SE\"},{\"@type\":\"WebPage\",\"@id\":\"https:\/\/www.smedemokrati.sk\/plan-obnovy-trpi-na-lajdactvo-a-neodbornost-ficovej-vlady-ziadosti-o-platbu-prichadzaju-neskoro-v-babractve-ma-prvenstvo-taraba\/\",\"url\":\"https:\/\/www.smedemokrati.sk\/plan-obnovy-trpi-na-lajdactvo-a-neodbornost-ficovej-vlady-ziadosti-o-platbu-prichadzaju-neskoro-v-babractve-ma-prvenstvo-taraba\/\",\"name\":\"Pl\u00e1n obnovy trp\u00ed na lajd\u00e1ctvo a neodbornos\u0165 Ficovej vl\u00e1dy, \u017eiadosti o platbu prich\u00e1dzaj\u00fa neskoro! V babr\u00e1ctve m\u00e1 prvenstvo Taraba\",\"isPartOf\":{\"@id\":\"https:\/\/www.smedemokrati.sk\/#website\"},\"primaryImageOfPage\":{\"@id\":\"https:\/\/www.smedemokrati.sk\/plan-obnovy-trpi-na-lajdactvo-a-neodbornost-ficovej-vlady-ziadosti-o-platbu-prichadzaju-neskoro-v-babractve-ma-prvenstvo-taraba\/#primaryimage\"},\"image\":{\"@id\":\"https:\/\/www.smedemokrati.sk\/plan-obnovy-trpi-na-lajdactvo-a-neodbornost-ficovej-vlady-ziadosti-o-platbu-prichadzaju-neskoro-v-babractve-ma-prvenstvo-taraba\/#primaryimage\"},\"thumbnailUrl\":\"https:\/\/www.smedemokrati.sk\/wp-content\/uploads\/2025\/05\/slimaci.jpg\",\"datePublished\":\"2025-05-13T14:17:30+00:00\",\"dateModified\":\"2025-05-13T14:17:31+00:00\",\"breadcrumb\":{\"@id\":\"https:\/\/www.smedemokrati.sk\/plan-obnovy-trpi-na-lajdactvo-a-neodbornost-ficovej-vlady-ziadosti-o-platbu-prichadzaju-neskoro-v-babractve-ma-prvenstvo-taraba\/#breadcrumb\"},\"inLanguage\":\"sv-SE\",\"potentialAction\":[{\"@type\":\"ReadAction\",\"target\":[\"https:\/\/www.smedemokrati.sk\/plan-obnovy-trpi-na-lajdactvo-a-neodbornost-ficovej-vlady-ziadosti-o-platbu-prichadzaju-neskoro-v-babractve-ma-prvenstvo-taraba\/\"]}]},{\"@type\":\"ImageObject\",\"inLanguage\":\"sv-SE\",\"@id\":\"https:\/\/www.smedemokrati.sk\/plan-obnovy-trpi-na-lajdactvo-a-neodbornost-ficovej-vlady-ziadosti-o-platbu-prichadzaju-neskoro-v-babractve-ma-prvenstvo-taraba\/#primaryimage\",\"url\":\"https:\/\/www.smedemokrati.sk\/wp-content\/uploads\/2025\/05\/slimaci.jpg\",\"contentUrl\":\"https:\/\/www.smedemokrati.sk\/wp-content\/uploads\/2025\/05\/slimaci.jpg\",\"width\":945,\"height\":487},{\"@type\":\"BreadcrumbList\",\"@id\":\"https:\/\/www.smedemokrati.sk\/plan-obnovy-trpi-na-lajdactvo-a-neodbornost-ficovej-vlady-ziadosti-o-platbu-prichadzaju-neskoro-v-babractve-ma-prvenstvo-taraba\/#breadcrumb\",\"itemListElement\":[{\"@type\":\"ListItem\",\"position\":1,\"name\":\"Domovsk\u00e1 str\u00e1nka\",\"item\":\"https:\/\/www.smedemokrati.sk\/\"},{\"@type\":\"ListItem\",\"position\":2,\"name\":\"Pl\u00e1n obnovy trp\u00ed na lajd\u00e1ctvo a neodbornos\u0165 Ficovej vl\u00e1dy, \u017eiadosti o platbu prich\u00e1dzaj\u00fa neskoro! V babr\u00e1ctve m\u00e1 prvenstvo Taraba\"}]},{\"@type\":\"WebSite\",\"@id\":\"https:\/\/www.smedemokrati.sk\/#website\",\"url\":\"https:\/\/www.smedemokrati.sk\/\",\"name\":\"Smedemokrati.sk\",\"description\":\"Demokracia a slu\u0161nos\u0165 zv\u00ed\u0165az\u00ed\",\"publisher\":{\"@id\":\"https:\/\/www.smedemokrati.sk\/#organization\"},\"potentialAction\":[{\"@type\":\"SearchAction\",\"target\":{\"@type\":\"EntryPoint\",\"urlTemplate\":\"https:\/\/www.smedemokrati.sk\/?s={search_term_string}\"},\"query-input\":{\"@type\":\"PropertyValueSpecification\",\"valueRequired\":true,\"valueName\":\"search_term_string\"}}],\"inLanguage\":\"sv-SE\"},{\"@type\":\"Organization\",\"@id\":\"https:\/\/www.smedemokrati.sk\/#organization\",\"name\":\"Smedemokrati.sk\",\"url\":\"https:\/\/www.smedemokrati.sk\/\",\"logo\":{\"@type\":\"ImageObject\",\"inLanguage\":\"sv-SE\",\"@id\":\"https:\/\/www.smedemokrati.sk\/#\/schema\/logo\/image\/\",\"url\":\"https:\/\/www.smedemokrati.sk\/wp-content\/uploads\/2023\/04\/ff.002.jpeg\",\"contentUrl\":\"https:\/\/www.smedemokrati.sk\/wp-content\/uploads\/2023\/04\/ff.002.jpeg\",\"width\":640,\"height\":480,\"caption\":\"Smedemokrati.sk\"},\"image\":{\"@id\":\"https:\/\/www.smedemokrati.sk\/#\/schema\/logo\/image\/\"},\"sameAs\":[\"https:\/\/www.facebook.com\/smedemokrati2023\"]},{\"@type\":\"Person\",\"@id\":\"https:\/\/www.smedemokrati.sk\/#\/schema\/person\/21f147c88d605aa7ded900e1e7c344ba\",\"name\":\"miro.sopko\",\"image\":{\"@type\":\"ImageObject\",\"inLanguage\":\"sv-SE\",\"@id\":\"https:\/\/secure.gravatar.com\/avatar\/267e4a36f704376c109afe3a78740c1f5dd8675a2180a908699e7863c9247606?s=96&d=mm&r=g\",\"url\":\"https:\/\/secure.gravatar.com\/avatar\/267e4a36f704376c109afe3a78740c1f5dd8675a2180a908699e7863c9247606?s=96&d=mm&r=g\",\"contentUrl\":\"https:\/\/secure.gravatar.com\/avatar\/267e4a36f704376c109afe3a78740c1f5dd8675a2180a908699e7863c9247606?s=96&d=mm&r=g\",\"caption\":\"miro.sopko\"},\"url\":\"https:\/\/www.smedemokrati.sk\/sv\/author\/miro-sopko\/\"}]}<\/script>\n<!-- \/ Yoast SEO plugin. -->","yoast_head_json":{"title":"Pl\u00e1n obnovy trp\u00ed na lajd\u00e1ctvo a neodbornos\u0165 Ficovej vl\u00e1dy, \u017eiadosti o platbu prich\u00e1dzaj\u00fa neskoro! V babr\u00e1ctve m\u00e1 prvenstvo Taraba","robots":{"index":"index","follow":"follow","max-snippet":"max-snippet:-1","max-image-preview":"max-image-preview:large","max-video-preview":"max-video-preview:-1"},"canonical":"https:\/\/www.smedemokrati.sk\/sv\/plan-obnovy-trpi-na-lajdactvo-a-neodbornost-ficovej-vlady-ziadosti-o-platbu-prichadzaju-neskoro-v-babractve-ma-prvenstvo-taraba\/","og_locale":"sv_SE","og_type":"article","og_title":"[:sk]Pl\u00e1n obnovy trp\u00ed na lajd\u00e1ctvo a neodbornos\u0165 Ficovej vl\u00e1dy, \u017eiadosti o platbu prich\u00e1dzaj\u00fa neskoro! V babr\u00e1ctve m\u00e1 prvenstvo Taraba[:] - Smedemokrati.sk","og_description":"Expremi\u00e9r Eduard Heger kritizuje \u00farad popdredsedu vl\u00e1dy Petra Kmeca pre pomal\u00e9 vypracovanie \u017eiadost\u00ed \u010fal\u0161\u00edch platieb k Pl\u00e1nu obnovy. Hovor\u00ed tie\u017e, \u017ee zmena \u00fa\u010delu fian\u010dn\u00fdch prostriedkov, ktor\u00e9 by mala EK dnes schv\u00e1li\u0165 znamen\u00e1, \u017ee Slovensko pod veden\u00edm Roberta Fica nie je dobr\u00fdm hospod\u00e1rom a nevie dobre mana\u017eova\u0165 finan\u010dn\u00e9 zdroje. Najvypuklej\u0161ie sa to ukazuje v rezorte \u017eivotn\u00e9ho [&hellip;]","og_url":"https:\/\/www.smedemokrati.sk\/sv\/plan-obnovy-trpi-na-lajdactvo-a-neodbornost-ficovej-vlady-ziadosti-o-platbu-prichadzaju-neskoro-v-babractve-ma-prvenstvo-taraba\/","og_site_name":"Smedemokrati.sk","article_publisher":"https:\/\/www.facebook.com\/smedemokrati2023","article_published_time":"2025-05-13T14:17:30+00:00","article_modified_time":"2025-05-13T14:17:31+00:00","og_image":[{"width":945,"height":487,"url":"https:\/\/www.smedemokrati.sk\/wp-content\/uploads\/2025\/05\/slimaci.jpg","type":"image\/jpeg"}],"author":"miro.sopko","twitter_card":"summary_large_image","twitter_misc":{"Skriven av":"miro.sopko","Ber\u00e4knad l\u00e4stid":"3 minuter"},"schema":{"@context":"https:\/\/schema.org","@graph":[{"@type":"Article","@id":"https:\/\/www.smedemokrati.sk\/plan-obnovy-trpi-na-lajdactvo-a-neodbornost-ficovej-vlady-ziadosti-o-platbu-prichadzaju-neskoro-v-babractve-ma-prvenstvo-taraba\/#article","isPartOf":{"@id":"https:\/\/www.smedemokrati.sk\/plan-obnovy-trpi-na-lajdactvo-a-neodbornost-ficovej-vlady-ziadosti-o-platbu-prichadzaju-neskoro-v-babractve-ma-prvenstvo-taraba\/"},"author":{"name":"miro.sopko","@id":"https:\/\/www.smedemokrati.sk\/#\/schema\/person\/21f147c88d605aa7ded900e1e7c344ba"},"headline":"Pl\u00e1n obnovy trp\u00ed na lajd\u00e1ctvo a neodbornos\u0165 Ficovej vl\u00e1dy, \u017eiadosti o platbu prich\u00e1dzaj\u00fa neskoro! V babr\u00e1ctve m\u00e1 prvenstvo Taraba","datePublished":"2025-05-13T14:17:30+00:00","dateModified":"2025-05-13T14:17:31+00:00","mainEntityOfPage":{"@id":"https:\/\/www.smedemokrati.sk\/plan-obnovy-trpi-na-lajdactvo-a-neodbornost-ficovej-vlady-ziadosti-o-platbu-prichadzaju-neskoro-v-babractve-ma-prvenstvo-taraba\/"},"wordCount":475,"publisher":{"@id":"https:\/\/www.smedemokrati.sk\/#organization"},"image":{"@id":"https:\/\/www.smedemokrati.sk\/plan-obnovy-trpi-na-lajdactvo-a-neodbornost-ficovej-vlady-ziadosti-o-platbu-prichadzaju-neskoro-v-babractve-ma-prvenstvo-taraba\/#primaryimage"},"thumbnailUrl":"https:\/\/www.smedemokrati.sk\/wp-content\/uploads\/2025\/05\/slimaci.jpg","articleSection":["Tla\u010dov\u00e9 spr\u00e1vy"],"inLanguage":"sv-SE"},{"@type":"WebPage","@id":"https:\/\/www.smedemokrati.sk\/plan-obnovy-trpi-na-lajdactvo-a-neodbornost-ficovej-vlady-ziadosti-o-platbu-prichadzaju-neskoro-v-babractve-ma-prvenstvo-taraba\/","url":"https:\/\/www.smedemokrati.sk\/plan-obnovy-trpi-na-lajdactvo-a-neodbornost-ficovej-vlady-ziadosti-o-platbu-prichadzaju-neskoro-v-babractve-ma-prvenstvo-taraba\/","name":"Pl\u00e1n obnovy trp\u00ed na lajd\u00e1ctvo a neodbornos\u0165 Ficovej vl\u00e1dy, \u017eiadosti o platbu prich\u00e1dzaj\u00fa neskoro! V babr\u00e1ctve m\u00e1 prvenstvo Taraba","isPartOf":{"@id":"https:\/\/www.smedemokrati.sk\/#website"},"primaryImageOfPage":{"@id":"https:\/\/www.smedemokrati.sk\/plan-obnovy-trpi-na-lajdactvo-a-neodbornost-ficovej-vlady-ziadosti-o-platbu-prichadzaju-neskoro-v-babractve-ma-prvenstvo-taraba\/#primaryimage"},"image":{"@id":"https:\/\/www.smedemokrati.sk\/plan-obnovy-trpi-na-lajdactvo-a-neodbornost-ficovej-vlady-ziadosti-o-platbu-prichadzaju-neskoro-v-babractve-ma-prvenstvo-taraba\/#primaryimage"},"thumbnailUrl":"https:\/\/www.smedemokrati.sk\/wp-content\/uploads\/2025\/05\/slimaci.jpg","datePublished":"2025-05-13T14:17:30+00:00","dateModified":"2025-05-13T14:17:31+00:00","breadcrumb":{"@id":"https:\/\/www.smedemokrati.sk\/plan-obnovy-trpi-na-lajdactvo-a-neodbornost-ficovej-vlady-ziadosti-o-platbu-prichadzaju-neskoro-v-babractve-ma-prvenstvo-taraba\/#breadcrumb"},"inLanguage":"sv-SE","potentialAction":[{"@type":"ReadAction","target":["https:\/\/www.smedemokrati.sk\/plan-obnovy-trpi-na-lajdactvo-a-neodbornost-ficovej-vlady-ziadosti-o-platbu-prichadzaju-neskoro-v-babractve-ma-prvenstvo-taraba\/"]}]},{"@type":"ImageObject","inLanguage":"sv-SE","@id":"https:\/\/www.smedemokrati.sk\/plan-obnovy-trpi-na-lajdactvo-a-neodbornost-ficovej-vlady-ziadosti-o-platbu-prichadzaju-neskoro-v-babractve-ma-prvenstvo-taraba\/#primaryimage","url":"https:\/\/www.smedemokrati.sk\/wp-content\/uploads\/2025\/05\/slimaci.jpg","contentUrl":"https:\/\/www.smedemokrati.sk\/wp-content\/uploads\/2025\/05\/slimaci.jpg","width":945,"height":487},{"@type":"BreadcrumbList","@id":"https:\/\/www.smedemokrati.sk\/plan-obnovy-trpi-na-lajdactvo-a-neodbornost-ficovej-vlady-ziadosti-o-platbu-prichadzaju-neskoro-v-babractve-ma-prvenstvo-taraba\/#breadcrumb","itemListElement":[{"@type":"ListItem","position":1,"name":"Domovsk\u00e1 str\u00e1nka","item":"https:\/\/www.smedemokrati.sk\/"},{"@type":"ListItem","position":2,"name":"Pl\u00e1n obnovy trp\u00ed na lajd\u00e1ctvo a neodbornos\u0165 Ficovej vl\u00e1dy, \u017eiadosti o platbu prich\u00e1dzaj\u00fa neskoro! V babr\u00e1ctve m\u00e1 prvenstvo Taraba"}]},{"@type":"WebSite","@id":"https:\/\/www.smedemokrati.sk\/#website","url":"https:\/\/www.smedemokrati.sk\/","name":"Smedemokrati.sk","description":"Demokracia a slu\u0161nos\u0165 zv\u00ed\u0165az\u00ed","publisher":{"@id":"https:\/\/www.smedemokrati.sk\/#organization"},"potentialAction":[{"@type":"SearchAction","target":{"@type":"EntryPoint","urlTemplate":"https:\/\/www.smedemokrati.sk\/?s={search_term_string}"},"query-input":{"@type":"PropertyValueSpecification","valueRequired":true,"valueName":"search_term_string"}}],"inLanguage":"sv-SE"},{"@type":"Organization","@id":"https:\/\/www.smedemokrati.sk\/#organization","name":"Smedemokrati.sk","url":"https:\/\/www.smedemokrati.sk\/","logo":{"@type":"ImageObject","inLanguage":"sv-SE","@id":"https:\/\/www.smedemokrati.sk\/#\/schema\/logo\/image\/","url":"https:\/\/www.smedemokrati.sk\/wp-content\/uploads\/2023\/04\/ff.002.jpeg","contentUrl":"https:\/\/www.smedemokrati.sk\/wp-content\/uploads\/2023\/04\/ff.002.jpeg","width":640,"height":480,"caption":"Smedemokrati.sk"},"image":{"@id":"https:\/\/www.smedemokrati.sk\/#\/schema\/logo\/image\/"},"sameAs":["https:\/\/www.facebook.com\/smedemokrati2023"]},{"@type":"Person","@id":"https:\/\/www.smedemokrati.sk\/#\/schema\/person\/21f147c88d605aa7ded900e1e7c344ba","name":"miro.sopko","image":{"@type":"ImageObject","inLanguage":"sv-SE","@id":"https:\/\/secure.gravatar.com\/avatar\/267e4a36f704376c109afe3a78740c1f5dd8675a2180a908699e7863c9247606?s=96&d=mm&r=g","url":"https:\/\/secure.gravatar.com\/avatar\/267e4a36f704376c109afe3a78740c1f5dd8675a2180a908699e7863c9247606?s=96&d=mm&r=g","contentUrl":"https:\/\/secure.gravatar.com\/avatar\/267e4a36f704376c109afe3a78740c1f5dd8675a2180a908699e7863c9247606?s=96&d=mm&r=g","caption":"miro.sopko"},"url":"https:\/\/www.smedemokrati.sk\/sv\/author\/miro-sopko\/"}]}},"_links":{"self":[{"href":"https:\/\/www.smedemokrati.sk\/sv\/wp-json\/wp\/v2\/posts\/7195","targetHints":{"allow":["GET"]}}],"collection":[{"href":"https:\/\/www.smedemokrati.sk\/sv\/wp-json\/wp\/v2\/posts"}],"about":[{"href":"https:\/\/www.smedemokrati.sk\/sv\/wp-json\/wp\/v2\/types\/post"}],"author":[{"embeddable":true,"href":"https:\/\/www.smedemokrati.sk\/sv\/wp-json\/wp\/v2\/users\/13"}],"replies":[{"embeddable":true,"href":"https:\/\/www.smedemokrati.sk\/sv\/wp-json\/wp\/v2\/comments?post=7195"}],"version-history":[{"count":1,"href":"https:\/\/www.smedemokrati.sk\/sv\/wp-json\/wp\/v2\/posts\/7195\/revisions"}],"predecessor-version":[{"id":7197,"href":"https:\/\/www.smedemokrati.sk\/sv\/wp-json\/wp\/v2\/posts\/7195\/revisions\/7197"}],"wp:featuredmedia":[{"embeddable":true,"href":"https:\/\/www.smedemokrati.sk\/sv\/wp-json\/wp\/v2\/media\/7196"}],"wp:attachment":[{"href":"https:\/\/www.smedemokrati.sk\/sv\/wp-json\/wp\/v2\/media?parent=7195"}],"wp:term":[{"taxonomy":"category","embeddable":true,"href":"https:\/\/www.smedemokrati.sk\/sv\/wp-json\/wp\/v2\/categories?post=7195"},{"taxonomy":"post_tag","embeddable":true,"href":"https:\/\/www.smedemokrati.sk\/sv\/wp-json\/wp\/v2\/tags?post=7195"}],"curies":[{"name":"wp","href":"https:\/\/api.w.org\/{rel}","templated":true}]}}