{"id":7157,"date":"2025-05-06T14:50:04","date_gmt":"2025-05-06T13:50:04","guid":{"rendered":"https:\/\/www.smedemokrati.sk\/?p=7157"},"modified":"2025-05-06T16:05:31","modified_gmt":"2025-05-06T15:05:31","slug":"obvinenie-na-juraja-seligu-je-zrusene-podla-prokuratury-bolo-v-celom-rozsahu-nezakonne","status":"publish","type":"post","link":"https:\/\/www.smedemokrati.sk\/sv\/obvinenie-na-juraja-seligu-je-zrusene-podla-prokuratury-bolo-v-celom-rozsahu-nezakonne\/","title":{"rendered":"Obvinenie na Juraja \u0160eligu je zru\u0161en\u00e9, pod\u013ea prokurat\u00fary bolo v celom rozsahu nez\u00e1konn\u00e9"},"content":{"rendered":"<div id=\"fb-root\"><\/div>\n\n<p><strong>Prokurat\u00fara rozhodla o zru\u0161en\u00ed obvinenia z podnecovania, ktor\u00e9ho sa mal dopusti\u0165 podpredseda strany Demokrati Juraja \u0160eligu. V od\u00f4vodnen\u00ed poukazuje na viacer\u00e9 procesn\u00e9 zlyhania vy\u0161etrovate\u013ea a vy\u010d\u00edta mu napr\u00edklad, \u017ee nevypo\u010dul ani poradcu premi\u00e9ra D. Lindtnera, ktor\u00fd trestn\u00e9 ozn\u00e1menie podal a ani Juraja \u0160eligu a potvrdzuje, \u017ee podpredseda Demokratov nevyjadril \u017eiadny z\u00e1mer priamo podnecova\u0165 in\u00e9 osoby k neleg\u00e1lnemu alebo n\u00e1siln\u00e9mu konaniu. Demokrati ozna\u010duj\u00fa obvinenie, ktor\u00e9 prokurat\u00fara zru\u0161ila, preto\u017ee je v celom rozsahu nez\u00e1konn\u00e9, za politick\u00fa objedn\u00e1vku.&nbsp;<\/strong><\/p>\n\n\n\n<p>Trestn\u00e9 ozn\u00e1menie podal poradca premi\u00e9ra, ob\u017ealovan\u00fd advok\u00e1t D\u00e1vid Lindtner:&nbsp;<em><em>\u201e<\/em>Nebudem hodnoti\u0165 odborn\u00fa \u00farove\u0148 D\u00e1vida Lindtnera, ktor\u00e1 je aj na z\u00e1klade tohto zru\u0161en\u00e9ho obvinenia zna\u010dne limitovan\u00e1. Chcem ale upozorni\u0165 na to, \u017ee poradca premi\u00e9ra, platen\u00fd z na\u0161ich pe\u0148az\u00ed m\u00e1 zjavne vo svojej pracovnej n\u00e1plni h\u013eada\u0165 \u010doko\u013evek, \u010do m\u00f4\u017ee nejak\u00fdm sp\u00f4sobom o\u010dierni\u0165 opoz\u00edciu.&#8221;<\/em>&nbsp;Otv\u00e1ra t\u00e9mu Juraj \u0160eliga a pokra\u010duje vysvet\u013eovan\u00edm d\u00f4vodov z uznesenia, na z\u00e1klade ktor\u00fdch sa prokurat\u00fara rozhodla obvinenie zru\u0161i\u0165.<\/p>\n\n\n\n<p><em><em>\u201e<\/em>Prokurat\u00fara p\u00ed\u0161e, \u017ee trestn\u00e9 st\u00edhanie, teda obvinenie, bolo vydan\u00e9 pred\u010dasne a v rozpore so zisten\u00edm skutkov\u00e9ho stavu a bolo nedostato\u010dne od\u00f4vodnen\u00e9. Tie\u017e uv\u00e1dza, \u017ee vy\u0161etrovate\u013e mal dopo\u010du\u0165 oznamovate\u013ea, teda poradcu premi\u00e9ra Lindtnera a tie\u017e m\u0148a ako podozriv\u00fa osobu a zabezpe\u010di\u0165 v\u0161etky listinn\u00e9 podklady za \u00fa\u010delom \u010fal\u0161ieho postupu. Ni\u010d z toho sa ale nestalo.&#8221;&nbsp;<\/em>Povedal Juraj \u0160eliga a pokra\u010duje, \u017ee prokurat\u00fara vy\u010d\u00edta vy\u0161etrovate\u013eovi, \u017ee obvinenie bolo vznesen\u00e9 na z\u00e1klade v\u00fdrokov vytrhnut\u00fdch z kontextu a tie\u017e uv\u00e1dza, \u017ee i\u0161lo o prejav politick\u00e9ho n\u00e1tlaku, ktor\u00fd je chr\u00e1nen\u00fd pr\u00e1vom na slobodu prejavu, ktor\u00fd je v s\u00falade s Eur\u00f3pskym dohovorom.<\/p>\n\n\n\n<p>Jaroslav Na\u010f nazna\u010duje, \u017ee poradca premi\u00e9ra zrejme na\u0161iel <em>\u201e<\/em>vhodn\u00e9ho&#8221; vy\u0161etrovate\u013ea, ktor\u00fd s\u00edce nar\u00fdchlo obvinil Juraja \u0160eligu, no v \u017eiadnom pr\u00edpade nepostupoval pod\u013ea protokolu:&nbsp;<em><em>\u201e<\/em>Prokurat\u00fara vo svojom rozhodnut\u00ed prizvukuje, \u017ee nebolo \u017eiadnym sp\u00f4sobom vykonan\u00e9 \u017eiadne dokazovanie, \u017eiadne procesn\u00e9 \u00fakony, tie\u017e vyt\u00fdka, \u017ee o veci nebola ofici\u00e1lne vyrozumen\u00e1 pr\u00edslu\u0161n\u00e1 prokurat\u00fara a tie\u017e napr\u00edklad to, \u017ee audiovizu\u00e1lny z\u00e1znam na CD nosi\u010di, ktor\u00fd je vo vy\u0161etrovacom spise, bol zalo\u017een\u00fd bez ak\u00e9hoko\u013evek listinn\u00e9ho podkladu. Zr\u00e1tan\u00e9 a pod\u010diarknut\u00e9, bolo to obvinenie na &#8221;objedn\u00e1vku&#8221;, ktor\u00e9 uk\u00e1zalo na jednej strane apet\u00edt vl\u00e1dy odstavi\u0165 Demokratov a na druhej strane ich babr\u00e1ctvo.&#8221;&nbsp;<\/em><\/p>\n\n\n\n<p>Koncom apr\u00edla sa v m\u00e9di\u00e1ch objavila inform\u00e1cia, \u017ee podpredseda Demokratov Juraj \u0160eliga, je obvinen\u00fd z podnecovania pri tla\u010dovej konferencii vo Ve\u013ekej Ma\u010di. Dnes (6. m\u00e1ja 2025) si bol Juraj \u0160eliga uznesenie o obvinen\u00ed osobne prevzia\u0165, pri\u010dom sa hne\u010f na okresnom riadite\u013estve PZ v Galante z ofici\u00e1lneho rozhodnutia dozvedel, \u017ee prokurat\u00fara&nbsp;obvinenie zru\u0161ila, preto\u017ee bolo v celom rozsahu nez\u00e1konn\u00e9.<\/p>\n\n\n\n<div class=\"wp-block-file\"><a id=\"wp-block-file--media-9fdb1130-1774-45e6-abc0-8c195cfc57c8\" href=\"https:\/\/www.smedemokrati.sk\/wp-content\/uploads\/2025\/05\/Uznesenie-Seliga.pdf\" target=\"_blank\" rel=\"noreferrer noopener\">Uznesenie-S\u030celiga<\/a><a href=\"https:\/\/www.smedemokrati.sk\/wp-content\/uploads\/2025\/05\/Uznesenie-Seliga.pdf\" class=\"wp-block-file__button wp-element-button\" download aria-describedby=\"wp-block-file--media-9fdb1130-1774-45e6-abc0-8c195cfc57c8\">Stiahnu\u0165<\/a><\/div>\n\n\n<div class=\"fb-video\" data-href=\"https:\/\/fb.watch\/zpLwsgaXrq\" data-allowfullscreen=\"true\" data-autoplay=\"false\" data-width=\"\" data-show-text=\"false\" data-show-captions=\"true\"><\/div>\n","protected":false},"excerpt":{"rendered":"<p>Prokurat\u00fara rozhodla o zru\u0161en\u00ed obvinenia z podnecovania, ktor\u00e9ho sa mal dopusti\u0165 podpredseda strany Demokrati Juraja \u0160eligu. V od\u00f4vodnen\u00ed poukazuje na viacer\u00e9 procesn\u00e9 zlyhania vy\u0161etrovate\u013ea a vy\u010d\u00edta mu napr\u00edklad, \u017ee nevypo\u010dul ani poradcu premi\u00e9ra D. Lindtnera, ktor\u00fd trestn\u00e9 ozn\u00e1menie podal a ani Juraja \u0160eligu a potvrdzuje, \u017ee podpredseda Demokratov nevyjadril \u017eiadny z\u00e1mer priamo podnecova\u0165 in\u00e9 osoby [&hellip;]<\/p>\n","protected":false},"author":13,"featured_media":7158,"comment_status":"closed","ping_status":"closed","sticky":false,"template":"","format":"standard","meta":{"_acf_changed":false,"ngg_post_thumbnail":0,"footnotes":""},"categories":[4],"tags":[],"class_list":["post-7157","post","type-post","status-publish","format-standard","has-post-thumbnail","hentry","category-tlacove-spravy"],"acf":[],"yoast_head":"<!-- This site is optimized with the Yoast SEO plugin v27.2 - https:\/\/yoast.com\/product\/yoast-seo-wordpress\/ -->\n<title>Obvinenie na Juraja \u0160eligu je zru\u0161en\u00e9, pod\u013ea prokurat\u00fary bolo v celom rozsahu nez\u00e1konn\u00e9<\/title>\n<meta name=\"robots\" content=\"index, follow, max-snippet:-1, max-image-preview:large, max-video-preview:-1\" \/>\n<link rel=\"canonical\" href=\"https:\/\/www.smedemokrati.sk\/sv\/obvinenie-na-juraja-seligu-je-zrusene-podla-prokuratury-bolo-v-celom-rozsahu-nezakonne\/\" \/>\n<meta property=\"og:locale\" content=\"sv_SE\" \/>\n<meta property=\"og:locale:alternate\" content=\"en_US\" \/>\n<meta property=\"og:locale:alternate\" content=\"cs_CZ\" \/>\n<meta property=\"og:locale:alternate\" content=\"hu_HU\" \/>\n<meta property=\"og:locale:alternate\" content=\"sk_SK\" \/>\n<meta property=\"og:type\" content=\"article\" \/>\n<meta property=\"og:title\" content=\"Obvinenie na Juraja \u0160eligu je zru\u0161en\u00e9, pod\u013ea prokurat\u00fary bolo v celom rozsahu nez\u00e1konn\u00e9\" \/>\n<meta property=\"og:description\" content=\"Prokurat\u00fara rozhodla o zru\u0161en\u00ed obvinenia z podnecovania, ktor\u00e9ho sa mal dopusti\u0165 podpredseda strany Demokrati Juraja \u0160eligu. V od\u00f4vodnen\u00ed poukazuje na viacer\u00e9 procesn\u00e9 zlyhania vy\u0161etrovate\u013ea a vy\u010d\u00edta mu napr\u00edklad, \u017ee nevypo\u010dul ani poradcu premi\u00e9ra D. Lindtnera, ktor\u00fd trestn\u00e9 ozn\u00e1menie podal a ani Juraja \u0160eligu a potvrdzuje, \u017ee podpredseda Demokratov nevyjadril \u017eiadny z\u00e1mer priamo podnecova\u0165 in\u00e9 osoby [&hellip;]\" \/>\n<meta property=\"og:url\" content=\"https:\/\/www.smedemokrati.sk\/sv\/obvinenie-na-juraja-seligu-je-zrusene-podla-prokuratury-bolo-v-celom-rozsahu-nezakonne\/\" \/>\n<meta property=\"og:site_name\" content=\"Smedemokrati.sk\" \/>\n<meta property=\"article:publisher\" content=\"https:\/\/www.facebook.com\/smedemokrati2023\" \/>\n<meta property=\"article:published_time\" content=\"2025-05-06T13:50:04+00:00\" \/>\n<meta property=\"article:modified_time\" content=\"2025-05-06T15:05:31+00:00\" \/>\n<meta property=\"og:image\" content=\"https:\/\/www.smedemokrati.sk\/wp-content\/uploads\/2025\/05\/seliga-zrusenie-obvinenia.jpg\" \/>\n\t<meta property=\"og:image:width\" content=\"927\" \/>\n\t<meta property=\"og:image:height\" content=\"496\" \/>\n\t<meta property=\"og:image:type\" content=\"image\/jpeg\" \/>\n<meta name=\"author\" content=\"miro.sopko\" \/>\n<meta name=\"twitter:card\" content=\"summary_large_image\" \/>\n<meta name=\"twitter:label1\" content=\"Skriven av\" \/>\n\t<meta name=\"twitter:data1\" content=\"miro.sopko\" \/>\n\t<meta name=\"twitter:label2\" content=\"Ber\u00e4knad l\u00e4stid\" \/>\n\t<meta name=\"twitter:data2\" content=\"3 minuter\" \/>\n<script type=\"application\/ld+json\" class=\"yoast-schema-graph\">{\"@context\":\"https:\/\/schema.org\",\"@graph\":[{\"@type\":\"Article\",\"@id\":\"https:\/\/www.smedemokrati.sk\/obvinenie-na-juraja-seligu-je-zrusene-podla-prokuratury-bolo-v-celom-rozsahu-nezakonne\/#article\",\"isPartOf\":{\"@id\":\"https:\/\/www.smedemokrati.sk\/obvinenie-na-juraja-seligu-je-zrusene-podla-prokuratury-bolo-v-celom-rozsahu-nezakonne\/\"},\"author\":{\"name\":\"miro.sopko\",\"@id\":\"https:\/\/www.smedemokrati.sk\/#\/schema\/person\/21f147c88d605aa7ded900e1e7c344ba\"},\"headline\":\"Obvinenie na Juraja \u0160eligu je zru\u0161en\u00e9, pod\u013ea prokurat\u00fary bolo v celom rozsahu nez\u00e1konn\u00e9\",\"datePublished\":\"2025-05-06T13:50:04+00:00\",\"dateModified\":\"2025-05-06T15:05:31+00:00\",\"mainEntityOfPage\":{\"@id\":\"https:\/\/www.smedemokrati.sk\/obvinenie-na-juraja-seligu-je-zrusene-podla-prokuratury-bolo-v-celom-rozsahu-nezakonne\/\"},\"wordCount\":557,\"publisher\":{\"@id\":\"https:\/\/www.smedemokrati.sk\/#organization\"},\"image\":{\"@id\":\"https:\/\/www.smedemokrati.sk\/obvinenie-na-juraja-seligu-je-zrusene-podla-prokuratury-bolo-v-celom-rozsahu-nezakonne\/#primaryimage\"},\"thumbnailUrl\":\"https:\/\/www.smedemokrati.sk\/wp-content\/uploads\/2025\/05\/seliga-zrusenie-obvinenia.jpg\",\"articleSection\":[\"Tla\u010dov\u00e9 spr\u00e1vy\"],\"inLanguage\":\"sv-SE\"},{\"@type\":\"WebPage\",\"@id\":\"https:\/\/www.smedemokrati.sk\/obvinenie-na-juraja-seligu-je-zrusene-podla-prokuratury-bolo-v-celom-rozsahu-nezakonne\/\",\"url\":\"https:\/\/www.smedemokrati.sk\/obvinenie-na-juraja-seligu-je-zrusene-podla-prokuratury-bolo-v-celom-rozsahu-nezakonne\/\",\"name\":\"Obvinenie na Juraja \u0160eligu je zru\u0161en\u00e9, pod\u013ea prokurat\u00fary bolo v celom rozsahu nez\u00e1konn\u00e9\",\"isPartOf\":{\"@id\":\"https:\/\/www.smedemokrati.sk\/#website\"},\"primaryImageOfPage\":{\"@id\":\"https:\/\/www.smedemokrati.sk\/obvinenie-na-juraja-seligu-je-zrusene-podla-prokuratury-bolo-v-celom-rozsahu-nezakonne\/#primaryimage\"},\"image\":{\"@id\":\"https:\/\/www.smedemokrati.sk\/obvinenie-na-juraja-seligu-je-zrusene-podla-prokuratury-bolo-v-celom-rozsahu-nezakonne\/#primaryimage\"},\"thumbnailUrl\":\"https:\/\/www.smedemokrati.sk\/wp-content\/uploads\/2025\/05\/seliga-zrusenie-obvinenia.jpg\",\"datePublished\":\"2025-05-06T13:50:04+00:00\",\"dateModified\":\"2025-05-06T15:05:31+00:00\",\"breadcrumb\":{\"@id\":\"https:\/\/www.smedemokrati.sk\/obvinenie-na-juraja-seligu-je-zrusene-podla-prokuratury-bolo-v-celom-rozsahu-nezakonne\/#breadcrumb\"},\"inLanguage\":\"sv-SE\",\"potentialAction\":[{\"@type\":\"ReadAction\",\"target\":[\"https:\/\/www.smedemokrati.sk\/obvinenie-na-juraja-seligu-je-zrusene-podla-prokuratury-bolo-v-celom-rozsahu-nezakonne\/\"]}]},{\"@type\":\"ImageObject\",\"inLanguage\":\"sv-SE\",\"@id\":\"https:\/\/www.smedemokrati.sk\/obvinenie-na-juraja-seligu-je-zrusene-podla-prokuratury-bolo-v-celom-rozsahu-nezakonne\/#primaryimage\",\"url\":\"https:\/\/www.smedemokrati.sk\/wp-content\/uploads\/2025\/05\/seliga-zrusenie-obvinenia.jpg\",\"contentUrl\":\"https:\/\/www.smedemokrati.sk\/wp-content\/uploads\/2025\/05\/seliga-zrusenie-obvinenia.jpg\",\"width\":927,\"height\":496},{\"@type\":\"BreadcrumbList\",\"@id\":\"https:\/\/www.smedemokrati.sk\/obvinenie-na-juraja-seligu-je-zrusene-podla-prokuratury-bolo-v-celom-rozsahu-nezakonne\/#breadcrumb\",\"itemListElement\":[{\"@type\":\"ListItem\",\"position\":1,\"name\":\"Domovsk\u00e1 str\u00e1nka\",\"item\":\"https:\/\/www.smedemokrati.sk\/\"},{\"@type\":\"ListItem\",\"position\":2,\"name\":\"Obvinenie na Juraja \u0160eligu je zru\u0161en\u00e9, pod\u013ea prokurat\u00fary bolo v celom rozsahu nez\u00e1konn\u00e9\"}]},{\"@type\":\"WebSite\",\"@id\":\"https:\/\/www.smedemokrati.sk\/#website\",\"url\":\"https:\/\/www.smedemokrati.sk\/\",\"name\":\"Smedemokrati.sk\",\"description\":\"Demokracia a slu\u0161nos\u0165 zv\u00ed\u0165az\u00ed\",\"publisher\":{\"@id\":\"https:\/\/www.smedemokrati.sk\/#organization\"},\"potentialAction\":[{\"@type\":\"SearchAction\",\"target\":{\"@type\":\"EntryPoint\",\"urlTemplate\":\"https:\/\/www.smedemokrati.sk\/?s={search_term_string}\"},\"query-input\":{\"@type\":\"PropertyValueSpecification\",\"valueRequired\":true,\"valueName\":\"search_term_string\"}}],\"inLanguage\":\"sv-SE\"},{\"@type\":\"Organization\",\"@id\":\"https:\/\/www.smedemokrati.sk\/#organization\",\"name\":\"Smedemokrati.sk\",\"url\":\"https:\/\/www.smedemokrati.sk\/\",\"logo\":{\"@type\":\"ImageObject\",\"inLanguage\":\"sv-SE\",\"@id\":\"https:\/\/www.smedemokrati.sk\/#\/schema\/logo\/image\/\",\"url\":\"https:\/\/www.smedemokrati.sk\/wp-content\/uploads\/2023\/04\/ff.002.jpeg\",\"contentUrl\":\"https:\/\/www.smedemokrati.sk\/wp-content\/uploads\/2023\/04\/ff.002.jpeg\",\"width\":640,\"height\":480,\"caption\":\"Smedemokrati.sk\"},\"image\":{\"@id\":\"https:\/\/www.smedemokrati.sk\/#\/schema\/logo\/image\/\"},\"sameAs\":[\"https:\/\/www.facebook.com\/smedemokrati2023\"]},{\"@type\":\"Person\",\"@id\":\"https:\/\/www.smedemokrati.sk\/#\/schema\/person\/21f147c88d605aa7ded900e1e7c344ba\",\"name\":\"miro.sopko\",\"image\":{\"@type\":\"ImageObject\",\"inLanguage\":\"sv-SE\",\"@id\":\"https:\/\/secure.gravatar.com\/avatar\/267e4a36f704376c109afe3a78740c1f5dd8675a2180a908699e7863c9247606?s=96&d=mm&r=g\",\"url\":\"https:\/\/secure.gravatar.com\/avatar\/267e4a36f704376c109afe3a78740c1f5dd8675a2180a908699e7863c9247606?s=96&d=mm&r=g\",\"contentUrl\":\"https:\/\/secure.gravatar.com\/avatar\/267e4a36f704376c109afe3a78740c1f5dd8675a2180a908699e7863c9247606?s=96&d=mm&r=g\",\"caption\":\"miro.sopko\"},\"url\":\"https:\/\/www.smedemokrati.sk\/sv\/author\/miro-sopko\/\"}]}<\/script>\n<!-- \/ Yoast SEO plugin. -->","yoast_head_json":{"title":"Obvinenie na Juraja \u0160eligu je zru\u0161en\u00e9, pod\u013ea prokurat\u00fary bolo v celom rozsahu nez\u00e1konn\u00e9","robots":{"index":"index","follow":"follow","max-snippet":"max-snippet:-1","max-image-preview":"max-image-preview:large","max-video-preview":"max-video-preview:-1"},"canonical":"https:\/\/www.smedemokrati.sk\/sv\/obvinenie-na-juraja-seligu-je-zrusene-podla-prokuratury-bolo-v-celom-rozsahu-nezakonne\/","og_locale":"sv_SE","og_type":"article","og_title":"[:sk]Obvinenie na Juraja \u0160eligu je zru\u0161en\u00e9, pod\u013ea prokurat\u00fary bolo v celom rozsahu nez\u00e1konn\u00e9[:] - Smedemokrati.sk","og_description":"Prokurat\u00fara rozhodla o zru\u0161en\u00ed obvinenia z podnecovania, ktor\u00e9ho sa mal dopusti\u0165 podpredseda strany Demokrati Juraja \u0160eligu. V od\u00f4vodnen\u00ed poukazuje na viacer\u00e9 procesn\u00e9 zlyhania vy\u0161etrovate\u013ea a vy\u010d\u00edta mu napr\u00edklad, \u017ee nevypo\u010dul ani poradcu premi\u00e9ra D. Lindtnera, ktor\u00fd trestn\u00e9 ozn\u00e1menie podal a ani Juraja \u0160eligu a potvrdzuje, \u017ee podpredseda Demokratov nevyjadril \u017eiadny z\u00e1mer priamo podnecova\u0165 in\u00e9 osoby [&hellip;]","og_url":"https:\/\/www.smedemokrati.sk\/sv\/obvinenie-na-juraja-seligu-je-zrusene-podla-prokuratury-bolo-v-celom-rozsahu-nezakonne\/","og_site_name":"Smedemokrati.sk","article_publisher":"https:\/\/www.facebook.com\/smedemokrati2023","article_published_time":"2025-05-06T13:50:04+00:00","article_modified_time":"2025-05-06T15:05:31+00:00","og_image":[{"width":927,"height":496,"url":"https:\/\/www.smedemokrati.sk\/wp-content\/uploads\/2025\/05\/seliga-zrusenie-obvinenia.jpg","type":"image\/jpeg"}],"author":"miro.sopko","twitter_card":"summary_large_image","twitter_misc":{"Skriven av":"miro.sopko","Ber\u00e4knad l\u00e4stid":"3 minuter"},"schema":{"@context":"https:\/\/schema.org","@graph":[{"@type":"Article","@id":"https:\/\/www.smedemokrati.sk\/obvinenie-na-juraja-seligu-je-zrusene-podla-prokuratury-bolo-v-celom-rozsahu-nezakonne\/#article","isPartOf":{"@id":"https:\/\/www.smedemokrati.sk\/obvinenie-na-juraja-seligu-je-zrusene-podla-prokuratury-bolo-v-celom-rozsahu-nezakonne\/"},"author":{"name":"miro.sopko","@id":"https:\/\/www.smedemokrati.sk\/#\/schema\/person\/21f147c88d605aa7ded900e1e7c344ba"},"headline":"Obvinenie na Juraja \u0160eligu je zru\u0161en\u00e9, pod\u013ea prokurat\u00fary bolo v celom rozsahu nez\u00e1konn\u00e9","datePublished":"2025-05-06T13:50:04+00:00","dateModified":"2025-05-06T15:05:31+00:00","mainEntityOfPage":{"@id":"https:\/\/www.smedemokrati.sk\/obvinenie-na-juraja-seligu-je-zrusene-podla-prokuratury-bolo-v-celom-rozsahu-nezakonne\/"},"wordCount":557,"publisher":{"@id":"https:\/\/www.smedemokrati.sk\/#organization"},"image":{"@id":"https:\/\/www.smedemokrati.sk\/obvinenie-na-juraja-seligu-je-zrusene-podla-prokuratury-bolo-v-celom-rozsahu-nezakonne\/#primaryimage"},"thumbnailUrl":"https:\/\/www.smedemokrati.sk\/wp-content\/uploads\/2025\/05\/seliga-zrusenie-obvinenia.jpg","articleSection":["Tla\u010dov\u00e9 spr\u00e1vy"],"inLanguage":"sv-SE"},{"@type":"WebPage","@id":"https:\/\/www.smedemokrati.sk\/obvinenie-na-juraja-seligu-je-zrusene-podla-prokuratury-bolo-v-celom-rozsahu-nezakonne\/","url":"https:\/\/www.smedemokrati.sk\/obvinenie-na-juraja-seligu-je-zrusene-podla-prokuratury-bolo-v-celom-rozsahu-nezakonne\/","name":"Obvinenie na Juraja \u0160eligu je zru\u0161en\u00e9, pod\u013ea prokurat\u00fary bolo v celom rozsahu nez\u00e1konn\u00e9","isPartOf":{"@id":"https:\/\/www.smedemokrati.sk\/#website"},"primaryImageOfPage":{"@id":"https:\/\/www.smedemokrati.sk\/obvinenie-na-juraja-seligu-je-zrusene-podla-prokuratury-bolo-v-celom-rozsahu-nezakonne\/#primaryimage"},"image":{"@id":"https:\/\/www.smedemokrati.sk\/obvinenie-na-juraja-seligu-je-zrusene-podla-prokuratury-bolo-v-celom-rozsahu-nezakonne\/#primaryimage"},"thumbnailUrl":"https:\/\/www.smedemokrati.sk\/wp-content\/uploads\/2025\/05\/seliga-zrusenie-obvinenia.jpg","datePublished":"2025-05-06T13:50:04+00:00","dateModified":"2025-05-06T15:05:31+00:00","breadcrumb":{"@id":"https:\/\/www.smedemokrati.sk\/obvinenie-na-juraja-seligu-je-zrusene-podla-prokuratury-bolo-v-celom-rozsahu-nezakonne\/#breadcrumb"},"inLanguage":"sv-SE","potentialAction":[{"@type":"ReadAction","target":["https:\/\/www.smedemokrati.sk\/obvinenie-na-juraja-seligu-je-zrusene-podla-prokuratury-bolo-v-celom-rozsahu-nezakonne\/"]}]},{"@type":"ImageObject","inLanguage":"sv-SE","@id":"https:\/\/www.smedemokrati.sk\/obvinenie-na-juraja-seligu-je-zrusene-podla-prokuratury-bolo-v-celom-rozsahu-nezakonne\/#primaryimage","url":"https:\/\/www.smedemokrati.sk\/wp-content\/uploads\/2025\/05\/seliga-zrusenie-obvinenia.jpg","contentUrl":"https:\/\/www.smedemokrati.sk\/wp-content\/uploads\/2025\/05\/seliga-zrusenie-obvinenia.jpg","width":927,"height":496},{"@type":"BreadcrumbList","@id":"https:\/\/www.smedemokrati.sk\/obvinenie-na-juraja-seligu-je-zrusene-podla-prokuratury-bolo-v-celom-rozsahu-nezakonne\/#breadcrumb","itemListElement":[{"@type":"ListItem","position":1,"name":"Domovsk\u00e1 str\u00e1nka","item":"https:\/\/www.smedemokrati.sk\/"},{"@type":"ListItem","position":2,"name":"Obvinenie na Juraja \u0160eligu je zru\u0161en\u00e9, pod\u013ea prokurat\u00fary bolo v celom rozsahu nez\u00e1konn\u00e9"}]},{"@type":"WebSite","@id":"https:\/\/www.smedemokrati.sk\/#website","url":"https:\/\/www.smedemokrati.sk\/","name":"Smedemokrati.sk","description":"Demokracia a slu\u0161nos\u0165 zv\u00ed\u0165az\u00ed","publisher":{"@id":"https:\/\/www.smedemokrati.sk\/#organization"},"potentialAction":[{"@type":"SearchAction","target":{"@type":"EntryPoint","urlTemplate":"https:\/\/www.smedemokrati.sk\/?s={search_term_string}"},"query-input":{"@type":"PropertyValueSpecification","valueRequired":true,"valueName":"search_term_string"}}],"inLanguage":"sv-SE"},{"@type":"Organization","@id":"https:\/\/www.smedemokrati.sk\/#organization","name":"Smedemokrati.sk","url":"https:\/\/www.smedemokrati.sk\/","logo":{"@type":"ImageObject","inLanguage":"sv-SE","@id":"https:\/\/www.smedemokrati.sk\/#\/schema\/logo\/image\/","url":"https:\/\/www.smedemokrati.sk\/wp-content\/uploads\/2023\/04\/ff.002.jpeg","contentUrl":"https:\/\/www.smedemokrati.sk\/wp-content\/uploads\/2023\/04\/ff.002.jpeg","width":640,"height":480,"caption":"Smedemokrati.sk"},"image":{"@id":"https:\/\/www.smedemokrati.sk\/#\/schema\/logo\/image\/"},"sameAs":["https:\/\/www.facebook.com\/smedemokrati2023"]},{"@type":"Person","@id":"https:\/\/www.smedemokrati.sk\/#\/schema\/person\/21f147c88d605aa7ded900e1e7c344ba","name":"miro.sopko","image":{"@type":"ImageObject","inLanguage":"sv-SE","@id":"https:\/\/secure.gravatar.com\/avatar\/267e4a36f704376c109afe3a78740c1f5dd8675a2180a908699e7863c9247606?s=96&d=mm&r=g","url":"https:\/\/secure.gravatar.com\/avatar\/267e4a36f704376c109afe3a78740c1f5dd8675a2180a908699e7863c9247606?s=96&d=mm&r=g","contentUrl":"https:\/\/secure.gravatar.com\/avatar\/267e4a36f704376c109afe3a78740c1f5dd8675a2180a908699e7863c9247606?s=96&d=mm&r=g","caption":"miro.sopko"},"url":"https:\/\/www.smedemokrati.sk\/sv\/author\/miro-sopko\/"}]}},"_links":{"self":[{"href":"https:\/\/www.smedemokrati.sk\/sv\/wp-json\/wp\/v2\/posts\/7157","targetHints":{"allow":["GET"]}}],"collection":[{"href":"https:\/\/www.smedemokrati.sk\/sv\/wp-json\/wp\/v2\/posts"}],"about":[{"href":"https:\/\/www.smedemokrati.sk\/sv\/wp-json\/wp\/v2\/types\/post"}],"author":[{"embeddable":true,"href":"https:\/\/www.smedemokrati.sk\/sv\/wp-json\/wp\/v2\/users\/13"}],"replies":[{"embeddable":true,"href":"https:\/\/www.smedemokrati.sk\/sv\/wp-json\/wp\/v2\/comments?post=7157"}],"version-history":[{"count":2,"href":"https:\/\/www.smedemokrati.sk\/sv\/wp-json\/wp\/v2\/posts\/7157\/revisions"}],"predecessor-version":[{"id":7161,"href":"https:\/\/www.smedemokrati.sk\/sv\/wp-json\/wp\/v2\/posts\/7157\/revisions\/7161"}],"wp:featuredmedia":[{"embeddable":true,"href":"https:\/\/www.smedemokrati.sk\/sv\/wp-json\/wp\/v2\/media\/7158"}],"wp:attachment":[{"href":"https:\/\/www.smedemokrati.sk\/sv\/wp-json\/wp\/v2\/media?parent=7157"}],"wp:term":[{"taxonomy":"category","embeddable":true,"href":"https:\/\/www.smedemokrati.sk\/sv\/wp-json\/wp\/v2\/categories?post=7157"},{"taxonomy":"post_tag","embeddable":true,"href":"https:\/\/www.smedemokrati.sk\/sv\/wp-json\/wp\/v2\/tags?post=7157"}],"curies":[{"name":"wp","href":"https:\/\/api.w.org\/{rel}","templated":true}]}}