{"id":7014,"date":"2025-04-28T14:13:29","date_gmt":"2025-04-28T13:13:29","guid":{"rendered":"https:\/\/www.smedemokrati.sk\/?p=7014"},"modified":"2025-04-28T14:13:30","modified_gmt":"2025-04-28T13:13:30","slug":"branislav-zurian-ma-od-nas-vsetky-dokumenty-k-uniknutemu-videu-ocakavame-obnovenie-vysetrovania","status":"publish","type":"post","link":"https:\/\/www.smedemokrati.sk\/sv\/branislav-zurian-ma-od-nas-vsetky-dokumenty-k-uniknutemu-videu-ocakavame-obnovenie-vysetrovania\/","title":{"rendered":"Branislav Zurian m\u00e1 od n\u00e1s v\u0161etky dokumenty k uniknut\u00e9mu videu, o\u010dak\u00e1vame obnovenie vy\u0161etrovania"},"content":{"rendered":"<div id=\"fb-root\"><\/div>\n\n<p><strong>Demokrati odovzdali \u0161\u00e9fovi policajnej in\u0161pekcie B. Zurianovi v\u0161etky dokumenty, ktor\u00fdmi disponuj\u00fa v s\u00favislosti s uniknut\u00fdm videom \u00fato\u010dn\u00edka J. Cintulu z policajnej stanice. Opakovane \u017eiadaj\u00fa o pre\u0161etrenie postupu pr\u00edslu\u0161n\u00edkov \u00daradu na ochranu \u00fastavn\u00fdch \u010dinite\u013eov a tie\u017e vyz\u00fdvaj\u00fa, aby politici koal\u00edcie prestali vyu\u017e\u00edva\u0165 uverejnen\u00e9 video na negat\u00edvnu propagandu vo\u010di opoz\u00edcii.<\/strong><\/p>\n\n\n\n<p><em>\u201eNa jednej strane je to absurdn\u00e9, preto\u017ee materi\u00e1ly, ktor\u00fdmi disponujeme, s\u00fa ofici\u00e1lnymi dokumentmi z pol\u00edcie. Pol\u00edcia nem\u00e1 svoje vlastn\u00e9 dokumenty? Ka\u017edop\u00e1dne, reagujeme na v\u00fdzvy Branislava Zuriana, ktor\u00fd vo svojich medi\u00e1lnych v\u00fdstupoch apeloval, aby sme si splnili na\u0161u ob\u010diansku povinnos\u0165. P\u00e1n Zurian, viete, kde je na\u0161e s\u00eddlo \u2013 ve\u010f n\u00e1m tam posielate policajtov \u2013 a tie\u017e viete, \u017ee my nikam neujdeme, tak ako ste sa vy doned\u00e1vna skr\u00fdvali v Bielorusku. Nem\u00e1me probl\u00e9m pr\u00eds\u0165 vypoveda\u0165 a by\u0165 vo veci maxim\u00e1lne s\u00fa\u010dinn\u00ed,\u201c<\/em>&nbsp;hovor\u00ed Juraj \u0160eliga, podpredseda Demokratov, ktor\u00fd sa t\u00e9me venuje.<\/p>\n\n\n\n<p><em>\u201eZ\u00e1rove\u0148 chcem doda\u0165, \u017ee odsudzujeme ak\u00e9ko\u013evek \u00fatoky na rodinu p\u00e1na Zuriana, tak ako to medializoval v nede\u013eu. Na druhej strane p\u00e1n Zurian \u010del\u00ed opr\u00e1vnenej kritike pri jeho menovan\u00ed za gener\u00e1la, preto\u017ee okrem \u0161ikany policajtov okolo J. \u010curillu nevid\u00edme \u017eiadne v\u00fdsledky. Ak s\u00fa p\u00e1n Zurian a minister \u0160utaj E\u0161tok presved\u010den\u00ed, \u017ee Zurian si zasl\u00fa\u017eil hodnos\u0165 gener\u00e1la, pre\u010do neurobia verejn\u00fd odpo\u010det jeho v\u00fdsledkov? Rozpusten\u00e1 NAKA, zru\u0161en\u00e1 \u0160peci\u00e1lna prokurat\u00fara, zastaven\u00e9 vy\u0161etrovania \u2013 to v\u0161etko s\u00fa d\u00f4vody na odchod z Policajn\u00e9ho zboru, nie na udelenie gener\u00e1lskej hodnosti,\u201c&nbsp;<\/em>hovor\u00ed Juraj \u0160eliga.<\/p>\n\n\n\n<p><em>\u201ePlus, chceli by sme sa sp\u00fdta\u0165: ak pol\u00edcia tvrd\u00ed, \u017ee pri \u00fatoku na predsedu vl\u00e1dy nikto nepochybil, pre\u010do boli odvolan\u00ed riadite\u013e OR PZ v Prievidzi alebo z\u00e1stupca riadite\u013ea KR PZ v Tren\u010d\u00edne? Pre\u010do bol osobn\u00fd ochranca premi\u00e9ra preraden\u00fd na ochranu objektov? Nerozumieme tejto disproporcii vo vyjadreniach a krokoch pol\u00edcie. Ob\u00e1vam sa v\u0161ak, \u017ee 15. m\u00e1ja bude vl\u00e1dna propaganda pokra\u010dova\u0165 \u00fatokom na m\u00e9di\u00e1 a stranu Demokrati,\u201c<\/em>&nbsp;uzatv\u00e1ra Juraj \u0160eliga.<\/p>\n\n\n\n<p>B\u00fdval\u00fd premi\u00e9r a podpredseda strany Eduard Heger hovor\u00ed, \u017ee pol\u00edcia pod s\u00fa\u010dasn\u00fdm veden\u00edm mus\u00ed plni\u0165 pokyny politickej objedn\u00e1vky:&nbsp;<em>\u201eJe mi to \u013e\u00fato, ale mus\u00edm kon\u0161tatova\u0165, \u017ee pol\u00edcia dnes za\u010d\u00edna by\u0165 na z\u00e1klade \u010dinnost\u00ed, ktor\u00e9 mus\u00ed pod\u013ea pokynov vedenia vykon\u00e1va\u0165, mierne sprofanovan\u00e1. Je to ve\u013emi nebezpe\u010dn\u00e1 cesta, preto\u017ee v zdravej spolo\u010dnosti mus\u00ed verejnos\u0165 d\u00f4verova\u0165 vy\u0161etrovac\u00edm org\u00e1nom. V tomto pr\u00edpade je zjavn\u00e9, \u017ee s videom Juraja Cintulu mali do \u010dinenia \u0161tyria konkr\u00e9tni \u013eudia, a aj napriek tomu nie s\u00fa schopn\u00ed poveda\u0165, kto video uverejnil. Mat\u00fa\u0161 \u0160utaj E\u0161tok zrejme z\u00e1merne nekon\u00e1, preto\u017ee sa to nehod\u00ed do pr\u00edbehu. Vyz\u00fdvam ho, aby sa prestal zahr\u00e1va\u0165 s d\u00f4veryhodnos\u0165ou bezpe\u010dnostn\u00fdch zlo\u017eiek.\u201c<\/em><\/p>\n\n\n<div class=\"fb-video\" data-href=\"https:\/\/fb.watch\/zf9_JVaQhb\" data-allowfullscreen=\"true\" data-autoplay=\"false\" data-width=\"\" data-show-text=\"false\" data-show-captions=\"true\"><\/div>\n","protected":false},"excerpt":{"rendered":"<p>Demokrati odovzdali \u0161\u00e9fovi policajnej in\u0161pekcie B. Zurianovi v\u0161etky dokumenty, ktor\u00fdmi disponuj\u00fa v s\u00favislosti s uniknut\u00fdm videom \u00fato\u010dn\u00edka J. Cintulu z policajnej stanice. Opakovane \u017eiadaj\u00fa o pre\u0161etrenie postupu pr\u00edslu\u0161n\u00edkov \u00daradu na ochranu \u00fastavn\u00fdch \u010dinite\u013eov a tie\u017e vyz\u00fdvaj\u00fa, aby politici koal\u00edcie prestali vyu\u017e\u00edva\u0165 uverejnen\u00e9 video na negat\u00edvnu propagandu vo\u010di opoz\u00edcii. \u201eNa jednej strane je to absurdn\u00e9, preto\u017ee [&hellip;]<\/p>\n","protected":false},"author":13,"featured_media":7015,"comment_status":"closed","ping_status":"closed","sticky":false,"template":"","format":"standard","meta":{"_acf_changed":false,"ngg_post_thumbnail":0,"footnotes":""},"categories":[4],"tags":[],"class_list":["post-7014","post","type-post","status-publish","format-standard","has-post-thumbnail","hentry","category-tlacove-spravy"],"acf":[],"yoast_head":"<!-- This site is optimized with the Yoast SEO plugin v27.2 - https:\/\/yoast.com\/product\/yoast-seo-wordpress\/ -->\n<title>Branislav Zurian m\u00e1 od n\u00e1s v\u0161etky dokumenty k uniknut\u00e9mu videu, o\u010dak\u00e1vame obnovenie vy\u0161etrovania<\/title>\n<meta name=\"robots\" content=\"index, follow, max-snippet:-1, max-image-preview:large, max-video-preview:-1\" \/>\n<link rel=\"canonical\" href=\"https:\/\/www.smedemokrati.sk\/sv\/branislav-zurian-ma-od-nas-vsetky-dokumenty-k-uniknutemu-videu-ocakavame-obnovenie-vysetrovania\/\" \/>\n<meta property=\"og:locale\" content=\"sv_SE\" \/>\n<meta property=\"og:locale:alternate\" content=\"en_US\" \/>\n<meta property=\"og:locale:alternate\" content=\"cs_CZ\" \/>\n<meta property=\"og:locale:alternate\" content=\"hu_HU\" \/>\n<meta property=\"og:locale:alternate\" content=\"sk_SK\" \/>\n<meta property=\"og:type\" content=\"article\" \/>\n<meta property=\"og:title\" content=\"Branislav Zurian m\u00e1 od n\u00e1s v\u0161etky dokumenty k uniknut\u00e9mu videu, o\u010dak\u00e1vame obnovenie vy\u0161etrovania\" \/>\n<meta property=\"og:description\" content=\"Demokrati odovzdali \u0161\u00e9fovi policajnej in\u0161pekcie B. Zurianovi v\u0161etky dokumenty, ktor\u00fdmi disponuj\u00fa v s\u00favislosti s uniknut\u00fdm videom \u00fato\u010dn\u00edka J. Cintulu z policajnej stanice. Opakovane \u017eiadaj\u00fa o pre\u0161etrenie postupu pr\u00edslu\u0161n\u00edkov \u00daradu na ochranu \u00fastavn\u00fdch \u010dinite\u013eov a tie\u017e vyz\u00fdvaj\u00fa, aby politici koal\u00edcie prestali vyu\u017e\u00edva\u0165 uverejnen\u00e9 video na negat\u00edvnu propagandu vo\u010di opoz\u00edcii. \u201eNa jednej strane je to absurdn\u00e9, preto\u017ee [&hellip;]\" \/>\n<meta property=\"og:url\" content=\"https:\/\/www.smedemokrati.sk\/sv\/branislav-zurian-ma-od-nas-vsetky-dokumenty-k-uniknutemu-videu-ocakavame-obnovenie-vysetrovania\/\" \/>\n<meta property=\"og:site_name\" content=\"Smedemokrati.sk\" \/>\n<meta property=\"article:publisher\" content=\"https:\/\/www.facebook.com\/smedemokrati2023\" \/>\n<meta property=\"article:published_time\" content=\"2025-04-28T13:13:29+00:00\" \/>\n<meta property=\"article:modified_time\" content=\"2025-04-28T13:13:30+00:00\" \/>\n<meta property=\"og:image\" content=\"https:\/\/www.smedemokrati.sk\/wp-content\/uploads\/2025\/04\/odkaz-generalovi.jpg\" \/>\n\t<meta property=\"og:image:width\" content=\"876\" \/>\n\t<meta property=\"og:image:height\" content=\"507\" \/>\n\t<meta property=\"og:image:type\" content=\"image\/jpeg\" \/>\n<meta name=\"author\" content=\"miro.sopko\" \/>\n<meta name=\"twitter:card\" content=\"summary_large_image\" \/>\n<meta name=\"twitter:label1\" content=\"Skriven av\" \/>\n\t<meta name=\"twitter:data1\" content=\"miro.sopko\" \/>\n\t<meta name=\"twitter:label2\" content=\"Ber\u00e4knad l\u00e4stid\" \/>\n\t<meta name=\"twitter:data2\" content=\"3 minuter\" \/>\n<script type=\"application\/ld+json\" class=\"yoast-schema-graph\">{\"@context\":\"https:\/\/schema.org\",\"@graph\":[{\"@type\":\"Article\",\"@id\":\"https:\/\/www.smedemokrati.sk\/branislav-zurian-ma-od-nas-vsetky-dokumenty-k-uniknutemu-videu-ocakavame-obnovenie-vysetrovania\/#article\",\"isPartOf\":{\"@id\":\"https:\/\/www.smedemokrati.sk\/branislav-zurian-ma-od-nas-vsetky-dokumenty-k-uniknutemu-videu-ocakavame-obnovenie-vysetrovania\/\"},\"author\":{\"name\":\"miro.sopko\",\"@id\":\"https:\/\/www.smedemokrati.sk\/#\/schema\/person\/21f147c88d605aa7ded900e1e7c344ba\"},\"headline\":\"Branislav Zurian m\u00e1 od n\u00e1s v\u0161etky dokumenty k uniknut\u00e9mu videu, o\u010dak\u00e1vame obnovenie vy\u0161etrovania\",\"datePublished\":\"2025-04-28T13:13:29+00:00\",\"dateModified\":\"2025-04-28T13:13:30+00:00\",\"mainEntityOfPage\":{\"@id\":\"https:\/\/www.smedemokrati.sk\/branislav-zurian-ma-od-nas-vsetky-dokumenty-k-uniknutemu-videu-ocakavame-obnovenie-vysetrovania\/\"},\"wordCount\":547,\"publisher\":{\"@id\":\"https:\/\/www.smedemokrati.sk\/#organization\"},\"image\":{\"@id\":\"https:\/\/www.smedemokrati.sk\/branislav-zurian-ma-od-nas-vsetky-dokumenty-k-uniknutemu-videu-ocakavame-obnovenie-vysetrovania\/#primaryimage\"},\"thumbnailUrl\":\"https:\/\/www.smedemokrati.sk\/wp-content\/uploads\/2025\/04\/odkaz-generalovi.jpg\",\"articleSection\":[\"Tla\u010dov\u00e9 spr\u00e1vy\"],\"inLanguage\":\"sv-SE\"},{\"@type\":\"WebPage\",\"@id\":\"https:\/\/www.smedemokrati.sk\/branislav-zurian-ma-od-nas-vsetky-dokumenty-k-uniknutemu-videu-ocakavame-obnovenie-vysetrovania\/\",\"url\":\"https:\/\/www.smedemokrati.sk\/branislav-zurian-ma-od-nas-vsetky-dokumenty-k-uniknutemu-videu-ocakavame-obnovenie-vysetrovania\/\",\"name\":\"Branislav Zurian m\u00e1 od n\u00e1s v\u0161etky dokumenty k uniknut\u00e9mu videu, o\u010dak\u00e1vame obnovenie vy\u0161etrovania\",\"isPartOf\":{\"@id\":\"https:\/\/www.smedemokrati.sk\/#website\"},\"primaryImageOfPage\":{\"@id\":\"https:\/\/www.smedemokrati.sk\/branislav-zurian-ma-od-nas-vsetky-dokumenty-k-uniknutemu-videu-ocakavame-obnovenie-vysetrovania\/#primaryimage\"},\"image\":{\"@id\":\"https:\/\/www.smedemokrati.sk\/branislav-zurian-ma-od-nas-vsetky-dokumenty-k-uniknutemu-videu-ocakavame-obnovenie-vysetrovania\/#primaryimage\"},\"thumbnailUrl\":\"https:\/\/www.smedemokrati.sk\/wp-content\/uploads\/2025\/04\/odkaz-generalovi.jpg\",\"datePublished\":\"2025-04-28T13:13:29+00:00\",\"dateModified\":\"2025-04-28T13:13:30+00:00\",\"breadcrumb\":{\"@id\":\"https:\/\/www.smedemokrati.sk\/branislav-zurian-ma-od-nas-vsetky-dokumenty-k-uniknutemu-videu-ocakavame-obnovenie-vysetrovania\/#breadcrumb\"},\"inLanguage\":\"sv-SE\",\"potentialAction\":[{\"@type\":\"ReadAction\",\"target\":[\"https:\/\/www.smedemokrati.sk\/branislav-zurian-ma-od-nas-vsetky-dokumenty-k-uniknutemu-videu-ocakavame-obnovenie-vysetrovania\/\"]}]},{\"@type\":\"ImageObject\",\"inLanguage\":\"sv-SE\",\"@id\":\"https:\/\/www.smedemokrati.sk\/branislav-zurian-ma-od-nas-vsetky-dokumenty-k-uniknutemu-videu-ocakavame-obnovenie-vysetrovania\/#primaryimage\",\"url\":\"https:\/\/www.smedemokrati.sk\/wp-content\/uploads\/2025\/04\/odkaz-generalovi.jpg\",\"contentUrl\":\"https:\/\/www.smedemokrati.sk\/wp-content\/uploads\/2025\/04\/odkaz-generalovi.jpg\",\"width\":876,\"height\":507},{\"@type\":\"BreadcrumbList\",\"@id\":\"https:\/\/www.smedemokrati.sk\/branislav-zurian-ma-od-nas-vsetky-dokumenty-k-uniknutemu-videu-ocakavame-obnovenie-vysetrovania\/#breadcrumb\",\"itemListElement\":[{\"@type\":\"ListItem\",\"position\":1,\"name\":\"Domovsk\u00e1 str\u00e1nka\",\"item\":\"https:\/\/www.smedemokrati.sk\/\"},{\"@type\":\"ListItem\",\"position\":2,\"name\":\"Branislav Zurian m\u00e1 od n\u00e1s v\u0161etky dokumenty k uniknut\u00e9mu videu, o\u010dak\u00e1vame obnovenie vy\u0161etrovania\"}]},{\"@type\":\"WebSite\",\"@id\":\"https:\/\/www.smedemokrati.sk\/#website\",\"url\":\"https:\/\/www.smedemokrati.sk\/\",\"name\":\"Smedemokrati.sk\",\"description\":\"Demokracia a slu\u0161nos\u0165 zv\u00ed\u0165az\u00ed\",\"publisher\":{\"@id\":\"https:\/\/www.smedemokrati.sk\/#organization\"},\"potentialAction\":[{\"@type\":\"SearchAction\",\"target\":{\"@type\":\"EntryPoint\",\"urlTemplate\":\"https:\/\/www.smedemokrati.sk\/?s={search_term_string}\"},\"query-input\":{\"@type\":\"PropertyValueSpecification\",\"valueRequired\":true,\"valueName\":\"search_term_string\"}}],\"inLanguage\":\"sv-SE\"},{\"@type\":\"Organization\",\"@id\":\"https:\/\/www.smedemokrati.sk\/#organization\",\"name\":\"Smedemokrati.sk\",\"url\":\"https:\/\/www.smedemokrati.sk\/\",\"logo\":{\"@type\":\"ImageObject\",\"inLanguage\":\"sv-SE\",\"@id\":\"https:\/\/www.smedemokrati.sk\/#\/schema\/logo\/image\/\",\"url\":\"https:\/\/www.smedemokrati.sk\/wp-content\/uploads\/2023\/04\/ff.002.jpeg\",\"contentUrl\":\"https:\/\/www.smedemokrati.sk\/wp-content\/uploads\/2023\/04\/ff.002.jpeg\",\"width\":640,\"height\":480,\"caption\":\"Smedemokrati.sk\"},\"image\":{\"@id\":\"https:\/\/www.smedemokrati.sk\/#\/schema\/logo\/image\/\"},\"sameAs\":[\"https:\/\/www.facebook.com\/smedemokrati2023\"]},{\"@type\":\"Person\",\"@id\":\"https:\/\/www.smedemokrati.sk\/#\/schema\/person\/21f147c88d605aa7ded900e1e7c344ba\",\"name\":\"miro.sopko\",\"image\":{\"@type\":\"ImageObject\",\"inLanguage\":\"sv-SE\",\"@id\":\"https:\/\/secure.gravatar.com\/avatar\/267e4a36f704376c109afe3a78740c1f5dd8675a2180a908699e7863c9247606?s=96&d=mm&r=g\",\"url\":\"https:\/\/secure.gravatar.com\/avatar\/267e4a36f704376c109afe3a78740c1f5dd8675a2180a908699e7863c9247606?s=96&d=mm&r=g\",\"contentUrl\":\"https:\/\/secure.gravatar.com\/avatar\/267e4a36f704376c109afe3a78740c1f5dd8675a2180a908699e7863c9247606?s=96&d=mm&r=g\",\"caption\":\"miro.sopko\"},\"url\":\"https:\/\/www.smedemokrati.sk\/sv\/author\/miro-sopko\/\"}]}<\/script>\n<!-- \/ Yoast SEO plugin. -->","yoast_head_json":{"title":"Branislav Zurian m\u00e1 od n\u00e1s v\u0161etky dokumenty k uniknut\u00e9mu videu, o\u010dak\u00e1vame obnovenie vy\u0161etrovania","robots":{"index":"index","follow":"follow","max-snippet":"max-snippet:-1","max-image-preview":"max-image-preview:large","max-video-preview":"max-video-preview:-1"},"canonical":"https:\/\/www.smedemokrati.sk\/sv\/branislav-zurian-ma-od-nas-vsetky-dokumenty-k-uniknutemu-videu-ocakavame-obnovenie-vysetrovania\/","og_locale":"sv_SE","og_type":"article","og_title":"[:sk]Branislav Zurian m\u00e1 od n\u00e1s v\u0161etky dokumenty k uniknut\u00e9mu videu, o\u010dak\u00e1vame obnovenie vy\u0161etrovania[:] - Smedemokrati.sk","og_description":"Demokrati odovzdali \u0161\u00e9fovi policajnej in\u0161pekcie B. Zurianovi v\u0161etky dokumenty, ktor\u00fdmi disponuj\u00fa v s\u00favislosti s uniknut\u00fdm videom \u00fato\u010dn\u00edka J. Cintulu z policajnej stanice. Opakovane \u017eiadaj\u00fa o pre\u0161etrenie postupu pr\u00edslu\u0161n\u00edkov \u00daradu na ochranu \u00fastavn\u00fdch \u010dinite\u013eov a tie\u017e vyz\u00fdvaj\u00fa, aby politici koal\u00edcie prestali vyu\u017e\u00edva\u0165 uverejnen\u00e9 video na negat\u00edvnu propagandu vo\u010di opoz\u00edcii. \u201eNa jednej strane je to absurdn\u00e9, preto\u017ee [&hellip;]","og_url":"https:\/\/www.smedemokrati.sk\/sv\/branislav-zurian-ma-od-nas-vsetky-dokumenty-k-uniknutemu-videu-ocakavame-obnovenie-vysetrovania\/","og_site_name":"Smedemokrati.sk","article_publisher":"https:\/\/www.facebook.com\/smedemokrati2023","article_published_time":"2025-04-28T13:13:29+00:00","article_modified_time":"2025-04-28T13:13:30+00:00","og_image":[{"width":876,"height":507,"url":"https:\/\/www.smedemokrati.sk\/wp-content\/uploads\/2025\/04\/odkaz-generalovi.jpg","type":"image\/jpeg"}],"author":"miro.sopko","twitter_card":"summary_large_image","twitter_misc":{"Skriven av":"miro.sopko","Ber\u00e4knad l\u00e4stid":"3 minuter"},"schema":{"@context":"https:\/\/schema.org","@graph":[{"@type":"Article","@id":"https:\/\/www.smedemokrati.sk\/branislav-zurian-ma-od-nas-vsetky-dokumenty-k-uniknutemu-videu-ocakavame-obnovenie-vysetrovania\/#article","isPartOf":{"@id":"https:\/\/www.smedemokrati.sk\/branislav-zurian-ma-od-nas-vsetky-dokumenty-k-uniknutemu-videu-ocakavame-obnovenie-vysetrovania\/"},"author":{"name":"miro.sopko","@id":"https:\/\/www.smedemokrati.sk\/#\/schema\/person\/21f147c88d605aa7ded900e1e7c344ba"},"headline":"Branislav Zurian m\u00e1 od n\u00e1s v\u0161etky dokumenty k uniknut\u00e9mu videu, o\u010dak\u00e1vame obnovenie vy\u0161etrovania","datePublished":"2025-04-28T13:13:29+00:00","dateModified":"2025-04-28T13:13:30+00:00","mainEntityOfPage":{"@id":"https:\/\/www.smedemokrati.sk\/branislav-zurian-ma-od-nas-vsetky-dokumenty-k-uniknutemu-videu-ocakavame-obnovenie-vysetrovania\/"},"wordCount":547,"publisher":{"@id":"https:\/\/www.smedemokrati.sk\/#organization"},"image":{"@id":"https:\/\/www.smedemokrati.sk\/branislav-zurian-ma-od-nas-vsetky-dokumenty-k-uniknutemu-videu-ocakavame-obnovenie-vysetrovania\/#primaryimage"},"thumbnailUrl":"https:\/\/www.smedemokrati.sk\/wp-content\/uploads\/2025\/04\/odkaz-generalovi.jpg","articleSection":["Tla\u010dov\u00e9 spr\u00e1vy"],"inLanguage":"sv-SE"},{"@type":"WebPage","@id":"https:\/\/www.smedemokrati.sk\/branislav-zurian-ma-od-nas-vsetky-dokumenty-k-uniknutemu-videu-ocakavame-obnovenie-vysetrovania\/","url":"https:\/\/www.smedemokrati.sk\/branislav-zurian-ma-od-nas-vsetky-dokumenty-k-uniknutemu-videu-ocakavame-obnovenie-vysetrovania\/","name":"Branislav Zurian m\u00e1 od n\u00e1s v\u0161etky dokumenty k uniknut\u00e9mu videu, o\u010dak\u00e1vame obnovenie vy\u0161etrovania","isPartOf":{"@id":"https:\/\/www.smedemokrati.sk\/#website"},"primaryImageOfPage":{"@id":"https:\/\/www.smedemokrati.sk\/branislav-zurian-ma-od-nas-vsetky-dokumenty-k-uniknutemu-videu-ocakavame-obnovenie-vysetrovania\/#primaryimage"},"image":{"@id":"https:\/\/www.smedemokrati.sk\/branislav-zurian-ma-od-nas-vsetky-dokumenty-k-uniknutemu-videu-ocakavame-obnovenie-vysetrovania\/#primaryimage"},"thumbnailUrl":"https:\/\/www.smedemokrati.sk\/wp-content\/uploads\/2025\/04\/odkaz-generalovi.jpg","datePublished":"2025-04-28T13:13:29+00:00","dateModified":"2025-04-28T13:13:30+00:00","breadcrumb":{"@id":"https:\/\/www.smedemokrati.sk\/branislav-zurian-ma-od-nas-vsetky-dokumenty-k-uniknutemu-videu-ocakavame-obnovenie-vysetrovania\/#breadcrumb"},"inLanguage":"sv-SE","potentialAction":[{"@type":"ReadAction","target":["https:\/\/www.smedemokrati.sk\/branislav-zurian-ma-od-nas-vsetky-dokumenty-k-uniknutemu-videu-ocakavame-obnovenie-vysetrovania\/"]}]},{"@type":"ImageObject","inLanguage":"sv-SE","@id":"https:\/\/www.smedemokrati.sk\/branislav-zurian-ma-od-nas-vsetky-dokumenty-k-uniknutemu-videu-ocakavame-obnovenie-vysetrovania\/#primaryimage","url":"https:\/\/www.smedemokrati.sk\/wp-content\/uploads\/2025\/04\/odkaz-generalovi.jpg","contentUrl":"https:\/\/www.smedemokrati.sk\/wp-content\/uploads\/2025\/04\/odkaz-generalovi.jpg","width":876,"height":507},{"@type":"BreadcrumbList","@id":"https:\/\/www.smedemokrati.sk\/branislav-zurian-ma-od-nas-vsetky-dokumenty-k-uniknutemu-videu-ocakavame-obnovenie-vysetrovania\/#breadcrumb","itemListElement":[{"@type":"ListItem","position":1,"name":"Domovsk\u00e1 str\u00e1nka","item":"https:\/\/www.smedemokrati.sk\/"},{"@type":"ListItem","position":2,"name":"Branislav Zurian m\u00e1 od n\u00e1s v\u0161etky dokumenty k uniknut\u00e9mu videu, o\u010dak\u00e1vame obnovenie vy\u0161etrovania"}]},{"@type":"WebSite","@id":"https:\/\/www.smedemokrati.sk\/#website","url":"https:\/\/www.smedemokrati.sk\/","name":"Smedemokrati.sk","description":"Demokracia a slu\u0161nos\u0165 zv\u00ed\u0165az\u00ed","publisher":{"@id":"https:\/\/www.smedemokrati.sk\/#organization"},"potentialAction":[{"@type":"SearchAction","target":{"@type":"EntryPoint","urlTemplate":"https:\/\/www.smedemokrati.sk\/?s={search_term_string}"},"query-input":{"@type":"PropertyValueSpecification","valueRequired":true,"valueName":"search_term_string"}}],"inLanguage":"sv-SE"},{"@type":"Organization","@id":"https:\/\/www.smedemokrati.sk\/#organization","name":"Smedemokrati.sk","url":"https:\/\/www.smedemokrati.sk\/","logo":{"@type":"ImageObject","inLanguage":"sv-SE","@id":"https:\/\/www.smedemokrati.sk\/#\/schema\/logo\/image\/","url":"https:\/\/www.smedemokrati.sk\/wp-content\/uploads\/2023\/04\/ff.002.jpeg","contentUrl":"https:\/\/www.smedemokrati.sk\/wp-content\/uploads\/2023\/04\/ff.002.jpeg","width":640,"height":480,"caption":"Smedemokrati.sk"},"image":{"@id":"https:\/\/www.smedemokrati.sk\/#\/schema\/logo\/image\/"},"sameAs":["https:\/\/www.facebook.com\/smedemokrati2023"]},{"@type":"Person","@id":"https:\/\/www.smedemokrati.sk\/#\/schema\/person\/21f147c88d605aa7ded900e1e7c344ba","name":"miro.sopko","image":{"@type":"ImageObject","inLanguage":"sv-SE","@id":"https:\/\/secure.gravatar.com\/avatar\/267e4a36f704376c109afe3a78740c1f5dd8675a2180a908699e7863c9247606?s=96&d=mm&r=g","url":"https:\/\/secure.gravatar.com\/avatar\/267e4a36f704376c109afe3a78740c1f5dd8675a2180a908699e7863c9247606?s=96&d=mm&r=g","contentUrl":"https:\/\/secure.gravatar.com\/avatar\/267e4a36f704376c109afe3a78740c1f5dd8675a2180a908699e7863c9247606?s=96&d=mm&r=g","caption":"miro.sopko"},"url":"https:\/\/www.smedemokrati.sk\/sv\/author\/miro-sopko\/"}]}},"_links":{"self":[{"href":"https:\/\/www.smedemokrati.sk\/sv\/wp-json\/wp\/v2\/posts\/7014","targetHints":{"allow":["GET"]}}],"collection":[{"href":"https:\/\/www.smedemokrati.sk\/sv\/wp-json\/wp\/v2\/posts"}],"about":[{"href":"https:\/\/www.smedemokrati.sk\/sv\/wp-json\/wp\/v2\/types\/post"}],"author":[{"embeddable":true,"href":"https:\/\/www.smedemokrati.sk\/sv\/wp-json\/wp\/v2\/users\/13"}],"replies":[{"embeddable":true,"href":"https:\/\/www.smedemokrati.sk\/sv\/wp-json\/wp\/v2\/comments?post=7014"}],"version-history":[{"count":1,"href":"https:\/\/www.smedemokrati.sk\/sv\/wp-json\/wp\/v2\/posts\/7014\/revisions"}],"predecessor-version":[{"id":7016,"href":"https:\/\/www.smedemokrati.sk\/sv\/wp-json\/wp\/v2\/posts\/7014\/revisions\/7016"}],"wp:featuredmedia":[{"embeddable":true,"href":"https:\/\/www.smedemokrati.sk\/sv\/wp-json\/wp\/v2\/media\/7015"}],"wp:attachment":[{"href":"https:\/\/www.smedemokrati.sk\/sv\/wp-json\/wp\/v2\/media?parent=7014"}],"wp:term":[{"taxonomy":"category","embeddable":true,"href":"https:\/\/www.smedemokrati.sk\/sv\/wp-json\/wp\/v2\/categories?post=7014"},{"taxonomy":"post_tag","embeddable":true,"href":"https:\/\/www.smedemokrati.sk\/sv\/wp-json\/wp\/v2\/tags?post=7014"}],"curies":[{"name":"wp","href":"https:\/\/api.w.org\/{rel}","templated":true}]}}