{"id":6988,"date":"2025-04-23T19:09:16","date_gmt":"2025-04-23T18:09:16","guid":{"rendered":"https:\/\/www.smedemokrati.sk\/?p=6988"},"modified":"2025-04-23T19:11:06","modified_gmt":"2025-04-23T18:11:06","slug":"utajovanie-parametrov-dohody-s-madarskom-o-gabcikove-je-neakceptovatelne-vyzyvame-na-ich-zverejnenie","status":"publish","type":"post","link":"https:\/\/www.smedemokrati.sk\/sv\/utajovanie-parametrov-dohody-s-madarskom-o-gabcikove-je-neakceptovatelne-vyzyvame-na-ich-zverejnenie\/","title":{"rendered":"Utajovanie parametrov dohody s Ma\u010farskom o Gab\u010d\u00edkove je neakceptovate\u013en\u00e9! Vyz\u00fdvame na ich zverejnenie"},"content":{"rendered":"<div id=\"fb-root\"><\/div>\n\n<p><strong>Vl\u00e1da dnes v utajenom re\u017eime prerokovala z\u00e1mer dohody, ktorou chce u\u017e nadch\u00e1dzaj\u00faci pondelok uzavrie\u0165 spor s Ma\u010farskom o Gab\u010d\u00edkovo. Demokrati u\u017e v janu\u00e1ri informovali, \u017ee v hre s\u00fa tak\u00e9 parametre dohody o prerozde\u013eovan\u00ed produkcie zelenej elektrickej energie, ktor\u00e9 by mohli po\u0161kodi\u0165 slovensk\u00fd priemysel. Z doteraj\u0161\u00edch krokov je na mieste obava, \u017ee vl\u00e1da je pripraven\u00e1 vyjs\u0165 plne v \u00fastrety Orb\u00e1novej vl\u00e1de. Na\u0161e obavy potvrdzuj\u00fa aj nekonkr\u00e9tne vyjadrenia ministra Tarabu a \u00fa\u010das\u0165 predsedu \u00daradu pre regul\u00e1cie sie\u0165ov\u00fdch odvetv\u00ed J\u00e1na Holjen\u010d\u00edka. Vyz\u00fdvame vl\u00e1du na odtajnenie materi\u00e1lu a transparentn\u00e9 informovanie verejnosti a odborn\u00edkov.&nbsp;<\/strong><\/p>\n\n\n\n<p>Vodn\u00e1 elektr\u00e1re\u0148 Gab\u010d\u00edkovo pokr\u00fdva skoro desatinu slovenskej spotreby elektrickej energie. Len v roku 2023 dosiahla tr\u017eby viac ako 438 mil. eur. \u201e<em>Pre slovensk\u00fd priemysel je k\u013e\u00fa\u010dov\u00e1 aj z in\u00e9ho d\u00f4vodu. Elektrick\u00e1 energia, ktor\u00fa vodn\u00e1 elektr\u00e1re\u0148 produkuje, sa toti\u017e pova\u017euje za vyroben\u00fa z obnovite\u013en\u00fdch zdrojov energie, \u010do garantuje ekologick\u00fd rozmer slovenskej priemyselnej produkcie a poskytuje mu v\u00fdrazn\u00fa konkuren\u010dn\u00fa v\u00fdhodu. Za predaj tzv. z\u00e1ruk p\u00f4vodu naviac \u0161t\u00e1t inkasuje mili\u00f3ny eur. Dostatok zelenej energie je absol\u00fatne k\u013e\u00fa\u010dov\u00fd aj pri l\u00e1kan\u00ed nov\u00fdch invest\u00edci\u00ed na Slovensko. Vl\u00e1da v\u0161ak utajuje n\u00e1vrh dohody, v d\u00f4sledku ktorej pod\u013ea na\u0161ich inform\u00e1ci\u00ed m\u00f4\u017ee slovensk\u00e9 hospod\u00e1rstvo t\u00fato v\u00fdhodu v\u00fdrazne strati\u0165 v prospech Ma\u010farska, \u010do by zn\u00ed\u017eilo na\u0161u konkurencieschopnos\u0165, ohrozilo na\u0161u atraktivitu pre zahrani\u010dn\u00e9 invest\u00edcie a spomalilo napredovanie ekologickej transform\u00e1cie slovensk\u00e9ho priemyslu,<\/em>\u201d vysvet\u013euje Michal Ki\u010da, environment\u00e1lny expert a \u010dlen predsedn\u00edctva Demokratov.&nbsp;<\/p>\n\n\n\n<p>Ind\u00edci\u00ed, \u017ee slovensk\u00e1 vl\u00e1da rezignovala na obhajobu slovensk\u00fdch z\u00e1ujmov, je viacero. \u201e<em>E\u0161te ako minister hospod\u00e1rstva som upozornil, \u017ee Ma\u010farsko u\u017e vtedy pon\u00fakalo zelen\u00fa elektrinu z Gab\u010d\u00edkova investorom, vr\u00e1tane obrovsk\u00e9ho z\u00e1vodu na v\u00fdrobu bat\u00e9riov\u00fdch \u010dl\u00e1nkov v Debrec\u00edne, kv\u00f4li \u010domu som sa dostal do konfliktu s ma\u010farsk\u00fdm ministrom zahrani\u010dn\u00fdch vec\u00ed P\u00e9trom Szijj\u00e1rt\u00f3m. Ob\u00e1vam sa, \u017ee pri celkovej \u00fastretovosti Fica a Tarabu k Orb\u00e1novej vl\u00e1de v Budape\u0161ti bud\u00fa slovensk\u00e9 energetick\u00e9 z\u00e1ujmy ignorova\u0165. Lacn\u00e1 zelen\u00e1 elektrina je ale pre slovensk\u00fd priemysel a atraktivitu n\u00e1\u0161ho investi\u010dn\u00e9ho prostredia k\u013e\u00fa\u010dov\u00e1,<\/em>\u201d upozor\u0148uje Karel Hirman, expert na energetiku, b\u00fdval\u00fd minister hospod\u00e1rstva a \u010dlen predsedn\u00edctva strany Demokrati.<\/p>\n\n\n\n<p>Utajovanie parametrov dohody vl\u00e1dou pova\u017eujeme za neakceptovate\u013en\u00e9 a nie je na to \u017eiaden relevantn\u00fd d\u00f4vod. Verejnos\u0165 m\u00e1 pr\u00e1vo vedie\u0165, ako Ficova vl\u00e1da, zn\u00e1ma nad\u0161tandardn\u00fdmi vz\u0165ahmi s Orb\u00e1nom, rokuje a \u010di skuto\u010dne presadzuje slovensk\u00e9 hospod\u00e1rske z\u00e1ujmy. Skuto\u010dnosti, \u017ee v hre je pr\u00e1ve slovensk\u00e1 zelen\u00e1 energia, nasved\u010duje aj \u00fa\u010das\u0165 predsedu \u00daRSO k tomuto bodu programu na rokovan\u00ed vl\u00e1dy a utajenie mo\u017en\u00fdch parametrov dohody. \u201e<em>Vl\u00e1du vyz\u00fdvame na zverejnenie materi\u00e1lu e\u0161te pred avizovan\u00fdm rokovan\u00edm s Ma\u010farskou stranou na \u00farovni premi\u00e9rov. Na \u0148om sa toti\u017e m\u00f4\u017ee Slovensk\u00e1 republika u\u017e predbe\u017ene k ur\u010dit\u00e9mu modelu rie\u0161enia zaviaza\u0165, a to bez toho, aby znenie dohody poznala slovensk\u00e1 odborn\u00e1 verejnos\u0165, \u010do je neakceptovate\u013en\u00e9. Fico a ani Taraba nerokuj\u00fa o svojom majetku, ale rokuj\u00fa v mene \u0161t\u00e1tu a zodpovedaj\u00fa sa ob\u010danom,<\/em>&#8221; uzavrel Michal Ki\u010da.<\/p>\n","protected":false},"excerpt":{"rendered":"<p>Vl\u00e1da dnes v utajenom re\u017eime prerokovala z\u00e1mer dohody, ktorou chce u\u017e nadch\u00e1dzaj\u00faci pondelok uzavrie\u0165 spor s Ma\u010farskom o Gab\u010d\u00edkovo. Demokrati u\u017e v janu\u00e1ri informovali, \u017ee v hre s\u00fa tak\u00e9 parametre dohody o prerozde\u013eovan\u00ed produkcie zelenej elektrickej energie, ktor\u00e9 by mohli po\u0161kodi\u0165 slovensk\u00fd priemysel. Z doteraj\u0161\u00edch krokov je na mieste obava, \u017ee vl\u00e1da je pripraven\u00e1 vyjs\u0165 [&hellip;]<\/p>\n","protected":false},"author":13,"featured_media":6218,"comment_status":"closed","ping_status":"closed","sticky":false,"template":"","format":"standard","meta":{"_acf_changed":false,"ngg_post_thumbnail":0,"footnotes":""},"categories":[4],"tags":[],"class_list":["post-6988","post","type-post","status-publish","format-standard","has-post-thumbnail","hentry","category-tlacove-spravy"],"acf":[],"yoast_head":"<!-- This site is optimized with the Yoast SEO plugin v27.2 - https:\/\/yoast.com\/product\/yoast-seo-wordpress\/ -->\n<title>Utajovanie parametrov dohody s Ma\u010farskom o Gab\u010d\u00edkove je neakceptovate\u013en\u00e9! Vyz\u00fdvame na ich zverejnenie<\/title>\n<meta name=\"robots\" content=\"index, follow, max-snippet:-1, max-image-preview:large, max-video-preview:-1\" \/>\n<link rel=\"canonical\" href=\"https:\/\/www.smedemokrati.sk\/sv\/utajovanie-parametrov-dohody-s-madarskom-o-gabcikove-je-neakceptovatelne-vyzyvame-na-ich-zverejnenie\/\" \/>\n<meta property=\"og:locale\" content=\"sv_SE\" \/>\n<meta property=\"og:locale:alternate\" content=\"en_US\" \/>\n<meta property=\"og:locale:alternate\" content=\"cs_CZ\" \/>\n<meta property=\"og:locale:alternate\" content=\"hu_HU\" \/>\n<meta property=\"og:locale:alternate\" content=\"sk_SK\" \/>\n<meta property=\"og:type\" content=\"article\" \/>\n<meta property=\"og:title\" content=\"Utajovanie parametrov dohody s Ma\u010farskom o Gab\u010d\u00edkove je neakceptovate\u013en\u00e9! Vyz\u00fdvame na ich zverejnenie\" \/>\n<meta property=\"og:description\" content=\"Vl\u00e1da dnes v utajenom re\u017eime prerokovala z\u00e1mer dohody, ktorou chce u\u017e nadch\u00e1dzaj\u00faci pondelok uzavrie\u0165 spor s Ma\u010farskom o Gab\u010d\u00edkovo. Demokrati u\u017e v janu\u00e1ri informovali, \u017ee v hre s\u00fa tak\u00e9 parametre dohody o prerozde\u013eovan\u00ed produkcie zelenej elektrickej energie, ktor\u00e9 by mohli po\u0161kodi\u0165 slovensk\u00fd priemysel. Z doteraj\u0161\u00edch krokov je na mieste obava, \u017ee vl\u00e1da je pripraven\u00e1 vyjs\u0165 [&hellip;]\" \/>\n<meta property=\"og:url\" content=\"https:\/\/www.smedemokrati.sk\/sv\/utajovanie-parametrov-dohody-s-madarskom-o-gabcikove-je-neakceptovatelne-vyzyvame-na-ich-zverejnenie\/\" \/>\n<meta property=\"og:site_name\" content=\"Smedemokrati.sk\" \/>\n<meta property=\"article:publisher\" content=\"https:\/\/www.facebook.com\/smedemokrati2023\" \/>\n<meta property=\"article:published_time\" content=\"2025-04-23T18:09:16+00:00\" \/>\n<meta property=\"article:modified_time\" content=\"2025-04-23T18:11:06+00:00\" \/>\n<meta property=\"og:image\" content=\"https:\/\/www.smedemokrati.sk\/wp-content\/uploads\/2025\/01\/tarabovo-gabcikovo.jpg\" \/>\n\t<meta property=\"og:image:width\" content=\"1031\" \/>\n\t<meta property=\"og:image:height\" content=\"609\" \/>\n\t<meta property=\"og:image:type\" content=\"image\/jpeg\" \/>\n<meta name=\"author\" content=\"miro.sopko\" \/>\n<meta name=\"twitter:card\" content=\"summary_large_image\" \/>\n<meta name=\"twitter:label1\" content=\"Skriven av\" \/>\n\t<meta name=\"twitter:data1\" content=\"miro.sopko\" \/>\n\t<meta name=\"twitter:label2\" content=\"Ber\u00e4knad l\u00e4stid\" \/>\n\t<meta name=\"twitter:data2\" content=\"3 minuter\" \/>\n<script type=\"application\/ld+json\" class=\"yoast-schema-graph\">{\"@context\":\"https:\/\/schema.org\",\"@graph\":[{\"@type\":\"Article\",\"@id\":\"https:\/\/www.smedemokrati.sk\/utajovanie-parametrov-dohody-s-madarskom-o-gabcikove-je-neakceptovatelne-vyzyvame-na-ich-zverejnenie\/#article\",\"isPartOf\":{\"@id\":\"https:\/\/www.smedemokrati.sk\/utajovanie-parametrov-dohody-s-madarskom-o-gabcikove-je-neakceptovatelne-vyzyvame-na-ich-zverejnenie\/\"},\"author\":{\"name\":\"miro.sopko\",\"@id\":\"https:\/\/www.smedemokrati.sk\/#\/schema\/person\/21f147c88d605aa7ded900e1e7c344ba\"},\"headline\":\"Utajovanie parametrov dohody s Ma\u010farskom o Gab\u010d\u00edkove je neakceptovate\u013en\u00e9! Vyz\u00fdvame na ich zverejnenie\",\"datePublished\":\"2025-04-23T18:09:16+00:00\",\"dateModified\":\"2025-04-23T18:11:06+00:00\",\"mainEntityOfPage\":{\"@id\":\"https:\/\/www.smedemokrati.sk\/utajovanie-parametrov-dohody-s-madarskom-o-gabcikove-je-neakceptovatelne-vyzyvame-na-ich-zverejnenie\/\"},\"wordCount\":605,\"publisher\":{\"@id\":\"https:\/\/www.smedemokrati.sk\/#organization\"},\"image\":{\"@id\":\"https:\/\/www.smedemokrati.sk\/utajovanie-parametrov-dohody-s-madarskom-o-gabcikove-je-neakceptovatelne-vyzyvame-na-ich-zverejnenie\/#primaryimage\"},\"thumbnailUrl\":\"https:\/\/www.smedemokrati.sk\/wp-content\/uploads\/2025\/01\/tarabovo-gabcikovo.jpg\",\"articleSection\":[\"Tla\u010dov\u00e9 spr\u00e1vy\"],\"inLanguage\":\"sv-SE\"},{\"@type\":\"WebPage\",\"@id\":\"https:\/\/www.smedemokrati.sk\/utajovanie-parametrov-dohody-s-madarskom-o-gabcikove-je-neakceptovatelne-vyzyvame-na-ich-zverejnenie\/\",\"url\":\"https:\/\/www.smedemokrati.sk\/utajovanie-parametrov-dohody-s-madarskom-o-gabcikove-je-neakceptovatelne-vyzyvame-na-ich-zverejnenie\/\",\"name\":\"Utajovanie parametrov dohody s Ma\u010farskom o Gab\u010d\u00edkove je neakceptovate\u013en\u00e9! Vyz\u00fdvame na ich zverejnenie\",\"isPartOf\":{\"@id\":\"https:\/\/www.smedemokrati.sk\/#website\"},\"primaryImageOfPage\":{\"@id\":\"https:\/\/www.smedemokrati.sk\/utajovanie-parametrov-dohody-s-madarskom-o-gabcikove-je-neakceptovatelne-vyzyvame-na-ich-zverejnenie\/#primaryimage\"},\"image\":{\"@id\":\"https:\/\/www.smedemokrati.sk\/utajovanie-parametrov-dohody-s-madarskom-o-gabcikove-je-neakceptovatelne-vyzyvame-na-ich-zverejnenie\/#primaryimage\"},\"thumbnailUrl\":\"https:\/\/www.smedemokrati.sk\/wp-content\/uploads\/2025\/01\/tarabovo-gabcikovo.jpg\",\"datePublished\":\"2025-04-23T18:09:16+00:00\",\"dateModified\":\"2025-04-23T18:11:06+00:00\",\"breadcrumb\":{\"@id\":\"https:\/\/www.smedemokrati.sk\/utajovanie-parametrov-dohody-s-madarskom-o-gabcikove-je-neakceptovatelne-vyzyvame-na-ich-zverejnenie\/#breadcrumb\"},\"inLanguage\":\"sv-SE\",\"potentialAction\":[{\"@type\":\"ReadAction\",\"target\":[\"https:\/\/www.smedemokrati.sk\/utajovanie-parametrov-dohody-s-madarskom-o-gabcikove-je-neakceptovatelne-vyzyvame-na-ich-zverejnenie\/\"]}]},{\"@type\":\"ImageObject\",\"inLanguage\":\"sv-SE\",\"@id\":\"https:\/\/www.smedemokrati.sk\/utajovanie-parametrov-dohody-s-madarskom-o-gabcikove-je-neakceptovatelne-vyzyvame-na-ich-zverejnenie\/#primaryimage\",\"url\":\"https:\/\/www.smedemokrati.sk\/wp-content\/uploads\/2025\/01\/tarabovo-gabcikovo.jpg\",\"contentUrl\":\"https:\/\/www.smedemokrati.sk\/wp-content\/uploads\/2025\/01\/tarabovo-gabcikovo.jpg\",\"width\":1031,\"height\":609},{\"@type\":\"BreadcrumbList\",\"@id\":\"https:\/\/www.smedemokrati.sk\/utajovanie-parametrov-dohody-s-madarskom-o-gabcikove-je-neakceptovatelne-vyzyvame-na-ich-zverejnenie\/#breadcrumb\",\"itemListElement\":[{\"@type\":\"ListItem\",\"position\":1,\"name\":\"Domovsk\u00e1 str\u00e1nka\",\"item\":\"https:\/\/www.smedemokrati.sk\/\"},{\"@type\":\"ListItem\",\"position\":2,\"name\":\"Utajovanie parametrov dohody s Ma\u010farskom o Gab\u010d\u00edkove je neakceptovate\u013en\u00e9! Vyz\u00fdvame na ich zverejnenie\"}]},{\"@type\":\"WebSite\",\"@id\":\"https:\/\/www.smedemokrati.sk\/#website\",\"url\":\"https:\/\/www.smedemokrati.sk\/\",\"name\":\"Smedemokrati.sk\",\"description\":\"Demokracia a slu\u0161nos\u0165 zv\u00ed\u0165az\u00ed\",\"publisher\":{\"@id\":\"https:\/\/www.smedemokrati.sk\/#organization\"},\"potentialAction\":[{\"@type\":\"SearchAction\",\"target\":{\"@type\":\"EntryPoint\",\"urlTemplate\":\"https:\/\/www.smedemokrati.sk\/?s={search_term_string}\"},\"query-input\":{\"@type\":\"PropertyValueSpecification\",\"valueRequired\":true,\"valueName\":\"search_term_string\"}}],\"inLanguage\":\"sv-SE\"},{\"@type\":\"Organization\",\"@id\":\"https:\/\/www.smedemokrati.sk\/#organization\",\"name\":\"Smedemokrati.sk\",\"url\":\"https:\/\/www.smedemokrati.sk\/\",\"logo\":{\"@type\":\"ImageObject\",\"inLanguage\":\"sv-SE\",\"@id\":\"https:\/\/www.smedemokrati.sk\/#\/schema\/logo\/image\/\",\"url\":\"https:\/\/www.smedemokrati.sk\/wp-content\/uploads\/2023\/04\/ff.002.jpeg\",\"contentUrl\":\"https:\/\/www.smedemokrati.sk\/wp-content\/uploads\/2023\/04\/ff.002.jpeg\",\"width\":640,\"height\":480,\"caption\":\"Smedemokrati.sk\"},\"image\":{\"@id\":\"https:\/\/www.smedemokrati.sk\/#\/schema\/logo\/image\/\"},\"sameAs\":[\"https:\/\/www.facebook.com\/smedemokrati2023\"]},{\"@type\":\"Person\",\"@id\":\"https:\/\/www.smedemokrati.sk\/#\/schema\/person\/21f147c88d605aa7ded900e1e7c344ba\",\"name\":\"miro.sopko\",\"image\":{\"@type\":\"ImageObject\",\"inLanguage\":\"sv-SE\",\"@id\":\"https:\/\/secure.gravatar.com\/avatar\/267e4a36f704376c109afe3a78740c1f5dd8675a2180a908699e7863c9247606?s=96&d=mm&r=g\",\"url\":\"https:\/\/secure.gravatar.com\/avatar\/267e4a36f704376c109afe3a78740c1f5dd8675a2180a908699e7863c9247606?s=96&d=mm&r=g\",\"contentUrl\":\"https:\/\/secure.gravatar.com\/avatar\/267e4a36f704376c109afe3a78740c1f5dd8675a2180a908699e7863c9247606?s=96&d=mm&r=g\",\"caption\":\"miro.sopko\"},\"url\":\"https:\/\/www.smedemokrati.sk\/sv\/author\/miro-sopko\/\"}]}<\/script>\n<!-- \/ Yoast SEO plugin. -->","yoast_head_json":{"title":"Utajovanie parametrov dohody s Ma\u010farskom o Gab\u010d\u00edkove je neakceptovate\u013en\u00e9! Vyz\u00fdvame na ich zverejnenie","robots":{"index":"index","follow":"follow","max-snippet":"max-snippet:-1","max-image-preview":"max-image-preview:large","max-video-preview":"max-video-preview:-1"},"canonical":"https:\/\/www.smedemokrati.sk\/sv\/utajovanie-parametrov-dohody-s-madarskom-o-gabcikove-je-neakceptovatelne-vyzyvame-na-ich-zverejnenie\/","og_locale":"sv_SE","og_type":"article","og_title":"[:sk]Utajovanie parametrov dohody s Ma\u010farskom o Gab\u010d\u00edkove je neakceptovate\u013en\u00e9! Vyz\u00fdvame na ich zverejnenie[:] - Smedemokrati.sk","og_description":"Vl\u00e1da dnes v utajenom re\u017eime prerokovala z\u00e1mer dohody, ktorou chce u\u017e nadch\u00e1dzaj\u00faci pondelok uzavrie\u0165 spor s Ma\u010farskom o Gab\u010d\u00edkovo. Demokrati u\u017e v janu\u00e1ri informovali, \u017ee v hre s\u00fa tak\u00e9 parametre dohody o prerozde\u013eovan\u00ed produkcie zelenej elektrickej energie, ktor\u00e9 by mohli po\u0161kodi\u0165 slovensk\u00fd priemysel. Z doteraj\u0161\u00edch krokov je na mieste obava, \u017ee vl\u00e1da je pripraven\u00e1 vyjs\u0165 [&hellip;]","og_url":"https:\/\/www.smedemokrati.sk\/sv\/utajovanie-parametrov-dohody-s-madarskom-o-gabcikove-je-neakceptovatelne-vyzyvame-na-ich-zverejnenie\/","og_site_name":"Smedemokrati.sk","article_publisher":"https:\/\/www.facebook.com\/smedemokrati2023","article_published_time":"2025-04-23T18:09:16+00:00","article_modified_time":"2025-04-23T18:11:06+00:00","og_image":[{"width":1031,"height":609,"url":"https:\/\/www.smedemokrati.sk\/wp-content\/uploads\/2025\/01\/tarabovo-gabcikovo.jpg","type":"image\/jpeg"}],"author":"miro.sopko","twitter_card":"summary_large_image","twitter_misc":{"Skriven av":"miro.sopko","Ber\u00e4knad l\u00e4stid":"3 minuter"},"schema":{"@context":"https:\/\/schema.org","@graph":[{"@type":"Article","@id":"https:\/\/www.smedemokrati.sk\/utajovanie-parametrov-dohody-s-madarskom-o-gabcikove-je-neakceptovatelne-vyzyvame-na-ich-zverejnenie\/#article","isPartOf":{"@id":"https:\/\/www.smedemokrati.sk\/utajovanie-parametrov-dohody-s-madarskom-o-gabcikove-je-neakceptovatelne-vyzyvame-na-ich-zverejnenie\/"},"author":{"name":"miro.sopko","@id":"https:\/\/www.smedemokrati.sk\/#\/schema\/person\/21f147c88d605aa7ded900e1e7c344ba"},"headline":"Utajovanie parametrov dohody s Ma\u010farskom o Gab\u010d\u00edkove je neakceptovate\u013en\u00e9! Vyz\u00fdvame na ich zverejnenie","datePublished":"2025-04-23T18:09:16+00:00","dateModified":"2025-04-23T18:11:06+00:00","mainEntityOfPage":{"@id":"https:\/\/www.smedemokrati.sk\/utajovanie-parametrov-dohody-s-madarskom-o-gabcikove-je-neakceptovatelne-vyzyvame-na-ich-zverejnenie\/"},"wordCount":605,"publisher":{"@id":"https:\/\/www.smedemokrati.sk\/#organization"},"image":{"@id":"https:\/\/www.smedemokrati.sk\/utajovanie-parametrov-dohody-s-madarskom-o-gabcikove-je-neakceptovatelne-vyzyvame-na-ich-zverejnenie\/#primaryimage"},"thumbnailUrl":"https:\/\/www.smedemokrati.sk\/wp-content\/uploads\/2025\/01\/tarabovo-gabcikovo.jpg","articleSection":["Tla\u010dov\u00e9 spr\u00e1vy"],"inLanguage":"sv-SE"},{"@type":"WebPage","@id":"https:\/\/www.smedemokrati.sk\/utajovanie-parametrov-dohody-s-madarskom-o-gabcikove-je-neakceptovatelne-vyzyvame-na-ich-zverejnenie\/","url":"https:\/\/www.smedemokrati.sk\/utajovanie-parametrov-dohody-s-madarskom-o-gabcikove-je-neakceptovatelne-vyzyvame-na-ich-zverejnenie\/","name":"Utajovanie parametrov dohody s Ma\u010farskom o Gab\u010d\u00edkove je neakceptovate\u013en\u00e9! Vyz\u00fdvame na ich zverejnenie","isPartOf":{"@id":"https:\/\/www.smedemokrati.sk\/#website"},"primaryImageOfPage":{"@id":"https:\/\/www.smedemokrati.sk\/utajovanie-parametrov-dohody-s-madarskom-o-gabcikove-je-neakceptovatelne-vyzyvame-na-ich-zverejnenie\/#primaryimage"},"image":{"@id":"https:\/\/www.smedemokrati.sk\/utajovanie-parametrov-dohody-s-madarskom-o-gabcikove-je-neakceptovatelne-vyzyvame-na-ich-zverejnenie\/#primaryimage"},"thumbnailUrl":"https:\/\/www.smedemokrati.sk\/wp-content\/uploads\/2025\/01\/tarabovo-gabcikovo.jpg","datePublished":"2025-04-23T18:09:16+00:00","dateModified":"2025-04-23T18:11:06+00:00","breadcrumb":{"@id":"https:\/\/www.smedemokrati.sk\/utajovanie-parametrov-dohody-s-madarskom-o-gabcikove-je-neakceptovatelne-vyzyvame-na-ich-zverejnenie\/#breadcrumb"},"inLanguage":"sv-SE","potentialAction":[{"@type":"ReadAction","target":["https:\/\/www.smedemokrati.sk\/utajovanie-parametrov-dohody-s-madarskom-o-gabcikove-je-neakceptovatelne-vyzyvame-na-ich-zverejnenie\/"]}]},{"@type":"ImageObject","inLanguage":"sv-SE","@id":"https:\/\/www.smedemokrati.sk\/utajovanie-parametrov-dohody-s-madarskom-o-gabcikove-je-neakceptovatelne-vyzyvame-na-ich-zverejnenie\/#primaryimage","url":"https:\/\/www.smedemokrati.sk\/wp-content\/uploads\/2025\/01\/tarabovo-gabcikovo.jpg","contentUrl":"https:\/\/www.smedemokrati.sk\/wp-content\/uploads\/2025\/01\/tarabovo-gabcikovo.jpg","width":1031,"height":609},{"@type":"BreadcrumbList","@id":"https:\/\/www.smedemokrati.sk\/utajovanie-parametrov-dohody-s-madarskom-o-gabcikove-je-neakceptovatelne-vyzyvame-na-ich-zverejnenie\/#breadcrumb","itemListElement":[{"@type":"ListItem","position":1,"name":"Domovsk\u00e1 str\u00e1nka","item":"https:\/\/www.smedemokrati.sk\/"},{"@type":"ListItem","position":2,"name":"Utajovanie parametrov dohody s Ma\u010farskom o Gab\u010d\u00edkove je neakceptovate\u013en\u00e9! Vyz\u00fdvame na ich zverejnenie"}]},{"@type":"WebSite","@id":"https:\/\/www.smedemokrati.sk\/#website","url":"https:\/\/www.smedemokrati.sk\/","name":"Smedemokrati.sk","description":"Demokracia a slu\u0161nos\u0165 zv\u00ed\u0165az\u00ed","publisher":{"@id":"https:\/\/www.smedemokrati.sk\/#organization"},"potentialAction":[{"@type":"SearchAction","target":{"@type":"EntryPoint","urlTemplate":"https:\/\/www.smedemokrati.sk\/?s={search_term_string}"},"query-input":{"@type":"PropertyValueSpecification","valueRequired":true,"valueName":"search_term_string"}}],"inLanguage":"sv-SE"},{"@type":"Organization","@id":"https:\/\/www.smedemokrati.sk\/#organization","name":"Smedemokrati.sk","url":"https:\/\/www.smedemokrati.sk\/","logo":{"@type":"ImageObject","inLanguage":"sv-SE","@id":"https:\/\/www.smedemokrati.sk\/#\/schema\/logo\/image\/","url":"https:\/\/www.smedemokrati.sk\/wp-content\/uploads\/2023\/04\/ff.002.jpeg","contentUrl":"https:\/\/www.smedemokrati.sk\/wp-content\/uploads\/2023\/04\/ff.002.jpeg","width":640,"height":480,"caption":"Smedemokrati.sk"},"image":{"@id":"https:\/\/www.smedemokrati.sk\/#\/schema\/logo\/image\/"},"sameAs":["https:\/\/www.facebook.com\/smedemokrati2023"]},{"@type":"Person","@id":"https:\/\/www.smedemokrati.sk\/#\/schema\/person\/21f147c88d605aa7ded900e1e7c344ba","name":"miro.sopko","image":{"@type":"ImageObject","inLanguage":"sv-SE","@id":"https:\/\/secure.gravatar.com\/avatar\/267e4a36f704376c109afe3a78740c1f5dd8675a2180a908699e7863c9247606?s=96&d=mm&r=g","url":"https:\/\/secure.gravatar.com\/avatar\/267e4a36f704376c109afe3a78740c1f5dd8675a2180a908699e7863c9247606?s=96&d=mm&r=g","contentUrl":"https:\/\/secure.gravatar.com\/avatar\/267e4a36f704376c109afe3a78740c1f5dd8675a2180a908699e7863c9247606?s=96&d=mm&r=g","caption":"miro.sopko"},"url":"https:\/\/www.smedemokrati.sk\/sv\/author\/miro-sopko\/"}]}},"_links":{"self":[{"href":"https:\/\/www.smedemokrati.sk\/sv\/wp-json\/wp\/v2\/posts\/6988","targetHints":{"allow":["GET"]}}],"collection":[{"href":"https:\/\/www.smedemokrati.sk\/sv\/wp-json\/wp\/v2\/posts"}],"about":[{"href":"https:\/\/www.smedemokrati.sk\/sv\/wp-json\/wp\/v2\/types\/post"}],"author":[{"embeddable":true,"href":"https:\/\/www.smedemokrati.sk\/sv\/wp-json\/wp\/v2\/users\/13"}],"replies":[{"embeddable":true,"href":"https:\/\/www.smedemokrati.sk\/sv\/wp-json\/wp\/v2\/comments?post=6988"}],"version-history":[{"count":1,"href":"https:\/\/www.smedemokrati.sk\/sv\/wp-json\/wp\/v2\/posts\/6988\/revisions"}],"predecessor-version":[{"id":6989,"href":"https:\/\/www.smedemokrati.sk\/sv\/wp-json\/wp\/v2\/posts\/6988\/revisions\/6989"}],"wp:featuredmedia":[{"embeddable":true,"href":"https:\/\/www.smedemokrati.sk\/sv\/wp-json\/wp\/v2\/media\/6218"}],"wp:attachment":[{"href":"https:\/\/www.smedemokrati.sk\/sv\/wp-json\/wp\/v2\/media?parent=6988"}],"wp:term":[{"taxonomy":"category","embeddable":true,"href":"https:\/\/www.smedemokrati.sk\/sv\/wp-json\/wp\/v2\/categories?post=6988"},{"taxonomy":"post_tag","embeddable":true,"href":"https:\/\/www.smedemokrati.sk\/sv\/wp-json\/wp\/v2\/tags?post=6988"}],"curies":[{"name":"wp","href":"https:\/\/api.w.org\/{rel}","templated":true}]}}