{"id":6974,"date":"2025-04-22T14:50:33","date_gmt":"2025-04-22T13:50:33","guid":{"rendered":"https:\/\/www.smedemokrati.sk\/?p=6974"},"modified":"2025-04-22T14:50:33","modified_gmt":"2025-04-22T13:50:33","slug":"sutaj-estokova-inspekcia-klame-ze-nenasla-pachatela-ktory-vyhotovil-video-s-cintulom-po-utoku-na-predsedu-vlady-fica-v-handlovej","status":"publish","type":"post","link":"https:\/\/www.smedemokrati.sk\/sv\/sutaj-estokova-inspekcia-klame-ze-nenasla-pachatela-ktory-vyhotovil-video-s-cintulom-po-utoku-na-predsedu-vlady-fica-v-handlovej\/","title":{"rendered":"\u0160utaj E\u0161tokova in\u0161pekcia klame, \u017ee nena\u0161la p\u00e1chate\u013ea, ktor\u00fd vyhotovil video s Cintulom po \u00fatoku na predsedu vl\u00e1dy Fica v Handlovej"},"content":{"rendered":"<div id=\"fb-root\"><\/div>\n\n<p><strong>Demokrati disponuj\u00fa dokumentom, ktor\u00fd mal vznikn\u00fa\u0165 tesne po \u00fatoku na premi\u00e9ra Fica, v ktorom sa policajt Juraj F. prizn\u00e1va, \u017ee on nahral Cintulu, odfotil jeho ob\u010diansky preukaz a n\u00e1sledne tieto inform\u00e1cie poslal riadite\u013eovi \u00daO\u00da\u010c a jeho dvom n\u00e1mestn\u00edkom. Ako je mo\u017en\u00e9, \u017ee in\u0161pekcia tvrd\u00ed, \u017ee po \u00f4smich mesiacoch vy\u0161etrovania pokusu o atent\u00e1t na premi\u00e9ra nena\u0161la autora videa, ktor\u00e9 sa po zadr\u017ean\u00ed J. Cintulu \u0161\u00edrilo internetom?<\/strong><\/p>\n\n\n\n<p><em>\u201eAko je mo\u017en\u00e9, \u017ee ani po \u00f4smich mesiacoch, ke\u010f s\u00fa v z\u00e1sade \u0161tyria podozriv\u00ed, policajn\u00e1 in\u0161pekcia nie je schopn\u00e1 vy\u0161etri\u0165, ako toto video uniklo? V dokumente, ktor\u00fd m\u00e1me k dispoz\u00edcii, sa menovan\u00fd policajt k \u010dinu prizn\u00e1va. P\u00fdtame sa, pre\u010do nebola vykonan\u00e1 hlasov\u00e1 rekogn\u00edcia z videa, kde by kriminalistick\u00ed experti mohli jednozna\u010dne identifikova\u0165 hlas podozriv\u00e9ho policajta? Napriek tomu, \u017ee sa policajt k skutku priznal, nie je mo\u017en\u00e9, aby to policajn\u00e1 in\u0161pekcia nevy\u0161etrila. Koho kryj\u00fa?\u201c<\/em>&nbsp;p\u00fdta sa predseda Demokratov Jaroslav Na\u010f.&nbsp;<em>\u201ePod\u013ea na\u0161ich inform\u00e1ci\u00ed menovan\u00fd policajt dostal tzv. dr\u017ehubn\u00e9 a je u\u017e s\u00fa\u010das\u0165ou tajn\u00fdch slu\u017eieb. P\u00fdtame sa: Je to pravda?\u201c<\/em>&nbsp;dod\u00e1va Jaroslav Na\u010f.<\/p>\n\n\n\n<p><em>\u201eRovnako sa v uvedenom dokumente uv\u00e1dza, \u017ee policajti mali okam\u017eite zaisti\u0165 oble\u010denie zranen\u00e9ho premi\u00e9ra. Ako sme sa v\u0161ak dozvedeli, t\u00fato \u00falohu si svojvo\u013ene zobral na seba minister obrany Kali\u0148\u00e1k. Ako je to mo\u017en\u00e9? Pre\u010do to urobil, ke\u010f ako sk\u00fasen\u00fd advok\u00e1t musel vedie\u0165, \u017ee ide o z\u00e1sah do vy\u0161etrovania?\u201c<\/em>&nbsp;p\u00fdta sa Na\u010f.<\/p>\n\n\n\n<p><em>\u201e\u00datok na predsedu vl\u00e1dy jednozna\u010dne odsudzujeme \u2013 o tom niet poch\u00fdb. No \u017eia\u013e, okam\u017eite po \u00fatoku sa rozbehla propaganda, ktor\u00e1 sa sna\u017eila bez d\u00f4kazov obvini\u0165 opoz\u00edciu. Video s Cintulom bolo prv\u00fdm krokom \u2013 sugest\u00edvne a r\u00fdchlo \u0161\u00edren\u00e9 internetom. Ob\u00e1vam sa, \u017ee \u0161tyria policajti, ktor\u00ed t\u00fdmto videom disponovali, nekonali na vlastn\u00fd popud, ale na politick\u00fa objedn\u00e1vku. Ko\u013ekokr\u00e1t politici ako Ga\u0161par a \u0160utaj kri\u010dali, \u017ee opoz\u00edcia chcela zabi\u0165 premi\u00e9ra? A potom \u2018n\u00e1hodou\u2019 in\u0161pekcia pod veden\u00edm Zuriana nevy\u0161etr\u00ed \u00fanik videa? N\u00e1hoda, alebo s\u00fa\u010das\u0165 propagandy?\u201c&nbsp;<\/em>hovor\u00ed podpredseda strany Juraj \u0160eliga.<\/p>\n\n\n\n<p><em>\u201ePolicajn\u00e1 in\u0161pekcia za Juh\u00e1sa mala 25 funkcion\u00e1rov a 187 policajtov \u2013 menej ako dnes, no vy\u0161etrovala intenz\u00edvnej\u0161ie. Dnes m\u00e1 in\u0161pekcia pod Zurianov\u00fdm veden\u00edm 38 funkcion\u00e1rov a 221 policajtov. A hovor\u00edme aj o bezpe\u010dnostn\u00fdch previerkach \u2013 za Juh\u00e1sa ich museli ma\u0165 v\u0161etci funkcion\u00e1ri. Dnes ani nevieme, \u010di m\u00e1 Zurian bezpe\u010dnostn\u00fa previerku,\u201c<\/em>&nbsp;dod\u00e1va \u0160eliga.<\/p>\n\n\n\n<p><em>\u201eO\u010dak\u00e1vame, \u017ee vy\u0161etrovate\u013e bude v pr\u00edpade pokra\u010dova\u0165, ke\u010f\u017ee okruh podozriv\u00fdch je \u00faplne zrejm\u00fd. \u013dud\u00ed na Slovensku nemo\u017eno pova\u017eova\u0165 za hlup\u00e1kov!\u201c<\/em>&nbsp;uzatv\u00e1ra Juraj \u0160eliga.<\/p>\n\n\n<div class=\"fb-video\" data-href=\"https:\/\/fb.watch\/z7gr85TEfJ\" data-allowfullscreen=\"true\" data-autoplay=\"false\" data-width=\"\" data-show-text=\"false\" data-show-captions=\"true\"><\/div>\n","protected":false},"excerpt":{"rendered":"<p>Demokrati disponuj\u00fa dokumentom, ktor\u00fd mal vznikn\u00fa\u0165 tesne po \u00fatoku na premi\u00e9ra Fica, v ktorom sa policajt Juraj F. prizn\u00e1va, \u017ee on nahral Cintulu, odfotil jeho ob\u010diansky preukaz a n\u00e1sledne tieto inform\u00e1cie poslal riadite\u013eovi \u00daO\u00da\u010c a jeho dvom n\u00e1mestn\u00edkom. Ako je mo\u017en\u00e9, \u017ee in\u0161pekcia tvrd\u00ed, \u017ee po \u00f4smich mesiacoch vy\u0161etrovania pokusu o atent\u00e1t na premi\u00e9ra nena\u0161la [&hellip;]<\/p>\n","protected":false},"author":13,"featured_media":6975,"comment_status":"closed","ping_status":"closed","sticky":false,"template":"","format":"standard","meta":{"_acf_changed":false,"ngg_post_thumbnail":0,"footnotes":""},"categories":[4],"tags":[],"class_list":["post-6974","post","type-post","status-publish","format-standard","has-post-thumbnail","hentry","category-tlacove-spravy"],"acf":[],"yoast_head":"<!-- This site is optimized with the Yoast SEO plugin v27.2 - https:\/\/yoast.com\/product\/yoast-seo-wordpress\/ -->\n<title>\u0160utaj E\u0161tokova in\u0161pekcia klame, \u017ee nena\u0161la p\u00e1chate\u013ea, ktor\u00fd vyhotovil video s Cintulom po \u00fatoku na predsedu vl\u00e1dy Fica v Handlovej<\/title>\n<meta name=\"description\" content=\"Demokrati disponuj\u00fa dokumentom, ktor\u00fd mal vznikn\u00fa\u0165 tesne po \u00fatoku na premi\u00e9ra Fica, v ktorom sa policajt Juraj F. prizn\u00e1va, \u017ee on nahral Cintulu, odfotil jeho ob\u010diansky preukaz a n\u00e1sledne tieto inform\u00e1cie poslal riadite\u013eovi \u00daO\u00da\u010c a jeho dvom n\u00e1mestn\u00edkom. Ako je mo\u017en\u00e9, \u017ee in\u0161pekcia tvrd\u00ed, \u017ee po \u00f4smich mesiacoch vy\u0161etrovania pokusu o atent\u00e1t na premi\u00e9ra nena\u0161la autora videa, ktor\u00e9 sa po zadr\u017ean\u00ed J. Cintulu \u0161\u00edrilo internetom?\" \/>\n<meta name=\"robots\" content=\"index, follow, max-snippet:-1, max-image-preview:large, max-video-preview:-1\" \/>\n<link rel=\"canonical\" href=\"https:\/\/www.smedemokrati.sk\/sv\/sutaj-estokova-inspekcia-klame-ze-nenasla-pachatela-ktory-vyhotovil-video-s-cintulom-po-utoku-na-predsedu-vlady-fica-v-handlovej\/\" \/>\n<meta property=\"og:locale\" content=\"sv_SE\" \/>\n<meta property=\"og:locale:alternate\" content=\"en_US\" \/>\n<meta property=\"og:locale:alternate\" content=\"cs_CZ\" \/>\n<meta property=\"og:locale:alternate\" content=\"hu_HU\" \/>\n<meta property=\"og:locale:alternate\" content=\"sk_SK\" \/>\n<meta property=\"og:type\" content=\"article\" \/>\n<meta property=\"og:title\" content=\"\u0160utaj E\u0161tokova in\u0161pekcia klame, \u017ee nena\u0161la p\u00e1chate\u013ea, ktor\u00fd vyhotovil video s Cintulom po \u00fatoku na predsedu vl\u00e1dy Fica v Handlovej\" \/>\n<meta property=\"og:description\" content=\"Demokrati disponuj\u00fa dokumentom, ktor\u00fd mal vznikn\u00fa\u0165 tesne po \u00fatoku na premi\u00e9ra Fica, v ktorom sa policajt Juraj F. prizn\u00e1va, \u017ee on nahral Cintulu, odfotil jeho ob\u010diansky preukaz a n\u00e1sledne tieto inform\u00e1cie poslal riadite\u013eovi \u00daO\u00da\u010c a jeho dvom n\u00e1mestn\u00edkom. Ako je mo\u017en\u00e9, \u017ee in\u0161pekcia tvrd\u00ed, \u017ee po \u00f4smich mesiacoch vy\u0161etrovania pokusu o atent\u00e1t na premi\u00e9ra nena\u0161la autora videa, ktor\u00e9 sa po zadr\u017ean\u00ed J. Cintulu \u0161\u00edrilo internetom?\" \/>\n<meta property=\"og:url\" content=\"https:\/\/www.smedemokrati.sk\/sv\/sutaj-estokova-inspekcia-klame-ze-nenasla-pachatela-ktory-vyhotovil-video-s-cintulom-po-utoku-na-predsedu-vlady-fica-v-handlovej\/\" \/>\n<meta property=\"og:site_name\" content=\"Smedemokrati.sk\" \/>\n<meta property=\"article:publisher\" content=\"https:\/\/www.facebook.com\/smedemokrati2023\" \/>\n<meta property=\"article:published_time\" content=\"2025-04-22T13:50:33+00:00\" \/>\n<meta property=\"og:image\" content=\"https:\/\/www.smedemokrati.sk\/wp-content\/uploads\/2025\/04\/inspekcia_zlyhanie.jpg\" \/>\n\t<meta property=\"og:image:width\" content=\"1032\" \/>\n\t<meta property=\"og:image:height\" content=\"551\" \/>\n\t<meta property=\"og:image:type\" content=\"image\/jpeg\" \/>\n<meta name=\"author\" content=\"miro.sopko\" \/>\n<meta name=\"twitter:card\" content=\"summary_large_image\" \/>\n<meta name=\"twitter:label1\" content=\"Skriven av\" \/>\n\t<meta name=\"twitter:data1\" content=\"miro.sopko\" \/>\n\t<meta name=\"twitter:label2\" content=\"Ber\u00e4knad l\u00e4stid\" \/>\n\t<meta name=\"twitter:data2\" content=\"3 minuter\" \/>\n<script type=\"application\/ld+json\" class=\"yoast-schema-graph\">{\"@context\":\"https:\/\/schema.org\",\"@graph\":[{\"@type\":\"Article\",\"@id\":\"https:\/\/www.smedemokrati.sk\/sutaj-estokova-inspekcia-klame-ze-nenasla-pachatela-ktory-vyhotovil-video-s-cintulom-po-utoku-na-predsedu-vlady-fica-v-handlovej\/#article\",\"isPartOf\":{\"@id\":\"https:\/\/www.smedemokrati.sk\/sutaj-estokova-inspekcia-klame-ze-nenasla-pachatela-ktory-vyhotovil-video-s-cintulom-po-utoku-na-predsedu-vlady-fica-v-handlovej\/\"},\"author\":{\"name\":\"miro.sopko\",\"@id\":\"https:\/\/www.smedemokrati.sk\/#\/schema\/person\/21f147c88d605aa7ded900e1e7c344ba\"},\"headline\":\"\u0160utaj E\u0161tokova in\u0161pekcia klame, \u017ee nena\u0161la p\u00e1chate\u013ea, ktor\u00fd vyhotovil video s Cintulom po \u00fatoku na predsedu vl\u00e1dy Fica v Handlovej\",\"datePublished\":\"2025-04-22T13:50:33+00:00\",\"mainEntityOfPage\":{\"@id\":\"https:\/\/www.smedemokrati.sk\/sutaj-estokova-inspekcia-klame-ze-nenasla-pachatela-ktory-vyhotovil-video-s-cintulom-po-utoku-na-predsedu-vlady-fica-v-handlovej\/\"},\"wordCount\":526,\"publisher\":{\"@id\":\"https:\/\/www.smedemokrati.sk\/#organization\"},\"image\":{\"@id\":\"https:\/\/www.smedemokrati.sk\/sutaj-estokova-inspekcia-klame-ze-nenasla-pachatela-ktory-vyhotovil-video-s-cintulom-po-utoku-na-predsedu-vlady-fica-v-handlovej\/#primaryimage\"},\"thumbnailUrl\":\"https:\/\/www.smedemokrati.sk\/wp-content\/uploads\/2025\/04\/inspekcia_zlyhanie.jpg\",\"articleSection\":[\"Tla\u010dov\u00e9 spr\u00e1vy\"],\"inLanguage\":\"sv-SE\"},{\"@type\":\"WebPage\",\"@id\":\"https:\/\/www.smedemokrati.sk\/sutaj-estokova-inspekcia-klame-ze-nenasla-pachatela-ktory-vyhotovil-video-s-cintulom-po-utoku-na-predsedu-vlady-fica-v-handlovej\/\",\"url\":\"https:\/\/www.smedemokrati.sk\/sutaj-estokova-inspekcia-klame-ze-nenasla-pachatela-ktory-vyhotovil-video-s-cintulom-po-utoku-na-predsedu-vlady-fica-v-handlovej\/\",\"name\":\"\u0160utaj E\u0161tokova in\u0161pekcia klame, \u017ee nena\u0161la p\u00e1chate\u013ea, ktor\u00fd vyhotovil video s Cintulom po \u00fatoku na predsedu vl\u00e1dy Fica v Handlovej\",\"isPartOf\":{\"@id\":\"https:\/\/www.smedemokrati.sk\/#website\"},\"primaryImageOfPage\":{\"@id\":\"https:\/\/www.smedemokrati.sk\/sutaj-estokova-inspekcia-klame-ze-nenasla-pachatela-ktory-vyhotovil-video-s-cintulom-po-utoku-na-predsedu-vlady-fica-v-handlovej\/#primaryimage\"},\"image\":{\"@id\":\"https:\/\/www.smedemokrati.sk\/sutaj-estokova-inspekcia-klame-ze-nenasla-pachatela-ktory-vyhotovil-video-s-cintulom-po-utoku-na-predsedu-vlady-fica-v-handlovej\/#primaryimage\"},\"thumbnailUrl\":\"https:\/\/www.smedemokrati.sk\/wp-content\/uploads\/2025\/04\/inspekcia_zlyhanie.jpg\",\"datePublished\":\"2025-04-22T13:50:33+00:00\",\"description\":\"Demokrati disponuj\u00fa dokumentom, ktor\u00fd mal vznikn\u00fa\u0165 tesne po \u00fatoku na premi\u00e9ra Fica, v ktorom sa policajt Juraj F. prizn\u00e1va, \u017ee on nahral Cintulu, odfotil jeho ob\u010diansky preukaz a n\u00e1sledne tieto inform\u00e1cie poslal riadite\u013eovi \u00daO\u00da\u010c a jeho dvom n\u00e1mestn\u00edkom. Ako je mo\u017en\u00e9, \u017ee in\u0161pekcia tvrd\u00ed, \u017ee po \u00f4smich mesiacoch vy\u0161etrovania pokusu o atent\u00e1t na premi\u00e9ra nena\u0161la autora videa, ktor\u00e9 sa po zadr\u017ean\u00ed J. Cintulu \u0161\u00edrilo internetom?\",\"breadcrumb\":{\"@id\":\"https:\/\/www.smedemokrati.sk\/sutaj-estokova-inspekcia-klame-ze-nenasla-pachatela-ktory-vyhotovil-video-s-cintulom-po-utoku-na-predsedu-vlady-fica-v-handlovej\/#breadcrumb\"},\"inLanguage\":\"sv-SE\",\"potentialAction\":[{\"@type\":\"ReadAction\",\"target\":[\"https:\/\/www.smedemokrati.sk\/sutaj-estokova-inspekcia-klame-ze-nenasla-pachatela-ktory-vyhotovil-video-s-cintulom-po-utoku-na-predsedu-vlady-fica-v-handlovej\/\"]}]},{\"@type\":\"ImageObject\",\"inLanguage\":\"sv-SE\",\"@id\":\"https:\/\/www.smedemokrati.sk\/sutaj-estokova-inspekcia-klame-ze-nenasla-pachatela-ktory-vyhotovil-video-s-cintulom-po-utoku-na-predsedu-vlady-fica-v-handlovej\/#primaryimage\",\"url\":\"https:\/\/www.smedemokrati.sk\/wp-content\/uploads\/2025\/04\/inspekcia_zlyhanie.jpg\",\"contentUrl\":\"https:\/\/www.smedemokrati.sk\/wp-content\/uploads\/2025\/04\/inspekcia_zlyhanie.jpg\",\"width\":1032,\"height\":551},{\"@type\":\"BreadcrumbList\",\"@id\":\"https:\/\/www.smedemokrati.sk\/sutaj-estokova-inspekcia-klame-ze-nenasla-pachatela-ktory-vyhotovil-video-s-cintulom-po-utoku-na-predsedu-vlady-fica-v-handlovej\/#breadcrumb\",\"itemListElement\":[{\"@type\":\"ListItem\",\"position\":1,\"name\":\"Domovsk\u00e1 str\u00e1nka\",\"item\":\"https:\/\/www.smedemokrati.sk\/\"},{\"@type\":\"ListItem\",\"position\":2,\"name\":\"\u0160utaj E\u0161tokova in\u0161pekcia klame, \u017ee nena\u0161la p\u00e1chate\u013ea, ktor\u00fd vyhotovil video s Cintulom po \u00fatoku na predsedu vl\u00e1dy Fica v Handlovej\"}]},{\"@type\":\"WebSite\",\"@id\":\"https:\/\/www.smedemokrati.sk\/#website\",\"url\":\"https:\/\/www.smedemokrati.sk\/\",\"name\":\"Smedemokrati.sk\",\"description\":\"Demokracia a slu\u0161nos\u0165 zv\u00ed\u0165az\u00ed\",\"publisher\":{\"@id\":\"https:\/\/www.smedemokrati.sk\/#organization\"},\"potentialAction\":[{\"@type\":\"SearchAction\",\"target\":{\"@type\":\"EntryPoint\",\"urlTemplate\":\"https:\/\/www.smedemokrati.sk\/?s={search_term_string}\"},\"query-input\":{\"@type\":\"PropertyValueSpecification\",\"valueRequired\":true,\"valueName\":\"search_term_string\"}}],\"inLanguage\":\"sv-SE\"},{\"@type\":\"Organization\",\"@id\":\"https:\/\/www.smedemokrati.sk\/#organization\",\"name\":\"Smedemokrati.sk\",\"url\":\"https:\/\/www.smedemokrati.sk\/\",\"logo\":{\"@type\":\"ImageObject\",\"inLanguage\":\"sv-SE\",\"@id\":\"https:\/\/www.smedemokrati.sk\/#\/schema\/logo\/image\/\",\"url\":\"https:\/\/www.smedemokrati.sk\/wp-content\/uploads\/2023\/04\/ff.002.jpeg\",\"contentUrl\":\"https:\/\/www.smedemokrati.sk\/wp-content\/uploads\/2023\/04\/ff.002.jpeg\",\"width\":640,\"height\":480,\"caption\":\"Smedemokrati.sk\"},\"image\":{\"@id\":\"https:\/\/www.smedemokrati.sk\/#\/schema\/logo\/image\/\"},\"sameAs\":[\"https:\/\/www.facebook.com\/smedemokrati2023\"]},{\"@type\":\"Person\",\"@id\":\"https:\/\/www.smedemokrati.sk\/#\/schema\/person\/21f147c88d605aa7ded900e1e7c344ba\",\"name\":\"miro.sopko\",\"image\":{\"@type\":\"ImageObject\",\"inLanguage\":\"sv-SE\",\"@id\":\"https:\/\/secure.gravatar.com\/avatar\/267e4a36f704376c109afe3a78740c1f5dd8675a2180a908699e7863c9247606?s=96&d=mm&r=g\",\"url\":\"https:\/\/secure.gravatar.com\/avatar\/267e4a36f704376c109afe3a78740c1f5dd8675a2180a908699e7863c9247606?s=96&d=mm&r=g\",\"contentUrl\":\"https:\/\/secure.gravatar.com\/avatar\/267e4a36f704376c109afe3a78740c1f5dd8675a2180a908699e7863c9247606?s=96&d=mm&r=g\",\"caption\":\"miro.sopko\"},\"url\":\"https:\/\/www.smedemokrati.sk\/sv\/author\/miro-sopko\/\"}]}<\/script>\n<!-- \/ Yoast SEO plugin. -->","yoast_head_json":{"title":"\u0160utaj E\u0161tokova in\u0161pekcia klame, \u017ee nena\u0161la p\u00e1chate\u013ea, ktor\u00fd vyhotovil video s Cintulom po \u00fatoku na predsedu vl\u00e1dy Fica v Handlovej","description":"Demokrati disponuj\u00fa dokumentom, ktor\u00fd mal vznikn\u00fa\u0165 tesne po \u00fatoku na premi\u00e9ra Fica, v ktorom sa policajt Juraj F. prizn\u00e1va, \u017ee on nahral Cintulu, odfotil jeho ob\u010diansky preukaz a n\u00e1sledne tieto inform\u00e1cie poslal riadite\u013eovi \u00daO\u00da\u010c a jeho dvom n\u00e1mestn\u00edkom. Ako je mo\u017en\u00e9, \u017ee in\u0161pekcia tvrd\u00ed, \u017ee po \u00f4smich mesiacoch vy\u0161etrovania pokusu o atent\u00e1t na premi\u00e9ra nena\u0161la autora videa, ktor\u00e9 sa po zadr\u017ean\u00ed J. Cintulu \u0161\u00edrilo internetom?","robots":{"index":"index","follow":"follow","max-snippet":"max-snippet:-1","max-image-preview":"max-image-preview:large","max-video-preview":"max-video-preview:-1"},"canonical":"https:\/\/www.smedemokrati.sk\/sv\/sutaj-estokova-inspekcia-klame-ze-nenasla-pachatela-ktory-vyhotovil-video-s-cintulom-po-utoku-na-predsedu-vlady-fica-v-handlovej\/","og_locale":"sv_SE","og_type":"article","og_title":"[:sk]\u0160utaj E\u0161tokova in\u0161pekcia klame, \u017ee nena\u0161la p\u00e1chate\u013ea, ktor\u00fd vyhotovil video s Cintulom po \u00fatoku na predsedu vl\u00e1dy Fica v Handlovej[:] - Smedemokrati.sk","og_description":"Demokrati disponuj\u00fa dokumentom, ktor\u00fd mal vznikn\u00fa\u0165 tesne po \u00fatoku na premi\u00e9ra Fica, v ktorom sa policajt Juraj F. prizn\u00e1va, \u017ee on nahral Cintulu, odfotil jeho ob\u010diansky preukaz a n\u00e1sledne tieto inform\u00e1cie poslal riadite\u013eovi \u00daO\u00da\u010c a jeho dvom n\u00e1mestn\u00edkom. Ako je mo\u017en\u00e9, \u017ee in\u0161pekcia tvrd\u00ed, \u017ee po \u00f4smich mesiacoch vy\u0161etrovania pokusu o atent\u00e1t na premi\u00e9ra nena\u0161la autora videa, ktor\u00e9 sa po zadr\u017ean\u00ed J. Cintulu \u0161\u00edrilo internetom?","og_url":"https:\/\/www.smedemokrati.sk\/sv\/sutaj-estokova-inspekcia-klame-ze-nenasla-pachatela-ktory-vyhotovil-video-s-cintulom-po-utoku-na-predsedu-vlady-fica-v-handlovej\/","og_site_name":"Smedemokrati.sk","article_publisher":"https:\/\/www.facebook.com\/smedemokrati2023","article_published_time":"2025-04-22T13:50:33+00:00","og_image":[{"width":1032,"height":551,"url":"https:\/\/www.smedemokrati.sk\/wp-content\/uploads\/2025\/04\/inspekcia_zlyhanie.jpg","type":"image\/jpeg"}],"author":"miro.sopko","twitter_card":"summary_large_image","twitter_misc":{"Skriven av":"miro.sopko","Ber\u00e4knad l\u00e4stid":"3 minuter"},"schema":{"@context":"https:\/\/schema.org","@graph":[{"@type":"Article","@id":"https:\/\/www.smedemokrati.sk\/sutaj-estokova-inspekcia-klame-ze-nenasla-pachatela-ktory-vyhotovil-video-s-cintulom-po-utoku-na-predsedu-vlady-fica-v-handlovej\/#article","isPartOf":{"@id":"https:\/\/www.smedemokrati.sk\/sutaj-estokova-inspekcia-klame-ze-nenasla-pachatela-ktory-vyhotovil-video-s-cintulom-po-utoku-na-predsedu-vlady-fica-v-handlovej\/"},"author":{"name":"miro.sopko","@id":"https:\/\/www.smedemokrati.sk\/#\/schema\/person\/21f147c88d605aa7ded900e1e7c344ba"},"headline":"\u0160utaj E\u0161tokova in\u0161pekcia klame, \u017ee nena\u0161la p\u00e1chate\u013ea, ktor\u00fd vyhotovil video s Cintulom po \u00fatoku na predsedu vl\u00e1dy Fica v Handlovej","datePublished":"2025-04-22T13:50:33+00:00","mainEntityOfPage":{"@id":"https:\/\/www.smedemokrati.sk\/sutaj-estokova-inspekcia-klame-ze-nenasla-pachatela-ktory-vyhotovil-video-s-cintulom-po-utoku-na-predsedu-vlady-fica-v-handlovej\/"},"wordCount":526,"publisher":{"@id":"https:\/\/www.smedemokrati.sk\/#organization"},"image":{"@id":"https:\/\/www.smedemokrati.sk\/sutaj-estokova-inspekcia-klame-ze-nenasla-pachatela-ktory-vyhotovil-video-s-cintulom-po-utoku-na-predsedu-vlady-fica-v-handlovej\/#primaryimage"},"thumbnailUrl":"https:\/\/www.smedemokrati.sk\/wp-content\/uploads\/2025\/04\/inspekcia_zlyhanie.jpg","articleSection":["Tla\u010dov\u00e9 spr\u00e1vy"],"inLanguage":"sv-SE"},{"@type":"WebPage","@id":"https:\/\/www.smedemokrati.sk\/sutaj-estokova-inspekcia-klame-ze-nenasla-pachatela-ktory-vyhotovil-video-s-cintulom-po-utoku-na-predsedu-vlady-fica-v-handlovej\/","url":"https:\/\/www.smedemokrati.sk\/sutaj-estokova-inspekcia-klame-ze-nenasla-pachatela-ktory-vyhotovil-video-s-cintulom-po-utoku-na-predsedu-vlady-fica-v-handlovej\/","name":"\u0160utaj E\u0161tokova in\u0161pekcia klame, \u017ee nena\u0161la p\u00e1chate\u013ea, ktor\u00fd vyhotovil video s Cintulom po \u00fatoku na predsedu vl\u00e1dy Fica v Handlovej","isPartOf":{"@id":"https:\/\/www.smedemokrati.sk\/#website"},"primaryImageOfPage":{"@id":"https:\/\/www.smedemokrati.sk\/sutaj-estokova-inspekcia-klame-ze-nenasla-pachatela-ktory-vyhotovil-video-s-cintulom-po-utoku-na-predsedu-vlady-fica-v-handlovej\/#primaryimage"},"image":{"@id":"https:\/\/www.smedemokrati.sk\/sutaj-estokova-inspekcia-klame-ze-nenasla-pachatela-ktory-vyhotovil-video-s-cintulom-po-utoku-na-predsedu-vlady-fica-v-handlovej\/#primaryimage"},"thumbnailUrl":"https:\/\/www.smedemokrati.sk\/wp-content\/uploads\/2025\/04\/inspekcia_zlyhanie.jpg","datePublished":"2025-04-22T13:50:33+00:00","description":"Demokrati disponuj\u00fa dokumentom, ktor\u00fd mal vznikn\u00fa\u0165 tesne po \u00fatoku na premi\u00e9ra Fica, v ktorom sa policajt Juraj F. prizn\u00e1va, \u017ee on nahral Cintulu, odfotil jeho ob\u010diansky preukaz a n\u00e1sledne tieto inform\u00e1cie poslal riadite\u013eovi \u00daO\u00da\u010c a jeho dvom n\u00e1mestn\u00edkom. Ako je mo\u017en\u00e9, \u017ee in\u0161pekcia tvrd\u00ed, \u017ee po \u00f4smich mesiacoch vy\u0161etrovania pokusu o atent\u00e1t na premi\u00e9ra nena\u0161la autora videa, ktor\u00e9 sa po zadr\u017ean\u00ed J. Cintulu \u0161\u00edrilo internetom?","breadcrumb":{"@id":"https:\/\/www.smedemokrati.sk\/sutaj-estokova-inspekcia-klame-ze-nenasla-pachatela-ktory-vyhotovil-video-s-cintulom-po-utoku-na-predsedu-vlady-fica-v-handlovej\/#breadcrumb"},"inLanguage":"sv-SE","potentialAction":[{"@type":"ReadAction","target":["https:\/\/www.smedemokrati.sk\/sutaj-estokova-inspekcia-klame-ze-nenasla-pachatela-ktory-vyhotovil-video-s-cintulom-po-utoku-na-predsedu-vlady-fica-v-handlovej\/"]}]},{"@type":"ImageObject","inLanguage":"sv-SE","@id":"https:\/\/www.smedemokrati.sk\/sutaj-estokova-inspekcia-klame-ze-nenasla-pachatela-ktory-vyhotovil-video-s-cintulom-po-utoku-na-predsedu-vlady-fica-v-handlovej\/#primaryimage","url":"https:\/\/www.smedemokrati.sk\/wp-content\/uploads\/2025\/04\/inspekcia_zlyhanie.jpg","contentUrl":"https:\/\/www.smedemokrati.sk\/wp-content\/uploads\/2025\/04\/inspekcia_zlyhanie.jpg","width":1032,"height":551},{"@type":"BreadcrumbList","@id":"https:\/\/www.smedemokrati.sk\/sutaj-estokova-inspekcia-klame-ze-nenasla-pachatela-ktory-vyhotovil-video-s-cintulom-po-utoku-na-predsedu-vlady-fica-v-handlovej\/#breadcrumb","itemListElement":[{"@type":"ListItem","position":1,"name":"Domovsk\u00e1 str\u00e1nka","item":"https:\/\/www.smedemokrati.sk\/"},{"@type":"ListItem","position":2,"name":"\u0160utaj E\u0161tokova in\u0161pekcia klame, \u017ee nena\u0161la p\u00e1chate\u013ea, ktor\u00fd vyhotovil video s Cintulom po \u00fatoku na predsedu vl\u00e1dy Fica v Handlovej"}]},{"@type":"WebSite","@id":"https:\/\/www.smedemokrati.sk\/#website","url":"https:\/\/www.smedemokrati.sk\/","name":"Smedemokrati.sk","description":"Demokracia a slu\u0161nos\u0165 zv\u00ed\u0165az\u00ed","publisher":{"@id":"https:\/\/www.smedemokrati.sk\/#organization"},"potentialAction":[{"@type":"SearchAction","target":{"@type":"EntryPoint","urlTemplate":"https:\/\/www.smedemokrati.sk\/?s={search_term_string}"},"query-input":{"@type":"PropertyValueSpecification","valueRequired":true,"valueName":"search_term_string"}}],"inLanguage":"sv-SE"},{"@type":"Organization","@id":"https:\/\/www.smedemokrati.sk\/#organization","name":"Smedemokrati.sk","url":"https:\/\/www.smedemokrati.sk\/","logo":{"@type":"ImageObject","inLanguage":"sv-SE","@id":"https:\/\/www.smedemokrati.sk\/#\/schema\/logo\/image\/","url":"https:\/\/www.smedemokrati.sk\/wp-content\/uploads\/2023\/04\/ff.002.jpeg","contentUrl":"https:\/\/www.smedemokrati.sk\/wp-content\/uploads\/2023\/04\/ff.002.jpeg","width":640,"height":480,"caption":"Smedemokrati.sk"},"image":{"@id":"https:\/\/www.smedemokrati.sk\/#\/schema\/logo\/image\/"},"sameAs":["https:\/\/www.facebook.com\/smedemokrati2023"]},{"@type":"Person","@id":"https:\/\/www.smedemokrati.sk\/#\/schema\/person\/21f147c88d605aa7ded900e1e7c344ba","name":"miro.sopko","image":{"@type":"ImageObject","inLanguage":"sv-SE","@id":"https:\/\/secure.gravatar.com\/avatar\/267e4a36f704376c109afe3a78740c1f5dd8675a2180a908699e7863c9247606?s=96&d=mm&r=g","url":"https:\/\/secure.gravatar.com\/avatar\/267e4a36f704376c109afe3a78740c1f5dd8675a2180a908699e7863c9247606?s=96&d=mm&r=g","contentUrl":"https:\/\/secure.gravatar.com\/avatar\/267e4a36f704376c109afe3a78740c1f5dd8675a2180a908699e7863c9247606?s=96&d=mm&r=g","caption":"miro.sopko"},"url":"https:\/\/www.smedemokrati.sk\/sv\/author\/miro-sopko\/"}]}},"_links":{"self":[{"href":"https:\/\/www.smedemokrati.sk\/sv\/wp-json\/wp\/v2\/posts\/6974","targetHints":{"allow":["GET"]}}],"collection":[{"href":"https:\/\/www.smedemokrati.sk\/sv\/wp-json\/wp\/v2\/posts"}],"about":[{"href":"https:\/\/www.smedemokrati.sk\/sv\/wp-json\/wp\/v2\/types\/post"}],"author":[{"embeddable":true,"href":"https:\/\/www.smedemokrati.sk\/sv\/wp-json\/wp\/v2\/users\/13"}],"replies":[{"embeddable":true,"href":"https:\/\/www.smedemokrati.sk\/sv\/wp-json\/wp\/v2\/comments?post=6974"}],"version-history":[{"count":1,"href":"https:\/\/www.smedemokrati.sk\/sv\/wp-json\/wp\/v2\/posts\/6974\/revisions"}],"predecessor-version":[{"id":6976,"href":"https:\/\/www.smedemokrati.sk\/sv\/wp-json\/wp\/v2\/posts\/6974\/revisions\/6976"}],"wp:featuredmedia":[{"embeddable":true,"href":"https:\/\/www.smedemokrati.sk\/sv\/wp-json\/wp\/v2\/media\/6975"}],"wp:attachment":[{"href":"https:\/\/www.smedemokrati.sk\/sv\/wp-json\/wp\/v2\/media?parent=6974"}],"wp:term":[{"taxonomy":"category","embeddable":true,"href":"https:\/\/www.smedemokrati.sk\/sv\/wp-json\/wp\/v2\/categories?post=6974"},{"taxonomy":"post_tag","embeddable":true,"href":"https:\/\/www.smedemokrati.sk\/sv\/wp-json\/wp\/v2\/tags?post=6974"}],"curies":[{"name":"wp","href":"https:\/\/api.w.org\/{rel}","templated":true}]}}