{"id":6930,"date":"2025-04-15T11:05:41","date_gmt":"2025-04-15T10:05:41","guid":{"rendered":"https:\/\/www.smedemokrati.sk\/?p=6930"},"modified":"2025-04-15T11:05:42","modified_gmt":"2025-04-15T10:05:42","slug":"dalsia-podozriva-nominacia-tentokrat-z-dielne-ministra-takaca","status":"publish","type":"post","link":"https:\/\/www.smedemokrati.sk\/sv\/dalsia-podozriva-nominacia-tentokrat-z-dielne-ministra-takaca\/","title":{"rendered":"\u010eal\u0161ia podozriv\u00e1 nomin\u00e1cia, tentokr\u00e1t z dielne ministra Tak\u00e1\u010da"},"content":{"rendered":"<div id=\"fb-root\"><\/div>\n\n<p><strong>Ob\u013e\u00faben\u00e9 M\u00fazeum vo Sv. Antone pri Banskej \u0160tiavnici, ktor\u00e9 je zn\u00e1me svojimi expoz\u00edciami hist\u00f3rie a po\u013eovn\u00edctva, bude ma\u0165 nov\u00e9ho poveren\u00e9ho riadite\u013ea Miroslava Hud\u00e1ka. Pod\u013ea inform\u00e1ci\u00ed, ktor\u00fdmi disponuj\u00fa Demokrati, funkciu dnes preberie 34 ro\u010dn\u00fd ekon\u00f3m bez akejko\u013evek praxe v m\u00fazejnej in\u0161tit\u00facii a nahrad\u00ed dlhoro\u010dn\u00e9ho riadite\u013ea a odborn\u00edka \u0160tefana Engela.<\/strong><\/p>\n\n\n\n<p>Zmena sa deje po r\u00fa\u0161kom tajnosti, bez ak\u00e9hoko\u013evek zd\u00f4vodnenia a je \u010fal\u0161\u00edm nezmyseln\u00fdm politick\u00fdm z\u00e1sahom do kult\u00farnych in\u0161tit\u00faci\u00ed, v ktor\u00fdch odborn\u00edkov nahr\u00e1dzaj\u00fa v lep\u0161om pr\u00edpade nesk\u00fasen\u00ed a v hor\u0161om pr\u00edpade \u00faplne nekompetentn\u00ed politick\u00ed nominanti.<\/p>\n\n\n\n<p><em>\u201e\u017diadame ministra Tak\u00e1\u010da, aby riadne od\u00f4vodnil person\u00e1lnu zmenu na \u010delnej poz\u00edcii v\u00fdznamnej celoslovenskej kult\u00farnej in\u0161tit\u00facie. Obzvl\u00e1\u0161\u0165 ho vyz\u00fdvame, aby predstavil d\u00f4vody odvolania s\u00fa\u010dasn\u00e9ho riadite\u013ea a tie\u017e objasnil, pre\u010do menoval do funkcie osobu, ktor\u00e1 nem\u00e1 \u017eiadne relevantn\u00e9 sk\u00fasenosti v oblasti m\u00fazejn\u00edctva a kult\u00farneho mana\u017ementu,&#8221;<\/em>\u00a0hovor\u00ed l\u00edderka Demokratov v oblasti kult\u00fary Dorota Nvotov\u00e1.<\/p>\n\n\n\n<p><em>\u201eM\u00f4\u017eeme v\u0161etk\u00fdch t\u00fdch odborn\u00edkov, ktor\u00fdch s\u00fa\u010dasn\u00e1 vl\u00e1da z politick\u00fdch d\u00f4vodov prepustila, alebo dokonca kriminalizuje, a je \u00faplne jedno, \u010di ide o oblas\u0165 spravodlivosti, kult\u00fary, alebo ak\u00fako\u013evek in\u00fa, uisti\u0165, \u017ee v pr\u00edpade, \u017ee bude strana Demokrati v bud\u00facej vl\u00e1de, bud\u00fa t\u00edto slu\u0161n\u00ed \u013eudia a odborn\u00edci plne rehabilitovan\u00ed a budeme ich prosi\u0165, aby sa vr\u00e1tili nasp\u00e4\u0165 do pr\u00e1ce a pom\u00e1hali n\u00e1m spolo\u010dne zlep\u0161i\u0165 Slovensko&#8221;<\/em>, pripomenul predseda strany Jaroslav Na\u010f.<\/p>\n\n\n\n<p>Pod\u013ea Demokratov v\u00fdmeny bez odbornej kompetentnosti na riadiacich poz\u00edci\u00e1ch m\u00f4\u017eu ohrozi\u0165 nielen chod in\u0161tit\u00faci\u00ed,&nbsp; ale predov\u0161etk\u00fdm kult\u00farne dedi\u010dstvo, ktor\u00e9 spravuj\u00fa.<\/p>\n","protected":false},"excerpt":{"rendered":"<p>Ob\u013e\u00faben\u00e9 M\u00fazeum vo Sv. Antone pri Banskej \u0160tiavnici, ktor\u00e9 je zn\u00e1me svojimi expoz\u00edciami hist\u00f3rie a po\u013eovn\u00edctva, bude ma\u0165 nov\u00e9ho poveren\u00e9ho riadite\u013ea Miroslava Hud\u00e1ka. Pod\u013ea inform\u00e1ci\u00ed, ktor\u00fdmi disponuj\u00fa Demokrati, funkciu dnes preberie 34 ro\u010dn\u00fd ekon\u00f3m bez akejko\u013evek praxe v m\u00fazejnej in\u0161tit\u00facii a nahrad\u00ed dlhoro\u010dn\u00e9ho riadite\u013ea a odborn\u00edka \u0160tefana Engela. Zmena sa deje po r\u00fa\u0161kom tajnosti, bez [&hellip;]<\/p>\n","protected":false},"author":13,"featured_media":6931,"comment_status":"closed","ping_status":"closed","sticky":false,"template":"","format":"standard","meta":{"_acf_changed":false,"ngg_post_thumbnail":0,"footnotes":""},"categories":[4],"tags":[],"class_list":["post-6930","post","type-post","status-publish","format-standard","has-post-thumbnail","hentry","category-tlacove-spravy"],"acf":[],"yoast_head":"<!-- This site is optimized with the Yoast SEO plugin v27.2 - https:\/\/yoast.com\/product\/yoast-seo-wordpress\/ -->\n<title>\u010eal\u0161ia podozriv\u00e1 nomin\u00e1cia, tentokr\u00e1t z dielne ministra Tak\u00e1\u010da<\/title>\n<meta name=\"robots\" content=\"index, follow, max-snippet:-1, max-image-preview:large, max-video-preview:-1\" \/>\n<link rel=\"canonical\" href=\"https:\/\/www.smedemokrati.sk\/sv\/dalsia-podozriva-nominacia-tentokrat-z-dielne-ministra-takaca\/\" \/>\n<meta property=\"og:locale\" content=\"sv_SE\" \/>\n<meta property=\"og:locale:alternate\" content=\"en_US\" \/>\n<meta property=\"og:locale:alternate\" content=\"cs_CZ\" \/>\n<meta property=\"og:locale:alternate\" content=\"hu_HU\" \/>\n<meta property=\"og:locale:alternate\" content=\"sk_SK\" \/>\n<meta property=\"og:type\" content=\"article\" \/>\n<meta property=\"og:title\" content=\"\u010eal\u0161ia podozriv\u00e1 nomin\u00e1cia, tentokr\u00e1t z dielne ministra Tak\u00e1\u010da\" \/>\n<meta property=\"og:description\" content=\"Ob\u013e\u00faben\u00e9 M\u00fazeum vo Sv. Antone pri Banskej \u0160tiavnici, ktor\u00e9 je zn\u00e1me svojimi expoz\u00edciami hist\u00f3rie a po\u013eovn\u00edctva, bude ma\u0165 nov\u00e9ho poveren\u00e9ho riadite\u013ea Miroslava Hud\u00e1ka. Pod\u013ea inform\u00e1ci\u00ed, ktor\u00fdmi disponuj\u00fa Demokrati, funkciu dnes preberie 34 ro\u010dn\u00fd ekon\u00f3m bez akejko\u013evek praxe v m\u00fazejnej in\u0161tit\u00facii a nahrad\u00ed dlhoro\u010dn\u00e9ho riadite\u013ea a odborn\u00edka \u0160tefana Engela. Zmena sa deje po r\u00fa\u0161kom tajnosti, bez [&hellip;]\" \/>\n<meta property=\"og:url\" content=\"https:\/\/www.smedemokrati.sk\/sv\/dalsia-podozriva-nominacia-tentokrat-z-dielne-ministra-takaca\/\" \/>\n<meta property=\"og:site_name\" content=\"Smedemokrati.sk\" \/>\n<meta property=\"article:publisher\" content=\"https:\/\/www.facebook.com\/smedemokrati2023\" \/>\n<meta property=\"article:published_time\" content=\"2025-04-15T10:05:41+00:00\" \/>\n<meta property=\"article:modified_time\" content=\"2025-04-15T10:05:42+00:00\" \/>\n<meta property=\"og:image\" content=\"https:\/\/www.smedemokrati.sk\/wp-content\/uploads\/2025\/04\/sv_anton.jpg\" \/>\n\t<meta property=\"og:image:width\" content=\"1536\" \/>\n\t<meta property=\"og:image:height\" content=\"2048\" \/>\n\t<meta property=\"og:image:type\" content=\"image\/jpeg\" \/>\n<meta name=\"author\" content=\"miro.sopko\" \/>\n<meta name=\"twitter:card\" content=\"summary_large_image\" \/>\n<meta name=\"twitter:label1\" content=\"Skriven av\" \/>\n\t<meta name=\"twitter:data1\" content=\"miro.sopko\" \/>\n\t<meta name=\"twitter:label2\" content=\"Ber\u00e4knad l\u00e4stid\" \/>\n\t<meta name=\"twitter:data2\" content=\"2 minuter\" \/>\n<script type=\"application\/ld+json\" class=\"yoast-schema-graph\">{\"@context\":\"https:\/\/schema.org\",\"@graph\":[{\"@type\":\"Article\",\"@id\":\"https:\/\/www.smedemokrati.sk\/dalsia-podozriva-nominacia-tentokrat-z-dielne-ministra-takaca\/#article\",\"isPartOf\":{\"@id\":\"https:\/\/www.smedemokrati.sk\/dalsia-podozriva-nominacia-tentokrat-z-dielne-ministra-takaca\/\"},\"author\":{\"name\":\"miro.sopko\",\"@id\":\"https:\/\/www.smedemokrati.sk\/#\/schema\/person\/21f147c88d605aa7ded900e1e7c344ba\"},\"headline\":\"\u010eal\u0161ia podozriv\u00e1 nomin\u00e1cia, tentokr\u00e1t z dielne ministra Tak\u00e1\u010da\",\"datePublished\":\"2025-04-15T10:05:41+00:00\",\"dateModified\":\"2025-04-15T10:05:42+00:00\",\"mainEntityOfPage\":{\"@id\":\"https:\/\/www.smedemokrati.sk\/dalsia-podozriva-nominacia-tentokrat-z-dielne-ministra-takaca\/\"},\"wordCount\":334,\"publisher\":{\"@id\":\"https:\/\/www.smedemokrati.sk\/#organization\"},\"image\":{\"@id\":\"https:\/\/www.smedemokrati.sk\/dalsia-podozriva-nominacia-tentokrat-z-dielne-ministra-takaca\/#primaryimage\"},\"thumbnailUrl\":\"https:\/\/www.smedemokrati.sk\/wp-content\/uploads\/2025\/04\/sv_anton.jpg\",\"articleSection\":[\"Tla\u010dov\u00e9 spr\u00e1vy\"],\"inLanguage\":\"sv-SE\"},{\"@type\":\"WebPage\",\"@id\":\"https:\/\/www.smedemokrati.sk\/dalsia-podozriva-nominacia-tentokrat-z-dielne-ministra-takaca\/\",\"url\":\"https:\/\/www.smedemokrati.sk\/dalsia-podozriva-nominacia-tentokrat-z-dielne-ministra-takaca\/\",\"name\":\"\u010eal\u0161ia podozriv\u00e1 nomin\u00e1cia, tentokr\u00e1t z dielne ministra Tak\u00e1\u010da\",\"isPartOf\":{\"@id\":\"https:\/\/www.smedemokrati.sk\/#website\"},\"primaryImageOfPage\":{\"@id\":\"https:\/\/www.smedemokrati.sk\/dalsia-podozriva-nominacia-tentokrat-z-dielne-ministra-takaca\/#primaryimage\"},\"image\":{\"@id\":\"https:\/\/www.smedemokrati.sk\/dalsia-podozriva-nominacia-tentokrat-z-dielne-ministra-takaca\/#primaryimage\"},\"thumbnailUrl\":\"https:\/\/www.smedemokrati.sk\/wp-content\/uploads\/2025\/04\/sv_anton.jpg\",\"datePublished\":\"2025-04-15T10:05:41+00:00\",\"dateModified\":\"2025-04-15T10:05:42+00:00\",\"breadcrumb\":{\"@id\":\"https:\/\/www.smedemokrati.sk\/dalsia-podozriva-nominacia-tentokrat-z-dielne-ministra-takaca\/#breadcrumb\"},\"inLanguage\":\"sv-SE\",\"potentialAction\":[{\"@type\":\"ReadAction\",\"target\":[\"https:\/\/www.smedemokrati.sk\/dalsia-podozriva-nominacia-tentokrat-z-dielne-ministra-takaca\/\"]}]},{\"@type\":\"ImageObject\",\"inLanguage\":\"sv-SE\",\"@id\":\"https:\/\/www.smedemokrati.sk\/dalsia-podozriva-nominacia-tentokrat-z-dielne-ministra-takaca\/#primaryimage\",\"url\":\"https:\/\/www.smedemokrati.sk\/wp-content\/uploads\/2025\/04\/sv_anton.jpg\",\"contentUrl\":\"https:\/\/www.smedemokrati.sk\/wp-content\/uploads\/2025\/04\/sv_anton.jpg\",\"width\":1536,\"height\":2048},{\"@type\":\"BreadcrumbList\",\"@id\":\"https:\/\/www.smedemokrati.sk\/dalsia-podozriva-nominacia-tentokrat-z-dielne-ministra-takaca\/#breadcrumb\",\"itemListElement\":[{\"@type\":\"ListItem\",\"position\":1,\"name\":\"Domovsk\u00e1 str\u00e1nka\",\"item\":\"https:\/\/www.smedemokrati.sk\/\"},{\"@type\":\"ListItem\",\"position\":2,\"name\":\"\u010eal\u0161ia podozriv\u00e1 nomin\u00e1cia, tentokr\u00e1t z dielne ministra Tak\u00e1\u010da\"}]},{\"@type\":\"WebSite\",\"@id\":\"https:\/\/www.smedemokrati.sk\/#website\",\"url\":\"https:\/\/www.smedemokrati.sk\/\",\"name\":\"Smedemokrati.sk\",\"description\":\"Demokracia a slu\u0161nos\u0165 zv\u00ed\u0165az\u00ed\",\"publisher\":{\"@id\":\"https:\/\/www.smedemokrati.sk\/#organization\"},\"potentialAction\":[{\"@type\":\"SearchAction\",\"target\":{\"@type\":\"EntryPoint\",\"urlTemplate\":\"https:\/\/www.smedemokrati.sk\/?s={search_term_string}\"},\"query-input\":{\"@type\":\"PropertyValueSpecification\",\"valueRequired\":true,\"valueName\":\"search_term_string\"}}],\"inLanguage\":\"sv-SE\"},{\"@type\":\"Organization\",\"@id\":\"https:\/\/www.smedemokrati.sk\/#organization\",\"name\":\"Smedemokrati.sk\",\"url\":\"https:\/\/www.smedemokrati.sk\/\",\"logo\":{\"@type\":\"ImageObject\",\"inLanguage\":\"sv-SE\",\"@id\":\"https:\/\/www.smedemokrati.sk\/#\/schema\/logo\/image\/\",\"url\":\"https:\/\/www.smedemokrati.sk\/wp-content\/uploads\/2023\/04\/ff.002.jpeg\",\"contentUrl\":\"https:\/\/www.smedemokrati.sk\/wp-content\/uploads\/2023\/04\/ff.002.jpeg\",\"width\":640,\"height\":480,\"caption\":\"Smedemokrati.sk\"},\"image\":{\"@id\":\"https:\/\/www.smedemokrati.sk\/#\/schema\/logo\/image\/\"},\"sameAs\":[\"https:\/\/www.facebook.com\/smedemokrati2023\"]},{\"@type\":\"Person\",\"@id\":\"https:\/\/www.smedemokrati.sk\/#\/schema\/person\/21f147c88d605aa7ded900e1e7c344ba\",\"name\":\"miro.sopko\",\"image\":{\"@type\":\"ImageObject\",\"inLanguage\":\"sv-SE\",\"@id\":\"https:\/\/secure.gravatar.com\/avatar\/267e4a36f704376c109afe3a78740c1f5dd8675a2180a908699e7863c9247606?s=96&d=mm&r=g\",\"url\":\"https:\/\/secure.gravatar.com\/avatar\/267e4a36f704376c109afe3a78740c1f5dd8675a2180a908699e7863c9247606?s=96&d=mm&r=g\",\"contentUrl\":\"https:\/\/secure.gravatar.com\/avatar\/267e4a36f704376c109afe3a78740c1f5dd8675a2180a908699e7863c9247606?s=96&d=mm&r=g\",\"caption\":\"miro.sopko\"},\"url\":\"https:\/\/www.smedemokrati.sk\/sv\/author\/miro-sopko\/\"}]}<\/script>\n<!-- \/ Yoast SEO plugin. -->","yoast_head_json":{"title":"\u010eal\u0161ia podozriv\u00e1 nomin\u00e1cia, tentokr\u00e1t z dielne ministra Tak\u00e1\u010da","robots":{"index":"index","follow":"follow","max-snippet":"max-snippet:-1","max-image-preview":"max-image-preview:large","max-video-preview":"max-video-preview:-1"},"canonical":"https:\/\/www.smedemokrati.sk\/sv\/dalsia-podozriva-nominacia-tentokrat-z-dielne-ministra-takaca\/","og_locale":"sv_SE","og_type":"article","og_title":"[:sk]\u010eal\u0161ia podozriv\u00e1 nomin\u00e1cia, tentokr\u00e1t z dielne ministra Tak\u00e1\u010da[:] - Smedemokrati.sk","og_description":"Ob\u013e\u00faben\u00e9 M\u00fazeum vo Sv. Antone pri Banskej \u0160tiavnici, ktor\u00e9 je zn\u00e1me svojimi expoz\u00edciami hist\u00f3rie a po\u013eovn\u00edctva, bude ma\u0165 nov\u00e9ho poveren\u00e9ho riadite\u013ea Miroslava Hud\u00e1ka. Pod\u013ea inform\u00e1ci\u00ed, ktor\u00fdmi disponuj\u00fa Demokrati, funkciu dnes preberie 34 ro\u010dn\u00fd ekon\u00f3m bez akejko\u013evek praxe v m\u00fazejnej in\u0161tit\u00facii a nahrad\u00ed dlhoro\u010dn\u00e9ho riadite\u013ea a odborn\u00edka \u0160tefana Engela. Zmena sa deje po r\u00fa\u0161kom tajnosti, bez [&hellip;]","og_url":"https:\/\/www.smedemokrati.sk\/sv\/dalsia-podozriva-nominacia-tentokrat-z-dielne-ministra-takaca\/","og_site_name":"Smedemokrati.sk","article_publisher":"https:\/\/www.facebook.com\/smedemokrati2023","article_published_time":"2025-04-15T10:05:41+00:00","article_modified_time":"2025-04-15T10:05:42+00:00","og_image":[{"width":1536,"height":2048,"url":"https:\/\/www.smedemokrati.sk\/wp-content\/uploads\/2025\/04\/sv_anton.jpg","type":"image\/jpeg"}],"author":"miro.sopko","twitter_card":"summary_large_image","twitter_misc":{"Skriven av":"miro.sopko","Ber\u00e4knad l\u00e4stid":"2 minuter"},"schema":{"@context":"https:\/\/schema.org","@graph":[{"@type":"Article","@id":"https:\/\/www.smedemokrati.sk\/dalsia-podozriva-nominacia-tentokrat-z-dielne-ministra-takaca\/#article","isPartOf":{"@id":"https:\/\/www.smedemokrati.sk\/dalsia-podozriva-nominacia-tentokrat-z-dielne-ministra-takaca\/"},"author":{"name":"miro.sopko","@id":"https:\/\/www.smedemokrati.sk\/#\/schema\/person\/21f147c88d605aa7ded900e1e7c344ba"},"headline":"\u010eal\u0161ia podozriv\u00e1 nomin\u00e1cia, tentokr\u00e1t z dielne ministra Tak\u00e1\u010da","datePublished":"2025-04-15T10:05:41+00:00","dateModified":"2025-04-15T10:05:42+00:00","mainEntityOfPage":{"@id":"https:\/\/www.smedemokrati.sk\/dalsia-podozriva-nominacia-tentokrat-z-dielne-ministra-takaca\/"},"wordCount":334,"publisher":{"@id":"https:\/\/www.smedemokrati.sk\/#organization"},"image":{"@id":"https:\/\/www.smedemokrati.sk\/dalsia-podozriva-nominacia-tentokrat-z-dielne-ministra-takaca\/#primaryimage"},"thumbnailUrl":"https:\/\/www.smedemokrati.sk\/wp-content\/uploads\/2025\/04\/sv_anton.jpg","articleSection":["Tla\u010dov\u00e9 spr\u00e1vy"],"inLanguage":"sv-SE"},{"@type":"WebPage","@id":"https:\/\/www.smedemokrati.sk\/dalsia-podozriva-nominacia-tentokrat-z-dielne-ministra-takaca\/","url":"https:\/\/www.smedemokrati.sk\/dalsia-podozriva-nominacia-tentokrat-z-dielne-ministra-takaca\/","name":"\u010eal\u0161ia podozriv\u00e1 nomin\u00e1cia, tentokr\u00e1t z dielne ministra Tak\u00e1\u010da","isPartOf":{"@id":"https:\/\/www.smedemokrati.sk\/#website"},"primaryImageOfPage":{"@id":"https:\/\/www.smedemokrati.sk\/dalsia-podozriva-nominacia-tentokrat-z-dielne-ministra-takaca\/#primaryimage"},"image":{"@id":"https:\/\/www.smedemokrati.sk\/dalsia-podozriva-nominacia-tentokrat-z-dielne-ministra-takaca\/#primaryimage"},"thumbnailUrl":"https:\/\/www.smedemokrati.sk\/wp-content\/uploads\/2025\/04\/sv_anton.jpg","datePublished":"2025-04-15T10:05:41+00:00","dateModified":"2025-04-15T10:05:42+00:00","breadcrumb":{"@id":"https:\/\/www.smedemokrati.sk\/dalsia-podozriva-nominacia-tentokrat-z-dielne-ministra-takaca\/#breadcrumb"},"inLanguage":"sv-SE","potentialAction":[{"@type":"ReadAction","target":["https:\/\/www.smedemokrati.sk\/dalsia-podozriva-nominacia-tentokrat-z-dielne-ministra-takaca\/"]}]},{"@type":"ImageObject","inLanguage":"sv-SE","@id":"https:\/\/www.smedemokrati.sk\/dalsia-podozriva-nominacia-tentokrat-z-dielne-ministra-takaca\/#primaryimage","url":"https:\/\/www.smedemokrati.sk\/wp-content\/uploads\/2025\/04\/sv_anton.jpg","contentUrl":"https:\/\/www.smedemokrati.sk\/wp-content\/uploads\/2025\/04\/sv_anton.jpg","width":1536,"height":2048},{"@type":"BreadcrumbList","@id":"https:\/\/www.smedemokrati.sk\/dalsia-podozriva-nominacia-tentokrat-z-dielne-ministra-takaca\/#breadcrumb","itemListElement":[{"@type":"ListItem","position":1,"name":"Domovsk\u00e1 str\u00e1nka","item":"https:\/\/www.smedemokrati.sk\/"},{"@type":"ListItem","position":2,"name":"\u010eal\u0161ia podozriv\u00e1 nomin\u00e1cia, tentokr\u00e1t z dielne ministra Tak\u00e1\u010da"}]},{"@type":"WebSite","@id":"https:\/\/www.smedemokrati.sk\/#website","url":"https:\/\/www.smedemokrati.sk\/","name":"Smedemokrati.sk","description":"Demokracia a slu\u0161nos\u0165 zv\u00ed\u0165az\u00ed","publisher":{"@id":"https:\/\/www.smedemokrati.sk\/#organization"},"potentialAction":[{"@type":"SearchAction","target":{"@type":"EntryPoint","urlTemplate":"https:\/\/www.smedemokrati.sk\/?s={search_term_string}"},"query-input":{"@type":"PropertyValueSpecification","valueRequired":true,"valueName":"search_term_string"}}],"inLanguage":"sv-SE"},{"@type":"Organization","@id":"https:\/\/www.smedemokrati.sk\/#organization","name":"Smedemokrati.sk","url":"https:\/\/www.smedemokrati.sk\/","logo":{"@type":"ImageObject","inLanguage":"sv-SE","@id":"https:\/\/www.smedemokrati.sk\/#\/schema\/logo\/image\/","url":"https:\/\/www.smedemokrati.sk\/wp-content\/uploads\/2023\/04\/ff.002.jpeg","contentUrl":"https:\/\/www.smedemokrati.sk\/wp-content\/uploads\/2023\/04\/ff.002.jpeg","width":640,"height":480,"caption":"Smedemokrati.sk"},"image":{"@id":"https:\/\/www.smedemokrati.sk\/#\/schema\/logo\/image\/"},"sameAs":["https:\/\/www.facebook.com\/smedemokrati2023"]},{"@type":"Person","@id":"https:\/\/www.smedemokrati.sk\/#\/schema\/person\/21f147c88d605aa7ded900e1e7c344ba","name":"miro.sopko","image":{"@type":"ImageObject","inLanguage":"sv-SE","@id":"https:\/\/secure.gravatar.com\/avatar\/267e4a36f704376c109afe3a78740c1f5dd8675a2180a908699e7863c9247606?s=96&d=mm&r=g","url":"https:\/\/secure.gravatar.com\/avatar\/267e4a36f704376c109afe3a78740c1f5dd8675a2180a908699e7863c9247606?s=96&d=mm&r=g","contentUrl":"https:\/\/secure.gravatar.com\/avatar\/267e4a36f704376c109afe3a78740c1f5dd8675a2180a908699e7863c9247606?s=96&d=mm&r=g","caption":"miro.sopko"},"url":"https:\/\/www.smedemokrati.sk\/sv\/author\/miro-sopko\/"}]}},"_links":{"self":[{"href":"https:\/\/www.smedemokrati.sk\/sv\/wp-json\/wp\/v2\/posts\/6930","targetHints":{"allow":["GET"]}}],"collection":[{"href":"https:\/\/www.smedemokrati.sk\/sv\/wp-json\/wp\/v2\/posts"}],"about":[{"href":"https:\/\/www.smedemokrati.sk\/sv\/wp-json\/wp\/v2\/types\/post"}],"author":[{"embeddable":true,"href":"https:\/\/www.smedemokrati.sk\/sv\/wp-json\/wp\/v2\/users\/13"}],"replies":[{"embeddable":true,"href":"https:\/\/www.smedemokrati.sk\/sv\/wp-json\/wp\/v2\/comments?post=6930"}],"version-history":[{"count":1,"href":"https:\/\/www.smedemokrati.sk\/sv\/wp-json\/wp\/v2\/posts\/6930\/revisions"}],"predecessor-version":[{"id":6932,"href":"https:\/\/www.smedemokrati.sk\/sv\/wp-json\/wp\/v2\/posts\/6930\/revisions\/6932"}],"wp:featuredmedia":[{"embeddable":true,"href":"https:\/\/www.smedemokrati.sk\/sv\/wp-json\/wp\/v2\/media\/6931"}],"wp:attachment":[{"href":"https:\/\/www.smedemokrati.sk\/sv\/wp-json\/wp\/v2\/media?parent=6930"}],"wp:term":[{"taxonomy":"category","embeddable":true,"href":"https:\/\/www.smedemokrati.sk\/sv\/wp-json\/wp\/v2\/categories?post=6930"},{"taxonomy":"post_tag","embeddable":true,"href":"https:\/\/www.smedemokrati.sk\/sv\/wp-json\/wp\/v2\/tags?post=6930"}],"curies":[{"name":"wp","href":"https:\/\/api.w.org\/{rel}","templated":true}]}}