{"id":6896,"date":"2025-04-11T11:51:01","date_gmt":"2025-04-11T10:51:01","guid":{"rendered":"https:\/\/www.smedemokrati.sk\/?p=6896"},"modified":"2025-04-11T11:51:03","modified_gmt":"2025-04-11T10:51:03","slug":"zilinka-pri-ficovej-sestre-ukazaju-dvojaky-meter","status":"publish","type":"post","link":"https:\/\/www.smedemokrati.sk\/sv\/zilinka-pri-ficovej-sestre-ukazaju-dvojaky-meter\/","title":{"rendered":"\u017dilinka pri Ficovej sestre uk\u00e1zaju dvojak\u00fd meter"},"content":{"rendered":"<div id=\"fb-root\"><\/div>\n\n<p>Strana Demokrati podala d\u0148a 11. febru\u00e1ra 2025 podnet na Gener\u00e1lnu prokurat\u00faru Slovenskej republiky disciplin\u00e1rny podnet na prokur\u00e1torku Luciu Chabadov\u00fa rod. Ficov\u00fa a&nbsp;to z&nbsp;d\u00f4vodu, \u017ee existuje podozrenie, \u017ee pani Chabadov\u00e1 zneu\u017eila svoju funkciu, aby v&nbsp;pripomienkach k&nbsp;N\u00e1vrhu novely z\u00e1kona o psychologickej \u010dinnosti a psychoterapeutickej \u010dinnosti vyjadrila svoje politick\u00e9 postoje na obranu svojho brata, premi\u00e9ra Fica, a&nbsp;navrhovala v&nbsp;princ\u00edpe disciplin\u00e1rne postihy pre psychol\u00f3gov a&nbsp;psychiatrov, ktor\u00ed si opov\u00e1\u017eia poveda\u0165 svoj n\u00e1zor verejne, kultivovane. Je to nepr\u00edpustn\u00fd n\u00e1tlak a pokus o zastra\u0161ovanie Do dne\u0161n\u00e9ho d\u0148a, po dvoch mesiacoch v\u0161ak nem\u00e1me ak\u00e9ko\u013evek vyjadrenie od Gener\u00e1lnej prokurat\u00fary a&nbsp;p\u00e1na \u017dilinku.&nbsp;<\/p>\n\n\n\n<p>\u201e<strong>Je zrejm\u00e9, \u017ee na prokurat\u00fare vl\u00e1dne dvojak\u00fd meter, ak ide o&nbsp;sestru p\u00e1na predsedu vl\u00e1dy Fica, t\u00e1 sa m\u00f4\u017ee vyjadrova\u0165 akoko\u013evek chce a&nbsp;ku \u010domuko\u013evek chce. Dokonca m\u00f4\u017ee sa sna\u017ei\u0165 i zastra\u0161i\u0165 kritikov premi\u00e9ra Fica n\u00e1vrhmi na zmenu z\u00e1kona. Ak v\u0161ak ide o&nbsp;in\u00fdch prokur\u00e1torov, tam p\u00e1n \u017dilinka nev\u00e1ha a&nbsp;aj za \u201echodbov\u00e9 re\u010di\u201c pod\u00e1va disciplin\u00e1rne n\u00e1vrhy s&nbsp;jasn\u00fdm cie\u013eom. Dosta\u0165 nepohodln\u00fdch prokur\u00e1torov pre\u010d z&nbsp;prokurat\u00fary. Je to uk\u00e1\u017eka dvojak\u00e9ho metra.<\/strong>\u201c hovor\u00ed Juraj \u0160eliga, podpredseda strany Demokrati.&nbsp;<\/p>\n\n\n\n<p>\u201ePova\u017eujeme v\u0161ak za nepr\u00edpustn\u00e9, aby po dvoch mesiacoch prokurat\u00fara neodpovedala na n\u00e1\u0161 podnet v\u00a0tak citlivej ot\u00e1zke akou je stra\u0161enie psychol\u00f3gov a\u00a0psychiatrov za svoje n\u00e1zory. V\u00a0dobe, ke\u010f predseda vl\u00e1dy vy\u0165ahuje pseudo d\u00f4kazy o\u00a0psychickom zdrav\u00ed policajtov a\u00a0z\u00e1rove\u0148 \u00fato\u010d\u00ed na psychol\u00f3gov a\u00a0psychiatrov, ktor\u00ed mu poslali otvoren\u00fd list sa Gener\u00e1lna prokurat\u00fara svojou ne\u010dinnos\u0165ou prest\u00e1va spr\u00e1va\u0165 nestranne, ale otvorene sa hl\u00e1si k\u00a0Robertovi Ficovi.\u00a0<strong>Zd\u00e1 sa, \u017ee na rozdiel od in\u00fdch prokur\u00e1torov m\u00e1 pani Chabadov\u00e1 (rod. Ficov\u00e1) \u0161peci\u00e1lny pr\u00edstup od p\u00e1na \u017dilinku. Ako to s\u00favis\u00ed s\u00a0tzv. do\u017eivotnou rentou pre Maro\u0161a \u017dilinku m\u00f4\u017eeme len h\u00e1da\u0165. Opakovane v\u0161ak vyz\u00fdvame p\u00e1na \u017dilinku, aby o\u00a0na\u0161om disciplin\u00e1rnom podnete rozhodol a\u00a0o\u00a0svojom postupe n\u00e1s riadne vyrozumel.<\/strong>\u201c uzatv\u00e1ra Juraj \u0160eliga.<\/p>\n\n\n<div class=\"fb-video\" data-href=\"https:\/\/www.facebook.com\/JurajSeligaPravnik\/videos\/650424050985197\" data-allowfullscreen=\"true\" data-autoplay=\"false\" data-width=\"\" data-show-text=\"false\" data-show-captions=\"true\"><\/div>\n","protected":false},"excerpt":{"rendered":"<p>Strana Demokrati podala d\u0148a 11. febru\u00e1ra 2025 podnet na Gener\u00e1lnu prokurat\u00faru Slovenskej republiky disciplin\u00e1rny podnet na prokur\u00e1torku Luciu Chabadov\u00fa rod. Ficov\u00fa a&nbsp;to z&nbsp;d\u00f4vodu, \u017ee existuje podozrenie, \u017ee pani Chabadov\u00e1 zneu\u017eila svoju funkciu, aby v&nbsp;pripomienkach k&nbsp;N\u00e1vrhu novely z\u00e1kona o psychologickej \u010dinnosti a psychoterapeutickej \u010dinnosti vyjadrila svoje politick\u00e9 postoje na obranu svojho brata, premi\u00e9ra Fica, a&nbsp;navrhovala v&nbsp;princ\u00edpe [&hellip;]<\/p>\n","protected":false},"author":13,"featured_media":6897,"comment_status":"closed","ping_status":"closed","sticky":false,"template":"","format":"standard","meta":{"_acf_changed":false,"ngg_post_thumbnail":0,"footnotes":""},"categories":[4],"tags":[],"class_list":["post-6896","post","type-post","status-publish","format-standard","has-post-thumbnail","hentry","category-tlacove-spravy"],"acf":[],"yoast_head":"<!-- This site is optimized with the Yoast SEO plugin v27.2 - https:\/\/yoast.com\/product\/yoast-seo-wordpress\/ -->\n<title>\u017dilinka pri Ficovej sestre uk\u00e1zaju dvojak\u00fd meter<\/title>\n<meta name=\"robots\" content=\"index, follow, max-snippet:-1, max-image-preview:large, max-video-preview:-1\" \/>\n<link rel=\"canonical\" href=\"https:\/\/www.smedemokrati.sk\/sv\/zilinka-pri-ficovej-sestre-ukazaju-dvojaky-meter\/\" \/>\n<meta property=\"og:locale\" content=\"sv_SE\" \/>\n<meta property=\"og:locale:alternate\" content=\"en_US\" \/>\n<meta property=\"og:locale:alternate\" content=\"cs_CZ\" \/>\n<meta property=\"og:locale:alternate\" content=\"hu_HU\" \/>\n<meta property=\"og:locale:alternate\" content=\"sk_SK\" \/>\n<meta property=\"og:type\" content=\"article\" \/>\n<meta property=\"og:title\" content=\"\u017dilinka pri Ficovej sestre uk\u00e1zaju dvojak\u00fd meter\" \/>\n<meta property=\"og:description\" content=\"Strana Demokrati podala d\u0148a 11. febru\u00e1ra 2025 podnet na Gener\u00e1lnu prokurat\u00faru Slovenskej republiky disciplin\u00e1rny podnet na prokur\u00e1torku Luciu Chabadov\u00fa rod. Ficov\u00fa a&nbsp;to z&nbsp;d\u00f4vodu, \u017ee existuje podozrenie, \u017ee pani Chabadov\u00e1 zneu\u017eila svoju funkciu, aby v&nbsp;pripomienkach k&nbsp;N\u00e1vrhu novely z\u00e1kona o psychologickej \u010dinnosti a psychoterapeutickej \u010dinnosti vyjadrila svoje politick\u00e9 postoje na obranu svojho brata, premi\u00e9ra Fica, a&nbsp;navrhovala v&nbsp;princ\u00edpe [&hellip;]\" \/>\n<meta property=\"og:url\" content=\"https:\/\/www.smedemokrati.sk\/sv\/zilinka-pri-ficovej-sestre-ukazaju-dvojaky-meter\/\" \/>\n<meta property=\"og:site_name\" content=\"Smedemokrati.sk\" \/>\n<meta property=\"article:publisher\" content=\"https:\/\/www.facebook.com\/smedemokrati2023\" \/>\n<meta property=\"article:published_time\" content=\"2025-04-11T10:51:01+00:00\" \/>\n<meta property=\"article:modified_time\" content=\"2025-04-11T10:51:03+00:00\" \/>\n<meta property=\"og:image\" content=\"https:\/\/www.smedemokrati.sk\/wp-content\/uploads\/2025\/04\/JS_JN_Ficova_sestra.jpg\" \/>\n\t<meta property=\"og:image:width\" content=\"817\" \/>\n\t<meta property=\"og:image:height\" content=\"470\" \/>\n\t<meta property=\"og:image:type\" content=\"image\/jpeg\" \/>\n<meta name=\"author\" content=\"miro.sopko\" \/>\n<meta name=\"twitter:card\" content=\"summary_large_image\" \/>\n<meta name=\"twitter:label1\" content=\"Skriven av\" \/>\n\t<meta name=\"twitter:data1\" content=\"miro.sopko\" \/>\n\t<meta name=\"twitter:label2\" content=\"Ber\u00e4knad l\u00e4stid\" \/>\n\t<meta name=\"twitter:data2\" content=\"2 minuter\" \/>\n<script type=\"application\/ld+json\" class=\"yoast-schema-graph\">{\"@context\":\"https:\/\/schema.org\",\"@graph\":[{\"@type\":\"Article\",\"@id\":\"https:\/\/www.smedemokrati.sk\/zilinka-pri-ficovej-sestre-ukazaju-dvojaky-meter\/#article\",\"isPartOf\":{\"@id\":\"https:\/\/www.smedemokrati.sk\/zilinka-pri-ficovej-sestre-ukazaju-dvojaky-meter\/\"},\"author\":{\"name\":\"miro.sopko\",\"@id\":\"https:\/\/www.smedemokrati.sk\/#\/schema\/person\/21f147c88d605aa7ded900e1e7c344ba\"},\"headline\":\"\u017dilinka pri Ficovej sestre uk\u00e1zaju dvojak\u00fd meter\",\"datePublished\":\"2025-04-11T10:51:01+00:00\",\"dateModified\":\"2025-04-11T10:51:03+00:00\",\"mainEntityOfPage\":{\"@id\":\"https:\/\/www.smedemokrati.sk\/zilinka-pri-ficovej-sestre-ukazaju-dvojaky-meter\/\"},\"wordCount\":422,\"publisher\":{\"@id\":\"https:\/\/www.smedemokrati.sk\/#organization\"},\"image\":{\"@id\":\"https:\/\/www.smedemokrati.sk\/zilinka-pri-ficovej-sestre-ukazaju-dvojaky-meter\/#primaryimage\"},\"thumbnailUrl\":\"https:\/\/www.smedemokrati.sk\/wp-content\/uploads\/2025\/04\/JS_JN_Ficova_sestra.jpg\",\"articleSection\":[\"Tla\u010dov\u00e9 spr\u00e1vy\"],\"inLanguage\":\"sv-SE\"},{\"@type\":\"WebPage\",\"@id\":\"https:\/\/www.smedemokrati.sk\/zilinka-pri-ficovej-sestre-ukazaju-dvojaky-meter\/\",\"url\":\"https:\/\/www.smedemokrati.sk\/zilinka-pri-ficovej-sestre-ukazaju-dvojaky-meter\/\",\"name\":\"\u017dilinka pri Ficovej sestre uk\u00e1zaju dvojak\u00fd meter\",\"isPartOf\":{\"@id\":\"https:\/\/www.smedemokrati.sk\/#website\"},\"primaryImageOfPage\":{\"@id\":\"https:\/\/www.smedemokrati.sk\/zilinka-pri-ficovej-sestre-ukazaju-dvojaky-meter\/#primaryimage\"},\"image\":{\"@id\":\"https:\/\/www.smedemokrati.sk\/zilinka-pri-ficovej-sestre-ukazaju-dvojaky-meter\/#primaryimage\"},\"thumbnailUrl\":\"https:\/\/www.smedemokrati.sk\/wp-content\/uploads\/2025\/04\/JS_JN_Ficova_sestra.jpg\",\"datePublished\":\"2025-04-11T10:51:01+00:00\",\"dateModified\":\"2025-04-11T10:51:03+00:00\",\"breadcrumb\":{\"@id\":\"https:\/\/www.smedemokrati.sk\/zilinka-pri-ficovej-sestre-ukazaju-dvojaky-meter\/#breadcrumb\"},\"inLanguage\":\"sv-SE\",\"potentialAction\":[{\"@type\":\"ReadAction\",\"target\":[\"https:\/\/www.smedemokrati.sk\/zilinka-pri-ficovej-sestre-ukazaju-dvojaky-meter\/\"]}]},{\"@type\":\"ImageObject\",\"inLanguage\":\"sv-SE\",\"@id\":\"https:\/\/www.smedemokrati.sk\/zilinka-pri-ficovej-sestre-ukazaju-dvojaky-meter\/#primaryimage\",\"url\":\"https:\/\/www.smedemokrati.sk\/wp-content\/uploads\/2025\/04\/JS_JN_Ficova_sestra.jpg\",\"contentUrl\":\"https:\/\/www.smedemokrati.sk\/wp-content\/uploads\/2025\/04\/JS_JN_Ficova_sestra.jpg\",\"width\":817,\"height\":470},{\"@type\":\"BreadcrumbList\",\"@id\":\"https:\/\/www.smedemokrati.sk\/zilinka-pri-ficovej-sestre-ukazaju-dvojaky-meter\/#breadcrumb\",\"itemListElement\":[{\"@type\":\"ListItem\",\"position\":1,\"name\":\"Domovsk\u00e1 str\u00e1nka\",\"item\":\"https:\/\/www.smedemokrati.sk\/\"},{\"@type\":\"ListItem\",\"position\":2,\"name\":\"\u017dilinka pri Ficovej sestre uk\u00e1zaju dvojak\u00fd meter\"}]},{\"@type\":\"WebSite\",\"@id\":\"https:\/\/www.smedemokrati.sk\/#website\",\"url\":\"https:\/\/www.smedemokrati.sk\/\",\"name\":\"Smedemokrati.sk\",\"description\":\"Demokracia a slu\u0161nos\u0165 zv\u00ed\u0165az\u00ed\",\"publisher\":{\"@id\":\"https:\/\/www.smedemokrati.sk\/#organization\"},\"potentialAction\":[{\"@type\":\"SearchAction\",\"target\":{\"@type\":\"EntryPoint\",\"urlTemplate\":\"https:\/\/www.smedemokrati.sk\/?s={search_term_string}\"},\"query-input\":{\"@type\":\"PropertyValueSpecification\",\"valueRequired\":true,\"valueName\":\"search_term_string\"}}],\"inLanguage\":\"sv-SE\"},{\"@type\":\"Organization\",\"@id\":\"https:\/\/www.smedemokrati.sk\/#organization\",\"name\":\"Smedemokrati.sk\",\"url\":\"https:\/\/www.smedemokrati.sk\/\",\"logo\":{\"@type\":\"ImageObject\",\"inLanguage\":\"sv-SE\",\"@id\":\"https:\/\/www.smedemokrati.sk\/#\/schema\/logo\/image\/\",\"url\":\"https:\/\/www.smedemokrati.sk\/wp-content\/uploads\/2023\/04\/ff.002.jpeg\",\"contentUrl\":\"https:\/\/www.smedemokrati.sk\/wp-content\/uploads\/2023\/04\/ff.002.jpeg\",\"width\":640,\"height\":480,\"caption\":\"Smedemokrati.sk\"},\"image\":{\"@id\":\"https:\/\/www.smedemokrati.sk\/#\/schema\/logo\/image\/\"},\"sameAs\":[\"https:\/\/www.facebook.com\/smedemokrati2023\"]},{\"@type\":\"Person\",\"@id\":\"https:\/\/www.smedemokrati.sk\/#\/schema\/person\/21f147c88d605aa7ded900e1e7c344ba\",\"name\":\"miro.sopko\",\"image\":{\"@type\":\"ImageObject\",\"inLanguage\":\"sv-SE\",\"@id\":\"https:\/\/secure.gravatar.com\/avatar\/267e4a36f704376c109afe3a78740c1f5dd8675a2180a908699e7863c9247606?s=96&d=mm&r=g\",\"url\":\"https:\/\/secure.gravatar.com\/avatar\/267e4a36f704376c109afe3a78740c1f5dd8675a2180a908699e7863c9247606?s=96&d=mm&r=g\",\"contentUrl\":\"https:\/\/secure.gravatar.com\/avatar\/267e4a36f704376c109afe3a78740c1f5dd8675a2180a908699e7863c9247606?s=96&d=mm&r=g\",\"caption\":\"miro.sopko\"},\"url\":\"https:\/\/www.smedemokrati.sk\/sv\/author\/miro-sopko\/\"}]}<\/script>\n<!-- \/ Yoast SEO plugin. -->","yoast_head_json":{"title":"\u017dilinka pri Ficovej sestre uk\u00e1zaju dvojak\u00fd meter","robots":{"index":"index","follow":"follow","max-snippet":"max-snippet:-1","max-image-preview":"max-image-preview:large","max-video-preview":"max-video-preview:-1"},"canonical":"https:\/\/www.smedemokrati.sk\/sv\/zilinka-pri-ficovej-sestre-ukazaju-dvojaky-meter\/","og_locale":"sv_SE","og_type":"article","og_title":"[:sk]\u017dilinka pri Ficovej sestre uk\u00e1zaju dvojak\u00fd meter[:] - Smedemokrati.sk","og_description":"Strana Demokrati podala d\u0148a 11. febru\u00e1ra 2025 podnet na Gener\u00e1lnu prokurat\u00faru Slovenskej republiky disciplin\u00e1rny podnet na prokur\u00e1torku Luciu Chabadov\u00fa rod. Ficov\u00fa a&nbsp;to z&nbsp;d\u00f4vodu, \u017ee existuje podozrenie, \u017ee pani Chabadov\u00e1 zneu\u017eila svoju funkciu, aby v&nbsp;pripomienkach k&nbsp;N\u00e1vrhu novely z\u00e1kona o psychologickej \u010dinnosti a psychoterapeutickej \u010dinnosti vyjadrila svoje politick\u00e9 postoje na obranu svojho brata, premi\u00e9ra Fica, a&nbsp;navrhovala v&nbsp;princ\u00edpe [&hellip;]","og_url":"https:\/\/www.smedemokrati.sk\/sv\/zilinka-pri-ficovej-sestre-ukazaju-dvojaky-meter\/","og_site_name":"Smedemokrati.sk","article_publisher":"https:\/\/www.facebook.com\/smedemokrati2023","article_published_time":"2025-04-11T10:51:01+00:00","article_modified_time":"2025-04-11T10:51:03+00:00","og_image":[{"width":817,"height":470,"url":"https:\/\/www.smedemokrati.sk\/wp-content\/uploads\/2025\/04\/JS_JN_Ficova_sestra.jpg","type":"image\/jpeg"}],"author":"miro.sopko","twitter_card":"summary_large_image","twitter_misc":{"Skriven av":"miro.sopko","Ber\u00e4knad l\u00e4stid":"2 minuter"},"schema":{"@context":"https:\/\/schema.org","@graph":[{"@type":"Article","@id":"https:\/\/www.smedemokrati.sk\/zilinka-pri-ficovej-sestre-ukazaju-dvojaky-meter\/#article","isPartOf":{"@id":"https:\/\/www.smedemokrati.sk\/zilinka-pri-ficovej-sestre-ukazaju-dvojaky-meter\/"},"author":{"name":"miro.sopko","@id":"https:\/\/www.smedemokrati.sk\/#\/schema\/person\/21f147c88d605aa7ded900e1e7c344ba"},"headline":"\u017dilinka pri Ficovej sestre uk\u00e1zaju dvojak\u00fd meter","datePublished":"2025-04-11T10:51:01+00:00","dateModified":"2025-04-11T10:51:03+00:00","mainEntityOfPage":{"@id":"https:\/\/www.smedemokrati.sk\/zilinka-pri-ficovej-sestre-ukazaju-dvojaky-meter\/"},"wordCount":422,"publisher":{"@id":"https:\/\/www.smedemokrati.sk\/#organization"},"image":{"@id":"https:\/\/www.smedemokrati.sk\/zilinka-pri-ficovej-sestre-ukazaju-dvojaky-meter\/#primaryimage"},"thumbnailUrl":"https:\/\/www.smedemokrati.sk\/wp-content\/uploads\/2025\/04\/JS_JN_Ficova_sestra.jpg","articleSection":["Tla\u010dov\u00e9 spr\u00e1vy"],"inLanguage":"sv-SE"},{"@type":"WebPage","@id":"https:\/\/www.smedemokrati.sk\/zilinka-pri-ficovej-sestre-ukazaju-dvojaky-meter\/","url":"https:\/\/www.smedemokrati.sk\/zilinka-pri-ficovej-sestre-ukazaju-dvojaky-meter\/","name":"\u017dilinka pri Ficovej sestre uk\u00e1zaju dvojak\u00fd meter","isPartOf":{"@id":"https:\/\/www.smedemokrati.sk\/#website"},"primaryImageOfPage":{"@id":"https:\/\/www.smedemokrati.sk\/zilinka-pri-ficovej-sestre-ukazaju-dvojaky-meter\/#primaryimage"},"image":{"@id":"https:\/\/www.smedemokrati.sk\/zilinka-pri-ficovej-sestre-ukazaju-dvojaky-meter\/#primaryimage"},"thumbnailUrl":"https:\/\/www.smedemokrati.sk\/wp-content\/uploads\/2025\/04\/JS_JN_Ficova_sestra.jpg","datePublished":"2025-04-11T10:51:01+00:00","dateModified":"2025-04-11T10:51:03+00:00","breadcrumb":{"@id":"https:\/\/www.smedemokrati.sk\/zilinka-pri-ficovej-sestre-ukazaju-dvojaky-meter\/#breadcrumb"},"inLanguage":"sv-SE","potentialAction":[{"@type":"ReadAction","target":["https:\/\/www.smedemokrati.sk\/zilinka-pri-ficovej-sestre-ukazaju-dvojaky-meter\/"]}]},{"@type":"ImageObject","inLanguage":"sv-SE","@id":"https:\/\/www.smedemokrati.sk\/zilinka-pri-ficovej-sestre-ukazaju-dvojaky-meter\/#primaryimage","url":"https:\/\/www.smedemokrati.sk\/wp-content\/uploads\/2025\/04\/JS_JN_Ficova_sestra.jpg","contentUrl":"https:\/\/www.smedemokrati.sk\/wp-content\/uploads\/2025\/04\/JS_JN_Ficova_sestra.jpg","width":817,"height":470},{"@type":"BreadcrumbList","@id":"https:\/\/www.smedemokrati.sk\/zilinka-pri-ficovej-sestre-ukazaju-dvojaky-meter\/#breadcrumb","itemListElement":[{"@type":"ListItem","position":1,"name":"Domovsk\u00e1 str\u00e1nka","item":"https:\/\/www.smedemokrati.sk\/"},{"@type":"ListItem","position":2,"name":"\u017dilinka pri Ficovej sestre uk\u00e1zaju dvojak\u00fd meter"}]},{"@type":"WebSite","@id":"https:\/\/www.smedemokrati.sk\/#website","url":"https:\/\/www.smedemokrati.sk\/","name":"Smedemokrati.sk","description":"Demokracia a slu\u0161nos\u0165 zv\u00ed\u0165az\u00ed","publisher":{"@id":"https:\/\/www.smedemokrati.sk\/#organization"},"potentialAction":[{"@type":"SearchAction","target":{"@type":"EntryPoint","urlTemplate":"https:\/\/www.smedemokrati.sk\/?s={search_term_string}"},"query-input":{"@type":"PropertyValueSpecification","valueRequired":true,"valueName":"search_term_string"}}],"inLanguage":"sv-SE"},{"@type":"Organization","@id":"https:\/\/www.smedemokrati.sk\/#organization","name":"Smedemokrati.sk","url":"https:\/\/www.smedemokrati.sk\/","logo":{"@type":"ImageObject","inLanguage":"sv-SE","@id":"https:\/\/www.smedemokrati.sk\/#\/schema\/logo\/image\/","url":"https:\/\/www.smedemokrati.sk\/wp-content\/uploads\/2023\/04\/ff.002.jpeg","contentUrl":"https:\/\/www.smedemokrati.sk\/wp-content\/uploads\/2023\/04\/ff.002.jpeg","width":640,"height":480,"caption":"Smedemokrati.sk"},"image":{"@id":"https:\/\/www.smedemokrati.sk\/#\/schema\/logo\/image\/"},"sameAs":["https:\/\/www.facebook.com\/smedemokrati2023"]},{"@type":"Person","@id":"https:\/\/www.smedemokrati.sk\/#\/schema\/person\/21f147c88d605aa7ded900e1e7c344ba","name":"miro.sopko","image":{"@type":"ImageObject","inLanguage":"sv-SE","@id":"https:\/\/secure.gravatar.com\/avatar\/267e4a36f704376c109afe3a78740c1f5dd8675a2180a908699e7863c9247606?s=96&d=mm&r=g","url":"https:\/\/secure.gravatar.com\/avatar\/267e4a36f704376c109afe3a78740c1f5dd8675a2180a908699e7863c9247606?s=96&d=mm&r=g","contentUrl":"https:\/\/secure.gravatar.com\/avatar\/267e4a36f704376c109afe3a78740c1f5dd8675a2180a908699e7863c9247606?s=96&d=mm&r=g","caption":"miro.sopko"},"url":"https:\/\/www.smedemokrati.sk\/sv\/author\/miro-sopko\/"}]}},"_links":{"self":[{"href":"https:\/\/www.smedemokrati.sk\/sv\/wp-json\/wp\/v2\/posts\/6896","targetHints":{"allow":["GET"]}}],"collection":[{"href":"https:\/\/www.smedemokrati.sk\/sv\/wp-json\/wp\/v2\/posts"}],"about":[{"href":"https:\/\/www.smedemokrati.sk\/sv\/wp-json\/wp\/v2\/types\/post"}],"author":[{"embeddable":true,"href":"https:\/\/www.smedemokrati.sk\/sv\/wp-json\/wp\/v2\/users\/13"}],"replies":[{"embeddable":true,"href":"https:\/\/www.smedemokrati.sk\/sv\/wp-json\/wp\/v2\/comments?post=6896"}],"version-history":[{"count":2,"href":"https:\/\/www.smedemokrati.sk\/sv\/wp-json\/wp\/v2\/posts\/6896\/revisions"}],"predecessor-version":[{"id":6926,"href":"https:\/\/www.smedemokrati.sk\/sv\/wp-json\/wp\/v2\/posts\/6896\/revisions\/6926"}],"wp:featuredmedia":[{"embeddable":true,"href":"https:\/\/www.smedemokrati.sk\/sv\/wp-json\/wp\/v2\/media\/6897"}],"wp:attachment":[{"href":"https:\/\/www.smedemokrati.sk\/sv\/wp-json\/wp\/v2\/media?parent=6896"}],"wp:term":[{"taxonomy":"category","embeddable":true,"href":"https:\/\/www.smedemokrati.sk\/sv\/wp-json\/wp\/v2\/categories?post=6896"},{"taxonomy":"post_tag","embeddable":true,"href":"https:\/\/www.smedemokrati.sk\/sv\/wp-json\/wp\/v2\/tags?post=6896"}],"curies":[{"name":"wp","href":"https:\/\/api.w.org\/{rel}","templated":true}]}}