{"id":6870,"date":"2025-04-10T09:03:50","date_gmt":"2025-04-10T08:03:50","guid":{"rendered":"https:\/\/www.smedemokrati.sk\/?p=6870"},"modified":"2025-04-10T09:03:51","modified_gmt":"2025-04-10T08:03:51","slug":"na-cla-uz-doplacaju-slovaci-a-prichadzaju-o-pracu-kde-je-premier","status":"publish","type":"post","link":"https:\/\/www.smedemokrati.sk\/sv\/na-cla-uz-doplacaju-slovaci-a-prichadzaju-o-pracu-kde-je-premier\/","title":{"rendered":"Na cl\u00e1 u\u017e dopl\u00e1caj\u00fa Slov\u00e1ci a prich\u00e1dzaj\u00fa o pr\u00e1cu, kde je premi\u00e9r?!"},"content":{"rendered":"<div id=\"fb-root\"><\/div>\n\n<p><strong>U\u017e p\u00e1r dn\u00ed po zaveden\u00ed ciel sa nap\u013a\u0148aj\u00fa na\u0161e varovania. Slov\u00e1ci prich\u00e1dzaj\u00fa o pr\u00e1cu a rodiny sa zo d\u0148a na de\u0148 ocitaj\u00fa v existen\u010dnom ohrozen\u00ed a vl\u00e1da si zatia\u013e &#8221;um\u00fdva ruky.&#8221; Toto nie je len ekonomick\u00e1 kr\u00edza, toto je \u013eudsk\u00e1 trag\u00e9dia.<\/strong><\/p>\n\n\n\n<p>\u201e<em>Oz\u00fdvaj\u00fa sa n\u00e1m b\u00fdval\u00ed zamestnanci Volkswagenu, ktor\u00ed pri\u0161li tento t\u00fd\u017ede\u0148 o pr\u00e1cu. Pod\u013ea ich slov ide o viac ako tis\u00edc \u013eud\u00ed, z ktor\u00fdch polovica s\u00fa Slov\u00e1ci \u2013 otcovia, \u017eivitelia rod\u00edn. Zo d\u0148a na de\u0148 sa ocitli bez pr\u00e1ce. V \u010dase, ke\u010f ceny rast\u00fa a mnoh\u00e9 rodiny \u017eij\u00fa od v\u00fdplaty k v\u00fdplate, je tak\u00e1to strata pr\u00e1ce doslova devastuj\u00faca,\u201c&nbsp;<\/em>uviedol podpredseda strany Demokrati a b\u00fdval\u00fd premi\u00e9r Eduard Heger.<\/p>\n\n\n\n<p>Je neakceptovate\u013en\u00e9, \u017ee premi\u00e9r hral medzin\u00e1rodn\u00e9 divadlo s listami americk\u00e9mu prezidentovi a Elonovi Muskovi, len aby nakoniec verejne priznal, \u017ee nikto predsa nemohol \u010daka\u0165, \u017ee dosiahne re\u00e1lny v\u00fdsledok&nbsp;<em>\u201eAk vedel, \u017ee ni\u010d nevyrokuje, pre\u010do plytval \u010dasom a n\u00e1dejou \u013eud\u00ed? Na\u010do boli tie listy? Aby si mohol urobi\u0165 tla\u010dovku? Toto je cynizmus najhrub\u0161ieho zrna,\u201c<\/em>&nbsp;dod\u00e1va Heger.<\/p>\n\n\n\n<p>Situ\u00e1cia je v\u00e1\u017ena. Volkswagen prech\u00e1dza na dvojzmenn\u00fa v\u00fdrobu a prv\u00e9 prep\u00fa\u0161\u0165ania s\u00fa len za\u010diatkom. Ohrozen\u00e9 s\u00fa nielen pracovn\u00e9 miesta priamo v automobilke, ale aj tis\u00edce v dod\u00e1vate\u013eskom re\u0165azci. Aj smer\u00e1cky nominant&nbsp;a eurokomis\u00e1ra Maro\u0161a \u0160ef\u010dovi\u010da m\u00f4\u017ee by\u0165 ohrozen\u00fdch a\u017e 20 000 pracovn\u00fdch miest.&nbsp;<\/p>\n\n\n\n<p><em>\u201ePremi\u00e9r je schovan\u00fd ako vo\u0161, zatia\u013e \u010do cl\u00e1 maj\u00fa svoje konkr\u00e9tne d\u00f4sledky. Varovali sme pred nimi. Dnes ich \u013eudia poci\u0165uj\u00fa na vlastnej ko\u017ei. A vl\u00e1da nem\u00e1 \u017eiaden pl\u00e1n. Preto apelujeme na to, aby rokovanie tripartity prinieslo konkr\u00e9tny v\u00fdsledok \u2013 pomoc \u013eu\u010fom, nie s\u013euby a v\u00fdhovorky,\u201c<\/em>&nbsp;povedal ekonomick\u00fd expert strany Demokrati Dominik Sumbal.<\/p>\n\n\n\n<p>Strana Demokrati z\u00e1rove\u0148 vyz\u00fdva vl\u00e1du, aby okam\u017eite aktivovala Kurzarbeit \u2013 n\u00e1stroj, ktor\u00fd pr\u00e1ve na tak\u00e9to situ\u00e1cie pripravila e\u0161te vl\u00e1da Eduarda Hegera.&nbsp;<em>\u201eKurzarbeit je pripraven\u00fd, legislat\u00edvne schv\u00e1len\u00fd a otestovan\u00fd. Ide o r\u00fdchlu a efekt\u00edvnu pomoc firm\u00e1m, aby v \u010dase kr\u00edz nemuseli siaha\u0165 po prep\u00fa\u0161\u0165an\u00ed. Vl\u00e1da m\u00e1 mo\u017enos\u0165 kona\u0165 \u2013 ak nekon\u00e1, nesie zodpovednos\u0165 za ka\u017ed\u00e9 jedno prepusten\u00e9 miesto,\u201c<\/em>&nbsp;uzatv\u00e1ra Sumbal.<\/p>\n\n\n\n<figure class=\"wp-block-video\"><video height=\"1152\" style=\"aspect-ratio: 648 \/ 1152;\" width=\"648\" controls src=\"https:\/\/www.smedemokrati.sk\/wp-content\/uploads\/2025\/04\/EH_DS_VW.mp4\"><\/video><\/figure>\n","protected":false},"excerpt":{"rendered":"<p>U\u017e p\u00e1r dn\u00ed po zaveden\u00ed ciel sa nap\u013a\u0148aj\u00fa na\u0161e varovania. Slov\u00e1ci prich\u00e1dzaj\u00fa o pr\u00e1cu a rodiny sa zo d\u0148a na de\u0148 ocitaj\u00fa v existen\u010dnom ohrozen\u00ed a vl\u00e1da si zatia\u013e &#8221;um\u00fdva ruky.&#8221; Toto nie je len ekonomick\u00e1 kr\u00edza, toto je \u013eudsk\u00e1 trag\u00e9dia. \u201eOz\u00fdvaj\u00fa sa n\u00e1m b\u00fdval\u00ed zamestnanci Volkswagenu, ktor\u00ed pri\u0161li tento t\u00fd\u017ede\u0148 o pr\u00e1cu. Pod\u013ea ich [&hellip;]<\/p>\n","protected":false},"author":13,"featured_media":6872,"comment_status":"closed","ping_status":"closed","sticky":false,"template":"","format":"standard","meta":{"_acf_changed":false,"ngg_post_thumbnail":0,"footnotes":""},"categories":[4],"tags":[],"class_list":["post-6870","post","type-post","status-publish","format-standard","has-post-thumbnail","hentry","category-tlacove-spravy"],"acf":[],"yoast_head":"<!-- This site is optimized with the Yoast SEO plugin v27.2 - https:\/\/yoast.com\/product\/yoast-seo-wordpress\/ -->\n<title>Na cl\u00e1 u\u017e dopl\u00e1caj\u00fa Slov\u00e1ci a prich\u00e1dzaj\u00fa o pr\u00e1cu, kde je premi\u00e9r?!<\/title>\n<meta name=\"robots\" content=\"index, follow, max-snippet:-1, max-image-preview:large, max-video-preview:-1\" \/>\n<link rel=\"canonical\" href=\"https:\/\/www.smedemokrati.sk\/sv\/na-cla-uz-doplacaju-slovaci-a-prichadzaju-o-pracu-kde-je-premier\/\" \/>\n<meta property=\"og:locale\" content=\"sv_SE\" \/>\n<meta property=\"og:locale:alternate\" content=\"en_US\" \/>\n<meta property=\"og:locale:alternate\" content=\"cs_CZ\" \/>\n<meta property=\"og:locale:alternate\" content=\"hu_HU\" \/>\n<meta property=\"og:locale:alternate\" content=\"sk_SK\" \/>\n<meta property=\"og:type\" content=\"article\" \/>\n<meta property=\"og:title\" content=\"Na cl\u00e1 u\u017e dopl\u00e1caj\u00fa Slov\u00e1ci a prich\u00e1dzaj\u00fa o pr\u00e1cu, kde je premi\u00e9r?!\" \/>\n<meta property=\"og:description\" content=\"U\u017e p\u00e1r dn\u00ed po zaveden\u00ed ciel sa nap\u013a\u0148aj\u00fa na\u0161e varovania. Slov\u00e1ci prich\u00e1dzaj\u00fa o pr\u00e1cu a rodiny sa zo d\u0148a na de\u0148 ocitaj\u00fa v existen\u010dnom ohrozen\u00ed a vl\u00e1da si zatia\u013e &#8221;um\u00fdva ruky.&#8221; Toto nie je len ekonomick\u00e1 kr\u00edza, toto je \u013eudsk\u00e1 trag\u00e9dia. \u201eOz\u00fdvaj\u00fa sa n\u00e1m b\u00fdval\u00ed zamestnanci Volkswagenu, ktor\u00ed pri\u0161li tento t\u00fd\u017ede\u0148 o pr\u00e1cu. Pod\u013ea ich [&hellip;]\" \/>\n<meta property=\"og:url\" content=\"https:\/\/www.smedemokrati.sk\/sv\/na-cla-uz-doplacaju-slovaci-a-prichadzaju-o-pracu-kde-je-premier\/\" \/>\n<meta property=\"og:site_name\" content=\"Smedemokrati.sk\" \/>\n<meta property=\"article:publisher\" content=\"https:\/\/www.facebook.com\/smedemokrati2023\" \/>\n<meta property=\"article:published_time\" content=\"2025-04-10T08:03:50+00:00\" \/>\n<meta property=\"article:modified_time\" content=\"2025-04-10T08:03:51+00:00\" \/>\n<meta property=\"og:image\" content=\"https:\/\/www.smedemokrati.sk\/wp-content\/uploads\/2025\/04\/EH_DS_VW.jpg\" \/>\n\t<meta property=\"og:image:width\" content=\"1195\" \/>\n\t<meta property=\"og:image:height\" content=\"645\" \/>\n\t<meta property=\"og:image:type\" content=\"image\/jpeg\" \/>\n<meta name=\"author\" content=\"miro.sopko\" \/>\n<meta name=\"twitter:card\" content=\"summary_large_image\" \/>\n<meta name=\"twitter:label1\" content=\"Skriven av\" \/>\n\t<meta name=\"twitter:data1\" content=\"miro.sopko\" \/>\n\t<meta name=\"twitter:label2\" content=\"Ber\u00e4knad l\u00e4stid\" \/>\n\t<meta name=\"twitter:data2\" content=\"2 minuter\" \/>\n<script type=\"application\/ld+json\" class=\"yoast-schema-graph\">{\"@context\":\"https:\/\/schema.org\",\"@graph\":[{\"@type\":\"Article\",\"@id\":\"https:\/\/www.smedemokrati.sk\/na-cla-uz-doplacaju-slovaci-a-prichadzaju-o-pracu-kde-je-premier\/#article\",\"isPartOf\":{\"@id\":\"https:\/\/www.smedemokrati.sk\/na-cla-uz-doplacaju-slovaci-a-prichadzaju-o-pracu-kde-je-premier\/\"},\"author\":{\"name\":\"miro.sopko\",\"@id\":\"https:\/\/www.smedemokrati.sk\/#\/schema\/person\/21f147c88d605aa7ded900e1e7c344ba\"},\"headline\":\"Na cl\u00e1 u\u017e dopl\u00e1caj\u00fa Slov\u00e1ci a prich\u00e1dzaj\u00fa o pr\u00e1cu, kde je premi\u00e9r?!\",\"datePublished\":\"2025-04-10T08:03:50+00:00\",\"dateModified\":\"2025-04-10T08:03:51+00:00\",\"mainEntityOfPage\":{\"@id\":\"https:\/\/www.smedemokrati.sk\/na-cla-uz-doplacaju-slovaci-a-prichadzaju-o-pracu-kde-je-premier\/\"},\"wordCount\":432,\"publisher\":{\"@id\":\"https:\/\/www.smedemokrati.sk\/#organization\"},\"image\":{\"@id\":\"https:\/\/www.smedemokrati.sk\/na-cla-uz-doplacaju-slovaci-a-prichadzaju-o-pracu-kde-je-premier\/#primaryimage\"},\"thumbnailUrl\":\"https:\/\/www.smedemokrati.sk\/wp-content\/uploads\/2025\/04\/EH_DS_VW.jpg\",\"articleSection\":[\"Tla\u010dov\u00e9 spr\u00e1vy\"],\"inLanguage\":\"sv-SE\"},{\"@type\":\"WebPage\",\"@id\":\"https:\/\/www.smedemokrati.sk\/na-cla-uz-doplacaju-slovaci-a-prichadzaju-o-pracu-kde-je-premier\/\",\"url\":\"https:\/\/www.smedemokrati.sk\/na-cla-uz-doplacaju-slovaci-a-prichadzaju-o-pracu-kde-je-premier\/\",\"name\":\"Na cl\u00e1 u\u017e dopl\u00e1caj\u00fa Slov\u00e1ci a prich\u00e1dzaj\u00fa o pr\u00e1cu, kde je premi\u00e9r?!\",\"isPartOf\":{\"@id\":\"https:\/\/www.smedemokrati.sk\/#website\"},\"primaryImageOfPage\":{\"@id\":\"https:\/\/www.smedemokrati.sk\/na-cla-uz-doplacaju-slovaci-a-prichadzaju-o-pracu-kde-je-premier\/#primaryimage\"},\"image\":{\"@id\":\"https:\/\/www.smedemokrati.sk\/na-cla-uz-doplacaju-slovaci-a-prichadzaju-o-pracu-kde-je-premier\/#primaryimage\"},\"thumbnailUrl\":\"https:\/\/www.smedemokrati.sk\/wp-content\/uploads\/2025\/04\/EH_DS_VW.jpg\",\"datePublished\":\"2025-04-10T08:03:50+00:00\",\"dateModified\":\"2025-04-10T08:03:51+00:00\",\"breadcrumb\":{\"@id\":\"https:\/\/www.smedemokrati.sk\/na-cla-uz-doplacaju-slovaci-a-prichadzaju-o-pracu-kde-je-premier\/#breadcrumb\"},\"inLanguage\":\"sv-SE\",\"potentialAction\":[{\"@type\":\"ReadAction\",\"target\":[\"https:\/\/www.smedemokrati.sk\/na-cla-uz-doplacaju-slovaci-a-prichadzaju-o-pracu-kde-je-premier\/\"]}]},{\"@type\":\"ImageObject\",\"inLanguage\":\"sv-SE\",\"@id\":\"https:\/\/www.smedemokrati.sk\/na-cla-uz-doplacaju-slovaci-a-prichadzaju-o-pracu-kde-je-premier\/#primaryimage\",\"url\":\"https:\/\/www.smedemokrati.sk\/wp-content\/uploads\/2025\/04\/EH_DS_VW.jpg\",\"contentUrl\":\"https:\/\/www.smedemokrati.sk\/wp-content\/uploads\/2025\/04\/EH_DS_VW.jpg\",\"width\":1195,\"height\":645},{\"@type\":\"BreadcrumbList\",\"@id\":\"https:\/\/www.smedemokrati.sk\/na-cla-uz-doplacaju-slovaci-a-prichadzaju-o-pracu-kde-je-premier\/#breadcrumb\",\"itemListElement\":[{\"@type\":\"ListItem\",\"position\":1,\"name\":\"Domovsk\u00e1 str\u00e1nka\",\"item\":\"https:\/\/www.smedemokrati.sk\/\"},{\"@type\":\"ListItem\",\"position\":2,\"name\":\"Na cl\u00e1 u\u017e dopl\u00e1caj\u00fa Slov\u00e1ci a prich\u00e1dzaj\u00fa o pr\u00e1cu, kde je premi\u00e9r?!\"}]},{\"@type\":\"WebSite\",\"@id\":\"https:\/\/www.smedemokrati.sk\/#website\",\"url\":\"https:\/\/www.smedemokrati.sk\/\",\"name\":\"Smedemokrati.sk\",\"description\":\"Demokracia a slu\u0161nos\u0165 zv\u00ed\u0165az\u00ed\",\"publisher\":{\"@id\":\"https:\/\/www.smedemokrati.sk\/#organization\"},\"potentialAction\":[{\"@type\":\"SearchAction\",\"target\":{\"@type\":\"EntryPoint\",\"urlTemplate\":\"https:\/\/www.smedemokrati.sk\/?s={search_term_string}\"},\"query-input\":{\"@type\":\"PropertyValueSpecification\",\"valueRequired\":true,\"valueName\":\"search_term_string\"}}],\"inLanguage\":\"sv-SE\"},{\"@type\":\"Organization\",\"@id\":\"https:\/\/www.smedemokrati.sk\/#organization\",\"name\":\"Smedemokrati.sk\",\"url\":\"https:\/\/www.smedemokrati.sk\/\",\"logo\":{\"@type\":\"ImageObject\",\"inLanguage\":\"sv-SE\",\"@id\":\"https:\/\/www.smedemokrati.sk\/#\/schema\/logo\/image\/\",\"url\":\"https:\/\/www.smedemokrati.sk\/wp-content\/uploads\/2023\/04\/ff.002.jpeg\",\"contentUrl\":\"https:\/\/www.smedemokrati.sk\/wp-content\/uploads\/2023\/04\/ff.002.jpeg\",\"width\":640,\"height\":480,\"caption\":\"Smedemokrati.sk\"},\"image\":{\"@id\":\"https:\/\/www.smedemokrati.sk\/#\/schema\/logo\/image\/\"},\"sameAs\":[\"https:\/\/www.facebook.com\/smedemokrati2023\"]},{\"@type\":\"Person\",\"@id\":\"https:\/\/www.smedemokrati.sk\/#\/schema\/person\/21f147c88d605aa7ded900e1e7c344ba\",\"name\":\"miro.sopko\",\"image\":{\"@type\":\"ImageObject\",\"inLanguage\":\"sv-SE\",\"@id\":\"https:\/\/secure.gravatar.com\/avatar\/267e4a36f704376c109afe3a78740c1f5dd8675a2180a908699e7863c9247606?s=96&d=mm&r=g\",\"url\":\"https:\/\/secure.gravatar.com\/avatar\/267e4a36f704376c109afe3a78740c1f5dd8675a2180a908699e7863c9247606?s=96&d=mm&r=g\",\"contentUrl\":\"https:\/\/secure.gravatar.com\/avatar\/267e4a36f704376c109afe3a78740c1f5dd8675a2180a908699e7863c9247606?s=96&d=mm&r=g\",\"caption\":\"miro.sopko\"},\"url\":\"https:\/\/www.smedemokrati.sk\/sv\/author\/miro-sopko\/\"}]}<\/script>\n<!-- \/ Yoast SEO plugin. -->","yoast_head_json":{"title":"Na cl\u00e1 u\u017e dopl\u00e1caj\u00fa Slov\u00e1ci a prich\u00e1dzaj\u00fa o pr\u00e1cu, kde je premi\u00e9r?!","robots":{"index":"index","follow":"follow","max-snippet":"max-snippet:-1","max-image-preview":"max-image-preview:large","max-video-preview":"max-video-preview:-1"},"canonical":"https:\/\/www.smedemokrati.sk\/sv\/na-cla-uz-doplacaju-slovaci-a-prichadzaju-o-pracu-kde-je-premier\/","og_locale":"sv_SE","og_type":"article","og_title":"[:sk]Na cl\u00e1 u\u017e dopl\u00e1caj\u00fa Slov\u00e1ci a prich\u00e1dzaj\u00fa o pr\u00e1cu, kde je premi\u00e9r?![:] - Smedemokrati.sk","og_description":"U\u017e p\u00e1r dn\u00ed po zaveden\u00ed ciel sa nap\u013a\u0148aj\u00fa na\u0161e varovania. Slov\u00e1ci prich\u00e1dzaj\u00fa o pr\u00e1cu a rodiny sa zo d\u0148a na de\u0148 ocitaj\u00fa v existen\u010dnom ohrozen\u00ed a vl\u00e1da si zatia\u013e &#8221;um\u00fdva ruky.&#8221; Toto nie je len ekonomick\u00e1 kr\u00edza, toto je \u013eudsk\u00e1 trag\u00e9dia. \u201eOz\u00fdvaj\u00fa sa n\u00e1m b\u00fdval\u00ed zamestnanci Volkswagenu, ktor\u00ed pri\u0161li tento t\u00fd\u017ede\u0148 o pr\u00e1cu. Pod\u013ea ich [&hellip;]","og_url":"https:\/\/www.smedemokrati.sk\/sv\/na-cla-uz-doplacaju-slovaci-a-prichadzaju-o-pracu-kde-je-premier\/","og_site_name":"Smedemokrati.sk","article_publisher":"https:\/\/www.facebook.com\/smedemokrati2023","article_published_time":"2025-04-10T08:03:50+00:00","article_modified_time":"2025-04-10T08:03:51+00:00","og_image":[{"width":1195,"height":645,"url":"https:\/\/www.smedemokrati.sk\/wp-content\/uploads\/2025\/04\/EH_DS_VW.jpg","type":"image\/jpeg"}],"author":"miro.sopko","twitter_card":"summary_large_image","twitter_misc":{"Skriven av":"miro.sopko","Ber\u00e4knad l\u00e4stid":"2 minuter"},"schema":{"@context":"https:\/\/schema.org","@graph":[{"@type":"Article","@id":"https:\/\/www.smedemokrati.sk\/na-cla-uz-doplacaju-slovaci-a-prichadzaju-o-pracu-kde-je-premier\/#article","isPartOf":{"@id":"https:\/\/www.smedemokrati.sk\/na-cla-uz-doplacaju-slovaci-a-prichadzaju-o-pracu-kde-je-premier\/"},"author":{"name":"miro.sopko","@id":"https:\/\/www.smedemokrati.sk\/#\/schema\/person\/21f147c88d605aa7ded900e1e7c344ba"},"headline":"Na cl\u00e1 u\u017e dopl\u00e1caj\u00fa Slov\u00e1ci a prich\u00e1dzaj\u00fa o pr\u00e1cu, kde je premi\u00e9r?!","datePublished":"2025-04-10T08:03:50+00:00","dateModified":"2025-04-10T08:03:51+00:00","mainEntityOfPage":{"@id":"https:\/\/www.smedemokrati.sk\/na-cla-uz-doplacaju-slovaci-a-prichadzaju-o-pracu-kde-je-premier\/"},"wordCount":432,"publisher":{"@id":"https:\/\/www.smedemokrati.sk\/#organization"},"image":{"@id":"https:\/\/www.smedemokrati.sk\/na-cla-uz-doplacaju-slovaci-a-prichadzaju-o-pracu-kde-je-premier\/#primaryimage"},"thumbnailUrl":"https:\/\/www.smedemokrati.sk\/wp-content\/uploads\/2025\/04\/EH_DS_VW.jpg","articleSection":["Tla\u010dov\u00e9 spr\u00e1vy"],"inLanguage":"sv-SE"},{"@type":"WebPage","@id":"https:\/\/www.smedemokrati.sk\/na-cla-uz-doplacaju-slovaci-a-prichadzaju-o-pracu-kde-je-premier\/","url":"https:\/\/www.smedemokrati.sk\/na-cla-uz-doplacaju-slovaci-a-prichadzaju-o-pracu-kde-je-premier\/","name":"Na cl\u00e1 u\u017e dopl\u00e1caj\u00fa Slov\u00e1ci a prich\u00e1dzaj\u00fa o pr\u00e1cu, kde je premi\u00e9r?!","isPartOf":{"@id":"https:\/\/www.smedemokrati.sk\/#website"},"primaryImageOfPage":{"@id":"https:\/\/www.smedemokrati.sk\/na-cla-uz-doplacaju-slovaci-a-prichadzaju-o-pracu-kde-je-premier\/#primaryimage"},"image":{"@id":"https:\/\/www.smedemokrati.sk\/na-cla-uz-doplacaju-slovaci-a-prichadzaju-o-pracu-kde-je-premier\/#primaryimage"},"thumbnailUrl":"https:\/\/www.smedemokrati.sk\/wp-content\/uploads\/2025\/04\/EH_DS_VW.jpg","datePublished":"2025-04-10T08:03:50+00:00","dateModified":"2025-04-10T08:03:51+00:00","breadcrumb":{"@id":"https:\/\/www.smedemokrati.sk\/na-cla-uz-doplacaju-slovaci-a-prichadzaju-o-pracu-kde-je-premier\/#breadcrumb"},"inLanguage":"sv-SE","potentialAction":[{"@type":"ReadAction","target":["https:\/\/www.smedemokrati.sk\/na-cla-uz-doplacaju-slovaci-a-prichadzaju-o-pracu-kde-je-premier\/"]}]},{"@type":"ImageObject","inLanguage":"sv-SE","@id":"https:\/\/www.smedemokrati.sk\/na-cla-uz-doplacaju-slovaci-a-prichadzaju-o-pracu-kde-je-premier\/#primaryimage","url":"https:\/\/www.smedemokrati.sk\/wp-content\/uploads\/2025\/04\/EH_DS_VW.jpg","contentUrl":"https:\/\/www.smedemokrati.sk\/wp-content\/uploads\/2025\/04\/EH_DS_VW.jpg","width":1195,"height":645},{"@type":"BreadcrumbList","@id":"https:\/\/www.smedemokrati.sk\/na-cla-uz-doplacaju-slovaci-a-prichadzaju-o-pracu-kde-je-premier\/#breadcrumb","itemListElement":[{"@type":"ListItem","position":1,"name":"Domovsk\u00e1 str\u00e1nka","item":"https:\/\/www.smedemokrati.sk\/"},{"@type":"ListItem","position":2,"name":"Na cl\u00e1 u\u017e dopl\u00e1caj\u00fa Slov\u00e1ci a prich\u00e1dzaj\u00fa o pr\u00e1cu, kde je premi\u00e9r?!"}]},{"@type":"WebSite","@id":"https:\/\/www.smedemokrati.sk\/#website","url":"https:\/\/www.smedemokrati.sk\/","name":"Smedemokrati.sk","description":"Demokracia a slu\u0161nos\u0165 zv\u00ed\u0165az\u00ed","publisher":{"@id":"https:\/\/www.smedemokrati.sk\/#organization"},"potentialAction":[{"@type":"SearchAction","target":{"@type":"EntryPoint","urlTemplate":"https:\/\/www.smedemokrati.sk\/?s={search_term_string}"},"query-input":{"@type":"PropertyValueSpecification","valueRequired":true,"valueName":"search_term_string"}}],"inLanguage":"sv-SE"},{"@type":"Organization","@id":"https:\/\/www.smedemokrati.sk\/#organization","name":"Smedemokrati.sk","url":"https:\/\/www.smedemokrati.sk\/","logo":{"@type":"ImageObject","inLanguage":"sv-SE","@id":"https:\/\/www.smedemokrati.sk\/#\/schema\/logo\/image\/","url":"https:\/\/www.smedemokrati.sk\/wp-content\/uploads\/2023\/04\/ff.002.jpeg","contentUrl":"https:\/\/www.smedemokrati.sk\/wp-content\/uploads\/2023\/04\/ff.002.jpeg","width":640,"height":480,"caption":"Smedemokrati.sk"},"image":{"@id":"https:\/\/www.smedemokrati.sk\/#\/schema\/logo\/image\/"},"sameAs":["https:\/\/www.facebook.com\/smedemokrati2023"]},{"@type":"Person","@id":"https:\/\/www.smedemokrati.sk\/#\/schema\/person\/21f147c88d605aa7ded900e1e7c344ba","name":"miro.sopko","image":{"@type":"ImageObject","inLanguage":"sv-SE","@id":"https:\/\/secure.gravatar.com\/avatar\/267e4a36f704376c109afe3a78740c1f5dd8675a2180a908699e7863c9247606?s=96&d=mm&r=g","url":"https:\/\/secure.gravatar.com\/avatar\/267e4a36f704376c109afe3a78740c1f5dd8675a2180a908699e7863c9247606?s=96&d=mm&r=g","contentUrl":"https:\/\/secure.gravatar.com\/avatar\/267e4a36f704376c109afe3a78740c1f5dd8675a2180a908699e7863c9247606?s=96&d=mm&r=g","caption":"miro.sopko"},"url":"https:\/\/www.smedemokrati.sk\/sv\/author\/miro-sopko\/"}]}},"_links":{"self":[{"href":"https:\/\/www.smedemokrati.sk\/sv\/wp-json\/wp\/v2\/posts\/6870","targetHints":{"allow":["GET"]}}],"collection":[{"href":"https:\/\/www.smedemokrati.sk\/sv\/wp-json\/wp\/v2\/posts"}],"about":[{"href":"https:\/\/www.smedemokrati.sk\/sv\/wp-json\/wp\/v2\/types\/post"}],"author":[{"embeddable":true,"href":"https:\/\/www.smedemokrati.sk\/sv\/wp-json\/wp\/v2\/users\/13"}],"replies":[{"embeddable":true,"href":"https:\/\/www.smedemokrati.sk\/sv\/wp-json\/wp\/v2\/comments?post=6870"}],"version-history":[{"count":1,"href":"https:\/\/www.smedemokrati.sk\/sv\/wp-json\/wp\/v2\/posts\/6870\/revisions"}],"predecessor-version":[{"id":6873,"href":"https:\/\/www.smedemokrati.sk\/sv\/wp-json\/wp\/v2\/posts\/6870\/revisions\/6873"}],"wp:featuredmedia":[{"embeddable":true,"href":"https:\/\/www.smedemokrati.sk\/sv\/wp-json\/wp\/v2\/media\/6872"}],"wp:attachment":[{"href":"https:\/\/www.smedemokrati.sk\/sv\/wp-json\/wp\/v2\/media?parent=6870"}],"wp:term":[{"taxonomy":"category","embeddable":true,"href":"https:\/\/www.smedemokrati.sk\/sv\/wp-json\/wp\/v2\/categories?post=6870"},{"taxonomy":"post_tag","embeddable":true,"href":"https:\/\/www.smedemokrati.sk\/sv\/wp-json\/wp\/v2\/tags?post=6870"}],"curies":[{"name":"wp","href":"https:\/\/api.w.org\/{rel}","templated":true}]}}