{"id":6795,"date":"2025-03-31T15:23:08","date_gmt":"2025-03-31T14:23:08","guid":{"rendered":"https:\/\/www.smedemokrati.sk\/?p=6795"},"modified":"2025-03-31T15:23:09","modified_gmt":"2025-03-31T14:23:09","slug":"vlazna-reakcia-vlady-na-epidemiu-slintacky-a-krivacky-ohrozuje-polnohospodarstvo-predkladame-20-opatreni-na-napravu","status":"publish","type":"post","link":"https:\/\/www.smedemokrati.sk\/sv\/vlazna-reakcia-vlady-na-epidemiu-slintacky-a-krivacky-ohrozuje-polnohospodarstvo-predkladame-20-opatreni-na-napravu\/","title":{"rendered":"Vla\u017en\u00e1 reakcia vl\u00e1dy na epid\u00e9miu slinta\u010dky a kr\u00edva\u010dky ohrozuje po\u013enohospod\u00e1rstvo, predklad\u00e1me 20 opatren\u00ed na n\u00e1pravu"},"content":{"rendered":"<div id=\"fb-root\"><\/div>\n\n<p><strong>Po potvrden\u00ed \u010fal\u0161ieho ohniska slinta\u010dky a kr\u00edva\u010dky (SLAK) v Plaveckom \u0160tvrtku vyz\u00fdvame vl\u00e1du na ur\u00fdchlen\u00e9 prijatie kone\u010dne efekt\u00edvnych opatren\u00ed. Zistenie nov\u00e9ho ohniska n\u00e1kazy v nadn\u00e1rodnom ve\u013ekochove s k\u013e\u00fa\u010dovou \u00falohou pre mliekarensk\u00fa v\u00fdrobu je mimoriadne z\u00e1va\u017en\u00fdm posunom, ktor\u00fd spochyb\u0148uje \u00fa\u010dinnos\u0165 doteraj\u0161\u00edch opatren\u00ed. Z\u00e1very v\u010deraj\u0161ieho kr\u00edzov\u00e9ho \u0161t\u00e1bu a aj dne\u0161nej vl\u00e1dy pova\u017eujeme za nedostato\u010dn\u00e9. Vl\u00e1de preto predklad\u00e1me odpor\u00fa\u010dania konkr\u00e9tnych rie\u0161en\u00ed, ktor\u00e9 m\u00f4\u017eu v tejto kritickej situ\u00e1cii zachr\u00e1ni\u0165 potravinov\u00fa bezpe\u010dnos\u0165 Slovenska.<\/strong><\/p>\n\n\n\n<p>Predpoklad vl\u00e1dy, \u017ee hlavn\u00fdm zdrojom \u0161\u00edrenia n\u00e1kazy je vietor, po v\u010deraj\u0161ku padol. Naopak, potvrdzuje sa, \u017ee za \u0161\u00edren\u00edm n\u00e1kazy m\u00f4\u017ee by\u0165 vysok\u00e1 mobilita pracovn\u00edkov, nedostato\u010dn\u00e9 dodr\u017eiavanie hygienick\u00fdch postupov a ich kontrol.\u00a0<em>\u201ePreto<\/em> <em>navrhujeme opatrenia na vytvorenie n\u00e1rodn\u00e9ho programu trasovania, v\u00fdrazn\u00e9 zintenz\u00edvnenie dezinfek\u010dn\u00fdch opatren\u00ed,<\/em> <em>gener\u00e1lny pardon pre neregistrovan\u00e9 chovy, informovanie u\u017e aj o v\u00fdskyte podozrenia n\u00e1kazy v chove a zavedenie princ\u00edpu<\/em> <em>predbe\u017enej opatrnosti, obmedzenie mo\u017en\u00e9 styku s divo \u017eij\u00facimi zvieratami, kontrolu pohybu rizikov\u00fdch os\u00f4b a materi\u00e1lov,<\/em> <em>roz\u0161\u00edrenie re\u017eimu prevent\u00edvnych opatren\u00ed v perimetri 10 km od potvrden\u00e9ho ohniska n\u00e1kazy, posilnenie kontroln\u00fdch kapac\u00edt<\/em> <em>\u0161t\u00e1tnej spr\u00e1vy, kontrolu chovov v tras\u00e1ch prevozov kad\u00e1verov do kafil\u00e9rie a hromadn\u00fdch pohreb\u00edsk \u010di opatrenia<\/em> <em>hospod\u00e1rskej mobiliz\u00e1cie na distrib\u00faciu dezinfek\u010dn\u00fdch prostriedkov,\u201d<\/em>\u00a0uv\u00e1dza opatrenia Michal Ki\u010da, enviroexpert strany.<\/p>\n\n\n\n<p>Pova\u017eujeme za neakceptovate\u013en\u00e9, \u017ee \u010desk\u00fd minister mal inform\u00e1cie u\u017e sk\u00f4r a trvalo v podstate cel\u00fd de\u0148, k\u00fdm ich minister Tak\u00e1\u010d potvrdil. A \u010do je hor\u0161ie, po zasadnut\u00ed kr\u00edzov\u00e9ho \u0161t\u00e1bu, narozdiel od \u010desk\u00e9ho ministra, nepredstavil \u017eiadne dodato\u010dn\u00e9 prevent\u00edvne opatrenia. Liknavos\u0165 vl\u00e1dy a osobitne marketingov\u00e9ho ministra Tak\u00e1\u010da je \u0161okuj\u00faca a neuverite\u013ene amat\u00e9rska.<\/p>\n\n\n\n<p>Nako\u013eko je situ\u00e1cia s n\u00e1kazou SLAK na Slovensku naozaj ve\u013emi v\u00e1\u017ena a potenci\u00e1lne \u010fal\u0161ie \u0161\u00edrenie infekcie m\u00f4\u017ee re\u0165azovo ohrozi\u0165 \u010fal\u0161ie farmy a zasadi\u0165 nezvratn\u00fa ranu \u017eivo\u010d\u00ed\u0161nej v\u00fdrobe, prich\u00e1dzame po konzult\u00e1cii s odborn\u00edkmi s n\u00e1vrhom \u010fal\u0161\u00edch opatren\u00ed, ktor\u00e9 za pr\u00edsnej implement\u00e1cie a kontrole pom\u00f4\u017eu zastavi\u0165 \u0161\u00edrenie SLAK \u00faplne.<\/p>\n\n\n\n<p><em>\u201eAk nechceme, aby na\u0161ich po\u013enohospod\u00e1rov \u00faplne polo\u017eili svojim reak\u010dn\u00fdm \u010dasom, amat\u00e9rskou komunik\u00e1ciou a<\/em> <em>nedostato\u010dn\u00fdmi opatreniami, tak mus\u00edme za\u010da\u0165 kona\u0165. Scen\u00e1r, kedy sa vl\u00e1da obmedz\u00ed len na oneskoren\u00fa reakciu, sa nesmie<\/em> <em>opakova\u0165. V\u00edrus m\u00e1 pred nami n\u00e1skok, \u010do mus\u00edme zvr\u00e1ti\u0165. Predstavujeme odborn\u00e9 opatrenia, ktor\u00e9 na\u0161e p\u00f4dohospod\u00e1rstvo<\/em> <em>potrebuje v tejto no\u010dnej more ako so\u013e a ktor\u00e9 odpovedaj\u00fa aj na upozornenia expertov Eur\u00f3pskej komisie. V pr\u00edpade<\/em> <em>pokra\u010dovania pasivity a iba marketingov\u00fdch krokov vl\u00e1dy n\u00e1m hroz\u00ed fat\u00e1lne ohrozenie potravinovej bezpe\u010dnosti Slovenska s<\/em> <em>nedozern\u00fdmi dopadmi na cel\u00fd sektor a obyvate\u013eov v podobe \u010fal\u0161ieho n\u00e1rastu ceny z\u00e1kladn\u00fdch potrav\u00edn,\u201d\u00a0<\/em>vysvet\u013euje Jaroslav Na\u010f, predseda Demokratov.<\/p>\n\n\n\n<p>Demokrati z\u00e1rove\u0148 sumarizuj\u00fa v\u0161etky zisten\u00e9 nedostatky v postupe vl\u00e1dy, ktor\u00e9 predlo\u017eia v podnete Najvy\u0161\u0161iemu kontroln\u00e9mu \u00faradu SR s cie\u013eom preverenia mana\u017ementu epid\u00e9mie SLAK, aby sa tieto zlyhania neopakovali.<\/p>\n\n\n\n<p><strong>NAVRHOVAN\u00c9 OPATRENIA:<\/strong><\/p>\n\n\n\n<p>1. zintenz\u00edvnenie a kontrola dodr\u017eiavania pr\u00edsnych hygienick\u00fdch a prevent\u00edvnych karant\u00e9nnych opatren\u00ed, uplatnenie ich \u00fa\u010dinnej kontroly a ur\u00fdchlenie zhroma\u017e\u010fovania, spracov\u00e1vania a mapovania inform\u00e1cii o sledovan\u00ed vykon\u00e1vanom v re\u0161trik\u010dn\u00fdch oblastiach,<\/p>\n\n\n\n<p>2. systematick\u00e9 trasovanie pohybu potenci\u00e1lnych \u0161\u00edrite\u013eov n\u00e1kazy (n\u00e1rodn\u00fd program trasovania), najm\u00e4 vo vz\u0165ahu k potvrden\u00fdm alebo potenci\u00e1lnym ohnisk\u00e1m n\u00e1kazy a prepojenie z\u00edskan\u00fdch \u00fadajov so sledovan\u00edm laborat\u00f3rnych v\u00fdsledkov a epidemiologick\u00fdm prieskumom,<\/p>\n\n\n\n<p>3. gener\u00e1lny pardon pre neregistrovan\u00e9 chovy s cie\u013eom z\u00edskania aj dodato\u010dn\u00fdch inform\u00e1ci\u00ed o mo\u017en\u00fdch ohrozen\u00fdch chovoch,<\/p>\n\n\n\n<p>4. transparentn\u00e9 informovanie o v\u00fdskyte pr\u00edznakov a aj o chovov s u\u017e len s podozren\u00edm, hoci aj nepotvrden\u00fdm na v\u00fdskyt SLAK a uplatnenie princ\u00edpu predbe\u017enej opatrnosti, t. j. nazera\u0165 na ne z h\u013eadiska prevent\u00edvnych opatren\u00ed a trasovania ako na chovy s potvrden\u00fdm v\u00fdskytom SLAK a\u017e do \u010dasu opaku,<\/p>\n\n\n\n<p>5. kontrola pohybu rizikov\u00fdch materi\u00e1lov a os\u00f4b &#8211; zamestnancov, dod\u00e1vate\u013eov slu\u017eieb, servisn\u00fdch skup\u00edn, prevozu dobytka a ak\u00fdchko\u013evek materi\u00e1lov biologick\u00e9ho p\u00f4vodu a n\u00e1kupu vo v\u0161etk\u00fdch chovoch &#8211; zah\u0155\u0148a trasovanie, pr\u00edsne vykon\u00e1vanie a kontrolu opatren\u00ed na zamedzenie \u0161\u00edrenia SLAK, re\u0161trikcia pohybu v rizikov\u00fdch oblastiach, \u010do navrhujeme roz\u0161\u00edri\u0165 aj na chovy o\u0161\u00edpan\u00fdch a vn\u00edmav\u00fdch druhov,<\/p>\n\n\n\n<p>6. evidencia dezinfekcie na farm\u00e1ch &#8211; ka\u017ed\u00fa dezinfekciu zadokumentovat, vedenie jednoduchej evidencie, v pr\u00edpade vozidiel aj so z\u00e1znamom o evidencii E\u010cV (odpor\u00fa\u010dame aj s obrazov\u00fdm alebo videoz\u00e1znamom),<\/p>\n\n\n\n<p>7. rap\u00eddne zv\u00fd\u0161enie hygieny prepravy &#8211; \u0161ir\u0161ie vyu\u017eitie \u0161peci\u00e1lnych kontajnerov na prevoz (do \u00favahy prich\u00e1dzaj\u00fa protichemick\u00e9 kontajnery vyu\u017e\u00edvan\u00e9 na uskladnenie a prevoz PCB l\u00e1tok), \u0161kolenia pre vodi\u010dov o minim\u00e1lnych hygienick\u00fdch po\u017eiadavk\u00e1ch a ich realiz\u00e1cia a kontrola pri ka\u017edom vstupe, v\u00fdstupe, dezinfekcia osobn\u00fdch vec\u00ed vr\u00e1tane kab\u00edny, opatrenia hospod\u00e1rskej mobiliz\u00e1cie na distrib\u00faciu dezinfek\u010dn\u00fdch prostriedkov,<\/p>\n\n\n\n<p>8. okam\u017eit\u00e1 kontrola vyn\u00e1\u0161ania ma\u0161ta\u013en\u00e9ho hnoja, pr\u00edpadne prepravy do bioplynov\u00fdch stan\u00edc, z\u00e1kaz v\u00fdvozu fermentovan\u00e9ho digest\u00e1tu, opatrenia na prekompostovanie, do\u010dasn\u00fd z\u00e1kaz v\u00fdnosu ma\u0161ta\u013en\u00e9ho hnoja,<\/p>\n\n\n\n<p>9. roz\u0161\u00edrenie ELISA testovania na protil\u00e1tky vr\u00e1tane \u017eivo\u010d\u00ed\u0161nych produktov, najm\u00e4 mlieka,<\/p>\n\n\n\n<p>10. roz\u0161\u00edrenie perimetru pr\u00edsnej kontroly dodr\u017eiavania prevent\u00edvnych opatren\u00ed na 10 km od preuk\u00e1zan\u00fdch ohn\u00edsk n\u00e1kazy,<\/p>\n\n\n\n<p>11. opatrenia na tras\u00e1ch prevozov do kafil\u00e9rie &#8211; v obojstrannom perimetri do 20 km kontrola v\u0161etk\u00fdch chovov, odber krvn\u00fdch vzoriek, r\u00fdchla anal\u00fdza, z\u00e1kaz pasenia do odvolania,<\/p>\n\n\n\n<p>12. v\u00fdrazn\u00e9 do\u010dasn\u00e9 nav\u00fd\u0161enie kapac\u00edt doh\u013eadu,<\/p>\n\n\n\n<p>13. roz\u0161\u00edrenie zberu vzoriek p\u00e1rnokopytn\u00edkov \u017eij\u00facich vo vo\u013enej pr\u00edrode ako aj testovanie na SLAK uhynut\u00fdch a uloven\u00fdch diviakov,<\/p>\n\n\n\n<p>14. posilnenie opatren\u00ed biologickej bezpe\u010dnosti zvierat vn\u00edmav\u00fdch druhov s osobitn\u00fdm d\u00f4razom na chovy pod hol\u00fdm nebom a obmedzenie mo\u017enost\u00ed ich kontaktu s vo\u013ene \u017eij\u00facimi zvieratami,<\/p>\n\n\n\n<p>15. \u010dasovo obmedzen\u00fd pr\u00edsny z\u00e1kaz pasenia minim\u00e1lne do Ve\u013ekej noci s cie\u013eom obmedzenia mo\u017en\u00e9ho kontaktu s vo\u013ene \u017eij\u00facou zverou, najm\u00e4 raticovou &#8211; v s\u00favislosti s t\u00fdmto opatren\u00edm je potrebn\u00e9 ur\u00fdchlene rie\u0161i\u0165 aj situ\u00e1ciu farm\u00e1rov hospod\u00e1riacich v ekologick\u00fdch re\u017eimoch (do\u010dasn\u00fdm zvo\u013enen\u00edm po\u017eiadaviek), nako\u013eko pastva aj n\u00e1kup krmiva v biokvalite zo vzdialen\u00fdch zdrojov m\u00f4\u017ee by\u0165 potenci\u00e1lne rizikov\u00e9 pre zavle\u010denie SLAK,<\/p>\n\n\n\n<p>16. okam\u017eit\u00e9 \u010distenie a dezinfekcia na farm\u00e1ch s v\u00fdskytom ohniska a ich trval\u00fd doh\u013ead aj po vykonan\u00ed suspenz\u00edvneho o\u010dkovania, ktor\u00e9 je s\u00edce u\u017eito\u010dn\u00fdm rozhodnut\u00edm na zn\u00ed\u017eenie okam\u017eit\u00e9ho tlaku \u013eudsk\u00e9, logistick\u00e9 a technick\u00e9 zdroje, av\u0161ak nesmie oddiali\u0165 ostatn\u00e9 dezinfek\u010dn\u00e9 a kontroln\u00e9 opatrenia, \u010do viedlo k potrebe plo\u0161n\u00e9ho vyb\u00edjania na SLAK senzit\u00edvnych chovov v perimetri 3 km,<\/p>\n\n\n\n<p>17. roz\u0161\u00edrenie opatren\u00ed v oblasti po\u013eovn\u00edctva divej raticovej a divia\u010dej zvery v s\u00favislosti s dodr\u017eiavan\u00edm z\u00e1kazov v kontrolnej z\u00f3ne 10 km od ohniska n\u00e1kazy ale aj pri novom podozren\u00ed, zv\u00fd\u0161en\u00e1 frekvencia kontrol \u00fahynu raticovej a divia\u010dej zvery a ich testovanie na SLAK,<\/p>\n\n\n\n<p>18. uzavretie turistick\u00fdch chodn\u00edkov v okol\u00ed fariem, <\/p>\n\n\n\n<p>19. epidemiologick\u00e9 opatrenia pre v\u0161etk\u00fdch pracovn\u00edkov v potravin\u00e1rskej v\u00fdrobe ako aj na farm\u00e1ch &#8211; tzv. biele kni\u017eky, kontrola osved\u010den\u00ed o zdravotnej sp\u00f4sobilosti, prevent\u00edvne vy\u0161etrenia na infek\u010dn\u00e9 choroby a markery slinta\u010dky a kr\u00edva\u010dky (bezpr\u00edznakov\u00ed rozn\u00e1\u0161a\u010di),<\/p>\n\n\n\n<p>20. pr\u00edprava n\u00e1rodn\u00e9ho programu obnovy chovov so zapojen\u00edm v\u0161etk\u00fdch akt\u00e9rov s cie\u013eom pred\u00eddenia mo\u017enej monopoliz\u00e1cie v \u017eivo\u010d\u00ed\u0161nej v\u00fdrobe.<\/p>\n\n\n\n<div class=\"wp-block-file\"><a id=\"wp-block-file--media-ed15fa72-c5e0-40f2-ba6c-0765a5d52155\" href=\"https:\/\/www.smedemokrati.sk\/wp-content\/uploads\/2025\/03\/list-opatrenia-pre-fica.pdf\" target=\"_blank\" rel=\"noreferrer noopener\"><em>List, ktor\u00fd posielame na \u00daV SR a Ministerstvo p\u00f4dohospod\u00e1rstva SR<\/em><\/a><a href=\"https:\/\/www.smedemokrati.sk\/wp-content\/uploads\/2025\/03\/list-opatrenia-pre-fica.pdf\" class=\"wp-block-file__button wp-element-button\" download aria-describedby=\"wp-block-file--media-ed15fa72-c5e0-40f2-ba6c-0765a5d52155\">Stiahnu\u0165<\/a><\/div>\n\n\n\n<p><\/p>\n\n\n<div class=\"fb-video\" data-href=\"https:\/\/fb.watch\/yGimCLDvSx\" data-allowfullscreen=\"true\" data-autoplay=\"false\" data-width=\"\" data-show-text=\"false\" data-show-captions=\"true\"><\/div>\n","protected":false},"excerpt":{"rendered":"<p>Po potvrden\u00ed \u010fal\u0161ieho ohniska slinta\u010dky a kr\u00edva\u010dky (SLAK) v Plaveckom \u0160tvrtku vyz\u00fdvame vl\u00e1du na ur\u00fdchlen\u00e9 prijatie kone\u010dne efekt\u00edvnych opatren\u00ed. Zistenie nov\u00e9ho ohniska n\u00e1kazy v nadn\u00e1rodnom ve\u013ekochove s k\u013e\u00fa\u010dovou \u00falohou pre mliekarensk\u00fa v\u00fdrobu je mimoriadne z\u00e1va\u017en\u00fdm posunom, ktor\u00fd spochyb\u0148uje \u00fa\u010dinnos\u0165 doteraj\u0161\u00edch opatren\u00ed. Z\u00e1very v\u010deraj\u0161ieho kr\u00edzov\u00e9ho \u0161t\u00e1bu a aj dne\u0161nej vl\u00e1dy pova\u017eujeme za nedostato\u010dn\u00e9. Vl\u00e1de preto predklad\u00e1me [&hellip;]<\/p>\n","protected":false},"author":13,"featured_media":6797,"comment_status":"closed","ping_status":"closed","sticky":false,"template":"","format":"standard","meta":{"_acf_changed":false,"ngg_post_thumbnail":0,"footnotes":""},"categories":[4],"tags":[],"class_list":["post-6795","post","type-post","status-publish","format-standard","has-post-thumbnail","hentry","category-tlacove-spravy"],"acf":[],"yoast_head":"<!-- This site is optimized with the Yoast SEO plugin v27.2 - https:\/\/yoast.com\/product\/yoast-seo-wordpress\/ -->\n<title>Vla\u017en\u00e1 reakcia vl\u00e1dy na epid\u00e9miu slinta\u010dky a kr\u00edva\u010dky ohrozuje po\u013enohospod\u00e1rstvo, predklad\u00e1me 20 opatren\u00ed na n\u00e1pravu<\/title>\n<meta name=\"robots\" content=\"index, follow, max-snippet:-1, max-image-preview:large, max-video-preview:-1\" \/>\n<link rel=\"canonical\" href=\"https:\/\/www.smedemokrati.sk\/sv\/vlazna-reakcia-vlady-na-epidemiu-slintacky-a-krivacky-ohrozuje-polnohospodarstvo-predkladame-20-opatreni-na-napravu\/\" \/>\n<meta property=\"og:locale\" content=\"sv_SE\" \/>\n<meta property=\"og:locale:alternate\" content=\"en_US\" \/>\n<meta property=\"og:locale:alternate\" content=\"cs_CZ\" \/>\n<meta property=\"og:locale:alternate\" content=\"hu_HU\" \/>\n<meta property=\"og:locale:alternate\" content=\"sk_SK\" \/>\n<meta property=\"og:type\" content=\"article\" \/>\n<meta property=\"og:title\" content=\"Vla\u017en\u00e1 reakcia vl\u00e1dy na epid\u00e9miu slinta\u010dky a kr\u00edva\u010dky ohrozuje po\u013enohospod\u00e1rstvo, predklad\u00e1me 20 opatren\u00ed na n\u00e1pravu\" \/>\n<meta property=\"og:description\" content=\"Po potvrden\u00ed \u010fal\u0161ieho ohniska slinta\u010dky a kr\u00edva\u010dky (SLAK) v Plaveckom \u0160tvrtku vyz\u00fdvame vl\u00e1du na ur\u00fdchlen\u00e9 prijatie kone\u010dne efekt\u00edvnych opatren\u00ed. Zistenie nov\u00e9ho ohniska n\u00e1kazy v nadn\u00e1rodnom ve\u013ekochove s k\u013e\u00fa\u010dovou \u00falohou pre mliekarensk\u00fa v\u00fdrobu je mimoriadne z\u00e1va\u017en\u00fdm posunom, ktor\u00fd spochyb\u0148uje \u00fa\u010dinnos\u0165 doteraj\u0161\u00edch opatren\u00ed. Z\u00e1very v\u010deraj\u0161ieho kr\u00edzov\u00e9ho \u0161t\u00e1bu a aj dne\u0161nej vl\u00e1dy pova\u017eujeme za nedostato\u010dn\u00e9. Vl\u00e1de preto predklad\u00e1me [&hellip;]\" \/>\n<meta property=\"og:url\" content=\"https:\/\/www.smedemokrati.sk\/sv\/vlazna-reakcia-vlady-na-epidemiu-slintacky-a-krivacky-ohrozuje-polnohospodarstvo-predkladame-20-opatreni-na-napravu\/\" \/>\n<meta property=\"og:site_name\" content=\"Smedemokrati.sk\" \/>\n<meta property=\"article:publisher\" content=\"https:\/\/www.facebook.com\/smedemokrati2023\" \/>\n<meta property=\"article:published_time\" content=\"2025-03-31T14:23:08+00:00\" \/>\n<meta property=\"article:modified_time\" content=\"2025-03-31T14:23:09+00:00\" \/>\n<meta property=\"og:image\" content=\"https:\/\/www.smedemokrati.sk\/wp-content\/uploads\/2025\/03\/20-opatreni.jpg\" \/>\n\t<meta property=\"og:image:width\" content=\"890\" \/>\n\t<meta property=\"og:image:height\" content=\"498\" \/>\n\t<meta property=\"og:image:type\" content=\"image\/jpeg\" \/>\n<meta name=\"author\" content=\"miro.sopko\" \/>\n<meta name=\"twitter:card\" content=\"summary_large_image\" \/>\n<meta name=\"twitter:label1\" content=\"Skriven av\" \/>\n\t<meta name=\"twitter:data1\" content=\"miro.sopko\" \/>\n\t<meta name=\"twitter:label2\" content=\"Ber\u00e4knad l\u00e4stid\" \/>\n\t<meta name=\"twitter:data2\" content=\"6 minuter\" \/>\n<script type=\"application\/ld+json\" class=\"yoast-schema-graph\">{\"@context\":\"https:\/\/schema.org\",\"@graph\":[{\"@type\":\"Article\",\"@id\":\"https:\/\/www.smedemokrati.sk\/vlazna-reakcia-vlady-na-epidemiu-slintacky-a-krivacky-ohrozuje-polnohospodarstvo-predkladame-20-opatreni-na-napravu\/#article\",\"isPartOf\":{\"@id\":\"https:\/\/www.smedemokrati.sk\/vlazna-reakcia-vlady-na-epidemiu-slintacky-a-krivacky-ohrozuje-polnohospodarstvo-predkladame-20-opatreni-na-napravu\/\"},\"author\":{\"name\":\"miro.sopko\",\"@id\":\"https:\/\/www.smedemokrati.sk\/#\/schema\/person\/21f147c88d605aa7ded900e1e7c344ba\"},\"headline\":\"Vla\u017en\u00e1 reakcia vl\u00e1dy na epid\u00e9miu slinta\u010dky a kr\u00edva\u010dky ohrozuje po\u013enohospod\u00e1rstvo, predklad\u00e1me 20 opatren\u00ed na n\u00e1pravu\",\"datePublished\":\"2025-03-31T14:23:08+00:00\",\"dateModified\":\"2025-03-31T14:23:09+00:00\",\"mainEntityOfPage\":{\"@id\":\"https:\/\/www.smedemokrati.sk\/vlazna-reakcia-vlady-na-epidemiu-slintacky-a-krivacky-ohrozuje-polnohospodarstvo-predkladame-20-opatreni-na-napravu\/\"},\"wordCount\":1457,\"publisher\":{\"@id\":\"https:\/\/www.smedemokrati.sk\/#organization\"},\"image\":{\"@id\":\"https:\/\/www.smedemokrati.sk\/vlazna-reakcia-vlady-na-epidemiu-slintacky-a-krivacky-ohrozuje-polnohospodarstvo-predkladame-20-opatreni-na-napravu\/#primaryimage\"},\"thumbnailUrl\":\"https:\/\/www.smedemokrati.sk\/wp-content\/uploads\/2025\/03\/20-opatreni.jpg\",\"articleSection\":[\"Tla\u010dov\u00e9 spr\u00e1vy\"],\"inLanguage\":\"sv-SE\"},{\"@type\":\"WebPage\",\"@id\":\"https:\/\/www.smedemokrati.sk\/vlazna-reakcia-vlady-na-epidemiu-slintacky-a-krivacky-ohrozuje-polnohospodarstvo-predkladame-20-opatreni-na-napravu\/\",\"url\":\"https:\/\/www.smedemokrati.sk\/vlazna-reakcia-vlady-na-epidemiu-slintacky-a-krivacky-ohrozuje-polnohospodarstvo-predkladame-20-opatreni-na-napravu\/\",\"name\":\"Vla\u017en\u00e1 reakcia vl\u00e1dy na epid\u00e9miu slinta\u010dky a kr\u00edva\u010dky ohrozuje po\u013enohospod\u00e1rstvo, predklad\u00e1me 20 opatren\u00ed na n\u00e1pravu\",\"isPartOf\":{\"@id\":\"https:\/\/www.smedemokrati.sk\/#website\"},\"primaryImageOfPage\":{\"@id\":\"https:\/\/www.smedemokrati.sk\/vlazna-reakcia-vlady-na-epidemiu-slintacky-a-krivacky-ohrozuje-polnohospodarstvo-predkladame-20-opatreni-na-napravu\/#primaryimage\"},\"image\":{\"@id\":\"https:\/\/www.smedemokrati.sk\/vlazna-reakcia-vlady-na-epidemiu-slintacky-a-krivacky-ohrozuje-polnohospodarstvo-predkladame-20-opatreni-na-napravu\/#primaryimage\"},\"thumbnailUrl\":\"https:\/\/www.smedemokrati.sk\/wp-content\/uploads\/2025\/03\/20-opatreni.jpg\",\"datePublished\":\"2025-03-31T14:23:08+00:00\",\"dateModified\":\"2025-03-31T14:23:09+00:00\",\"breadcrumb\":{\"@id\":\"https:\/\/www.smedemokrati.sk\/vlazna-reakcia-vlady-na-epidemiu-slintacky-a-krivacky-ohrozuje-polnohospodarstvo-predkladame-20-opatreni-na-napravu\/#breadcrumb\"},\"inLanguage\":\"sv-SE\",\"potentialAction\":[{\"@type\":\"ReadAction\",\"target\":[\"https:\/\/www.smedemokrati.sk\/vlazna-reakcia-vlady-na-epidemiu-slintacky-a-krivacky-ohrozuje-polnohospodarstvo-predkladame-20-opatreni-na-napravu\/\"]}]},{\"@type\":\"ImageObject\",\"inLanguage\":\"sv-SE\",\"@id\":\"https:\/\/www.smedemokrati.sk\/vlazna-reakcia-vlady-na-epidemiu-slintacky-a-krivacky-ohrozuje-polnohospodarstvo-predkladame-20-opatreni-na-napravu\/#primaryimage\",\"url\":\"https:\/\/www.smedemokrati.sk\/wp-content\/uploads\/2025\/03\/20-opatreni.jpg\",\"contentUrl\":\"https:\/\/www.smedemokrati.sk\/wp-content\/uploads\/2025\/03\/20-opatreni.jpg\",\"width\":890,\"height\":498},{\"@type\":\"BreadcrumbList\",\"@id\":\"https:\/\/www.smedemokrati.sk\/vlazna-reakcia-vlady-na-epidemiu-slintacky-a-krivacky-ohrozuje-polnohospodarstvo-predkladame-20-opatreni-na-napravu\/#breadcrumb\",\"itemListElement\":[{\"@type\":\"ListItem\",\"position\":1,\"name\":\"Domovsk\u00e1 str\u00e1nka\",\"item\":\"https:\/\/www.smedemokrati.sk\/\"},{\"@type\":\"ListItem\",\"position\":2,\"name\":\"Vla\u017en\u00e1 reakcia vl\u00e1dy na epid\u00e9miu slinta\u010dky a kr\u00edva\u010dky ohrozuje po\u013enohospod\u00e1rstvo, predklad\u00e1me 20 opatren\u00ed na n\u00e1pravu\"}]},{\"@type\":\"WebSite\",\"@id\":\"https:\/\/www.smedemokrati.sk\/#website\",\"url\":\"https:\/\/www.smedemokrati.sk\/\",\"name\":\"Smedemokrati.sk\",\"description\":\"Demokracia a slu\u0161nos\u0165 zv\u00ed\u0165az\u00ed\",\"publisher\":{\"@id\":\"https:\/\/www.smedemokrati.sk\/#organization\"},\"potentialAction\":[{\"@type\":\"SearchAction\",\"target\":{\"@type\":\"EntryPoint\",\"urlTemplate\":\"https:\/\/www.smedemokrati.sk\/?s={search_term_string}\"},\"query-input\":{\"@type\":\"PropertyValueSpecification\",\"valueRequired\":true,\"valueName\":\"search_term_string\"}}],\"inLanguage\":\"sv-SE\"},{\"@type\":\"Organization\",\"@id\":\"https:\/\/www.smedemokrati.sk\/#organization\",\"name\":\"Smedemokrati.sk\",\"url\":\"https:\/\/www.smedemokrati.sk\/\",\"logo\":{\"@type\":\"ImageObject\",\"inLanguage\":\"sv-SE\",\"@id\":\"https:\/\/www.smedemokrati.sk\/#\/schema\/logo\/image\/\",\"url\":\"https:\/\/www.smedemokrati.sk\/wp-content\/uploads\/2023\/04\/ff.002.jpeg\",\"contentUrl\":\"https:\/\/www.smedemokrati.sk\/wp-content\/uploads\/2023\/04\/ff.002.jpeg\",\"width\":640,\"height\":480,\"caption\":\"Smedemokrati.sk\"},\"image\":{\"@id\":\"https:\/\/www.smedemokrati.sk\/#\/schema\/logo\/image\/\"},\"sameAs\":[\"https:\/\/www.facebook.com\/smedemokrati2023\"]},{\"@type\":\"Person\",\"@id\":\"https:\/\/www.smedemokrati.sk\/#\/schema\/person\/21f147c88d605aa7ded900e1e7c344ba\",\"name\":\"miro.sopko\",\"image\":{\"@type\":\"ImageObject\",\"inLanguage\":\"sv-SE\",\"@id\":\"https:\/\/secure.gravatar.com\/avatar\/267e4a36f704376c109afe3a78740c1f5dd8675a2180a908699e7863c9247606?s=96&d=mm&r=g\",\"url\":\"https:\/\/secure.gravatar.com\/avatar\/267e4a36f704376c109afe3a78740c1f5dd8675a2180a908699e7863c9247606?s=96&d=mm&r=g\",\"contentUrl\":\"https:\/\/secure.gravatar.com\/avatar\/267e4a36f704376c109afe3a78740c1f5dd8675a2180a908699e7863c9247606?s=96&d=mm&r=g\",\"caption\":\"miro.sopko\"},\"url\":\"https:\/\/www.smedemokrati.sk\/sv\/author\/miro-sopko\/\"}]}<\/script>\n<!-- \/ Yoast SEO plugin. -->","yoast_head_json":{"title":"Vla\u017en\u00e1 reakcia vl\u00e1dy na epid\u00e9miu slinta\u010dky a kr\u00edva\u010dky ohrozuje po\u013enohospod\u00e1rstvo, predklad\u00e1me 20 opatren\u00ed na n\u00e1pravu","robots":{"index":"index","follow":"follow","max-snippet":"max-snippet:-1","max-image-preview":"max-image-preview:large","max-video-preview":"max-video-preview:-1"},"canonical":"https:\/\/www.smedemokrati.sk\/sv\/vlazna-reakcia-vlady-na-epidemiu-slintacky-a-krivacky-ohrozuje-polnohospodarstvo-predkladame-20-opatreni-na-napravu\/","og_locale":"sv_SE","og_type":"article","og_title":"[:sk]Vla\u017en\u00e1 reakcia vl\u00e1dy na epid\u00e9miu slinta\u010dky a kr\u00edva\u010dky ohrozuje po\u013enohospod\u00e1rstvo, predklad\u00e1me 20 opatren\u00ed na n\u00e1pravu[:] - Smedemokrati.sk","og_description":"Po potvrden\u00ed \u010fal\u0161ieho ohniska slinta\u010dky a kr\u00edva\u010dky (SLAK) v Plaveckom \u0160tvrtku vyz\u00fdvame vl\u00e1du na ur\u00fdchlen\u00e9 prijatie kone\u010dne efekt\u00edvnych opatren\u00ed. Zistenie nov\u00e9ho ohniska n\u00e1kazy v nadn\u00e1rodnom ve\u013ekochove s k\u013e\u00fa\u010dovou \u00falohou pre mliekarensk\u00fa v\u00fdrobu je mimoriadne z\u00e1va\u017en\u00fdm posunom, ktor\u00fd spochyb\u0148uje \u00fa\u010dinnos\u0165 doteraj\u0161\u00edch opatren\u00ed. Z\u00e1very v\u010deraj\u0161ieho kr\u00edzov\u00e9ho \u0161t\u00e1bu a aj dne\u0161nej vl\u00e1dy pova\u017eujeme za nedostato\u010dn\u00e9. Vl\u00e1de preto predklad\u00e1me [&hellip;]","og_url":"https:\/\/www.smedemokrati.sk\/sv\/vlazna-reakcia-vlady-na-epidemiu-slintacky-a-krivacky-ohrozuje-polnohospodarstvo-predkladame-20-opatreni-na-napravu\/","og_site_name":"Smedemokrati.sk","article_publisher":"https:\/\/www.facebook.com\/smedemokrati2023","article_published_time":"2025-03-31T14:23:08+00:00","article_modified_time":"2025-03-31T14:23:09+00:00","og_image":[{"width":890,"height":498,"url":"https:\/\/www.smedemokrati.sk\/wp-content\/uploads\/2025\/03\/20-opatreni.jpg","type":"image\/jpeg"}],"author":"miro.sopko","twitter_card":"summary_large_image","twitter_misc":{"Skriven av":"miro.sopko","Ber\u00e4knad l\u00e4stid":"6 minuter"},"schema":{"@context":"https:\/\/schema.org","@graph":[{"@type":"Article","@id":"https:\/\/www.smedemokrati.sk\/vlazna-reakcia-vlady-na-epidemiu-slintacky-a-krivacky-ohrozuje-polnohospodarstvo-predkladame-20-opatreni-na-napravu\/#article","isPartOf":{"@id":"https:\/\/www.smedemokrati.sk\/vlazna-reakcia-vlady-na-epidemiu-slintacky-a-krivacky-ohrozuje-polnohospodarstvo-predkladame-20-opatreni-na-napravu\/"},"author":{"name":"miro.sopko","@id":"https:\/\/www.smedemokrati.sk\/#\/schema\/person\/21f147c88d605aa7ded900e1e7c344ba"},"headline":"Vla\u017en\u00e1 reakcia vl\u00e1dy na epid\u00e9miu slinta\u010dky a kr\u00edva\u010dky ohrozuje po\u013enohospod\u00e1rstvo, predklad\u00e1me 20 opatren\u00ed na n\u00e1pravu","datePublished":"2025-03-31T14:23:08+00:00","dateModified":"2025-03-31T14:23:09+00:00","mainEntityOfPage":{"@id":"https:\/\/www.smedemokrati.sk\/vlazna-reakcia-vlady-na-epidemiu-slintacky-a-krivacky-ohrozuje-polnohospodarstvo-predkladame-20-opatreni-na-napravu\/"},"wordCount":1457,"publisher":{"@id":"https:\/\/www.smedemokrati.sk\/#organization"},"image":{"@id":"https:\/\/www.smedemokrati.sk\/vlazna-reakcia-vlady-na-epidemiu-slintacky-a-krivacky-ohrozuje-polnohospodarstvo-predkladame-20-opatreni-na-napravu\/#primaryimage"},"thumbnailUrl":"https:\/\/www.smedemokrati.sk\/wp-content\/uploads\/2025\/03\/20-opatreni.jpg","articleSection":["Tla\u010dov\u00e9 spr\u00e1vy"],"inLanguage":"sv-SE"},{"@type":"WebPage","@id":"https:\/\/www.smedemokrati.sk\/vlazna-reakcia-vlady-na-epidemiu-slintacky-a-krivacky-ohrozuje-polnohospodarstvo-predkladame-20-opatreni-na-napravu\/","url":"https:\/\/www.smedemokrati.sk\/vlazna-reakcia-vlady-na-epidemiu-slintacky-a-krivacky-ohrozuje-polnohospodarstvo-predkladame-20-opatreni-na-napravu\/","name":"Vla\u017en\u00e1 reakcia vl\u00e1dy na epid\u00e9miu slinta\u010dky a kr\u00edva\u010dky ohrozuje po\u013enohospod\u00e1rstvo, predklad\u00e1me 20 opatren\u00ed na n\u00e1pravu","isPartOf":{"@id":"https:\/\/www.smedemokrati.sk\/#website"},"primaryImageOfPage":{"@id":"https:\/\/www.smedemokrati.sk\/vlazna-reakcia-vlady-na-epidemiu-slintacky-a-krivacky-ohrozuje-polnohospodarstvo-predkladame-20-opatreni-na-napravu\/#primaryimage"},"image":{"@id":"https:\/\/www.smedemokrati.sk\/vlazna-reakcia-vlady-na-epidemiu-slintacky-a-krivacky-ohrozuje-polnohospodarstvo-predkladame-20-opatreni-na-napravu\/#primaryimage"},"thumbnailUrl":"https:\/\/www.smedemokrati.sk\/wp-content\/uploads\/2025\/03\/20-opatreni.jpg","datePublished":"2025-03-31T14:23:08+00:00","dateModified":"2025-03-31T14:23:09+00:00","breadcrumb":{"@id":"https:\/\/www.smedemokrati.sk\/vlazna-reakcia-vlady-na-epidemiu-slintacky-a-krivacky-ohrozuje-polnohospodarstvo-predkladame-20-opatreni-na-napravu\/#breadcrumb"},"inLanguage":"sv-SE","potentialAction":[{"@type":"ReadAction","target":["https:\/\/www.smedemokrati.sk\/vlazna-reakcia-vlady-na-epidemiu-slintacky-a-krivacky-ohrozuje-polnohospodarstvo-predkladame-20-opatreni-na-napravu\/"]}]},{"@type":"ImageObject","inLanguage":"sv-SE","@id":"https:\/\/www.smedemokrati.sk\/vlazna-reakcia-vlady-na-epidemiu-slintacky-a-krivacky-ohrozuje-polnohospodarstvo-predkladame-20-opatreni-na-napravu\/#primaryimage","url":"https:\/\/www.smedemokrati.sk\/wp-content\/uploads\/2025\/03\/20-opatreni.jpg","contentUrl":"https:\/\/www.smedemokrati.sk\/wp-content\/uploads\/2025\/03\/20-opatreni.jpg","width":890,"height":498},{"@type":"BreadcrumbList","@id":"https:\/\/www.smedemokrati.sk\/vlazna-reakcia-vlady-na-epidemiu-slintacky-a-krivacky-ohrozuje-polnohospodarstvo-predkladame-20-opatreni-na-napravu\/#breadcrumb","itemListElement":[{"@type":"ListItem","position":1,"name":"Domovsk\u00e1 str\u00e1nka","item":"https:\/\/www.smedemokrati.sk\/"},{"@type":"ListItem","position":2,"name":"Vla\u017en\u00e1 reakcia vl\u00e1dy na epid\u00e9miu slinta\u010dky a kr\u00edva\u010dky ohrozuje po\u013enohospod\u00e1rstvo, predklad\u00e1me 20 opatren\u00ed na n\u00e1pravu"}]},{"@type":"WebSite","@id":"https:\/\/www.smedemokrati.sk\/#website","url":"https:\/\/www.smedemokrati.sk\/","name":"Smedemokrati.sk","description":"Demokracia a slu\u0161nos\u0165 zv\u00ed\u0165az\u00ed","publisher":{"@id":"https:\/\/www.smedemokrati.sk\/#organization"},"potentialAction":[{"@type":"SearchAction","target":{"@type":"EntryPoint","urlTemplate":"https:\/\/www.smedemokrati.sk\/?s={search_term_string}"},"query-input":{"@type":"PropertyValueSpecification","valueRequired":true,"valueName":"search_term_string"}}],"inLanguage":"sv-SE"},{"@type":"Organization","@id":"https:\/\/www.smedemokrati.sk\/#organization","name":"Smedemokrati.sk","url":"https:\/\/www.smedemokrati.sk\/","logo":{"@type":"ImageObject","inLanguage":"sv-SE","@id":"https:\/\/www.smedemokrati.sk\/#\/schema\/logo\/image\/","url":"https:\/\/www.smedemokrati.sk\/wp-content\/uploads\/2023\/04\/ff.002.jpeg","contentUrl":"https:\/\/www.smedemokrati.sk\/wp-content\/uploads\/2023\/04\/ff.002.jpeg","width":640,"height":480,"caption":"Smedemokrati.sk"},"image":{"@id":"https:\/\/www.smedemokrati.sk\/#\/schema\/logo\/image\/"},"sameAs":["https:\/\/www.facebook.com\/smedemokrati2023"]},{"@type":"Person","@id":"https:\/\/www.smedemokrati.sk\/#\/schema\/person\/21f147c88d605aa7ded900e1e7c344ba","name":"miro.sopko","image":{"@type":"ImageObject","inLanguage":"sv-SE","@id":"https:\/\/secure.gravatar.com\/avatar\/267e4a36f704376c109afe3a78740c1f5dd8675a2180a908699e7863c9247606?s=96&d=mm&r=g","url":"https:\/\/secure.gravatar.com\/avatar\/267e4a36f704376c109afe3a78740c1f5dd8675a2180a908699e7863c9247606?s=96&d=mm&r=g","contentUrl":"https:\/\/secure.gravatar.com\/avatar\/267e4a36f704376c109afe3a78740c1f5dd8675a2180a908699e7863c9247606?s=96&d=mm&r=g","caption":"miro.sopko"},"url":"https:\/\/www.smedemokrati.sk\/sv\/author\/miro-sopko\/"}]}},"_links":{"self":[{"href":"https:\/\/www.smedemokrati.sk\/sv\/wp-json\/wp\/v2\/posts\/6795","targetHints":{"allow":["GET"]}}],"collection":[{"href":"https:\/\/www.smedemokrati.sk\/sv\/wp-json\/wp\/v2\/posts"}],"about":[{"href":"https:\/\/www.smedemokrati.sk\/sv\/wp-json\/wp\/v2\/types\/post"}],"author":[{"embeddable":true,"href":"https:\/\/www.smedemokrati.sk\/sv\/wp-json\/wp\/v2\/users\/13"}],"replies":[{"embeddable":true,"href":"https:\/\/www.smedemokrati.sk\/sv\/wp-json\/wp\/v2\/comments?post=6795"}],"version-history":[{"count":1,"href":"https:\/\/www.smedemokrati.sk\/sv\/wp-json\/wp\/v2\/posts\/6795\/revisions"}],"predecessor-version":[{"id":6798,"href":"https:\/\/www.smedemokrati.sk\/sv\/wp-json\/wp\/v2\/posts\/6795\/revisions\/6798"}],"wp:featuredmedia":[{"embeddable":true,"href":"https:\/\/www.smedemokrati.sk\/sv\/wp-json\/wp\/v2\/media\/6797"}],"wp:attachment":[{"href":"https:\/\/www.smedemokrati.sk\/sv\/wp-json\/wp\/v2\/media?parent=6795"}],"wp:term":[{"taxonomy":"category","embeddable":true,"href":"https:\/\/www.smedemokrati.sk\/sv\/wp-json\/wp\/v2\/categories?post=6795"},{"taxonomy":"post_tag","embeddable":true,"href":"https:\/\/www.smedemokrati.sk\/sv\/wp-json\/wp\/v2\/tags?post=6795"}],"curies":[{"name":"wp","href":"https:\/\/api.w.org\/{rel}","templated":true}]}}