{"id":6745,"date":"2025-03-26T17:51:16","date_gmt":"2025-03-26T16:51:16","guid":{"rendered":"https:\/\/www.smedemokrati.sk\/?p=6745"},"modified":"2025-03-26T17:53:10","modified_gmt":"2025-03-26T16:53:10","slug":"dezinfekcne-rohoze-su-pre-polnohospodarov-nedostupne-vyzyvame-vladu-aby-konala","status":"publish","type":"post","link":"https:\/\/www.smedemokrati.sk\/sv\/dezinfekcne-rohoze-su-pre-polnohospodarov-nedostupne-vyzyvame-vladu-aby-konala\/","title":{"rendered":"Dezinfek\u010dn\u00e9 roho\u017ee s\u00fa pre po\u013enohospod\u00e1rov nedostupn\u00e9, vyz\u00fdvame vl\u00e1du, aby konala"},"content":{"rendered":"<div id=\"fb-root\"><\/div>\n\n<p><strong>Na z\u00e1klade podnetov od po\u013enohospod\u00e1rov upozor\u0148ujeme na praktick\u00fa dostupnos\u0165 dezinfek\u010dn\u00fdch roho\u017e\u00ed, ktor\u00e9 s\u00fa k\u013e\u00fa\u010dov\u00e9 pre zabr\u00e1neniu \u0161\u00edrenia n\u00e1kazy slinta\u010dky a kr\u00edva\u010dky do \u010fal\u0161\u00edch chovov. Dodacia doba u viacer\u00fdch predajcov je aj nieko\u013eko t\u00fd\u017ed\u0148ov, \u010do m\u00f4\u017ee v\u00fdrazne ome\u0161ka\u0165 ochranu nenakazen\u00e9ho dobytka. Po\u013enohospod\u00e1ri sa sna\u017eia br\u00e1ni\u0165 \u0161\u00edreniu n\u00e1kazy svojpomocne, no od vl\u00e1dy im ch\u00fdbaj\u00fa element\u00e1rne usmernenia. Minister Tak\u00e1\u010d navy\u0161e u\u017e tret\u00edkr\u00e1t odignoroval parlamentn\u00fd v\u00fdbor, kde by sa mohlo diskutova\u0165 aj o tomto probl\u00e9me. \u0160t\u00e1tnu veterin\u00e1rnu a potravinov\u00fa spr\u00e1vu a Spr\u00e1vu \u0161t\u00e1tnych hmotn\u00fdch rezerv vyz\u00fdvame, aby tento probl\u00e9m neignorovali a po\u013enohospod\u00e1rom organiza\u010dne a technicky pomohli.&nbsp;<\/strong><\/p>\n\n\n\n<p>Sada 2 ks dezinfek\u010dn\u00fdch roho\u017e\u00ed CAR 380 x 110 cm je dostupn\u00e1 u internetov\u00e9ho predajcu a\u017e v lehote 28 dn\u00ed, u \u010fal\u0161ieho a\u017e po \u0161tyroch a\u017e piatich t\u00fd\u017ed\u0148och. Obdobn\u00e1 situ\u00e1cia je aj pri dezinfek\u010dn\u00fdch roho\u017eiach GASTRO r\u00f4znych rozmerov. Na mobiln\u00fa dekontamina\u010dn\u00fa va\u0148u AERO je potrebn\u00e9 \u010daka\u0165 viac ako 5 t\u00fd\u017ed\u0148ov od objedn\u00e1vky. Predpokladan\u00fd term\u00edn doru\u010denia men\u0161\u00edch dezinfek\u010dn\u00fdch roho\u017e\u00ed AGRO je a\u017e 12. m\u00e1j. \u201e<em>Dezinfek\u010dn\u00e9 roho\u017ee a dekontamina\u010dn\u00e9 vane s\u00fa nevyhnutn\u00fdm a efekt\u00edvnym prostriedkom pre zabr\u00e1nenie \u0161\u00edrenia patog\u00e9nov na chovy zvierat pri vstupe do priestorov fariem. Ochrana zdrav\u00fdch st\u00e1d bez ich vyu\u017eitia je \u0165a\u017eko predstavite\u013en\u00e1. Farm\u00e1ri ich chc\u00fa vyu\u017e\u00edva\u0165, av\u0161ak na trhu je ich nedostatok, \u010di na ich dodanie by sa \u010dakalo nieko\u013eko t\u00fd\u017ed\u0148ov, po\u010das ktor\u00fdch sa m\u00f4\u017ee n\u00e1kaza \u0161\u00edri\u0165 do \u010fal\u0161\u00edch chovov. Rozumiem, \u017ee pre zv\u00fd\u0161en\u00fd dopyt doch\u00e1dza k ich nedostupnosti, av\u0161ak presne vtedy m\u00e1 zasiahnu\u0165 vl\u00e1da, osobitne veterin\u00e1rna spr\u00e1va a \u0161t\u00e1tne hmotn\u00e9 rezervy. Maj\u00fa ma\u0165 dostatok kapac\u00edt a prostriedkov na ich centr\u00e1lne obstar\u00e1vanie, vyu\u017eitie asisten\u010dn\u00fdch mechanizmov zo zahrani\u010dia alebo aktivova\u0165 n\u00e1stroje hospod\u00e1rskej mobiliz\u00e1cie. Zatia\u013e v\u0161ak od vl\u00e1dy ni\u010d v tejto veci nepo\u010du\u0165, vl\u00e1da k tomu neprijala jedin\u00e9 uznesenie,<\/em>\u201d vysvet\u013euje Michal Ki\u010da, enviroexpert Demokratov.<\/p>\n\n\n\n<p>Viacer\u00ed farm\u00e1ri, ktor\u00ed sa na n\u00e1s obr\u00e1tili, sa sna\u017eia chr\u00e1ni\u0165 aj svojpomocne a pripravuj\u00fa si r\u00f4zne improvizovan\u00e9 n\u00e1hrady dezinfek\u010dn\u00fdch v\u00e1\u0148 a roho\u017e\u00ed. Ich \u00fa\u010dinnos\u0165 by mohla by\u0165 vy\u0161\u0161ia, ak by im v tejto veci nech\u00fdbali detailn\u00e9 a v\u010dasn\u00e9 usmernenia pr\u00e1ve od veterin\u00e1rnej spr\u00e1vy. Op\u00e4\u0165 v\u0161ak nar\u00e1\u017eaj\u00fa na ne\u010dinnos\u0165. A\u017e dnes boli \u010falej usmernen\u00ed ako postupova\u0165 pri dezinfekcii po usmrten\u00ed zvierat. Vyz\u00fdvame kompetentn\u00e9 org\u00e1ny na v\u00fdrazn\u00e9 zintenz\u00edvnenie komunik\u00e1cie s farm\u00e1rmi a poskytnutie odborn\u00e9ho poradenstva, ako si m\u00f4\u017eu v n\u00e1ro\u010dnom obdob\u00ed svoje chovy aspo\u0148 \u010diasto\u010dne br\u00e1ni\u0165 aj sami.<\/p>\n\n\n\n<p>\u201e<em>Rovnako pova\u017eujeme za neakceptovate\u013en\u00e9, \u017ee po zisten\u00ed \u010fal\u0161ieho ohniska n\u00e1kazy slinta\u010dky a kr\u00edva\u010dky v Ma\u010farsku len nieko\u013eko kilometrov od Bratislavy, napriek av\u00edzu ministra vn\u00fatra boli dnes napoludnie opatrenia na \u0161t\u00e1tnej hranici v Rajke nedostato\u010dn\u00e9, kedy st\u00e1le nebola napr. in\u0161talovan\u00e1 dezinfek\u010dn\u00e1 br\u00e1na. A to v \u010dase, kedy \u010cesko e\u0161te viac spr\u00eds\u0148uje opatrenia. Ka\u017ed\u00e1 hodina je pritom teraz k\u013e\u00fa\u010dov\u00e1. Je to \u010fal\u0161\u00ed pr\u00edklad, kedy sa o opatreniach na ochranu pred \u0161\u00edren\u00edm n\u00e1kazy sk\u00f4r len hovor\u00ed,<\/em>\u201d upozor\u0148uje Michal Ki\u010da.&nbsp;<\/p>\n\n\n\n<p>Aj tieto ve\u013emi konkr\u00e9tne probl\u00e9my mohli by\u0165 predmetom rokovania parlamentn\u00e9ho v\u00fdboru pre p\u00f4dohospod\u00e1rstvo. Minister Tak\u00e1\u010d ho v\u0161ak za posledn\u00e9 dni u\u017e tret\u00edkr\u00e1t odignoroval, \u010das si ale na\u0161iel na vysvet\u013eovanie vozidiel Filipa Kuffu v komer\u010dnom r\u00e1diu. Pova\u017eujeme to za poh\u0155danie farm\u00e1rmi a strach pred odbornou diskusiou.&nbsp;<\/p>\n\n\n\n<figure class=\"wp-block-video\"><video height=\"480\" style=\"aspect-ratio: 640 \/ 480;\" width=\"640\" controls src=\"https:\/\/www.smedemokrati.sk\/wp-content\/uploads\/2025\/03\/IMG_7279.mp4\"><\/video><\/figure>\n\n\n<div class=\"fb-video\" data-href=\"https:\/\/www.facebook.com\/reel\/1379268616416354\" data-allowfullscreen=\"true\" data-autoplay=\"false\" data-width=\"\" data-show-text=\"false\" data-show-captions=\"true\"><\/div>\n\n\n\nngg_shortcode_0_placeholder\n","protected":false},"excerpt":{"rendered":"<p>Na z\u00e1klade podnetov od po\u013enohospod\u00e1rov upozor\u0148ujeme na praktick\u00fa dostupnos\u0165 dezinfek\u010dn\u00fdch roho\u017e\u00ed, ktor\u00e9 s\u00fa k\u013e\u00fa\u010dov\u00e9 pre zabr\u00e1neniu \u0161\u00edrenia n\u00e1kazy slinta\u010dky a kr\u00edva\u010dky do \u010fal\u0161\u00edch chovov. Dodacia doba u viacer\u00fdch predajcov je aj nieko\u013eko t\u00fd\u017ed\u0148ov, \u010do m\u00f4\u017ee v\u00fdrazne ome\u0161ka\u0165 ochranu nenakazen\u00e9ho dobytka. Po\u013enohospod\u00e1ri sa sna\u017eia br\u00e1ni\u0165 \u0161\u00edreniu n\u00e1kazy svojpomocne, no od vl\u00e1dy im ch\u00fdbaj\u00fa element\u00e1rne usmernenia. Minister [&hellip;]<\/p>\n","protected":false},"author":13,"featured_media":6747,"comment_status":"closed","ping_status":"closed","sticky":false,"template":"","format":"standard","meta":{"_acf_changed":false,"ngg_post_thumbnail":0,"footnotes":""},"categories":[4],"tags":[],"class_list":["post-6745","post","type-post","status-publish","format-standard","has-post-thumbnail","hentry","category-tlacove-spravy"],"acf":[],"yoast_head":"<!-- This site is optimized with the Yoast SEO plugin v27.2 - https:\/\/yoast.com\/product\/yoast-seo-wordpress\/ -->\n<title>Dezinfek\u010dn\u00e9 roho\u017ee s\u00fa pre po\u013enohospod\u00e1rov nedostupn\u00e9, vyz\u00fdvame vl\u00e1du, aby konala<\/title>\n<meta name=\"robots\" content=\"index, follow, max-snippet:-1, max-image-preview:large, max-video-preview:-1\" \/>\n<link rel=\"canonical\" href=\"https:\/\/www.smedemokrati.sk\/sv\/dezinfekcne-rohoze-su-pre-polnohospodarov-nedostupne-vyzyvame-vladu-aby-konala\/\" \/>\n<meta property=\"og:locale\" content=\"sv_SE\" \/>\n<meta property=\"og:locale:alternate\" content=\"en_US\" \/>\n<meta property=\"og:locale:alternate\" content=\"cs_CZ\" \/>\n<meta property=\"og:locale:alternate\" content=\"hu_HU\" \/>\n<meta property=\"og:locale:alternate\" content=\"sk_SK\" \/>\n<meta property=\"og:type\" content=\"article\" \/>\n<meta property=\"og:title\" content=\"Dezinfek\u010dn\u00e9 roho\u017ee s\u00fa pre po\u013enohospod\u00e1rov nedostupn\u00e9, vyz\u00fdvame vl\u00e1du, aby konala\" \/>\n<meta property=\"og:description\" content=\"Na z\u00e1klade podnetov od po\u013enohospod\u00e1rov upozor\u0148ujeme na praktick\u00fa dostupnos\u0165 dezinfek\u010dn\u00fdch roho\u017e\u00ed, ktor\u00e9 s\u00fa k\u013e\u00fa\u010dov\u00e9 pre zabr\u00e1neniu \u0161\u00edrenia n\u00e1kazy slinta\u010dky a kr\u00edva\u010dky do \u010fal\u0161\u00edch chovov. Dodacia doba u viacer\u00fdch predajcov je aj nieko\u013eko t\u00fd\u017ed\u0148ov, \u010do m\u00f4\u017ee v\u00fdrazne ome\u0161ka\u0165 ochranu nenakazen\u00e9ho dobytka. Po\u013enohospod\u00e1ri sa sna\u017eia br\u00e1ni\u0165 \u0161\u00edreniu n\u00e1kazy svojpomocne, no od vl\u00e1dy im ch\u00fdbaj\u00fa element\u00e1rne usmernenia. Minister [&hellip;]\" \/>\n<meta property=\"og:url\" content=\"https:\/\/www.smedemokrati.sk\/sv\/dezinfekcne-rohoze-su-pre-polnohospodarov-nedostupne-vyzyvame-vladu-aby-konala\/\" \/>\n<meta property=\"og:site_name\" content=\"Smedemokrati.sk\" \/>\n<meta property=\"article:publisher\" content=\"https:\/\/www.facebook.com\/smedemokrati2023\" \/>\n<meta property=\"article:published_time\" content=\"2025-03-26T16:51:16+00:00\" \/>\n<meta property=\"article:modified_time\" content=\"2025-03-26T16:53:10+00:00\" \/>\n<meta property=\"og:image\" content=\"https:\/\/www.smedemokrati.sk\/wp-content\/uploads\/2025\/03\/JPEG-obrazok-40EF-8F35-E8-0.jpeg\" \/>\n\t<meta property=\"og:image:width\" content=\"1080\" \/>\n\t<meta property=\"og:image:height\" content=\"1350\" \/>\n\t<meta property=\"og:image:type\" content=\"image\/jpeg\" \/>\n<meta name=\"author\" content=\"miro.sopko\" \/>\n<meta name=\"twitter:card\" content=\"summary_large_image\" \/>\n<meta name=\"twitter:label1\" content=\"Skriven av\" \/>\n\t<meta name=\"twitter:data1\" content=\"miro.sopko\" \/>\n\t<meta name=\"twitter:label2\" content=\"Ber\u00e4knad l\u00e4stid\" \/>\n\t<meta name=\"twitter:data2\" content=\"3 minuter\" \/>\n<script type=\"application\/ld+json\" class=\"yoast-schema-graph\">{\"@context\":\"https:\/\/schema.org\",\"@graph\":[{\"@type\":\"Article\",\"@id\":\"https:\/\/www.smedemokrati.sk\/dezinfekcne-rohoze-su-pre-polnohospodarov-nedostupne-vyzyvame-vladu-aby-konala\/#article\",\"isPartOf\":{\"@id\":\"https:\/\/www.smedemokrati.sk\/dezinfekcne-rohoze-su-pre-polnohospodarov-nedostupne-vyzyvame-vladu-aby-konala\/\"},\"author\":{\"name\":\"miro.sopko\",\"@id\":\"https:\/\/www.smedemokrati.sk\/#\/schema\/person\/21f147c88d605aa7ded900e1e7c344ba\"},\"headline\":\"Dezinfek\u010dn\u00e9 roho\u017ee s\u00fa pre po\u013enohospod\u00e1rov nedostupn\u00e9, vyz\u00fdvame vl\u00e1du, aby konala\",\"datePublished\":\"2025-03-26T16:51:16+00:00\",\"dateModified\":\"2025-03-26T16:53:10+00:00\",\"mainEntityOfPage\":{\"@id\":\"https:\/\/www.smedemokrati.sk\/dezinfekcne-rohoze-su-pre-polnohospodarov-nedostupne-vyzyvame-vladu-aby-konala\/\"},\"wordCount\":704,\"publisher\":{\"@id\":\"https:\/\/www.smedemokrati.sk\/#organization\"},\"image\":{\"@id\":\"https:\/\/www.smedemokrati.sk\/dezinfekcne-rohoze-su-pre-polnohospodarov-nedostupne-vyzyvame-vladu-aby-konala\/#primaryimage\"},\"thumbnailUrl\":\"https:\/\/www.smedemokrati.sk\/wp-content\/uploads\/2025\/03\/JPEG-obrazok-40EF-8F35-E8-0.jpeg\",\"articleSection\":[\"Tla\u010dov\u00e9 spr\u00e1vy\"],\"inLanguage\":\"sv-SE\"},{\"@type\":\"WebPage\",\"@id\":\"https:\/\/www.smedemokrati.sk\/dezinfekcne-rohoze-su-pre-polnohospodarov-nedostupne-vyzyvame-vladu-aby-konala\/\",\"url\":\"https:\/\/www.smedemokrati.sk\/dezinfekcne-rohoze-su-pre-polnohospodarov-nedostupne-vyzyvame-vladu-aby-konala\/\",\"name\":\"Dezinfek\u010dn\u00e9 roho\u017ee s\u00fa pre po\u013enohospod\u00e1rov nedostupn\u00e9, vyz\u00fdvame vl\u00e1du, aby konala\",\"isPartOf\":{\"@id\":\"https:\/\/www.smedemokrati.sk\/#website\"},\"primaryImageOfPage\":{\"@id\":\"https:\/\/www.smedemokrati.sk\/dezinfekcne-rohoze-su-pre-polnohospodarov-nedostupne-vyzyvame-vladu-aby-konala\/#primaryimage\"},\"image\":{\"@id\":\"https:\/\/www.smedemokrati.sk\/dezinfekcne-rohoze-su-pre-polnohospodarov-nedostupne-vyzyvame-vladu-aby-konala\/#primaryimage\"},\"thumbnailUrl\":\"https:\/\/www.smedemokrati.sk\/wp-content\/uploads\/2025\/03\/JPEG-obrazok-40EF-8F35-E8-0.jpeg\",\"datePublished\":\"2025-03-26T16:51:16+00:00\",\"dateModified\":\"2025-03-26T16:53:10+00:00\",\"breadcrumb\":{\"@id\":\"https:\/\/www.smedemokrati.sk\/dezinfekcne-rohoze-su-pre-polnohospodarov-nedostupne-vyzyvame-vladu-aby-konala\/#breadcrumb\"},\"inLanguage\":\"sv-SE\",\"potentialAction\":[{\"@type\":\"ReadAction\",\"target\":[\"https:\/\/www.smedemokrati.sk\/dezinfekcne-rohoze-su-pre-polnohospodarov-nedostupne-vyzyvame-vladu-aby-konala\/\"]}]},{\"@type\":\"ImageObject\",\"inLanguage\":\"sv-SE\",\"@id\":\"https:\/\/www.smedemokrati.sk\/dezinfekcne-rohoze-su-pre-polnohospodarov-nedostupne-vyzyvame-vladu-aby-konala\/#primaryimage\",\"url\":\"https:\/\/www.smedemokrati.sk\/wp-content\/uploads\/2025\/03\/JPEG-obrazok-40EF-8F35-E8-0.jpeg\",\"contentUrl\":\"https:\/\/www.smedemokrati.sk\/wp-content\/uploads\/2025\/03\/JPEG-obrazok-40EF-8F35-E8-0.jpeg\",\"width\":1080,\"height\":1350},{\"@type\":\"BreadcrumbList\",\"@id\":\"https:\/\/www.smedemokrati.sk\/dezinfekcne-rohoze-su-pre-polnohospodarov-nedostupne-vyzyvame-vladu-aby-konala\/#breadcrumb\",\"itemListElement\":[{\"@type\":\"ListItem\",\"position\":1,\"name\":\"Domovsk\u00e1 str\u00e1nka\",\"item\":\"https:\/\/www.smedemokrati.sk\/\"},{\"@type\":\"ListItem\",\"position\":2,\"name\":\"Dezinfek\u010dn\u00e9 roho\u017ee s\u00fa pre po\u013enohospod\u00e1rov nedostupn\u00e9, vyz\u00fdvame vl\u00e1du, aby konala\"}]},{\"@type\":\"WebSite\",\"@id\":\"https:\/\/www.smedemokrati.sk\/#website\",\"url\":\"https:\/\/www.smedemokrati.sk\/\",\"name\":\"Smedemokrati.sk\",\"description\":\"Demokracia a slu\u0161nos\u0165 zv\u00ed\u0165az\u00ed\",\"publisher\":{\"@id\":\"https:\/\/www.smedemokrati.sk\/#organization\"},\"potentialAction\":[{\"@type\":\"SearchAction\",\"target\":{\"@type\":\"EntryPoint\",\"urlTemplate\":\"https:\/\/www.smedemokrati.sk\/?s={search_term_string}\"},\"query-input\":{\"@type\":\"PropertyValueSpecification\",\"valueRequired\":true,\"valueName\":\"search_term_string\"}}],\"inLanguage\":\"sv-SE\"},{\"@type\":\"Organization\",\"@id\":\"https:\/\/www.smedemokrati.sk\/#organization\",\"name\":\"Smedemokrati.sk\",\"url\":\"https:\/\/www.smedemokrati.sk\/\",\"logo\":{\"@type\":\"ImageObject\",\"inLanguage\":\"sv-SE\",\"@id\":\"https:\/\/www.smedemokrati.sk\/#\/schema\/logo\/image\/\",\"url\":\"https:\/\/www.smedemokrati.sk\/wp-content\/uploads\/2023\/04\/ff.002.jpeg\",\"contentUrl\":\"https:\/\/www.smedemokrati.sk\/wp-content\/uploads\/2023\/04\/ff.002.jpeg\",\"width\":640,\"height\":480,\"caption\":\"Smedemokrati.sk\"},\"image\":{\"@id\":\"https:\/\/www.smedemokrati.sk\/#\/schema\/logo\/image\/\"},\"sameAs\":[\"https:\/\/www.facebook.com\/smedemokrati2023\"]},{\"@type\":\"Person\",\"@id\":\"https:\/\/www.smedemokrati.sk\/#\/schema\/person\/21f147c88d605aa7ded900e1e7c344ba\",\"name\":\"miro.sopko\",\"image\":{\"@type\":\"ImageObject\",\"inLanguage\":\"sv-SE\",\"@id\":\"https:\/\/secure.gravatar.com\/avatar\/267e4a36f704376c109afe3a78740c1f5dd8675a2180a908699e7863c9247606?s=96&d=mm&r=g\",\"url\":\"https:\/\/secure.gravatar.com\/avatar\/267e4a36f704376c109afe3a78740c1f5dd8675a2180a908699e7863c9247606?s=96&d=mm&r=g\",\"contentUrl\":\"https:\/\/secure.gravatar.com\/avatar\/267e4a36f704376c109afe3a78740c1f5dd8675a2180a908699e7863c9247606?s=96&d=mm&r=g\",\"caption\":\"miro.sopko\"},\"url\":\"https:\/\/www.smedemokrati.sk\/sv\/author\/miro-sopko\/\"}]}<\/script>\n<!-- \/ Yoast SEO plugin. -->","yoast_head_json":{"title":"Dezinfek\u010dn\u00e9 roho\u017ee s\u00fa pre po\u013enohospod\u00e1rov nedostupn\u00e9, vyz\u00fdvame vl\u00e1du, aby konala","robots":{"index":"index","follow":"follow","max-snippet":"max-snippet:-1","max-image-preview":"max-image-preview:large","max-video-preview":"max-video-preview:-1"},"canonical":"https:\/\/www.smedemokrati.sk\/sv\/dezinfekcne-rohoze-su-pre-polnohospodarov-nedostupne-vyzyvame-vladu-aby-konala\/","og_locale":"sv_SE","og_type":"article","og_title":"[:sk]Dezinfek\u010dn\u00e9 roho\u017ee s\u00fa pre po\u013enohospod\u00e1rov nedostupn\u00e9, vyz\u00fdvame vl\u00e1du, aby konala[:] - Smedemokrati.sk","og_description":"Na z\u00e1klade podnetov od po\u013enohospod\u00e1rov upozor\u0148ujeme na praktick\u00fa dostupnos\u0165 dezinfek\u010dn\u00fdch roho\u017e\u00ed, ktor\u00e9 s\u00fa k\u013e\u00fa\u010dov\u00e9 pre zabr\u00e1neniu \u0161\u00edrenia n\u00e1kazy slinta\u010dky a kr\u00edva\u010dky do \u010fal\u0161\u00edch chovov. Dodacia doba u viacer\u00fdch predajcov je aj nieko\u013eko t\u00fd\u017ed\u0148ov, \u010do m\u00f4\u017ee v\u00fdrazne ome\u0161ka\u0165 ochranu nenakazen\u00e9ho dobytka. Po\u013enohospod\u00e1ri sa sna\u017eia br\u00e1ni\u0165 \u0161\u00edreniu n\u00e1kazy svojpomocne, no od vl\u00e1dy im ch\u00fdbaj\u00fa element\u00e1rne usmernenia. Minister [&hellip;]","og_url":"https:\/\/www.smedemokrati.sk\/sv\/dezinfekcne-rohoze-su-pre-polnohospodarov-nedostupne-vyzyvame-vladu-aby-konala\/","og_site_name":"Smedemokrati.sk","article_publisher":"https:\/\/www.facebook.com\/smedemokrati2023","article_published_time":"2025-03-26T16:51:16+00:00","article_modified_time":"2025-03-26T16:53:10+00:00","og_image":[{"width":1080,"height":1350,"url":"https:\/\/www.smedemokrati.sk\/wp-content\/uploads\/2025\/03\/JPEG-obrazok-40EF-8F35-E8-0.jpeg","type":"image\/jpeg"}],"author":"miro.sopko","twitter_card":"summary_large_image","twitter_misc":{"Skriven av":"miro.sopko","Ber\u00e4knad l\u00e4stid":"3 minuter"},"schema":{"@context":"https:\/\/schema.org","@graph":[{"@type":"Article","@id":"https:\/\/www.smedemokrati.sk\/dezinfekcne-rohoze-su-pre-polnohospodarov-nedostupne-vyzyvame-vladu-aby-konala\/#article","isPartOf":{"@id":"https:\/\/www.smedemokrati.sk\/dezinfekcne-rohoze-su-pre-polnohospodarov-nedostupne-vyzyvame-vladu-aby-konala\/"},"author":{"name":"miro.sopko","@id":"https:\/\/www.smedemokrati.sk\/#\/schema\/person\/21f147c88d605aa7ded900e1e7c344ba"},"headline":"Dezinfek\u010dn\u00e9 roho\u017ee s\u00fa pre po\u013enohospod\u00e1rov nedostupn\u00e9, vyz\u00fdvame vl\u00e1du, aby konala","datePublished":"2025-03-26T16:51:16+00:00","dateModified":"2025-03-26T16:53:10+00:00","mainEntityOfPage":{"@id":"https:\/\/www.smedemokrati.sk\/dezinfekcne-rohoze-su-pre-polnohospodarov-nedostupne-vyzyvame-vladu-aby-konala\/"},"wordCount":704,"publisher":{"@id":"https:\/\/www.smedemokrati.sk\/#organization"},"image":{"@id":"https:\/\/www.smedemokrati.sk\/dezinfekcne-rohoze-su-pre-polnohospodarov-nedostupne-vyzyvame-vladu-aby-konala\/#primaryimage"},"thumbnailUrl":"https:\/\/www.smedemokrati.sk\/wp-content\/uploads\/2025\/03\/JPEG-obrazok-40EF-8F35-E8-0.jpeg","articleSection":["Tla\u010dov\u00e9 spr\u00e1vy"],"inLanguage":"sv-SE"},{"@type":"WebPage","@id":"https:\/\/www.smedemokrati.sk\/dezinfekcne-rohoze-su-pre-polnohospodarov-nedostupne-vyzyvame-vladu-aby-konala\/","url":"https:\/\/www.smedemokrati.sk\/dezinfekcne-rohoze-su-pre-polnohospodarov-nedostupne-vyzyvame-vladu-aby-konala\/","name":"Dezinfek\u010dn\u00e9 roho\u017ee s\u00fa pre po\u013enohospod\u00e1rov nedostupn\u00e9, vyz\u00fdvame vl\u00e1du, aby konala","isPartOf":{"@id":"https:\/\/www.smedemokrati.sk\/#website"},"primaryImageOfPage":{"@id":"https:\/\/www.smedemokrati.sk\/dezinfekcne-rohoze-su-pre-polnohospodarov-nedostupne-vyzyvame-vladu-aby-konala\/#primaryimage"},"image":{"@id":"https:\/\/www.smedemokrati.sk\/dezinfekcne-rohoze-su-pre-polnohospodarov-nedostupne-vyzyvame-vladu-aby-konala\/#primaryimage"},"thumbnailUrl":"https:\/\/www.smedemokrati.sk\/wp-content\/uploads\/2025\/03\/JPEG-obrazok-40EF-8F35-E8-0.jpeg","datePublished":"2025-03-26T16:51:16+00:00","dateModified":"2025-03-26T16:53:10+00:00","breadcrumb":{"@id":"https:\/\/www.smedemokrati.sk\/dezinfekcne-rohoze-su-pre-polnohospodarov-nedostupne-vyzyvame-vladu-aby-konala\/#breadcrumb"},"inLanguage":"sv-SE","potentialAction":[{"@type":"ReadAction","target":["https:\/\/www.smedemokrati.sk\/dezinfekcne-rohoze-su-pre-polnohospodarov-nedostupne-vyzyvame-vladu-aby-konala\/"]}]},{"@type":"ImageObject","inLanguage":"sv-SE","@id":"https:\/\/www.smedemokrati.sk\/dezinfekcne-rohoze-su-pre-polnohospodarov-nedostupne-vyzyvame-vladu-aby-konala\/#primaryimage","url":"https:\/\/www.smedemokrati.sk\/wp-content\/uploads\/2025\/03\/JPEG-obrazok-40EF-8F35-E8-0.jpeg","contentUrl":"https:\/\/www.smedemokrati.sk\/wp-content\/uploads\/2025\/03\/JPEG-obrazok-40EF-8F35-E8-0.jpeg","width":1080,"height":1350},{"@type":"BreadcrumbList","@id":"https:\/\/www.smedemokrati.sk\/dezinfekcne-rohoze-su-pre-polnohospodarov-nedostupne-vyzyvame-vladu-aby-konala\/#breadcrumb","itemListElement":[{"@type":"ListItem","position":1,"name":"Domovsk\u00e1 str\u00e1nka","item":"https:\/\/www.smedemokrati.sk\/"},{"@type":"ListItem","position":2,"name":"Dezinfek\u010dn\u00e9 roho\u017ee s\u00fa pre po\u013enohospod\u00e1rov nedostupn\u00e9, vyz\u00fdvame vl\u00e1du, aby konala"}]},{"@type":"WebSite","@id":"https:\/\/www.smedemokrati.sk\/#website","url":"https:\/\/www.smedemokrati.sk\/","name":"Smedemokrati.sk","description":"Demokracia a slu\u0161nos\u0165 zv\u00ed\u0165az\u00ed","publisher":{"@id":"https:\/\/www.smedemokrati.sk\/#organization"},"potentialAction":[{"@type":"SearchAction","target":{"@type":"EntryPoint","urlTemplate":"https:\/\/www.smedemokrati.sk\/?s={search_term_string}"},"query-input":{"@type":"PropertyValueSpecification","valueRequired":true,"valueName":"search_term_string"}}],"inLanguage":"sv-SE"},{"@type":"Organization","@id":"https:\/\/www.smedemokrati.sk\/#organization","name":"Smedemokrati.sk","url":"https:\/\/www.smedemokrati.sk\/","logo":{"@type":"ImageObject","inLanguage":"sv-SE","@id":"https:\/\/www.smedemokrati.sk\/#\/schema\/logo\/image\/","url":"https:\/\/www.smedemokrati.sk\/wp-content\/uploads\/2023\/04\/ff.002.jpeg","contentUrl":"https:\/\/www.smedemokrati.sk\/wp-content\/uploads\/2023\/04\/ff.002.jpeg","width":640,"height":480,"caption":"Smedemokrati.sk"},"image":{"@id":"https:\/\/www.smedemokrati.sk\/#\/schema\/logo\/image\/"},"sameAs":["https:\/\/www.facebook.com\/smedemokrati2023"]},{"@type":"Person","@id":"https:\/\/www.smedemokrati.sk\/#\/schema\/person\/21f147c88d605aa7ded900e1e7c344ba","name":"miro.sopko","image":{"@type":"ImageObject","inLanguage":"sv-SE","@id":"https:\/\/secure.gravatar.com\/avatar\/267e4a36f704376c109afe3a78740c1f5dd8675a2180a908699e7863c9247606?s=96&d=mm&r=g","url":"https:\/\/secure.gravatar.com\/avatar\/267e4a36f704376c109afe3a78740c1f5dd8675a2180a908699e7863c9247606?s=96&d=mm&r=g","contentUrl":"https:\/\/secure.gravatar.com\/avatar\/267e4a36f704376c109afe3a78740c1f5dd8675a2180a908699e7863c9247606?s=96&d=mm&r=g","caption":"miro.sopko"},"url":"https:\/\/www.smedemokrati.sk\/sv\/author\/miro-sopko\/"}]}},"_links":{"self":[{"href":"https:\/\/www.smedemokrati.sk\/sv\/wp-json\/wp\/v2\/posts\/6745","targetHints":{"allow":["GET"]}}],"collection":[{"href":"https:\/\/www.smedemokrati.sk\/sv\/wp-json\/wp\/v2\/posts"}],"about":[{"href":"https:\/\/www.smedemokrati.sk\/sv\/wp-json\/wp\/v2\/types\/post"}],"author":[{"embeddable":true,"href":"https:\/\/www.smedemokrati.sk\/sv\/wp-json\/wp\/v2\/users\/13"}],"replies":[{"embeddable":true,"href":"https:\/\/www.smedemokrati.sk\/sv\/wp-json\/wp\/v2\/comments?post=6745"}],"version-history":[{"count":2,"href":"https:\/\/www.smedemokrati.sk\/sv\/wp-json\/wp\/v2\/posts\/6745\/revisions"}],"predecessor-version":[{"id":6755,"href":"https:\/\/www.smedemokrati.sk\/sv\/wp-json\/wp\/v2\/posts\/6745\/revisions\/6755"}],"wp:featuredmedia":[{"embeddable":true,"href":"https:\/\/www.smedemokrati.sk\/sv\/wp-json\/wp\/v2\/media\/6747"}],"wp:attachment":[{"href":"https:\/\/www.smedemokrati.sk\/sv\/wp-json\/wp\/v2\/media?parent=6745"}],"wp:term":[{"taxonomy":"category","embeddable":true,"href":"https:\/\/www.smedemokrati.sk\/sv\/wp-json\/wp\/v2\/categories?post=6745"},{"taxonomy":"post_tag","embeddable":true,"href":"https:\/\/www.smedemokrati.sk\/sv\/wp-json\/wp\/v2\/tags?post=6745"}],"curies":[{"name":"wp","href":"https:\/\/api.w.org\/{rel}","templated":true}]}}