{"id":6719,"date":"2025-03-24T12:45:52","date_gmt":"2025-03-24T11:45:52","guid":{"rendered":"https:\/\/www.smedemokrati.sk\/?p=6719"},"modified":"2025-03-24T13:01:13","modified_gmt":"2025-03-24T12:01:13","slug":"kmecov-urad-potvrdil-ze-ak-bude-schvalena-huliakova-novela-slovensko-moze-prist-o-viac-ako-3-miliardy-z-planu-obnovy","status":"publish","type":"post","link":"https:\/\/www.smedemokrati.sk\/sv\/kmecov-urad-potvrdil-ze-ak-bude-schvalena-huliakova-novela-slovensko-moze-prist-o-viac-ako-3-miliardy-z-planu-obnovy\/","title":{"rendered":"Kmecov \u00farad potvrdil, \u017ee ak bude schv\u00e1len\u00e1 Huliakova novela, Slovensko m\u00f4\u017ee pr\u00eds\u0165 o viac ako 3 miliardy z Pl\u00e1nu obnovy"},"content":{"rendered":"<div id=\"fb-root\"><\/div>\n\n<p><strong>Ak schv\u00e1lia Huliakovu novelu z\u00e1kona o ochrane pr\u00edrody a krajiny, pod\u013ea Kmecovho \u00faradu, m\u00f4\u017ee pr\u00eds\u0165 Slovensko o viac ako 3 miliardy eur z Pl\u00e1nu obnovy. Pod\u013ea enviroexperta Demokratov Michala Ki\u010du chce minister Huliak a poslanec Malatinec, aby po novom \u0161t\u00e1tne pozemky v n\u00e1rodn\u00fdch parkoch pre\u0161li pod spr\u00e1vu \u0160t\u00e1tnych lesov SR. Upozor\u0148uje, \u017ee ide o poru\u0161enie eur\u00f3pskych pravidiel, zvrat reformy Pl\u00e1nu obnovy a preto vyz\u00fdva vl\u00e1du aby tento n\u00e1vrh stiahla. Michal Ki\u010da upozor\u0148uje aj na \u010fal\u0161\u00ed \u0161kodliv\u00fd z\u00e1kon, pre ktor\u00fd m\u00f4\u017eu aj be\u017en\u00ed obyvatelia dosta\u0165 tis\u00edcov\u00e9 pokuty.&nbsp;<\/strong><\/p>\n\n\n\n<p>Koali\u010dn\u00e1 rada dnes (24. febru\u00e1r 2025) rokuje o n\u00e1vrhu novely, ktorou by mohol by\u0165 zru\u0161en\u00e1 z\u00e1kladn\u00e1 my\u0161lienka reformy parkov, a to, \u017ee pozemky v n\u00e1rodn\u00fdch parkoch by viac nespravovali priamo n\u00e1rodn\u00e9 parky, ale pre\u0161li by pod spr\u00e1vu Lesov SR:&nbsp;<em>\u201eDisponujeme ofici\u00e1lnym stanoviskom \u00faradu vl\u00e1dy, ktor\u00e9 hovor\u00ed, \u017ee ak prejde Huliakov a Malatincov z\u00e1kon, d\u00f4jde k pozastaveniu platieb z Pl\u00e1nu obnovy a\u017e na \u00farovni neuverite\u013en\u00fdch, viac ako 3 mld. eur. Pre\u010do napriek tomuto stanovisku, ktor\u00e9ho si je vl\u00e1da vedom\u00e1, je tento n\u00e1vrh zaraden\u00fd do programu najbli\u017e\u0161ej parlamentnej sch\u00f4dze?&#8221;&nbsp;<\/em>Hovor\u00ed Michal Ki\u010da a nazna\u010duje, \u017ee firma s \u00fa\u010das\u0165ou brata ministra Huliaka je jedn\u00fdm z v\u00fdznamn\u00fdch obchodn\u00fdch partnerov \u0160t\u00e1tnych lesov SR, a to v oblasti drevospracovania. Preto sa p\u00fdta, \u010di minister Huliak vymenil biznisov\u00e9 z\u00e1ujmy svojej rodiny za n\u00e1rodn\u00e9 z\u00e1ujmy s cenovkou 3 miliardy eur.&nbsp;<em>\u201eVyz\u00fdvam koali\u010dn\u00fdch predstavite\u013eov, aby n\u00e1vrh tak \u0161kodliv\u00e9ho z\u00e1kona odmietli v plnom znen\u00ed, stiahli ho a nerokovali o \u0148om. O n\u00e1vrhu z\u00e1kona budem informova\u0165 aj Eur\u00f3psku komisiu.&#8221;<\/em><\/p>\n\n\n\n<p>Eviroexpert upozor\u0148uje aj na \u010fal\u0161\u00ed z\u00e1kon, ktor\u00fd sa m\u00e1 negat\u00edvne dotkn\u00fa\u0165 aj be\u017en\u00fdch \u013eud\u00ed:&nbsp;<em>\u201eNa programe tejto sch\u00f4dze je z\u00e1kon z dielne p\u00e1na Kuffu a poslancov za SNS, ktorou chc\u00fa novelizova\u0165 z\u00e1kon o ochrane pr\u00edrody. Chc\u00fa, aby sa mohla ak\u00e1ko\u013evek hospod\u00e1rska \u010dinnos\u0165 v chr\u00e1nen\u00fdch \u00fazemiach s druh\u00fdm stup\u0148om ochrany, \u010do je skoro desatina \u00fazemia, vykon\u00e1va\u0165 len so s\u00fahlasom vlastn\u00edkov pozemkov. V praxi to znamen\u00e1, \u017ee vykon\u00e1vanie \u010dinnosti ryb\u00e1rov, v\u010del\u00e1rov, po\u013eovn\u00edkov, ale aj prejazd napr\u00edklad autobusu verejnej osobnej dopravy, by podliehali predch\u00e1dzaj\u00facemu s\u00fahlasu, \u010do m\u00f4\u017ee v niektor\u00fdch pr\u00edpadoch znamena\u0165 s\u00fahlas aj od tis\u00edcov vlastn\u00edkov. Ak tak\u00fdto s\u00fahlas nebudete ma\u0165, dostanete pokutu. V pr\u00edpade ob\u010danov do 3 300 eur, v pr\u00edpade pr\u00e1vnick\u00fdch os\u00f4b do 9 900 eur. Je to nere\u00e1lne, chor\u00e9 a s prep\u00e1\u010den\u00edm, postaven\u00e9 na hlavu.&#8221;&nbsp;<\/em>Skuto\u010dn\u00fdmi ekoteroristami by potom boli pr\u00e1ve p\u00e1ni Taraba a Kuffa.Aj v tomto pr\u00edpade \u017eiada \u010dlen predsedn\u00edctva Demokratov Michal Ki\u010da, aby bol n\u00e1vrh z\u00e1kona okam\u017eite stiahnut\u00fd.<\/p>\n\n\n\n<p><strong>Odpove\u010f na info\u017eiados\u0165 vo veci<\/strong>:<\/p>\n\n\n\n<div class=\"wp-block-file\"><a id=\"wp-block-file--media-5f59d129-4a96-4b4c-b294-f4a1af3b712d\" href=\"https:\/\/www.smedemokrati.sk\/wp-content\/uploads\/2025\/03\/240529_NIKA_Infoziadost_M_Kica-anon_-003.pdf\">240529_NIKA_Infoz\u030ciadost\u030c_M_Kic\u030ca  anon_ (003)<\/a><a href=\"https:\/\/www.smedemokrati.sk\/wp-content\/uploads\/2025\/03\/240529_NIKA_Infoziadost_M_Kica-anon_-003.pdf\" class=\"wp-block-file__button wp-element-button\" download aria-describedby=\"wp-block-file--media-5f59d129-4a96-4b4c-b294-f4a1af3b712d\">Stiahnu\u0165<\/a><\/div>\n\n\n<div class=\"fb-video\" data-href=\"https:\/\/fb.watch\/ywXwcZIaMi\" data-allowfullscreen=\"true\" data-autoplay=\"false\" data-width=\"\" data-show-text=\"false\" data-show-captions=\"true\"><\/div>\n","protected":false},"excerpt":{"rendered":"<p>Ak schv\u00e1lia Huliakovu novelu z\u00e1kona o ochrane pr\u00edrody a krajiny, pod\u013ea Kmecovho \u00faradu, m\u00f4\u017ee pr\u00eds\u0165 Slovensko o viac ako 3 miliardy eur z Pl\u00e1nu obnovy. Pod\u013ea enviroexperta Demokratov Michala Ki\u010du chce minister Huliak a poslanec Malatinec, aby po novom \u0161t\u00e1tne pozemky v n\u00e1rodn\u00fdch parkoch pre\u0161li pod spr\u00e1vu \u0160t\u00e1tnych lesov SR. Upozor\u0148uje, \u017ee ide o poru\u0161enie [&hellip;]<\/p>\n","protected":false},"author":13,"featured_media":6720,"comment_status":"closed","ping_status":"closed","sticky":false,"template":"","format":"standard","meta":{"_acf_changed":false,"ngg_post_thumbnail":0,"footnotes":""},"categories":[4],"tags":[],"class_list":["post-6719","post","type-post","status-publish","format-standard","has-post-thumbnail","hentry","category-tlacove-spravy"],"acf":[],"yoast_head":"<!-- This site is optimized with the Yoast SEO plugin v27.2 - https:\/\/yoast.com\/product\/yoast-seo-wordpress\/ -->\n<title>Kmecov \u00farad potvrdil, \u017ee ak bude schv\u00e1len\u00e1 Huliakova novela, Slovensko m\u00f4\u017ee pr\u00eds\u0165 o viac ako 3 miliardy z Pl\u00e1nu obnovy<\/title>\n<meta name=\"description\" content=\"Ak schv\u00e1lia Huliakovu novelu z\u00e1kona o ochrane pr\u00edrody a krajiny, pod\u013ea Kmecovho \u00faradu, m\u00f4\u017ee pr\u00eds\u0165 Slovensko o viac ako 3 miliardy eur z Pl\u00e1nu obnovy. Pod\u013ea enviroexperta Demokratov Michala Ki\u010du chce minister Huliak a poslanec Malatinec, aby po novom \u0161t\u00e1tne pozemky v n\u00e1rodn\u00fdch parkoch pre\u0161li pod spr\u00e1vu \u0160t\u00e1tnych lesov SR. Upozor\u0148uje, \u017ee ide o poru\u0161enie eur\u00f3pskych pravidiel, zvrat reformy Pl\u00e1nu obnovy a preto vyz\u00fdva vl\u00e1du aby tento n\u00e1vrh stiahla. Michal Ki\u010da upozor\u0148uje aj na \u010fal\u0161\u00ed \u0161kodliv\u00fd z\u00e1kon, pre ktor\u00fd m\u00f4\u017eu aj be\u017en\u00ed obyvatelia dosta\u0165 tis\u00edcov\u00e9 pokuty.\u00a0\" \/>\n<meta name=\"robots\" content=\"index, follow, max-snippet:-1, max-image-preview:large, max-video-preview:-1\" \/>\n<link rel=\"canonical\" href=\"https:\/\/www.smedemokrati.sk\/sv\/kmecov-urad-potvrdil-ze-ak-bude-schvalena-huliakova-novela-slovensko-moze-prist-o-viac-ako-3-miliardy-z-planu-obnovy\/\" \/>\n<meta property=\"og:locale\" content=\"sv_SE\" \/>\n<meta property=\"og:locale:alternate\" content=\"en_US\" \/>\n<meta property=\"og:locale:alternate\" content=\"cs_CZ\" \/>\n<meta property=\"og:locale:alternate\" content=\"hu_HU\" \/>\n<meta property=\"og:locale:alternate\" content=\"sk_SK\" \/>\n<meta property=\"og:type\" content=\"article\" \/>\n<meta property=\"og:title\" content=\"Kmecov \u00farad potvrdil, \u017ee ak bude schv\u00e1len\u00e1 Huliakova novela, Slovensko m\u00f4\u017ee pr\u00eds\u0165 o viac ako 3 miliardy z Pl\u00e1nu obnovy\" \/>\n<meta property=\"og:description\" content=\"Ak schv\u00e1lia Huliakovu novelu z\u00e1kona o ochrane pr\u00edrody a krajiny, pod\u013ea Kmecovho \u00faradu, m\u00f4\u017ee pr\u00eds\u0165 Slovensko o viac ako 3 miliardy eur z Pl\u00e1nu obnovy. Pod\u013ea enviroexperta Demokratov Michala Ki\u010du chce minister Huliak a poslanec Malatinec, aby po novom \u0161t\u00e1tne pozemky v n\u00e1rodn\u00fdch parkoch pre\u0161li pod spr\u00e1vu \u0160t\u00e1tnych lesov SR. Upozor\u0148uje, \u017ee ide o poru\u0161enie eur\u00f3pskych pravidiel, zvrat reformy Pl\u00e1nu obnovy a preto vyz\u00fdva vl\u00e1du aby tento n\u00e1vrh stiahla. Michal Ki\u010da upozor\u0148uje aj na \u010fal\u0161\u00ed \u0161kodliv\u00fd z\u00e1kon, pre ktor\u00fd m\u00f4\u017eu aj be\u017en\u00ed obyvatelia dosta\u0165 tis\u00edcov\u00e9 pokuty.\u00a0\" \/>\n<meta property=\"og:url\" content=\"https:\/\/www.smedemokrati.sk\/sv\/kmecov-urad-potvrdil-ze-ak-bude-schvalena-huliakova-novela-slovensko-moze-prist-o-viac-ako-3-miliardy-z-planu-obnovy\/\" \/>\n<meta property=\"og:site_name\" content=\"Smedemokrati.sk\" \/>\n<meta property=\"article:publisher\" content=\"https:\/\/www.facebook.com\/smedemokrati2023\" \/>\n<meta property=\"article:published_time\" content=\"2025-03-24T11:45:52+00:00\" \/>\n<meta property=\"article:modified_time\" content=\"2025-03-24T12:01:13+00:00\" \/>\n<meta property=\"og:image\" content=\"https:\/\/www.smedemokrati.sk\/wp-content\/uploads\/2025\/03\/Sebe-zisky-z-dreva.jpg\" \/>\n\t<meta property=\"og:image:width\" content=\"847\" \/>\n\t<meta property=\"og:image:height\" content=\"533\" \/>\n\t<meta property=\"og:image:type\" content=\"image\/jpeg\" \/>\n<meta name=\"author\" content=\"miro.sopko\" \/>\n<meta name=\"twitter:card\" content=\"summary_large_image\" \/>\n<meta name=\"twitter:label1\" content=\"Skriven av\" \/>\n\t<meta name=\"twitter:data1\" content=\"miro.sopko\" \/>\n\t<meta name=\"twitter:label2\" content=\"Ber\u00e4knad l\u00e4stid\" \/>\n\t<meta name=\"twitter:data2\" content=\"3 minuter\" \/>\n<script type=\"application\/ld+json\" class=\"yoast-schema-graph\">{\"@context\":\"https:\/\/schema.org\",\"@graph\":[{\"@type\":\"Article\",\"@id\":\"https:\/\/www.smedemokrati.sk\/kmecov-urad-potvrdil-ze-ak-bude-schvalena-huliakova-novela-slovensko-moze-prist-o-viac-ako-3-miliardy-z-planu-obnovy\/#article\",\"isPartOf\":{\"@id\":\"https:\/\/www.smedemokrati.sk\/kmecov-urad-potvrdil-ze-ak-bude-schvalena-huliakova-novela-slovensko-moze-prist-o-viac-ako-3-miliardy-z-planu-obnovy\/\"},\"author\":{\"name\":\"miro.sopko\",\"@id\":\"https:\/\/www.smedemokrati.sk\/#\/schema\/person\/21f147c88d605aa7ded900e1e7c344ba\"},\"headline\":\"Kmecov \u00farad potvrdil, \u017ee ak bude schv\u00e1len\u00e1 Huliakova novela, Slovensko m\u00f4\u017ee pr\u00eds\u0165 o viac ako 3 miliardy z Pl\u00e1nu obnovy\",\"datePublished\":\"2025-03-24T11:45:52+00:00\",\"dateModified\":\"2025-03-24T12:01:13+00:00\",\"mainEntityOfPage\":{\"@id\":\"https:\/\/www.smedemokrati.sk\/kmecov-urad-potvrdil-ze-ak-bude-schvalena-huliakova-novela-slovensko-moze-prist-o-viac-ako-3-miliardy-z-planu-obnovy\/\"},\"wordCount\":570,\"publisher\":{\"@id\":\"https:\/\/www.smedemokrati.sk\/#organization\"},\"image\":{\"@id\":\"https:\/\/www.smedemokrati.sk\/kmecov-urad-potvrdil-ze-ak-bude-schvalena-huliakova-novela-slovensko-moze-prist-o-viac-ako-3-miliardy-z-planu-obnovy\/#primaryimage\"},\"thumbnailUrl\":\"https:\/\/www.smedemokrati.sk\/wp-content\/uploads\/2025\/03\/Sebe-zisky-z-dreva.jpg\",\"articleSection\":[\"Tla\u010dov\u00e9 spr\u00e1vy\"],\"inLanguage\":\"sv-SE\"},{\"@type\":\"WebPage\",\"@id\":\"https:\/\/www.smedemokrati.sk\/kmecov-urad-potvrdil-ze-ak-bude-schvalena-huliakova-novela-slovensko-moze-prist-o-viac-ako-3-miliardy-z-planu-obnovy\/\",\"url\":\"https:\/\/www.smedemokrati.sk\/kmecov-urad-potvrdil-ze-ak-bude-schvalena-huliakova-novela-slovensko-moze-prist-o-viac-ako-3-miliardy-z-planu-obnovy\/\",\"name\":\"Kmecov \u00farad potvrdil, \u017ee ak bude schv\u00e1len\u00e1 Huliakova novela, Slovensko m\u00f4\u017ee pr\u00eds\u0165 o viac ako 3 miliardy z Pl\u00e1nu obnovy\",\"isPartOf\":{\"@id\":\"https:\/\/www.smedemokrati.sk\/#website\"},\"primaryImageOfPage\":{\"@id\":\"https:\/\/www.smedemokrati.sk\/kmecov-urad-potvrdil-ze-ak-bude-schvalena-huliakova-novela-slovensko-moze-prist-o-viac-ako-3-miliardy-z-planu-obnovy\/#primaryimage\"},\"image\":{\"@id\":\"https:\/\/www.smedemokrati.sk\/kmecov-urad-potvrdil-ze-ak-bude-schvalena-huliakova-novela-slovensko-moze-prist-o-viac-ako-3-miliardy-z-planu-obnovy\/#primaryimage\"},\"thumbnailUrl\":\"https:\/\/www.smedemokrati.sk\/wp-content\/uploads\/2025\/03\/Sebe-zisky-z-dreva.jpg\",\"datePublished\":\"2025-03-24T11:45:52+00:00\",\"dateModified\":\"2025-03-24T12:01:13+00:00\",\"description\":\"Ak schv\u00e1lia Huliakovu novelu z\u00e1kona o ochrane pr\u00edrody a krajiny, pod\u013ea Kmecovho \u00faradu, m\u00f4\u017ee pr\u00eds\u0165 Slovensko o viac ako 3 miliardy eur z Pl\u00e1nu obnovy. Pod\u013ea enviroexperta Demokratov Michala Ki\u010du chce minister Huliak a poslanec Malatinec, aby po novom \u0161t\u00e1tne pozemky v n\u00e1rodn\u00fdch parkoch pre\u0161li pod spr\u00e1vu \u0160t\u00e1tnych lesov SR. Upozor\u0148uje, \u017ee ide o poru\u0161enie eur\u00f3pskych pravidiel, zvrat reformy Pl\u00e1nu obnovy a preto vyz\u00fdva vl\u00e1du aby tento n\u00e1vrh stiahla. Michal Ki\u010da upozor\u0148uje aj na \u010fal\u0161\u00ed \u0161kodliv\u00fd z\u00e1kon, pre ktor\u00fd m\u00f4\u017eu aj be\u017en\u00ed obyvatelia dosta\u0165 tis\u00edcov\u00e9 pokuty.\u00a0\",\"breadcrumb\":{\"@id\":\"https:\/\/www.smedemokrati.sk\/kmecov-urad-potvrdil-ze-ak-bude-schvalena-huliakova-novela-slovensko-moze-prist-o-viac-ako-3-miliardy-z-planu-obnovy\/#breadcrumb\"},\"inLanguage\":\"sv-SE\",\"potentialAction\":[{\"@type\":\"ReadAction\",\"target\":[\"https:\/\/www.smedemokrati.sk\/kmecov-urad-potvrdil-ze-ak-bude-schvalena-huliakova-novela-slovensko-moze-prist-o-viac-ako-3-miliardy-z-planu-obnovy\/\"]}]},{\"@type\":\"ImageObject\",\"inLanguage\":\"sv-SE\",\"@id\":\"https:\/\/www.smedemokrati.sk\/kmecov-urad-potvrdil-ze-ak-bude-schvalena-huliakova-novela-slovensko-moze-prist-o-viac-ako-3-miliardy-z-planu-obnovy\/#primaryimage\",\"url\":\"https:\/\/www.smedemokrati.sk\/wp-content\/uploads\/2025\/03\/Sebe-zisky-z-dreva.jpg\",\"contentUrl\":\"https:\/\/www.smedemokrati.sk\/wp-content\/uploads\/2025\/03\/Sebe-zisky-z-dreva.jpg\",\"width\":847,\"height\":533},{\"@type\":\"BreadcrumbList\",\"@id\":\"https:\/\/www.smedemokrati.sk\/kmecov-urad-potvrdil-ze-ak-bude-schvalena-huliakova-novela-slovensko-moze-prist-o-viac-ako-3-miliardy-z-planu-obnovy\/#breadcrumb\",\"itemListElement\":[{\"@type\":\"ListItem\",\"position\":1,\"name\":\"Domovsk\u00e1 str\u00e1nka\",\"item\":\"https:\/\/www.smedemokrati.sk\/\"},{\"@type\":\"ListItem\",\"position\":2,\"name\":\"Kmecov \u00farad potvrdil, \u017ee ak bude schv\u00e1len\u00e1 Huliakova novela, Slovensko m\u00f4\u017ee pr\u00eds\u0165 o viac ako 3 miliardy z Pl\u00e1nu obnovy\"}]},{\"@type\":\"WebSite\",\"@id\":\"https:\/\/www.smedemokrati.sk\/#website\",\"url\":\"https:\/\/www.smedemokrati.sk\/\",\"name\":\"Smedemokrati.sk\",\"description\":\"Demokracia a slu\u0161nos\u0165 zv\u00ed\u0165az\u00ed\",\"publisher\":{\"@id\":\"https:\/\/www.smedemokrati.sk\/#organization\"},\"potentialAction\":[{\"@type\":\"SearchAction\",\"target\":{\"@type\":\"EntryPoint\",\"urlTemplate\":\"https:\/\/www.smedemokrati.sk\/?s={search_term_string}\"},\"query-input\":{\"@type\":\"PropertyValueSpecification\",\"valueRequired\":true,\"valueName\":\"search_term_string\"}}],\"inLanguage\":\"sv-SE\"},{\"@type\":\"Organization\",\"@id\":\"https:\/\/www.smedemokrati.sk\/#organization\",\"name\":\"Smedemokrati.sk\",\"url\":\"https:\/\/www.smedemokrati.sk\/\",\"logo\":{\"@type\":\"ImageObject\",\"inLanguage\":\"sv-SE\",\"@id\":\"https:\/\/www.smedemokrati.sk\/#\/schema\/logo\/image\/\",\"url\":\"https:\/\/www.smedemokrati.sk\/wp-content\/uploads\/2023\/04\/ff.002.jpeg\",\"contentUrl\":\"https:\/\/www.smedemokrati.sk\/wp-content\/uploads\/2023\/04\/ff.002.jpeg\",\"width\":640,\"height\":480,\"caption\":\"Smedemokrati.sk\"},\"image\":{\"@id\":\"https:\/\/www.smedemokrati.sk\/#\/schema\/logo\/image\/\"},\"sameAs\":[\"https:\/\/www.facebook.com\/smedemokrati2023\"]},{\"@type\":\"Person\",\"@id\":\"https:\/\/www.smedemokrati.sk\/#\/schema\/person\/21f147c88d605aa7ded900e1e7c344ba\",\"name\":\"miro.sopko\",\"image\":{\"@type\":\"ImageObject\",\"inLanguage\":\"sv-SE\",\"@id\":\"https:\/\/secure.gravatar.com\/avatar\/267e4a36f704376c109afe3a78740c1f5dd8675a2180a908699e7863c9247606?s=96&d=mm&r=g\",\"url\":\"https:\/\/secure.gravatar.com\/avatar\/267e4a36f704376c109afe3a78740c1f5dd8675a2180a908699e7863c9247606?s=96&d=mm&r=g\",\"contentUrl\":\"https:\/\/secure.gravatar.com\/avatar\/267e4a36f704376c109afe3a78740c1f5dd8675a2180a908699e7863c9247606?s=96&d=mm&r=g\",\"caption\":\"miro.sopko\"},\"url\":\"https:\/\/www.smedemokrati.sk\/sv\/author\/miro-sopko\/\"}]}<\/script>\n<!-- \/ Yoast SEO plugin. -->","yoast_head_json":{"title":"Kmecov \u00farad potvrdil, \u017ee ak bude schv\u00e1len\u00e1 Huliakova novela, Slovensko m\u00f4\u017ee pr\u00eds\u0165 o viac ako 3 miliardy z Pl\u00e1nu obnovy","description":"Ak schv\u00e1lia Huliakovu novelu z\u00e1kona o ochrane pr\u00edrody a krajiny, pod\u013ea Kmecovho \u00faradu, m\u00f4\u017ee pr\u00eds\u0165 Slovensko o viac ako 3 miliardy eur z Pl\u00e1nu obnovy. Pod\u013ea enviroexperta Demokratov Michala Ki\u010du chce minister Huliak a poslanec Malatinec, aby po novom \u0161t\u00e1tne pozemky v n\u00e1rodn\u00fdch parkoch pre\u0161li pod spr\u00e1vu \u0160t\u00e1tnych lesov SR. Upozor\u0148uje, \u017ee ide o poru\u0161enie eur\u00f3pskych pravidiel, zvrat reformy Pl\u00e1nu obnovy a preto vyz\u00fdva vl\u00e1du aby tento n\u00e1vrh stiahla. Michal Ki\u010da upozor\u0148uje aj na \u010fal\u0161\u00ed \u0161kodliv\u00fd z\u00e1kon, pre ktor\u00fd m\u00f4\u017eu aj be\u017en\u00ed obyvatelia dosta\u0165 tis\u00edcov\u00e9 pokuty.\u00a0","robots":{"index":"index","follow":"follow","max-snippet":"max-snippet:-1","max-image-preview":"max-image-preview:large","max-video-preview":"max-video-preview:-1"},"canonical":"https:\/\/www.smedemokrati.sk\/sv\/kmecov-urad-potvrdil-ze-ak-bude-schvalena-huliakova-novela-slovensko-moze-prist-o-viac-ako-3-miliardy-z-planu-obnovy\/","og_locale":"sv_SE","og_type":"article","og_title":"[:sk]Kmecov \u00farad potvrdil, \u017ee ak bude schv\u00e1len\u00e1 Huliakova novela, Slovensko m\u00f4\u017ee pr\u00eds\u0165 o viac ako 3 miliardy z Pl\u00e1nu obnovy[:] - Smedemokrati.sk","og_description":"[:sk]Ak schv\u00e1lia Huliakovu novelu z\u00e1kona o ochrane pr\u00edrody a krajiny, pod\u013ea Kmecovho \u00faradu, m\u00f4\u017ee pr\u00eds\u0165 Slovensko o viac ako 3 miliardy eur z Pl\u00e1nu obnovy. Pod\u013ea enviroexperta Demokratov Michala Ki\u010du chce minister Huliak a poslanec Malatinec, aby po novom \u0161t\u00e1tne pozemky v n\u00e1rodn\u00fdch parkoch pre\u0161li pod spr\u00e1vu \u0160t\u00e1tnych lesov SR. Upozor\u0148uje, \u017ee ide o poru\u0161enie eur\u00f3pskych pravidiel, zvrat reformy Pl\u00e1nu obnovy a preto vyz\u00fdva vl\u00e1du aby tento n\u00e1vrh stiahla. Michal Ki\u010da upozor\u0148uje aj na \u010fal\u0161\u00ed \u0161kodliv\u00fd z\u00e1kon, pre ktor\u00fd m\u00f4\u017eu aj be\u017en\u00ed obyvatelia dosta\u0165 tis\u00edcov\u00e9 pokuty.\u00a0[:]","og_url":"https:\/\/www.smedemokrati.sk\/sv\/kmecov-urad-potvrdil-ze-ak-bude-schvalena-huliakova-novela-slovensko-moze-prist-o-viac-ako-3-miliardy-z-planu-obnovy\/","og_site_name":"Smedemokrati.sk","article_publisher":"https:\/\/www.facebook.com\/smedemokrati2023","article_published_time":"2025-03-24T11:45:52+00:00","article_modified_time":"2025-03-24T12:01:13+00:00","og_image":[{"width":847,"height":533,"url":"https:\/\/www.smedemokrati.sk\/wp-content\/uploads\/2025\/03\/Sebe-zisky-z-dreva.jpg","type":"image\/jpeg"}],"author":"miro.sopko","twitter_card":"summary_large_image","twitter_misc":{"Skriven av":"miro.sopko","Ber\u00e4knad l\u00e4stid":"3 minuter"},"schema":{"@context":"https:\/\/schema.org","@graph":[{"@type":"Article","@id":"https:\/\/www.smedemokrati.sk\/kmecov-urad-potvrdil-ze-ak-bude-schvalena-huliakova-novela-slovensko-moze-prist-o-viac-ako-3-miliardy-z-planu-obnovy\/#article","isPartOf":{"@id":"https:\/\/www.smedemokrati.sk\/kmecov-urad-potvrdil-ze-ak-bude-schvalena-huliakova-novela-slovensko-moze-prist-o-viac-ako-3-miliardy-z-planu-obnovy\/"},"author":{"name":"miro.sopko","@id":"https:\/\/www.smedemokrati.sk\/#\/schema\/person\/21f147c88d605aa7ded900e1e7c344ba"},"headline":"Kmecov \u00farad potvrdil, \u017ee ak bude schv\u00e1len\u00e1 Huliakova novela, Slovensko m\u00f4\u017ee pr\u00eds\u0165 o viac ako 3 miliardy z Pl\u00e1nu obnovy","datePublished":"2025-03-24T11:45:52+00:00","dateModified":"2025-03-24T12:01:13+00:00","mainEntityOfPage":{"@id":"https:\/\/www.smedemokrati.sk\/kmecov-urad-potvrdil-ze-ak-bude-schvalena-huliakova-novela-slovensko-moze-prist-o-viac-ako-3-miliardy-z-planu-obnovy\/"},"wordCount":570,"publisher":{"@id":"https:\/\/www.smedemokrati.sk\/#organization"},"image":{"@id":"https:\/\/www.smedemokrati.sk\/kmecov-urad-potvrdil-ze-ak-bude-schvalena-huliakova-novela-slovensko-moze-prist-o-viac-ako-3-miliardy-z-planu-obnovy\/#primaryimage"},"thumbnailUrl":"https:\/\/www.smedemokrati.sk\/wp-content\/uploads\/2025\/03\/Sebe-zisky-z-dreva.jpg","articleSection":["Tla\u010dov\u00e9 spr\u00e1vy"],"inLanguage":"sv-SE"},{"@type":"WebPage","@id":"https:\/\/www.smedemokrati.sk\/kmecov-urad-potvrdil-ze-ak-bude-schvalena-huliakova-novela-slovensko-moze-prist-o-viac-ako-3-miliardy-z-planu-obnovy\/","url":"https:\/\/www.smedemokrati.sk\/kmecov-urad-potvrdil-ze-ak-bude-schvalena-huliakova-novela-slovensko-moze-prist-o-viac-ako-3-miliardy-z-planu-obnovy\/","name":"Kmecov \u00farad potvrdil, \u017ee ak bude schv\u00e1len\u00e1 Huliakova novela, Slovensko m\u00f4\u017ee pr\u00eds\u0165 o viac ako 3 miliardy z Pl\u00e1nu obnovy","isPartOf":{"@id":"https:\/\/www.smedemokrati.sk\/#website"},"primaryImageOfPage":{"@id":"https:\/\/www.smedemokrati.sk\/kmecov-urad-potvrdil-ze-ak-bude-schvalena-huliakova-novela-slovensko-moze-prist-o-viac-ako-3-miliardy-z-planu-obnovy\/#primaryimage"},"image":{"@id":"https:\/\/www.smedemokrati.sk\/kmecov-urad-potvrdil-ze-ak-bude-schvalena-huliakova-novela-slovensko-moze-prist-o-viac-ako-3-miliardy-z-planu-obnovy\/#primaryimage"},"thumbnailUrl":"https:\/\/www.smedemokrati.sk\/wp-content\/uploads\/2025\/03\/Sebe-zisky-z-dreva.jpg","datePublished":"2025-03-24T11:45:52+00:00","dateModified":"2025-03-24T12:01:13+00:00","description":"Ak schv\u00e1lia Huliakovu novelu z\u00e1kona o ochrane pr\u00edrody a krajiny, pod\u013ea Kmecovho \u00faradu, m\u00f4\u017ee pr\u00eds\u0165 Slovensko o viac ako 3 miliardy eur z Pl\u00e1nu obnovy. Pod\u013ea enviroexperta Demokratov Michala Ki\u010du chce minister Huliak a poslanec Malatinec, aby po novom \u0161t\u00e1tne pozemky v n\u00e1rodn\u00fdch parkoch pre\u0161li pod spr\u00e1vu \u0160t\u00e1tnych lesov SR. Upozor\u0148uje, \u017ee ide o poru\u0161enie eur\u00f3pskych pravidiel, zvrat reformy Pl\u00e1nu obnovy a preto vyz\u00fdva vl\u00e1du aby tento n\u00e1vrh stiahla. Michal Ki\u010da upozor\u0148uje aj na \u010fal\u0161\u00ed \u0161kodliv\u00fd z\u00e1kon, pre ktor\u00fd m\u00f4\u017eu aj be\u017en\u00ed obyvatelia dosta\u0165 tis\u00edcov\u00e9 pokuty.\u00a0","breadcrumb":{"@id":"https:\/\/www.smedemokrati.sk\/kmecov-urad-potvrdil-ze-ak-bude-schvalena-huliakova-novela-slovensko-moze-prist-o-viac-ako-3-miliardy-z-planu-obnovy\/#breadcrumb"},"inLanguage":"sv-SE","potentialAction":[{"@type":"ReadAction","target":["https:\/\/www.smedemokrati.sk\/kmecov-urad-potvrdil-ze-ak-bude-schvalena-huliakova-novela-slovensko-moze-prist-o-viac-ako-3-miliardy-z-planu-obnovy\/"]}]},{"@type":"ImageObject","inLanguage":"sv-SE","@id":"https:\/\/www.smedemokrati.sk\/kmecov-urad-potvrdil-ze-ak-bude-schvalena-huliakova-novela-slovensko-moze-prist-o-viac-ako-3-miliardy-z-planu-obnovy\/#primaryimage","url":"https:\/\/www.smedemokrati.sk\/wp-content\/uploads\/2025\/03\/Sebe-zisky-z-dreva.jpg","contentUrl":"https:\/\/www.smedemokrati.sk\/wp-content\/uploads\/2025\/03\/Sebe-zisky-z-dreva.jpg","width":847,"height":533},{"@type":"BreadcrumbList","@id":"https:\/\/www.smedemokrati.sk\/kmecov-urad-potvrdil-ze-ak-bude-schvalena-huliakova-novela-slovensko-moze-prist-o-viac-ako-3-miliardy-z-planu-obnovy\/#breadcrumb","itemListElement":[{"@type":"ListItem","position":1,"name":"Domovsk\u00e1 str\u00e1nka","item":"https:\/\/www.smedemokrati.sk\/"},{"@type":"ListItem","position":2,"name":"Kmecov \u00farad potvrdil, \u017ee ak bude schv\u00e1len\u00e1 Huliakova novela, Slovensko m\u00f4\u017ee pr\u00eds\u0165 o viac ako 3 miliardy z Pl\u00e1nu obnovy"}]},{"@type":"WebSite","@id":"https:\/\/www.smedemokrati.sk\/#website","url":"https:\/\/www.smedemokrati.sk\/","name":"Smedemokrati.sk","description":"Demokracia a slu\u0161nos\u0165 zv\u00ed\u0165az\u00ed","publisher":{"@id":"https:\/\/www.smedemokrati.sk\/#organization"},"potentialAction":[{"@type":"SearchAction","target":{"@type":"EntryPoint","urlTemplate":"https:\/\/www.smedemokrati.sk\/?s={search_term_string}"},"query-input":{"@type":"PropertyValueSpecification","valueRequired":true,"valueName":"search_term_string"}}],"inLanguage":"sv-SE"},{"@type":"Organization","@id":"https:\/\/www.smedemokrati.sk\/#organization","name":"Smedemokrati.sk","url":"https:\/\/www.smedemokrati.sk\/","logo":{"@type":"ImageObject","inLanguage":"sv-SE","@id":"https:\/\/www.smedemokrati.sk\/#\/schema\/logo\/image\/","url":"https:\/\/www.smedemokrati.sk\/wp-content\/uploads\/2023\/04\/ff.002.jpeg","contentUrl":"https:\/\/www.smedemokrati.sk\/wp-content\/uploads\/2023\/04\/ff.002.jpeg","width":640,"height":480,"caption":"Smedemokrati.sk"},"image":{"@id":"https:\/\/www.smedemokrati.sk\/#\/schema\/logo\/image\/"},"sameAs":["https:\/\/www.facebook.com\/smedemokrati2023"]},{"@type":"Person","@id":"https:\/\/www.smedemokrati.sk\/#\/schema\/person\/21f147c88d605aa7ded900e1e7c344ba","name":"miro.sopko","image":{"@type":"ImageObject","inLanguage":"sv-SE","@id":"https:\/\/secure.gravatar.com\/avatar\/267e4a36f704376c109afe3a78740c1f5dd8675a2180a908699e7863c9247606?s=96&d=mm&r=g","url":"https:\/\/secure.gravatar.com\/avatar\/267e4a36f704376c109afe3a78740c1f5dd8675a2180a908699e7863c9247606?s=96&d=mm&r=g","contentUrl":"https:\/\/secure.gravatar.com\/avatar\/267e4a36f704376c109afe3a78740c1f5dd8675a2180a908699e7863c9247606?s=96&d=mm&r=g","caption":"miro.sopko"},"url":"https:\/\/www.smedemokrati.sk\/sv\/author\/miro-sopko\/"}]}},"_links":{"self":[{"href":"https:\/\/www.smedemokrati.sk\/sv\/wp-json\/wp\/v2\/posts\/6719","targetHints":{"allow":["GET"]}}],"collection":[{"href":"https:\/\/www.smedemokrati.sk\/sv\/wp-json\/wp\/v2\/posts"}],"about":[{"href":"https:\/\/www.smedemokrati.sk\/sv\/wp-json\/wp\/v2\/types\/post"}],"author":[{"embeddable":true,"href":"https:\/\/www.smedemokrati.sk\/sv\/wp-json\/wp\/v2\/users\/13"}],"replies":[{"embeddable":true,"href":"https:\/\/www.smedemokrati.sk\/sv\/wp-json\/wp\/v2\/comments?post=6719"}],"version-history":[{"count":2,"href":"https:\/\/www.smedemokrati.sk\/sv\/wp-json\/wp\/v2\/posts\/6719\/revisions"}],"predecessor-version":[{"id":6725,"href":"https:\/\/www.smedemokrati.sk\/sv\/wp-json\/wp\/v2\/posts\/6719\/revisions\/6725"}],"wp:featuredmedia":[{"embeddable":true,"href":"https:\/\/www.smedemokrati.sk\/sv\/wp-json\/wp\/v2\/media\/6720"}],"wp:attachment":[{"href":"https:\/\/www.smedemokrati.sk\/sv\/wp-json\/wp\/v2\/media?parent=6719"}],"wp:term":[{"taxonomy":"category","embeddable":true,"href":"https:\/\/www.smedemokrati.sk\/sv\/wp-json\/wp\/v2\/categories?post=6719"},{"taxonomy":"post_tag","embeddable":true,"href":"https:\/\/www.smedemokrati.sk\/sv\/wp-json\/wp\/v2\/tags?post=6719"}],"curies":[{"name":"wp","href":"https:\/\/api.w.org\/{rel}","templated":true}]}}