{"id":6692,"date":"2025-03-21T17:00:11","date_gmt":"2025-03-21T16:00:11","guid":{"rendered":"https:\/\/www.smedemokrati.sk\/?p=6692"},"modified":"2025-03-21T17:03:26","modified_gmt":"2025-03-21T16:03:26","slug":"slintacka-a-krivacka-je-vazna-vec-vlada-doteraz-situaciu-podcenovala","status":"publish","type":"post","link":"https:\/\/www.smedemokrati.sk\/sv\/slintacka-a-krivacka-je-vazna-vec-vlada-doteraz-situaciu-podcenovala\/","title":{"rendered":"Slinta\u010dka a kr\u00edva\u010dka je v\u00e1\u017ena vec, vl\u00e1da doteraz situ\u00e1ciu podce\u0148ovala"},"content":{"rendered":"<div id=\"fb-root\"><\/div>\n\n<p><strong>Slinta\u010dka a&nbsp;kr\u00edva\u010dka je mimoriadne v\u00e1\u017ena vec, vyz\u00fdvame vl\u00e1du na r\u00e1zne kroky a&nbsp;nie v\u00fdhovorky o&nbsp;migrantoch. Ke\u010f ne\u0161lo o ni\u010d, tak \u0160utaj E\u0161tok robil na hraniciach divadlo. Dnes, ke\u010f treba hranice chr\u00e1ni\u0165, kv\u00f4li slinta\u010dke a kr\u00edva\u010dke (chorobe dobytka), tak je reakcia \u0160utaja E\u0161toka a Tak\u00e1\u010da spomalen\u00e1.&nbsp;<\/strong><\/p>\n\n\n\n<p><em>\u201cChoroba slinta\u010dky a kr\u00edva\u010dky m\u00f4\u017ee znamena\u0165 vyhubenie cel\u00e9ho chovu dobytka na Slovensku, to je a\u017e 400 000 kusov, nedostatok m\u00e4sa a \u010fal\u0161ie hospod\u00e1rske komplik\u00e1cie. Situ\u00e1cia je mimoriadne v\u00e1\u017ena, nesmieme ju nijako podce\u0148ova\u0165. Niektor\u00e9 bit\u00fanky n\u00e1m oznamuj\u00fa, \u017ee v&nbsp;kr\u00e1tkom \u010dase nebud\u00fa ma\u0165 dobytok na por\u00e1\u017eku, \u010do na konci d\u0148a m\u00f4\u017ee sp\u00f4sobi\u0165 v\u00fdpadok v predajniach.\u201d<\/em>&nbsp;Hovor\u00ed Juraj \u0160eliga, podpredseda Demokratov.<\/p>\n\n\n\n<p><em>\u201cAko je mo\u017en\u00e9, \u017ee prv\u00e9 dni po n\u00e1kaze v Ma\u010farsku neboli na hraniciach dostato\u010dn\u00e9 opatrenia? Ako je mo\u017en\u00e9, \u017ee Poliaci na hraniciach pou\u017e\u00edvaj\u00fa dezinfek\u010dn\u00e9 roho\u017ee a u n\u00e1s nie v plnom rozsahu? Ako je mo\u017en\u00e9, \u017ee cez Slovensko mohli prech\u00e1dza\u0165 kami\u00f3ny s dobytkom z Ma\u010farska a museli ich ot\u00e1\u010da\u0165 a\u017e \u010cesi? \u010cesk\u00ed coln\u00edci \u0161pinav\u00e9 kami\u00f3ny vracali na Slovensko. M\u00e9di\u00e1 v \u010ceskej republike p\u00edsali o \u0161pinav\u00fdch kami\u00f3noch, vl\u00e1da \u017eia\u013e situ\u00e1ciu podce\u0148ovala.\u201d<\/em>&nbsp;p\u00fdta sa Juraj \u0160eliga.<\/p>\n\n\n\n<p><em>\u201cKde s\u00fa teraz kompetentn\u00ed s opatreniami, ktor\u00e9 zodpovedaj\u00fa v\u00e1\u017enosti situ\u00e1cie. Vyz\u00fdvame vl\u00e1du, aby konala a konala r\u00e1zne, nie a\u017e ke\u010f bude neskoro. Ak by mala zasada\u0165 bezpe\u010dnostn\u00e1 rada, tak kv\u00f4li tomuto, nie kv\u00f4li Kotl\u00e1rovej kukurici, preto\u017ee choroba slinta\u010dky a kr\u00edva\u010dky m\u00e1 potenci\u00e1l zni\u010di\u0165 chov dobytka na Slovensku.\u201d<\/em>&nbsp;hovor\u00ed Juraj \u0160eliga, podpredseda strany Demokrati<\/p>\n\n\n\n<p><em>\u201cOz\u00fdvaj\u00fa sa n\u00e1m veterin\u00e1ri, ktor\u00ed kritizuj\u00fa, \u017ee postup \u0161t\u00e1tu je nedostato\u010dn\u00fd. Ako je mo\u017en\u00e9, \u017ee na\u0161i susedia Po\u013esko a \u010cesko mali tvrd\u0161ie opatrenia ako my, ktor\u00ed sused\u00edme s Ma\u010farskom? Ak\u00e9 s\u00fa z\u00e1soby potrebn\u00fdch lie\u010div, ktor\u00e9 sa maj\u00fa pod\u00e1va\u0165 pred utraten\u00edm dobytka, ak\u00e9 s\u00fa pl\u00e1ny na ochranu pred epid\u00e9miou? Vyz\u00fdvame na vysvetlenie doteraj\u0161\u00edch postupov a riadnu komunik\u00e1ciu. P\u00e1n Tak\u00e1\u010d a p\u00e1n Chud\u00fd by si mali za\u010da\u0165 plni\u0165 svoju pr\u00e1cu a nie h\u013eada\u0165 v\u00fdhovorky. Ak nevedia \u010do maj\u00fa robi\u0165, nech sa in\u0161piruj\u00fa \u010ceskom a&nbsp;Po\u013eskom.\u201d<\/em>&nbsp;Hovor\u00ed Michal Ki\u010da, environment\u00e1lny expert strany Demokrati.<\/p>\n\n\n\n<p>link na \u010desk\u00e9 m\u00e9di\u00e1:<\/p>\n\n\n\n<p><a href=\"https:\/\/breclavsky.denik.cz\/krimi\/spinave-kamiony-musely-z-lanzhota-zpet-za-hranice-kvuli-slintavce-a-kulhavce-202.html\">https:\/\/breclavsky.denik.cz\/krimi\/spinave-kamiony-musely-z-lanzhota-zpet-za-hranice-kvuli-slintavce-a-kulhavce-202.html<\/a><\/p>\n\n\n\n<p><strong>Vyjadrenie Juraja \u0160eligu:<\/strong><\/p>\n\n\n<div class=\"fb-video\" data-href=\"https:\/\/fb.watch\/ytbYj7VMon\" data-allowfullscreen=\"true\" data-autoplay=\"false\" data-width=\"\" data-show-text=\"false\" data-show-captions=\"true\"><\/div>\n\n\n\n<p><strong>Vyjadrenie Michala Ki\u010du:<\/strong><\/p>\n\n\n\n<figure class=\"wp-block-video\"><video height=\"640\" style=\"aspect-ratio: 480 \/ 640;\" width=\"480\" controls src=\"https:\/\/www.smedemokrati.sk\/wp-content\/uploads\/2025\/03\/IMG_7128.mp4\" playsinline><\/video><\/figure>\n","protected":false},"excerpt":{"rendered":"<p>Slinta\u010dka a&nbsp;kr\u00edva\u010dka je mimoriadne v\u00e1\u017ena vec, vyz\u00fdvame vl\u00e1du na r\u00e1zne kroky a&nbsp;nie v\u00fdhovorky o&nbsp;migrantoch. Ke\u010f ne\u0161lo o ni\u010d, tak \u0160utaj E\u0161tok robil na hraniciach divadlo. Dnes, ke\u010f treba hranice chr\u00e1ni\u0165, kv\u00f4li slinta\u010dke a kr\u00edva\u010dke (chorobe dobytka), tak je reakcia \u0160utaja E\u0161toka a Tak\u00e1\u010da spomalen\u00e1.&nbsp; \u201cChoroba slinta\u010dky a kr\u00edva\u010dky m\u00f4\u017ee znamena\u0165 vyhubenie cel\u00e9ho chovu dobytka na [&hellip;]<\/p>\n","protected":false},"author":13,"featured_media":6696,"comment_status":"closed","ping_status":"closed","sticky":false,"template":"","format":"standard","meta":{"_acf_changed":false,"ngg_post_thumbnail":0,"footnotes":""},"categories":[4],"tags":[],"class_list":["post-6692","post","type-post","status-publish","format-standard","has-post-thumbnail","hentry","category-tlacove-spravy"],"acf":[],"yoast_head":"<!-- This site is optimized with the Yoast SEO plugin v27.2 - https:\/\/yoast.com\/product\/yoast-seo-wordpress\/ -->\n<title>Slinta\u010dka a kr\u00edva\u010dka je v\u00e1\u017ena vec, vl\u00e1da doteraz situ\u00e1ciu podce\u0148ovala<\/title>\n<meta name=\"robots\" content=\"index, follow, max-snippet:-1, max-image-preview:large, max-video-preview:-1\" \/>\n<link rel=\"canonical\" href=\"https:\/\/www.smedemokrati.sk\/sv\/slintacka-a-krivacka-je-vazna-vec-vlada-doteraz-situaciu-podcenovala\/\" \/>\n<meta property=\"og:locale\" content=\"sv_SE\" \/>\n<meta property=\"og:locale:alternate\" content=\"en_US\" \/>\n<meta property=\"og:locale:alternate\" content=\"cs_CZ\" \/>\n<meta property=\"og:locale:alternate\" content=\"hu_HU\" \/>\n<meta property=\"og:locale:alternate\" content=\"sk_SK\" \/>\n<meta property=\"og:type\" content=\"article\" \/>\n<meta property=\"og:title\" content=\"Slinta\u010dka a kr\u00edva\u010dka je v\u00e1\u017ena vec, vl\u00e1da doteraz situ\u00e1ciu podce\u0148ovala\" \/>\n<meta property=\"og:description\" content=\"Slinta\u010dka a&nbsp;kr\u00edva\u010dka je mimoriadne v\u00e1\u017ena vec, vyz\u00fdvame vl\u00e1du na r\u00e1zne kroky a&nbsp;nie v\u00fdhovorky o&nbsp;migrantoch. Ke\u010f ne\u0161lo o ni\u010d, tak \u0160utaj E\u0161tok robil na hraniciach divadlo. Dnes, ke\u010f treba hranice chr\u00e1ni\u0165, kv\u00f4li slinta\u010dke a kr\u00edva\u010dke (chorobe dobytka), tak je reakcia \u0160utaja E\u0161toka a Tak\u00e1\u010da spomalen\u00e1.&nbsp; \u201cChoroba slinta\u010dky a kr\u00edva\u010dky m\u00f4\u017ee znamena\u0165 vyhubenie cel\u00e9ho chovu dobytka na [&hellip;]\" \/>\n<meta property=\"og:url\" content=\"https:\/\/www.smedemokrati.sk\/sv\/slintacka-a-krivacka-je-vazna-vec-vlada-doteraz-situaciu-podcenovala\/\" \/>\n<meta property=\"og:site_name\" content=\"Smedemokrati.sk\" \/>\n<meta property=\"article:publisher\" content=\"https:\/\/www.facebook.com\/smedemokrati2023\" \/>\n<meta property=\"article:published_time\" content=\"2025-03-21T16:00:11+00:00\" \/>\n<meta property=\"article:modified_time\" content=\"2025-03-21T16:03:26+00:00\" \/>\n<meta property=\"og:image\" content=\"https:\/\/www.smedemokrati.sk\/wp-content\/uploads\/2025\/03\/44699.jpg\" \/>\n\t<meta property=\"og:image:width\" content=\"1000\" \/>\n\t<meta property=\"og:image:height\" content=\"667\" \/>\n\t<meta property=\"og:image:type\" content=\"image\/jpeg\" \/>\n<meta name=\"author\" content=\"miro.sopko\" \/>\n<meta name=\"twitter:card\" content=\"summary_large_image\" \/>\n<meta name=\"twitter:label1\" content=\"Skriven av\" \/>\n\t<meta name=\"twitter:data1\" content=\"miro.sopko\" \/>\n\t<meta name=\"twitter:label2\" content=\"Ber\u00e4knad l\u00e4stid\" \/>\n\t<meta name=\"twitter:data2\" content=\"3 minuter\" \/>\n<script type=\"application\/ld+json\" class=\"yoast-schema-graph\">{\"@context\":\"https:\/\/schema.org\",\"@graph\":[{\"@type\":\"Article\",\"@id\":\"https:\/\/www.smedemokrati.sk\/slintacka-a-krivacka-je-vazna-vec-vlada-doteraz-situaciu-podcenovala\/#article\",\"isPartOf\":{\"@id\":\"https:\/\/www.smedemokrati.sk\/slintacka-a-krivacka-je-vazna-vec-vlada-doteraz-situaciu-podcenovala\/\"},\"author\":{\"name\":\"miro.sopko\",\"@id\":\"https:\/\/www.smedemokrati.sk\/#\/schema\/person\/21f147c88d605aa7ded900e1e7c344ba\"},\"headline\":\"Slinta\u010dka a kr\u00edva\u010dka je v\u00e1\u017ena vec, vl\u00e1da doteraz situ\u00e1ciu podce\u0148ovala\",\"datePublished\":\"2025-03-21T16:00:11+00:00\",\"dateModified\":\"2025-03-21T16:03:26+00:00\",\"mainEntityOfPage\":{\"@id\":\"https:\/\/www.smedemokrati.sk\/slintacka-a-krivacka-je-vazna-vec-vlada-doteraz-situaciu-podcenovala\/\"},\"wordCount\":485,\"publisher\":{\"@id\":\"https:\/\/www.smedemokrati.sk\/#organization\"},\"image\":{\"@id\":\"https:\/\/www.smedemokrati.sk\/slintacka-a-krivacka-je-vazna-vec-vlada-doteraz-situaciu-podcenovala\/#primaryimage\"},\"thumbnailUrl\":\"https:\/\/www.smedemokrati.sk\/wp-content\/uploads\/2025\/03\/44699.jpg\",\"articleSection\":[\"Tla\u010dov\u00e9 spr\u00e1vy\"],\"inLanguage\":\"sv-SE\"},{\"@type\":\"WebPage\",\"@id\":\"https:\/\/www.smedemokrati.sk\/slintacka-a-krivacka-je-vazna-vec-vlada-doteraz-situaciu-podcenovala\/\",\"url\":\"https:\/\/www.smedemokrati.sk\/slintacka-a-krivacka-je-vazna-vec-vlada-doteraz-situaciu-podcenovala\/\",\"name\":\"Slinta\u010dka a kr\u00edva\u010dka je v\u00e1\u017ena vec, vl\u00e1da doteraz situ\u00e1ciu podce\u0148ovala\",\"isPartOf\":{\"@id\":\"https:\/\/www.smedemokrati.sk\/#website\"},\"primaryImageOfPage\":{\"@id\":\"https:\/\/www.smedemokrati.sk\/slintacka-a-krivacka-je-vazna-vec-vlada-doteraz-situaciu-podcenovala\/#primaryimage\"},\"image\":{\"@id\":\"https:\/\/www.smedemokrati.sk\/slintacka-a-krivacka-je-vazna-vec-vlada-doteraz-situaciu-podcenovala\/#primaryimage\"},\"thumbnailUrl\":\"https:\/\/www.smedemokrati.sk\/wp-content\/uploads\/2025\/03\/44699.jpg\",\"datePublished\":\"2025-03-21T16:00:11+00:00\",\"dateModified\":\"2025-03-21T16:03:26+00:00\",\"breadcrumb\":{\"@id\":\"https:\/\/www.smedemokrati.sk\/slintacka-a-krivacka-je-vazna-vec-vlada-doteraz-situaciu-podcenovala\/#breadcrumb\"},\"inLanguage\":\"sv-SE\",\"potentialAction\":[{\"@type\":\"ReadAction\",\"target\":[\"https:\/\/www.smedemokrati.sk\/slintacka-a-krivacka-je-vazna-vec-vlada-doteraz-situaciu-podcenovala\/\"]}]},{\"@type\":\"ImageObject\",\"inLanguage\":\"sv-SE\",\"@id\":\"https:\/\/www.smedemokrati.sk\/slintacka-a-krivacka-je-vazna-vec-vlada-doteraz-situaciu-podcenovala\/#primaryimage\",\"url\":\"https:\/\/www.smedemokrati.sk\/wp-content\/uploads\/2025\/03\/44699.jpg\",\"contentUrl\":\"https:\/\/www.smedemokrati.sk\/wp-content\/uploads\/2025\/03\/44699.jpg\",\"width\":1000,\"height\":667},{\"@type\":\"BreadcrumbList\",\"@id\":\"https:\/\/www.smedemokrati.sk\/slintacka-a-krivacka-je-vazna-vec-vlada-doteraz-situaciu-podcenovala\/#breadcrumb\",\"itemListElement\":[{\"@type\":\"ListItem\",\"position\":1,\"name\":\"Domovsk\u00e1 str\u00e1nka\",\"item\":\"https:\/\/www.smedemokrati.sk\/\"},{\"@type\":\"ListItem\",\"position\":2,\"name\":\"Slinta\u010dka a kr\u00edva\u010dka je v\u00e1\u017ena vec, vl\u00e1da doteraz situ\u00e1ciu podce\u0148ovala\"}]},{\"@type\":\"WebSite\",\"@id\":\"https:\/\/www.smedemokrati.sk\/#website\",\"url\":\"https:\/\/www.smedemokrati.sk\/\",\"name\":\"Smedemokrati.sk\",\"description\":\"Demokracia a slu\u0161nos\u0165 zv\u00ed\u0165az\u00ed\",\"publisher\":{\"@id\":\"https:\/\/www.smedemokrati.sk\/#organization\"},\"potentialAction\":[{\"@type\":\"SearchAction\",\"target\":{\"@type\":\"EntryPoint\",\"urlTemplate\":\"https:\/\/www.smedemokrati.sk\/?s={search_term_string}\"},\"query-input\":{\"@type\":\"PropertyValueSpecification\",\"valueRequired\":true,\"valueName\":\"search_term_string\"}}],\"inLanguage\":\"sv-SE\"},{\"@type\":\"Organization\",\"@id\":\"https:\/\/www.smedemokrati.sk\/#organization\",\"name\":\"Smedemokrati.sk\",\"url\":\"https:\/\/www.smedemokrati.sk\/\",\"logo\":{\"@type\":\"ImageObject\",\"inLanguage\":\"sv-SE\",\"@id\":\"https:\/\/www.smedemokrati.sk\/#\/schema\/logo\/image\/\",\"url\":\"https:\/\/www.smedemokrati.sk\/wp-content\/uploads\/2023\/04\/ff.002.jpeg\",\"contentUrl\":\"https:\/\/www.smedemokrati.sk\/wp-content\/uploads\/2023\/04\/ff.002.jpeg\",\"width\":640,\"height\":480,\"caption\":\"Smedemokrati.sk\"},\"image\":{\"@id\":\"https:\/\/www.smedemokrati.sk\/#\/schema\/logo\/image\/\"},\"sameAs\":[\"https:\/\/www.facebook.com\/smedemokrati2023\"]},{\"@type\":\"Person\",\"@id\":\"https:\/\/www.smedemokrati.sk\/#\/schema\/person\/21f147c88d605aa7ded900e1e7c344ba\",\"name\":\"miro.sopko\",\"image\":{\"@type\":\"ImageObject\",\"inLanguage\":\"sv-SE\",\"@id\":\"https:\/\/secure.gravatar.com\/avatar\/267e4a36f704376c109afe3a78740c1f5dd8675a2180a908699e7863c9247606?s=96&d=mm&r=g\",\"url\":\"https:\/\/secure.gravatar.com\/avatar\/267e4a36f704376c109afe3a78740c1f5dd8675a2180a908699e7863c9247606?s=96&d=mm&r=g\",\"contentUrl\":\"https:\/\/secure.gravatar.com\/avatar\/267e4a36f704376c109afe3a78740c1f5dd8675a2180a908699e7863c9247606?s=96&d=mm&r=g\",\"caption\":\"miro.sopko\"},\"url\":\"https:\/\/www.smedemokrati.sk\/sv\/author\/miro-sopko\/\"}]}<\/script>\n<!-- \/ Yoast SEO plugin. -->","yoast_head_json":{"title":"Slinta\u010dka a kr\u00edva\u010dka je v\u00e1\u017ena vec, vl\u00e1da doteraz situ\u00e1ciu podce\u0148ovala","robots":{"index":"index","follow":"follow","max-snippet":"max-snippet:-1","max-image-preview":"max-image-preview:large","max-video-preview":"max-video-preview:-1"},"canonical":"https:\/\/www.smedemokrati.sk\/sv\/slintacka-a-krivacka-je-vazna-vec-vlada-doteraz-situaciu-podcenovala\/","og_locale":"sv_SE","og_type":"article","og_title":"[:sk]Slinta\u010dka a kr\u00edva\u010dka je v\u00e1\u017ena vec, vl\u00e1da doteraz situ\u00e1ciu podce\u0148ovala[:] - Smedemokrati.sk","og_description":"Slinta\u010dka a&nbsp;kr\u00edva\u010dka je mimoriadne v\u00e1\u017ena vec, vyz\u00fdvame vl\u00e1du na r\u00e1zne kroky a&nbsp;nie v\u00fdhovorky o&nbsp;migrantoch. Ke\u010f ne\u0161lo o ni\u010d, tak \u0160utaj E\u0161tok robil na hraniciach divadlo. Dnes, ke\u010f treba hranice chr\u00e1ni\u0165, kv\u00f4li slinta\u010dke a kr\u00edva\u010dke (chorobe dobytka), tak je reakcia \u0160utaja E\u0161toka a Tak\u00e1\u010da spomalen\u00e1.&nbsp; \u201cChoroba slinta\u010dky a kr\u00edva\u010dky m\u00f4\u017ee znamena\u0165 vyhubenie cel\u00e9ho chovu dobytka na [&hellip;]","og_url":"https:\/\/www.smedemokrati.sk\/sv\/slintacka-a-krivacka-je-vazna-vec-vlada-doteraz-situaciu-podcenovala\/","og_site_name":"Smedemokrati.sk","article_publisher":"https:\/\/www.facebook.com\/smedemokrati2023","article_published_time":"2025-03-21T16:00:11+00:00","article_modified_time":"2025-03-21T16:03:26+00:00","og_image":[{"width":1000,"height":667,"url":"https:\/\/www.smedemokrati.sk\/wp-content\/uploads\/2025\/03\/44699.jpg","type":"image\/jpeg"}],"author":"miro.sopko","twitter_card":"summary_large_image","twitter_misc":{"Skriven av":"miro.sopko","Ber\u00e4knad l\u00e4stid":"3 minuter"},"schema":{"@context":"https:\/\/schema.org","@graph":[{"@type":"Article","@id":"https:\/\/www.smedemokrati.sk\/slintacka-a-krivacka-je-vazna-vec-vlada-doteraz-situaciu-podcenovala\/#article","isPartOf":{"@id":"https:\/\/www.smedemokrati.sk\/slintacka-a-krivacka-je-vazna-vec-vlada-doteraz-situaciu-podcenovala\/"},"author":{"name":"miro.sopko","@id":"https:\/\/www.smedemokrati.sk\/#\/schema\/person\/21f147c88d605aa7ded900e1e7c344ba"},"headline":"Slinta\u010dka a kr\u00edva\u010dka je v\u00e1\u017ena vec, vl\u00e1da doteraz situ\u00e1ciu podce\u0148ovala","datePublished":"2025-03-21T16:00:11+00:00","dateModified":"2025-03-21T16:03:26+00:00","mainEntityOfPage":{"@id":"https:\/\/www.smedemokrati.sk\/slintacka-a-krivacka-je-vazna-vec-vlada-doteraz-situaciu-podcenovala\/"},"wordCount":485,"publisher":{"@id":"https:\/\/www.smedemokrati.sk\/#organization"},"image":{"@id":"https:\/\/www.smedemokrati.sk\/slintacka-a-krivacka-je-vazna-vec-vlada-doteraz-situaciu-podcenovala\/#primaryimage"},"thumbnailUrl":"https:\/\/www.smedemokrati.sk\/wp-content\/uploads\/2025\/03\/44699.jpg","articleSection":["Tla\u010dov\u00e9 spr\u00e1vy"],"inLanguage":"sv-SE"},{"@type":"WebPage","@id":"https:\/\/www.smedemokrati.sk\/slintacka-a-krivacka-je-vazna-vec-vlada-doteraz-situaciu-podcenovala\/","url":"https:\/\/www.smedemokrati.sk\/slintacka-a-krivacka-je-vazna-vec-vlada-doteraz-situaciu-podcenovala\/","name":"Slinta\u010dka a kr\u00edva\u010dka je v\u00e1\u017ena vec, vl\u00e1da doteraz situ\u00e1ciu podce\u0148ovala","isPartOf":{"@id":"https:\/\/www.smedemokrati.sk\/#website"},"primaryImageOfPage":{"@id":"https:\/\/www.smedemokrati.sk\/slintacka-a-krivacka-je-vazna-vec-vlada-doteraz-situaciu-podcenovala\/#primaryimage"},"image":{"@id":"https:\/\/www.smedemokrati.sk\/slintacka-a-krivacka-je-vazna-vec-vlada-doteraz-situaciu-podcenovala\/#primaryimage"},"thumbnailUrl":"https:\/\/www.smedemokrati.sk\/wp-content\/uploads\/2025\/03\/44699.jpg","datePublished":"2025-03-21T16:00:11+00:00","dateModified":"2025-03-21T16:03:26+00:00","breadcrumb":{"@id":"https:\/\/www.smedemokrati.sk\/slintacka-a-krivacka-je-vazna-vec-vlada-doteraz-situaciu-podcenovala\/#breadcrumb"},"inLanguage":"sv-SE","potentialAction":[{"@type":"ReadAction","target":["https:\/\/www.smedemokrati.sk\/slintacka-a-krivacka-je-vazna-vec-vlada-doteraz-situaciu-podcenovala\/"]}]},{"@type":"ImageObject","inLanguage":"sv-SE","@id":"https:\/\/www.smedemokrati.sk\/slintacka-a-krivacka-je-vazna-vec-vlada-doteraz-situaciu-podcenovala\/#primaryimage","url":"https:\/\/www.smedemokrati.sk\/wp-content\/uploads\/2025\/03\/44699.jpg","contentUrl":"https:\/\/www.smedemokrati.sk\/wp-content\/uploads\/2025\/03\/44699.jpg","width":1000,"height":667},{"@type":"BreadcrumbList","@id":"https:\/\/www.smedemokrati.sk\/slintacka-a-krivacka-je-vazna-vec-vlada-doteraz-situaciu-podcenovala\/#breadcrumb","itemListElement":[{"@type":"ListItem","position":1,"name":"Domovsk\u00e1 str\u00e1nka","item":"https:\/\/www.smedemokrati.sk\/"},{"@type":"ListItem","position":2,"name":"Slinta\u010dka a kr\u00edva\u010dka je v\u00e1\u017ena vec, vl\u00e1da doteraz situ\u00e1ciu podce\u0148ovala"}]},{"@type":"WebSite","@id":"https:\/\/www.smedemokrati.sk\/#website","url":"https:\/\/www.smedemokrati.sk\/","name":"Smedemokrati.sk","description":"Demokracia a slu\u0161nos\u0165 zv\u00ed\u0165az\u00ed","publisher":{"@id":"https:\/\/www.smedemokrati.sk\/#organization"},"potentialAction":[{"@type":"SearchAction","target":{"@type":"EntryPoint","urlTemplate":"https:\/\/www.smedemokrati.sk\/?s={search_term_string}"},"query-input":{"@type":"PropertyValueSpecification","valueRequired":true,"valueName":"search_term_string"}}],"inLanguage":"sv-SE"},{"@type":"Organization","@id":"https:\/\/www.smedemokrati.sk\/#organization","name":"Smedemokrati.sk","url":"https:\/\/www.smedemokrati.sk\/","logo":{"@type":"ImageObject","inLanguage":"sv-SE","@id":"https:\/\/www.smedemokrati.sk\/#\/schema\/logo\/image\/","url":"https:\/\/www.smedemokrati.sk\/wp-content\/uploads\/2023\/04\/ff.002.jpeg","contentUrl":"https:\/\/www.smedemokrati.sk\/wp-content\/uploads\/2023\/04\/ff.002.jpeg","width":640,"height":480,"caption":"Smedemokrati.sk"},"image":{"@id":"https:\/\/www.smedemokrati.sk\/#\/schema\/logo\/image\/"},"sameAs":["https:\/\/www.facebook.com\/smedemokrati2023"]},{"@type":"Person","@id":"https:\/\/www.smedemokrati.sk\/#\/schema\/person\/21f147c88d605aa7ded900e1e7c344ba","name":"miro.sopko","image":{"@type":"ImageObject","inLanguage":"sv-SE","@id":"https:\/\/secure.gravatar.com\/avatar\/267e4a36f704376c109afe3a78740c1f5dd8675a2180a908699e7863c9247606?s=96&d=mm&r=g","url":"https:\/\/secure.gravatar.com\/avatar\/267e4a36f704376c109afe3a78740c1f5dd8675a2180a908699e7863c9247606?s=96&d=mm&r=g","contentUrl":"https:\/\/secure.gravatar.com\/avatar\/267e4a36f704376c109afe3a78740c1f5dd8675a2180a908699e7863c9247606?s=96&d=mm&r=g","caption":"miro.sopko"},"url":"https:\/\/www.smedemokrati.sk\/sv\/author\/miro-sopko\/"}]}},"_links":{"self":[{"href":"https:\/\/www.smedemokrati.sk\/sv\/wp-json\/wp\/v2\/posts\/6692","targetHints":{"allow":["GET"]}}],"collection":[{"href":"https:\/\/www.smedemokrati.sk\/sv\/wp-json\/wp\/v2\/posts"}],"about":[{"href":"https:\/\/www.smedemokrati.sk\/sv\/wp-json\/wp\/v2\/types\/post"}],"author":[{"embeddable":true,"href":"https:\/\/www.smedemokrati.sk\/sv\/wp-json\/wp\/v2\/users\/13"}],"replies":[{"embeddable":true,"href":"https:\/\/www.smedemokrati.sk\/sv\/wp-json\/wp\/v2\/comments?post=6692"}],"version-history":[{"count":3,"href":"https:\/\/www.smedemokrati.sk\/sv\/wp-json\/wp\/v2\/posts\/6692\/revisions"}],"predecessor-version":[{"id":6699,"href":"https:\/\/www.smedemokrati.sk\/sv\/wp-json\/wp\/v2\/posts\/6692\/revisions\/6699"}],"wp:featuredmedia":[{"embeddable":true,"href":"https:\/\/www.smedemokrati.sk\/sv\/wp-json\/wp\/v2\/media\/6696"}],"wp:attachment":[{"href":"https:\/\/www.smedemokrati.sk\/sv\/wp-json\/wp\/v2\/media?parent=6692"}],"wp:term":[{"taxonomy":"category","embeddable":true,"href":"https:\/\/www.smedemokrati.sk\/sv\/wp-json\/wp\/v2\/categories?post=6692"},{"taxonomy":"post_tag","embeddable":true,"href":"https:\/\/www.smedemokrati.sk\/sv\/wp-json\/wp\/v2\/tags?post=6692"}],"curies":[{"name":"wp","href":"https:\/\/api.w.org\/{rel}","templated":true}]}}