{"id":6552,"date":"2025-03-04T10:39:32","date_gmt":"2025-03-04T09:39:32","guid":{"rendered":"https:\/\/www.smedemokrati.sk\/?p=6552"},"modified":"2025-03-04T10:51:23","modified_gmt":"2025-03-04T09:51:23","slug":"vyzva-premierovi-pred-rokovanim-v-bruseli","status":"publish","type":"post","link":"https:\/\/www.smedemokrati.sk\/sv\/vyzva-premierovi-pred-rokovanim-v-bruseli\/","title":{"rendered":"V\u00fdzva premi\u00e9rovi pred rokovan\u00edm v Bruseli!"},"content":{"rendered":"<div id=\"fb-root\"><\/div>\n\n<p>\u201eVzh\u013eadom na rozhodnutie prezidenta Trumpa za\u010da\u0165 obchodn\u00fa vojnu so svojimi partnermi prostredn\u00edctvom ciel vyz\u00fdvame Roberta Fica, aby t\u00fato situ\u00e1ciu akt\u00edvne rie\u0161il.&nbsp;<\/p>\n\n\n\n<p>Unik\u00e1tnu pr\u00edle\u017eitos\u0165 m\u00e1 u\u017e tento \u0161tvrtok v Bruseli na rokovan\u00ed Rady. O\u010dak\u00e1vame, \u017ee premi\u00e9r bude \u017eiada\u0165 o doplnenie programu rokovania Rady.<\/p>\n\n\n\n<p>Zaveden\u00edm ciel na dovoz automobilov zo Slovenska bude okam\u017eite ohrozen\u00fdch 20 000 pracovn\u00fdch miest. \u010eal\u0161ie desiatky tis\u00edc miest bud\u00fa v ohrozen\u00ed sekund\u00e1rne. Celkov\u00fd dopad Trumpovej politiky sa m\u00f4\u017ee t\u00fdka\u0165 a\u017e 100 000 pracovn\u00fdch miest.<\/p>\n\n\n\n<p>T\u00e1to situ\u00e1cia je pre Slovensko v\u00e1\u017enym ohrozen\u00edm. Preto opakovane vyz\u00fdvame Roberta Fica, aby akt\u00edvne vst\u00fapil do rokovan\u00ed s na\u0161imi partnermi v Eur\u00f3pskej \u00fanii a rovnako vyu\u017eil v\u0161etky diplomatick\u00e9 mo\u017enosti a rokoval s partnermi v Spojen\u00fdch \u0161t\u00e1toch americk\u00fdch. Teraz m\u00e1 \u0161ancu uk\u00e1za\u0165, \u017ee jeho slov\u00e1 o tom, \u017ee Slovensko je na prvom mieste, nie s\u00fa pr\u00e1zdnymi fr\u00e1zami.\u201c<\/p>\n","protected":false},"excerpt":{"rendered":"<p>\u201eVzh\u013eadom na rozhodnutie prezidenta Trumpa za\u010da\u0165 obchodn\u00fa vojnu so svojimi partnermi prostredn\u00edctvom ciel vyz\u00fdvame Roberta Fica, aby t\u00fato situ\u00e1ciu akt\u00edvne rie\u0161il.&nbsp; Unik\u00e1tnu pr\u00edle\u017eitos\u0165 m\u00e1 u\u017e tento \u0161tvrtok v Bruseli na rokovan\u00ed Rady. O\u010dak\u00e1vame, \u017ee premi\u00e9r bude \u017eiada\u0165 o doplnenie programu rokovania Rady. Zaveden\u00edm ciel na dovoz automobilov zo Slovenska bude okam\u017eite ohrozen\u00fdch 20 000 pracovn\u00fdch [&hellip;]<\/p>\n","protected":false},"author":13,"featured_media":6555,"comment_status":"closed","ping_status":"closed","sticky":false,"template":"","format":"standard","meta":{"_acf_changed":false,"ngg_post_thumbnail":0,"footnotes":""},"categories":[11],"tags":[],"class_list":["post-6552","post","type-post","status-publish","format-standard","has-post-thumbnail","hentry","category-vyhlasenia"],"acf":[],"yoast_head":"<!-- This site is optimized with the Yoast SEO plugin v27.2 - https:\/\/yoast.com\/product\/yoast-seo-wordpress\/ -->\n<title>V\u00fdzva premi\u00e9rovi pred rokovan\u00edm v Bruseli!<\/title>\n<meta name=\"robots\" content=\"index, follow, max-snippet:-1, max-image-preview:large, max-video-preview:-1\" \/>\n<link rel=\"canonical\" href=\"https:\/\/www.smedemokrati.sk\/sv\/vyzva-premierovi-pred-rokovanim-v-bruseli\/\" \/>\n<meta property=\"og:locale\" content=\"sv_SE\" \/>\n<meta property=\"og:locale:alternate\" content=\"en_US\" \/>\n<meta property=\"og:locale:alternate\" content=\"cs_CZ\" \/>\n<meta property=\"og:locale:alternate\" content=\"hu_HU\" \/>\n<meta property=\"og:locale:alternate\" content=\"sk_SK\" \/>\n<meta property=\"og:type\" content=\"article\" \/>\n<meta property=\"og:title\" content=\"V\u00fdzva premi\u00e9rovi pred rokovan\u00edm v Bruseli!\" \/>\n<meta property=\"og:description\" content=\"\u201eVzh\u013eadom na rozhodnutie prezidenta Trumpa za\u010da\u0165 obchodn\u00fa vojnu so svojimi partnermi prostredn\u00edctvom ciel vyz\u00fdvame Roberta Fica, aby t\u00fato situ\u00e1ciu akt\u00edvne rie\u0161il.&nbsp; Unik\u00e1tnu pr\u00edle\u017eitos\u0165 m\u00e1 u\u017e tento \u0161tvrtok v Bruseli na rokovan\u00ed Rady. O\u010dak\u00e1vame, \u017ee premi\u00e9r bude \u017eiada\u0165 o doplnenie programu rokovania Rady. Zaveden\u00edm ciel na dovoz automobilov zo Slovenska bude okam\u017eite ohrozen\u00fdch 20 000 pracovn\u00fdch [&hellip;]\" \/>\n<meta property=\"og:url\" content=\"https:\/\/www.smedemokrati.sk\/sv\/vyzva-premierovi-pred-rokovanim-v-bruseli\/\" \/>\n<meta property=\"og:site_name\" content=\"Smedemokrati.sk\" \/>\n<meta property=\"article:publisher\" content=\"https:\/\/www.facebook.com\/smedemokrati2023\" \/>\n<meta property=\"article:published_time\" content=\"2025-03-04T09:39:32+00:00\" \/>\n<meta property=\"article:modified_time\" content=\"2025-03-04T09:51:23+00:00\" \/>\n<meta property=\"og:image\" content=\"https:\/\/www.smedemokrati.sk\/wp-content\/uploads\/2025\/03\/475991763_1197882595037900_6768838790074575567_n.jpg\" \/>\n\t<meta property=\"og:image:width\" content=\"2048\" \/>\n\t<meta property=\"og:image:height\" content=\"1536\" \/>\n\t<meta property=\"og:image:type\" content=\"image\/jpeg\" \/>\n<meta name=\"author\" content=\"miro.sopko\" \/>\n<meta name=\"twitter:card\" content=\"summary_large_image\" \/>\n<meta name=\"twitter:label1\" content=\"Skriven av\" \/>\n\t<meta name=\"twitter:data1\" content=\"miro.sopko\" \/>\n\t<meta name=\"twitter:label2\" content=\"Ber\u00e4knad l\u00e4stid\" \/>\n\t<meta name=\"twitter:data2\" content=\"1 minut\" \/>\n<script type=\"application\/ld+json\" class=\"yoast-schema-graph\">{\"@context\":\"https:\/\/schema.org\",\"@graph\":[{\"@type\":\"Article\",\"@id\":\"https:\/\/www.smedemokrati.sk\/vyzva-premierovi-pred-rokovanim-v-bruseli\/#article\",\"isPartOf\":{\"@id\":\"https:\/\/www.smedemokrati.sk\/vyzva-premierovi-pred-rokovanim-v-bruseli\/\"},\"author\":{\"name\":\"miro.sopko\",\"@id\":\"https:\/\/www.smedemokrati.sk\/#\/schema\/person\/21f147c88d605aa7ded900e1e7c344ba\"},\"headline\":\"V\u00fdzva premi\u00e9rovi pred rokovan\u00edm v Bruseli!\",\"datePublished\":\"2025-03-04T09:39:32+00:00\",\"dateModified\":\"2025-03-04T09:51:23+00:00\",\"mainEntityOfPage\":{\"@id\":\"https:\/\/www.smedemokrati.sk\/vyzva-premierovi-pred-rokovanim-v-bruseli\/\"},\"wordCount\":182,\"publisher\":{\"@id\":\"https:\/\/www.smedemokrati.sk\/#organization\"},\"image\":{\"@id\":\"https:\/\/www.smedemokrati.sk\/vyzva-premierovi-pred-rokovanim-v-bruseli\/#primaryimage\"},\"thumbnailUrl\":\"https:\/\/www.smedemokrati.sk\/wp-content\/uploads\/2025\/03\/475991763_1197882595037900_6768838790074575567_n.jpg\",\"articleSection\":[\"Vyhl\u00e1senia\"],\"inLanguage\":\"sv-SE\"},{\"@type\":\"WebPage\",\"@id\":\"https:\/\/www.smedemokrati.sk\/vyzva-premierovi-pred-rokovanim-v-bruseli\/\",\"url\":\"https:\/\/www.smedemokrati.sk\/vyzva-premierovi-pred-rokovanim-v-bruseli\/\",\"name\":\"V\u00fdzva premi\u00e9rovi pred rokovan\u00edm v Bruseli!\",\"isPartOf\":{\"@id\":\"https:\/\/www.smedemokrati.sk\/#website\"},\"primaryImageOfPage\":{\"@id\":\"https:\/\/www.smedemokrati.sk\/vyzva-premierovi-pred-rokovanim-v-bruseli\/#primaryimage\"},\"image\":{\"@id\":\"https:\/\/www.smedemokrati.sk\/vyzva-premierovi-pred-rokovanim-v-bruseli\/#primaryimage\"},\"thumbnailUrl\":\"https:\/\/www.smedemokrati.sk\/wp-content\/uploads\/2025\/03\/475991763_1197882595037900_6768838790074575567_n.jpg\",\"datePublished\":\"2025-03-04T09:39:32+00:00\",\"dateModified\":\"2025-03-04T09:51:23+00:00\",\"breadcrumb\":{\"@id\":\"https:\/\/www.smedemokrati.sk\/vyzva-premierovi-pred-rokovanim-v-bruseli\/#breadcrumb\"},\"inLanguage\":\"sv-SE\",\"potentialAction\":[{\"@type\":\"ReadAction\",\"target\":[\"https:\/\/www.smedemokrati.sk\/vyzva-premierovi-pred-rokovanim-v-bruseli\/\"]}]},{\"@type\":\"ImageObject\",\"inLanguage\":\"sv-SE\",\"@id\":\"https:\/\/www.smedemokrati.sk\/vyzva-premierovi-pred-rokovanim-v-bruseli\/#primaryimage\",\"url\":\"https:\/\/www.smedemokrati.sk\/wp-content\/uploads\/2025\/03\/475991763_1197882595037900_6768838790074575567_n.jpg\",\"contentUrl\":\"https:\/\/www.smedemokrati.sk\/wp-content\/uploads\/2025\/03\/475991763_1197882595037900_6768838790074575567_n.jpg\",\"width\":2048,\"height\":1536},{\"@type\":\"BreadcrumbList\",\"@id\":\"https:\/\/www.smedemokrati.sk\/vyzva-premierovi-pred-rokovanim-v-bruseli\/#breadcrumb\",\"itemListElement\":[{\"@type\":\"ListItem\",\"position\":1,\"name\":\"Domovsk\u00e1 str\u00e1nka\",\"item\":\"https:\/\/www.smedemokrati.sk\/\"},{\"@type\":\"ListItem\",\"position\":2,\"name\":\"V\u00fdzva premi\u00e9rovi pred rokovan\u00edm v Bruseli!\"}]},{\"@type\":\"WebSite\",\"@id\":\"https:\/\/www.smedemokrati.sk\/#website\",\"url\":\"https:\/\/www.smedemokrati.sk\/\",\"name\":\"Smedemokrati.sk\",\"description\":\"Demokracia a slu\u0161nos\u0165 zv\u00ed\u0165az\u00ed\",\"publisher\":{\"@id\":\"https:\/\/www.smedemokrati.sk\/#organization\"},\"potentialAction\":[{\"@type\":\"SearchAction\",\"target\":{\"@type\":\"EntryPoint\",\"urlTemplate\":\"https:\/\/www.smedemokrati.sk\/?s={search_term_string}\"},\"query-input\":{\"@type\":\"PropertyValueSpecification\",\"valueRequired\":true,\"valueName\":\"search_term_string\"}}],\"inLanguage\":\"sv-SE\"},{\"@type\":\"Organization\",\"@id\":\"https:\/\/www.smedemokrati.sk\/#organization\",\"name\":\"Smedemokrati.sk\",\"url\":\"https:\/\/www.smedemokrati.sk\/\",\"logo\":{\"@type\":\"ImageObject\",\"inLanguage\":\"sv-SE\",\"@id\":\"https:\/\/www.smedemokrati.sk\/#\/schema\/logo\/image\/\",\"url\":\"https:\/\/www.smedemokrati.sk\/wp-content\/uploads\/2023\/04\/ff.002.jpeg\",\"contentUrl\":\"https:\/\/www.smedemokrati.sk\/wp-content\/uploads\/2023\/04\/ff.002.jpeg\",\"width\":640,\"height\":480,\"caption\":\"Smedemokrati.sk\"},\"image\":{\"@id\":\"https:\/\/www.smedemokrati.sk\/#\/schema\/logo\/image\/\"},\"sameAs\":[\"https:\/\/www.facebook.com\/smedemokrati2023\"]},{\"@type\":\"Person\",\"@id\":\"https:\/\/www.smedemokrati.sk\/#\/schema\/person\/21f147c88d605aa7ded900e1e7c344ba\",\"name\":\"miro.sopko\",\"image\":{\"@type\":\"ImageObject\",\"inLanguage\":\"sv-SE\",\"@id\":\"https:\/\/secure.gravatar.com\/avatar\/267e4a36f704376c109afe3a78740c1f5dd8675a2180a908699e7863c9247606?s=96&d=mm&r=g\",\"url\":\"https:\/\/secure.gravatar.com\/avatar\/267e4a36f704376c109afe3a78740c1f5dd8675a2180a908699e7863c9247606?s=96&d=mm&r=g\",\"contentUrl\":\"https:\/\/secure.gravatar.com\/avatar\/267e4a36f704376c109afe3a78740c1f5dd8675a2180a908699e7863c9247606?s=96&d=mm&r=g\",\"caption\":\"miro.sopko\"},\"url\":\"https:\/\/www.smedemokrati.sk\/sv\/author\/miro-sopko\/\"}]}<\/script>\n<!-- \/ Yoast SEO plugin. -->","yoast_head_json":{"title":"V\u00fdzva premi\u00e9rovi pred rokovan\u00edm v Bruseli!","robots":{"index":"index","follow":"follow","max-snippet":"max-snippet:-1","max-image-preview":"max-image-preview:large","max-video-preview":"max-video-preview:-1"},"canonical":"https:\/\/www.smedemokrati.sk\/sv\/vyzva-premierovi-pred-rokovanim-v-bruseli\/","og_locale":"sv_SE","og_type":"article","og_title":"[:sk]V\u00fdzva premi\u00e9rovi pred rokovan\u00edm v Bruseli![:] - Smedemokrati.sk","og_description":"\u201eVzh\u013eadom na rozhodnutie prezidenta Trumpa za\u010da\u0165 obchodn\u00fa vojnu so svojimi partnermi prostredn\u00edctvom ciel vyz\u00fdvame Roberta Fica, aby t\u00fato situ\u00e1ciu akt\u00edvne rie\u0161il.&nbsp; Unik\u00e1tnu pr\u00edle\u017eitos\u0165 m\u00e1 u\u017e tento \u0161tvrtok v Bruseli na rokovan\u00ed Rady. O\u010dak\u00e1vame, \u017ee premi\u00e9r bude \u017eiada\u0165 o doplnenie programu rokovania Rady. Zaveden\u00edm ciel na dovoz automobilov zo Slovenska bude okam\u017eite ohrozen\u00fdch 20 000 pracovn\u00fdch [&hellip;]","og_url":"https:\/\/www.smedemokrati.sk\/sv\/vyzva-premierovi-pred-rokovanim-v-bruseli\/","og_site_name":"Smedemokrati.sk","article_publisher":"https:\/\/www.facebook.com\/smedemokrati2023","article_published_time":"2025-03-04T09:39:32+00:00","article_modified_time":"2025-03-04T09:51:23+00:00","og_image":[{"width":2048,"height":1536,"url":"https:\/\/www.smedemokrati.sk\/wp-content\/uploads\/2025\/03\/475991763_1197882595037900_6768838790074575567_n.jpg","type":"image\/jpeg"}],"author":"miro.sopko","twitter_card":"summary_large_image","twitter_misc":{"Skriven av":"miro.sopko","Ber\u00e4knad l\u00e4stid":"1 minut"},"schema":{"@context":"https:\/\/schema.org","@graph":[{"@type":"Article","@id":"https:\/\/www.smedemokrati.sk\/vyzva-premierovi-pred-rokovanim-v-bruseli\/#article","isPartOf":{"@id":"https:\/\/www.smedemokrati.sk\/vyzva-premierovi-pred-rokovanim-v-bruseli\/"},"author":{"name":"miro.sopko","@id":"https:\/\/www.smedemokrati.sk\/#\/schema\/person\/21f147c88d605aa7ded900e1e7c344ba"},"headline":"V\u00fdzva premi\u00e9rovi pred rokovan\u00edm v Bruseli!","datePublished":"2025-03-04T09:39:32+00:00","dateModified":"2025-03-04T09:51:23+00:00","mainEntityOfPage":{"@id":"https:\/\/www.smedemokrati.sk\/vyzva-premierovi-pred-rokovanim-v-bruseli\/"},"wordCount":182,"publisher":{"@id":"https:\/\/www.smedemokrati.sk\/#organization"},"image":{"@id":"https:\/\/www.smedemokrati.sk\/vyzva-premierovi-pred-rokovanim-v-bruseli\/#primaryimage"},"thumbnailUrl":"https:\/\/www.smedemokrati.sk\/wp-content\/uploads\/2025\/03\/475991763_1197882595037900_6768838790074575567_n.jpg","articleSection":["Vyhl\u00e1senia"],"inLanguage":"sv-SE"},{"@type":"WebPage","@id":"https:\/\/www.smedemokrati.sk\/vyzva-premierovi-pred-rokovanim-v-bruseli\/","url":"https:\/\/www.smedemokrati.sk\/vyzva-premierovi-pred-rokovanim-v-bruseli\/","name":"V\u00fdzva premi\u00e9rovi pred rokovan\u00edm v Bruseli!","isPartOf":{"@id":"https:\/\/www.smedemokrati.sk\/#website"},"primaryImageOfPage":{"@id":"https:\/\/www.smedemokrati.sk\/vyzva-premierovi-pred-rokovanim-v-bruseli\/#primaryimage"},"image":{"@id":"https:\/\/www.smedemokrati.sk\/vyzva-premierovi-pred-rokovanim-v-bruseli\/#primaryimage"},"thumbnailUrl":"https:\/\/www.smedemokrati.sk\/wp-content\/uploads\/2025\/03\/475991763_1197882595037900_6768838790074575567_n.jpg","datePublished":"2025-03-04T09:39:32+00:00","dateModified":"2025-03-04T09:51:23+00:00","breadcrumb":{"@id":"https:\/\/www.smedemokrati.sk\/vyzva-premierovi-pred-rokovanim-v-bruseli\/#breadcrumb"},"inLanguage":"sv-SE","potentialAction":[{"@type":"ReadAction","target":["https:\/\/www.smedemokrati.sk\/vyzva-premierovi-pred-rokovanim-v-bruseli\/"]}]},{"@type":"ImageObject","inLanguage":"sv-SE","@id":"https:\/\/www.smedemokrati.sk\/vyzva-premierovi-pred-rokovanim-v-bruseli\/#primaryimage","url":"https:\/\/www.smedemokrati.sk\/wp-content\/uploads\/2025\/03\/475991763_1197882595037900_6768838790074575567_n.jpg","contentUrl":"https:\/\/www.smedemokrati.sk\/wp-content\/uploads\/2025\/03\/475991763_1197882595037900_6768838790074575567_n.jpg","width":2048,"height":1536},{"@type":"BreadcrumbList","@id":"https:\/\/www.smedemokrati.sk\/vyzva-premierovi-pred-rokovanim-v-bruseli\/#breadcrumb","itemListElement":[{"@type":"ListItem","position":1,"name":"Domovsk\u00e1 str\u00e1nka","item":"https:\/\/www.smedemokrati.sk\/"},{"@type":"ListItem","position":2,"name":"V\u00fdzva premi\u00e9rovi pred rokovan\u00edm v Bruseli!"}]},{"@type":"WebSite","@id":"https:\/\/www.smedemokrati.sk\/#website","url":"https:\/\/www.smedemokrati.sk\/","name":"Smedemokrati.sk","description":"Demokracia a slu\u0161nos\u0165 zv\u00ed\u0165az\u00ed","publisher":{"@id":"https:\/\/www.smedemokrati.sk\/#organization"},"potentialAction":[{"@type":"SearchAction","target":{"@type":"EntryPoint","urlTemplate":"https:\/\/www.smedemokrati.sk\/?s={search_term_string}"},"query-input":{"@type":"PropertyValueSpecification","valueRequired":true,"valueName":"search_term_string"}}],"inLanguage":"sv-SE"},{"@type":"Organization","@id":"https:\/\/www.smedemokrati.sk\/#organization","name":"Smedemokrati.sk","url":"https:\/\/www.smedemokrati.sk\/","logo":{"@type":"ImageObject","inLanguage":"sv-SE","@id":"https:\/\/www.smedemokrati.sk\/#\/schema\/logo\/image\/","url":"https:\/\/www.smedemokrati.sk\/wp-content\/uploads\/2023\/04\/ff.002.jpeg","contentUrl":"https:\/\/www.smedemokrati.sk\/wp-content\/uploads\/2023\/04\/ff.002.jpeg","width":640,"height":480,"caption":"Smedemokrati.sk"},"image":{"@id":"https:\/\/www.smedemokrati.sk\/#\/schema\/logo\/image\/"},"sameAs":["https:\/\/www.facebook.com\/smedemokrati2023"]},{"@type":"Person","@id":"https:\/\/www.smedemokrati.sk\/#\/schema\/person\/21f147c88d605aa7ded900e1e7c344ba","name":"miro.sopko","image":{"@type":"ImageObject","inLanguage":"sv-SE","@id":"https:\/\/secure.gravatar.com\/avatar\/267e4a36f704376c109afe3a78740c1f5dd8675a2180a908699e7863c9247606?s=96&d=mm&r=g","url":"https:\/\/secure.gravatar.com\/avatar\/267e4a36f704376c109afe3a78740c1f5dd8675a2180a908699e7863c9247606?s=96&d=mm&r=g","contentUrl":"https:\/\/secure.gravatar.com\/avatar\/267e4a36f704376c109afe3a78740c1f5dd8675a2180a908699e7863c9247606?s=96&d=mm&r=g","caption":"miro.sopko"},"url":"https:\/\/www.smedemokrati.sk\/sv\/author\/miro-sopko\/"}]}},"_links":{"self":[{"href":"https:\/\/www.smedemokrati.sk\/sv\/wp-json\/wp\/v2\/posts\/6552","targetHints":{"allow":["GET"]}}],"collection":[{"href":"https:\/\/www.smedemokrati.sk\/sv\/wp-json\/wp\/v2\/posts"}],"about":[{"href":"https:\/\/www.smedemokrati.sk\/sv\/wp-json\/wp\/v2\/types\/post"}],"author":[{"embeddable":true,"href":"https:\/\/www.smedemokrati.sk\/sv\/wp-json\/wp\/v2\/users\/13"}],"replies":[{"embeddable":true,"href":"https:\/\/www.smedemokrati.sk\/sv\/wp-json\/wp\/v2\/comments?post=6552"}],"version-history":[{"count":1,"href":"https:\/\/www.smedemokrati.sk\/sv\/wp-json\/wp\/v2\/posts\/6552\/revisions"}],"predecessor-version":[{"id":6554,"href":"https:\/\/www.smedemokrati.sk\/sv\/wp-json\/wp\/v2\/posts\/6552\/revisions\/6554"}],"wp:featuredmedia":[{"embeddable":true,"href":"https:\/\/www.smedemokrati.sk\/sv\/wp-json\/wp\/v2\/media\/6555"}],"wp:attachment":[{"href":"https:\/\/www.smedemokrati.sk\/sv\/wp-json\/wp\/v2\/media?parent=6552"}],"wp:term":[{"taxonomy":"category","embeddable":true,"href":"https:\/\/www.smedemokrati.sk\/sv\/wp-json\/wp\/v2\/categories?post=6552"},{"taxonomy":"post_tag","embeddable":true,"href":"https:\/\/www.smedemokrati.sk\/sv\/wp-json\/wp\/v2\/tags?post=6552"}],"curies":[{"name":"wp","href":"https:\/\/api.w.org\/{rel}","templated":true}]}}