{"id":6446,"date":"2025-02-19T15:17:34","date_gmt":"2025-02-19T14:17:34","guid":{"rendered":"https:\/\/www.smedemokrati.sk\/?p=6446"},"modified":"2025-02-19T15:17:36","modified_gmt":"2025-02-19T14:17:36","slug":"bratislava-moze-prist-pre-razov-stavebny-zakon-o-65-mil-eur-v-pripade-projektu-nove-lido-poslanci-to-mozu-zvratit","status":"publish","type":"post","link":"https:\/\/www.smedemokrati.sk\/sv\/bratislava-moze-prist-pre-razov-stavebny-zakon-o-65-mil-eur-v-pripade-projektu-nove-lido-poslanci-to-mozu-zvratit\/","title":{"rendered":"Bratislava m\u00f4\u017ee pr\u00eds\u0165 pre R\u00e1\u017eov stavebn\u00fd z\u00e1kon o 6,5 mil. eur v pr\u00edpade projektu Nov\u00e9 Lido. Poslanci to m\u00f4\u017eu zvr\u00e1ti\u0165"},"content":{"rendered":"<div id=\"fb-root\"><\/div>\n\n<p><strong>Demokrati dlhodobo upozor\u0148uj\u00fa na \u0161kodlivos\u0165 nov\u00e9ho stavebn\u00e9ho z\u00e1kona. Zmeny v pravidl\u00e1ch povo\u013eovania v\u00fdrubu drev\u00edn vyslovene po\u0161kodzuj\u00fa samospr\u00e1vy. Pr\u00edkladom je aj z\u00e1mer Nov\u00e9 Lido, o ktorom m\u00e1 mestsk\u00e9 zastupite\u013estvo Bratislavy hlasova\u0165 u\u017e zajtra (20.2.2025). V d\u00f4sledku zmien \u00fazemn\u00e9ho pl\u00e1nu a v spojitosti s nemo\u017enos\u0165ou ulo\u017eenia finan\u010dnej n\u00e1hrady m\u00f4\u017ee mesto len v tomto jedinom pr\u00edpade pr\u00eds\u0165 o 6,5 mil. eur na finan\u010dnej n\u00e1hrade za v\u00fdrub drev\u00edn, pribli\u017ene 10 000 stromov. Vyz\u00fdvame mestsk\u00fdch poslancov, aby ani po zmene z\u00e1kona nerezignovali v procese \u00fazemn\u00e9ho pl\u00e1novania na obhajobu z\u00e1ujmov Bratislav\u010danov.&nbsp;<\/strong><\/p>\n\n\n\n<p>V diskusii o zmen\u00e1ch a doplnkoch \u00fazemn\u00e9ho pl\u00e1nu pri projekte Nov\u00e9 Lido doteraz neodznel jeden k\u013e\u00fa\u010dov\u00fd argument. \u201e<em>V d\u00f4sledku nov\u00e9ho stavebn\u00e9ho z\u00e1kona pretla\u010den\u00e9ho ministrom R\u00e1\u017eom sa men\u00ed povo\u013eovanie v\u00fdrubov drev\u00edn. Namiesto riadneho konania bude u\u017e iba s\u00fa\u010das\u0165ou stavebn\u00e9ho konania vo forme tzv. z\u00e1v\u00e4zn\u00e9ho stanoviska. V \u0148om ale nie je mo\u017en\u00e9 ulo\u017ei\u0165 investorovi povinnos\u0165 zaplati\u0165 finan\u010dn\u00fa n\u00e1hradu za vyr\u00faban\u00e9 dreviny pre mesto. Pri predpokladanom v\u00fdrube okolo 10 000 stromov tak mesto pr\u00edde o pribli\u017ene 6,5 mil. eur. Z doteraj\u0161ej povinnosti n\u00e1hradnej v\u00fdsadby sa st\u00e1va u\u017e iba mo\u017enos\u0165. Tieto legislat\u00edvne zmeny s\u00fa extr\u00e9mne v\u00fdhodn\u00e9 pre developerov ale nev\u00fdhodn\u00e9 pre pr\u00edjmy v\u0161etk\u00fdch samospr\u00e1v a ochranu mestskej zelene,<\/em>\u201d upozor\u0148uje Michal Ki\u010da, environment\u00e1lny expert Demokratov. Ki\u010da \u010falej \u017eiada poslancov hlavn\u00e9ho mesta, aby pri svojom rozhodovan\u00ed vzali do \u00favahy aj tento rozmer a negat\u00edvne dopady R\u00e1\u017eovej lobistickej legislat\u00edvy kompenzovali po\u017eiadavkou na in\u00e9 formy n\u00e1hrady od investorov.<\/p>\n\n\n\n<p>Rozhodnutie poslancov o projekte Nov\u00e9 Lido bude precedensom aj z h\u013eadiska bud\u00facnosti \u00fazemn\u00e9ho pl\u00e1novania na Slovensku. Nie je pravdou, \u017ee mesto nem\u00f4\u017ee v danej lokalite spr\u00eds\u0148ova\u0165 podmienky ochrany pr\u00edrody a mestskej zelene aj prostredn\u00edctvom \u00fazemn\u00e9ho pl\u00e1nu. Naopak, z\u00e1kon o \u00fazemnom pl\u00e1novan\u00ed tak\u00e9to nie\u010do umo\u017e\u0148uje a mesto m\u00e1 nastavenie podmienok v \u00fazem\u00ed plne vo svojich ruk\u00e1ch. Z\u00e1mer Nov\u00e9 Lido a pripravovan\u00e9 zmeny \u00fazemnopl\u00e1novacej dokument\u00e1cie vyvolali kontroverzie. \u201e<em>Vyz\u00fdvame mestsk\u00fdch poslancov, aby neopakovali chyby z minulosti, ako sa udiali napr\u00edklad pri rozhodovan\u00ed o osude bratislavsk\u00e9ho PKO a pokra\u010dovali vo verejnej diskusii. V procese rokovan\u00ed s investorom a aj pri schva\u013eovan\u00ed zmien \u00fazemn\u00e9ho pl\u00e1nu je mo\u017en\u00e9 toti\u017e dosiahnu\u0165 aj z\u00e1ruky a kompenz\u00e1cie za v\u00fdpadky vypl\u00fdvaj\u00face z nemo\u017enosti ulo\u017eenia povinnosti finan\u010dnej n\u00e1hrady za v\u00fdrub drev\u00edn, ktor\u00fd bude paradoxne zmenami \u00fazemn\u00e9ho pl\u00e1nu investorovi u\u013eah\u010den\u00fd<\/em>,\u201d uzavrel Michal Ki\u010da.<\/p>\n","protected":false},"excerpt":{"rendered":"<p>Demokrati dlhodobo upozor\u0148uj\u00fa na \u0161kodlivos\u0165 nov\u00e9ho stavebn\u00e9ho z\u00e1kona. Zmeny v pravidl\u00e1ch povo\u013eovania v\u00fdrubu drev\u00edn vyslovene po\u0161kodzuj\u00fa samospr\u00e1vy. Pr\u00edkladom je aj z\u00e1mer Nov\u00e9 Lido, o ktorom m\u00e1 mestsk\u00e9 zastupite\u013estvo Bratislavy hlasova\u0165 u\u017e zajtra (20.2.2025). V d\u00f4sledku zmien \u00fazemn\u00e9ho pl\u00e1nu a v spojitosti s nemo\u017enos\u0165ou ulo\u017eenia finan\u010dnej n\u00e1hrady m\u00f4\u017ee mesto len v tomto jedinom pr\u00edpade pr\u00eds\u0165 o [&hellip;]<\/p>\n","protected":false},"author":13,"featured_media":2592,"comment_status":"closed","ping_status":"closed","sticky":false,"template":"","format":"standard","meta":{"_acf_changed":false,"ngg_post_thumbnail":0,"footnotes":""},"categories":[4],"tags":[],"class_list":["post-6446","post","type-post","status-publish","format-standard","has-post-thumbnail","hentry","category-tlacove-spravy"],"acf":[],"yoast_head":"<!-- This site is optimized with the Yoast SEO plugin v27.2 - https:\/\/yoast.com\/product\/yoast-seo-wordpress\/ -->\n<title>Bratislava m\u00f4\u017ee pr\u00eds\u0165 pre R\u00e1\u017eov stavebn\u00fd z\u00e1kon o 6,5 mil. eur v pr\u00edpade projektu Nov\u00e9 Lido. Poslanci to m\u00f4\u017eu zvr\u00e1ti\u0165<\/title>\n<meta name=\"robots\" content=\"index, follow, max-snippet:-1, max-image-preview:large, max-video-preview:-1\" \/>\n<link rel=\"canonical\" href=\"https:\/\/www.smedemokrati.sk\/sv\/bratislava-moze-prist-pre-razov-stavebny-zakon-o-65-mil-eur-v-pripade-projektu-nove-lido-poslanci-to-mozu-zvratit\/\" \/>\n<meta property=\"og:locale\" content=\"sv_SE\" \/>\n<meta property=\"og:locale:alternate\" content=\"en_US\" \/>\n<meta property=\"og:locale:alternate\" content=\"cs_CZ\" \/>\n<meta property=\"og:locale:alternate\" content=\"hu_HU\" \/>\n<meta property=\"og:locale:alternate\" content=\"sk_SK\" \/>\n<meta property=\"og:type\" content=\"article\" \/>\n<meta property=\"og:title\" content=\"Bratislava m\u00f4\u017ee pr\u00eds\u0165 pre R\u00e1\u017eov stavebn\u00fd z\u00e1kon o 6,5 mil. eur v pr\u00edpade projektu Nov\u00e9 Lido. Poslanci to m\u00f4\u017eu zvr\u00e1ti\u0165\" \/>\n<meta property=\"og:description\" content=\"Demokrati dlhodobo upozor\u0148uj\u00fa na \u0161kodlivos\u0165 nov\u00e9ho stavebn\u00e9ho z\u00e1kona. Zmeny v pravidl\u00e1ch povo\u013eovania v\u00fdrubu drev\u00edn vyslovene po\u0161kodzuj\u00fa samospr\u00e1vy. Pr\u00edkladom je aj z\u00e1mer Nov\u00e9 Lido, o ktorom m\u00e1 mestsk\u00e9 zastupite\u013estvo Bratislavy hlasova\u0165 u\u017e zajtra (20.2.2025). V d\u00f4sledku zmien \u00fazemn\u00e9ho pl\u00e1nu a v spojitosti s nemo\u017enos\u0165ou ulo\u017eenia finan\u010dnej n\u00e1hrady m\u00f4\u017ee mesto len v tomto jedinom pr\u00edpade pr\u00eds\u0165 o [&hellip;]\" \/>\n<meta property=\"og:url\" content=\"https:\/\/www.smedemokrati.sk\/sv\/bratislava-moze-prist-pre-razov-stavebny-zakon-o-65-mil-eur-v-pripade-projektu-nove-lido-poslanci-to-mozu-zvratit\/\" \/>\n<meta property=\"og:site_name\" content=\"Smedemokrati.sk\" \/>\n<meta property=\"article:publisher\" content=\"https:\/\/www.facebook.com\/smedemokrati2023\" \/>\n<meta property=\"article:published_time\" content=\"2025-02-19T14:17:34+00:00\" \/>\n<meta property=\"article:modified_time\" content=\"2025-02-19T14:17:36+00:00\" \/>\n<meta property=\"og:image\" content=\"https:\/\/www.smedemokrati.sk\/wp-content\/uploads\/2024\/02\/raz.jpg\" \/>\n\t<meta property=\"og:image:width\" content=\"1017\" \/>\n\t<meta property=\"og:image:height\" content=\"573\" \/>\n\t<meta property=\"og:image:type\" content=\"image\/jpeg\" \/>\n<meta name=\"author\" content=\"miro.sopko\" \/>\n<meta name=\"twitter:card\" content=\"summary_large_image\" \/>\n<meta name=\"twitter:label1\" content=\"Skriven av\" \/>\n\t<meta name=\"twitter:data1\" content=\"miro.sopko\" \/>\n\t<meta name=\"twitter:label2\" content=\"Ber\u00e4knad l\u00e4stid\" \/>\n\t<meta name=\"twitter:data2\" content=\"2 minuter\" \/>\n<script type=\"application\/ld+json\" class=\"yoast-schema-graph\">{\"@context\":\"https:\/\/schema.org\",\"@graph\":[{\"@type\":\"Article\",\"@id\":\"https:\/\/www.smedemokrati.sk\/bratislava-moze-prist-pre-razov-stavebny-zakon-o-65-mil-eur-v-pripade-projektu-nove-lido-poslanci-to-mozu-zvratit\/#article\",\"isPartOf\":{\"@id\":\"https:\/\/www.smedemokrati.sk\/bratislava-moze-prist-pre-razov-stavebny-zakon-o-65-mil-eur-v-pripade-projektu-nove-lido-poslanci-to-mozu-zvratit\/\"},\"author\":{\"name\":\"miro.sopko\",\"@id\":\"https:\/\/www.smedemokrati.sk\/#\/schema\/person\/21f147c88d605aa7ded900e1e7c344ba\"},\"headline\":\"Bratislava m\u00f4\u017ee pr\u00eds\u0165 pre R\u00e1\u017eov stavebn\u00fd z\u00e1kon o 6,5 mil. eur v pr\u00edpade projektu Nov\u00e9 Lido. Poslanci to m\u00f4\u017eu zvr\u00e1ti\u0165\",\"datePublished\":\"2025-02-19T14:17:34+00:00\",\"dateModified\":\"2025-02-19T14:17:36+00:00\",\"mainEntityOfPage\":{\"@id\":\"https:\/\/www.smedemokrati.sk\/bratislava-moze-prist-pre-razov-stavebny-zakon-o-65-mil-eur-v-pripade-projektu-nove-lido-poslanci-to-mozu-zvratit\/\"},\"wordCount\":510,\"publisher\":{\"@id\":\"https:\/\/www.smedemokrati.sk\/#organization\"},\"image\":{\"@id\":\"https:\/\/www.smedemokrati.sk\/bratislava-moze-prist-pre-razov-stavebny-zakon-o-65-mil-eur-v-pripade-projektu-nove-lido-poslanci-to-mozu-zvratit\/#primaryimage\"},\"thumbnailUrl\":\"https:\/\/www.smedemokrati.sk\/wp-content\/uploads\/2024\/02\/raz.jpg\",\"articleSection\":[\"Tla\u010dov\u00e9 spr\u00e1vy\"],\"inLanguage\":\"sv-SE\"},{\"@type\":\"WebPage\",\"@id\":\"https:\/\/www.smedemokrati.sk\/bratislava-moze-prist-pre-razov-stavebny-zakon-o-65-mil-eur-v-pripade-projektu-nove-lido-poslanci-to-mozu-zvratit\/\",\"url\":\"https:\/\/www.smedemokrati.sk\/bratislava-moze-prist-pre-razov-stavebny-zakon-o-65-mil-eur-v-pripade-projektu-nove-lido-poslanci-to-mozu-zvratit\/\",\"name\":\"Bratislava m\u00f4\u017ee pr\u00eds\u0165 pre R\u00e1\u017eov stavebn\u00fd z\u00e1kon o 6,5 mil. eur v pr\u00edpade projektu Nov\u00e9 Lido. Poslanci to m\u00f4\u017eu zvr\u00e1ti\u0165\",\"isPartOf\":{\"@id\":\"https:\/\/www.smedemokrati.sk\/#website\"},\"primaryImageOfPage\":{\"@id\":\"https:\/\/www.smedemokrati.sk\/bratislava-moze-prist-pre-razov-stavebny-zakon-o-65-mil-eur-v-pripade-projektu-nove-lido-poslanci-to-mozu-zvratit\/#primaryimage\"},\"image\":{\"@id\":\"https:\/\/www.smedemokrati.sk\/bratislava-moze-prist-pre-razov-stavebny-zakon-o-65-mil-eur-v-pripade-projektu-nove-lido-poslanci-to-mozu-zvratit\/#primaryimage\"},\"thumbnailUrl\":\"https:\/\/www.smedemokrati.sk\/wp-content\/uploads\/2024\/02\/raz.jpg\",\"datePublished\":\"2025-02-19T14:17:34+00:00\",\"dateModified\":\"2025-02-19T14:17:36+00:00\",\"breadcrumb\":{\"@id\":\"https:\/\/www.smedemokrati.sk\/bratislava-moze-prist-pre-razov-stavebny-zakon-o-65-mil-eur-v-pripade-projektu-nove-lido-poslanci-to-mozu-zvratit\/#breadcrumb\"},\"inLanguage\":\"sv-SE\",\"potentialAction\":[{\"@type\":\"ReadAction\",\"target\":[\"https:\/\/www.smedemokrati.sk\/bratislava-moze-prist-pre-razov-stavebny-zakon-o-65-mil-eur-v-pripade-projektu-nove-lido-poslanci-to-mozu-zvratit\/\"]}]},{\"@type\":\"ImageObject\",\"inLanguage\":\"sv-SE\",\"@id\":\"https:\/\/www.smedemokrati.sk\/bratislava-moze-prist-pre-razov-stavebny-zakon-o-65-mil-eur-v-pripade-projektu-nove-lido-poslanci-to-mozu-zvratit\/#primaryimage\",\"url\":\"https:\/\/www.smedemokrati.sk\/wp-content\/uploads\/2024\/02\/raz.jpg\",\"contentUrl\":\"https:\/\/www.smedemokrati.sk\/wp-content\/uploads\/2024\/02\/raz.jpg\",\"width\":1017,\"height\":573},{\"@type\":\"BreadcrumbList\",\"@id\":\"https:\/\/www.smedemokrati.sk\/bratislava-moze-prist-pre-razov-stavebny-zakon-o-65-mil-eur-v-pripade-projektu-nove-lido-poslanci-to-mozu-zvratit\/#breadcrumb\",\"itemListElement\":[{\"@type\":\"ListItem\",\"position\":1,\"name\":\"Domovsk\u00e1 str\u00e1nka\",\"item\":\"https:\/\/www.smedemokrati.sk\/\"},{\"@type\":\"ListItem\",\"position\":2,\"name\":\"Bratislava m\u00f4\u017ee pr\u00eds\u0165 pre R\u00e1\u017eov stavebn\u00fd z\u00e1kon o 6,5 mil. eur v pr\u00edpade projektu Nov\u00e9 Lido. Poslanci to m\u00f4\u017eu zvr\u00e1ti\u0165\"}]},{\"@type\":\"WebSite\",\"@id\":\"https:\/\/www.smedemokrati.sk\/#website\",\"url\":\"https:\/\/www.smedemokrati.sk\/\",\"name\":\"Smedemokrati.sk\",\"description\":\"Demokracia a slu\u0161nos\u0165 zv\u00ed\u0165az\u00ed\",\"publisher\":{\"@id\":\"https:\/\/www.smedemokrati.sk\/#organization\"},\"potentialAction\":[{\"@type\":\"SearchAction\",\"target\":{\"@type\":\"EntryPoint\",\"urlTemplate\":\"https:\/\/www.smedemokrati.sk\/?s={search_term_string}\"},\"query-input\":{\"@type\":\"PropertyValueSpecification\",\"valueRequired\":true,\"valueName\":\"search_term_string\"}}],\"inLanguage\":\"sv-SE\"},{\"@type\":\"Organization\",\"@id\":\"https:\/\/www.smedemokrati.sk\/#organization\",\"name\":\"Smedemokrati.sk\",\"url\":\"https:\/\/www.smedemokrati.sk\/\",\"logo\":{\"@type\":\"ImageObject\",\"inLanguage\":\"sv-SE\",\"@id\":\"https:\/\/www.smedemokrati.sk\/#\/schema\/logo\/image\/\",\"url\":\"https:\/\/www.smedemokrati.sk\/wp-content\/uploads\/2023\/04\/ff.002.jpeg\",\"contentUrl\":\"https:\/\/www.smedemokrati.sk\/wp-content\/uploads\/2023\/04\/ff.002.jpeg\",\"width\":640,\"height\":480,\"caption\":\"Smedemokrati.sk\"},\"image\":{\"@id\":\"https:\/\/www.smedemokrati.sk\/#\/schema\/logo\/image\/\"},\"sameAs\":[\"https:\/\/www.facebook.com\/smedemokrati2023\"]},{\"@type\":\"Person\",\"@id\":\"https:\/\/www.smedemokrati.sk\/#\/schema\/person\/21f147c88d605aa7ded900e1e7c344ba\",\"name\":\"miro.sopko\",\"image\":{\"@type\":\"ImageObject\",\"inLanguage\":\"sv-SE\",\"@id\":\"https:\/\/secure.gravatar.com\/avatar\/267e4a36f704376c109afe3a78740c1f5dd8675a2180a908699e7863c9247606?s=96&d=mm&r=g\",\"url\":\"https:\/\/secure.gravatar.com\/avatar\/267e4a36f704376c109afe3a78740c1f5dd8675a2180a908699e7863c9247606?s=96&d=mm&r=g\",\"contentUrl\":\"https:\/\/secure.gravatar.com\/avatar\/267e4a36f704376c109afe3a78740c1f5dd8675a2180a908699e7863c9247606?s=96&d=mm&r=g\",\"caption\":\"miro.sopko\"},\"url\":\"https:\/\/www.smedemokrati.sk\/sv\/author\/miro-sopko\/\"}]}<\/script>\n<!-- \/ Yoast SEO plugin. -->","yoast_head_json":{"title":"Bratislava m\u00f4\u017ee pr\u00eds\u0165 pre R\u00e1\u017eov stavebn\u00fd z\u00e1kon o 6,5 mil. eur v pr\u00edpade projektu Nov\u00e9 Lido. Poslanci to m\u00f4\u017eu zvr\u00e1ti\u0165","robots":{"index":"index","follow":"follow","max-snippet":"max-snippet:-1","max-image-preview":"max-image-preview:large","max-video-preview":"max-video-preview:-1"},"canonical":"https:\/\/www.smedemokrati.sk\/sv\/bratislava-moze-prist-pre-razov-stavebny-zakon-o-65-mil-eur-v-pripade-projektu-nove-lido-poslanci-to-mozu-zvratit\/","og_locale":"sv_SE","og_type":"article","og_title":"[:sk]Bratislava m\u00f4\u017ee pr\u00eds\u0165 pre R\u00e1\u017eov stavebn\u00fd z\u00e1kon o 6,5 mil. eur v pr\u00edpade projektu Nov\u00e9 Lido. Poslanci to m\u00f4\u017eu zvr\u00e1ti\u0165[:] - Smedemokrati.sk","og_description":"Demokrati dlhodobo upozor\u0148uj\u00fa na \u0161kodlivos\u0165 nov\u00e9ho stavebn\u00e9ho z\u00e1kona. Zmeny v pravidl\u00e1ch povo\u013eovania v\u00fdrubu drev\u00edn vyslovene po\u0161kodzuj\u00fa samospr\u00e1vy. Pr\u00edkladom je aj z\u00e1mer Nov\u00e9 Lido, o ktorom m\u00e1 mestsk\u00e9 zastupite\u013estvo Bratislavy hlasova\u0165 u\u017e zajtra (20.2.2025). V d\u00f4sledku zmien \u00fazemn\u00e9ho pl\u00e1nu a v spojitosti s nemo\u017enos\u0165ou ulo\u017eenia finan\u010dnej n\u00e1hrady m\u00f4\u017ee mesto len v tomto jedinom pr\u00edpade pr\u00eds\u0165 o [&hellip;]","og_url":"https:\/\/www.smedemokrati.sk\/sv\/bratislava-moze-prist-pre-razov-stavebny-zakon-o-65-mil-eur-v-pripade-projektu-nove-lido-poslanci-to-mozu-zvratit\/","og_site_name":"Smedemokrati.sk","article_publisher":"https:\/\/www.facebook.com\/smedemokrati2023","article_published_time":"2025-02-19T14:17:34+00:00","article_modified_time":"2025-02-19T14:17:36+00:00","og_image":[{"width":1017,"height":573,"url":"https:\/\/www.smedemokrati.sk\/wp-content\/uploads\/2024\/02\/raz.jpg","type":"image\/jpeg"}],"author":"miro.sopko","twitter_card":"summary_large_image","twitter_misc":{"Skriven av":"miro.sopko","Ber\u00e4knad l\u00e4stid":"2 minuter"},"schema":{"@context":"https:\/\/schema.org","@graph":[{"@type":"Article","@id":"https:\/\/www.smedemokrati.sk\/bratislava-moze-prist-pre-razov-stavebny-zakon-o-65-mil-eur-v-pripade-projektu-nove-lido-poslanci-to-mozu-zvratit\/#article","isPartOf":{"@id":"https:\/\/www.smedemokrati.sk\/bratislava-moze-prist-pre-razov-stavebny-zakon-o-65-mil-eur-v-pripade-projektu-nove-lido-poslanci-to-mozu-zvratit\/"},"author":{"name":"miro.sopko","@id":"https:\/\/www.smedemokrati.sk\/#\/schema\/person\/21f147c88d605aa7ded900e1e7c344ba"},"headline":"Bratislava m\u00f4\u017ee pr\u00eds\u0165 pre R\u00e1\u017eov stavebn\u00fd z\u00e1kon o 6,5 mil. eur v pr\u00edpade projektu Nov\u00e9 Lido. Poslanci to m\u00f4\u017eu zvr\u00e1ti\u0165","datePublished":"2025-02-19T14:17:34+00:00","dateModified":"2025-02-19T14:17:36+00:00","mainEntityOfPage":{"@id":"https:\/\/www.smedemokrati.sk\/bratislava-moze-prist-pre-razov-stavebny-zakon-o-65-mil-eur-v-pripade-projektu-nove-lido-poslanci-to-mozu-zvratit\/"},"wordCount":510,"publisher":{"@id":"https:\/\/www.smedemokrati.sk\/#organization"},"image":{"@id":"https:\/\/www.smedemokrati.sk\/bratislava-moze-prist-pre-razov-stavebny-zakon-o-65-mil-eur-v-pripade-projektu-nove-lido-poslanci-to-mozu-zvratit\/#primaryimage"},"thumbnailUrl":"https:\/\/www.smedemokrati.sk\/wp-content\/uploads\/2024\/02\/raz.jpg","articleSection":["Tla\u010dov\u00e9 spr\u00e1vy"],"inLanguage":"sv-SE"},{"@type":"WebPage","@id":"https:\/\/www.smedemokrati.sk\/bratislava-moze-prist-pre-razov-stavebny-zakon-o-65-mil-eur-v-pripade-projektu-nove-lido-poslanci-to-mozu-zvratit\/","url":"https:\/\/www.smedemokrati.sk\/bratislava-moze-prist-pre-razov-stavebny-zakon-o-65-mil-eur-v-pripade-projektu-nove-lido-poslanci-to-mozu-zvratit\/","name":"Bratislava m\u00f4\u017ee pr\u00eds\u0165 pre R\u00e1\u017eov stavebn\u00fd z\u00e1kon o 6,5 mil. eur v pr\u00edpade projektu Nov\u00e9 Lido. Poslanci to m\u00f4\u017eu zvr\u00e1ti\u0165","isPartOf":{"@id":"https:\/\/www.smedemokrati.sk\/#website"},"primaryImageOfPage":{"@id":"https:\/\/www.smedemokrati.sk\/bratislava-moze-prist-pre-razov-stavebny-zakon-o-65-mil-eur-v-pripade-projektu-nove-lido-poslanci-to-mozu-zvratit\/#primaryimage"},"image":{"@id":"https:\/\/www.smedemokrati.sk\/bratislava-moze-prist-pre-razov-stavebny-zakon-o-65-mil-eur-v-pripade-projektu-nove-lido-poslanci-to-mozu-zvratit\/#primaryimage"},"thumbnailUrl":"https:\/\/www.smedemokrati.sk\/wp-content\/uploads\/2024\/02\/raz.jpg","datePublished":"2025-02-19T14:17:34+00:00","dateModified":"2025-02-19T14:17:36+00:00","breadcrumb":{"@id":"https:\/\/www.smedemokrati.sk\/bratislava-moze-prist-pre-razov-stavebny-zakon-o-65-mil-eur-v-pripade-projektu-nove-lido-poslanci-to-mozu-zvratit\/#breadcrumb"},"inLanguage":"sv-SE","potentialAction":[{"@type":"ReadAction","target":["https:\/\/www.smedemokrati.sk\/bratislava-moze-prist-pre-razov-stavebny-zakon-o-65-mil-eur-v-pripade-projektu-nove-lido-poslanci-to-mozu-zvratit\/"]}]},{"@type":"ImageObject","inLanguage":"sv-SE","@id":"https:\/\/www.smedemokrati.sk\/bratislava-moze-prist-pre-razov-stavebny-zakon-o-65-mil-eur-v-pripade-projektu-nove-lido-poslanci-to-mozu-zvratit\/#primaryimage","url":"https:\/\/www.smedemokrati.sk\/wp-content\/uploads\/2024\/02\/raz.jpg","contentUrl":"https:\/\/www.smedemokrati.sk\/wp-content\/uploads\/2024\/02\/raz.jpg","width":1017,"height":573},{"@type":"BreadcrumbList","@id":"https:\/\/www.smedemokrati.sk\/bratislava-moze-prist-pre-razov-stavebny-zakon-o-65-mil-eur-v-pripade-projektu-nove-lido-poslanci-to-mozu-zvratit\/#breadcrumb","itemListElement":[{"@type":"ListItem","position":1,"name":"Domovsk\u00e1 str\u00e1nka","item":"https:\/\/www.smedemokrati.sk\/"},{"@type":"ListItem","position":2,"name":"Bratislava m\u00f4\u017ee pr\u00eds\u0165 pre R\u00e1\u017eov stavebn\u00fd z\u00e1kon o 6,5 mil. eur v pr\u00edpade projektu Nov\u00e9 Lido. Poslanci to m\u00f4\u017eu zvr\u00e1ti\u0165"}]},{"@type":"WebSite","@id":"https:\/\/www.smedemokrati.sk\/#website","url":"https:\/\/www.smedemokrati.sk\/","name":"Smedemokrati.sk","description":"Demokracia a slu\u0161nos\u0165 zv\u00ed\u0165az\u00ed","publisher":{"@id":"https:\/\/www.smedemokrati.sk\/#organization"},"potentialAction":[{"@type":"SearchAction","target":{"@type":"EntryPoint","urlTemplate":"https:\/\/www.smedemokrati.sk\/?s={search_term_string}"},"query-input":{"@type":"PropertyValueSpecification","valueRequired":true,"valueName":"search_term_string"}}],"inLanguage":"sv-SE"},{"@type":"Organization","@id":"https:\/\/www.smedemokrati.sk\/#organization","name":"Smedemokrati.sk","url":"https:\/\/www.smedemokrati.sk\/","logo":{"@type":"ImageObject","inLanguage":"sv-SE","@id":"https:\/\/www.smedemokrati.sk\/#\/schema\/logo\/image\/","url":"https:\/\/www.smedemokrati.sk\/wp-content\/uploads\/2023\/04\/ff.002.jpeg","contentUrl":"https:\/\/www.smedemokrati.sk\/wp-content\/uploads\/2023\/04\/ff.002.jpeg","width":640,"height":480,"caption":"Smedemokrati.sk"},"image":{"@id":"https:\/\/www.smedemokrati.sk\/#\/schema\/logo\/image\/"},"sameAs":["https:\/\/www.facebook.com\/smedemokrati2023"]},{"@type":"Person","@id":"https:\/\/www.smedemokrati.sk\/#\/schema\/person\/21f147c88d605aa7ded900e1e7c344ba","name":"miro.sopko","image":{"@type":"ImageObject","inLanguage":"sv-SE","@id":"https:\/\/secure.gravatar.com\/avatar\/267e4a36f704376c109afe3a78740c1f5dd8675a2180a908699e7863c9247606?s=96&d=mm&r=g","url":"https:\/\/secure.gravatar.com\/avatar\/267e4a36f704376c109afe3a78740c1f5dd8675a2180a908699e7863c9247606?s=96&d=mm&r=g","contentUrl":"https:\/\/secure.gravatar.com\/avatar\/267e4a36f704376c109afe3a78740c1f5dd8675a2180a908699e7863c9247606?s=96&d=mm&r=g","caption":"miro.sopko"},"url":"https:\/\/www.smedemokrati.sk\/sv\/author\/miro-sopko\/"}]}},"_links":{"self":[{"href":"https:\/\/www.smedemokrati.sk\/sv\/wp-json\/wp\/v2\/posts\/6446","targetHints":{"allow":["GET"]}}],"collection":[{"href":"https:\/\/www.smedemokrati.sk\/sv\/wp-json\/wp\/v2\/posts"}],"about":[{"href":"https:\/\/www.smedemokrati.sk\/sv\/wp-json\/wp\/v2\/types\/post"}],"author":[{"embeddable":true,"href":"https:\/\/www.smedemokrati.sk\/sv\/wp-json\/wp\/v2\/users\/13"}],"replies":[{"embeddable":true,"href":"https:\/\/www.smedemokrati.sk\/sv\/wp-json\/wp\/v2\/comments?post=6446"}],"version-history":[{"count":1,"href":"https:\/\/www.smedemokrati.sk\/sv\/wp-json\/wp\/v2\/posts\/6446\/revisions"}],"predecessor-version":[{"id":6447,"href":"https:\/\/www.smedemokrati.sk\/sv\/wp-json\/wp\/v2\/posts\/6446\/revisions\/6447"}],"wp:featuredmedia":[{"embeddable":true,"href":"https:\/\/www.smedemokrati.sk\/sv\/wp-json\/wp\/v2\/media\/2592"}],"wp:attachment":[{"href":"https:\/\/www.smedemokrati.sk\/sv\/wp-json\/wp\/v2\/media?parent=6446"}],"wp:term":[{"taxonomy":"category","embeddable":true,"href":"https:\/\/www.smedemokrati.sk\/sv\/wp-json\/wp\/v2\/categories?post=6446"},{"taxonomy":"post_tag","embeddable":true,"href":"https:\/\/www.smedemokrati.sk\/sv\/wp-json\/wp\/v2\/tags?post=6446"}],"curies":[{"name":"wp","href":"https:\/\/api.w.org\/{rel}","templated":true}]}}