{"id":6431,"date":"2025-02-17T19:29:04","date_gmt":"2025-02-17T18:29:04","guid":{"rendered":"https:\/\/www.smedemokrati.sk\/?p=6431"},"modified":"2025-02-17T19:29:07","modified_gmt":"2025-02-17T18:29:07","slug":"gregor-kuffa-nam-poslal-predzalobnu-vyzvu-nezastrasi-nas","status":"publish","type":"post","link":"https:\/\/www.smedemokrati.sk\/sv\/gregor-kuffa-nam-poslal-predzalobnu-vyzvu-nezastrasi-nas\/","title":{"rendered":"Gregor Kuffa n\u00e1m poslal pred\u017ealobn\u00fa v\u00fdzvu, nezastra\u0161\u00ed n\u00e1s"},"content":{"rendered":"<div id=\"fb-root\"><\/div>\n\n<p><strong>Gregor Kuffa \u017eiada od Demokratov 15 tis\u00edc eur ako mimos\u00fadne vyrovnanie, inak bude stranu \u017ealova\u0165 za to, \u017ee pou\u017eila jednu z jeho verejne dostupn\u00fdch fotografi\u00ed. Demokrati odpor\u00fa\u010daj\u00fa ako Gregorovi, tak \u010fal\u0161\u00edm Kuffovcom, aby to boli oni, kto sa ospravedln\u00ed verejnosti za papal\u00e1\u0161ske maniere a tie\u017e napr\u00edklad za \u00fa\u010das\u0165 Gregora Kuffu na ofici\u00e1lnych rokovaniach pod hlavi\u010dkou \u017eivotn\u00e9ho prostredia, na ktor\u00fdch nem\u00e1 \u010do robi\u0165.&nbsp;<\/strong><\/p>\n\n\n\n<p>V\u010dera (16. febru\u00e1r 2025) vo ve\u010dern\u00fdch hodin\u00e1ch bola strane Demokrati mailom doru\u010den\u00e1 pred\u017ealobn\u00e1 v\u00fdzva zo strany Gregora Kuffu, kde po\u017eaduje okrem 15 tis\u00edc eur aj ospravedlnenie za pou\u017eitie jeho fotografie: <em>\u201eV\u00e1\u017een\u00fd p\u00e1n Gregor Kuffa, vo Va\u0161om mene sa ospravedl\u0148ujeme ob\u010danom Slovenskej republiky, \u017ee ich mus\u00edme ka\u017ed\u00fd t\u00fd\u017ede\u0148 transparentne informova\u0165 o klientelizme a papal\u00e1\u0161izme na ministerstve \u017eivotn\u00e9ho prostredia, o dopravn\u00fdch nehod\u00e1ch Va\u0161ich pr\u00edbuzn\u00fdch, napr\u00edklad na vozidl\u00e1ch, ktor\u00e9 maj\u00fa by\u0165 pou\u017e\u00edvan\u00e9 iba na pracovn\u00e9 \u00fa\u010dely a o nar\u00fdchlo chystan\u00fdch k\u0161eftoch, ktor\u00e9 s\u00fa vedeniu rezortu prednej\u0161ie ako ochrana pr\u00edrody a majetku \u013eud\u00ed.&#8221; <\/em>Hovor\u00ed predseda strany Jaroslav Na\u010f a odkazuje, \u017ee ak t\u00e1to pred\u017ealobn\u00e1 v\u00fdzva m\u00e1 by\u0165 \u010fal\u0161\u00edm gestom zastra\u0161ovania, ide o chab\u00fd pokus.<\/p>\n\n\n\n<p><em>\u201eV\u00e1\u017een\u00fd p\u00e1n Kuffa, budeme radi, ak budeme m\u00f4c\u0165 Va\u0161e fotografie a fotografie Va\u0161ich rodinn\u00fdch pr\u00edslu\u0161n\u00edkov pou\u017e\u00edva\u0165 na to, aby sme spropagovali pozit\u00edvne kroky rezortu vo\u010di \u013eu\u010fom a vo\u010di \u017eivotn\u00e9mu prostrediu. Na to je v\u0161ak potrebn\u00e9, aby Va\u0161i pr\u00edbuzn\u00ed ako vedenie rezortu upustili od papal\u00e1\u0161skych prakt\u00edk, aby viac nevyhadzovali uzn\u00e1van\u00fdch odborn\u00edkov, nezasahovali do rozhodovac\u00edch procesov na rezorte a neprem\u00e1vali sa na \u0161tvorkolke v chr\u00e1nen\u00fdch \u00fazemiach. Rovnako by sme ocenili, keby V\u00e1s ako svoju rodinu nebrali na rokovania, kde \u00faprimne, nem\u00e1te \u010do robi\u0165.&#8221; <\/em>Uzatvoril predseda Demokratov a vyzval Gregora Kuffu aby to bol on, kto sa za svoje konanie a tie\u017e negat\u00edvne aktivity svojich rodinn\u00fdch pr\u00edslu\u0161n\u00edkov ospravedln\u00ed.<\/p>\n\n\n\n<p><\/p>\n","protected":false},"excerpt":{"rendered":"<p>Gregor Kuffa \u017eiada od Demokratov 15 tis\u00edc eur ako mimos\u00fadne vyrovnanie, inak bude stranu \u017ealova\u0165 za to, \u017ee pou\u017eila jednu z jeho verejne dostupn\u00fdch fotografi\u00ed. Demokrati odpor\u00fa\u010daj\u00fa ako Gregorovi, tak \u010fal\u0161\u00edm Kuffovcom, aby to boli oni, kto sa ospravedln\u00ed verejnosti za papal\u00e1\u0161ske maniere a tie\u017e napr\u00edklad za \u00fa\u010das\u0165 Gregora Kuffu na ofici\u00e1lnych rokovaniach pod hlavi\u010dkou [&hellip;]<\/p>\n","protected":false},"author":13,"featured_media":6432,"comment_status":"closed","ping_status":"closed","sticky":false,"template":"","format":"standard","meta":{"_acf_changed":false,"ngg_post_thumbnail":0,"footnotes":""},"categories":[4],"tags":[],"class_list":["post-6431","post","type-post","status-publish","format-standard","has-post-thumbnail","hentry","category-tlacove-spravy"],"acf":[],"yoast_head":"<!-- This site is optimized with the Yoast SEO plugin v27.2 - https:\/\/yoast.com\/product\/yoast-seo-wordpress\/ -->\n<title>Gregor Kuffa n\u00e1m poslal pred\u017ealobn\u00fa v\u00fdzvu, nezastra\u0161\u00ed n\u00e1s<\/title>\n<meta name=\"robots\" content=\"index, follow, max-snippet:-1, max-image-preview:large, max-video-preview:-1\" \/>\n<link rel=\"canonical\" href=\"https:\/\/www.smedemokrati.sk\/sv\/gregor-kuffa-nam-poslal-predzalobnu-vyzvu-nezastrasi-nas\/\" \/>\n<meta property=\"og:locale\" content=\"sv_SE\" \/>\n<meta property=\"og:locale:alternate\" content=\"en_US\" \/>\n<meta property=\"og:locale:alternate\" content=\"cs_CZ\" \/>\n<meta property=\"og:locale:alternate\" content=\"hu_HU\" \/>\n<meta property=\"og:locale:alternate\" content=\"sk_SK\" \/>\n<meta property=\"og:type\" content=\"article\" \/>\n<meta property=\"og:title\" content=\"Gregor Kuffa n\u00e1m poslal pred\u017ealobn\u00fa v\u00fdzvu, nezastra\u0161\u00ed n\u00e1s\" \/>\n<meta property=\"og:description\" content=\"Gregor Kuffa \u017eiada od Demokratov 15 tis\u00edc eur ako mimos\u00fadne vyrovnanie, inak bude stranu \u017ealova\u0165 za to, \u017ee pou\u017eila jednu z jeho verejne dostupn\u00fdch fotografi\u00ed. Demokrati odpor\u00fa\u010daj\u00fa ako Gregorovi, tak \u010fal\u0161\u00edm Kuffovcom, aby to boli oni, kto sa ospravedln\u00ed verejnosti za papal\u00e1\u0161ske maniere a tie\u017e napr\u00edklad za \u00fa\u010das\u0165 Gregora Kuffu na ofici\u00e1lnych rokovaniach pod hlavi\u010dkou [&hellip;]\" \/>\n<meta property=\"og:url\" content=\"https:\/\/www.smedemokrati.sk\/sv\/gregor-kuffa-nam-poslal-predzalobnu-vyzvu-nezastrasi-nas\/\" \/>\n<meta property=\"og:site_name\" content=\"Smedemokrati.sk\" \/>\n<meta property=\"article:publisher\" content=\"https:\/\/www.facebook.com\/smedemokrati2023\" \/>\n<meta property=\"article:published_time\" content=\"2025-02-17T18:29:04+00:00\" \/>\n<meta property=\"article:modified_time\" content=\"2025-02-17T18:29:07+00:00\" \/>\n<meta property=\"og:image\" content=\"https:\/\/www.smedemokrati.sk\/wp-content\/uploads\/2025\/02\/480540153_1204600497699443_8091770284533449960_n.jpg\" \/>\n\t<meta property=\"og:image:width\" content=\"1638\" \/>\n\t<meta property=\"og:image:height\" content=\"2048\" \/>\n\t<meta property=\"og:image:type\" content=\"image\/jpeg\" \/>\n<meta name=\"author\" content=\"miro.sopko\" \/>\n<meta name=\"twitter:card\" content=\"summary_large_image\" \/>\n<meta name=\"twitter:label1\" content=\"Skriven av\" \/>\n\t<meta name=\"twitter:data1\" content=\"miro.sopko\" \/>\n\t<meta name=\"twitter:label2\" content=\"Ber\u00e4knad l\u00e4stid\" \/>\n\t<meta name=\"twitter:data2\" content=\"2 minuter\" \/>\n<script type=\"application\/ld+json\" class=\"yoast-schema-graph\">{\"@context\":\"https:\/\/schema.org\",\"@graph\":[{\"@type\":\"Article\",\"@id\":\"https:\/\/www.smedemokrati.sk\/gregor-kuffa-nam-poslal-predzalobnu-vyzvu-nezastrasi-nas\/#article\",\"isPartOf\":{\"@id\":\"https:\/\/www.smedemokrati.sk\/gregor-kuffa-nam-poslal-predzalobnu-vyzvu-nezastrasi-nas\/\"},\"author\":{\"name\":\"miro.sopko\",\"@id\":\"https:\/\/www.smedemokrati.sk\/#\/schema\/person\/21f147c88d605aa7ded900e1e7c344ba\"},\"headline\":\"Gregor Kuffa n\u00e1m poslal pred\u017ealobn\u00fa v\u00fdzvu, nezastra\u0161\u00ed n\u00e1s\",\"datePublished\":\"2025-02-17T18:29:04+00:00\",\"dateModified\":\"2025-02-17T18:29:07+00:00\",\"mainEntityOfPage\":{\"@id\":\"https:\/\/www.smedemokrati.sk\/gregor-kuffa-nam-poslal-predzalobnu-vyzvu-nezastrasi-nas\/\"},\"wordCount\":373,\"publisher\":{\"@id\":\"https:\/\/www.smedemokrati.sk\/#organization\"},\"image\":{\"@id\":\"https:\/\/www.smedemokrati.sk\/gregor-kuffa-nam-poslal-predzalobnu-vyzvu-nezastrasi-nas\/#primaryimage\"},\"thumbnailUrl\":\"https:\/\/www.smedemokrati.sk\/wp-content\/uploads\/2025\/02\/480540153_1204600497699443_8091770284533449960_n.jpg\",\"articleSection\":[\"Tla\u010dov\u00e9 spr\u00e1vy\"],\"inLanguage\":\"sv-SE\"},{\"@type\":\"WebPage\",\"@id\":\"https:\/\/www.smedemokrati.sk\/gregor-kuffa-nam-poslal-predzalobnu-vyzvu-nezastrasi-nas\/\",\"url\":\"https:\/\/www.smedemokrati.sk\/gregor-kuffa-nam-poslal-predzalobnu-vyzvu-nezastrasi-nas\/\",\"name\":\"Gregor Kuffa n\u00e1m poslal pred\u017ealobn\u00fa v\u00fdzvu, nezastra\u0161\u00ed n\u00e1s\",\"isPartOf\":{\"@id\":\"https:\/\/www.smedemokrati.sk\/#website\"},\"primaryImageOfPage\":{\"@id\":\"https:\/\/www.smedemokrati.sk\/gregor-kuffa-nam-poslal-predzalobnu-vyzvu-nezastrasi-nas\/#primaryimage\"},\"image\":{\"@id\":\"https:\/\/www.smedemokrati.sk\/gregor-kuffa-nam-poslal-predzalobnu-vyzvu-nezastrasi-nas\/#primaryimage\"},\"thumbnailUrl\":\"https:\/\/www.smedemokrati.sk\/wp-content\/uploads\/2025\/02\/480540153_1204600497699443_8091770284533449960_n.jpg\",\"datePublished\":\"2025-02-17T18:29:04+00:00\",\"dateModified\":\"2025-02-17T18:29:07+00:00\",\"breadcrumb\":{\"@id\":\"https:\/\/www.smedemokrati.sk\/gregor-kuffa-nam-poslal-predzalobnu-vyzvu-nezastrasi-nas\/#breadcrumb\"},\"inLanguage\":\"sv-SE\",\"potentialAction\":[{\"@type\":\"ReadAction\",\"target\":[\"https:\/\/www.smedemokrati.sk\/gregor-kuffa-nam-poslal-predzalobnu-vyzvu-nezastrasi-nas\/\"]}]},{\"@type\":\"ImageObject\",\"inLanguage\":\"sv-SE\",\"@id\":\"https:\/\/www.smedemokrati.sk\/gregor-kuffa-nam-poslal-predzalobnu-vyzvu-nezastrasi-nas\/#primaryimage\",\"url\":\"https:\/\/www.smedemokrati.sk\/wp-content\/uploads\/2025\/02\/480540153_1204600497699443_8091770284533449960_n.jpg\",\"contentUrl\":\"https:\/\/www.smedemokrati.sk\/wp-content\/uploads\/2025\/02\/480540153_1204600497699443_8091770284533449960_n.jpg\",\"width\":1638,\"height\":2048},{\"@type\":\"BreadcrumbList\",\"@id\":\"https:\/\/www.smedemokrati.sk\/gregor-kuffa-nam-poslal-predzalobnu-vyzvu-nezastrasi-nas\/#breadcrumb\",\"itemListElement\":[{\"@type\":\"ListItem\",\"position\":1,\"name\":\"Domovsk\u00e1 str\u00e1nka\",\"item\":\"https:\/\/www.smedemokrati.sk\/\"},{\"@type\":\"ListItem\",\"position\":2,\"name\":\"Gregor Kuffa n\u00e1m poslal pred\u017ealobn\u00fa v\u00fdzvu, nezastra\u0161\u00ed n\u00e1s\"}]},{\"@type\":\"WebSite\",\"@id\":\"https:\/\/www.smedemokrati.sk\/#website\",\"url\":\"https:\/\/www.smedemokrati.sk\/\",\"name\":\"Smedemokrati.sk\",\"description\":\"Demokracia a slu\u0161nos\u0165 zv\u00ed\u0165az\u00ed\",\"publisher\":{\"@id\":\"https:\/\/www.smedemokrati.sk\/#organization\"},\"potentialAction\":[{\"@type\":\"SearchAction\",\"target\":{\"@type\":\"EntryPoint\",\"urlTemplate\":\"https:\/\/www.smedemokrati.sk\/?s={search_term_string}\"},\"query-input\":{\"@type\":\"PropertyValueSpecification\",\"valueRequired\":true,\"valueName\":\"search_term_string\"}}],\"inLanguage\":\"sv-SE\"},{\"@type\":\"Organization\",\"@id\":\"https:\/\/www.smedemokrati.sk\/#organization\",\"name\":\"Smedemokrati.sk\",\"url\":\"https:\/\/www.smedemokrati.sk\/\",\"logo\":{\"@type\":\"ImageObject\",\"inLanguage\":\"sv-SE\",\"@id\":\"https:\/\/www.smedemokrati.sk\/#\/schema\/logo\/image\/\",\"url\":\"https:\/\/www.smedemokrati.sk\/wp-content\/uploads\/2023\/04\/ff.002.jpeg\",\"contentUrl\":\"https:\/\/www.smedemokrati.sk\/wp-content\/uploads\/2023\/04\/ff.002.jpeg\",\"width\":640,\"height\":480,\"caption\":\"Smedemokrati.sk\"},\"image\":{\"@id\":\"https:\/\/www.smedemokrati.sk\/#\/schema\/logo\/image\/\"},\"sameAs\":[\"https:\/\/www.facebook.com\/smedemokrati2023\"]},{\"@type\":\"Person\",\"@id\":\"https:\/\/www.smedemokrati.sk\/#\/schema\/person\/21f147c88d605aa7ded900e1e7c344ba\",\"name\":\"miro.sopko\",\"image\":{\"@type\":\"ImageObject\",\"inLanguage\":\"sv-SE\",\"@id\":\"https:\/\/secure.gravatar.com\/avatar\/267e4a36f704376c109afe3a78740c1f5dd8675a2180a908699e7863c9247606?s=96&d=mm&r=g\",\"url\":\"https:\/\/secure.gravatar.com\/avatar\/267e4a36f704376c109afe3a78740c1f5dd8675a2180a908699e7863c9247606?s=96&d=mm&r=g\",\"contentUrl\":\"https:\/\/secure.gravatar.com\/avatar\/267e4a36f704376c109afe3a78740c1f5dd8675a2180a908699e7863c9247606?s=96&d=mm&r=g\",\"caption\":\"miro.sopko\"},\"url\":\"https:\/\/www.smedemokrati.sk\/sv\/author\/miro-sopko\/\"}]}<\/script>\n<!-- \/ Yoast SEO plugin. -->","yoast_head_json":{"title":"Gregor Kuffa n\u00e1m poslal pred\u017ealobn\u00fa v\u00fdzvu, nezastra\u0161\u00ed n\u00e1s","robots":{"index":"index","follow":"follow","max-snippet":"max-snippet:-1","max-image-preview":"max-image-preview:large","max-video-preview":"max-video-preview:-1"},"canonical":"https:\/\/www.smedemokrati.sk\/sv\/gregor-kuffa-nam-poslal-predzalobnu-vyzvu-nezastrasi-nas\/","og_locale":"sv_SE","og_type":"article","og_title":"[:sk]Gregor Kuffa n\u00e1m poslal pred\u017ealobn\u00fa v\u00fdzvu, nezastra\u0161\u00ed n\u00e1s[:] - Smedemokrati.sk","og_description":"Gregor Kuffa \u017eiada od Demokratov 15 tis\u00edc eur ako mimos\u00fadne vyrovnanie, inak bude stranu \u017ealova\u0165 za to, \u017ee pou\u017eila jednu z jeho verejne dostupn\u00fdch fotografi\u00ed. Demokrati odpor\u00fa\u010daj\u00fa ako Gregorovi, tak \u010fal\u0161\u00edm Kuffovcom, aby to boli oni, kto sa ospravedln\u00ed verejnosti za papal\u00e1\u0161ske maniere a tie\u017e napr\u00edklad za \u00fa\u010das\u0165 Gregora Kuffu na ofici\u00e1lnych rokovaniach pod hlavi\u010dkou [&hellip;]","og_url":"https:\/\/www.smedemokrati.sk\/sv\/gregor-kuffa-nam-poslal-predzalobnu-vyzvu-nezastrasi-nas\/","og_site_name":"Smedemokrati.sk","article_publisher":"https:\/\/www.facebook.com\/smedemokrati2023","article_published_time":"2025-02-17T18:29:04+00:00","article_modified_time":"2025-02-17T18:29:07+00:00","og_image":[{"width":1638,"height":2048,"url":"https:\/\/www.smedemokrati.sk\/wp-content\/uploads\/2025\/02\/480540153_1204600497699443_8091770284533449960_n.jpg","type":"image\/jpeg"}],"author":"miro.sopko","twitter_card":"summary_large_image","twitter_misc":{"Skriven av":"miro.sopko","Ber\u00e4knad l\u00e4stid":"2 minuter"},"schema":{"@context":"https:\/\/schema.org","@graph":[{"@type":"Article","@id":"https:\/\/www.smedemokrati.sk\/gregor-kuffa-nam-poslal-predzalobnu-vyzvu-nezastrasi-nas\/#article","isPartOf":{"@id":"https:\/\/www.smedemokrati.sk\/gregor-kuffa-nam-poslal-predzalobnu-vyzvu-nezastrasi-nas\/"},"author":{"name":"miro.sopko","@id":"https:\/\/www.smedemokrati.sk\/#\/schema\/person\/21f147c88d605aa7ded900e1e7c344ba"},"headline":"Gregor Kuffa n\u00e1m poslal pred\u017ealobn\u00fa v\u00fdzvu, nezastra\u0161\u00ed n\u00e1s","datePublished":"2025-02-17T18:29:04+00:00","dateModified":"2025-02-17T18:29:07+00:00","mainEntityOfPage":{"@id":"https:\/\/www.smedemokrati.sk\/gregor-kuffa-nam-poslal-predzalobnu-vyzvu-nezastrasi-nas\/"},"wordCount":373,"publisher":{"@id":"https:\/\/www.smedemokrati.sk\/#organization"},"image":{"@id":"https:\/\/www.smedemokrati.sk\/gregor-kuffa-nam-poslal-predzalobnu-vyzvu-nezastrasi-nas\/#primaryimage"},"thumbnailUrl":"https:\/\/www.smedemokrati.sk\/wp-content\/uploads\/2025\/02\/480540153_1204600497699443_8091770284533449960_n.jpg","articleSection":["Tla\u010dov\u00e9 spr\u00e1vy"],"inLanguage":"sv-SE"},{"@type":"WebPage","@id":"https:\/\/www.smedemokrati.sk\/gregor-kuffa-nam-poslal-predzalobnu-vyzvu-nezastrasi-nas\/","url":"https:\/\/www.smedemokrati.sk\/gregor-kuffa-nam-poslal-predzalobnu-vyzvu-nezastrasi-nas\/","name":"Gregor Kuffa n\u00e1m poslal pred\u017ealobn\u00fa v\u00fdzvu, nezastra\u0161\u00ed n\u00e1s","isPartOf":{"@id":"https:\/\/www.smedemokrati.sk\/#website"},"primaryImageOfPage":{"@id":"https:\/\/www.smedemokrati.sk\/gregor-kuffa-nam-poslal-predzalobnu-vyzvu-nezastrasi-nas\/#primaryimage"},"image":{"@id":"https:\/\/www.smedemokrati.sk\/gregor-kuffa-nam-poslal-predzalobnu-vyzvu-nezastrasi-nas\/#primaryimage"},"thumbnailUrl":"https:\/\/www.smedemokrati.sk\/wp-content\/uploads\/2025\/02\/480540153_1204600497699443_8091770284533449960_n.jpg","datePublished":"2025-02-17T18:29:04+00:00","dateModified":"2025-02-17T18:29:07+00:00","breadcrumb":{"@id":"https:\/\/www.smedemokrati.sk\/gregor-kuffa-nam-poslal-predzalobnu-vyzvu-nezastrasi-nas\/#breadcrumb"},"inLanguage":"sv-SE","potentialAction":[{"@type":"ReadAction","target":["https:\/\/www.smedemokrati.sk\/gregor-kuffa-nam-poslal-predzalobnu-vyzvu-nezastrasi-nas\/"]}]},{"@type":"ImageObject","inLanguage":"sv-SE","@id":"https:\/\/www.smedemokrati.sk\/gregor-kuffa-nam-poslal-predzalobnu-vyzvu-nezastrasi-nas\/#primaryimage","url":"https:\/\/www.smedemokrati.sk\/wp-content\/uploads\/2025\/02\/480540153_1204600497699443_8091770284533449960_n.jpg","contentUrl":"https:\/\/www.smedemokrati.sk\/wp-content\/uploads\/2025\/02\/480540153_1204600497699443_8091770284533449960_n.jpg","width":1638,"height":2048},{"@type":"BreadcrumbList","@id":"https:\/\/www.smedemokrati.sk\/gregor-kuffa-nam-poslal-predzalobnu-vyzvu-nezastrasi-nas\/#breadcrumb","itemListElement":[{"@type":"ListItem","position":1,"name":"Domovsk\u00e1 str\u00e1nka","item":"https:\/\/www.smedemokrati.sk\/"},{"@type":"ListItem","position":2,"name":"Gregor Kuffa n\u00e1m poslal pred\u017ealobn\u00fa v\u00fdzvu, nezastra\u0161\u00ed n\u00e1s"}]},{"@type":"WebSite","@id":"https:\/\/www.smedemokrati.sk\/#website","url":"https:\/\/www.smedemokrati.sk\/","name":"Smedemokrati.sk","description":"Demokracia a slu\u0161nos\u0165 zv\u00ed\u0165az\u00ed","publisher":{"@id":"https:\/\/www.smedemokrati.sk\/#organization"},"potentialAction":[{"@type":"SearchAction","target":{"@type":"EntryPoint","urlTemplate":"https:\/\/www.smedemokrati.sk\/?s={search_term_string}"},"query-input":{"@type":"PropertyValueSpecification","valueRequired":true,"valueName":"search_term_string"}}],"inLanguage":"sv-SE"},{"@type":"Organization","@id":"https:\/\/www.smedemokrati.sk\/#organization","name":"Smedemokrati.sk","url":"https:\/\/www.smedemokrati.sk\/","logo":{"@type":"ImageObject","inLanguage":"sv-SE","@id":"https:\/\/www.smedemokrati.sk\/#\/schema\/logo\/image\/","url":"https:\/\/www.smedemokrati.sk\/wp-content\/uploads\/2023\/04\/ff.002.jpeg","contentUrl":"https:\/\/www.smedemokrati.sk\/wp-content\/uploads\/2023\/04\/ff.002.jpeg","width":640,"height":480,"caption":"Smedemokrati.sk"},"image":{"@id":"https:\/\/www.smedemokrati.sk\/#\/schema\/logo\/image\/"},"sameAs":["https:\/\/www.facebook.com\/smedemokrati2023"]},{"@type":"Person","@id":"https:\/\/www.smedemokrati.sk\/#\/schema\/person\/21f147c88d605aa7ded900e1e7c344ba","name":"miro.sopko","image":{"@type":"ImageObject","inLanguage":"sv-SE","@id":"https:\/\/secure.gravatar.com\/avatar\/267e4a36f704376c109afe3a78740c1f5dd8675a2180a908699e7863c9247606?s=96&d=mm&r=g","url":"https:\/\/secure.gravatar.com\/avatar\/267e4a36f704376c109afe3a78740c1f5dd8675a2180a908699e7863c9247606?s=96&d=mm&r=g","contentUrl":"https:\/\/secure.gravatar.com\/avatar\/267e4a36f704376c109afe3a78740c1f5dd8675a2180a908699e7863c9247606?s=96&d=mm&r=g","caption":"miro.sopko"},"url":"https:\/\/www.smedemokrati.sk\/sv\/author\/miro-sopko\/"}]}},"_links":{"self":[{"href":"https:\/\/www.smedemokrati.sk\/sv\/wp-json\/wp\/v2\/posts\/6431","targetHints":{"allow":["GET"]}}],"collection":[{"href":"https:\/\/www.smedemokrati.sk\/sv\/wp-json\/wp\/v2\/posts"}],"about":[{"href":"https:\/\/www.smedemokrati.sk\/sv\/wp-json\/wp\/v2\/types\/post"}],"author":[{"embeddable":true,"href":"https:\/\/www.smedemokrati.sk\/sv\/wp-json\/wp\/v2\/users\/13"}],"replies":[{"embeddable":true,"href":"https:\/\/www.smedemokrati.sk\/sv\/wp-json\/wp\/v2\/comments?post=6431"}],"version-history":[{"count":1,"href":"https:\/\/www.smedemokrati.sk\/sv\/wp-json\/wp\/v2\/posts\/6431\/revisions"}],"predecessor-version":[{"id":6433,"href":"https:\/\/www.smedemokrati.sk\/sv\/wp-json\/wp\/v2\/posts\/6431\/revisions\/6433"}],"wp:featuredmedia":[{"embeddable":true,"href":"https:\/\/www.smedemokrati.sk\/sv\/wp-json\/wp\/v2\/media\/6432"}],"wp:attachment":[{"href":"https:\/\/www.smedemokrati.sk\/sv\/wp-json\/wp\/v2\/media?parent=6431"}],"wp:term":[{"taxonomy":"category","embeddable":true,"href":"https:\/\/www.smedemokrati.sk\/sv\/wp-json\/wp\/v2\/categories?post=6431"},{"taxonomy":"post_tag","embeddable":true,"href":"https:\/\/www.smedemokrati.sk\/sv\/wp-json\/wp\/v2\/tags?post=6431"}],"curies":[{"name":"wp","href":"https:\/\/api.w.org\/{rel}","templated":true}]}}