{"id":6386,"date":"2025-02-13T19:54:09","date_gmt":"2025-02-13T18:54:09","guid":{"rendered":"https:\/\/www.smedemokrati.sk\/?p=6386"},"modified":"2025-02-13T19:54:10","modified_gmt":"2025-02-13T18:54:10","slug":"nepolavujeme-aj-na-tento-tyzden-sme-zorganizovali-protestne-podujatia","status":"publish","type":"post","link":"https:\/\/www.smedemokrati.sk\/sv\/nepolavujeme-aj-na-tento-tyzden-sme-zorganizovali-protestne-podujatia\/","title":{"rendered":"Nepo\u013eavujeme, aj na tento t\u00fd\u017ede\u0148 sme zorganizovali protestn\u00e9 podujatia"},"content":{"rendered":"<div id=\"fb-root\"><\/div>\n\n<p><strong>Demokrati pokra\u010duj\u00fa v organiz\u00e1cii protestn\u00fdch zhroma\u017eden\u00ed a pochodov. V Sabinove sa m\u00f4\u017ee verejnos\u0165 pripoji\u0165 k protestn\u00e9mu pochodu od parku pri kostole od 16:00, a to u\u017e dnes 13. febru\u00e1ra.&nbsp;<\/strong><\/p>\n\n\n\n<p>V piatok 14. febru\u00e1ra pokra\u010duj\u00fa podujatia v Ko\u0161iciach, Pre\u0161ove a Ro\u017e\u0148ave. V Ko\u0161iciach za\u010dne protestn\u00fd pochod od 16:00 na Hlavnej pri Dolnej Br\u00e1ne, protest v Ro\u017e\u0148ave za\u010d\u00edna o 18:00. Oboch akci\u00ed sa z\u00fa\u010dastn\u00ed aj predseda strany Demokrati Jaroslav Na\u010f.&nbsp;<\/p>\n\n\n\n<p>V Pre\u0161ove u\u017e tradi\u010dne, bude pochod za\u010d\u00edna\u0165 od OC Novum o 17:00.&nbsp;<\/p>\n\n\n\n<p>Link na event:&nbsp;<a href=\"https:\/\/www.facebook.com\/events\/614596357843410\/?acontext=%7B%22event_action_history%22%3A[]%7D\" target=\"_blank\" rel=\"noreferrer noopener\">https:\/\/www.facebook.com\/events\/614596357843410\/?acontext=%7B%22event_action_history%22%3A[]%7D<\/a><\/p>\n","protected":false},"excerpt":{"rendered":"<p>Demokrati pokra\u010duj\u00fa v organiz\u00e1cii protestn\u00fdch zhroma\u017eden\u00ed a pochodov. V Sabinove sa m\u00f4\u017ee verejnos\u0165 pripoji\u0165 k protestn\u00e9mu pochodu od parku pri kostole od 16:00, a to u\u017e dnes 13. febru\u00e1ra.&nbsp; V piatok 14. febru\u00e1ra pokra\u010duj\u00fa podujatia v Ko\u0161iciach, Pre\u0161ove a Ro\u017e\u0148ave. V Ko\u0161iciach za\u010dne protestn\u00fd pochod od 16:00 na Hlavnej pri Dolnej Br\u00e1ne, protest v Ro\u017e\u0148ave [&hellip;]<\/p>\n","protected":false},"author":13,"featured_media":6387,"comment_status":"closed","ping_status":"closed","sticky":false,"template":"","format":"standard","meta":{"_acf_changed":false,"ngg_post_thumbnail":0,"footnotes":""},"categories":[4],"tags":[],"class_list":["post-6386","post","type-post","status-publish","format-standard","has-post-thumbnail","hentry","category-tlacove-spravy"],"acf":[],"yoast_head":"<!-- This site is optimized with the Yoast SEO plugin v27.2 - https:\/\/yoast.com\/product\/yoast-seo-wordpress\/ -->\n<title>Nepo\u013eavujeme, aj na tento t\u00fd\u017ede\u0148 sme zorganizovali protestn\u00e9 podujatia<\/title>\n<meta name=\"robots\" content=\"index, follow, max-snippet:-1, max-image-preview:large, max-video-preview:-1\" \/>\n<link rel=\"canonical\" href=\"https:\/\/www.smedemokrati.sk\/sv\/nepolavujeme-aj-na-tento-tyzden-sme-zorganizovali-protestne-podujatia\/\" \/>\n<meta property=\"og:locale\" content=\"sv_SE\" \/>\n<meta property=\"og:locale:alternate\" content=\"en_US\" \/>\n<meta property=\"og:locale:alternate\" content=\"cs_CZ\" \/>\n<meta property=\"og:locale:alternate\" content=\"hu_HU\" \/>\n<meta property=\"og:locale:alternate\" content=\"sk_SK\" \/>\n<meta property=\"og:type\" content=\"article\" \/>\n<meta property=\"og:title\" content=\"Nepo\u013eavujeme, aj na tento t\u00fd\u017ede\u0148 sme zorganizovali protestn\u00e9 podujatia\" \/>\n<meta property=\"og:description\" content=\"Demokrati pokra\u010duj\u00fa v organiz\u00e1cii protestn\u00fdch zhroma\u017eden\u00ed a pochodov. V Sabinove sa m\u00f4\u017ee verejnos\u0165 pripoji\u0165 k protestn\u00e9mu pochodu od parku pri kostole od 16:00, a to u\u017e dnes 13. febru\u00e1ra.&nbsp; V piatok 14. febru\u00e1ra pokra\u010duj\u00fa podujatia v Ko\u0161iciach, Pre\u0161ove a Ro\u017e\u0148ave. V Ko\u0161iciach za\u010dne protestn\u00fd pochod od 16:00 na Hlavnej pri Dolnej Br\u00e1ne, protest v Ro\u017e\u0148ave [&hellip;]\" \/>\n<meta property=\"og:url\" content=\"https:\/\/www.smedemokrati.sk\/sv\/nepolavujeme-aj-na-tento-tyzden-sme-zorganizovali-protestne-podujatia\/\" \/>\n<meta property=\"og:site_name\" content=\"Smedemokrati.sk\" \/>\n<meta property=\"article:publisher\" content=\"https:\/\/www.facebook.com\/smedemokrati2023\" \/>\n<meta property=\"article:published_time\" content=\"2025-02-13T18:54:09+00:00\" \/>\n<meta property=\"article:modified_time\" content=\"2025-02-13T18:54:10+00:00\" \/>\n<meta property=\"og:image\" content=\"https:\/\/www.smedemokrati.sk\/wp-content\/uploads\/2025\/02\/476429818_1199840108175482_4138313716166393224_n.jpg\" \/>\n\t<meta property=\"og:image:width\" content=\"960\" \/>\n\t<meta property=\"og:image:height\" content=\"503\" \/>\n\t<meta property=\"og:image:type\" content=\"image\/jpeg\" \/>\n<meta name=\"author\" content=\"miro.sopko\" \/>\n<meta name=\"twitter:card\" content=\"summary_large_image\" \/>\n<meta name=\"twitter:label1\" content=\"Skriven av\" \/>\n\t<meta name=\"twitter:data1\" content=\"miro.sopko\" \/>\n\t<meta name=\"twitter:label2\" content=\"Ber\u00e4knad l\u00e4stid\" \/>\n\t<meta name=\"twitter:data2\" content=\"1 minut\" \/>\n<script type=\"application\/ld+json\" class=\"yoast-schema-graph\">{\"@context\":\"https:\/\/schema.org\",\"@graph\":[{\"@type\":\"Article\",\"@id\":\"https:\/\/www.smedemokrati.sk\/nepolavujeme-aj-na-tento-tyzden-sme-zorganizovali-protestne-podujatia\/#article\",\"isPartOf\":{\"@id\":\"https:\/\/www.smedemokrati.sk\/nepolavujeme-aj-na-tento-tyzden-sme-zorganizovali-protestne-podujatia\/\"},\"author\":{\"name\":\"miro.sopko\",\"@id\":\"https:\/\/www.smedemokrati.sk\/#\/schema\/person\/21f147c88d605aa7ded900e1e7c344ba\"},\"headline\":\"Nepo\u013eavujeme, aj na tento t\u00fd\u017ede\u0148 sme zorganizovali protestn\u00e9 podujatia\",\"datePublished\":\"2025-02-13T18:54:09+00:00\",\"dateModified\":\"2025-02-13T18:54:10+00:00\",\"mainEntityOfPage\":{\"@id\":\"https:\/\/www.smedemokrati.sk\/nepolavujeme-aj-na-tento-tyzden-sme-zorganizovali-protestne-podujatia\/\"},\"wordCount\":127,\"publisher\":{\"@id\":\"https:\/\/www.smedemokrati.sk\/#organization\"},\"image\":{\"@id\":\"https:\/\/www.smedemokrati.sk\/nepolavujeme-aj-na-tento-tyzden-sme-zorganizovali-protestne-podujatia\/#primaryimage\"},\"thumbnailUrl\":\"https:\/\/www.smedemokrati.sk\/wp-content\/uploads\/2025\/02\/476429818_1199840108175482_4138313716166393224_n.jpg\",\"articleSection\":[\"Tla\u010dov\u00e9 spr\u00e1vy\"],\"inLanguage\":\"sv-SE\"},{\"@type\":\"WebPage\",\"@id\":\"https:\/\/www.smedemokrati.sk\/nepolavujeme-aj-na-tento-tyzden-sme-zorganizovali-protestne-podujatia\/\",\"url\":\"https:\/\/www.smedemokrati.sk\/nepolavujeme-aj-na-tento-tyzden-sme-zorganizovali-protestne-podujatia\/\",\"name\":\"Nepo\u013eavujeme, aj na tento t\u00fd\u017ede\u0148 sme zorganizovali protestn\u00e9 podujatia\",\"isPartOf\":{\"@id\":\"https:\/\/www.smedemokrati.sk\/#website\"},\"primaryImageOfPage\":{\"@id\":\"https:\/\/www.smedemokrati.sk\/nepolavujeme-aj-na-tento-tyzden-sme-zorganizovali-protestne-podujatia\/#primaryimage\"},\"image\":{\"@id\":\"https:\/\/www.smedemokrati.sk\/nepolavujeme-aj-na-tento-tyzden-sme-zorganizovali-protestne-podujatia\/#primaryimage\"},\"thumbnailUrl\":\"https:\/\/www.smedemokrati.sk\/wp-content\/uploads\/2025\/02\/476429818_1199840108175482_4138313716166393224_n.jpg\",\"datePublished\":\"2025-02-13T18:54:09+00:00\",\"dateModified\":\"2025-02-13T18:54:10+00:00\",\"breadcrumb\":{\"@id\":\"https:\/\/www.smedemokrati.sk\/nepolavujeme-aj-na-tento-tyzden-sme-zorganizovali-protestne-podujatia\/#breadcrumb\"},\"inLanguage\":\"sv-SE\",\"potentialAction\":[{\"@type\":\"ReadAction\",\"target\":[\"https:\/\/www.smedemokrati.sk\/nepolavujeme-aj-na-tento-tyzden-sme-zorganizovali-protestne-podujatia\/\"]}]},{\"@type\":\"ImageObject\",\"inLanguage\":\"sv-SE\",\"@id\":\"https:\/\/www.smedemokrati.sk\/nepolavujeme-aj-na-tento-tyzden-sme-zorganizovali-protestne-podujatia\/#primaryimage\",\"url\":\"https:\/\/www.smedemokrati.sk\/wp-content\/uploads\/2025\/02\/476429818_1199840108175482_4138313716166393224_n.jpg\",\"contentUrl\":\"https:\/\/www.smedemokrati.sk\/wp-content\/uploads\/2025\/02\/476429818_1199840108175482_4138313716166393224_n.jpg\",\"width\":960,\"height\":503},{\"@type\":\"BreadcrumbList\",\"@id\":\"https:\/\/www.smedemokrati.sk\/nepolavujeme-aj-na-tento-tyzden-sme-zorganizovali-protestne-podujatia\/#breadcrumb\",\"itemListElement\":[{\"@type\":\"ListItem\",\"position\":1,\"name\":\"Domovsk\u00e1 str\u00e1nka\",\"item\":\"https:\/\/www.smedemokrati.sk\/\"},{\"@type\":\"ListItem\",\"position\":2,\"name\":\"Nepo\u013eavujeme, aj na tento t\u00fd\u017ede\u0148 sme zorganizovali protestn\u00e9 podujatia\"}]},{\"@type\":\"WebSite\",\"@id\":\"https:\/\/www.smedemokrati.sk\/#website\",\"url\":\"https:\/\/www.smedemokrati.sk\/\",\"name\":\"Smedemokrati.sk\",\"description\":\"Demokracia a slu\u0161nos\u0165 zv\u00ed\u0165az\u00ed\",\"publisher\":{\"@id\":\"https:\/\/www.smedemokrati.sk\/#organization\"},\"potentialAction\":[{\"@type\":\"SearchAction\",\"target\":{\"@type\":\"EntryPoint\",\"urlTemplate\":\"https:\/\/www.smedemokrati.sk\/?s={search_term_string}\"},\"query-input\":{\"@type\":\"PropertyValueSpecification\",\"valueRequired\":true,\"valueName\":\"search_term_string\"}}],\"inLanguage\":\"sv-SE\"},{\"@type\":\"Organization\",\"@id\":\"https:\/\/www.smedemokrati.sk\/#organization\",\"name\":\"Smedemokrati.sk\",\"url\":\"https:\/\/www.smedemokrati.sk\/\",\"logo\":{\"@type\":\"ImageObject\",\"inLanguage\":\"sv-SE\",\"@id\":\"https:\/\/www.smedemokrati.sk\/#\/schema\/logo\/image\/\",\"url\":\"https:\/\/www.smedemokrati.sk\/wp-content\/uploads\/2023\/04\/ff.002.jpeg\",\"contentUrl\":\"https:\/\/www.smedemokrati.sk\/wp-content\/uploads\/2023\/04\/ff.002.jpeg\",\"width\":640,\"height\":480,\"caption\":\"Smedemokrati.sk\"},\"image\":{\"@id\":\"https:\/\/www.smedemokrati.sk\/#\/schema\/logo\/image\/\"},\"sameAs\":[\"https:\/\/www.facebook.com\/smedemokrati2023\"]},{\"@type\":\"Person\",\"@id\":\"https:\/\/www.smedemokrati.sk\/#\/schema\/person\/21f147c88d605aa7ded900e1e7c344ba\",\"name\":\"miro.sopko\",\"image\":{\"@type\":\"ImageObject\",\"inLanguage\":\"sv-SE\",\"@id\":\"https:\/\/secure.gravatar.com\/avatar\/267e4a36f704376c109afe3a78740c1f5dd8675a2180a908699e7863c9247606?s=96&d=mm&r=g\",\"url\":\"https:\/\/secure.gravatar.com\/avatar\/267e4a36f704376c109afe3a78740c1f5dd8675a2180a908699e7863c9247606?s=96&d=mm&r=g\",\"contentUrl\":\"https:\/\/secure.gravatar.com\/avatar\/267e4a36f704376c109afe3a78740c1f5dd8675a2180a908699e7863c9247606?s=96&d=mm&r=g\",\"caption\":\"miro.sopko\"},\"url\":\"https:\/\/www.smedemokrati.sk\/sv\/author\/miro-sopko\/\"}]}<\/script>\n<!-- \/ Yoast SEO plugin. -->","yoast_head_json":{"title":"Nepo\u013eavujeme, aj na tento t\u00fd\u017ede\u0148 sme zorganizovali protestn\u00e9 podujatia","robots":{"index":"index","follow":"follow","max-snippet":"max-snippet:-1","max-image-preview":"max-image-preview:large","max-video-preview":"max-video-preview:-1"},"canonical":"https:\/\/www.smedemokrati.sk\/sv\/nepolavujeme-aj-na-tento-tyzden-sme-zorganizovali-protestne-podujatia\/","og_locale":"sv_SE","og_type":"article","og_title":"[:sk]Nepo\u013eavujeme, aj na tento t\u00fd\u017ede\u0148 sme zorganizovali protestn\u00e9 podujatia[:] - Smedemokrati.sk","og_description":"Demokrati pokra\u010duj\u00fa v organiz\u00e1cii protestn\u00fdch zhroma\u017eden\u00ed a pochodov. V Sabinove sa m\u00f4\u017ee verejnos\u0165 pripoji\u0165 k protestn\u00e9mu pochodu od parku pri kostole od 16:00, a to u\u017e dnes 13. febru\u00e1ra.&nbsp; V piatok 14. febru\u00e1ra pokra\u010duj\u00fa podujatia v Ko\u0161iciach, Pre\u0161ove a Ro\u017e\u0148ave. V Ko\u0161iciach za\u010dne protestn\u00fd pochod od 16:00 na Hlavnej pri Dolnej Br\u00e1ne, protest v Ro\u017e\u0148ave [&hellip;]","og_url":"https:\/\/www.smedemokrati.sk\/sv\/nepolavujeme-aj-na-tento-tyzden-sme-zorganizovali-protestne-podujatia\/","og_site_name":"Smedemokrati.sk","article_publisher":"https:\/\/www.facebook.com\/smedemokrati2023","article_published_time":"2025-02-13T18:54:09+00:00","article_modified_time":"2025-02-13T18:54:10+00:00","og_image":[{"width":960,"height":503,"url":"https:\/\/www.smedemokrati.sk\/wp-content\/uploads\/2025\/02\/476429818_1199840108175482_4138313716166393224_n.jpg","type":"image\/jpeg"}],"author":"miro.sopko","twitter_card":"summary_large_image","twitter_misc":{"Skriven av":"miro.sopko","Ber\u00e4knad l\u00e4stid":"1 minut"},"schema":{"@context":"https:\/\/schema.org","@graph":[{"@type":"Article","@id":"https:\/\/www.smedemokrati.sk\/nepolavujeme-aj-na-tento-tyzden-sme-zorganizovali-protestne-podujatia\/#article","isPartOf":{"@id":"https:\/\/www.smedemokrati.sk\/nepolavujeme-aj-na-tento-tyzden-sme-zorganizovali-protestne-podujatia\/"},"author":{"name":"miro.sopko","@id":"https:\/\/www.smedemokrati.sk\/#\/schema\/person\/21f147c88d605aa7ded900e1e7c344ba"},"headline":"Nepo\u013eavujeme, aj na tento t\u00fd\u017ede\u0148 sme zorganizovali protestn\u00e9 podujatia","datePublished":"2025-02-13T18:54:09+00:00","dateModified":"2025-02-13T18:54:10+00:00","mainEntityOfPage":{"@id":"https:\/\/www.smedemokrati.sk\/nepolavujeme-aj-na-tento-tyzden-sme-zorganizovali-protestne-podujatia\/"},"wordCount":127,"publisher":{"@id":"https:\/\/www.smedemokrati.sk\/#organization"},"image":{"@id":"https:\/\/www.smedemokrati.sk\/nepolavujeme-aj-na-tento-tyzden-sme-zorganizovali-protestne-podujatia\/#primaryimage"},"thumbnailUrl":"https:\/\/www.smedemokrati.sk\/wp-content\/uploads\/2025\/02\/476429818_1199840108175482_4138313716166393224_n.jpg","articleSection":["Tla\u010dov\u00e9 spr\u00e1vy"],"inLanguage":"sv-SE"},{"@type":"WebPage","@id":"https:\/\/www.smedemokrati.sk\/nepolavujeme-aj-na-tento-tyzden-sme-zorganizovali-protestne-podujatia\/","url":"https:\/\/www.smedemokrati.sk\/nepolavujeme-aj-na-tento-tyzden-sme-zorganizovali-protestne-podujatia\/","name":"Nepo\u013eavujeme, aj na tento t\u00fd\u017ede\u0148 sme zorganizovali protestn\u00e9 podujatia","isPartOf":{"@id":"https:\/\/www.smedemokrati.sk\/#website"},"primaryImageOfPage":{"@id":"https:\/\/www.smedemokrati.sk\/nepolavujeme-aj-na-tento-tyzden-sme-zorganizovali-protestne-podujatia\/#primaryimage"},"image":{"@id":"https:\/\/www.smedemokrati.sk\/nepolavujeme-aj-na-tento-tyzden-sme-zorganizovali-protestne-podujatia\/#primaryimage"},"thumbnailUrl":"https:\/\/www.smedemokrati.sk\/wp-content\/uploads\/2025\/02\/476429818_1199840108175482_4138313716166393224_n.jpg","datePublished":"2025-02-13T18:54:09+00:00","dateModified":"2025-02-13T18:54:10+00:00","breadcrumb":{"@id":"https:\/\/www.smedemokrati.sk\/nepolavujeme-aj-na-tento-tyzden-sme-zorganizovali-protestne-podujatia\/#breadcrumb"},"inLanguage":"sv-SE","potentialAction":[{"@type":"ReadAction","target":["https:\/\/www.smedemokrati.sk\/nepolavujeme-aj-na-tento-tyzden-sme-zorganizovali-protestne-podujatia\/"]}]},{"@type":"ImageObject","inLanguage":"sv-SE","@id":"https:\/\/www.smedemokrati.sk\/nepolavujeme-aj-na-tento-tyzden-sme-zorganizovali-protestne-podujatia\/#primaryimage","url":"https:\/\/www.smedemokrati.sk\/wp-content\/uploads\/2025\/02\/476429818_1199840108175482_4138313716166393224_n.jpg","contentUrl":"https:\/\/www.smedemokrati.sk\/wp-content\/uploads\/2025\/02\/476429818_1199840108175482_4138313716166393224_n.jpg","width":960,"height":503},{"@type":"BreadcrumbList","@id":"https:\/\/www.smedemokrati.sk\/nepolavujeme-aj-na-tento-tyzden-sme-zorganizovali-protestne-podujatia\/#breadcrumb","itemListElement":[{"@type":"ListItem","position":1,"name":"Domovsk\u00e1 str\u00e1nka","item":"https:\/\/www.smedemokrati.sk\/"},{"@type":"ListItem","position":2,"name":"Nepo\u013eavujeme, aj na tento t\u00fd\u017ede\u0148 sme zorganizovali protestn\u00e9 podujatia"}]},{"@type":"WebSite","@id":"https:\/\/www.smedemokrati.sk\/#website","url":"https:\/\/www.smedemokrati.sk\/","name":"Smedemokrati.sk","description":"Demokracia a slu\u0161nos\u0165 zv\u00ed\u0165az\u00ed","publisher":{"@id":"https:\/\/www.smedemokrati.sk\/#organization"},"potentialAction":[{"@type":"SearchAction","target":{"@type":"EntryPoint","urlTemplate":"https:\/\/www.smedemokrati.sk\/?s={search_term_string}"},"query-input":{"@type":"PropertyValueSpecification","valueRequired":true,"valueName":"search_term_string"}}],"inLanguage":"sv-SE"},{"@type":"Organization","@id":"https:\/\/www.smedemokrati.sk\/#organization","name":"Smedemokrati.sk","url":"https:\/\/www.smedemokrati.sk\/","logo":{"@type":"ImageObject","inLanguage":"sv-SE","@id":"https:\/\/www.smedemokrati.sk\/#\/schema\/logo\/image\/","url":"https:\/\/www.smedemokrati.sk\/wp-content\/uploads\/2023\/04\/ff.002.jpeg","contentUrl":"https:\/\/www.smedemokrati.sk\/wp-content\/uploads\/2023\/04\/ff.002.jpeg","width":640,"height":480,"caption":"Smedemokrati.sk"},"image":{"@id":"https:\/\/www.smedemokrati.sk\/#\/schema\/logo\/image\/"},"sameAs":["https:\/\/www.facebook.com\/smedemokrati2023"]},{"@type":"Person","@id":"https:\/\/www.smedemokrati.sk\/#\/schema\/person\/21f147c88d605aa7ded900e1e7c344ba","name":"miro.sopko","image":{"@type":"ImageObject","inLanguage":"sv-SE","@id":"https:\/\/secure.gravatar.com\/avatar\/267e4a36f704376c109afe3a78740c1f5dd8675a2180a908699e7863c9247606?s=96&d=mm&r=g","url":"https:\/\/secure.gravatar.com\/avatar\/267e4a36f704376c109afe3a78740c1f5dd8675a2180a908699e7863c9247606?s=96&d=mm&r=g","contentUrl":"https:\/\/secure.gravatar.com\/avatar\/267e4a36f704376c109afe3a78740c1f5dd8675a2180a908699e7863c9247606?s=96&d=mm&r=g","caption":"miro.sopko"},"url":"https:\/\/www.smedemokrati.sk\/sv\/author\/miro-sopko\/"}]}},"_links":{"self":[{"href":"https:\/\/www.smedemokrati.sk\/sv\/wp-json\/wp\/v2\/posts\/6386","targetHints":{"allow":["GET"]}}],"collection":[{"href":"https:\/\/www.smedemokrati.sk\/sv\/wp-json\/wp\/v2\/posts"}],"about":[{"href":"https:\/\/www.smedemokrati.sk\/sv\/wp-json\/wp\/v2\/types\/post"}],"author":[{"embeddable":true,"href":"https:\/\/www.smedemokrati.sk\/sv\/wp-json\/wp\/v2\/users\/13"}],"replies":[{"embeddable":true,"href":"https:\/\/www.smedemokrati.sk\/sv\/wp-json\/wp\/v2\/comments?post=6386"}],"version-history":[{"count":1,"href":"https:\/\/www.smedemokrati.sk\/sv\/wp-json\/wp\/v2\/posts\/6386\/revisions"}],"predecessor-version":[{"id":6388,"href":"https:\/\/www.smedemokrati.sk\/sv\/wp-json\/wp\/v2\/posts\/6386\/revisions\/6388"}],"wp:featuredmedia":[{"embeddable":true,"href":"https:\/\/www.smedemokrati.sk\/sv\/wp-json\/wp\/v2\/media\/6387"}],"wp:attachment":[{"href":"https:\/\/www.smedemokrati.sk\/sv\/wp-json\/wp\/v2\/media?parent=6386"}],"wp:term":[{"taxonomy":"category","embeddable":true,"href":"https:\/\/www.smedemokrati.sk\/sv\/wp-json\/wp\/v2\/categories?post=6386"},{"taxonomy":"post_tag","embeddable":true,"href":"https:\/\/www.smedemokrati.sk\/sv\/wp-json\/wp\/v2\/tags?post=6386"}],"curies":[{"name":"wp","href":"https:\/\/api.w.org\/{rel}","templated":true}]}}