{"id":6383,"date":"2025-02-13T11:12:26","date_gmt":"2025-02-13T10:12:26","guid":{"rendered":"https:\/\/www.smedemokrati.sk\/?p=6383"},"modified":"2025-02-13T11:12:27","modified_gmt":"2025-02-13T10:12:27","slug":"animacia-pozrite-si-co-chysta-taraba-na-podpolani-lebo-lepsie-je-raz-vidiet-ako-stokrat-pocut","status":"publish","type":"post","link":"https:\/\/www.smedemokrati.sk\/sv\/animacia-pozrite-si-co-chysta-taraba-na-podpolani-lebo-lepsie-je-raz-vidiet-ako-stokrat-pocut\/","title":{"rendered":"Anim\u00e1cia &#8211; pozrite si, \u010do chyst\u00e1 Taraba na Podpo\u013ean\u00ed, lebo lep\u0161ie je raz vidie\u0165 ako stokr\u00e1t po\u010du\u0165"},"content":{"rendered":"<div id=\"fb-root\"><\/div>\n\n<p>k chcete lep\u0161ie pochopi\u0165, ak\u00fd obrovsk\u00fd z\u00e1sah do pr\u00edrody a vlastn\u00edckych pr\u00e1v \u013eud\u00ed na Podpo\u013ean\u00ed pripravuje Taraba, pozrite si detailn\u00fa anim\u00e1ciu, ktor\u00fa sme pre v\u00e1s pripravili:<\/p>\n\n\n\n<p><img decoding=\"async\" height=\"16\" width=\"16\" alt=\"\ud83d\udea9\" src=\"https:\/\/static.xx.fbcdn.net\/images\/emoji.php\/v9\/tc6\/1\/16\/1f6a9.png\">ako bude vyzera\u0165 obrovsk\u00e1 priehrada v katastri obci L\u00e1tky?<\/p>\n\n\n\n<p><img decoding=\"async\" height=\"16\" width=\"16\" alt=\"\ud83d\udea9\" src=\"https:\/\/static.xx.fbcdn.net\/images\/emoji.php\/v9\/tc6\/1\/16\/1f6a9.png\">ktor\u00e9 \u00fazemia v pr\u00edpade realiz\u00e1cie bud\u00fa zaplaven\u00e9?<\/p>\n\n\n\n<p><img decoding=\"async\" height=\"16\" width=\"16\" alt=\"\ud83d\udea9\" src=\"https:\/\/static.xx.fbcdn.net\/images\/emoji.php\/v9\/tc6\/1\/16\/1f6a9.png\">kde v\u0161ade by mohli vyvlast\u0148ova\u0165?<\/p>\n\n\n\n<p>Za ka\u017ed\u00fdm metrom \u0161tvorcov\u00fdm treba vidie\u0165 osud konkr\u00e9tnych \u013eud\u00ed, ktor\u00ed sa na Podpo\u013ean\u00ed staraj\u00fa o svoje domy, polia a lesy. Aj preto budeme st\u00e1\u0165 na strane t\u00fdch, pred ktor\u00fdch sa do dne\u0161n\u00e9ho d\u0148a nepostavil minister Taraba, aby im vysvetlil, \u010do chyst\u00e1. Stoj\u00edme za vami!<\/p>\n\n\n<div class=\"fb-video\" data-href=\"https:\/\/www.facebook.com\/smedemokrati2023\/videos\/1153651580085314\" data-allowfullscreen=\"true\" data-autoplay=\"false\" data-width=\"\" data-show-text=\"false\" data-show-captions=\"true\"><\/div>\n","protected":false},"excerpt":{"rendered":"<p>k chcete lep\u0161ie pochopi\u0165, ak\u00fd obrovsk\u00fd z\u00e1sah do pr\u00edrody a vlastn\u00edckych pr\u00e1v \u013eud\u00ed na Podpo\u013ean\u00ed pripravuje Taraba, pozrite si detailn\u00fa anim\u00e1ciu, ktor\u00fa sme pre v\u00e1s pripravili: ako bude vyzera\u0165 obrovsk\u00e1 priehrada v katastri obci L\u00e1tky? ktor\u00e9 \u00fazemia v pr\u00edpade realiz\u00e1cie bud\u00fa zaplaven\u00e9? kde v\u0161ade by mohli vyvlast\u0148ova\u0165? Za ka\u017ed\u00fdm metrom \u0161tvorcov\u00fdm treba vidie\u0165 osud konkr\u00e9tnych [&hellip;]<\/p>\n","protected":false},"author":13,"featured_media":6384,"comment_status":"closed","ping_status":"closed","sticky":false,"template":"","format":"standard","meta":{"_acf_changed":false,"ngg_post_thumbnail":0,"footnotes":""},"categories":[6],"tags":[],"class_list":["post-6383","post","type-post","status-publish","format-standard","has-post-thumbnail","hentry","category-videa"],"acf":[],"yoast_head":"<!-- This site is optimized with the Yoast SEO plugin v27.2 - https:\/\/yoast.com\/product\/yoast-seo-wordpress\/ -->\n<title>Anim\u00e1cia - pozrite si, \u010do chyst\u00e1 Taraba na Podpo\u013ean\u00ed, lebo lep\u0161ie je raz vidie\u0165 ako stokr\u00e1t po\u010du\u0165<\/title>\n<meta name=\"robots\" content=\"index, follow, max-snippet:-1, max-image-preview:large, max-video-preview:-1\" \/>\n<link rel=\"canonical\" href=\"https:\/\/www.smedemokrati.sk\/sv\/animacia-pozrite-si-co-chysta-taraba-na-podpolani-lebo-lepsie-je-raz-vidiet-ako-stokrat-pocut\/\" \/>\n<meta property=\"og:locale\" content=\"sv_SE\" \/>\n<meta property=\"og:locale:alternate\" content=\"en_US\" \/>\n<meta property=\"og:locale:alternate\" content=\"cs_CZ\" \/>\n<meta property=\"og:locale:alternate\" content=\"hu_HU\" \/>\n<meta property=\"og:locale:alternate\" content=\"sk_SK\" \/>\n<meta property=\"og:type\" content=\"article\" \/>\n<meta property=\"og:title\" content=\"Anim\u00e1cia - pozrite si, \u010do chyst\u00e1 Taraba na Podpo\u013ean\u00ed, lebo lep\u0161ie je raz vidie\u0165 ako stokr\u00e1t po\u010du\u0165\" \/>\n<meta property=\"og:description\" content=\"k chcete lep\u0161ie pochopi\u0165, ak\u00fd obrovsk\u00fd z\u00e1sah do pr\u00edrody a vlastn\u00edckych pr\u00e1v \u013eud\u00ed na Podpo\u013ean\u00ed pripravuje Taraba, pozrite si detailn\u00fa anim\u00e1ciu, ktor\u00fa sme pre v\u00e1s pripravili: ako bude vyzera\u0165 obrovsk\u00e1 priehrada v katastri obci L\u00e1tky? ktor\u00e9 \u00fazemia v pr\u00edpade realiz\u00e1cie bud\u00fa zaplaven\u00e9? kde v\u0161ade by mohli vyvlast\u0148ova\u0165? Za ka\u017ed\u00fdm metrom \u0161tvorcov\u00fdm treba vidie\u0165 osud konkr\u00e9tnych [&hellip;]\" \/>\n<meta property=\"og:url\" content=\"https:\/\/www.smedemokrati.sk\/sv\/animacia-pozrite-si-co-chysta-taraba-na-podpolani-lebo-lepsie-je-raz-vidiet-ako-stokrat-pocut\/\" \/>\n<meta property=\"og:site_name\" content=\"Smedemokrati.sk\" \/>\n<meta property=\"article:publisher\" content=\"https:\/\/www.facebook.com\/smedemokrati2023\" \/>\n<meta property=\"article:published_time\" content=\"2025-02-13T10:12:26+00:00\" \/>\n<meta property=\"article:modified_time\" content=\"2025-02-13T10:12:27+00:00\" \/>\n<meta property=\"og:image\" content=\"https:\/\/www.smedemokrati.sk\/wp-content\/uploads\/2025\/02\/animacia-taraba-podpolanie.jpg\" \/>\n\t<meta property=\"og:image:width\" content=\"969\" \/>\n\t<meta property=\"og:image:height\" content=\"691\" \/>\n\t<meta property=\"og:image:type\" content=\"image\/jpeg\" \/>\n<meta name=\"author\" content=\"miro.sopko\" \/>\n<meta name=\"twitter:card\" content=\"summary_large_image\" \/>\n<meta name=\"twitter:label1\" content=\"Skriven av\" \/>\n\t<meta name=\"twitter:data1\" content=\"miro.sopko\" \/>\n\t<meta name=\"twitter:label2\" content=\"Ber\u00e4knad l\u00e4stid\" \/>\n\t<meta name=\"twitter:data2\" content=\"2 minuter\" \/>\n<script type=\"application\/ld+json\" class=\"yoast-schema-graph\">{\"@context\":\"https:\/\/schema.org\",\"@graph\":[{\"@type\":\"Article\",\"@id\":\"https:\/\/www.smedemokrati.sk\/animacia-pozrite-si-co-chysta-taraba-na-podpolani-lebo-lepsie-je-raz-vidiet-ako-stokrat-pocut\/#article\",\"isPartOf\":{\"@id\":\"https:\/\/www.smedemokrati.sk\/animacia-pozrite-si-co-chysta-taraba-na-podpolani-lebo-lepsie-je-raz-vidiet-ako-stokrat-pocut\/\"},\"author\":{\"name\":\"miro.sopko\",\"@id\":\"https:\/\/www.smedemokrati.sk\/#\/schema\/person\/21f147c88d605aa7ded900e1e7c344ba\"},\"headline\":\"Anim\u00e1cia &#8211; pozrite si, \u010do chyst\u00e1 Taraba na Podpo\u013ean\u00ed, lebo lep\u0161ie je raz vidie\u0165 ako stokr\u00e1t po\u010du\u0165\",\"datePublished\":\"2025-02-13T10:12:26+00:00\",\"dateModified\":\"2025-02-13T10:12:27+00:00\",\"mainEntityOfPage\":{\"@id\":\"https:\/\/www.smedemokrati.sk\/animacia-pozrite-si-co-chysta-taraba-na-podpolani-lebo-lepsie-je-raz-vidiet-ako-stokrat-pocut\/\"},\"wordCount\":149,\"publisher\":{\"@id\":\"https:\/\/www.smedemokrati.sk\/#organization\"},\"image\":{\"@id\":\"https:\/\/www.smedemokrati.sk\/animacia-pozrite-si-co-chysta-taraba-na-podpolani-lebo-lepsie-je-raz-vidiet-ako-stokrat-pocut\/#primaryimage\"},\"thumbnailUrl\":\"https:\/\/www.smedemokrati.sk\/wp-content\/uploads\/2025\/02\/animacia-taraba-podpolanie.jpg\",\"articleSection\":[\"Vide\u00e1\"],\"inLanguage\":\"sv-SE\"},{\"@type\":\"WebPage\",\"@id\":\"https:\/\/www.smedemokrati.sk\/animacia-pozrite-si-co-chysta-taraba-na-podpolani-lebo-lepsie-je-raz-vidiet-ako-stokrat-pocut\/\",\"url\":\"https:\/\/www.smedemokrati.sk\/animacia-pozrite-si-co-chysta-taraba-na-podpolani-lebo-lepsie-je-raz-vidiet-ako-stokrat-pocut\/\",\"name\":\"Anim\u00e1cia - pozrite si, \u010do chyst\u00e1 Taraba na Podpo\u013ean\u00ed, lebo lep\u0161ie je raz vidie\u0165 ako stokr\u00e1t po\u010du\u0165\",\"isPartOf\":{\"@id\":\"https:\/\/www.smedemokrati.sk\/#website\"},\"primaryImageOfPage\":{\"@id\":\"https:\/\/www.smedemokrati.sk\/animacia-pozrite-si-co-chysta-taraba-na-podpolani-lebo-lepsie-je-raz-vidiet-ako-stokrat-pocut\/#primaryimage\"},\"image\":{\"@id\":\"https:\/\/www.smedemokrati.sk\/animacia-pozrite-si-co-chysta-taraba-na-podpolani-lebo-lepsie-je-raz-vidiet-ako-stokrat-pocut\/#primaryimage\"},\"thumbnailUrl\":\"https:\/\/www.smedemokrati.sk\/wp-content\/uploads\/2025\/02\/animacia-taraba-podpolanie.jpg\",\"datePublished\":\"2025-02-13T10:12:26+00:00\",\"dateModified\":\"2025-02-13T10:12:27+00:00\",\"breadcrumb\":{\"@id\":\"https:\/\/www.smedemokrati.sk\/animacia-pozrite-si-co-chysta-taraba-na-podpolani-lebo-lepsie-je-raz-vidiet-ako-stokrat-pocut\/#breadcrumb\"},\"inLanguage\":\"sv-SE\",\"potentialAction\":[{\"@type\":\"ReadAction\",\"target\":[\"https:\/\/www.smedemokrati.sk\/animacia-pozrite-si-co-chysta-taraba-na-podpolani-lebo-lepsie-je-raz-vidiet-ako-stokrat-pocut\/\"]}]},{\"@type\":\"ImageObject\",\"inLanguage\":\"sv-SE\",\"@id\":\"https:\/\/www.smedemokrati.sk\/animacia-pozrite-si-co-chysta-taraba-na-podpolani-lebo-lepsie-je-raz-vidiet-ako-stokrat-pocut\/#primaryimage\",\"url\":\"https:\/\/www.smedemokrati.sk\/wp-content\/uploads\/2025\/02\/animacia-taraba-podpolanie.jpg\",\"contentUrl\":\"https:\/\/www.smedemokrati.sk\/wp-content\/uploads\/2025\/02\/animacia-taraba-podpolanie.jpg\",\"width\":969,\"height\":691},{\"@type\":\"BreadcrumbList\",\"@id\":\"https:\/\/www.smedemokrati.sk\/animacia-pozrite-si-co-chysta-taraba-na-podpolani-lebo-lepsie-je-raz-vidiet-ako-stokrat-pocut\/#breadcrumb\",\"itemListElement\":[{\"@type\":\"ListItem\",\"position\":1,\"name\":\"Domovsk\u00e1 str\u00e1nka\",\"item\":\"https:\/\/www.smedemokrati.sk\/\"},{\"@type\":\"ListItem\",\"position\":2,\"name\":\"Anim\u00e1cia &#8211; pozrite si, \u010do chyst\u00e1 Taraba na Podpo\u013ean\u00ed, lebo lep\u0161ie je raz vidie\u0165 ako stokr\u00e1t po\u010du\u0165\"}]},{\"@type\":\"WebSite\",\"@id\":\"https:\/\/www.smedemokrati.sk\/#website\",\"url\":\"https:\/\/www.smedemokrati.sk\/\",\"name\":\"Smedemokrati.sk\",\"description\":\"Demokracia a slu\u0161nos\u0165 zv\u00ed\u0165az\u00ed\",\"publisher\":{\"@id\":\"https:\/\/www.smedemokrati.sk\/#organization\"},\"potentialAction\":[{\"@type\":\"SearchAction\",\"target\":{\"@type\":\"EntryPoint\",\"urlTemplate\":\"https:\/\/www.smedemokrati.sk\/?s={search_term_string}\"},\"query-input\":{\"@type\":\"PropertyValueSpecification\",\"valueRequired\":true,\"valueName\":\"search_term_string\"}}],\"inLanguage\":\"sv-SE\"},{\"@type\":\"Organization\",\"@id\":\"https:\/\/www.smedemokrati.sk\/#organization\",\"name\":\"Smedemokrati.sk\",\"url\":\"https:\/\/www.smedemokrati.sk\/\",\"logo\":{\"@type\":\"ImageObject\",\"inLanguage\":\"sv-SE\",\"@id\":\"https:\/\/www.smedemokrati.sk\/#\/schema\/logo\/image\/\",\"url\":\"https:\/\/www.smedemokrati.sk\/wp-content\/uploads\/2023\/04\/ff.002.jpeg\",\"contentUrl\":\"https:\/\/www.smedemokrati.sk\/wp-content\/uploads\/2023\/04\/ff.002.jpeg\",\"width\":640,\"height\":480,\"caption\":\"Smedemokrati.sk\"},\"image\":{\"@id\":\"https:\/\/www.smedemokrati.sk\/#\/schema\/logo\/image\/\"},\"sameAs\":[\"https:\/\/www.facebook.com\/smedemokrati2023\"]},{\"@type\":\"Person\",\"@id\":\"https:\/\/www.smedemokrati.sk\/#\/schema\/person\/21f147c88d605aa7ded900e1e7c344ba\",\"name\":\"miro.sopko\",\"image\":{\"@type\":\"ImageObject\",\"inLanguage\":\"sv-SE\",\"@id\":\"https:\/\/secure.gravatar.com\/avatar\/267e4a36f704376c109afe3a78740c1f5dd8675a2180a908699e7863c9247606?s=96&d=mm&r=g\",\"url\":\"https:\/\/secure.gravatar.com\/avatar\/267e4a36f704376c109afe3a78740c1f5dd8675a2180a908699e7863c9247606?s=96&d=mm&r=g\",\"contentUrl\":\"https:\/\/secure.gravatar.com\/avatar\/267e4a36f704376c109afe3a78740c1f5dd8675a2180a908699e7863c9247606?s=96&d=mm&r=g\",\"caption\":\"miro.sopko\"},\"url\":\"https:\/\/www.smedemokrati.sk\/sv\/author\/miro-sopko\/\"}]}<\/script>\n<!-- \/ Yoast SEO plugin. -->","yoast_head_json":{"title":"Anim\u00e1cia - pozrite si, \u010do chyst\u00e1 Taraba na Podpo\u013ean\u00ed, lebo lep\u0161ie je raz vidie\u0165 ako stokr\u00e1t po\u010du\u0165","robots":{"index":"index","follow":"follow","max-snippet":"max-snippet:-1","max-image-preview":"max-image-preview:large","max-video-preview":"max-video-preview:-1"},"canonical":"https:\/\/www.smedemokrati.sk\/sv\/animacia-pozrite-si-co-chysta-taraba-na-podpolani-lebo-lepsie-je-raz-vidiet-ako-stokrat-pocut\/","og_locale":"sv_SE","og_type":"article","og_title":"[:sk]Anim\u00e1cia - pozrite si, \u010do chyst\u00e1 Taraba na Podpo\u013ean\u00ed, lebo lep\u0161ie je raz vidie\u0165 ako stokr\u00e1t po\u010du\u0165[:] - Smedemokrati.sk","og_description":"k chcete lep\u0161ie pochopi\u0165, ak\u00fd obrovsk\u00fd z\u00e1sah do pr\u00edrody a vlastn\u00edckych pr\u00e1v \u013eud\u00ed na Podpo\u013ean\u00ed pripravuje Taraba, pozrite si detailn\u00fa anim\u00e1ciu, ktor\u00fa sme pre v\u00e1s pripravili: ako bude vyzera\u0165 obrovsk\u00e1 priehrada v katastri obci L\u00e1tky? ktor\u00e9 \u00fazemia v pr\u00edpade realiz\u00e1cie bud\u00fa zaplaven\u00e9? kde v\u0161ade by mohli vyvlast\u0148ova\u0165? Za ka\u017ed\u00fdm metrom \u0161tvorcov\u00fdm treba vidie\u0165 osud konkr\u00e9tnych [&hellip;]","og_url":"https:\/\/www.smedemokrati.sk\/sv\/animacia-pozrite-si-co-chysta-taraba-na-podpolani-lebo-lepsie-je-raz-vidiet-ako-stokrat-pocut\/","og_site_name":"Smedemokrati.sk","article_publisher":"https:\/\/www.facebook.com\/smedemokrati2023","article_published_time":"2025-02-13T10:12:26+00:00","article_modified_time":"2025-02-13T10:12:27+00:00","og_image":[{"width":969,"height":691,"url":"https:\/\/www.smedemokrati.sk\/wp-content\/uploads\/2025\/02\/animacia-taraba-podpolanie.jpg","type":"image\/jpeg"}],"author":"miro.sopko","twitter_card":"summary_large_image","twitter_misc":{"Skriven av":"miro.sopko","Ber\u00e4knad l\u00e4stid":"2 minuter"},"schema":{"@context":"https:\/\/schema.org","@graph":[{"@type":"Article","@id":"https:\/\/www.smedemokrati.sk\/animacia-pozrite-si-co-chysta-taraba-na-podpolani-lebo-lepsie-je-raz-vidiet-ako-stokrat-pocut\/#article","isPartOf":{"@id":"https:\/\/www.smedemokrati.sk\/animacia-pozrite-si-co-chysta-taraba-na-podpolani-lebo-lepsie-je-raz-vidiet-ako-stokrat-pocut\/"},"author":{"name":"miro.sopko","@id":"https:\/\/www.smedemokrati.sk\/#\/schema\/person\/21f147c88d605aa7ded900e1e7c344ba"},"headline":"Anim\u00e1cia &#8211; pozrite si, \u010do chyst\u00e1 Taraba na Podpo\u013ean\u00ed, lebo lep\u0161ie je raz vidie\u0165 ako stokr\u00e1t po\u010du\u0165","datePublished":"2025-02-13T10:12:26+00:00","dateModified":"2025-02-13T10:12:27+00:00","mainEntityOfPage":{"@id":"https:\/\/www.smedemokrati.sk\/animacia-pozrite-si-co-chysta-taraba-na-podpolani-lebo-lepsie-je-raz-vidiet-ako-stokrat-pocut\/"},"wordCount":149,"publisher":{"@id":"https:\/\/www.smedemokrati.sk\/#organization"},"image":{"@id":"https:\/\/www.smedemokrati.sk\/animacia-pozrite-si-co-chysta-taraba-na-podpolani-lebo-lepsie-je-raz-vidiet-ako-stokrat-pocut\/#primaryimage"},"thumbnailUrl":"https:\/\/www.smedemokrati.sk\/wp-content\/uploads\/2025\/02\/animacia-taraba-podpolanie.jpg","articleSection":["Vide\u00e1"],"inLanguage":"sv-SE"},{"@type":"WebPage","@id":"https:\/\/www.smedemokrati.sk\/animacia-pozrite-si-co-chysta-taraba-na-podpolani-lebo-lepsie-je-raz-vidiet-ako-stokrat-pocut\/","url":"https:\/\/www.smedemokrati.sk\/animacia-pozrite-si-co-chysta-taraba-na-podpolani-lebo-lepsie-je-raz-vidiet-ako-stokrat-pocut\/","name":"Anim\u00e1cia - pozrite si, \u010do chyst\u00e1 Taraba na Podpo\u013ean\u00ed, lebo lep\u0161ie je raz vidie\u0165 ako stokr\u00e1t po\u010du\u0165","isPartOf":{"@id":"https:\/\/www.smedemokrati.sk\/#website"},"primaryImageOfPage":{"@id":"https:\/\/www.smedemokrati.sk\/animacia-pozrite-si-co-chysta-taraba-na-podpolani-lebo-lepsie-je-raz-vidiet-ako-stokrat-pocut\/#primaryimage"},"image":{"@id":"https:\/\/www.smedemokrati.sk\/animacia-pozrite-si-co-chysta-taraba-na-podpolani-lebo-lepsie-je-raz-vidiet-ako-stokrat-pocut\/#primaryimage"},"thumbnailUrl":"https:\/\/www.smedemokrati.sk\/wp-content\/uploads\/2025\/02\/animacia-taraba-podpolanie.jpg","datePublished":"2025-02-13T10:12:26+00:00","dateModified":"2025-02-13T10:12:27+00:00","breadcrumb":{"@id":"https:\/\/www.smedemokrati.sk\/animacia-pozrite-si-co-chysta-taraba-na-podpolani-lebo-lepsie-je-raz-vidiet-ako-stokrat-pocut\/#breadcrumb"},"inLanguage":"sv-SE","potentialAction":[{"@type":"ReadAction","target":["https:\/\/www.smedemokrati.sk\/animacia-pozrite-si-co-chysta-taraba-na-podpolani-lebo-lepsie-je-raz-vidiet-ako-stokrat-pocut\/"]}]},{"@type":"ImageObject","inLanguage":"sv-SE","@id":"https:\/\/www.smedemokrati.sk\/animacia-pozrite-si-co-chysta-taraba-na-podpolani-lebo-lepsie-je-raz-vidiet-ako-stokrat-pocut\/#primaryimage","url":"https:\/\/www.smedemokrati.sk\/wp-content\/uploads\/2025\/02\/animacia-taraba-podpolanie.jpg","contentUrl":"https:\/\/www.smedemokrati.sk\/wp-content\/uploads\/2025\/02\/animacia-taraba-podpolanie.jpg","width":969,"height":691},{"@type":"BreadcrumbList","@id":"https:\/\/www.smedemokrati.sk\/animacia-pozrite-si-co-chysta-taraba-na-podpolani-lebo-lepsie-je-raz-vidiet-ako-stokrat-pocut\/#breadcrumb","itemListElement":[{"@type":"ListItem","position":1,"name":"Domovsk\u00e1 str\u00e1nka","item":"https:\/\/www.smedemokrati.sk\/"},{"@type":"ListItem","position":2,"name":"Anim\u00e1cia &#8211; pozrite si, \u010do chyst\u00e1 Taraba na Podpo\u013ean\u00ed, lebo lep\u0161ie je raz vidie\u0165 ako stokr\u00e1t po\u010du\u0165"}]},{"@type":"WebSite","@id":"https:\/\/www.smedemokrati.sk\/#website","url":"https:\/\/www.smedemokrati.sk\/","name":"Smedemokrati.sk","description":"Demokracia a slu\u0161nos\u0165 zv\u00ed\u0165az\u00ed","publisher":{"@id":"https:\/\/www.smedemokrati.sk\/#organization"},"potentialAction":[{"@type":"SearchAction","target":{"@type":"EntryPoint","urlTemplate":"https:\/\/www.smedemokrati.sk\/?s={search_term_string}"},"query-input":{"@type":"PropertyValueSpecification","valueRequired":true,"valueName":"search_term_string"}}],"inLanguage":"sv-SE"},{"@type":"Organization","@id":"https:\/\/www.smedemokrati.sk\/#organization","name":"Smedemokrati.sk","url":"https:\/\/www.smedemokrati.sk\/","logo":{"@type":"ImageObject","inLanguage":"sv-SE","@id":"https:\/\/www.smedemokrati.sk\/#\/schema\/logo\/image\/","url":"https:\/\/www.smedemokrati.sk\/wp-content\/uploads\/2023\/04\/ff.002.jpeg","contentUrl":"https:\/\/www.smedemokrati.sk\/wp-content\/uploads\/2023\/04\/ff.002.jpeg","width":640,"height":480,"caption":"Smedemokrati.sk"},"image":{"@id":"https:\/\/www.smedemokrati.sk\/#\/schema\/logo\/image\/"},"sameAs":["https:\/\/www.facebook.com\/smedemokrati2023"]},{"@type":"Person","@id":"https:\/\/www.smedemokrati.sk\/#\/schema\/person\/21f147c88d605aa7ded900e1e7c344ba","name":"miro.sopko","image":{"@type":"ImageObject","inLanguage":"sv-SE","@id":"https:\/\/secure.gravatar.com\/avatar\/267e4a36f704376c109afe3a78740c1f5dd8675a2180a908699e7863c9247606?s=96&d=mm&r=g","url":"https:\/\/secure.gravatar.com\/avatar\/267e4a36f704376c109afe3a78740c1f5dd8675a2180a908699e7863c9247606?s=96&d=mm&r=g","contentUrl":"https:\/\/secure.gravatar.com\/avatar\/267e4a36f704376c109afe3a78740c1f5dd8675a2180a908699e7863c9247606?s=96&d=mm&r=g","caption":"miro.sopko"},"url":"https:\/\/www.smedemokrati.sk\/sv\/author\/miro-sopko\/"}]}},"_links":{"self":[{"href":"https:\/\/www.smedemokrati.sk\/sv\/wp-json\/wp\/v2\/posts\/6383","targetHints":{"allow":["GET"]}}],"collection":[{"href":"https:\/\/www.smedemokrati.sk\/sv\/wp-json\/wp\/v2\/posts"}],"about":[{"href":"https:\/\/www.smedemokrati.sk\/sv\/wp-json\/wp\/v2\/types\/post"}],"author":[{"embeddable":true,"href":"https:\/\/www.smedemokrati.sk\/sv\/wp-json\/wp\/v2\/users\/13"}],"replies":[{"embeddable":true,"href":"https:\/\/www.smedemokrati.sk\/sv\/wp-json\/wp\/v2\/comments?post=6383"}],"version-history":[{"count":1,"href":"https:\/\/www.smedemokrati.sk\/sv\/wp-json\/wp\/v2\/posts\/6383\/revisions"}],"predecessor-version":[{"id":6385,"href":"https:\/\/www.smedemokrati.sk\/sv\/wp-json\/wp\/v2\/posts\/6383\/revisions\/6385"}],"wp:featuredmedia":[{"embeddable":true,"href":"https:\/\/www.smedemokrati.sk\/sv\/wp-json\/wp\/v2\/media\/6384"}],"wp:attachment":[{"href":"https:\/\/www.smedemokrati.sk\/sv\/wp-json\/wp\/v2\/media?parent=6383"}],"wp:term":[{"taxonomy":"category","embeddable":true,"href":"https:\/\/www.smedemokrati.sk\/sv\/wp-json\/wp\/v2\/categories?post=6383"},{"taxonomy":"post_tag","embeddable":true,"href":"https:\/\/www.smedemokrati.sk\/sv\/wp-json\/wp\/v2\/tags?post=6383"}],"curies":[{"name":"wp","href":"https:\/\/api.w.org\/{rel}","templated":true}]}}