{"id":6380,"date":"2025-02-13T11:03:05","date_gmt":"2025-02-13T10:03:05","guid":{"rendered":"https:\/\/www.smedemokrati.sk\/?p=6380"},"modified":"2025-02-13T11:03:06","modified_gmt":"2025-02-13T10:03:06","slug":"ministerstvo-utajuje-niektore-podrobnosti-kuffovej-nehody-pribudli-aj-nove-zavazne-skutocnosti","status":"publish","type":"post","link":"https:\/\/www.smedemokrati.sk\/sv\/ministerstvo-utajuje-niektore-podrobnosti-kuffovej-nehody-pribudli-aj-nove-zavazne-skutocnosti\/","title":{"rendered":"Ministerstvo utajuje niektor\u00e9 podrobnosti Kuffovej nehody, pribudli aj nov\u00e9 z\u00e1va\u017en\u00e9 skuto\u010dnosti"},"content":{"rendered":"<div id=\"fb-root\"><\/div>\n\n<p><strong>Po tom, \u010do \u0161t\u00e1tny tajomn\u00edk M\u017dP SR \u0160tefan Kuffa nevedel vysvetli\u0165, \u010di slu\u017eobn\u00e9 vozidlo, ktor\u00fdm 24. janu\u00e1ra 2025 havaroval, nezneu\u017eil na s\u00fakromn\u00e9 \u00fa\u010dely, sa Demokrati obr\u00e1tili na rezort s info\u017eiados\u0165ou. Na \u010das\u0165 ot\u00e1zok nedostali odpove\u010f, no zo spr\u00edstupnenej \u010dasti inform\u00e1ci\u00ed vyplynuli nov\u00e9 z\u00e1va\u017en\u00e9 skuto\u010dnosti.<\/strong><\/p>\n\n\n\n<p>Michal Ki\u010da, evniroexpert strany Demokrati sa obr\u00e1til na rezort po tom, \u010do v janu\u00e1ri havaroval na slu\u017eobnom vozidle zna\u010dky Ford Ranger a k vozidlu mal ma\u0165 pripevnen\u00fd voz\u00edk s drevom: <em>\u201eMinisterstvo odmietlo uvies\u0165, ak\u00e9 slu\u017eobn\u00e9 \u00falohy Kuffa s vozidlom mal plni\u0165, nespr\u00edstupnilo, \u010di a kedy si Kuffa splnil povinnos\u0165 nahl\u00e1senia nehody, neuviedlo ani v\u00fd\u0161ku \u0161kody na vozidle a nepotvrdilo, ak\u00fd n\u00e1klad mal Kuffa na voz\u00edku prev\u00e1\u017ea\u0165.&#8221; <\/em>Hovor\u00ed Michal Ki\u010da.<\/p>\n\n\n\n<p>Pokra\u010duje, \u017ee pod\u013ea inform\u00e1ci\u00ed, ktor\u00e9 rezort spr\u00edstupnil, je verzia o zneu\u017eit\u00ed slu\u017eobn\u00e9ho vozidla na s\u00fakromn\u00e9 \u00fa\u010dely vysoko pravdepodobn\u00e1: <em>\u201eVozidlo bolo zak\u00fapen\u00e9 z eurofondov a bolo spolufinancovan\u00e9 zo \u0161t\u00e1tneho rozpo\u010dtu. Vyu\u017e\u00edvanie tak\u00e9hoto majetku je v\u0161ak pr\u00edsne viazan\u00e9 na \u00fa\u010dely uveden\u00e9 v projekte. Pr\u00edvesn\u00fd voz\u00edk veden\u00fd Kuffom nebol navy\u0161e vo vlastn\u00edctve ministerstva, \u010do op\u00e4\u0165 len zvy\u0161uje podozrenie, \u017ee jazda nes\u00favisela s plnen\u00edm \u017eiadnych slu\u017eobn\u00fdch \u00faloh,&#8221;<\/em> hovor\u00ed enviroexpert a dod\u00e1va, \u017ee vozidlo\u00a0pred Kuffom vyu\u017e\u00edvali zamestnanci plniaci \u00falohy v oblasti geol\u00f3gie, \u010do nasved\u010duje tomu, \u017ee bolo zak\u00fapen\u00e9 na \u00fa\u010dely vykon\u00e1vania napr. geologick\u00fdch prieskumov alebo san\u00e1cie environment\u00e1lnych z\u00e1\u0165a\u017e\u00ed. T\u00fato oblas\u0165 ale \u0160tefan Kuffa nem\u00e1 ako \u0161t\u00e1tny tajomn\u00edk v riadiacej p\u00f4sobnosti.<\/p>\n\n\n\n<p>Proti nespr\u00edstupneniu inform\u00e1ci\u00ed sa Demokrati odvolaj\u00fa. Ke\u010f\u017ee existuje podozrenie na zneu\u017eitie vozidla, ktor\u00e9 sa smie vyu\u017e\u00edva\u0165 len na pr\u00edsne viazan\u00fd \u00fa\u010del, pod\u00e1vaj\u00fa aj podnet na vykonanie auditu pre podozrenie z poru\u0161enia zmluvy o poskytnut\u00ed eurofondov. A rovnako bud\u00fa \u017eiada\u0165, aby \u0161kodu na vozidle uhr\u00e1dzal \u0160tefan Kuffa, ktor\u00fd st\u00e1le nedok\u00e1zal vysvetli\u0165, ak\u00e9 slu\u017eobn\u00e9 \u00falohy mal plni\u0165.<\/p>\n","protected":false},"excerpt":{"rendered":"<p>Po tom, \u010do \u0161t\u00e1tny tajomn\u00edk M\u017dP SR \u0160tefan Kuffa nevedel vysvetli\u0165, \u010di slu\u017eobn\u00e9 vozidlo, ktor\u00fdm 24. janu\u00e1ra 2025 havaroval, nezneu\u017eil na s\u00fakromn\u00e9 \u00fa\u010dely, sa Demokrati obr\u00e1tili na rezort s info\u017eiados\u0165ou. Na \u010das\u0165 ot\u00e1zok nedostali odpove\u010f, no zo spr\u00edstupnenej \u010dasti inform\u00e1ci\u00ed vyplynuli nov\u00e9 z\u00e1va\u017en\u00e9 skuto\u010dnosti. Michal Ki\u010da, evniroexpert strany Demokrati sa obr\u00e1til na rezort po tom, [&hellip;]<\/p>\n","protected":false},"author":13,"featured_media":4937,"comment_status":"closed","ping_status":"closed","sticky":false,"template":"","format":"standard","meta":{"_acf_changed":false,"ngg_post_thumbnail":0,"footnotes":""},"categories":[4],"tags":[],"class_list":["post-6380","post","type-post","status-publish","format-standard","has-post-thumbnail","hentry","category-tlacove-spravy"],"acf":[],"yoast_head":"<!-- This site is optimized with the Yoast SEO plugin v27.2 - https:\/\/yoast.com\/product\/yoast-seo-wordpress\/ -->\n<title>Ministerstvo utajuje niektor\u00e9 podrobnosti Kuffovej nehody, pribudli aj nov\u00e9 z\u00e1va\u017en\u00e9 skuto\u010dnosti<\/title>\n<meta name=\"robots\" content=\"index, follow, max-snippet:-1, max-image-preview:large, max-video-preview:-1\" \/>\n<link rel=\"canonical\" href=\"https:\/\/www.smedemokrati.sk\/sv\/ministerstvo-utajuje-niektore-podrobnosti-kuffovej-nehody-pribudli-aj-nove-zavazne-skutocnosti\/\" \/>\n<meta property=\"og:locale\" content=\"sv_SE\" \/>\n<meta property=\"og:locale:alternate\" content=\"en_US\" \/>\n<meta property=\"og:locale:alternate\" content=\"cs_CZ\" \/>\n<meta property=\"og:locale:alternate\" content=\"hu_HU\" \/>\n<meta property=\"og:locale:alternate\" content=\"sk_SK\" \/>\n<meta property=\"og:type\" content=\"article\" \/>\n<meta property=\"og:title\" content=\"Ministerstvo utajuje niektor\u00e9 podrobnosti Kuffovej nehody, pribudli aj nov\u00e9 z\u00e1va\u017en\u00e9 skuto\u010dnosti\" \/>\n<meta property=\"og:description\" content=\"Po tom, \u010do \u0161t\u00e1tny tajomn\u00edk M\u017dP SR \u0160tefan Kuffa nevedel vysvetli\u0165, \u010di slu\u017eobn\u00e9 vozidlo, ktor\u00fdm 24. janu\u00e1ra 2025 havaroval, nezneu\u017eil na s\u00fakromn\u00e9 \u00fa\u010dely, sa Demokrati obr\u00e1tili na rezort s info\u017eiados\u0165ou. Na \u010das\u0165 ot\u00e1zok nedostali odpove\u010f, no zo spr\u00edstupnenej \u010dasti inform\u00e1ci\u00ed vyplynuli nov\u00e9 z\u00e1va\u017en\u00e9 skuto\u010dnosti. Michal Ki\u010da, evniroexpert strany Demokrati sa obr\u00e1til na rezort po tom, [&hellip;]\" \/>\n<meta property=\"og:url\" content=\"https:\/\/www.smedemokrati.sk\/sv\/ministerstvo-utajuje-niektore-podrobnosti-kuffovej-nehody-pribudli-aj-nove-zavazne-skutocnosti\/\" \/>\n<meta property=\"og:site_name\" content=\"Smedemokrati.sk\" \/>\n<meta property=\"article:publisher\" content=\"https:\/\/www.facebook.com\/smedemokrati2023\" \/>\n<meta property=\"article:published_time\" content=\"2025-02-13T10:03:05+00:00\" \/>\n<meta property=\"article:modified_time\" content=\"2025-02-13T10:03:06+00:00\" \/>\n<meta property=\"og:image\" content=\"https:\/\/www.smedemokrati.sk\/wp-content\/uploads\/2024\/08\/stefan-kuffa.jpeg.jpg\" \/>\n\t<meta property=\"og:image:width\" content=\"649\" \/>\n\t<meta property=\"og:image:height\" content=\"365\" \/>\n\t<meta property=\"og:image:type\" content=\"image\/jpeg\" \/>\n<meta name=\"author\" content=\"miro.sopko\" \/>\n<meta name=\"twitter:card\" content=\"summary_large_image\" \/>\n<meta name=\"twitter:label1\" content=\"Skriven av\" \/>\n\t<meta name=\"twitter:data1\" content=\"miro.sopko\" \/>\n\t<meta name=\"twitter:label2\" content=\"Ber\u00e4knad l\u00e4stid\" \/>\n\t<meta name=\"twitter:data2\" content=\"2 minuter\" \/>\n<script type=\"application\/ld+json\" class=\"yoast-schema-graph\">{\"@context\":\"https:\/\/schema.org\",\"@graph\":[{\"@type\":\"Article\",\"@id\":\"https:\/\/www.smedemokrati.sk\/ministerstvo-utajuje-niektore-podrobnosti-kuffovej-nehody-pribudli-aj-nove-zavazne-skutocnosti\/#article\",\"isPartOf\":{\"@id\":\"https:\/\/www.smedemokrati.sk\/ministerstvo-utajuje-niektore-podrobnosti-kuffovej-nehody-pribudli-aj-nove-zavazne-skutocnosti\/\"},\"author\":{\"name\":\"miro.sopko\",\"@id\":\"https:\/\/www.smedemokrati.sk\/#\/schema\/person\/21f147c88d605aa7ded900e1e7c344ba\"},\"headline\":\"Ministerstvo utajuje niektor\u00e9 podrobnosti Kuffovej nehody, pribudli aj nov\u00e9 z\u00e1va\u017en\u00e9 skuto\u010dnosti\",\"datePublished\":\"2025-02-13T10:03:05+00:00\",\"dateModified\":\"2025-02-13T10:03:06+00:00\",\"mainEntityOfPage\":{\"@id\":\"https:\/\/www.smedemokrati.sk\/ministerstvo-utajuje-niektore-podrobnosti-kuffovej-nehody-pribudli-aj-nove-zavazne-skutocnosti\/\"},\"wordCount\":369,\"publisher\":{\"@id\":\"https:\/\/www.smedemokrati.sk\/#organization\"},\"image\":{\"@id\":\"https:\/\/www.smedemokrati.sk\/ministerstvo-utajuje-niektore-podrobnosti-kuffovej-nehody-pribudli-aj-nove-zavazne-skutocnosti\/#primaryimage\"},\"thumbnailUrl\":\"https:\/\/www.smedemokrati.sk\/wp-content\/uploads\/2024\/08\/stefan-kuffa.jpeg.jpg\",\"articleSection\":[\"Tla\u010dov\u00e9 spr\u00e1vy\"],\"inLanguage\":\"sv-SE\"},{\"@type\":\"WebPage\",\"@id\":\"https:\/\/www.smedemokrati.sk\/ministerstvo-utajuje-niektore-podrobnosti-kuffovej-nehody-pribudli-aj-nove-zavazne-skutocnosti\/\",\"url\":\"https:\/\/www.smedemokrati.sk\/ministerstvo-utajuje-niektore-podrobnosti-kuffovej-nehody-pribudli-aj-nove-zavazne-skutocnosti\/\",\"name\":\"Ministerstvo utajuje niektor\u00e9 podrobnosti Kuffovej nehody, pribudli aj nov\u00e9 z\u00e1va\u017en\u00e9 skuto\u010dnosti\",\"isPartOf\":{\"@id\":\"https:\/\/www.smedemokrati.sk\/#website\"},\"primaryImageOfPage\":{\"@id\":\"https:\/\/www.smedemokrati.sk\/ministerstvo-utajuje-niektore-podrobnosti-kuffovej-nehody-pribudli-aj-nove-zavazne-skutocnosti\/#primaryimage\"},\"image\":{\"@id\":\"https:\/\/www.smedemokrati.sk\/ministerstvo-utajuje-niektore-podrobnosti-kuffovej-nehody-pribudli-aj-nove-zavazne-skutocnosti\/#primaryimage\"},\"thumbnailUrl\":\"https:\/\/www.smedemokrati.sk\/wp-content\/uploads\/2024\/08\/stefan-kuffa.jpeg.jpg\",\"datePublished\":\"2025-02-13T10:03:05+00:00\",\"dateModified\":\"2025-02-13T10:03:06+00:00\",\"breadcrumb\":{\"@id\":\"https:\/\/www.smedemokrati.sk\/ministerstvo-utajuje-niektore-podrobnosti-kuffovej-nehody-pribudli-aj-nove-zavazne-skutocnosti\/#breadcrumb\"},\"inLanguage\":\"sv-SE\",\"potentialAction\":[{\"@type\":\"ReadAction\",\"target\":[\"https:\/\/www.smedemokrati.sk\/ministerstvo-utajuje-niektore-podrobnosti-kuffovej-nehody-pribudli-aj-nove-zavazne-skutocnosti\/\"]}]},{\"@type\":\"ImageObject\",\"inLanguage\":\"sv-SE\",\"@id\":\"https:\/\/www.smedemokrati.sk\/ministerstvo-utajuje-niektore-podrobnosti-kuffovej-nehody-pribudli-aj-nove-zavazne-skutocnosti\/#primaryimage\",\"url\":\"https:\/\/www.smedemokrati.sk\/wp-content\/uploads\/2024\/08\/stefan-kuffa.jpeg.jpg\",\"contentUrl\":\"https:\/\/www.smedemokrati.sk\/wp-content\/uploads\/2024\/08\/stefan-kuffa.jpeg.jpg\",\"width\":649,\"height\":365},{\"@type\":\"BreadcrumbList\",\"@id\":\"https:\/\/www.smedemokrati.sk\/ministerstvo-utajuje-niektore-podrobnosti-kuffovej-nehody-pribudli-aj-nove-zavazne-skutocnosti\/#breadcrumb\",\"itemListElement\":[{\"@type\":\"ListItem\",\"position\":1,\"name\":\"Domovsk\u00e1 str\u00e1nka\",\"item\":\"https:\/\/www.smedemokrati.sk\/\"},{\"@type\":\"ListItem\",\"position\":2,\"name\":\"Ministerstvo utajuje niektor\u00e9 podrobnosti Kuffovej nehody, pribudli aj nov\u00e9 z\u00e1va\u017en\u00e9 skuto\u010dnosti\"}]},{\"@type\":\"WebSite\",\"@id\":\"https:\/\/www.smedemokrati.sk\/#website\",\"url\":\"https:\/\/www.smedemokrati.sk\/\",\"name\":\"Smedemokrati.sk\",\"description\":\"Demokracia a slu\u0161nos\u0165 zv\u00ed\u0165az\u00ed\",\"publisher\":{\"@id\":\"https:\/\/www.smedemokrati.sk\/#organization\"},\"potentialAction\":[{\"@type\":\"SearchAction\",\"target\":{\"@type\":\"EntryPoint\",\"urlTemplate\":\"https:\/\/www.smedemokrati.sk\/?s={search_term_string}\"},\"query-input\":{\"@type\":\"PropertyValueSpecification\",\"valueRequired\":true,\"valueName\":\"search_term_string\"}}],\"inLanguage\":\"sv-SE\"},{\"@type\":\"Organization\",\"@id\":\"https:\/\/www.smedemokrati.sk\/#organization\",\"name\":\"Smedemokrati.sk\",\"url\":\"https:\/\/www.smedemokrati.sk\/\",\"logo\":{\"@type\":\"ImageObject\",\"inLanguage\":\"sv-SE\",\"@id\":\"https:\/\/www.smedemokrati.sk\/#\/schema\/logo\/image\/\",\"url\":\"https:\/\/www.smedemokrati.sk\/wp-content\/uploads\/2023\/04\/ff.002.jpeg\",\"contentUrl\":\"https:\/\/www.smedemokrati.sk\/wp-content\/uploads\/2023\/04\/ff.002.jpeg\",\"width\":640,\"height\":480,\"caption\":\"Smedemokrati.sk\"},\"image\":{\"@id\":\"https:\/\/www.smedemokrati.sk\/#\/schema\/logo\/image\/\"},\"sameAs\":[\"https:\/\/www.facebook.com\/smedemokrati2023\"]},{\"@type\":\"Person\",\"@id\":\"https:\/\/www.smedemokrati.sk\/#\/schema\/person\/21f147c88d605aa7ded900e1e7c344ba\",\"name\":\"miro.sopko\",\"image\":{\"@type\":\"ImageObject\",\"inLanguage\":\"sv-SE\",\"@id\":\"https:\/\/secure.gravatar.com\/avatar\/267e4a36f704376c109afe3a78740c1f5dd8675a2180a908699e7863c9247606?s=96&d=mm&r=g\",\"url\":\"https:\/\/secure.gravatar.com\/avatar\/267e4a36f704376c109afe3a78740c1f5dd8675a2180a908699e7863c9247606?s=96&d=mm&r=g\",\"contentUrl\":\"https:\/\/secure.gravatar.com\/avatar\/267e4a36f704376c109afe3a78740c1f5dd8675a2180a908699e7863c9247606?s=96&d=mm&r=g\",\"caption\":\"miro.sopko\"},\"url\":\"https:\/\/www.smedemokrati.sk\/sv\/author\/miro-sopko\/\"}]}<\/script>\n<!-- \/ Yoast SEO plugin. -->","yoast_head_json":{"title":"Ministerstvo utajuje niektor\u00e9 podrobnosti Kuffovej nehody, pribudli aj nov\u00e9 z\u00e1va\u017en\u00e9 skuto\u010dnosti","robots":{"index":"index","follow":"follow","max-snippet":"max-snippet:-1","max-image-preview":"max-image-preview:large","max-video-preview":"max-video-preview:-1"},"canonical":"https:\/\/www.smedemokrati.sk\/sv\/ministerstvo-utajuje-niektore-podrobnosti-kuffovej-nehody-pribudli-aj-nove-zavazne-skutocnosti\/","og_locale":"sv_SE","og_type":"article","og_title":"[:sk]Ministerstvo utajuje niektor\u00e9 podrobnosti Kuffovej nehody, pribudli aj nov\u00e9 z\u00e1va\u017en\u00e9 skuto\u010dnosti[:] - Smedemokrati.sk","og_description":"Po tom, \u010do \u0161t\u00e1tny tajomn\u00edk M\u017dP SR \u0160tefan Kuffa nevedel vysvetli\u0165, \u010di slu\u017eobn\u00e9 vozidlo, ktor\u00fdm 24. janu\u00e1ra 2025 havaroval, nezneu\u017eil na s\u00fakromn\u00e9 \u00fa\u010dely, sa Demokrati obr\u00e1tili na rezort s info\u017eiados\u0165ou. Na \u010das\u0165 ot\u00e1zok nedostali odpove\u010f, no zo spr\u00edstupnenej \u010dasti inform\u00e1ci\u00ed vyplynuli nov\u00e9 z\u00e1va\u017en\u00e9 skuto\u010dnosti. Michal Ki\u010da, evniroexpert strany Demokrati sa obr\u00e1til na rezort po tom, [&hellip;]","og_url":"https:\/\/www.smedemokrati.sk\/sv\/ministerstvo-utajuje-niektore-podrobnosti-kuffovej-nehody-pribudli-aj-nove-zavazne-skutocnosti\/","og_site_name":"Smedemokrati.sk","article_publisher":"https:\/\/www.facebook.com\/smedemokrati2023","article_published_time":"2025-02-13T10:03:05+00:00","article_modified_time":"2025-02-13T10:03:06+00:00","og_image":[{"width":649,"height":365,"url":"https:\/\/www.smedemokrati.sk\/wp-content\/uploads\/2024\/08\/stefan-kuffa.jpeg.jpg","type":"image\/jpeg"}],"author":"miro.sopko","twitter_card":"summary_large_image","twitter_misc":{"Skriven av":"miro.sopko","Ber\u00e4knad l\u00e4stid":"2 minuter"},"schema":{"@context":"https:\/\/schema.org","@graph":[{"@type":"Article","@id":"https:\/\/www.smedemokrati.sk\/ministerstvo-utajuje-niektore-podrobnosti-kuffovej-nehody-pribudli-aj-nove-zavazne-skutocnosti\/#article","isPartOf":{"@id":"https:\/\/www.smedemokrati.sk\/ministerstvo-utajuje-niektore-podrobnosti-kuffovej-nehody-pribudli-aj-nove-zavazne-skutocnosti\/"},"author":{"name":"miro.sopko","@id":"https:\/\/www.smedemokrati.sk\/#\/schema\/person\/21f147c88d605aa7ded900e1e7c344ba"},"headline":"Ministerstvo utajuje niektor\u00e9 podrobnosti Kuffovej nehody, pribudli aj nov\u00e9 z\u00e1va\u017en\u00e9 skuto\u010dnosti","datePublished":"2025-02-13T10:03:05+00:00","dateModified":"2025-02-13T10:03:06+00:00","mainEntityOfPage":{"@id":"https:\/\/www.smedemokrati.sk\/ministerstvo-utajuje-niektore-podrobnosti-kuffovej-nehody-pribudli-aj-nove-zavazne-skutocnosti\/"},"wordCount":369,"publisher":{"@id":"https:\/\/www.smedemokrati.sk\/#organization"},"image":{"@id":"https:\/\/www.smedemokrati.sk\/ministerstvo-utajuje-niektore-podrobnosti-kuffovej-nehody-pribudli-aj-nove-zavazne-skutocnosti\/#primaryimage"},"thumbnailUrl":"https:\/\/www.smedemokrati.sk\/wp-content\/uploads\/2024\/08\/stefan-kuffa.jpeg.jpg","articleSection":["Tla\u010dov\u00e9 spr\u00e1vy"],"inLanguage":"sv-SE"},{"@type":"WebPage","@id":"https:\/\/www.smedemokrati.sk\/ministerstvo-utajuje-niektore-podrobnosti-kuffovej-nehody-pribudli-aj-nove-zavazne-skutocnosti\/","url":"https:\/\/www.smedemokrati.sk\/ministerstvo-utajuje-niektore-podrobnosti-kuffovej-nehody-pribudli-aj-nove-zavazne-skutocnosti\/","name":"Ministerstvo utajuje niektor\u00e9 podrobnosti Kuffovej nehody, pribudli aj nov\u00e9 z\u00e1va\u017en\u00e9 skuto\u010dnosti","isPartOf":{"@id":"https:\/\/www.smedemokrati.sk\/#website"},"primaryImageOfPage":{"@id":"https:\/\/www.smedemokrati.sk\/ministerstvo-utajuje-niektore-podrobnosti-kuffovej-nehody-pribudli-aj-nove-zavazne-skutocnosti\/#primaryimage"},"image":{"@id":"https:\/\/www.smedemokrati.sk\/ministerstvo-utajuje-niektore-podrobnosti-kuffovej-nehody-pribudli-aj-nove-zavazne-skutocnosti\/#primaryimage"},"thumbnailUrl":"https:\/\/www.smedemokrati.sk\/wp-content\/uploads\/2024\/08\/stefan-kuffa.jpeg.jpg","datePublished":"2025-02-13T10:03:05+00:00","dateModified":"2025-02-13T10:03:06+00:00","breadcrumb":{"@id":"https:\/\/www.smedemokrati.sk\/ministerstvo-utajuje-niektore-podrobnosti-kuffovej-nehody-pribudli-aj-nove-zavazne-skutocnosti\/#breadcrumb"},"inLanguage":"sv-SE","potentialAction":[{"@type":"ReadAction","target":["https:\/\/www.smedemokrati.sk\/ministerstvo-utajuje-niektore-podrobnosti-kuffovej-nehody-pribudli-aj-nove-zavazne-skutocnosti\/"]}]},{"@type":"ImageObject","inLanguage":"sv-SE","@id":"https:\/\/www.smedemokrati.sk\/ministerstvo-utajuje-niektore-podrobnosti-kuffovej-nehody-pribudli-aj-nove-zavazne-skutocnosti\/#primaryimage","url":"https:\/\/www.smedemokrati.sk\/wp-content\/uploads\/2024\/08\/stefan-kuffa.jpeg.jpg","contentUrl":"https:\/\/www.smedemokrati.sk\/wp-content\/uploads\/2024\/08\/stefan-kuffa.jpeg.jpg","width":649,"height":365},{"@type":"BreadcrumbList","@id":"https:\/\/www.smedemokrati.sk\/ministerstvo-utajuje-niektore-podrobnosti-kuffovej-nehody-pribudli-aj-nove-zavazne-skutocnosti\/#breadcrumb","itemListElement":[{"@type":"ListItem","position":1,"name":"Domovsk\u00e1 str\u00e1nka","item":"https:\/\/www.smedemokrati.sk\/"},{"@type":"ListItem","position":2,"name":"Ministerstvo utajuje niektor\u00e9 podrobnosti Kuffovej nehody, pribudli aj nov\u00e9 z\u00e1va\u017en\u00e9 skuto\u010dnosti"}]},{"@type":"WebSite","@id":"https:\/\/www.smedemokrati.sk\/#website","url":"https:\/\/www.smedemokrati.sk\/","name":"Smedemokrati.sk","description":"Demokracia a slu\u0161nos\u0165 zv\u00ed\u0165az\u00ed","publisher":{"@id":"https:\/\/www.smedemokrati.sk\/#organization"},"potentialAction":[{"@type":"SearchAction","target":{"@type":"EntryPoint","urlTemplate":"https:\/\/www.smedemokrati.sk\/?s={search_term_string}"},"query-input":{"@type":"PropertyValueSpecification","valueRequired":true,"valueName":"search_term_string"}}],"inLanguage":"sv-SE"},{"@type":"Organization","@id":"https:\/\/www.smedemokrati.sk\/#organization","name":"Smedemokrati.sk","url":"https:\/\/www.smedemokrati.sk\/","logo":{"@type":"ImageObject","inLanguage":"sv-SE","@id":"https:\/\/www.smedemokrati.sk\/#\/schema\/logo\/image\/","url":"https:\/\/www.smedemokrati.sk\/wp-content\/uploads\/2023\/04\/ff.002.jpeg","contentUrl":"https:\/\/www.smedemokrati.sk\/wp-content\/uploads\/2023\/04\/ff.002.jpeg","width":640,"height":480,"caption":"Smedemokrati.sk"},"image":{"@id":"https:\/\/www.smedemokrati.sk\/#\/schema\/logo\/image\/"},"sameAs":["https:\/\/www.facebook.com\/smedemokrati2023"]},{"@type":"Person","@id":"https:\/\/www.smedemokrati.sk\/#\/schema\/person\/21f147c88d605aa7ded900e1e7c344ba","name":"miro.sopko","image":{"@type":"ImageObject","inLanguage":"sv-SE","@id":"https:\/\/secure.gravatar.com\/avatar\/267e4a36f704376c109afe3a78740c1f5dd8675a2180a908699e7863c9247606?s=96&d=mm&r=g","url":"https:\/\/secure.gravatar.com\/avatar\/267e4a36f704376c109afe3a78740c1f5dd8675a2180a908699e7863c9247606?s=96&d=mm&r=g","contentUrl":"https:\/\/secure.gravatar.com\/avatar\/267e4a36f704376c109afe3a78740c1f5dd8675a2180a908699e7863c9247606?s=96&d=mm&r=g","caption":"miro.sopko"},"url":"https:\/\/www.smedemokrati.sk\/sv\/author\/miro-sopko\/"}]}},"_links":{"self":[{"href":"https:\/\/www.smedemokrati.sk\/sv\/wp-json\/wp\/v2\/posts\/6380","targetHints":{"allow":["GET"]}}],"collection":[{"href":"https:\/\/www.smedemokrati.sk\/sv\/wp-json\/wp\/v2\/posts"}],"about":[{"href":"https:\/\/www.smedemokrati.sk\/sv\/wp-json\/wp\/v2\/types\/post"}],"author":[{"embeddable":true,"href":"https:\/\/www.smedemokrati.sk\/sv\/wp-json\/wp\/v2\/users\/13"}],"replies":[{"embeddable":true,"href":"https:\/\/www.smedemokrati.sk\/sv\/wp-json\/wp\/v2\/comments?post=6380"}],"version-history":[{"count":1,"href":"https:\/\/www.smedemokrati.sk\/sv\/wp-json\/wp\/v2\/posts\/6380\/revisions"}],"predecessor-version":[{"id":6381,"href":"https:\/\/www.smedemokrati.sk\/sv\/wp-json\/wp\/v2\/posts\/6380\/revisions\/6381"}],"wp:featuredmedia":[{"embeddable":true,"href":"https:\/\/www.smedemokrati.sk\/sv\/wp-json\/wp\/v2\/media\/4937"}],"wp:attachment":[{"href":"https:\/\/www.smedemokrati.sk\/sv\/wp-json\/wp\/v2\/media?parent=6380"}],"wp:term":[{"taxonomy":"category","embeddable":true,"href":"https:\/\/www.smedemokrati.sk\/sv\/wp-json\/wp\/v2\/categories?post=6380"},{"taxonomy":"post_tag","embeddable":true,"href":"https:\/\/www.smedemokrati.sk\/sv\/wp-json\/wp\/v2\/tags?post=6380"}],"curies":[{"name":"wp","href":"https:\/\/api.w.org\/{rel}","templated":true}]}}