{"id":6301,"date":"2025-02-05T19:27:50","date_gmt":"2025-02-05T18:27:50","guid":{"rendered":"https:\/\/www.smedemokrati.sk\/?p=6301"},"modified":"2025-02-05T19:27:50","modified_gmt":"2025-02-05T18:27:50","slug":"z-policajneho-zboru-miznu-financne-prostriedky-ziadame-stanovisko-prezidentky-pz-sr","status":"publish","type":"post","link":"https:\/\/www.smedemokrati.sk\/sv\/z-policajneho-zboru-miznu-financne-prostriedky-ziadame-stanovisko-prezidentky-pz-sr\/","title":{"rendered":"Z policajn\u00e9ho zboru mizn\u00fa finan\u010dn\u00e9 prostriedky, \u017eiadame stanovisko prezidentky PZ SR"},"content":{"rendered":"<div id=\"fb-root\"><\/div>\n\n<p><strong>Osobitn\u00e9 finan\u010dn\u00e9 prostriedky z policajn\u00e9ho zboru, ktor\u00e9 maj\u00fa by\u0165 pou\u017e\u00edvan\u00e9 na vyplatenie inform\u00e1torov \u010di n\u00e1kup techniky na vy\u0161etrovaciu \u010dinnos\u0165 nie s\u00fa riadne zdokumentovan\u00e9, nie je jasn\u00fd \u00fa\u010del ich pou\u017eitia a pri ich vypl\u00e1can\u00ed ch\u00fdbaj\u00fa form\u00e1lne n\u00e1le\u017eitosti. Vypl\u00fdva to z ofici\u00e1lnych dokumentov, ktor\u00e9 z\u00edskala strana Demokrati a pod\u013ea ktorej tak mohli &#8221;zmizn\u00fa\u0165&#8221; desiatky tis\u00edc eur. Strana sa obracia na policajn\u00fa in\u0161pekciu a vyz\u00fdva nov\u00fa policajn\u00fa prezidentku o zaujatie stanoviska.<\/strong><\/p>\n\n\n\n<p>\u201e<em>Policajt, ktor\u00fd sa zaober\u00e1 \u010dinnos\u0165ou, v r\u00e1mci ktorej plat\u00ed svojich inform\u00e1torov, alebo nakupuje techniku v zmysle z\u00e1kona mimo verejn\u00e9ho obstar\u00e1vania, m\u00f4\u017ee na z\u00e1klade ofici\u00e1lnej \u017eiadosti dosta\u0165 na tak\u00fato \u010dinnos\u0165 osobitn\u00e9 finan\u010dn\u00e9 prostriedky. Na \u017eiadosti mus\u00ed uvies\u0165 \u00fa\u010del, teda jasn\u00fd d\u00f4vod na \u010do peniaze pou\u017eije a jeho \u017eiados\u0165 mus\u00ed by\u0165 schv\u00e1len\u00e1 podpismi nadriaden\u00fdch,&#8221;<\/em>\u00a0vysvet\u013euje Juraj \u0160eliga, podpredseda Demokratov.<\/p>\n\n\n\n<p>Hovor\u00ed, \u017ee osobitn\u00e9 finan\u010dn\u00e9 prostriedky s\u00fa veden\u00e9 v utajovanom re\u017eime a pod\u013ea z\u00e1znamu z kontroly, ktor\u00fdm strana disponuje, v\u0161ak mohli by\u0165 tieto prostriedky vyplaten\u00e9 neopr\u00e1vnene.\u00a0\u201e<em>Policajti nemaj\u00fa na z\u00e1kladn\u00fa v\u00fdbavu a z v\u00fdsledkov kontroly sa dozved\u00e1me, \u017ee s\u00fa tu osoby, ktor\u00e9 si bez riadneho udania d\u00f4vodu a \u010fal\u0161\u00edch ch\u00fdbaj\u00facich n\u00e1le\u017eitost\u00ed, mohli prilep\u0161i\u0165 aj o tis\u00edce. Dokopy hovor\u00edme o celkovej sume prostriedkov na osobitn\u00e9 ur\u010denie vo v\u00fd\u0161ke 2 mil. eur, ktor\u00e9 si mohli v \u00favodzovk\u00e1ch, takto niektor\u00ed policajti medzi sebou rozdeli\u0165.<\/em>&#8221; vysvet\u013euje \u010falej Juraj \u0160eliga.<\/p>\n\n\n\n<p>\u201e<em>Osobitn\u00e9 finan\u010dn\u00e9 prostriedky s\u00fa d\u00f4le\u017eitou s\u00fa\u010das\u0165ou pr\u00e1ce pol\u00edcie, ale nesmie pr\u00eds\u0165 k ich zneu\u017e\u00edvaniu. Z uveden\u00fdch z\u00e1znamov je zrejm\u00e9, \u017ee niektor\u00e9 prostriedky boli zneu\u017eit\u00e9 v priamej riadiacej p\u00f4sobnosti p\u00e1na Sol\u00e1ka a p\u00e1na Hap\u0161t\u00e1ka (viceprezident PZ), ke\u010f\u017ee pre pou\u017eitie finan\u010dn\u00fdch prostriedkov nad 100 eur je potrebn\u00fd podpis 2 nadriaden\u00fdch. Teda napr\u00edklad p\u00e1na Hap\u0161t\u00e1ka, ktor\u00fd m\u00e1 by\u0165 vyslan\u00fd do Moskvy. P\u00fdtame sa, kto kontroluje toto pou\u017eitie, ke\u010f\u017ee kontroly boli vykonan\u00e9 a\u017e na z\u00e1klade anonymn\u00fdch podan\u00ed, zrejme od policajtov, ktor\u00ed sa u\u017e na t\u00fato situ\u00e1ciu nem\u00f4\u017eu pozera\u0165. Preto\u017ee tak\u00fdmto sp\u00f4sobom si niektor\u00ed policajti prilep\u0161ia nez\u00e1konne k svojmu platu aj o 1000 eur mesa\u010dne.&#8221;\u00a0<\/em>hovor\u00ed Juraj \u0160eliga<\/p>\n\n\n\n<p>\u201e<em>\u0160tandardne by tieto pochybnosti mali vies\u0165 k trestn\u00e9mu st\u00edhaniu a postaveniu mimo slu\u017ebu. Rovnako by sa mal o veci zauj\u00edma\u0165 parlamentn\u00fd v\u00fdbor pre obranu a bezpe\u010dnos\u0165, ale vl\u00e1dna koal\u00edcia na to ka\u0161le. \u017dia\u013e NK\u00da nie je \u010dastokr\u00e1t pripusten\u00fd na kontrolu. Preto sa verejne obraciame na vedenie policajn\u00e9ho zboru s ot\u00e1zkou, ak\u00fd je \u010fal\u0161\u00ed postup v tejto veci? Ako id\u00fa t\u00fdmto zneu\u017e\u00edvania zabr\u00e1ni\u0165?<\/em>&#8221; uzatv\u00e1ra Juraj \u0160eliga.<\/p>\n\n\n\n<p>Demokrati pod\u00e1vaj\u00fa v tejto s\u00favislosti podnet na policajn\u00fa in\u0161pekciu a vyz\u00fdvaj\u00fa prezidentku PZ SR Ma\u0161karov\u00fa, aby zaujala jasn\u00e9 stanovisko a informovala verejnos\u0165 o syst\u00e9mov\u00fdch opatreniach, ktor\u00fdmi ide zabr\u00e1ni\u0165 \u010fal\u0161iemu neefekt\u00edvnemu vynakladaniu finan\u010dn\u00fdch prostriedkov v zbore.&nbsp;<\/p>\n\n\n<div class=\"fb-video\" data-href=\"https:\/\/fb.watch\/xz5jXOHxfL\" data-allowfullscreen=\"true\" data-autoplay=\"false\" data-width=\"\" data-show-text=\"false\" data-show-captions=\"true\"><\/div>\n","protected":false},"excerpt":{"rendered":"<p>Osobitn\u00e9 finan\u010dn\u00e9 prostriedky z policajn\u00e9ho zboru, ktor\u00e9 maj\u00fa by\u0165 pou\u017e\u00edvan\u00e9 na vyplatenie inform\u00e1torov \u010di n\u00e1kup techniky na vy\u0161etrovaciu \u010dinnos\u0165 nie s\u00fa riadne zdokumentovan\u00e9, nie je jasn\u00fd \u00fa\u010del ich pou\u017eitia a pri ich vypl\u00e1can\u00ed ch\u00fdbaj\u00fa form\u00e1lne n\u00e1le\u017eitosti. Vypl\u00fdva to z ofici\u00e1lnych dokumentov, ktor\u00e9 z\u00edskala strana Demokrati a pod\u013ea ktorej tak mohli &#8221;zmizn\u00fa\u0165&#8221; desiatky tis\u00edc eur. Strana [&hellip;]<\/p>\n","protected":false},"author":13,"featured_media":6303,"comment_status":"closed","ping_status":"closed","sticky":false,"template":"","format":"standard","meta":{"_acf_changed":false,"ngg_post_thumbnail":0,"footnotes":""},"categories":[4],"tags":[],"class_list":["post-6301","post","type-post","status-publish","format-standard","has-post-thumbnail","hentry","category-tlacove-spravy"],"acf":[],"yoast_head":"<!-- This site is optimized with the Yoast SEO plugin v27.2 - https:\/\/yoast.com\/product\/yoast-seo-wordpress\/ -->\n<title>Z policajn\u00e9ho zboru mizn\u00fa finan\u010dn\u00e9 prostriedky, \u017eiadame stanovisko prezidentky PZ SR<\/title>\n<meta name=\"robots\" content=\"index, follow, max-snippet:-1, max-image-preview:large, max-video-preview:-1\" \/>\n<link rel=\"canonical\" href=\"https:\/\/www.smedemokrati.sk\/sv\/z-policajneho-zboru-miznu-financne-prostriedky-ziadame-stanovisko-prezidentky-pz-sr\/\" \/>\n<meta property=\"og:locale\" content=\"sv_SE\" \/>\n<meta property=\"og:locale:alternate\" content=\"en_US\" \/>\n<meta property=\"og:locale:alternate\" content=\"cs_CZ\" \/>\n<meta property=\"og:locale:alternate\" content=\"hu_HU\" \/>\n<meta property=\"og:locale:alternate\" content=\"sk_SK\" \/>\n<meta property=\"og:type\" content=\"article\" \/>\n<meta property=\"og:title\" content=\"Z policajn\u00e9ho zboru mizn\u00fa finan\u010dn\u00e9 prostriedky, \u017eiadame stanovisko prezidentky PZ SR\" \/>\n<meta property=\"og:description\" content=\"Osobitn\u00e9 finan\u010dn\u00e9 prostriedky z policajn\u00e9ho zboru, ktor\u00e9 maj\u00fa by\u0165 pou\u017e\u00edvan\u00e9 na vyplatenie inform\u00e1torov \u010di n\u00e1kup techniky na vy\u0161etrovaciu \u010dinnos\u0165 nie s\u00fa riadne zdokumentovan\u00e9, nie je jasn\u00fd \u00fa\u010del ich pou\u017eitia a pri ich vypl\u00e1can\u00ed ch\u00fdbaj\u00fa form\u00e1lne n\u00e1le\u017eitosti. Vypl\u00fdva to z ofici\u00e1lnych dokumentov, ktor\u00e9 z\u00edskala strana Demokrati a pod\u013ea ktorej tak mohli &#8221;zmizn\u00fa\u0165&#8221; desiatky tis\u00edc eur. Strana [&hellip;]\" \/>\n<meta property=\"og:url\" content=\"https:\/\/www.smedemokrati.sk\/sv\/z-policajneho-zboru-miznu-financne-prostriedky-ziadame-stanovisko-prezidentky-pz-sr\/\" \/>\n<meta property=\"og:site_name\" content=\"Smedemokrati.sk\" \/>\n<meta property=\"article:publisher\" content=\"https:\/\/www.facebook.com\/smedemokrati2023\" \/>\n<meta property=\"article:published_time\" content=\"2025-02-05T18:27:50+00:00\" \/>\n<meta property=\"og:image\" content=\"https:\/\/www.smedemokrati.sk\/wp-content\/uploads\/2025\/02\/peniaze_policia.jpg\" \/>\n\t<meta property=\"og:image:width\" content=\"730\" \/>\n\t<meta property=\"og:image:height\" content=\"421\" \/>\n\t<meta property=\"og:image:type\" content=\"image\/jpeg\" \/>\n<meta name=\"author\" content=\"miro.sopko\" \/>\n<meta name=\"twitter:card\" content=\"summary_large_image\" \/>\n<meta name=\"twitter:label1\" content=\"Skriven av\" \/>\n\t<meta name=\"twitter:data1\" content=\"miro.sopko\" \/>\n\t<meta name=\"twitter:label2\" content=\"Ber\u00e4knad l\u00e4stid\" \/>\n\t<meta name=\"twitter:data2\" content=\"3 minuter\" \/>\n<script type=\"application\/ld+json\" class=\"yoast-schema-graph\">{\"@context\":\"https:\/\/schema.org\",\"@graph\":[{\"@type\":\"Article\",\"@id\":\"https:\/\/www.smedemokrati.sk\/z-policajneho-zboru-miznu-financne-prostriedky-ziadame-stanovisko-prezidentky-pz-sr\/#article\",\"isPartOf\":{\"@id\":\"https:\/\/www.smedemokrati.sk\/z-policajneho-zboru-miznu-financne-prostriedky-ziadame-stanovisko-prezidentky-pz-sr\/\"},\"author\":{\"name\":\"miro.sopko\",\"@id\":\"https:\/\/www.smedemokrati.sk\/#\/schema\/person\/21f147c88d605aa7ded900e1e7c344ba\"},\"headline\":\"Z policajn\u00e9ho zboru mizn\u00fa finan\u010dn\u00e9 prostriedky, \u017eiadame stanovisko prezidentky PZ SR\",\"datePublished\":\"2025-02-05T18:27:50+00:00\",\"mainEntityOfPage\":{\"@id\":\"https:\/\/www.smedemokrati.sk\/z-policajneho-zboru-miznu-financne-prostriedky-ziadame-stanovisko-prezidentky-pz-sr\/\"},\"wordCount\":562,\"publisher\":{\"@id\":\"https:\/\/www.smedemokrati.sk\/#organization\"},\"image\":{\"@id\":\"https:\/\/www.smedemokrati.sk\/z-policajneho-zboru-miznu-financne-prostriedky-ziadame-stanovisko-prezidentky-pz-sr\/#primaryimage\"},\"thumbnailUrl\":\"https:\/\/www.smedemokrati.sk\/wp-content\/uploads\/2025\/02\/peniaze_policia.jpg\",\"articleSection\":[\"Tla\u010dov\u00e9 spr\u00e1vy\"],\"inLanguage\":\"sv-SE\"},{\"@type\":\"WebPage\",\"@id\":\"https:\/\/www.smedemokrati.sk\/z-policajneho-zboru-miznu-financne-prostriedky-ziadame-stanovisko-prezidentky-pz-sr\/\",\"url\":\"https:\/\/www.smedemokrati.sk\/z-policajneho-zboru-miznu-financne-prostriedky-ziadame-stanovisko-prezidentky-pz-sr\/\",\"name\":\"Z policajn\u00e9ho zboru mizn\u00fa finan\u010dn\u00e9 prostriedky, \u017eiadame stanovisko prezidentky PZ SR\",\"isPartOf\":{\"@id\":\"https:\/\/www.smedemokrati.sk\/#website\"},\"primaryImageOfPage\":{\"@id\":\"https:\/\/www.smedemokrati.sk\/z-policajneho-zboru-miznu-financne-prostriedky-ziadame-stanovisko-prezidentky-pz-sr\/#primaryimage\"},\"image\":{\"@id\":\"https:\/\/www.smedemokrati.sk\/z-policajneho-zboru-miznu-financne-prostriedky-ziadame-stanovisko-prezidentky-pz-sr\/#primaryimage\"},\"thumbnailUrl\":\"https:\/\/www.smedemokrati.sk\/wp-content\/uploads\/2025\/02\/peniaze_policia.jpg\",\"datePublished\":\"2025-02-05T18:27:50+00:00\",\"breadcrumb\":{\"@id\":\"https:\/\/www.smedemokrati.sk\/z-policajneho-zboru-miznu-financne-prostriedky-ziadame-stanovisko-prezidentky-pz-sr\/#breadcrumb\"},\"inLanguage\":\"sv-SE\",\"potentialAction\":[{\"@type\":\"ReadAction\",\"target\":[\"https:\/\/www.smedemokrati.sk\/z-policajneho-zboru-miznu-financne-prostriedky-ziadame-stanovisko-prezidentky-pz-sr\/\"]}]},{\"@type\":\"ImageObject\",\"inLanguage\":\"sv-SE\",\"@id\":\"https:\/\/www.smedemokrati.sk\/z-policajneho-zboru-miznu-financne-prostriedky-ziadame-stanovisko-prezidentky-pz-sr\/#primaryimage\",\"url\":\"https:\/\/www.smedemokrati.sk\/wp-content\/uploads\/2025\/02\/peniaze_policia.jpg\",\"contentUrl\":\"https:\/\/www.smedemokrati.sk\/wp-content\/uploads\/2025\/02\/peniaze_policia.jpg\",\"width\":730,\"height\":421},{\"@type\":\"BreadcrumbList\",\"@id\":\"https:\/\/www.smedemokrati.sk\/z-policajneho-zboru-miznu-financne-prostriedky-ziadame-stanovisko-prezidentky-pz-sr\/#breadcrumb\",\"itemListElement\":[{\"@type\":\"ListItem\",\"position\":1,\"name\":\"Domovsk\u00e1 str\u00e1nka\",\"item\":\"https:\/\/www.smedemokrati.sk\/\"},{\"@type\":\"ListItem\",\"position\":2,\"name\":\"Z policajn\u00e9ho zboru mizn\u00fa finan\u010dn\u00e9 prostriedky, \u017eiadame stanovisko prezidentky PZ SR\"}]},{\"@type\":\"WebSite\",\"@id\":\"https:\/\/www.smedemokrati.sk\/#website\",\"url\":\"https:\/\/www.smedemokrati.sk\/\",\"name\":\"Smedemokrati.sk\",\"description\":\"Demokracia a slu\u0161nos\u0165 zv\u00ed\u0165az\u00ed\",\"publisher\":{\"@id\":\"https:\/\/www.smedemokrati.sk\/#organization\"},\"potentialAction\":[{\"@type\":\"SearchAction\",\"target\":{\"@type\":\"EntryPoint\",\"urlTemplate\":\"https:\/\/www.smedemokrati.sk\/?s={search_term_string}\"},\"query-input\":{\"@type\":\"PropertyValueSpecification\",\"valueRequired\":true,\"valueName\":\"search_term_string\"}}],\"inLanguage\":\"sv-SE\"},{\"@type\":\"Organization\",\"@id\":\"https:\/\/www.smedemokrati.sk\/#organization\",\"name\":\"Smedemokrati.sk\",\"url\":\"https:\/\/www.smedemokrati.sk\/\",\"logo\":{\"@type\":\"ImageObject\",\"inLanguage\":\"sv-SE\",\"@id\":\"https:\/\/www.smedemokrati.sk\/#\/schema\/logo\/image\/\",\"url\":\"https:\/\/www.smedemokrati.sk\/wp-content\/uploads\/2023\/04\/ff.002.jpeg\",\"contentUrl\":\"https:\/\/www.smedemokrati.sk\/wp-content\/uploads\/2023\/04\/ff.002.jpeg\",\"width\":640,\"height\":480,\"caption\":\"Smedemokrati.sk\"},\"image\":{\"@id\":\"https:\/\/www.smedemokrati.sk\/#\/schema\/logo\/image\/\"},\"sameAs\":[\"https:\/\/www.facebook.com\/smedemokrati2023\"]},{\"@type\":\"Person\",\"@id\":\"https:\/\/www.smedemokrati.sk\/#\/schema\/person\/21f147c88d605aa7ded900e1e7c344ba\",\"name\":\"miro.sopko\",\"image\":{\"@type\":\"ImageObject\",\"inLanguage\":\"sv-SE\",\"@id\":\"https:\/\/secure.gravatar.com\/avatar\/267e4a36f704376c109afe3a78740c1f5dd8675a2180a908699e7863c9247606?s=96&d=mm&r=g\",\"url\":\"https:\/\/secure.gravatar.com\/avatar\/267e4a36f704376c109afe3a78740c1f5dd8675a2180a908699e7863c9247606?s=96&d=mm&r=g\",\"contentUrl\":\"https:\/\/secure.gravatar.com\/avatar\/267e4a36f704376c109afe3a78740c1f5dd8675a2180a908699e7863c9247606?s=96&d=mm&r=g\",\"caption\":\"miro.sopko\"},\"url\":\"https:\/\/www.smedemokrati.sk\/sv\/author\/miro-sopko\/\"}]}<\/script>\n<!-- \/ Yoast SEO plugin. -->","yoast_head_json":{"title":"Z policajn\u00e9ho zboru mizn\u00fa finan\u010dn\u00e9 prostriedky, \u017eiadame stanovisko prezidentky PZ SR","robots":{"index":"index","follow":"follow","max-snippet":"max-snippet:-1","max-image-preview":"max-image-preview:large","max-video-preview":"max-video-preview:-1"},"canonical":"https:\/\/www.smedemokrati.sk\/sv\/z-policajneho-zboru-miznu-financne-prostriedky-ziadame-stanovisko-prezidentky-pz-sr\/","og_locale":"sv_SE","og_type":"article","og_title":"[:sk]Z policajn\u00e9ho zboru mizn\u00fa finan\u010dn\u00e9 prostriedky, \u017eiadame stanovisko prezidentky PZ SR[:] - Smedemokrati.sk","og_description":"Osobitn\u00e9 finan\u010dn\u00e9 prostriedky z policajn\u00e9ho zboru, ktor\u00e9 maj\u00fa by\u0165 pou\u017e\u00edvan\u00e9 na vyplatenie inform\u00e1torov \u010di n\u00e1kup techniky na vy\u0161etrovaciu \u010dinnos\u0165 nie s\u00fa riadne zdokumentovan\u00e9, nie je jasn\u00fd \u00fa\u010del ich pou\u017eitia a pri ich vypl\u00e1can\u00ed ch\u00fdbaj\u00fa form\u00e1lne n\u00e1le\u017eitosti. Vypl\u00fdva to z ofici\u00e1lnych dokumentov, ktor\u00e9 z\u00edskala strana Demokrati a pod\u013ea ktorej tak mohli &#8221;zmizn\u00fa\u0165&#8221; desiatky tis\u00edc eur. Strana [&hellip;]","og_url":"https:\/\/www.smedemokrati.sk\/sv\/z-policajneho-zboru-miznu-financne-prostriedky-ziadame-stanovisko-prezidentky-pz-sr\/","og_site_name":"Smedemokrati.sk","article_publisher":"https:\/\/www.facebook.com\/smedemokrati2023","article_published_time":"2025-02-05T18:27:50+00:00","og_image":[{"width":730,"height":421,"url":"https:\/\/www.smedemokrati.sk\/wp-content\/uploads\/2025\/02\/peniaze_policia.jpg","type":"image\/jpeg"}],"author":"miro.sopko","twitter_card":"summary_large_image","twitter_misc":{"Skriven av":"miro.sopko","Ber\u00e4knad l\u00e4stid":"3 minuter"},"schema":{"@context":"https:\/\/schema.org","@graph":[{"@type":"Article","@id":"https:\/\/www.smedemokrati.sk\/z-policajneho-zboru-miznu-financne-prostriedky-ziadame-stanovisko-prezidentky-pz-sr\/#article","isPartOf":{"@id":"https:\/\/www.smedemokrati.sk\/z-policajneho-zboru-miznu-financne-prostriedky-ziadame-stanovisko-prezidentky-pz-sr\/"},"author":{"name":"miro.sopko","@id":"https:\/\/www.smedemokrati.sk\/#\/schema\/person\/21f147c88d605aa7ded900e1e7c344ba"},"headline":"Z policajn\u00e9ho zboru mizn\u00fa finan\u010dn\u00e9 prostriedky, \u017eiadame stanovisko prezidentky PZ SR","datePublished":"2025-02-05T18:27:50+00:00","mainEntityOfPage":{"@id":"https:\/\/www.smedemokrati.sk\/z-policajneho-zboru-miznu-financne-prostriedky-ziadame-stanovisko-prezidentky-pz-sr\/"},"wordCount":562,"publisher":{"@id":"https:\/\/www.smedemokrati.sk\/#organization"},"image":{"@id":"https:\/\/www.smedemokrati.sk\/z-policajneho-zboru-miznu-financne-prostriedky-ziadame-stanovisko-prezidentky-pz-sr\/#primaryimage"},"thumbnailUrl":"https:\/\/www.smedemokrati.sk\/wp-content\/uploads\/2025\/02\/peniaze_policia.jpg","articleSection":["Tla\u010dov\u00e9 spr\u00e1vy"],"inLanguage":"sv-SE"},{"@type":"WebPage","@id":"https:\/\/www.smedemokrati.sk\/z-policajneho-zboru-miznu-financne-prostriedky-ziadame-stanovisko-prezidentky-pz-sr\/","url":"https:\/\/www.smedemokrati.sk\/z-policajneho-zboru-miznu-financne-prostriedky-ziadame-stanovisko-prezidentky-pz-sr\/","name":"Z policajn\u00e9ho zboru mizn\u00fa finan\u010dn\u00e9 prostriedky, \u017eiadame stanovisko prezidentky PZ SR","isPartOf":{"@id":"https:\/\/www.smedemokrati.sk\/#website"},"primaryImageOfPage":{"@id":"https:\/\/www.smedemokrati.sk\/z-policajneho-zboru-miznu-financne-prostriedky-ziadame-stanovisko-prezidentky-pz-sr\/#primaryimage"},"image":{"@id":"https:\/\/www.smedemokrati.sk\/z-policajneho-zboru-miznu-financne-prostriedky-ziadame-stanovisko-prezidentky-pz-sr\/#primaryimage"},"thumbnailUrl":"https:\/\/www.smedemokrati.sk\/wp-content\/uploads\/2025\/02\/peniaze_policia.jpg","datePublished":"2025-02-05T18:27:50+00:00","breadcrumb":{"@id":"https:\/\/www.smedemokrati.sk\/z-policajneho-zboru-miznu-financne-prostriedky-ziadame-stanovisko-prezidentky-pz-sr\/#breadcrumb"},"inLanguage":"sv-SE","potentialAction":[{"@type":"ReadAction","target":["https:\/\/www.smedemokrati.sk\/z-policajneho-zboru-miznu-financne-prostriedky-ziadame-stanovisko-prezidentky-pz-sr\/"]}]},{"@type":"ImageObject","inLanguage":"sv-SE","@id":"https:\/\/www.smedemokrati.sk\/z-policajneho-zboru-miznu-financne-prostriedky-ziadame-stanovisko-prezidentky-pz-sr\/#primaryimage","url":"https:\/\/www.smedemokrati.sk\/wp-content\/uploads\/2025\/02\/peniaze_policia.jpg","contentUrl":"https:\/\/www.smedemokrati.sk\/wp-content\/uploads\/2025\/02\/peniaze_policia.jpg","width":730,"height":421},{"@type":"BreadcrumbList","@id":"https:\/\/www.smedemokrati.sk\/z-policajneho-zboru-miznu-financne-prostriedky-ziadame-stanovisko-prezidentky-pz-sr\/#breadcrumb","itemListElement":[{"@type":"ListItem","position":1,"name":"Domovsk\u00e1 str\u00e1nka","item":"https:\/\/www.smedemokrati.sk\/"},{"@type":"ListItem","position":2,"name":"Z policajn\u00e9ho zboru mizn\u00fa finan\u010dn\u00e9 prostriedky, \u017eiadame stanovisko prezidentky PZ SR"}]},{"@type":"WebSite","@id":"https:\/\/www.smedemokrati.sk\/#website","url":"https:\/\/www.smedemokrati.sk\/","name":"Smedemokrati.sk","description":"Demokracia a slu\u0161nos\u0165 zv\u00ed\u0165az\u00ed","publisher":{"@id":"https:\/\/www.smedemokrati.sk\/#organization"},"potentialAction":[{"@type":"SearchAction","target":{"@type":"EntryPoint","urlTemplate":"https:\/\/www.smedemokrati.sk\/?s={search_term_string}"},"query-input":{"@type":"PropertyValueSpecification","valueRequired":true,"valueName":"search_term_string"}}],"inLanguage":"sv-SE"},{"@type":"Organization","@id":"https:\/\/www.smedemokrati.sk\/#organization","name":"Smedemokrati.sk","url":"https:\/\/www.smedemokrati.sk\/","logo":{"@type":"ImageObject","inLanguage":"sv-SE","@id":"https:\/\/www.smedemokrati.sk\/#\/schema\/logo\/image\/","url":"https:\/\/www.smedemokrati.sk\/wp-content\/uploads\/2023\/04\/ff.002.jpeg","contentUrl":"https:\/\/www.smedemokrati.sk\/wp-content\/uploads\/2023\/04\/ff.002.jpeg","width":640,"height":480,"caption":"Smedemokrati.sk"},"image":{"@id":"https:\/\/www.smedemokrati.sk\/#\/schema\/logo\/image\/"},"sameAs":["https:\/\/www.facebook.com\/smedemokrati2023"]},{"@type":"Person","@id":"https:\/\/www.smedemokrati.sk\/#\/schema\/person\/21f147c88d605aa7ded900e1e7c344ba","name":"miro.sopko","image":{"@type":"ImageObject","inLanguage":"sv-SE","@id":"https:\/\/secure.gravatar.com\/avatar\/267e4a36f704376c109afe3a78740c1f5dd8675a2180a908699e7863c9247606?s=96&d=mm&r=g","url":"https:\/\/secure.gravatar.com\/avatar\/267e4a36f704376c109afe3a78740c1f5dd8675a2180a908699e7863c9247606?s=96&d=mm&r=g","contentUrl":"https:\/\/secure.gravatar.com\/avatar\/267e4a36f704376c109afe3a78740c1f5dd8675a2180a908699e7863c9247606?s=96&d=mm&r=g","caption":"miro.sopko"},"url":"https:\/\/www.smedemokrati.sk\/sv\/author\/miro-sopko\/"}]}},"_links":{"self":[{"href":"https:\/\/www.smedemokrati.sk\/sv\/wp-json\/wp\/v2\/posts\/6301","targetHints":{"allow":["GET"]}}],"collection":[{"href":"https:\/\/www.smedemokrati.sk\/sv\/wp-json\/wp\/v2\/posts"}],"about":[{"href":"https:\/\/www.smedemokrati.sk\/sv\/wp-json\/wp\/v2\/types\/post"}],"author":[{"embeddable":true,"href":"https:\/\/www.smedemokrati.sk\/sv\/wp-json\/wp\/v2\/users\/13"}],"replies":[{"embeddable":true,"href":"https:\/\/www.smedemokrati.sk\/sv\/wp-json\/wp\/v2\/comments?post=6301"}],"version-history":[{"count":1,"href":"https:\/\/www.smedemokrati.sk\/sv\/wp-json\/wp\/v2\/posts\/6301\/revisions"}],"predecessor-version":[{"id":6304,"href":"https:\/\/www.smedemokrati.sk\/sv\/wp-json\/wp\/v2\/posts\/6301\/revisions\/6304"}],"wp:featuredmedia":[{"embeddable":true,"href":"https:\/\/www.smedemokrati.sk\/sv\/wp-json\/wp\/v2\/media\/6303"}],"wp:attachment":[{"href":"https:\/\/www.smedemokrati.sk\/sv\/wp-json\/wp\/v2\/media?parent=6301"}],"wp:term":[{"taxonomy":"category","embeddable":true,"href":"https:\/\/www.smedemokrati.sk\/sv\/wp-json\/wp\/v2\/categories?post=6301"},{"taxonomy":"post_tag","embeddable":true,"href":"https:\/\/www.smedemokrati.sk\/sv\/wp-json\/wp\/v2\/tags?post=6301"}],"curies":[{"name":"wp","href":"https:\/\/api.w.org\/{rel}","templated":true}]}}