{"id":6183,"date":"2025-01-22T11:43:32","date_gmt":"2025-01-22T10:43:32","guid":{"rendered":"https:\/\/www.smedemokrati.sk\/?p=6183"},"modified":"2025-01-28T15:16:49","modified_gmt":"2025-01-28T14:16:49","slug":"prikladame-ruku-k-dielu-a-organizujeme-protesty-v-siestich-mestach","status":"publish","type":"post","link":"https:\/\/www.smedemokrati.sk\/sv\/prikladame-ruku-k-dielu-a-organizujeme-protesty-v-siestich-mestach\/","title":{"rendered":"Priklad\u00e1me ruku k dielu a organizujeme protesty v \u0161iestich mest\u00e1ch"},"content":{"rendered":"<div id=\"fb-root\"><\/div>\n\n<p><strong>Strana Demokrati sa prip\u00e1ja k iniciat\u00edve protestov a organizuje zhroma\u017edenia v \u0161iestich slovensk\u00fdch mest\u00e1ch. Levice, Trnava, Tren\u010d\u00edn, \u0160a\u013ea, Pre\u0161ov a Skalica aj tieto mest\u00e1 povedia v piatok 24. janu\u00e1ra \u201eMy sme Eur\u00f3pa&#8221;.<\/strong><\/p>\n\n\n\n<p><em>\u201eDnes nikto, \u017eiaden ob\u010dan, \u017eiadna iniciat\u00edva, mimovl\u00e1dna organiz\u00e1cia alebo politick\u00e1 strana, ktor\u00e1 nes\u00fahlas\u00ed s vl\u00e1dou Roberta Fica nem\u00f4\u017ee osta\u0165 ticho bokom. Demokrati s\u00fa d\u00f4kazom, \u017ee aj strana, ktor\u00e1 funguje z \u010dlensk\u00fdch pr\u00edspevkov, bez oligarchov a \u0161t\u00e1tneho pr\u00edspevku za vo\u013eby, dok\u00e1\u017ee prilo\u017ei\u0165 ruku k dielu. Ver\u00edm, \u017ee sme dobr\u00fdm pr\u00edkladom a srde\u010dne poz\u00fdvame v\u0161etk\u00fdch ob\u010danov aby pri\u0161li do ul\u00edc.&#8221;\u00a0<\/em>Povedal predseda Demokratov Jaroslav Na\u010f a dodal, \u017ee protesty, ktor\u00e9 organizuje strana s\u00fa otvoren\u00e9 a m\u00f4\u017ee na nich vyst\u00fapi\u0165 z\u00e1stupca z ostatn\u00fdch opozi\u010dn\u00fdch parlamentn\u00fdch a mimoparlamentn\u00fdch str\u00e1n.\u00a0<\/p>\n\n\n\n<p>Okrem organiz\u00e1ci\u00ed podujat\u00ed, bud\u00fa z\u00e1stupcovia strany Demokrati vystupova\u0165 na p\u00f3diu v mest\u00e1ch Humenn\u00e9, Poprad, \u017dilina a Martin.&nbsp;<\/p>\n\n\n\n<p><\/p>\n\n\n<div class=\"fb-post\" data-href=\"https:\/\/www.facebook.com\/smedemokrati2023\/posts\/pfbid0BWnJzcbvxtAjpWXeS4DsUFLwdeui2BziEo6SD2ZK58PUozrjEWhYLYKmjM3bgiLjl\" data-width=\"500\" data-show-text=\"false\"><\/div>\n","protected":false},"excerpt":{"rendered":"<p>Strana Demokrati sa prip\u00e1ja k iniciat\u00edve protestov a organizuje zhroma\u017edenia v \u0161iestich slovensk\u00fdch mest\u00e1ch. Levice, Trnava, Tren\u010d\u00edn, \u0160a\u013ea, Pre\u0161ov a Skalica aj tieto mest\u00e1 povedia v piatok 24. janu\u00e1ra \u201eMy sme Eur\u00f3pa&#8221;. \u201eDnes nikto, \u017eiaden ob\u010dan, \u017eiadna iniciat\u00edva, mimovl\u00e1dna organiz\u00e1cia alebo politick\u00e1 strana, ktor\u00e1 nes\u00fahlas\u00ed s vl\u00e1dou Roberta Fica nem\u00f4\u017ee osta\u0165 ticho bokom. Demokrati s\u00fa [&hellip;]<\/p>\n","protected":false},"author":13,"featured_media":6184,"comment_status":"closed","ping_status":"closed","sticky":false,"template":"","format":"standard","meta":{"_acf_changed":false,"ngg_post_thumbnail":0,"footnotes":""},"categories":[4],"tags":[],"class_list":["post-6183","post","type-post","status-publish","format-standard","has-post-thumbnail","hentry","category-tlacove-spravy"],"acf":[],"yoast_head":"<!-- This site is optimized with the Yoast SEO plugin v27.2 - https:\/\/yoast.com\/product\/yoast-seo-wordpress\/ -->\n<title>Priklad\u00e1me ruku k dielu a organizujeme protesty v \u0161iestich mest\u00e1ch<\/title>\n<meta name=\"robots\" content=\"index, follow, max-snippet:-1, max-image-preview:large, max-video-preview:-1\" \/>\n<link rel=\"canonical\" href=\"https:\/\/www.smedemokrati.sk\/sv\/prikladame-ruku-k-dielu-a-organizujeme-protesty-v-siestich-mestach\/\" \/>\n<meta property=\"og:locale\" content=\"sv_SE\" \/>\n<meta property=\"og:locale:alternate\" content=\"en_US\" \/>\n<meta property=\"og:locale:alternate\" content=\"cs_CZ\" \/>\n<meta property=\"og:locale:alternate\" content=\"hu_HU\" \/>\n<meta property=\"og:locale:alternate\" content=\"sk_SK\" \/>\n<meta property=\"og:type\" content=\"article\" \/>\n<meta property=\"og:title\" content=\"Priklad\u00e1me ruku k dielu a organizujeme protesty v \u0161iestich mest\u00e1ch\" \/>\n<meta property=\"og:description\" content=\"Strana Demokrati sa prip\u00e1ja k iniciat\u00edve protestov a organizuje zhroma\u017edenia v \u0161iestich slovensk\u00fdch mest\u00e1ch. Levice, Trnava, Tren\u010d\u00edn, \u0160a\u013ea, Pre\u0161ov a Skalica aj tieto mest\u00e1 povedia v piatok 24. janu\u00e1ra \u201eMy sme Eur\u00f3pa&#8221;. \u201eDnes nikto, \u017eiaden ob\u010dan, \u017eiadna iniciat\u00edva, mimovl\u00e1dna organiz\u00e1cia alebo politick\u00e1 strana, ktor\u00e1 nes\u00fahlas\u00ed s vl\u00e1dou Roberta Fica nem\u00f4\u017ee osta\u0165 ticho bokom. Demokrati s\u00fa [&hellip;]\" \/>\n<meta property=\"og:url\" content=\"https:\/\/www.smedemokrati.sk\/sv\/prikladame-ruku-k-dielu-a-organizujeme-protesty-v-siestich-mestach\/\" \/>\n<meta property=\"og:site_name\" content=\"Smedemokrati.sk\" \/>\n<meta property=\"article:publisher\" content=\"https:\/\/www.facebook.com\/smedemokrati2023\" \/>\n<meta property=\"article:published_time\" content=\"2025-01-22T10:43:32+00:00\" \/>\n<meta property=\"article:modified_time\" content=\"2025-01-28T14:16:49+00:00\" \/>\n<meta property=\"og:image\" content=\"https:\/\/www.smedemokrati.sk\/wp-content\/uploads\/2025\/01\/474095250_1186284579531035_7508024676702991998_n.jpg\" \/>\n\t<meta property=\"og:image:width\" content=\"960\" \/>\n\t<meta property=\"og:image:height\" content=\"503\" \/>\n\t<meta property=\"og:image:type\" content=\"image\/jpeg\" \/>\n<meta name=\"author\" content=\"miro.sopko\" \/>\n<meta name=\"twitter:card\" content=\"summary_large_image\" \/>\n<meta name=\"twitter:label1\" content=\"Skriven av\" \/>\n\t<meta name=\"twitter:data1\" content=\"miro.sopko\" \/>\n\t<meta name=\"twitter:label2\" content=\"Ber\u00e4knad l\u00e4stid\" \/>\n\t<meta name=\"twitter:data2\" content=\"1 minut\" \/>\n<script type=\"application\/ld+json\" class=\"yoast-schema-graph\">{\"@context\":\"https:\/\/schema.org\",\"@graph\":[{\"@type\":\"Article\",\"@id\":\"https:\/\/www.smedemokrati.sk\/prikladame-ruku-k-dielu-a-organizujeme-protesty-v-siestich-mestach\/#article\",\"isPartOf\":{\"@id\":\"https:\/\/www.smedemokrati.sk\/prikladame-ruku-k-dielu-a-organizujeme-protesty-v-siestich-mestach\/\"},\"author\":{\"name\":\"miro.sopko\",\"@id\":\"https:\/\/www.smedemokrati.sk\/#\/schema\/person\/21f147c88d605aa7ded900e1e7c344ba\"},\"headline\":\"Priklad\u00e1me ruku k dielu a organizujeme protesty v \u0161iestich mest\u00e1ch\",\"datePublished\":\"2025-01-22T10:43:32+00:00\",\"dateModified\":\"2025-01-28T14:16:49+00:00\",\"mainEntityOfPage\":{\"@id\":\"https:\/\/www.smedemokrati.sk\/prikladame-ruku-k-dielu-a-organizujeme-protesty-v-siestich-mestach\/\"},\"wordCount\":214,\"publisher\":{\"@id\":\"https:\/\/www.smedemokrati.sk\/#organization\"},\"image\":{\"@id\":\"https:\/\/www.smedemokrati.sk\/prikladame-ruku-k-dielu-a-organizujeme-protesty-v-siestich-mestach\/#primaryimage\"},\"thumbnailUrl\":\"https:\/\/www.smedemokrati.sk\/wp-content\/uploads\/2025\/01\/474095250_1186284579531035_7508024676702991998_n.jpg\",\"articleSection\":[\"Tla\u010dov\u00e9 spr\u00e1vy\"],\"inLanguage\":\"sv-SE\"},{\"@type\":\"WebPage\",\"@id\":\"https:\/\/www.smedemokrati.sk\/prikladame-ruku-k-dielu-a-organizujeme-protesty-v-siestich-mestach\/\",\"url\":\"https:\/\/www.smedemokrati.sk\/prikladame-ruku-k-dielu-a-organizujeme-protesty-v-siestich-mestach\/\",\"name\":\"Priklad\u00e1me ruku k dielu a organizujeme protesty v \u0161iestich mest\u00e1ch\",\"isPartOf\":{\"@id\":\"https:\/\/www.smedemokrati.sk\/#website\"},\"primaryImageOfPage\":{\"@id\":\"https:\/\/www.smedemokrati.sk\/prikladame-ruku-k-dielu-a-organizujeme-protesty-v-siestich-mestach\/#primaryimage\"},\"image\":{\"@id\":\"https:\/\/www.smedemokrati.sk\/prikladame-ruku-k-dielu-a-organizujeme-protesty-v-siestich-mestach\/#primaryimage\"},\"thumbnailUrl\":\"https:\/\/www.smedemokrati.sk\/wp-content\/uploads\/2025\/01\/474095250_1186284579531035_7508024676702991998_n.jpg\",\"datePublished\":\"2025-01-22T10:43:32+00:00\",\"dateModified\":\"2025-01-28T14:16:49+00:00\",\"breadcrumb\":{\"@id\":\"https:\/\/www.smedemokrati.sk\/prikladame-ruku-k-dielu-a-organizujeme-protesty-v-siestich-mestach\/#breadcrumb\"},\"inLanguage\":\"sv-SE\",\"potentialAction\":[{\"@type\":\"ReadAction\",\"target\":[\"https:\/\/www.smedemokrati.sk\/prikladame-ruku-k-dielu-a-organizujeme-protesty-v-siestich-mestach\/\"]}]},{\"@type\":\"ImageObject\",\"inLanguage\":\"sv-SE\",\"@id\":\"https:\/\/www.smedemokrati.sk\/prikladame-ruku-k-dielu-a-organizujeme-protesty-v-siestich-mestach\/#primaryimage\",\"url\":\"https:\/\/www.smedemokrati.sk\/wp-content\/uploads\/2025\/01\/474095250_1186284579531035_7508024676702991998_n.jpg\",\"contentUrl\":\"https:\/\/www.smedemokrati.sk\/wp-content\/uploads\/2025\/01\/474095250_1186284579531035_7508024676702991998_n.jpg\",\"width\":960,\"height\":503},{\"@type\":\"BreadcrumbList\",\"@id\":\"https:\/\/www.smedemokrati.sk\/prikladame-ruku-k-dielu-a-organizujeme-protesty-v-siestich-mestach\/#breadcrumb\",\"itemListElement\":[{\"@type\":\"ListItem\",\"position\":1,\"name\":\"Domovsk\u00e1 str\u00e1nka\",\"item\":\"https:\/\/www.smedemokrati.sk\/\"},{\"@type\":\"ListItem\",\"position\":2,\"name\":\"Priklad\u00e1me ruku k dielu a organizujeme protesty v \u0161iestich mest\u00e1ch\"}]},{\"@type\":\"WebSite\",\"@id\":\"https:\/\/www.smedemokrati.sk\/#website\",\"url\":\"https:\/\/www.smedemokrati.sk\/\",\"name\":\"Smedemokrati.sk\",\"description\":\"Demokracia a slu\u0161nos\u0165 zv\u00ed\u0165az\u00ed\",\"publisher\":{\"@id\":\"https:\/\/www.smedemokrati.sk\/#organization\"},\"potentialAction\":[{\"@type\":\"SearchAction\",\"target\":{\"@type\":\"EntryPoint\",\"urlTemplate\":\"https:\/\/www.smedemokrati.sk\/?s={search_term_string}\"},\"query-input\":{\"@type\":\"PropertyValueSpecification\",\"valueRequired\":true,\"valueName\":\"search_term_string\"}}],\"inLanguage\":\"sv-SE\"},{\"@type\":\"Organization\",\"@id\":\"https:\/\/www.smedemokrati.sk\/#organization\",\"name\":\"Smedemokrati.sk\",\"url\":\"https:\/\/www.smedemokrati.sk\/\",\"logo\":{\"@type\":\"ImageObject\",\"inLanguage\":\"sv-SE\",\"@id\":\"https:\/\/www.smedemokrati.sk\/#\/schema\/logo\/image\/\",\"url\":\"https:\/\/www.smedemokrati.sk\/wp-content\/uploads\/2023\/04\/ff.002.jpeg\",\"contentUrl\":\"https:\/\/www.smedemokrati.sk\/wp-content\/uploads\/2023\/04\/ff.002.jpeg\",\"width\":640,\"height\":480,\"caption\":\"Smedemokrati.sk\"},\"image\":{\"@id\":\"https:\/\/www.smedemokrati.sk\/#\/schema\/logo\/image\/\"},\"sameAs\":[\"https:\/\/www.facebook.com\/smedemokrati2023\"]},{\"@type\":\"Person\",\"@id\":\"https:\/\/www.smedemokrati.sk\/#\/schema\/person\/21f147c88d605aa7ded900e1e7c344ba\",\"name\":\"miro.sopko\",\"image\":{\"@type\":\"ImageObject\",\"inLanguage\":\"sv-SE\",\"@id\":\"https:\/\/secure.gravatar.com\/avatar\/267e4a36f704376c109afe3a78740c1f5dd8675a2180a908699e7863c9247606?s=96&d=mm&r=g\",\"url\":\"https:\/\/secure.gravatar.com\/avatar\/267e4a36f704376c109afe3a78740c1f5dd8675a2180a908699e7863c9247606?s=96&d=mm&r=g\",\"contentUrl\":\"https:\/\/secure.gravatar.com\/avatar\/267e4a36f704376c109afe3a78740c1f5dd8675a2180a908699e7863c9247606?s=96&d=mm&r=g\",\"caption\":\"miro.sopko\"},\"url\":\"https:\/\/www.smedemokrati.sk\/sv\/author\/miro-sopko\/\"}]}<\/script>\n<!-- \/ Yoast SEO plugin. -->","yoast_head_json":{"title":"Priklad\u00e1me ruku k dielu a organizujeme protesty v \u0161iestich mest\u00e1ch","robots":{"index":"index","follow":"follow","max-snippet":"max-snippet:-1","max-image-preview":"max-image-preview:large","max-video-preview":"max-video-preview:-1"},"canonical":"https:\/\/www.smedemokrati.sk\/sv\/prikladame-ruku-k-dielu-a-organizujeme-protesty-v-siestich-mestach\/","og_locale":"sv_SE","og_type":"article","og_title":"[:sk]Priklad\u00e1me ruku k dielu a organizujeme protesty v \u0161iestich mest\u00e1ch[:] - Smedemokrati.sk","og_description":"Strana Demokrati sa prip\u00e1ja k iniciat\u00edve protestov a organizuje zhroma\u017edenia v \u0161iestich slovensk\u00fdch mest\u00e1ch. Levice, Trnava, Tren\u010d\u00edn, \u0160a\u013ea, Pre\u0161ov a Skalica aj tieto mest\u00e1 povedia v piatok 24. janu\u00e1ra \u201eMy sme Eur\u00f3pa&#8221;. \u201eDnes nikto, \u017eiaden ob\u010dan, \u017eiadna iniciat\u00edva, mimovl\u00e1dna organiz\u00e1cia alebo politick\u00e1 strana, ktor\u00e1 nes\u00fahlas\u00ed s vl\u00e1dou Roberta Fica nem\u00f4\u017ee osta\u0165 ticho bokom. Demokrati s\u00fa [&hellip;]","og_url":"https:\/\/www.smedemokrati.sk\/sv\/prikladame-ruku-k-dielu-a-organizujeme-protesty-v-siestich-mestach\/","og_site_name":"Smedemokrati.sk","article_publisher":"https:\/\/www.facebook.com\/smedemokrati2023","article_published_time":"2025-01-22T10:43:32+00:00","article_modified_time":"2025-01-28T14:16:49+00:00","og_image":[{"width":960,"height":503,"url":"https:\/\/www.smedemokrati.sk\/wp-content\/uploads\/2025\/01\/474095250_1186284579531035_7508024676702991998_n.jpg","type":"image\/jpeg"}],"author":"miro.sopko","twitter_card":"summary_large_image","twitter_misc":{"Skriven av":"miro.sopko","Ber\u00e4knad l\u00e4stid":"1 minut"},"schema":{"@context":"https:\/\/schema.org","@graph":[{"@type":"Article","@id":"https:\/\/www.smedemokrati.sk\/prikladame-ruku-k-dielu-a-organizujeme-protesty-v-siestich-mestach\/#article","isPartOf":{"@id":"https:\/\/www.smedemokrati.sk\/prikladame-ruku-k-dielu-a-organizujeme-protesty-v-siestich-mestach\/"},"author":{"name":"miro.sopko","@id":"https:\/\/www.smedemokrati.sk\/#\/schema\/person\/21f147c88d605aa7ded900e1e7c344ba"},"headline":"Priklad\u00e1me ruku k dielu a organizujeme protesty v \u0161iestich mest\u00e1ch","datePublished":"2025-01-22T10:43:32+00:00","dateModified":"2025-01-28T14:16:49+00:00","mainEntityOfPage":{"@id":"https:\/\/www.smedemokrati.sk\/prikladame-ruku-k-dielu-a-organizujeme-protesty-v-siestich-mestach\/"},"wordCount":214,"publisher":{"@id":"https:\/\/www.smedemokrati.sk\/#organization"},"image":{"@id":"https:\/\/www.smedemokrati.sk\/prikladame-ruku-k-dielu-a-organizujeme-protesty-v-siestich-mestach\/#primaryimage"},"thumbnailUrl":"https:\/\/www.smedemokrati.sk\/wp-content\/uploads\/2025\/01\/474095250_1186284579531035_7508024676702991998_n.jpg","articleSection":["Tla\u010dov\u00e9 spr\u00e1vy"],"inLanguage":"sv-SE"},{"@type":"WebPage","@id":"https:\/\/www.smedemokrati.sk\/prikladame-ruku-k-dielu-a-organizujeme-protesty-v-siestich-mestach\/","url":"https:\/\/www.smedemokrati.sk\/prikladame-ruku-k-dielu-a-organizujeme-protesty-v-siestich-mestach\/","name":"Priklad\u00e1me ruku k dielu a organizujeme protesty v \u0161iestich mest\u00e1ch","isPartOf":{"@id":"https:\/\/www.smedemokrati.sk\/#website"},"primaryImageOfPage":{"@id":"https:\/\/www.smedemokrati.sk\/prikladame-ruku-k-dielu-a-organizujeme-protesty-v-siestich-mestach\/#primaryimage"},"image":{"@id":"https:\/\/www.smedemokrati.sk\/prikladame-ruku-k-dielu-a-organizujeme-protesty-v-siestich-mestach\/#primaryimage"},"thumbnailUrl":"https:\/\/www.smedemokrati.sk\/wp-content\/uploads\/2025\/01\/474095250_1186284579531035_7508024676702991998_n.jpg","datePublished":"2025-01-22T10:43:32+00:00","dateModified":"2025-01-28T14:16:49+00:00","breadcrumb":{"@id":"https:\/\/www.smedemokrati.sk\/prikladame-ruku-k-dielu-a-organizujeme-protesty-v-siestich-mestach\/#breadcrumb"},"inLanguage":"sv-SE","potentialAction":[{"@type":"ReadAction","target":["https:\/\/www.smedemokrati.sk\/prikladame-ruku-k-dielu-a-organizujeme-protesty-v-siestich-mestach\/"]}]},{"@type":"ImageObject","inLanguage":"sv-SE","@id":"https:\/\/www.smedemokrati.sk\/prikladame-ruku-k-dielu-a-organizujeme-protesty-v-siestich-mestach\/#primaryimage","url":"https:\/\/www.smedemokrati.sk\/wp-content\/uploads\/2025\/01\/474095250_1186284579531035_7508024676702991998_n.jpg","contentUrl":"https:\/\/www.smedemokrati.sk\/wp-content\/uploads\/2025\/01\/474095250_1186284579531035_7508024676702991998_n.jpg","width":960,"height":503},{"@type":"BreadcrumbList","@id":"https:\/\/www.smedemokrati.sk\/prikladame-ruku-k-dielu-a-organizujeme-protesty-v-siestich-mestach\/#breadcrumb","itemListElement":[{"@type":"ListItem","position":1,"name":"Domovsk\u00e1 str\u00e1nka","item":"https:\/\/www.smedemokrati.sk\/"},{"@type":"ListItem","position":2,"name":"Priklad\u00e1me ruku k dielu a organizujeme protesty v \u0161iestich mest\u00e1ch"}]},{"@type":"WebSite","@id":"https:\/\/www.smedemokrati.sk\/#website","url":"https:\/\/www.smedemokrati.sk\/","name":"Smedemokrati.sk","description":"Demokracia a slu\u0161nos\u0165 zv\u00ed\u0165az\u00ed","publisher":{"@id":"https:\/\/www.smedemokrati.sk\/#organization"},"potentialAction":[{"@type":"SearchAction","target":{"@type":"EntryPoint","urlTemplate":"https:\/\/www.smedemokrati.sk\/?s={search_term_string}"},"query-input":{"@type":"PropertyValueSpecification","valueRequired":true,"valueName":"search_term_string"}}],"inLanguage":"sv-SE"},{"@type":"Organization","@id":"https:\/\/www.smedemokrati.sk\/#organization","name":"Smedemokrati.sk","url":"https:\/\/www.smedemokrati.sk\/","logo":{"@type":"ImageObject","inLanguage":"sv-SE","@id":"https:\/\/www.smedemokrati.sk\/#\/schema\/logo\/image\/","url":"https:\/\/www.smedemokrati.sk\/wp-content\/uploads\/2023\/04\/ff.002.jpeg","contentUrl":"https:\/\/www.smedemokrati.sk\/wp-content\/uploads\/2023\/04\/ff.002.jpeg","width":640,"height":480,"caption":"Smedemokrati.sk"},"image":{"@id":"https:\/\/www.smedemokrati.sk\/#\/schema\/logo\/image\/"},"sameAs":["https:\/\/www.facebook.com\/smedemokrati2023"]},{"@type":"Person","@id":"https:\/\/www.smedemokrati.sk\/#\/schema\/person\/21f147c88d605aa7ded900e1e7c344ba","name":"miro.sopko","image":{"@type":"ImageObject","inLanguage":"sv-SE","@id":"https:\/\/secure.gravatar.com\/avatar\/267e4a36f704376c109afe3a78740c1f5dd8675a2180a908699e7863c9247606?s=96&d=mm&r=g","url":"https:\/\/secure.gravatar.com\/avatar\/267e4a36f704376c109afe3a78740c1f5dd8675a2180a908699e7863c9247606?s=96&d=mm&r=g","contentUrl":"https:\/\/secure.gravatar.com\/avatar\/267e4a36f704376c109afe3a78740c1f5dd8675a2180a908699e7863c9247606?s=96&d=mm&r=g","caption":"miro.sopko"},"url":"https:\/\/www.smedemokrati.sk\/sv\/author\/miro-sopko\/"}]}},"_links":{"self":[{"href":"https:\/\/www.smedemokrati.sk\/sv\/wp-json\/wp\/v2\/posts\/6183","targetHints":{"allow":["GET"]}}],"collection":[{"href":"https:\/\/www.smedemokrati.sk\/sv\/wp-json\/wp\/v2\/posts"}],"about":[{"href":"https:\/\/www.smedemokrati.sk\/sv\/wp-json\/wp\/v2\/types\/post"}],"author":[{"embeddable":true,"href":"https:\/\/www.smedemokrati.sk\/sv\/wp-json\/wp\/v2\/users\/13"}],"replies":[{"embeddable":true,"href":"https:\/\/www.smedemokrati.sk\/sv\/wp-json\/wp\/v2\/comments?post=6183"}],"version-history":[{"count":7,"href":"https:\/\/www.smedemokrati.sk\/sv\/wp-json\/wp\/v2\/posts\/6183\/revisions"}],"predecessor-version":[{"id":6191,"href":"https:\/\/www.smedemokrati.sk\/sv\/wp-json\/wp\/v2\/posts\/6183\/revisions\/6191"}],"wp:featuredmedia":[{"embeddable":true,"href":"https:\/\/www.smedemokrati.sk\/sv\/wp-json\/wp\/v2\/media\/6184"}],"wp:attachment":[{"href":"https:\/\/www.smedemokrati.sk\/sv\/wp-json\/wp\/v2\/media?parent=6183"}],"wp:term":[{"taxonomy":"category","embeddable":true,"href":"https:\/\/www.smedemokrati.sk\/sv\/wp-json\/wp\/v2\/categories?post=6183"},{"taxonomy":"post_tag","embeddable":true,"href":"https:\/\/www.smedemokrati.sk\/sv\/wp-json\/wp\/v2\/tags?post=6183"}],"curies":[{"name":"wp","href":"https:\/\/api.w.org\/{rel}","templated":true}]}}