{"id":6169,"date":"2025-01-20T19:53:00","date_gmt":"2025-01-20T18:53:00","guid":{"rendered":"https:\/\/www.smedemokrati.sk\/?p=6169"},"modified":"2025-01-20T22:00:47","modified_gmt":"2025-01-20T21:00:47","slug":"za-huliakovou-snahou-o-zrusenie-reformy-narodnych-parkov-moze-byt-politicka-korupcia","status":"publish","type":"post","link":"https:\/\/www.smedemokrati.sk\/sv\/za-huliakovou-snahou-o-zrusenie-reformy-narodnych-parkov-moze-byt-politicka-korupcia\/","title":{"rendered":"Za Huliakovou snahou o zru\u0161enie reformy n\u00e1rodn\u00fdch parkov m\u00f4\u017ee by\u0165 politick\u00e1 korupcia"},"content":{"rendered":"<div id=\"fb-root\"><\/div>\n\n<p><strong>Rebeluj\u00faci poslanci okolo Rudolfa Huliaka (N\u00e1rodn\u00e1 koal\u00edcia) a Roman Malatinec (Hlas-SD) predlo\u017eili na febru\u00e1rov\u00fa sch\u00f4dzu n\u00e1vrh z\u00e1kona, ktor\u00fd by znamenal de\u0161trukciu reformy n\u00e1rodn\u00fdch parkov. Obaja o d\u00f4vodoch jej predlo\u017eenia ml\u010dia. Pod\u013ea inform\u00e1ci\u00ed Demokratov je jedn\u00fdm z mo\u017en\u00fdch rie\u0161en\u00ed na op\u00e4tovn\u00fa podporu vl\u00e1dnej koal\u00edcie aj odovzdanie \u0161t\u00e1tnych lesov do gescie Rudolfa Huliaka. Schv\u00e1lenie jeho n\u00e1vrhu na de\u0161trukciu n\u00e1rodn\u00fdch parkov by viedlo k pr\u00e1vnemu chaosu, poru\u0161ilo by programov\u00e9 vyhl\u00e1senie vl\u00e1dy a zastavilo \u010derpanie 3,397 mld. eur z pl\u00e1nu obnovy a viac ako 20. mil. eur zo \u0160vaj\u010diarskych fondov. O jeho \u0161kodliv\u00fdch dopadoch pre pl\u00e1n obnovy budeme podrobne informova\u0165 Eur\u00f3psku komisiu.&nbsp;<\/strong><\/p>\n\n\n\n<p>V novele z\u00e1kona o ochrane pr\u00edrody a krajiny poslanci navrhuj\u00fa, aby do\u0161lo k de facto zru\u0161eniu reformy n\u00e1rodn\u00fdch parkov. N\u00e1vrh odn\u00edma n\u00e1rodn\u00fdm parkom a vracia sp\u00e4\u0165 pod spr\u00e1vu \u0161t\u00e1tnych lesov 28 tis. hekt\u00e1rov lesov a zabr\u00e1ni nadobudnutiu spr\u00e1vy \u010fal\u0161\u00edch 44 tis. hekt\u00e1rov po schv\u00e1len\u00ed zon\u00e1ci\u00ed.&nbsp;<\/p>\n\n\n\n<p>\u201e<em>Jednalo by sa o explicitn\u00e9 zni\u010denie reformy n\u00e1rodn\u00fdch parkov. Poprel by sa \u0148ou jej \u0165a\u017eiskov\u00fd princ\u00edp jednotnej spr\u00e1vy \u00fazemia. Obnovila by sa aj \u201cdvojko\u013eajnos\u0165\u201d v spr\u00e1ve pozemkov, ktor\u00e1 historicky prehlbovala konflikty a umo\u017e\u0148ovala drancovanie n\u00e1rodn\u00fdch parkov. Tak\u00e9, ak\u00e9 sme videli za posledn\u00e9 desa\u0165ro\u010dia. Pr\u00edroda sa drancovala, tis\u00edcky kami\u00f3nov s drevom op\u00fa\u0161\u0165ali Slovensko a regi\u00f3ny sa vy\u013eud\u0148ovali,<\/em>\u201d vysvet\u013euje Michal Ki\u010da, environment\u00e1lny expert Demokratov.\u00a0<\/p>\n\n\n\n<p>Pod\u013ea inform\u00e1ci\u00ed strany m\u00f4\u017ee by\u0165 jedn\u00fdm z rie\u0161en\u00ed, ako obnovi\u0165 koali\u010dn\u00fa v\u00e4\u010d\u0161inu, aj zverenie \u0161t\u00e1tnych lesov do gescie pr\u00e1ve Rudolfa Huliaka.\u00a0<em>\u201ePripom\u00ednam, \u017ee Huliakov brat je konate\u013eom drev\u00e1rskej firmy Kronospan, ktor\u00e1 je v\u00fdznamn\u00fdm odberate\u013eom dreva pr\u00e1ve zo \u0161t\u00e1tnych lesov. Len za posledn\u00fd mesiac sa jedn\u00e1 o pribli\u017ene 140 tis. m3.&#8221;<\/em>\u00a0Hovor\u00ed Michal Ki\u010da a dod\u00e1va, \u017ee ak by Huliakov n\u00e1vrh pre\u0161iel, \u00fazemia, z ktor\u00fdch by mohla z\u00edskava\u0165 drevo firma Huliakovho brata cez \u0161t\u00e1tne lesy, by sa zv\u00e4\u010d\u0161ili o cenn\u00e9 lukrat\u00edvne porasty a Huliak by si zv\u00e4\u010d\u0161il mo\u017en\u00e9 l\u00e9no v \u0161t\u00e1tnych lesoch.\u00a0<\/p>\n\n\n\n<p>Huliak pritom ned\u00e1vno \u0161\u00edril nezmysly, \u017ee reforma n\u00e1rodn\u00fdch parkov \u0161t\u00e1tne lesy rozvr\u00e1tila, pokra\u010duje Michal Ki\u010da:<em>\u00a0\u201eOpak je pravdou, v roku 2023 \u0161t\u00e1tne lesy hospod\u00e1rili s rekordn\u00fdmi tr\u017ebami 289 mil. eur, tak ak\u00fd rozvrat? Vysvetlen\u00edm Huliakovho n\u00e1vrhu a jeho ml\u010dania o \u0148om tak m\u00f4\u017ee by\u0165\u00a0 primit\u00edvna politick\u00e1 korupcia, ktorej kont\u00fary sa m\u00f4\u017eu teraz dohadova\u0165. S\u013e\u00fabil mu u\u017e Fico okrem \u0161t\u00e1tnych lesov aj poriadnu v\u00fdmeru z n\u00e1rodn\u00fdch parkov?&#8221;<\/em><\/p>\n\n\n\n<p>\u201e<em>Obsah n\u00e1vrhu je v priamom rozpore s programov\u00fdm vyhl\u00e1sen\u00edm vl\u00e1dy, ktor\u00e1 sa zaviazala re\u0161pektova\u0165 schv\u00e1len\u00e9 reformy v pl\u00e1ne obnovy. V pr\u00edpade schv\u00e1lenia novely sa toti\u017e jedn\u00e1 aj o zvrat v reforme n\u00e1rodn\u00fdch parkov, ktor\u00e1 bola odpo\u010dtovan\u00e1 v r\u00e1mci 3. \u017eiadosti o platbu z pl\u00e1nu obnovy a odolnosti. D\u00f4sledkom by bolo okrem finan\u010dn\u00fdch sankci\u00ed pozastavenie \u010fal\u0161\u00edch \u017eiadost\u00ed o platby a\u017e do obnovenia stavu pred zvratom reformy. Nateraz sa jedn\u00e1 o ohrozenie 3,397 mld. eur zo zvy\u0161n\u00fdch 5 \u017eiadost\u00ed o platbu. Bude toto riziko ignorova\u0165 aj Malatincov stran\u00edcky kolega vicepremi\u00e9r Kmec?&#8221;\u00a0<\/em>Uv\u00e1dza Michal Ki\u010da,\u00a0 ktor\u00fd bol tie\u017e \u0161t\u00e1tnym tajomn\u00edkom ministerstva \u017eivotn\u00e9ho prostredia.<\/p>\n\n\n\n<p>Malatincov \u010fal\u0161\u00ed stran\u00edcky kolega minister invest\u00edci\u00ed Ra\u0161i sa pochv\u00e1lil viano\u010dn\u00fdm dar\u010dekom pre n\u00e1rodn\u00e9 parky v sume viac ako 20 mil. eur zo \u0160vaj\u010diarskeho finan\u010dn\u00e9ho mechanizmu na budovanie n\u00e1v\u0161tevn\u00edckych centier a podporu biodiverzity v n\u00e1rodn\u00fdch parkoch. Aj tieto pl\u00e1ny s\u00fa ohrozen\u00e9, preto\u017ee v\u0161etky nehnute\u013enosti s\u00fa alebo boli delimitovan\u00e9 pr\u00e1ve od \u0161t\u00e1tnych lesov a musia zosta\u0165 v spr\u00e1ve n\u00e1rodn\u00fdch parkov. \u201e<em>Rovnako o\u010dak\u00e1vam, \u017ee v pr\u00edpade schv\u00e1lenia sa enormne zv\u00fd\u0161i riziko mas\u00edvnej prehry v otvoren\u00fdch konaniach na S\u00fadnom dvore Eur\u00f3pskej \u00fanie,<\/em>\u201d upozor\u0148uje Michal Ki\u010da.<\/p>\n\n\n\n<p><em>\u201eSpojenectvo Huliaka a Malatinca, ktor\u00ed si pred nieko\u013ek\u00fdmi mesiacmi ani nevedeli pr\u00eds\u0165 na meno, je prekvapiv\u00e9. M\u00e1 garantova\u0165 podporu Hlas-u pre tento de\u0161trukt\u00edvny n\u00e1vrh a vysvetli\u0165 ho m\u00f4\u017eu aj Malatincove a Huliakove spolo\u010dn\u00e9 z\u00e1ujmy z Podpo\u013eania a aj vplyv p\u00e1na \u017digu, zn\u00e1meho obchodn\u00edka s drevom.&#8221;\u00a0<\/em>Uzatv\u00e1ra Ki\u010da.<\/p>\n\n\n\n<p>O obsahu n\u00e1vrhu a dopadoch jeho schv\u00e1lenia bude strana okam\u017eite informova\u0165 Eur\u00f3psku komisiu, a to s cie\u013eom, aby zabr\u00e1nili ohrozeniu viac ako 3 mld. eur z pl\u00e1nu obnovy, ktor\u00e9 by skuto\u010dne mohli pom\u00f4c\u0165 regi\u00f3nom.&nbsp;<\/p>\n\n\n<div class=\"fb-video\" data-href=\"https:\/\/fb.watch\/xe3UsOCOHB\" data-allowfullscreen=\"true\" data-autoplay=\"false\" data-width=\"\" data-show-text=\"false\" data-show-captions=\"true\"><\/div>\n","protected":false},"excerpt":{"rendered":"<p>Rebeluj\u00faci poslanci okolo Rudolfa Huliaka (N\u00e1rodn\u00e1 koal\u00edcia) a Roman Malatinec (Hlas-SD) predlo\u017eili na febru\u00e1rov\u00fa sch\u00f4dzu n\u00e1vrh z\u00e1kona, ktor\u00fd by znamenal de\u0161trukciu reformy n\u00e1rodn\u00fdch parkov. Obaja o d\u00f4vodoch jej predlo\u017eenia ml\u010dia. Pod\u013ea inform\u00e1ci\u00ed Demokratov je jedn\u00fdm z mo\u017en\u00fdch rie\u0161en\u00ed na op\u00e4tovn\u00fa podporu vl\u00e1dnej koal\u00edcie aj odovzdanie \u0161t\u00e1tnych lesov do gescie Rudolfa Huliaka. Schv\u00e1lenie jeho n\u00e1vrhu na [&hellip;]<\/p>\n","protected":false},"author":13,"featured_media":6171,"comment_status":"closed","ping_status":"closed","sticky":false,"template":"","format":"standard","meta":{"_acf_changed":false,"ngg_post_thumbnail":0,"footnotes":""},"categories":[4],"tags":[],"class_list":["post-6169","post","type-post","status-publish","format-standard","has-post-thumbnail","hentry","category-tlacove-spravy"],"acf":[],"yoast_head":"<!-- This site is optimized with the Yoast SEO plugin v27.2 - https:\/\/yoast.com\/product\/yoast-seo-wordpress\/ -->\n<title>Za Huliakovou snahou o zru\u0161enie reformy n\u00e1rodn\u00fdch parkov m\u00f4\u017ee by\u0165 politick\u00e1 korupcia<\/title>\n<meta name=\"robots\" content=\"index, follow, max-snippet:-1, max-image-preview:large, max-video-preview:-1\" \/>\n<link rel=\"canonical\" href=\"https:\/\/www.smedemokrati.sk\/sv\/za-huliakovou-snahou-o-zrusenie-reformy-narodnych-parkov-moze-byt-politicka-korupcia\/\" \/>\n<meta property=\"og:locale\" content=\"sv_SE\" \/>\n<meta property=\"og:locale:alternate\" content=\"en_US\" \/>\n<meta property=\"og:locale:alternate\" content=\"cs_CZ\" \/>\n<meta property=\"og:locale:alternate\" content=\"hu_HU\" \/>\n<meta property=\"og:locale:alternate\" content=\"sk_SK\" \/>\n<meta property=\"og:type\" content=\"article\" \/>\n<meta property=\"og:title\" content=\"Za Huliakovou snahou o zru\u0161enie reformy n\u00e1rodn\u00fdch parkov m\u00f4\u017ee by\u0165 politick\u00e1 korupcia\" \/>\n<meta property=\"og:description\" content=\"Rebeluj\u00faci poslanci okolo Rudolfa Huliaka (N\u00e1rodn\u00e1 koal\u00edcia) a Roman Malatinec (Hlas-SD) predlo\u017eili na febru\u00e1rov\u00fa sch\u00f4dzu n\u00e1vrh z\u00e1kona, ktor\u00fd by znamenal de\u0161trukciu reformy n\u00e1rodn\u00fdch parkov. Obaja o d\u00f4vodoch jej predlo\u017eenia ml\u010dia. Pod\u013ea inform\u00e1ci\u00ed Demokratov je jedn\u00fdm z mo\u017en\u00fdch rie\u0161en\u00ed na op\u00e4tovn\u00fa podporu vl\u00e1dnej koal\u00edcie aj odovzdanie \u0161t\u00e1tnych lesov do gescie Rudolfa Huliaka. Schv\u00e1lenie jeho n\u00e1vrhu na [&hellip;]\" \/>\n<meta property=\"og:url\" content=\"https:\/\/www.smedemokrati.sk\/sv\/za-huliakovou-snahou-o-zrusenie-reformy-narodnych-parkov-moze-byt-politicka-korupcia\/\" \/>\n<meta property=\"og:site_name\" content=\"Smedemokrati.sk\" \/>\n<meta property=\"article:publisher\" content=\"https:\/\/www.facebook.com\/smedemokrati2023\" \/>\n<meta property=\"article:published_time\" content=\"2025-01-20T18:53:00+00:00\" \/>\n<meta property=\"article:modified_time\" content=\"2025-01-20T21:00:47+00:00\" \/>\n<meta property=\"og:image\" content=\"https:\/\/www.smedemokrati.sk\/wp-content\/uploads\/2025\/01\/narodne_parky_rozbitie.jpg\" \/>\n\t<meta property=\"og:image:width\" content=\"832\" \/>\n\t<meta property=\"og:image:height\" content=\"415\" \/>\n\t<meta property=\"og:image:type\" content=\"image\/jpeg\" \/>\n<meta name=\"author\" content=\"miro.sopko\" \/>\n<meta name=\"twitter:card\" content=\"summary_large_image\" \/>\n<meta name=\"twitter:label1\" content=\"Skriven av\" \/>\n\t<meta name=\"twitter:data1\" content=\"miro.sopko\" \/>\n\t<meta name=\"twitter:label2\" content=\"Ber\u00e4knad l\u00e4stid\" \/>\n\t<meta name=\"twitter:data2\" content=\"4 minuter\" \/>\n<script type=\"application\/ld+json\" class=\"yoast-schema-graph\">{\"@context\":\"https:\/\/schema.org\",\"@graph\":[{\"@type\":\"Article\",\"@id\":\"https:\/\/www.smedemokrati.sk\/za-huliakovou-snahou-o-zrusenie-reformy-narodnych-parkov-moze-byt-politicka-korupcia\/#article\",\"isPartOf\":{\"@id\":\"https:\/\/www.smedemokrati.sk\/za-huliakovou-snahou-o-zrusenie-reformy-narodnych-parkov-moze-byt-politicka-korupcia\/\"},\"author\":{\"name\":\"miro.sopko\",\"@id\":\"https:\/\/www.smedemokrati.sk\/#\/schema\/person\/21f147c88d605aa7ded900e1e7c344ba\"},\"headline\":\"Za Huliakovou snahou o zru\u0161enie reformy n\u00e1rodn\u00fdch parkov m\u00f4\u017ee by\u0165 politick\u00e1 korupcia\",\"datePublished\":\"2025-01-20T18:53:00+00:00\",\"dateModified\":\"2025-01-20T21:00:47+00:00\",\"mainEntityOfPage\":{\"@id\":\"https:\/\/www.smedemokrati.sk\/za-huliakovou-snahou-o-zrusenie-reformy-narodnych-parkov-moze-byt-politicka-korupcia\/\"},\"wordCount\":865,\"publisher\":{\"@id\":\"https:\/\/www.smedemokrati.sk\/#organization\"},\"image\":{\"@id\":\"https:\/\/www.smedemokrati.sk\/za-huliakovou-snahou-o-zrusenie-reformy-narodnych-parkov-moze-byt-politicka-korupcia\/#primaryimage\"},\"thumbnailUrl\":\"https:\/\/www.smedemokrati.sk\/wp-content\/uploads\/2025\/01\/narodne_parky_rozbitie.jpg\",\"articleSection\":[\"Tla\u010dov\u00e9 spr\u00e1vy\"],\"inLanguage\":\"sv-SE\"},{\"@type\":\"WebPage\",\"@id\":\"https:\/\/www.smedemokrati.sk\/za-huliakovou-snahou-o-zrusenie-reformy-narodnych-parkov-moze-byt-politicka-korupcia\/\",\"url\":\"https:\/\/www.smedemokrati.sk\/za-huliakovou-snahou-o-zrusenie-reformy-narodnych-parkov-moze-byt-politicka-korupcia\/\",\"name\":\"Za Huliakovou snahou o zru\u0161enie reformy n\u00e1rodn\u00fdch parkov m\u00f4\u017ee by\u0165 politick\u00e1 korupcia\",\"isPartOf\":{\"@id\":\"https:\/\/www.smedemokrati.sk\/#website\"},\"primaryImageOfPage\":{\"@id\":\"https:\/\/www.smedemokrati.sk\/za-huliakovou-snahou-o-zrusenie-reformy-narodnych-parkov-moze-byt-politicka-korupcia\/#primaryimage\"},\"image\":{\"@id\":\"https:\/\/www.smedemokrati.sk\/za-huliakovou-snahou-o-zrusenie-reformy-narodnych-parkov-moze-byt-politicka-korupcia\/#primaryimage\"},\"thumbnailUrl\":\"https:\/\/www.smedemokrati.sk\/wp-content\/uploads\/2025\/01\/narodne_parky_rozbitie.jpg\",\"datePublished\":\"2025-01-20T18:53:00+00:00\",\"dateModified\":\"2025-01-20T21:00:47+00:00\",\"breadcrumb\":{\"@id\":\"https:\/\/www.smedemokrati.sk\/za-huliakovou-snahou-o-zrusenie-reformy-narodnych-parkov-moze-byt-politicka-korupcia\/#breadcrumb\"},\"inLanguage\":\"sv-SE\",\"potentialAction\":[{\"@type\":\"ReadAction\",\"target\":[\"https:\/\/www.smedemokrati.sk\/za-huliakovou-snahou-o-zrusenie-reformy-narodnych-parkov-moze-byt-politicka-korupcia\/\"]}]},{\"@type\":\"ImageObject\",\"inLanguage\":\"sv-SE\",\"@id\":\"https:\/\/www.smedemokrati.sk\/za-huliakovou-snahou-o-zrusenie-reformy-narodnych-parkov-moze-byt-politicka-korupcia\/#primaryimage\",\"url\":\"https:\/\/www.smedemokrati.sk\/wp-content\/uploads\/2025\/01\/narodne_parky_rozbitie.jpg\",\"contentUrl\":\"https:\/\/www.smedemokrati.sk\/wp-content\/uploads\/2025\/01\/narodne_parky_rozbitie.jpg\",\"width\":832,\"height\":415},{\"@type\":\"BreadcrumbList\",\"@id\":\"https:\/\/www.smedemokrati.sk\/za-huliakovou-snahou-o-zrusenie-reformy-narodnych-parkov-moze-byt-politicka-korupcia\/#breadcrumb\",\"itemListElement\":[{\"@type\":\"ListItem\",\"position\":1,\"name\":\"Domovsk\u00e1 str\u00e1nka\",\"item\":\"https:\/\/www.smedemokrati.sk\/\"},{\"@type\":\"ListItem\",\"position\":2,\"name\":\"Za Huliakovou snahou o zru\u0161enie reformy n\u00e1rodn\u00fdch parkov m\u00f4\u017ee by\u0165 politick\u00e1 korupcia\"}]},{\"@type\":\"WebSite\",\"@id\":\"https:\/\/www.smedemokrati.sk\/#website\",\"url\":\"https:\/\/www.smedemokrati.sk\/\",\"name\":\"Smedemokrati.sk\",\"description\":\"Demokracia a slu\u0161nos\u0165 zv\u00ed\u0165az\u00ed\",\"publisher\":{\"@id\":\"https:\/\/www.smedemokrati.sk\/#organization\"},\"potentialAction\":[{\"@type\":\"SearchAction\",\"target\":{\"@type\":\"EntryPoint\",\"urlTemplate\":\"https:\/\/www.smedemokrati.sk\/?s={search_term_string}\"},\"query-input\":{\"@type\":\"PropertyValueSpecification\",\"valueRequired\":true,\"valueName\":\"search_term_string\"}}],\"inLanguage\":\"sv-SE\"},{\"@type\":\"Organization\",\"@id\":\"https:\/\/www.smedemokrati.sk\/#organization\",\"name\":\"Smedemokrati.sk\",\"url\":\"https:\/\/www.smedemokrati.sk\/\",\"logo\":{\"@type\":\"ImageObject\",\"inLanguage\":\"sv-SE\",\"@id\":\"https:\/\/www.smedemokrati.sk\/#\/schema\/logo\/image\/\",\"url\":\"https:\/\/www.smedemokrati.sk\/wp-content\/uploads\/2023\/04\/ff.002.jpeg\",\"contentUrl\":\"https:\/\/www.smedemokrati.sk\/wp-content\/uploads\/2023\/04\/ff.002.jpeg\",\"width\":640,\"height\":480,\"caption\":\"Smedemokrati.sk\"},\"image\":{\"@id\":\"https:\/\/www.smedemokrati.sk\/#\/schema\/logo\/image\/\"},\"sameAs\":[\"https:\/\/www.facebook.com\/smedemokrati2023\"]},{\"@type\":\"Person\",\"@id\":\"https:\/\/www.smedemokrati.sk\/#\/schema\/person\/21f147c88d605aa7ded900e1e7c344ba\",\"name\":\"miro.sopko\",\"image\":{\"@type\":\"ImageObject\",\"inLanguage\":\"sv-SE\",\"@id\":\"https:\/\/secure.gravatar.com\/avatar\/267e4a36f704376c109afe3a78740c1f5dd8675a2180a908699e7863c9247606?s=96&d=mm&r=g\",\"url\":\"https:\/\/secure.gravatar.com\/avatar\/267e4a36f704376c109afe3a78740c1f5dd8675a2180a908699e7863c9247606?s=96&d=mm&r=g\",\"contentUrl\":\"https:\/\/secure.gravatar.com\/avatar\/267e4a36f704376c109afe3a78740c1f5dd8675a2180a908699e7863c9247606?s=96&d=mm&r=g\",\"caption\":\"miro.sopko\"},\"url\":\"https:\/\/www.smedemokrati.sk\/sv\/author\/miro-sopko\/\"}]}<\/script>\n<!-- \/ Yoast SEO plugin. -->","yoast_head_json":{"title":"Za Huliakovou snahou o zru\u0161enie reformy n\u00e1rodn\u00fdch parkov m\u00f4\u017ee by\u0165 politick\u00e1 korupcia","robots":{"index":"index","follow":"follow","max-snippet":"max-snippet:-1","max-image-preview":"max-image-preview:large","max-video-preview":"max-video-preview:-1"},"canonical":"https:\/\/www.smedemokrati.sk\/sv\/za-huliakovou-snahou-o-zrusenie-reformy-narodnych-parkov-moze-byt-politicka-korupcia\/","og_locale":"sv_SE","og_type":"article","og_title":"[:sk]Za Huliakovou snahou o zru\u0161enie reformy n\u00e1rodn\u00fdch parkov m\u00f4\u017ee by\u0165 politick\u00e1 korupcia[:] - Smedemokrati.sk","og_description":"Rebeluj\u00faci poslanci okolo Rudolfa Huliaka (N\u00e1rodn\u00e1 koal\u00edcia) a Roman Malatinec (Hlas-SD) predlo\u017eili na febru\u00e1rov\u00fa sch\u00f4dzu n\u00e1vrh z\u00e1kona, ktor\u00fd by znamenal de\u0161trukciu reformy n\u00e1rodn\u00fdch parkov. Obaja o d\u00f4vodoch jej predlo\u017eenia ml\u010dia. Pod\u013ea inform\u00e1ci\u00ed Demokratov je jedn\u00fdm z mo\u017en\u00fdch rie\u0161en\u00ed na op\u00e4tovn\u00fa podporu vl\u00e1dnej koal\u00edcie aj odovzdanie \u0161t\u00e1tnych lesov do gescie Rudolfa Huliaka. Schv\u00e1lenie jeho n\u00e1vrhu na [&hellip;]","og_url":"https:\/\/www.smedemokrati.sk\/sv\/za-huliakovou-snahou-o-zrusenie-reformy-narodnych-parkov-moze-byt-politicka-korupcia\/","og_site_name":"Smedemokrati.sk","article_publisher":"https:\/\/www.facebook.com\/smedemokrati2023","article_published_time":"2025-01-20T18:53:00+00:00","article_modified_time":"2025-01-20T21:00:47+00:00","og_image":[{"width":832,"height":415,"url":"https:\/\/www.smedemokrati.sk\/wp-content\/uploads\/2025\/01\/narodne_parky_rozbitie.jpg","type":"image\/jpeg"}],"author":"miro.sopko","twitter_card":"summary_large_image","twitter_misc":{"Skriven av":"miro.sopko","Ber\u00e4knad l\u00e4stid":"4 minuter"},"schema":{"@context":"https:\/\/schema.org","@graph":[{"@type":"Article","@id":"https:\/\/www.smedemokrati.sk\/za-huliakovou-snahou-o-zrusenie-reformy-narodnych-parkov-moze-byt-politicka-korupcia\/#article","isPartOf":{"@id":"https:\/\/www.smedemokrati.sk\/za-huliakovou-snahou-o-zrusenie-reformy-narodnych-parkov-moze-byt-politicka-korupcia\/"},"author":{"name":"miro.sopko","@id":"https:\/\/www.smedemokrati.sk\/#\/schema\/person\/21f147c88d605aa7ded900e1e7c344ba"},"headline":"Za Huliakovou snahou o zru\u0161enie reformy n\u00e1rodn\u00fdch parkov m\u00f4\u017ee by\u0165 politick\u00e1 korupcia","datePublished":"2025-01-20T18:53:00+00:00","dateModified":"2025-01-20T21:00:47+00:00","mainEntityOfPage":{"@id":"https:\/\/www.smedemokrati.sk\/za-huliakovou-snahou-o-zrusenie-reformy-narodnych-parkov-moze-byt-politicka-korupcia\/"},"wordCount":865,"publisher":{"@id":"https:\/\/www.smedemokrati.sk\/#organization"},"image":{"@id":"https:\/\/www.smedemokrati.sk\/za-huliakovou-snahou-o-zrusenie-reformy-narodnych-parkov-moze-byt-politicka-korupcia\/#primaryimage"},"thumbnailUrl":"https:\/\/www.smedemokrati.sk\/wp-content\/uploads\/2025\/01\/narodne_parky_rozbitie.jpg","articleSection":["Tla\u010dov\u00e9 spr\u00e1vy"],"inLanguage":"sv-SE"},{"@type":"WebPage","@id":"https:\/\/www.smedemokrati.sk\/za-huliakovou-snahou-o-zrusenie-reformy-narodnych-parkov-moze-byt-politicka-korupcia\/","url":"https:\/\/www.smedemokrati.sk\/za-huliakovou-snahou-o-zrusenie-reformy-narodnych-parkov-moze-byt-politicka-korupcia\/","name":"Za Huliakovou snahou o zru\u0161enie reformy n\u00e1rodn\u00fdch parkov m\u00f4\u017ee by\u0165 politick\u00e1 korupcia","isPartOf":{"@id":"https:\/\/www.smedemokrati.sk\/#website"},"primaryImageOfPage":{"@id":"https:\/\/www.smedemokrati.sk\/za-huliakovou-snahou-o-zrusenie-reformy-narodnych-parkov-moze-byt-politicka-korupcia\/#primaryimage"},"image":{"@id":"https:\/\/www.smedemokrati.sk\/za-huliakovou-snahou-o-zrusenie-reformy-narodnych-parkov-moze-byt-politicka-korupcia\/#primaryimage"},"thumbnailUrl":"https:\/\/www.smedemokrati.sk\/wp-content\/uploads\/2025\/01\/narodne_parky_rozbitie.jpg","datePublished":"2025-01-20T18:53:00+00:00","dateModified":"2025-01-20T21:00:47+00:00","breadcrumb":{"@id":"https:\/\/www.smedemokrati.sk\/za-huliakovou-snahou-o-zrusenie-reformy-narodnych-parkov-moze-byt-politicka-korupcia\/#breadcrumb"},"inLanguage":"sv-SE","potentialAction":[{"@type":"ReadAction","target":["https:\/\/www.smedemokrati.sk\/za-huliakovou-snahou-o-zrusenie-reformy-narodnych-parkov-moze-byt-politicka-korupcia\/"]}]},{"@type":"ImageObject","inLanguage":"sv-SE","@id":"https:\/\/www.smedemokrati.sk\/za-huliakovou-snahou-o-zrusenie-reformy-narodnych-parkov-moze-byt-politicka-korupcia\/#primaryimage","url":"https:\/\/www.smedemokrati.sk\/wp-content\/uploads\/2025\/01\/narodne_parky_rozbitie.jpg","contentUrl":"https:\/\/www.smedemokrati.sk\/wp-content\/uploads\/2025\/01\/narodne_parky_rozbitie.jpg","width":832,"height":415},{"@type":"BreadcrumbList","@id":"https:\/\/www.smedemokrati.sk\/za-huliakovou-snahou-o-zrusenie-reformy-narodnych-parkov-moze-byt-politicka-korupcia\/#breadcrumb","itemListElement":[{"@type":"ListItem","position":1,"name":"Domovsk\u00e1 str\u00e1nka","item":"https:\/\/www.smedemokrati.sk\/"},{"@type":"ListItem","position":2,"name":"Za Huliakovou snahou o zru\u0161enie reformy n\u00e1rodn\u00fdch parkov m\u00f4\u017ee by\u0165 politick\u00e1 korupcia"}]},{"@type":"WebSite","@id":"https:\/\/www.smedemokrati.sk\/#website","url":"https:\/\/www.smedemokrati.sk\/","name":"Smedemokrati.sk","description":"Demokracia a slu\u0161nos\u0165 zv\u00ed\u0165az\u00ed","publisher":{"@id":"https:\/\/www.smedemokrati.sk\/#organization"},"potentialAction":[{"@type":"SearchAction","target":{"@type":"EntryPoint","urlTemplate":"https:\/\/www.smedemokrati.sk\/?s={search_term_string}"},"query-input":{"@type":"PropertyValueSpecification","valueRequired":true,"valueName":"search_term_string"}}],"inLanguage":"sv-SE"},{"@type":"Organization","@id":"https:\/\/www.smedemokrati.sk\/#organization","name":"Smedemokrati.sk","url":"https:\/\/www.smedemokrati.sk\/","logo":{"@type":"ImageObject","inLanguage":"sv-SE","@id":"https:\/\/www.smedemokrati.sk\/#\/schema\/logo\/image\/","url":"https:\/\/www.smedemokrati.sk\/wp-content\/uploads\/2023\/04\/ff.002.jpeg","contentUrl":"https:\/\/www.smedemokrati.sk\/wp-content\/uploads\/2023\/04\/ff.002.jpeg","width":640,"height":480,"caption":"Smedemokrati.sk"},"image":{"@id":"https:\/\/www.smedemokrati.sk\/#\/schema\/logo\/image\/"},"sameAs":["https:\/\/www.facebook.com\/smedemokrati2023"]},{"@type":"Person","@id":"https:\/\/www.smedemokrati.sk\/#\/schema\/person\/21f147c88d605aa7ded900e1e7c344ba","name":"miro.sopko","image":{"@type":"ImageObject","inLanguage":"sv-SE","@id":"https:\/\/secure.gravatar.com\/avatar\/267e4a36f704376c109afe3a78740c1f5dd8675a2180a908699e7863c9247606?s=96&d=mm&r=g","url":"https:\/\/secure.gravatar.com\/avatar\/267e4a36f704376c109afe3a78740c1f5dd8675a2180a908699e7863c9247606?s=96&d=mm&r=g","contentUrl":"https:\/\/secure.gravatar.com\/avatar\/267e4a36f704376c109afe3a78740c1f5dd8675a2180a908699e7863c9247606?s=96&d=mm&r=g","caption":"miro.sopko"},"url":"https:\/\/www.smedemokrati.sk\/sv\/author\/miro-sopko\/"}]}},"_links":{"self":[{"href":"https:\/\/www.smedemokrati.sk\/sv\/wp-json\/wp\/v2\/posts\/6169","targetHints":{"allow":["GET"]}}],"collection":[{"href":"https:\/\/www.smedemokrati.sk\/sv\/wp-json\/wp\/v2\/posts"}],"about":[{"href":"https:\/\/www.smedemokrati.sk\/sv\/wp-json\/wp\/v2\/types\/post"}],"author":[{"embeddable":true,"href":"https:\/\/www.smedemokrati.sk\/sv\/wp-json\/wp\/v2\/users\/13"}],"replies":[{"embeddable":true,"href":"https:\/\/www.smedemokrati.sk\/sv\/wp-json\/wp\/v2\/comments?post=6169"}],"version-history":[{"count":1,"href":"https:\/\/www.smedemokrati.sk\/sv\/wp-json\/wp\/v2\/posts\/6169\/revisions"}],"predecessor-version":[{"id":6172,"href":"https:\/\/www.smedemokrati.sk\/sv\/wp-json\/wp\/v2\/posts\/6169\/revisions\/6172"}],"wp:featuredmedia":[{"embeddable":true,"href":"https:\/\/www.smedemokrati.sk\/sv\/wp-json\/wp\/v2\/media\/6171"}],"wp:attachment":[{"href":"https:\/\/www.smedemokrati.sk\/sv\/wp-json\/wp\/v2\/media?parent=6169"}],"wp:term":[{"taxonomy":"category","embeddable":true,"href":"https:\/\/www.smedemokrati.sk\/sv\/wp-json\/wp\/v2\/categories?post=6169"},{"taxonomy":"post_tag","embeddable":true,"href":"https:\/\/www.smedemokrati.sk\/sv\/wp-json\/wp\/v2\/tags?post=6169"}],"curies":[{"name":"wp","href":"https:\/\/api.w.org\/{rel}","templated":true}]}}