{"id":6152,"date":"2025-01-18T20:15:00","date_gmt":"2025-01-18T19:15:00","guid":{"rendered":"https:\/\/www.smedemokrati.sk\/?p=6152"},"modified":"2025-01-20T21:52:47","modified_gmt":"2025-01-20T20:52:47","slug":"vyjadrenie-podpredsedu-strany-demokrati-juraja-seligu-k-odvolaniu-l-solaka","status":"publish","type":"post","link":"https:\/\/www.smedemokrati.sk\/sv\/vyjadrenie-podpredsedu-strany-demokrati-juraja-seligu-k-odvolaniu-l-solaka\/","title":{"rendered":"Vyjadrenie podpredsedu strany Demokrati Juraja \u0160eligu k odvolaniu \u013d. Sol\u00e1ka"},"content":{"rendered":"<div id=\"fb-root\"><\/div>\n\n<p>\u00a0\u201eKon\u010d\u00ed najviac neschopn\u00fd policajn\u00fd prezident v hist\u00f3rii Slovenska. P\u00e1n Sol\u00e1k hovoril pri svojom n\u00e1stupe, \u017ee chce stabilizova\u0165 policajn\u00fd zbor, podaril sa mu presn\u00fd opak. Policajti vo ve\u013ekom po\u010dte op\u00fa\u0161\u0165ali policajn\u00fd zbor, ich materi\u00e1lne vybavenie sa nezlep\u0161ovalo, valoriz\u00e1cia bola zastaven\u00e1, kriminalita st\u00fapa.<\/p>\n\n\n\n<p>P\u00e1n Sol\u00e1k sa nikdy nemal uch\u00e1dza\u0165 o prezidenta policajn\u00e9ho zboru, ak nie\u010do chcel a \u010do mu v skuto\u010dnosti i\u0161lo, bolo pritak\u00e1vanie ministrovi vn\u00fatra \u0160utajovi E\u0161tokovi.<\/p>\n\n\n\n<p>Ten ho teraz politicky obetoval, aby sa s\u00e1m zbavil svojej zodpovednosti. U\u017e posledn\u00e9 dva mesiace h\u013eadali pr\u00edle\u017eitos\u0165, kedy to urobi\u0165. Trag\u00e9dia v Spi\u0161skej Starej Vsi im na to posl\u00fa\u017eila, e\u0161te si z toho minister E\u0161tok urob\u00ed ve\u013ek\u00e9 PR. In\u00fdmi slovami, ak sa niekto spr\u00e1va ako handra, bud\u00fa s n\u00edm zaobch\u00e1dza\u0165 ako s handrou.<\/p>\n\n\n\n<p>Za \u013dubom\u00edrom Sol\u00e1kom zost\u00e1vaj\u00fa napr\u00edklad rozpusten\u00e1 NAKA, \u0161ikana vo\u010di nepohodln\u00fdm pr\u00edslu\u0161n\u00edkom v zbore, ubit\u00fd mu\u017e, zbit\u00ed \u013eudia, nevy\u0161etren\u00e9 teroristick\u00e9 kyber \u00fatoky, st\u00fapaj\u00faca kriminalita a najm\u00e4 pocit absol\u00fatnej servilnosti vl\u00e1de a nie policajn\u00e9mu zboru a ob\u010danom.<\/p>\n\n\n\n<p>P\u00e1na Sol\u00e1ka netreba v tomto \u013eutova\u0165, vybral si to s\u00e1m, nehovoriac o tom, \u017ee presluhoval na svojej poz\u00edcii od prv\u00e9ho d\u0148a, ke\u010f do nej nast\u00fapil.<\/p>\n\n\n\n<p>Minister vn\u00fatra sk\u00fasil dnes na verejnos\u0165 trik, odvola\u0165 p\u00e1na Sol\u00e1ka, aby si tam dosadil nov\u00e9ho a e\u0161te servilnej\u0161ieho \u010dloveka. Kto to bude? To\u013eko sklo\u0148ovan\u00fd p\u00e1n Zurian? Pani Ma\u0161karov\u00e1? P\u00e1n\/pani?<\/p>\n\n\n\n<p>Ka\u017ed\u00fd, kto o tejto funkcii prem\u00fd\u0161\u013ea, nech si je vedom\u00fd, \u017ee funkcia sa s\u00edce vol\u00e1 prezident policajn\u00e9ho zboru, ale v skuto\u010dnosti je to len pritak\u00e1vanie neschopn\u00e9mu a z\u00e1rove\u0148 v\u0161etk\u00e9ho schopn\u00e9ho ministra \u0160utaja E\u0161toka.<\/p>\n\n\n\n<p>P\u00e1n Sol\u00e1k, prajem V\u00e1m pevn\u00e9 zdravie a pokoj, za \u010do po\u010fakova\u0165 naozaj neviem!<\/p>\n\n\n\n<p>PS: P\u00e1n \u0160utaj E\u0161tok, ak chcete naozaj vyvodi\u0165 zodpovednos\u0165 odst\u00fapte vy!\u201d<\/p>\n","protected":false},"excerpt":{"rendered":"<p>\u00a0\u201eKon\u010d\u00ed najviac neschopn\u00fd policajn\u00fd prezident v hist\u00f3rii Slovenska. P\u00e1n Sol\u00e1k hovoril pri svojom n\u00e1stupe, \u017ee chce stabilizova\u0165 policajn\u00fd zbor, podaril sa mu presn\u00fd opak. Policajti vo ve\u013ekom po\u010dte op\u00fa\u0161\u0165ali policajn\u00fd zbor, ich materi\u00e1lne vybavenie sa nezlep\u0161ovalo, valoriz\u00e1cia bola zastaven\u00e1, kriminalita st\u00fapa. P\u00e1n Sol\u00e1k sa nikdy nemal uch\u00e1dza\u0165 o prezidenta policajn\u00e9ho zboru, ak nie\u010do chcel a [&hellip;]<\/p>\n","protected":false},"author":13,"featured_media":5264,"comment_status":"closed","ping_status":"closed","sticky":false,"template":"","format":"standard","meta":{"_acf_changed":false,"ngg_post_thumbnail":0,"footnotes":""},"categories":[11],"tags":[],"class_list":["post-6152","post","type-post","status-publish","format-standard","has-post-thumbnail","hentry","category-vyhlasenia"],"acf":[],"yoast_head":"<!-- This site is optimized with the Yoast SEO plugin v27.2 - https:\/\/yoast.com\/product\/yoast-seo-wordpress\/ -->\n<title>Vyjadrenie podpredsedu strany Demokrati Juraja \u0160eligu k odvolaniu \u013d. Sol\u00e1ka<\/title>\n<meta name=\"robots\" content=\"index, follow, max-snippet:-1, max-image-preview:large, max-video-preview:-1\" \/>\n<link rel=\"canonical\" href=\"https:\/\/www.smedemokrati.sk\/sv\/vyjadrenie-podpredsedu-strany-demokrati-juraja-seligu-k-odvolaniu-l-solaka\/\" \/>\n<meta property=\"og:locale\" content=\"sv_SE\" \/>\n<meta property=\"og:locale:alternate\" content=\"en_US\" \/>\n<meta property=\"og:locale:alternate\" content=\"cs_CZ\" \/>\n<meta property=\"og:locale:alternate\" content=\"hu_HU\" \/>\n<meta property=\"og:locale:alternate\" content=\"sk_SK\" \/>\n<meta property=\"og:type\" content=\"article\" \/>\n<meta property=\"og:title\" content=\"Vyjadrenie podpredsedu strany Demokrati Juraja \u0160eligu k odvolaniu \u013d. Sol\u00e1ka\" \/>\n<meta property=\"og:description\" content=\"\u00a0\u201eKon\u010d\u00ed najviac neschopn\u00fd policajn\u00fd prezident v hist\u00f3rii Slovenska. P\u00e1n Sol\u00e1k hovoril pri svojom n\u00e1stupe, \u017ee chce stabilizova\u0165 policajn\u00fd zbor, podaril sa mu presn\u00fd opak. Policajti vo ve\u013ekom po\u010dte op\u00fa\u0161\u0165ali policajn\u00fd zbor, ich materi\u00e1lne vybavenie sa nezlep\u0161ovalo, valoriz\u00e1cia bola zastaven\u00e1, kriminalita st\u00fapa. P\u00e1n Sol\u00e1k sa nikdy nemal uch\u00e1dza\u0165 o prezidenta policajn\u00e9ho zboru, ak nie\u010do chcel a [&hellip;]\" \/>\n<meta property=\"og:url\" content=\"https:\/\/www.smedemokrati.sk\/sv\/vyjadrenie-podpredsedu-strany-demokrati-juraja-seligu-k-odvolaniu-l-solaka\/\" \/>\n<meta property=\"og:site_name\" content=\"Smedemokrati.sk\" \/>\n<meta property=\"article:publisher\" content=\"https:\/\/www.facebook.com\/smedemokrati2023\" \/>\n<meta property=\"article:published_time\" content=\"2025-01-18T19:15:00+00:00\" \/>\n<meta property=\"article:modified_time\" content=\"2025-01-20T20:52:47+00:00\" \/>\n<meta property=\"og:image\" content=\"https:\/\/www.smedemokrati.sk\/wp-content\/uploads\/2024\/10\/Picsart_24-10-02_17-17-09-680.jpg\" \/>\n\t<meta property=\"og:image:width\" content=\"1833\" \/>\n\t<meta property=\"og:image:height\" content=\"1220\" \/>\n\t<meta property=\"og:image:type\" content=\"image\/jpeg\" \/>\n<meta name=\"author\" content=\"miro.sopko\" \/>\n<meta name=\"twitter:card\" content=\"summary_large_image\" \/>\n<meta name=\"twitter:label1\" content=\"Skriven av\" \/>\n\t<meta name=\"twitter:data1\" content=\"miro.sopko\" \/>\n\t<meta name=\"twitter:label2\" content=\"Ber\u00e4knad l\u00e4stid\" \/>\n\t<meta name=\"twitter:data2\" content=\"2 minuter\" \/>\n<script type=\"application\/ld+json\" class=\"yoast-schema-graph\">{\"@context\":\"https:\/\/schema.org\",\"@graph\":[{\"@type\":\"Article\",\"@id\":\"https:\/\/www.smedemokrati.sk\/vyjadrenie-podpredsedu-strany-demokrati-juraja-seligu-k-odvolaniu-l-solaka\/#article\",\"isPartOf\":{\"@id\":\"https:\/\/www.smedemokrati.sk\/vyjadrenie-podpredsedu-strany-demokrati-juraja-seligu-k-odvolaniu-l-solaka\/\"},\"author\":{\"name\":\"miro.sopko\",\"@id\":\"https:\/\/www.smedemokrati.sk\/#\/schema\/person\/21f147c88d605aa7ded900e1e7c344ba\"},\"headline\":\"Vyjadrenie podpredsedu strany Demokrati Juraja \u0160eligu k odvolaniu \u013d. Sol\u00e1ka\",\"datePublished\":\"2025-01-18T19:15:00+00:00\",\"dateModified\":\"2025-01-20T20:52:47+00:00\",\"mainEntityOfPage\":{\"@id\":\"https:\/\/www.smedemokrati.sk\/vyjadrenie-podpredsedu-strany-demokrati-juraja-seligu-k-odvolaniu-l-solaka\/\"},\"wordCount\":367,\"publisher\":{\"@id\":\"https:\/\/www.smedemokrati.sk\/#organization\"},\"image\":{\"@id\":\"https:\/\/www.smedemokrati.sk\/vyjadrenie-podpredsedu-strany-demokrati-juraja-seligu-k-odvolaniu-l-solaka\/#primaryimage\"},\"thumbnailUrl\":\"https:\/\/www.smedemokrati.sk\/wp-content\/uploads\/2024\/10\/Picsart_24-10-02_17-17-09-680.jpg\",\"articleSection\":[\"Vyhl\u00e1senia\"],\"inLanguage\":\"sv-SE\"},{\"@type\":\"WebPage\",\"@id\":\"https:\/\/www.smedemokrati.sk\/vyjadrenie-podpredsedu-strany-demokrati-juraja-seligu-k-odvolaniu-l-solaka\/\",\"url\":\"https:\/\/www.smedemokrati.sk\/vyjadrenie-podpredsedu-strany-demokrati-juraja-seligu-k-odvolaniu-l-solaka\/\",\"name\":\"Vyjadrenie podpredsedu strany Demokrati Juraja \u0160eligu k odvolaniu \u013d. Sol\u00e1ka\",\"isPartOf\":{\"@id\":\"https:\/\/www.smedemokrati.sk\/#website\"},\"primaryImageOfPage\":{\"@id\":\"https:\/\/www.smedemokrati.sk\/vyjadrenie-podpredsedu-strany-demokrati-juraja-seligu-k-odvolaniu-l-solaka\/#primaryimage\"},\"image\":{\"@id\":\"https:\/\/www.smedemokrati.sk\/vyjadrenie-podpredsedu-strany-demokrati-juraja-seligu-k-odvolaniu-l-solaka\/#primaryimage\"},\"thumbnailUrl\":\"https:\/\/www.smedemokrati.sk\/wp-content\/uploads\/2024\/10\/Picsart_24-10-02_17-17-09-680.jpg\",\"datePublished\":\"2025-01-18T19:15:00+00:00\",\"dateModified\":\"2025-01-20T20:52:47+00:00\",\"breadcrumb\":{\"@id\":\"https:\/\/www.smedemokrati.sk\/vyjadrenie-podpredsedu-strany-demokrati-juraja-seligu-k-odvolaniu-l-solaka\/#breadcrumb\"},\"inLanguage\":\"sv-SE\",\"potentialAction\":[{\"@type\":\"ReadAction\",\"target\":[\"https:\/\/www.smedemokrati.sk\/vyjadrenie-podpredsedu-strany-demokrati-juraja-seligu-k-odvolaniu-l-solaka\/\"]}]},{\"@type\":\"ImageObject\",\"inLanguage\":\"sv-SE\",\"@id\":\"https:\/\/www.smedemokrati.sk\/vyjadrenie-podpredsedu-strany-demokrati-juraja-seligu-k-odvolaniu-l-solaka\/#primaryimage\",\"url\":\"https:\/\/www.smedemokrati.sk\/wp-content\/uploads\/2024\/10\/Picsart_24-10-02_17-17-09-680.jpg\",\"contentUrl\":\"https:\/\/www.smedemokrati.sk\/wp-content\/uploads\/2024\/10\/Picsart_24-10-02_17-17-09-680.jpg\",\"width\":1833,\"height\":1220,\"caption\":\"{\\\"remix_data\\\":[],\\\"remix_entry_point\\\":\\\"challenges\\\",\\\"source_tags\\\":[\\\"local\\\"],\\\"origin\\\":\\\"unknown\\\",\\\"total_draw_time\\\":0,\\\"total_draw_actions\\\":0,\\\"layers_used\\\":0,\\\"brushes_used\\\":0,\\\"photos_added\\\":0,\\\"total_editor_actions\\\":{},\\\"tools_used\\\":{\\\"effects\\\":1},\\\"is_sticker\\\":false,\\\"edited_since_last_sticker_save\\\":true,\\\"containsFTESticker\\\":false}\"},{\"@type\":\"BreadcrumbList\",\"@id\":\"https:\/\/www.smedemokrati.sk\/vyjadrenie-podpredsedu-strany-demokrati-juraja-seligu-k-odvolaniu-l-solaka\/#breadcrumb\",\"itemListElement\":[{\"@type\":\"ListItem\",\"position\":1,\"name\":\"Domovsk\u00e1 str\u00e1nka\",\"item\":\"https:\/\/www.smedemokrati.sk\/\"},{\"@type\":\"ListItem\",\"position\":2,\"name\":\"Vyjadrenie podpredsedu strany Demokrati Juraja \u0160eligu k odvolaniu \u013d. Sol\u00e1ka\"}]},{\"@type\":\"WebSite\",\"@id\":\"https:\/\/www.smedemokrati.sk\/#website\",\"url\":\"https:\/\/www.smedemokrati.sk\/\",\"name\":\"Smedemokrati.sk\",\"description\":\"Demokracia a slu\u0161nos\u0165 zv\u00ed\u0165az\u00ed\",\"publisher\":{\"@id\":\"https:\/\/www.smedemokrati.sk\/#organization\"},\"potentialAction\":[{\"@type\":\"SearchAction\",\"target\":{\"@type\":\"EntryPoint\",\"urlTemplate\":\"https:\/\/www.smedemokrati.sk\/?s={search_term_string}\"},\"query-input\":{\"@type\":\"PropertyValueSpecification\",\"valueRequired\":true,\"valueName\":\"search_term_string\"}}],\"inLanguage\":\"sv-SE\"},{\"@type\":\"Organization\",\"@id\":\"https:\/\/www.smedemokrati.sk\/#organization\",\"name\":\"Smedemokrati.sk\",\"url\":\"https:\/\/www.smedemokrati.sk\/\",\"logo\":{\"@type\":\"ImageObject\",\"inLanguage\":\"sv-SE\",\"@id\":\"https:\/\/www.smedemokrati.sk\/#\/schema\/logo\/image\/\",\"url\":\"https:\/\/www.smedemokrati.sk\/wp-content\/uploads\/2023\/04\/ff.002.jpeg\",\"contentUrl\":\"https:\/\/www.smedemokrati.sk\/wp-content\/uploads\/2023\/04\/ff.002.jpeg\",\"width\":640,\"height\":480,\"caption\":\"Smedemokrati.sk\"},\"image\":{\"@id\":\"https:\/\/www.smedemokrati.sk\/#\/schema\/logo\/image\/\"},\"sameAs\":[\"https:\/\/www.facebook.com\/smedemokrati2023\"]},{\"@type\":\"Person\",\"@id\":\"https:\/\/www.smedemokrati.sk\/#\/schema\/person\/21f147c88d605aa7ded900e1e7c344ba\",\"name\":\"miro.sopko\",\"image\":{\"@type\":\"ImageObject\",\"inLanguage\":\"sv-SE\",\"@id\":\"https:\/\/secure.gravatar.com\/avatar\/267e4a36f704376c109afe3a78740c1f5dd8675a2180a908699e7863c9247606?s=96&d=mm&r=g\",\"url\":\"https:\/\/secure.gravatar.com\/avatar\/267e4a36f704376c109afe3a78740c1f5dd8675a2180a908699e7863c9247606?s=96&d=mm&r=g\",\"contentUrl\":\"https:\/\/secure.gravatar.com\/avatar\/267e4a36f704376c109afe3a78740c1f5dd8675a2180a908699e7863c9247606?s=96&d=mm&r=g\",\"caption\":\"miro.sopko\"},\"url\":\"https:\/\/www.smedemokrati.sk\/sv\/author\/miro-sopko\/\"}]}<\/script>\n<!-- \/ Yoast SEO plugin. -->","yoast_head_json":{"title":"Vyjadrenie podpredsedu strany Demokrati Juraja \u0160eligu k odvolaniu \u013d. Sol\u00e1ka","robots":{"index":"index","follow":"follow","max-snippet":"max-snippet:-1","max-image-preview":"max-image-preview:large","max-video-preview":"max-video-preview:-1"},"canonical":"https:\/\/www.smedemokrati.sk\/sv\/vyjadrenie-podpredsedu-strany-demokrati-juraja-seligu-k-odvolaniu-l-solaka\/","og_locale":"sv_SE","og_type":"article","og_title":"[:sk]Vyjadrenie podpredsedu strany Demokrati Juraja \u0160eligu k odvolaniu \u013d. Sol\u00e1ka[:] - Smedemokrati.sk","og_description":"\u00a0\u201eKon\u010d\u00ed najviac neschopn\u00fd policajn\u00fd prezident v hist\u00f3rii Slovenska. P\u00e1n Sol\u00e1k hovoril pri svojom n\u00e1stupe, \u017ee chce stabilizova\u0165 policajn\u00fd zbor, podaril sa mu presn\u00fd opak. Policajti vo ve\u013ekom po\u010dte op\u00fa\u0161\u0165ali policajn\u00fd zbor, ich materi\u00e1lne vybavenie sa nezlep\u0161ovalo, valoriz\u00e1cia bola zastaven\u00e1, kriminalita st\u00fapa. P\u00e1n Sol\u00e1k sa nikdy nemal uch\u00e1dza\u0165 o prezidenta policajn\u00e9ho zboru, ak nie\u010do chcel a [&hellip;]","og_url":"https:\/\/www.smedemokrati.sk\/sv\/vyjadrenie-podpredsedu-strany-demokrati-juraja-seligu-k-odvolaniu-l-solaka\/","og_site_name":"Smedemokrati.sk","article_publisher":"https:\/\/www.facebook.com\/smedemokrati2023","article_published_time":"2025-01-18T19:15:00+00:00","article_modified_time":"2025-01-20T20:52:47+00:00","og_image":[{"width":1833,"height":1220,"url":"https:\/\/www.smedemokrati.sk\/wp-content\/uploads\/2024\/10\/Picsart_24-10-02_17-17-09-680.jpg","type":"image\/jpeg"}],"author":"miro.sopko","twitter_card":"summary_large_image","twitter_misc":{"Skriven av":"miro.sopko","Ber\u00e4knad l\u00e4stid":"2 minuter"},"schema":{"@context":"https:\/\/schema.org","@graph":[{"@type":"Article","@id":"https:\/\/www.smedemokrati.sk\/vyjadrenie-podpredsedu-strany-demokrati-juraja-seligu-k-odvolaniu-l-solaka\/#article","isPartOf":{"@id":"https:\/\/www.smedemokrati.sk\/vyjadrenie-podpredsedu-strany-demokrati-juraja-seligu-k-odvolaniu-l-solaka\/"},"author":{"name":"miro.sopko","@id":"https:\/\/www.smedemokrati.sk\/#\/schema\/person\/21f147c88d605aa7ded900e1e7c344ba"},"headline":"Vyjadrenie podpredsedu strany Demokrati Juraja \u0160eligu k odvolaniu \u013d. Sol\u00e1ka","datePublished":"2025-01-18T19:15:00+00:00","dateModified":"2025-01-20T20:52:47+00:00","mainEntityOfPage":{"@id":"https:\/\/www.smedemokrati.sk\/vyjadrenie-podpredsedu-strany-demokrati-juraja-seligu-k-odvolaniu-l-solaka\/"},"wordCount":367,"publisher":{"@id":"https:\/\/www.smedemokrati.sk\/#organization"},"image":{"@id":"https:\/\/www.smedemokrati.sk\/vyjadrenie-podpredsedu-strany-demokrati-juraja-seligu-k-odvolaniu-l-solaka\/#primaryimage"},"thumbnailUrl":"https:\/\/www.smedemokrati.sk\/wp-content\/uploads\/2024\/10\/Picsart_24-10-02_17-17-09-680.jpg","articleSection":["Vyhl\u00e1senia"],"inLanguage":"sv-SE"},{"@type":"WebPage","@id":"https:\/\/www.smedemokrati.sk\/vyjadrenie-podpredsedu-strany-demokrati-juraja-seligu-k-odvolaniu-l-solaka\/","url":"https:\/\/www.smedemokrati.sk\/vyjadrenie-podpredsedu-strany-demokrati-juraja-seligu-k-odvolaniu-l-solaka\/","name":"Vyjadrenie podpredsedu strany Demokrati Juraja \u0160eligu k odvolaniu \u013d. Sol\u00e1ka","isPartOf":{"@id":"https:\/\/www.smedemokrati.sk\/#website"},"primaryImageOfPage":{"@id":"https:\/\/www.smedemokrati.sk\/vyjadrenie-podpredsedu-strany-demokrati-juraja-seligu-k-odvolaniu-l-solaka\/#primaryimage"},"image":{"@id":"https:\/\/www.smedemokrati.sk\/vyjadrenie-podpredsedu-strany-demokrati-juraja-seligu-k-odvolaniu-l-solaka\/#primaryimage"},"thumbnailUrl":"https:\/\/www.smedemokrati.sk\/wp-content\/uploads\/2024\/10\/Picsart_24-10-02_17-17-09-680.jpg","datePublished":"2025-01-18T19:15:00+00:00","dateModified":"2025-01-20T20:52:47+00:00","breadcrumb":{"@id":"https:\/\/www.smedemokrati.sk\/vyjadrenie-podpredsedu-strany-demokrati-juraja-seligu-k-odvolaniu-l-solaka\/#breadcrumb"},"inLanguage":"sv-SE","potentialAction":[{"@type":"ReadAction","target":["https:\/\/www.smedemokrati.sk\/vyjadrenie-podpredsedu-strany-demokrati-juraja-seligu-k-odvolaniu-l-solaka\/"]}]},{"@type":"ImageObject","inLanguage":"sv-SE","@id":"https:\/\/www.smedemokrati.sk\/vyjadrenie-podpredsedu-strany-demokrati-juraja-seligu-k-odvolaniu-l-solaka\/#primaryimage","url":"https:\/\/www.smedemokrati.sk\/wp-content\/uploads\/2024\/10\/Picsart_24-10-02_17-17-09-680.jpg","contentUrl":"https:\/\/www.smedemokrati.sk\/wp-content\/uploads\/2024\/10\/Picsart_24-10-02_17-17-09-680.jpg","width":1833,"height":1220,"caption":"{\"remix_data\":[],\"remix_entry_point\":\"challenges\",\"source_tags\":[\"local\"],\"origin\":\"unknown\",\"total_draw_time\":0,\"total_draw_actions\":0,\"layers_used\":0,\"brushes_used\":0,\"photos_added\":0,\"total_editor_actions\":{},\"tools_used\":{\"effects\":1},\"is_sticker\":false,\"edited_since_last_sticker_save\":true,\"containsFTESticker\":false}"},{"@type":"BreadcrumbList","@id":"https:\/\/www.smedemokrati.sk\/vyjadrenie-podpredsedu-strany-demokrati-juraja-seligu-k-odvolaniu-l-solaka\/#breadcrumb","itemListElement":[{"@type":"ListItem","position":1,"name":"Domovsk\u00e1 str\u00e1nka","item":"https:\/\/www.smedemokrati.sk\/"},{"@type":"ListItem","position":2,"name":"Vyjadrenie podpredsedu strany Demokrati Juraja \u0160eligu k odvolaniu \u013d. Sol\u00e1ka"}]},{"@type":"WebSite","@id":"https:\/\/www.smedemokrati.sk\/#website","url":"https:\/\/www.smedemokrati.sk\/","name":"Smedemokrati.sk","description":"Demokracia a slu\u0161nos\u0165 zv\u00ed\u0165az\u00ed","publisher":{"@id":"https:\/\/www.smedemokrati.sk\/#organization"},"potentialAction":[{"@type":"SearchAction","target":{"@type":"EntryPoint","urlTemplate":"https:\/\/www.smedemokrati.sk\/?s={search_term_string}"},"query-input":{"@type":"PropertyValueSpecification","valueRequired":true,"valueName":"search_term_string"}}],"inLanguage":"sv-SE"},{"@type":"Organization","@id":"https:\/\/www.smedemokrati.sk\/#organization","name":"Smedemokrati.sk","url":"https:\/\/www.smedemokrati.sk\/","logo":{"@type":"ImageObject","inLanguage":"sv-SE","@id":"https:\/\/www.smedemokrati.sk\/#\/schema\/logo\/image\/","url":"https:\/\/www.smedemokrati.sk\/wp-content\/uploads\/2023\/04\/ff.002.jpeg","contentUrl":"https:\/\/www.smedemokrati.sk\/wp-content\/uploads\/2023\/04\/ff.002.jpeg","width":640,"height":480,"caption":"Smedemokrati.sk"},"image":{"@id":"https:\/\/www.smedemokrati.sk\/#\/schema\/logo\/image\/"},"sameAs":["https:\/\/www.facebook.com\/smedemokrati2023"]},{"@type":"Person","@id":"https:\/\/www.smedemokrati.sk\/#\/schema\/person\/21f147c88d605aa7ded900e1e7c344ba","name":"miro.sopko","image":{"@type":"ImageObject","inLanguage":"sv-SE","@id":"https:\/\/secure.gravatar.com\/avatar\/267e4a36f704376c109afe3a78740c1f5dd8675a2180a908699e7863c9247606?s=96&d=mm&r=g","url":"https:\/\/secure.gravatar.com\/avatar\/267e4a36f704376c109afe3a78740c1f5dd8675a2180a908699e7863c9247606?s=96&d=mm&r=g","contentUrl":"https:\/\/secure.gravatar.com\/avatar\/267e4a36f704376c109afe3a78740c1f5dd8675a2180a908699e7863c9247606?s=96&d=mm&r=g","caption":"miro.sopko"},"url":"https:\/\/www.smedemokrati.sk\/sv\/author\/miro-sopko\/"}]}},"_links":{"self":[{"href":"https:\/\/www.smedemokrati.sk\/sv\/wp-json\/wp\/v2\/posts\/6152","targetHints":{"allow":["GET"]}}],"collection":[{"href":"https:\/\/www.smedemokrati.sk\/sv\/wp-json\/wp\/v2\/posts"}],"about":[{"href":"https:\/\/www.smedemokrati.sk\/sv\/wp-json\/wp\/v2\/types\/post"}],"author":[{"embeddable":true,"href":"https:\/\/www.smedemokrati.sk\/sv\/wp-json\/wp\/v2\/users\/13"}],"replies":[{"embeddable":true,"href":"https:\/\/www.smedemokrati.sk\/sv\/wp-json\/wp\/v2\/comments?post=6152"}],"version-history":[{"count":1,"href":"https:\/\/www.smedemokrati.sk\/sv\/wp-json\/wp\/v2\/posts\/6152\/revisions"}],"predecessor-version":[{"id":6153,"href":"https:\/\/www.smedemokrati.sk\/sv\/wp-json\/wp\/v2\/posts\/6152\/revisions\/6153"}],"wp:featuredmedia":[{"embeddable":true,"href":"https:\/\/www.smedemokrati.sk\/sv\/wp-json\/wp\/v2\/media\/5264"}],"wp:attachment":[{"href":"https:\/\/www.smedemokrati.sk\/sv\/wp-json\/wp\/v2\/media?parent=6152"}],"wp:term":[{"taxonomy":"category","embeddable":true,"href":"https:\/\/www.smedemokrati.sk\/sv\/wp-json\/wp\/v2\/categories?post=6152"},{"taxonomy":"post_tag","embeddable":true,"href":"https:\/\/www.smedemokrati.sk\/sv\/wp-json\/wp\/v2\/tags?post=6152"}],"curies":[{"name":"wp","href":"https:\/\/api.w.org\/{rel}","templated":true}]}}