{"id":6130,"date":"2025-01-15T14:05:49","date_gmt":"2025-01-15T13:05:49","guid":{"rendered":"https:\/\/www.smedemokrati.sk\/?p=6130"},"modified":"2025-01-15T14:05:50","modified_gmt":"2025-01-15T13:05:50","slug":"revizia-planu-obnovy-je-zlyhanim-tomasa-tarabu-a-prehrou-pre-zivotne-prostredie-2","status":"publish","type":"post","link":"https:\/\/www.smedemokrati.sk\/sv\/revizia-planu-obnovy-je-zlyhanim-tomasa-tarabu-a-prehrou-pre-zivotne-prostredie-2\/","title":{"rendered":"Rev\u00edzia pl\u00e1nu obnovy je zlyhan\u00edm Tom\u00e1\u0161a Tarabu a prehrou pre \u017eivotn\u00e9 prostredie"},"content":{"rendered":"<div id=\"fb-root\"><\/div>\n\n<p><strong>Rok me\u0161kaj\u00face schv\u00e1lenie rev\u00edzie pl\u00e1nu obnovy je \u010fal\u0161\u00edm zlyhan\u00edm vl\u00e1dy, osobitne ministra \u017eivotn\u00e9ho prostredia Tom\u00e1\u0161a Tarabu. Je neakceptovate\u013en\u00e9, \u017ee hoci o potrebe zmeny vie vl\u00e1da u\u017e skoro rok, prich\u00e1dza a\u017e teraz. Ome\u0161kanie bude ma\u0165 priamy vplyv na v\u010dasn\u00fa realiz\u00e1ciu n\u00e1hradn\u00fdch invest\u00edci\u00ed. Udialo sa tak naviac bez \u00fa\u010dasti verejnosti a soci\u00e1lnych partnerov, ke\u010f\u017ee zmena pl\u00e1nu obnovy nepre\u0161la, na rozdiel od minulosti, medzirezortn\u00fdm pripomienkov\u00fdm konan\u00edm. Sporn\u00e9 s\u00fa aj nov\u00e9 schv\u00e1len\u00e9 invest\u00edcie. Pre nedodr\u017eanie pravidiel rev\u00edzie pl\u00e1nu obnovy sa obr\u00e1time na Eur\u00f3psku komisiu.&nbsp;<\/strong><\/p>\n\n\n\n<p><em>\u201ePozit\u00edvne hodnot\u00edme zachovanie invest\u00edcie do renov\u00e1cie budov v dom\u00e1cnostiach a jej nav\u00fd\u0161enie pre \u010fal\u0161\u00edch 1100 dom\u00e1cnost\u00ed. Udialo sa tak v\u0161ak a\u017e po na\u0161ej verejnej kritike p\u00f4vodn\u00e9ho z\u00e1meru zru\u0161enia tohto opatrenia, kedy minister Taraba tvrdil, \u017ee sa o z\u00e1mere dozvedel a\u017e z na\u0161ich v\u00fdstupov,&#8221;<\/em>\u00a0otv\u00e1ra t\u00e9mu enviroexpert a \u010dlen predsedn\u00edctva Demokratov Michal Ki\u010da.<\/p>\n\n\n\n<p>Pod\u013ea inform\u00e1ci\u00ed Demokratov, sa m\u00e1 pod invest\u00edciou na podporu odolnosti lesov, ktor\u00e1 m\u00e1 nahradi\u0165 v\u00fdkup pozemkov v n\u00e1rodn\u00fdch parkoch, skr\u00fdva\u0165 \u201cv\u00fdsadba lesov\u201d. Opatrenie v sume 50 mil. eur sa v\u0161ak m\u00e1 t\u00fdka\u0165 v\u00fdlu\u010dne \u0161t\u00e1tnych lesov a hospod\u00e1rskych \u00fazem\u00ed a v z\u00e1sade m\u00e1 \u00eds\u0165 o be\u017en\u00e9 zales\u0148ovanie po \u0165a\u017ebe.<em>\u00a0\u201eToto opatrenie v\u0161ak nesp\u013a\u0148a pr\u00ednos pre rozvoj biodiverzity. Pod\u013ea pravidiel pl\u00e1nu obnovy sa m\u00e1 (a to aj pri rev\u00edzii), minim\u00e1lne 37 % prostriedkov vy\u010dleni\u0165 na klimatick\u00e9 opatrenia a biodiverzitu (v \u013eubovo\u013enom pomere),&#8221;<\/em>\u00a0upozor\u0148uje Michal Ki\u010da.<\/p>\n\n\n\n<p>Na mieste s\u00fa preto objekt\u00edvne obavy, \u017ee v podan\u00ed ministra Tak\u00e1\u010da p\u00f4jde len o be\u017en\u00fa aktivitu bez pr\u00ednosu k podpore biodiverzity, ktor\u00fa musia naviac vykon\u00e1va\u0165 obhospodarovatelia lesov u\u017e teraz. V obrovsk\u00fdch v\u00fdmer\u00e1ch, najm\u00e4 na Horehron\u00ed, sa hospod\u00e1rske lesy pod z\u00e1mienkou spracovania kalamity vyr\u00fabu a n\u00e1sledne id\u00fa zodpovedn\u00ed ako\u017ee zachra\u0148ova\u0165 pr\u00edrodu v\u00fdsadbou lesov. Ide\u00e1lne za eur\u00f3pske peniaze.<em>&nbsp;&#8221;Opatrenie ako tak\u00e9 smeruje len k zachovaniu ekonomickej a ekologickej stability hospod\u00e1rskych lesov, \u010do je na rozvoj ekosyst\u00e9mov a nap\u013a\u0148anie eur\u00f3pskej biodiverzitnej strat\u00e9gie celkom nedostato\u010dn\u00e9. Vl\u00e1da tak bude ma\u0165 probl\u00e9m preuk\u00e1za\u0165 s\u00falad tohto opatrenia s cie\u013emi pl\u00e1nu obnovy a presved\u010di\u0165 Eur\u00f3psku komisiu na ods\u00fahlasenie rev\u00edzie, preto\u017ee kontext s\u00fa\u010dasnej situ\u00e1cie s \u0165a\u017ebou na Slovensku je tie\u017e relevantn\u00fd a komisia je o z\u00e1mere informovan\u00e1,&#8221;<\/em>&nbsp;hovor\u00ed Michal Ki\u010da.<\/p>\n\n\n\n<p>\u201e<em>Rovnako nie je zn\u00e1me, ako k tomu pr\u00eddu ne\u0161t\u00e1tni vlastn\u00edci a urb\u00e1re, ke\u010f\u017ee zatia\u013e nevieme o tom, \u017ee by sa pripravovala sch\u00e9ma \u0161t\u00e1tnej pomoci aj pre nich, aby sa mohli zapoji\u0165. Opatrenie ako celok tak m\u00f4\u017ee by\u0165 diskrimina\u010dn\u00e9 a narazi\u0165 na eur\u00f3pske pravidl\u00e1 \u0161t\u00e1tnej pomoci. V podan\u00ed Tarabu a Tak\u00e1\u010da sa tak pravdepodobne schy\u013euje k \u010fal\u0161iemu megatendru na be\u017en\u00fa pestovn\u00fa \u010dinnos\u0165 pre LESY SR, \u0161. p. za 50 mil. eur. A vieme, ako sa tak\u00e9to bombastick\u00e9 tendre v \u0161t\u00e1tnych lesoch v ostatnom obdob\u00ed chystaj\u00fa. Hroz\u00ed, \u017ee sa pripravia iba pre \u00fazky okruh uch\u00e1dza\u010dov<\/em>&#8221;, zd\u00f4raz\u0148uje Ki\u010da.<\/p>\n\n\n\n<p>Pre Tarabu sa \u0161krt\u00e1 aj skoro 300 mil. eur z dekarboniz\u00e1cie priemyslu. Za rok nebol schopn\u00fd predstavi\u0165 n\u00e1hradn\u00e9 opatrenia pre priemysel. Pritom projekty, ktor\u00e9 s\u00fa u\u017e dlho k dispoz\u00edcii, existuj\u00fa. Jednou z mo\u017enosti na presun pe\u0148az\u00ed do realizovate\u013en\u00fdch opatren\u00ed s\u00fa aj dodato\u010dn\u00e9 invest\u00edcie do elektrick\u00fdch siet\u00ed zameran\u00e9 hlavne na budovanie inteligentnej siete a lep\u0161iu integr\u00e1ciu obnovite\u013en\u00fdch zdrojov energi\u00ed. Tieto invest\u00edcie pre\u0161li pr\u00edpravn\u00fdmi f\u00e1zami ako je napr. posudzovan\u00edm \u0161t\u00e1tnej pomoci a cez priame vyzvanie je jednoduch\u00e9 ich roz\u0161\u00edri\u0165.&nbsp;<\/p>\n\n\n\n<p>Rev\u00edzia pl\u00e1nu obnovy potvrdzuje neuverite\u013en\u00e9 mana\u017e\u00e9rske zlyhanie najm\u00e4 Tom\u00e1\u0161a Tarabu. K\u00fdm na za\u010diatku bol rezort \u017eivotn\u00e9ho prostredia naj\u00faspe\u0161nej\u0161\u00ed v presadzovan\u00ed prior\u00edt, pod Tarabov\u00fdm veden\u00edm sa stal skoro najslab\u0161\u00edm hr\u00e1\u010dom.\u00a0<em>\u201eSkoro 400 mil. eur na ozelenenie priemyslu, podporu pr\u00edrody a zlep\u0161enie \u017eivota \u013eud\u00ed v regi\u00f3noch je nen\u00e1vratne pre\u010d. Kv\u00f4li jeho arogancii a neschopnosti,&#8221;<\/em>\u00a0uzatv\u00e1ra Michal Ki\u010da.<\/p>\n","protected":false},"excerpt":{"rendered":"<p>Rok me\u0161kaj\u00face schv\u00e1lenie rev\u00edzie pl\u00e1nu obnovy je \u010fal\u0161\u00edm zlyhan\u00edm vl\u00e1dy, osobitne ministra \u017eivotn\u00e9ho prostredia Tom\u00e1\u0161a Tarabu. Je neakceptovate\u013en\u00e9, \u017ee hoci o potrebe zmeny vie vl\u00e1da u\u017e skoro rok, prich\u00e1dza a\u017e teraz. Ome\u0161kanie bude ma\u0165 priamy vplyv na v\u010dasn\u00fa realiz\u00e1ciu n\u00e1hradn\u00fdch invest\u00edci\u00ed. Udialo sa tak naviac bez \u00fa\u010dasti verejnosti a soci\u00e1lnych partnerov, ke\u010f\u017ee zmena pl\u00e1nu obnovy [&hellip;]<\/p>\n","protected":false},"author":13,"featured_media":2931,"comment_status":"closed","ping_status":"closed","sticky":false,"template":"","format":"standard","meta":{"_acf_changed":false,"ngg_post_thumbnail":0,"footnotes":""},"categories":[4],"tags":[],"class_list":["post-6130","post","type-post","status-publish","format-standard","has-post-thumbnail","hentry","category-tlacove-spravy"],"acf":[],"yoast_head":"<!-- This site is optimized with the Yoast SEO plugin v27.2 - https:\/\/yoast.com\/product\/yoast-seo-wordpress\/ -->\n<title>Rev\u00edzia pl\u00e1nu obnovy je zlyhan\u00edm Tom\u00e1\u0161a Tarabu a prehrou pre \u017eivotn\u00e9 prostredie<\/title>\n<meta name=\"robots\" content=\"index, follow, max-snippet:-1, max-image-preview:large, max-video-preview:-1\" \/>\n<link rel=\"canonical\" href=\"https:\/\/www.smedemokrati.sk\/sv\/revizia-planu-obnovy-je-zlyhanim-tomasa-tarabu-a-prehrou-pre-zivotne-prostredie-2\/\" \/>\n<meta property=\"og:locale\" content=\"sv_SE\" \/>\n<meta property=\"og:locale:alternate\" content=\"en_US\" \/>\n<meta property=\"og:locale:alternate\" content=\"cs_CZ\" \/>\n<meta property=\"og:locale:alternate\" content=\"hu_HU\" \/>\n<meta property=\"og:locale:alternate\" content=\"sk_SK\" \/>\n<meta property=\"og:type\" content=\"article\" \/>\n<meta property=\"og:title\" content=\"Rev\u00edzia pl\u00e1nu obnovy je zlyhan\u00edm Tom\u00e1\u0161a Tarabu a prehrou pre \u017eivotn\u00e9 prostredie\" \/>\n<meta property=\"og:description\" content=\"Rok me\u0161kaj\u00face schv\u00e1lenie rev\u00edzie pl\u00e1nu obnovy je \u010fal\u0161\u00edm zlyhan\u00edm vl\u00e1dy, osobitne ministra \u017eivotn\u00e9ho prostredia Tom\u00e1\u0161a Tarabu. Je neakceptovate\u013en\u00e9, \u017ee hoci o potrebe zmeny vie vl\u00e1da u\u017e skoro rok, prich\u00e1dza a\u017e teraz. Ome\u0161kanie bude ma\u0165 priamy vplyv na v\u010dasn\u00fa realiz\u00e1ciu n\u00e1hradn\u00fdch invest\u00edci\u00ed. Udialo sa tak naviac bez \u00fa\u010dasti verejnosti a soci\u00e1lnych partnerov, ke\u010f\u017ee zmena pl\u00e1nu obnovy [&hellip;]\" \/>\n<meta property=\"og:url\" content=\"https:\/\/www.smedemokrati.sk\/sv\/revizia-planu-obnovy-je-zlyhanim-tomasa-tarabu-a-prehrou-pre-zivotne-prostredie-2\/\" \/>\n<meta property=\"og:site_name\" content=\"Smedemokrati.sk\" \/>\n<meta property=\"article:publisher\" content=\"https:\/\/www.facebook.com\/smedemokrati2023\" \/>\n<meta property=\"article:published_time\" content=\"2025-01-15T13:05:49+00:00\" \/>\n<meta property=\"article:modified_time\" content=\"2025-01-15T13:05:50+00:00\" \/>\n<meta property=\"og:image\" content=\"https:\/\/www.smedemokrati.sk\/wp-content\/uploads\/2024\/03\/robert-fico-tomas-taraba-clanokW-1.jpg\" \/>\n\t<meta property=\"og:image:width\" content=\"800\" \/>\n\t<meta property=\"og:image:height\" content=\"448\" \/>\n\t<meta property=\"og:image:type\" content=\"image\/jpeg\" \/>\n<meta name=\"author\" content=\"miro.sopko\" \/>\n<meta name=\"twitter:card\" content=\"summary_large_image\" \/>\n<meta name=\"twitter:label1\" content=\"Skriven av\" \/>\n\t<meta name=\"twitter:data1\" content=\"miro.sopko\" \/>\n\t<meta name=\"twitter:label2\" content=\"Ber\u00e4knad l\u00e4stid\" \/>\n\t<meta name=\"twitter:data2\" content=\"4 minuter\" \/>\n<script type=\"application\/ld+json\" class=\"yoast-schema-graph\">{\"@context\":\"https:\/\/schema.org\",\"@graph\":[{\"@type\":\"Article\",\"@id\":\"https:\/\/www.smedemokrati.sk\/revizia-planu-obnovy-je-zlyhanim-tomasa-tarabu-a-prehrou-pre-zivotne-prostredie-2\/#article\",\"isPartOf\":{\"@id\":\"https:\/\/www.smedemokrati.sk\/revizia-planu-obnovy-je-zlyhanim-tomasa-tarabu-a-prehrou-pre-zivotne-prostredie-2\/\"},\"author\":{\"name\":\"miro.sopko\",\"@id\":\"https:\/\/www.smedemokrati.sk\/#\/schema\/person\/21f147c88d605aa7ded900e1e7c344ba\"},\"headline\":\"Rev\u00edzia pl\u00e1nu obnovy je zlyhan\u00edm Tom\u00e1\u0161a Tarabu a prehrou pre \u017eivotn\u00e9 prostredie\",\"datePublished\":\"2025-01-15T13:05:49+00:00\",\"dateModified\":\"2025-01-15T13:05:50+00:00\",\"mainEntityOfPage\":{\"@id\":\"https:\/\/www.smedemokrati.sk\/revizia-planu-obnovy-je-zlyhanim-tomasa-tarabu-a-prehrou-pre-zivotne-prostredie-2\/\"},\"wordCount\":769,\"publisher\":{\"@id\":\"https:\/\/www.smedemokrati.sk\/#organization\"},\"image\":{\"@id\":\"https:\/\/www.smedemokrati.sk\/revizia-planu-obnovy-je-zlyhanim-tomasa-tarabu-a-prehrou-pre-zivotne-prostredie-2\/#primaryimage\"},\"thumbnailUrl\":\"https:\/\/www.smedemokrati.sk\/wp-content\/uploads\/2024\/03\/robert-fico-tomas-taraba-clanokW-1.jpg\",\"articleSection\":[\"Tla\u010dov\u00e9 spr\u00e1vy\"],\"inLanguage\":\"sv-SE\"},{\"@type\":\"WebPage\",\"@id\":\"https:\/\/www.smedemokrati.sk\/revizia-planu-obnovy-je-zlyhanim-tomasa-tarabu-a-prehrou-pre-zivotne-prostredie-2\/\",\"url\":\"https:\/\/www.smedemokrati.sk\/revizia-planu-obnovy-je-zlyhanim-tomasa-tarabu-a-prehrou-pre-zivotne-prostredie-2\/\",\"name\":\"Rev\u00edzia pl\u00e1nu obnovy je zlyhan\u00edm Tom\u00e1\u0161a Tarabu a prehrou pre \u017eivotn\u00e9 prostredie\",\"isPartOf\":{\"@id\":\"https:\/\/www.smedemokrati.sk\/#website\"},\"primaryImageOfPage\":{\"@id\":\"https:\/\/www.smedemokrati.sk\/revizia-planu-obnovy-je-zlyhanim-tomasa-tarabu-a-prehrou-pre-zivotne-prostredie-2\/#primaryimage\"},\"image\":{\"@id\":\"https:\/\/www.smedemokrati.sk\/revizia-planu-obnovy-je-zlyhanim-tomasa-tarabu-a-prehrou-pre-zivotne-prostredie-2\/#primaryimage\"},\"thumbnailUrl\":\"https:\/\/www.smedemokrati.sk\/wp-content\/uploads\/2024\/03\/robert-fico-tomas-taraba-clanokW-1.jpg\",\"datePublished\":\"2025-01-15T13:05:49+00:00\",\"dateModified\":\"2025-01-15T13:05:50+00:00\",\"breadcrumb\":{\"@id\":\"https:\/\/www.smedemokrati.sk\/revizia-planu-obnovy-je-zlyhanim-tomasa-tarabu-a-prehrou-pre-zivotne-prostredie-2\/#breadcrumb\"},\"inLanguage\":\"sv-SE\",\"potentialAction\":[{\"@type\":\"ReadAction\",\"target\":[\"https:\/\/www.smedemokrati.sk\/revizia-planu-obnovy-je-zlyhanim-tomasa-tarabu-a-prehrou-pre-zivotne-prostredie-2\/\"]}]},{\"@type\":\"ImageObject\",\"inLanguage\":\"sv-SE\",\"@id\":\"https:\/\/www.smedemokrati.sk\/revizia-planu-obnovy-je-zlyhanim-tomasa-tarabu-a-prehrou-pre-zivotne-prostredie-2\/#primaryimage\",\"url\":\"https:\/\/www.smedemokrati.sk\/wp-content\/uploads\/2024\/03\/robert-fico-tomas-taraba-clanokW-1.jpg\",\"contentUrl\":\"https:\/\/www.smedemokrati.sk\/wp-content\/uploads\/2024\/03\/robert-fico-tomas-taraba-clanokW-1.jpg\",\"width\":800,\"height\":448},{\"@type\":\"BreadcrumbList\",\"@id\":\"https:\/\/www.smedemokrati.sk\/revizia-planu-obnovy-je-zlyhanim-tomasa-tarabu-a-prehrou-pre-zivotne-prostredie-2\/#breadcrumb\",\"itemListElement\":[{\"@type\":\"ListItem\",\"position\":1,\"name\":\"Domovsk\u00e1 str\u00e1nka\",\"item\":\"https:\/\/www.smedemokrati.sk\/\"},{\"@type\":\"ListItem\",\"position\":2,\"name\":\"Rev\u00edzia pl\u00e1nu obnovy je zlyhan\u00edm Tom\u00e1\u0161a Tarabu a prehrou pre \u017eivotn\u00e9 prostredie\"}]},{\"@type\":\"WebSite\",\"@id\":\"https:\/\/www.smedemokrati.sk\/#website\",\"url\":\"https:\/\/www.smedemokrati.sk\/\",\"name\":\"Smedemokrati.sk\",\"description\":\"Demokracia a slu\u0161nos\u0165 zv\u00ed\u0165az\u00ed\",\"publisher\":{\"@id\":\"https:\/\/www.smedemokrati.sk\/#organization\"},\"potentialAction\":[{\"@type\":\"SearchAction\",\"target\":{\"@type\":\"EntryPoint\",\"urlTemplate\":\"https:\/\/www.smedemokrati.sk\/?s={search_term_string}\"},\"query-input\":{\"@type\":\"PropertyValueSpecification\",\"valueRequired\":true,\"valueName\":\"search_term_string\"}}],\"inLanguage\":\"sv-SE\"},{\"@type\":\"Organization\",\"@id\":\"https:\/\/www.smedemokrati.sk\/#organization\",\"name\":\"Smedemokrati.sk\",\"url\":\"https:\/\/www.smedemokrati.sk\/\",\"logo\":{\"@type\":\"ImageObject\",\"inLanguage\":\"sv-SE\",\"@id\":\"https:\/\/www.smedemokrati.sk\/#\/schema\/logo\/image\/\",\"url\":\"https:\/\/www.smedemokrati.sk\/wp-content\/uploads\/2023\/04\/ff.002.jpeg\",\"contentUrl\":\"https:\/\/www.smedemokrati.sk\/wp-content\/uploads\/2023\/04\/ff.002.jpeg\",\"width\":640,\"height\":480,\"caption\":\"Smedemokrati.sk\"},\"image\":{\"@id\":\"https:\/\/www.smedemokrati.sk\/#\/schema\/logo\/image\/\"},\"sameAs\":[\"https:\/\/www.facebook.com\/smedemokrati2023\"]},{\"@type\":\"Person\",\"@id\":\"https:\/\/www.smedemokrati.sk\/#\/schema\/person\/21f147c88d605aa7ded900e1e7c344ba\",\"name\":\"miro.sopko\",\"image\":{\"@type\":\"ImageObject\",\"inLanguage\":\"sv-SE\",\"@id\":\"https:\/\/secure.gravatar.com\/avatar\/267e4a36f704376c109afe3a78740c1f5dd8675a2180a908699e7863c9247606?s=96&d=mm&r=g\",\"url\":\"https:\/\/secure.gravatar.com\/avatar\/267e4a36f704376c109afe3a78740c1f5dd8675a2180a908699e7863c9247606?s=96&d=mm&r=g\",\"contentUrl\":\"https:\/\/secure.gravatar.com\/avatar\/267e4a36f704376c109afe3a78740c1f5dd8675a2180a908699e7863c9247606?s=96&d=mm&r=g\",\"caption\":\"miro.sopko\"},\"url\":\"https:\/\/www.smedemokrati.sk\/sv\/author\/miro-sopko\/\"}]}<\/script>\n<!-- \/ Yoast SEO plugin. -->","yoast_head_json":{"title":"Rev\u00edzia pl\u00e1nu obnovy je zlyhan\u00edm Tom\u00e1\u0161a Tarabu a prehrou pre \u017eivotn\u00e9 prostredie","robots":{"index":"index","follow":"follow","max-snippet":"max-snippet:-1","max-image-preview":"max-image-preview:large","max-video-preview":"max-video-preview:-1"},"canonical":"https:\/\/www.smedemokrati.sk\/sv\/revizia-planu-obnovy-je-zlyhanim-tomasa-tarabu-a-prehrou-pre-zivotne-prostredie-2\/","og_locale":"sv_SE","og_type":"article","og_title":"[:sk]Rev\u00edzia pl\u00e1nu obnovy je zlyhan\u00edm Tom\u00e1\u0161a Tarabu a prehrou pre \u017eivotn\u00e9 prostredie[:] - Smedemokrati.sk","og_description":"Rok me\u0161kaj\u00face schv\u00e1lenie rev\u00edzie pl\u00e1nu obnovy je \u010fal\u0161\u00edm zlyhan\u00edm vl\u00e1dy, osobitne ministra \u017eivotn\u00e9ho prostredia Tom\u00e1\u0161a Tarabu. Je neakceptovate\u013en\u00e9, \u017ee hoci o potrebe zmeny vie vl\u00e1da u\u017e skoro rok, prich\u00e1dza a\u017e teraz. Ome\u0161kanie bude ma\u0165 priamy vplyv na v\u010dasn\u00fa realiz\u00e1ciu n\u00e1hradn\u00fdch invest\u00edci\u00ed. Udialo sa tak naviac bez \u00fa\u010dasti verejnosti a soci\u00e1lnych partnerov, ke\u010f\u017ee zmena pl\u00e1nu obnovy [&hellip;]","og_url":"https:\/\/www.smedemokrati.sk\/sv\/revizia-planu-obnovy-je-zlyhanim-tomasa-tarabu-a-prehrou-pre-zivotne-prostredie-2\/","og_site_name":"Smedemokrati.sk","article_publisher":"https:\/\/www.facebook.com\/smedemokrati2023","article_published_time":"2025-01-15T13:05:49+00:00","article_modified_time":"2025-01-15T13:05:50+00:00","og_image":[{"width":800,"height":448,"url":"https:\/\/www.smedemokrati.sk\/wp-content\/uploads\/2024\/03\/robert-fico-tomas-taraba-clanokW-1.jpg","type":"image\/jpeg"}],"author":"miro.sopko","twitter_card":"summary_large_image","twitter_misc":{"Skriven av":"miro.sopko","Ber\u00e4knad l\u00e4stid":"4 minuter"},"schema":{"@context":"https:\/\/schema.org","@graph":[{"@type":"Article","@id":"https:\/\/www.smedemokrati.sk\/revizia-planu-obnovy-je-zlyhanim-tomasa-tarabu-a-prehrou-pre-zivotne-prostredie-2\/#article","isPartOf":{"@id":"https:\/\/www.smedemokrati.sk\/revizia-planu-obnovy-je-zlyhanim-tomasa-tarabu-a-prehrou-pre-zivotne-prostredie-2\/"},"author":{"name":"miro.sopko","@id":"https:\/\/www.smedemokrati.sk\/#\/schema\/person\/21f147c88d605aa7ded900e1e7c344ba"},"headline":"Rev\u00edzia pl\u00e1nu obnovy je zlyhan\u00edm Tom\u00e1\u0161a Tarabu a prehrou pre \u017eivotn\u00e9 prostredie","datePublished":"2025-01-15T13:05:49+00:00","dateModified":"2025-01-15T13:05:50+00:00","mainEntityOfPage":{"@id":"https:\/\/www.smedemokrati.sk\/revizia-planu-obnovy-je-zlyhanim-tomasa-tarabu-a-prehrou-pre-zivotne-prostredie-2\/"},"wordCount":769,"publisher":{"@id":"https:\/\/www.smedemokrati.sk\/#organization"},"image":{"@id":"https:\/\/www.smedemokrati.sk\/revizia-planu-obnovy-je-zlyhanim-tomasa-tarabu-a-prehrou-pre-zivotne-prostredie-2\/#primaryimage"},"thumbnailUrl":"https:\/\/www.smedemokrati.sk\/wp-content\/uploads\/2024\/03\/robert-fico-tomas-taraba-clanokW-1.jpg","articleSection":["Tla\u010dov\u00e9 spr\u00e1vy"],"inLanguage":"sv-SE"},{"@type":"WebPage","@id":"https:\/\/www.smedemokrati.sk\/revizia-planu-obnovy-je-zlyhanim-tomasa-tarabu-a-prehrou-pre-zivotne-prostredie-2\/","url":"https:\/\/www.smedemokrati.sk\/revizia-planu-obnovy-je-zlyhanim-tomasa-tarabu-a-prehrou-pre-zivotne-prostredie-2\/","name":"Rev\u00edzia pl\u00e1nu obnovy je zlyhan\u00edm Tom\u00e1\u0161a Tarabu a prehrou pre \u017eivotn\u00e9 prostredie","isPartOf":{"@id":"https:\/\/www.smedemokrati.sk\/#website"},"primaryImageOfPage":{"@id":"https:\/\/www.smedemokrati.sk\/revizia-planu-obnovy-je-zlyhanim-tomasa-tarabu-a-prehrou-pre-zivotne-prostredie-2\/#primaryimage"},"image":{"@id":"https:\/\/www.smedemokrati.sk\/revizia-planu-obnovy-je-zlyhanim-tomasa-tarabu-a-prehrou-pre-zivotne-prostredie-2\/#primaryimage"},"thumbnailUrl":"https:\/\/www.smedemokrati.sk\/wp-content\/uploads\/2024\/03\/robert-fico-tomas-taraba-clanokW-1.jpg","datePublished":"2025-01-15T13:05:49+00:00","dateModified":"2025-01-15T13:05:50+00:00","breadcrumb":{"@id":"https:\/\/www.smedemokrati.sk\/revizia-planu-obnovy-je-zlyhanim-tomasa-tarabu-a-prehrou-pre-zivotne-prostredie-2\/#breadcrumb"},"inLanguage":"sv-SE","potentialAction":[{"@type":"ReadAction","target":["https:\/\/www.smedemokrati.sk\/revizia-planu-obnovy-je-zlyhanim-tomasa-tarabu-a-prehrou-pre-zivotne-prostredie-2\/"]}]},{"@type":"ImageObject","inLanguage":"sv-SE","@id":"https:\/\/www.smedemokrati.sk\/revizia-planu-obnovy-je-zlyhanim-tomasa-tarabu-a-prehrou-pre-zivotne-prostredie-2\/#primaryimage","url":"https:\/\/www.smedemokrati.sk\/wp-content\/uploads\/2024\/03\/robert-fico-tomas-taraba-clanokW-1.jpg","contentUrl":"https:\/\/www.smedemokrati.sk\/wp-content\/uploads\/2024\/03\/robert-fico-tomas-taraba-clanokW-1.jpg","width":800,"height":448},{"@type":"BreadcrumbList","@id":"https:\/\/www.smedemokrati.sk\/revizia-planu-obnovy-je-zlyhanim-tomasa-tarabu-a-prehrou-pre-zivotne-prostredie-2\/#breadcrumb","itemListElement":[{"@type":"ListItem","position":1,"name":"Domovsk\u00e1 str\u00e1nka","item":"https:\/\/www.smedemokrati.sk\/"},{"@type":"ListItem","position":2,"name":"Rev\u00edzia pl\u00e1nu obnovy je zlyhan\u00edm Tom\u00e1\u0161a Tarabu a prehrou pre \u017eivotn\u00e9 prostredie"}]},{"@type":"WebSite","@id":"https:\/\/www.smedemokrati.sk\/#website","url":"https:\/\/www.smedemokrati.sk\/","name":"Smedemokrati.sk","description":"Demokracia a slu\u0161nos\u0165 zv\u00ed\u0165az\u00ed","publisher":{"@id":"https:\/\/www.smedemokrati.sk\/#organization"},"potentialAction":[{"@type":"SearchAction","target":{"@type":"EntryPoint","urlTemplate":"https:\/\/www.smedemokrati.sk\/?s={search_term_string}"},"query-input":{"@type":"PropertyValueSpecification","valueRequired":true,"valueName":"search_term_string"}}],"inLanguage":"sv-SE"},{"@type":"Organization","@id":"https:\/\/www.smedemokrati.sk\/#organization","name":"Smedemokrati.sk","url":"https:\/\/www.smedemokrati.sk\/","logo":{"@type":"ImageObject","inLanguage":"sv-SE","@id":"https:\/\/www.smedemokrati.sk\/#\/schema\/logo\/image\/","url":"https:\/\/www.smedemokrati.sk\/wp-content\/uploads\/2023\/04\/ff.002.jpeg","contentUrl":"https:\/\/www.smedemokrati.sk\/wp-content\/uploads\/2023\/04\/ff.002.jpeg","width":640,"height":480,"caption":"Smedemokrati.sk"},"image":{"@id":"https:\/\/www.smedemokrati.sk\/#\/schema\/logo\/image\/"},"sameAs":["https:\/\/www.facebook.com\/smedemokrati2023"]},{"@type":"Person","@id":"https:\/\/www.smedemokrati.sk\/#\/schema\/person\/21f147c88d605aa7ded900e1e7c344ba","name":"miro.sopko","image":{"@type":"ImageObject","inLanguage":"sv-SE","@id":"https:\/\/secure.gravatar.com\/avatar\/267e4a36f704376c109afe3a78740c1f5dd8675a2180a908699e7863c9247606?s=96&d=mm&r=g","url":"https:\/\/secure.gravatar.com\/avatar\/267e4a36f704376c109afe3a78740c1f5dd8675a2180a908699e7863c9247606?s=96&d=mm&r=g","contentUrl":"https:\/\/secure.gravatar.com\/avatar\/267e4a36f704376c109afe3a78740c1f5dd8675a2180a908699e7863c9247606?s=96&d=mm&r=g","caption":"miro.sopko"},"url":"https:\/\/www.smedemokrati.sk\/sv\/author\/miro-sopko\/"}]}},"_links":{"self":[{"href":"https:\/\/www.smedemokrati.sk\/sv\/wp-json\/wp\/v2\/posts\/6130","targetHints":{"allow":["GET"]}}],"collection":[{"href":"https:\/\/www.smedemokrati.sk\/sv\/wp-json\/wp\/v2\/posts"}],"about":[{"href":"https:\/\/www.smedemokrati.sk\/sv\/wp-json\/wp\/v2\/types\/post"}],"author":[{"embeddable":true,"href":"https:\/\/www.smedemokrati.sk\/sv\/wp-json\/wp\/v2\/users\/13"}],"replies":[{"embeddable":true,"href":"https:\/\/www.smedemokrati.sk\/sv\/wp-json\/wp\/v2\/comments?post=6130"}],"version-history":[{"count":1,"href":"https:\/\/www.smedemokrati.sk\/sv\/wp-json\/wp\/v2\/posts\/6130\/revisions"}],"predecessor-version":[{"id":6131,"href":"https:\/\/www.smedemokrati.sk\/sv\/wp-json\/wp\/v2\/posts\/6130\/revisions\/6131"}],"wp:featuredmedia":[{"embeddable":true,"href":"https:\/\/www.smedemokrati.sk\/sv\/wp-json\/wp\/v2\/media\/2931"}],"wp:attachment":[{"href":"https:\/\/www.smedemokrati.sk\/sv\/wp-json\/wp\/v2\/media?parent=6130"}],"wp:term":[{"taxonomy":"category","embeddable":true,"href":"https:\/\/www.smedemokrati.sk\/sv\/wp-json\/wp\/v2\/categories?post=6130"},{"taxonomy":"post_tag","embeddable":true,"href":"https:\/\/www.smedemokrati.sk\/sv\/wp-json\/wp\/v2\/tags?post=6130"}],"curies":[{"name":"wp","href":"https:\/\/api.w.org\/{rel}","templated":true}]}}