{"id":6085,"date":"2025-01-09T16:25:48","date_gmt":"2025-01-09T15:25:48","guid":{"rendered":"https:\/\/www.smedemokrati.sk\/?p=6085"},"modified":"2025-01-13T12:25:38","modified_gmt":"2025-01-13T11:25:38","slug":"ak-by-boli-na-dnesnej-tlacovej-konferencii-fico-a-sakova-napojeni-na-detektor-lzi-explodoval-by","status":"publish","type":"post","link":"https:\/\/www.smedemokrati.sk\/sv\/ak-by-boli-na-dnesnej-tlacovej-konferencii-fico-a-sakova-napojeni-na-detektor-lzi-explodoval-by\/","title":{"rendered":"Ak by boli na dne\u0161nej tla\u010dovej konferencii Fico a Sakov\u00e1 napojen\u00ed na detektor l\u017ei, explodoval by"},"content":{"rendered":"<div id=\"fb-root\"><\/div>\n\n<p><strong>Premi\u00e9r Fico a ministerka Sakov\u00e1 nerozumej\u00fa, \u010do sa deje na trhu s plynom. Verejnos\u0165 zav\u00e1dzaj\u00fa vo svojich vyjadreniach a pre dod\u00e1vky plynu neurobili ni\u010d. V\u0161etko, \u010d\u00edm sa chv\u00e1lili na tla\u010dovej konferencii, vyrokoval e\u0161te b\u00fdval\u00fd minister hospod\u00e1rstva Karel Hirman a t\u00edm odborn\u00edkov v SPP, ktor\u00ed \u201eza odmenu\u201c boli s\u00fa\u010dasn\u00fdm veden\u00edm rezortu prepusten\u00ed.<\/strong><\/p>\n\n\n\n<p>\u010clen predsedn\u00edctva a exminister hospod\u00e1rstva Karel Hirman reaguje na tla\u010dov\u00fa konferenciu R\u00f3berta Fica a ministerky Denisy Sakovej, ktor\u00ed informovali verejnos\u0165, \u017ee zabezpe\u010dili diverzifika\u010dn\u00e9 zmluvy a trasy na n\u00e1kup plynu, a \u017ee dom\u00e1ci trh m\u00e1 zabezpe\u010den\u00fd dostatok plynu, aj bez dod\u00e1vok z Ruska cez Ukrajinu<em>. \u201ePravda je tak\u00e1, \u017ee v\u0161etko, \u010d\u00edm sa chv\u00e1lia, bolo zabezpe\u010den\u00e9 kontraktami v \u010dase, ke\u010f som bol ministrom hospod\u00e1rstva a zabezpe\u010dili ich ozajstn\u00ed profesion\u00e1li a vlastenci, vo veden\u00ed SPP,&nbsp; ktor\u00fdch som vymenoval, a ktor\u00fdch s\u00fa\u010dasn\u00e9 vedenia, spolu s \u010fal\u0161\u00edmi profesion\u00e1lnymi mana\u017e\u00e9rmi, z SPP vyhodili.\u201c<\/em><\/p>\n\n\n\n<p>Slov\u00e1 o tom, \u017ee ukon\u010denie tranzitu rusk\u00e9ho plynu cez Ukrajine m\u00e1 negat\u00edvny dopad na E\u00da, pova\u017euje exminister Hirman za klamstvo:&nbsp;<em>\u201eKe\u010f u\u017e id\u00fa do Bruselu rokova\u0165 s profesion\u00e1lmi z Eur\u00f3pskej komisie a potom e\u0161te zvolaj\u00fa tla\u010dovku, kde verejne takto argumentuj\u00fa, odpor\u00fa\u010dam im, aby si aspo\u0148 na svojich mobiloch pozreli v\u00fdvoj cien plynu na spotovom trhu. Pr\u00e1ve ke\u010f predstavitelia slovenskej vl\u00e1dy v Bruseli tvrdili, \u017ee ceny plynu v E\u00da rast\u00fa po zastaven\u00ed tranzitu cez Ukrajinu, tak na najv\u00e4\u010d\u0161om obchodnom spotovom trhu pokra\u010dovali v poklese,\u201c<\/em>&nbsp;hovor\u00ed Hirman a odmieta dnes komunikovan\u00e9 tvrdenie, \u017ee ukon\u010denie tranzitu rusk\u00e9ho plynu cez Ukrajinu zni\u017euje konkurencieschopnos\u0165 E\u00da (vo\u010di USA), lebo n\u00e1m zvy\u0161uje ceny plynu.&nbsp;<em>\u201e\u017diadam ministerku Sakov\u00fa, aby uviedla men\u00e1 t\u00fdch expertov, ktor\u00ed toto vyr\u00e1tali a na z\u00e1klade \u010doho. Suver\u00e9nne najvy\u0161\u0161\u00ed rozdiel medzi cenami plynu v E\u00da a USA bol v roku 2022, ke\u010f ceny plynu v E\u00da vyleteli a\u017e nad 300 eur\/MWh.\u201c<\/em><\/p>\n\n\n\n<p>Za \u010fal\u0161ie klamstvo ozna\u010dil \u010dlen predsedn\u00edctva Karel Hirman slov\u00e1 ministerky Sakovej o tom, \u017ee Slovensko (cez pr\u00edjmy oper\u00e1tora tranzitn\u00e9ho plynovodu Eustream), kv\u00f4li ukon\u010deniu tranzitu rusk\u00e9ho plynu, pr\u00edde ro\u010dne o 500 mil. eur.:&nbsp;<em>\u201ePre\u010do potom Eustream vyk\u00e1zal stratu u\u017e minul\u00fd rok, ke\u010f tranzit e\u0161te fungoval? Nebolo to t\u00fdm, \u017ee Gazprom u\u017e od \u00fatoku na Ukrajinu, teda od febru\u00e1ra 2022, jednostranne na pokyn Putinovho Krem\u013ea, zn\u00ed\u017eil tranzit cez Ukrajinu a Slovensko?? A teda nedodr\u017eiaval platn\u00fa zmluvu o tranzite?! A ak tvrd\u00edte, \u017ee prezident Zelensk\u00fd, napriek predo\u0161l\u00fdm nejak\u00fdm rokovaniam a predbe\u017en\u00fdm dohod\u00e1m, jednostranne pred Vianocami rozhodol o ukon\u010den\u00ed tranzitu, potom pre\u010do v\u00e1\u0161 &#8221;odborn\u00fd&#8221; nominant vo veden\u00edm \u00daRSO p\u00e1n Holjen\u010d\u00edk, u\u017e minul\u00fd rok rozhodol o&nbsp; n\u00e1sobnom zv\u00fd\u0161en\u00ed tar\u00edf pre Eustream pr\u00e1ve kv\u00f4li tomu, \u017ee sa mal po Novom roku 2025 zastavi\u0165 tranzit?\u201c&nbsp;<\/em><\/p>\n","protected":false},"excerpt":{"rendered":"<p>Premi\u00e9r Fico a ministerka Sakov\u00e1 nerozumej\u00fa, \u010do sa deje na trhu s plynom. Verejnos\u0165 zav\u00e1dzaj\u00fa vo svojich vyjadreniach a pre dod\u00e1vky plynu neurobili ni\u010d. V\u0161etko, \u010d\u00edm sa chv\u00e1lili na tla\u010dovej konferencii, vyrokoval e\u0161te b\u00fdval\u00fd minister hospod\u00e1rstva Karel Hirman a t\u00edm odborn\u00edkov v SPP, ktor\u00ed \u201eza odmenu\u201c boli s\u00fa\u010dasn\u00fdm veden\u00edm rezortu prepusten\u00ed. \u010clen predsedn\u00edctva a exminister [&hellip;]<\/p>\n","protected":false},"author":13,"featured_media":178,"comment_status":"closed","ping_status":"closed","sticky":false,"template":"","format":"standard","meta":{"_acf_changed":false,"ngg_post_thumbnail":0,"footnotes":""},"categories":[4],"tags":[],"class_list":["post-6085","post","type-post","status-publish","format-standard","has-post-thumbnail","hentry","category-tlacove-spravy"],"acf":[],"yoast_head":"<!-- This site is optimized with the Yoast SEO plugin v27.2 - https:\/\/yoast.com\/product\/yoast-seo-wordpress\/ -->\n<title>Ak by boli na dne\u0161nej tla\u010dovej konferencii Fico a Sakov\u00e1 napojen\u00ed na detektor l\u017ei, explodoval by<\/title>\n<meta name=\"robots\" content=\"index, follow, max-snippet:-1, max-image-preview:large, max-video-preview:-1\" \/>\n<link rel=\"canonical\" href=\"https:\/\/www.smedemokrati.sk\/sv\/ak-by-boli-na-dnesnej-tlacovej-konferencii-fico-a-sakova-napojeni-na-detektor-lzi-explodoval-by\/\" \/>\n<meta property=\"og:locale\" content=\"sv_SE\" \/>\n<meta property=\"og:locale:alternate\" content=\"en_US\" \/>\n<meta property=\"og:locale:alternate\" content=\"cs_CZ\" \/>\n<meta property=\"og:locale:alternate\" content=\"hu_HU\" \/>\n<meta property=\"og:locale:alternate\" content=\"sk_SK\" \/>\n<meta property=\"og:type\" content=\"article\" \/>\n<meta property=\"og:title\" content=\"Ak by boli na dne\u0161nej tla\u010dovej konferencii Fico a Sakov\u00e1 napojen\u00ed na detektor l\u017ei, explodoval by\" \/>\n<meta property=\"og:description\" content=\"Premi\u00e9r Fico a ministerka Sakov\u00e1 nerozumej\u00fa, \u010do sa deje na trhu s plynom. Verejnos\u0165 zav\u00e1dzaj\u00fa vo svojich vyjadreniach a pre dod\u00e1vky plynu neurobili ni\u010d. V\u0161etko, \u010d\u00edm sa chv\u00e1lili na tla\u010dovej konferencii, vyrokoval e\u0161te b\u00fdval\u00fd minister hospod\u00e1rstva Karel Hirman a t\u00edm odborn\u00edkov v SPP, ktor\u00ed \u201eza odmenu\u201c boli s\u00fa\u010dasn\u00fdm veden\u00edm rezortu prepusten\u00ed. \u010clen predsedn\u00edctva a exminister [&hellip;]\" \/>\n<meta property=\"og:url\" content=\"https:\/\/www.smedemokrati.sk\/sv\/ak-by-boli-na-dnesnej-tlacovej-konferencii-fico-a-sakova-napojeni-na-detektor-lzi-explodoval-by\/\" \/>\n<meta property=\"og:site_name\" content=\"Smedemokrati.sk\" \/>\n<meta property=\"article:publisher\" content=\"https:\/\/www.facebook.com\/smedemokrati2023\" \/>\n<meta property=\"article:published_time\" content=\"2025-01-09T15:25:48+00:00\" \/>\n<meta property=\"article:modified_time\" content=\"2025-01-13T11:25:38+00:00\" \/>\n<meta property=\"og:image\" content=\"https:\/\/www.smedemokrati.sk\/wp-content\/uploads\/2023\/03\/KH_1-min.jpg\" \/>\n\t<meta property=\"og:image:width\" content=\"1024\" \/>\n\t<meta property=\"og:image:height\" content=\"683\" \/>\n\t<meta property=\"og:image:type\" content=\"image\/jpeg\" \/>\n<meta name=\"author\" content=\"miro.sopko\" \/>\n<meta name=\"twitter:card\" content=\"summary_large_image\" \/>\n<meta name=\"twitter:label1\" content=\"Skriven av\" \/>\n\t<meta name=\"twitter:data1\" content=\"miro.sopko\" \/>\n\t<meta name=\"twitter:label2\" content=\"Ber\u00e4knad l\u00e4stid\" \/>\n\t<meta name=\"twitter:data2\" content=\"3 minuter\" \/>\n<script type=\"application\/ld+json\" class=\"yoast-schema-graph\">{\"@context\":\"https:\/\/schema.org\",\"@graph\":[{\"@type\":\"Article\",\"@id\":\"https:\/\/www.smedemokrati.sk\/ak-by-boli-na-dnesnej-tlacovej-konferencii-fico-a-sakova-napojeni-na-detektor-lzi-explodoval-by\/#article\",\"isPartOf\":{\"@id\":\"https:\/\/www.smedemokrati.sk\/ak-by-boli-na-dnesnej-tlacovej-konferencii-fico-a-sakova-napojeni-na-detektor-lzi-explodoval-by\/\"},\"author\":{\"name\":\"miro.sopko\",\"@id\":\"https:\/\/www.smedemokrati.sk\/#\/schema\/person\/21f147c88d605aa7ded900e1e7c344ba\"},\"headline\":\"Ak by boli na dne\u0161nej tla\u010dovej konferencii Fico a Sakov\u00e1 napojen\u00ed na detektor l\u017ei, explodoval by\",\"datePublished\":\"2025-01-09T15:25:48+00:00\",\"dateModified\":\"2025-01-13T11:25:38+00:00\",\"mainEntityOfPage\":{\"@id\":\"https:\/\/www.smedemokrati.sk\/ak-by-boli-na-dnesnej-tlacovej-konferencii-fico-a-sakova-napojeni-na-detektor-lzi-explodoval-by\/\"},\"wordCount\":532,\"publisher\":{\"@id\":\"https:\/\/www.smedemokrati.sk\/#organization\"},\"image\":{\"@id\":\"https:\/\/www.smedemokrati.sk\/ak-by-boli-na-dnesnej-tlacovej-konferencii-fico-a-sakova-napojeni-na-detektor-lzi-explodoval-by\/#primaryimage\"},\"thumbnailUrl\":\"https:\/\/www.smedemokrati.sk\/wp-content\/uploads\/2023\/03\/KH_1-min.jpg\",\"articleSection\":[\"Tla\u010dov\u00e9 spr\u00e1vy\"],\"inLanguage\":\"sv-SE\"},{\"@type\":\"WebPage\",\"@id\":\"https:\/\/www.smedemokrati.sk\/ak-by-boli-na-dnesnej-tlacovej-konferencii-fico-a-sakova-napojeni-na-detektor-lzi-explodoval-by\/\",\"url\":\"https:\/\/www.smedemokrati.sk\/ak-by-boli-na-dnesnej-tlacovej-konferencii-fico-a-sakova-napojeni-na-detektor-lzi-explodoval-by\/\",\"name\":\"Ak by boli na dne\u0161nej tla\u010dovej konferencii Fico a Sakov\u00e1 napojen\u00ed na detektor l\u017ei, explodoval by\",\"isPartOf\":{\"@id\":\"https:\/\/www.smedemokrati.sk\/#website\"},\"primaryImageOfPage\":{\"@id\":\"https:\/\/www.smedemokrati.sk\/ak-by-boli-na-dnesnej-tlacovej-konferencii-fico-a-sakova-napojeni-na-detektor-lzi-explodoval-by\/#primaryimage\"},\"image\":{\"@id\":\"https:\/\/www.smedemokrati.sk\/ak-by-boli-na-dnesnej-tlacovej-konferencii-fico-a-sakova-napojeni-na-detektor-lzi-explodoval-by\/#primaryimage\"},\"thumbnailUrl\":\"https:\/\/www.smedemokrati.sk\/wp-content\/uploads\/2023\/03\/KH_1-min.jpg\",\"datePublished\":\"2025-01-09T15:25:48+00:00\",\"dateModified\":\"2025-01-13T11:25:38+00:00\",\"breadcrumb\":{\"@id\":\"https:\/\/www.smedemokrati.sk\/ak-by-boli-na-dnesnej-tlacovej-konferencii-fico-a-sakova-napojeni-na-detektor-lzi-explodoval-by\/#breadcrumb\"},\"inLanguage\":\"sv-SE\",\"potentialAction\":[{\"@type\":\"ReadAction\",\"target\":[\"https:\/\/www.smedemokrati.sk\/ak-by-boli-na-dnesnej-tlacovej-konferencii-fico-a-sakova-napojeni-na-detektor-lzi-explodoval-by\/\"]}]},{\"@type\":\"ImageObject\",\"inLanguage\":\"sv-SE\",\"@id\":\"https:\/\/www.smedemokrati.sk\/ak-by-boli-na-dnesnej-tlacovej-konferencii-fico-a-sakova-napojeni-na-detektor-lzi-explodoval-by\/#primaryimage\",\"url\":\"https:\/\/www.smedemokrati.sk\/wp-content\/uploads\/2023\/03\/KH_1-min.jpg\",\"contentUrl\":\"https:\/\/www.smedemokrati.sk\/wp-content\/uploads\/2023\/03\/KH_1-min.jpg\",\"width\":1024,\"height\":683},{\"@type\":\"BreadcrumbList\",\"@id\":\"https:\/\/www.smedemokrati.sk\/ak-by-boli-na-dnesnej-tlacovej-konferencii-fico-a-sakova-napojeni-na-detektor-lzi-explodoval-by\/#breadcrumb\",\"itemListElement\":[{\"@type\":\"ListItem\",\"position\":1,\"name\":\"Domovsk\u00e1 str\u00e1nka\",\"item\":\"https:\/\/www.smedemokrati.sk\/\"},{\"@type\":\"ListItem\",\"position\":2,\"name\":\"Ak by boli na dne\u0161nej tla\u010dovej konferencii Fico a Sakov\u00e1 napojen\u00ed na detektor l\u017ei, explodoval by\"}]},{\"@type\":\"WebSite\",\"@id\":\"https:\/\/www.smedemokrati.sk\/#website\",\"url\":\"https:\/\/www.smedemokrati.sk\/\",\"name\":\"Smedemokrati.sk\",\"description\":\"Demokracia a slu\u0161nos\u0165 zv\u00ed\u0165az\u00ed\",\"publisher\":{\"@id\":\"https:\/\/www.smedemokrati.sk\/#organization\"},\"potentialAction\":[{\"@type\":\"SearchAction\",\"target\":{\"@type\":\"EntryPoint\",\"urlTemplate\":\"https:\/\/www.smedemokrati.sk\/?s={search_term_string}\"},\"query-input\":{\"@type\":\"PropertyValueSpecification\",\"valueRequired\":true,\"valueName\":\"search_term_string\"}}],\"inLanguage\":\"sv-SE\"},{\"@type\":\"Organization\",\"@id\":\"https:\/\/www.smedemokrati.sk\/#organization\",\"name\":\"Smedemokrati.sk\",\"url\":\"https:\/\/www.smedemokrati.sk\/\",\"logo\":{\"@type\":\"ImageObject\",\"inLanguage\":\"sv-SE\",\"@id\":\"https:\/\/www.smedemokrati.sk\/#\/schema\/logo\/image\/\",\"url\":\"https:\/\/www.smedemokrati.sk\/wp-content\/uploads\/2023\/04\/ff.002.jpeg\",\"contentUrl\":\"https:\/\/www.smedemokrati.sk\/wp-content\/uploads\/2023\/04\/ff.002.jpeg\",\"width\":640,\"height\":480,\"caption\":\"Smedemokrati.sk\"},\"image\":{\"@id\":\"https:\/\/www.smedemokrati.sk\/#\/schema\/logo\/image\/\"},\"sameAs\":[\"https:\/\/www.facebook.com\/smedemokrati2023\"]},{\"@type\":\"Person\",\"@id\":\"https:\/\/www.smedemokrati.sk\/#\/schema\/person\/21f147c88d605aa7ded900e1e7c344ba\",\"name\":\"miro.sopko\",\"image\":{\"@type\":\"ImageObject\",\"inLanguage\":\"sv-SE\",\"@id\":\"https:\/\/secure.gravatar.com\/avatar\/267e4a36f704376c109afe3a78740c1f5dd8675a2180a908699e7863c9247606?s=96&d=mm&r=g\",\"url\":\"https:\/\/secure.gravatar.com\/avatar\/267e4a36f704376c109afe3a78740c1f5dd8675a2180a908699e7863c9247606?s=96&d=mm&r=g\",\"contentUrl\":\"https:\/\/secure.gravatar.com\/avatar\/267e4a36f704376c109afe3a78740c1f5dd8675a2180a908699e7863c9247606?s=96&d=mm&r=g\",\"caption\":\"miro.sopko\"},\"url\":\"https:\/\/www.smedemokrati.sk\/sv\/author\/miro-sopko\/\"}]}<\/script>\n<!-- \/ Yoast SEO plugin. -->","yoast_head_json":{"title":"Ak by boli na dne\u0161nej tla\u010dovej konferencii Fico a Sakov\u00e1 napojen\u00ed na detektor l\u017ei, explodoval by","robots":{"index":"index","follow":"follow","max-snippet":"max-snippet:-1","max-image-preview":"max-image-preview:large","max-video-preview":"max-video-preview:-1"},"canonical":"https:\/\/www.smedemokrati.sk\/sv\/ak-by-boli-na-dnesnej-tlacovej-konferencii-fico-a-sakova-napojeni-na-detektor-lzi-explodoval-by\/","og_locale":"sv_SE","og_type":"article","og_title":"[:sk]Ak by boli na dne\u0161nej tla\u010dovej konferencii Fico a Sakov\u00e1 napojen\u00ed na detektor l\u017ei, explodoval by[:] - Smedemokrati.sk","og_description":"Premi\u00e9r Fico a ministerka Sakov\u00e1 nerozumej\u00fa, \u010do sa deje na trhu s plynom. Verejnos\u0165 zav\u00e1dzaj\u00fa vo svojich vyjadreniach a pre dod\u00e1vky plynu neurobili ni\u010d. V\u0161etko, \u010d\u00edm sa chv\u00e1lili na tla\u010dovej konferencii, vyrokoval e\u0161te b\u00fdval\u00fd minister hospod\u00e1rstva Karel Hirman a t\u00edm odborn\u00edkov v SPP, ktor\u00ed \u201eza odmenu\u201c boli s\u00fa\u010dasn\u00fdm veden\u00edm rezortu prepusten\u00ed. \u010clen predsedn\u00edctva a exminister [&hellip;]","og_url":"https:\/\/www.smedemokrati.sk\/sv\/ak-by-boli-na-dnesnej-tlacovej-konferencii-fico-a-sakova-napojeni-na-detektor-lzi-explodoval-by\/","og_site_name":"Smedemokrati.sk","article_publisher":"https:\/\/www.facebook.com\/smedemokrati2023","article_published_time":"2025-01-09T15:25:48+00:00","article_modified_time":"2025-01-13T11:25:38+00:00","og_image":[{"width":1024,"height":683,"url":"https:\/\/www.smedemokrati.sk\/wp-content\/uploads\/2023\/03\/KH_1-min.jpg","type":"image\/jpeg"}],"author":"miro.sopko","twitter_card":"summary_large_image","twitter_misc":{"Skriven av":"miro.sopko","Ber\u00e4knad l\u00e4stid":"3 minuter"},"schema":{"@context":"https:\/\/schema.org","@graph":[{"@type":"Article","@id":"https:\/\/www.smedemokrati.sk\/ak-by-boli-na-dnesnej-tlacovej-konferencii-fico-a-sakova-napojeni-na-detektor-lzi-explodoval-by\/#article","isPartOf":{"@id":"https:\/\/www.smedemokrati.sk\/ak-by-boli-na-dnesnej-tlacovej-konferencii-fico-a-sakova-napojeni-na-detektor-lzi-explodoval-by\/"},"author":{"name":"miro.sopko","@id":"https:\/\/www.smedemokrati.sk\/#\/schema\/person\/21f147c88d605aa7ded900e1e7c344ba"},"headline":"Ak by boli na dne\u0161nej tla\u010dovej konferencii Fico a Sakov\u00e1 napojen\u00ed na detektor l\u017ei, explodoval by","datePublished":"2025-01-09T15:25:48+00:00","dateModified":"2025-01-13T11:25:38+00:00","mainEntityOfPage":{"@id":"https:\/\/www.smedemokrati.sk\/ak-by-boli-na-dnesnej-tlacovej-konferencii-fico-a-sakova-napojeni-na-detektor-lzi-explodoval-by\/"},"wordCount":532,"publisher":{"@id":"https:\/\/www.smedemokrati.sk\/#organization"},"image":{"@id":"https:\/\/www.smedemokrati.sk\/ak-by-boli-na-dnesnej-tlacovej-konferencii-fico-a-sakova-napojeni-na-detektor-lzi-explodoval-by\/#primaryimage"},"thumbnailUrl":"https:\/\/www.smedemokrati.sk\/wp-content\/uploads\/2023\/03\/KH_1-min.jpg","articleSection":["Tla\u010dov\u00e9 spr\u00e1vy"],"inLanguage":"sv-SE"},{"@type":"WebPage","@id":"https:\/\/www.smedemokrati.sk\/ak-by-boli-na-dnesnej-tlacovej-konferencii-fico-a-sakova-napojeni-na-detektor-lzi-explodoval-by\/","url":"https:\/\/www.smedemokrati.sk\/ak-by-boli-na-dnesnej-tlacovej-konferencii-fico-a-sakova-napojeni-na-detektor-lzi-explodoval-by\/","name":"Ak by boli na dne\u0161nej tla\u010dovej konferencii Fico a Sakov\u00e1 napojen\u00ed na detektor l\u017ei, explodoval by","isPartOf":{"@id":"https:\/\/www.smedemokrati.sk\/#website"},"primaryImageOfPage":{"@id":"https:\/\/www.smedemokrati.sk\/ak-by-boli-na-dnesnej-tlacovej-konferencii-fico-a-sakova-napojeni-na-detektor-lzi-explodoval-by\/#primaryimage"},"image":{"@id":"https:\/\/www.smedemokrati.sk\/ak-by-boli-na-dnesnej-tlacovej-konferencii-fico-a-sakova-napojeni-na-detektor-lzi-explodoval-by\/#primaryimage"},"thumbnailUrl":"https:\/\/www.smedemokrati.sk\/wp-content\/uploads\/2023\/03\/KH_1-min.jpg","datePublished":"2025-01-09T15:25:48+00:00","dateModified":"2025-01-13T11:25:38+00:00","breadcrumb":{"@id":"https:\/\/www.smedemokrati.sk\/ak-by-boli-na-dnesnej-tlacovej-konferencii-fico-a-sakova-napojeni-na-detektor-lzi-explodoval-by\/#breadcrumb"},"inLanguage":"sv-SE","potentialAction":[{"@type":"ReadAction","target":["https:\/\/www.smedemokrati.sk\/ak-by-boli-na-dnesnej-tlacovej-konferencii-fico-a-sakova-napojeni-na-detektor-lzi-explodoval-by\/"]}]},{"@type":"ImageObject","inLanguage":"sv-SE","@id":"https:\/\/www.smedemokrati.sk\/ak-by-boli-na-dnesnej-tlacovej-konferencii-fico-a-sakova-napojeni-na-detektor-lzi-explodoval-by\/#primaryimage","url":"https:\/\/www.smedemokrati.sk\/wp-content\/uploads\/2023\/03\/KH_1-min.jpg","contentUrl":"https:\/\/www.smedemokrati.sk\/wp-content\/uploads\/2023\/03\/KH_1-min.jpg","width":1024,"height":683},{"@type":"BreadcrumbList","@id":"https:\/\/www.smedemokrati.sk\/ak-by-boli-na-dnesnej-tlacovej-konferencii-fico-a-sakova-napojeni-na-detektor-lzi-explodoval-by\/#breadcrumb","itemListElement":[{"@type":"ListItem","position":1,"name":"Domovsk\u00e1 str\u00e1nka","item":"https:\/\/www.smedemokrati.sk\/"},{"@type":"ListItem","position":2,"name":"Ak by boli na dne\u0161nej tla\u010dovej konferencii Fico a Sakov\u00e1 napojen\u00ed na detektor l\u017ei, explodoval by"}]},{"@type":"WebSite","@id":"https:\/\/www.smedemokrati.sk\/#website","url":"https:\/\/www.smedemokrati.sk\/","name":"Smedemokrati.sk","description":"Demokracia a slu\u0161nos\u0165 zv\u00ed\u0165az\u00ed","publisher":{"@id":"https:\/\/www.smedemokrati.sk\/#organization"},"potentialAction":[{"@type":"SearchAction","target":{"@type":"EntryPoint","urlTemplate":"https:\/\/www.smedemokrati.sk\/?s={search_term_string}"},"query-input":{"@type":"PropertyValueSpecification","valueRequired":true,"valueName":"search_term_string"}}],"inLanguage":"sv-SE"},{"@type":"Organization","@id":"https:\/\/www.smedemokrati.sk\/#organization","name":"Smedemokrati.sk","url":"https:\/\/www.smedemokrati.sk\/","logo":{"@type":"ImageObject","inLanguage":"sv-SE","@id":"https:\/\/www.smedemokrati.sk\/#\/schema\/logo\/image\/","url":"https:\/\/www.smedemokrati.sk\/wp-content\/uploads\/2023\/04\/ff.002.jpeg","contentUrl":"https:\/\/www.smedemokrati.sk\/wp-content\/uploads\/2023\/04\/ff.002.jpeg","width":640,"height":480,"caption":"Smedemokrati.sk"},"image":{"@id":"https:\/\/www.smedemokrati.sk\/#\/schema\/logo\/image\/"},"sameAs":["https:\/\/www.facebook.com\/smedemokrati2023"]},{"@type":"Person","@id":"https:\/\/www.smedemokrati.sk\/#\/schema\/person\/21f147c88d605aa7ded900e1e7c344ba","name":"miro.sopko","image":{"@type":"ImageObject","inLanguage":"sv-SE","@id":"https:\/\/secure.gravatar.com\/avatar\/267e4a36f704376c109afe3a78740c1f5dd8675a2180a908699e7863c9247606?s=96&d=mm&r=g","url":"https:\/\/secure.gravatar.com\/avatar\/267e4a36f704376c109afe3a78740c1f5dd8675a2180a908699e7863c9247606?s=96&d=mm&r=g","contentUrl":"https:\/\/secure.gravatar.com\/avatar\/267e4a36f704376c109afe3a78740c1f5dd8675a2180a908699e7863c9247606?s=96&d=mm&r=g","caption":"miro.sopko"},"url":"https:\/\/www.smedemokrati.sk\/sv\/author\/miro-sopko\/"}]}},"_links":{"self":[{"href":"https:\/\/www.smedemokrati.sk\/sv\/wp-json\/wp\/v2\/posts\/6085","targetHints":{"allow":["GET"]}}],"collection":[{"href":"https:\/\/www.smedemokrati.sk\/sv\/wp-json\/wp\/v2\/posts"}],"about":[{"href":"https:\/\/www.smedemokrati.sk\/sv\/wp-json\/wp\/v2\/types\/post"}],"author":[{"embeddable":true,"href":"https:\/\/www.smedemokrati.sk\/sv\/wp-json\/wp\/v2\/users\/13"}],"replies":[{"embeddable":true,"href":"https:\/\/www.smedemokrati.sk\/sv\/wp-json\/wp\/v2\/comments?post=6085"}],"version-history":[{"count":1,"href":"https:\/\/www.smedemokrati.sk\/sv\/wp-json\/wp\/v2\/posts\/6085\/revisions"}],"predecessor-version":[{"id":6086,"href":"https:\/\/www.smedemokrati.sk\/sv\/wp-json\/wp\/v2\/posts\/6085\/revisions\/6086"}],"wp:featuredmedia":[{"embeddable":true,"href":"https:\/\/www.smedemokrati.sk\/sv\/wp-json\/wp\/v2\/media\/178"}],"wp:attachment":[{"href":"https:\/\/www.smedemokrati.sk\/sv\/wp-json\/wp\/v2\/media?parent=6085"}],"wp:term":[{"taxonomy":"category","embeddable":true,"href":"https:\/\/www.smedemokrati.sk\/sv\/wp-json\/wp\/v2\/categories?post=6085"},{"taxonomy":"post_tag","embeddable":true,"href":"https:\/\/www.smedemokrati.sk\/sv\/wp-json\/wp\/v2\/tags?post=6085"}],"curies":[{"name":"wp","href":"https:\/\/api.w.org\/{rel}","templated":true}]}}