{"id":6073,"date":"2025-01-08T13:18:10","date_gmt":"2025-01-08T12:18:10","guid":{"rendered":"https:\/\/www.smedemokrati.sk\/?p=6073"},"modified":"2025-01-17T10:21:07","modified_gmt":"2025-01-17T09:21:07","slug":"fico-nas-taha-do-vojny-pricom-porusuje-strategicke-dokumenty-sr-pod-ktore-sa-sam-podpisal","status":"publish","type":"post","link":"https:\/\/www.smedemokrati.sk\/sv\/fico-nas-taha-do-vojny-pricom-porusuje-strategicke-dokumenty-sr-pod-ktore-sa-sam-podpisal\/","title":{"rendered":"Fico n\u00e1s \u0165ah\u00e1 do vojny, pri\u010dom poru\u0161uje strategick\u00e9 dokumenty SR, pod ktor\u00e9 sa s\u00e1m podp\u00edsal"},"content":{"rendered":"<div id=\"fb-root\"><\/div>\n\n<p><strong>Demokrati upozor\u0148uj\u00fa, \u017ee R\u00f3bert Fico svoj\u00edm konan\u00edm poru\u0161uje zahrani\u010dn\u00e9 dokumenty SR, a to obrann\u00fa a bezpe\u010dnostn\u00fa strat\u00e9giu, ktor\u00e9 boli riadne schv\u00e1len\u00e9 n\u00e1rodnou radou. Pod\u013ea schv\u00e1len\u00fdch dokumentov neexistuje alternat\u00edva vo\u010di NATO a E\u00da a poru\u0161ovanie t\u00fdchto ustanoven\u00ed, m\u00f4\u017ee predstavova\u0165 zatiahnutie Slovenska do vojny, a to po boku agres\u00edvneho Ruska. <\/strong><\/p>\n\n\n\n<p><em>\u201eR\u00f3bert Fico spustil akciu Bi\u013eak II, ktorej cie\u013eom je Slovensko dosta\u0165 do z\u00f3ny priamej Putinove podriadenosti. Potajme, nikto nevie ako i\u0161iel do Moskvy. P\u00fdtam sa kde boli diplomati a o \u010dom ste sa naozaj rozpr\u00e1vali, kde je ofici\u00e1lny z\u00e1pis zo stretnutia a kto v\u00e1m kedy tak\u00fato cestu na rokovan\u00ed vl\u00e1dy schv\u00e1lil? Som presved\u010den\u00fd, \u017ee ste sa nerozpr\u00e1vali o plyne. Bola to debata, ktor\u00e1 mohla by\u0165 probl\u00e9mov\u00e1 aj z h\u013eadiska \u00fastavnosti.&#8221;<\/em> Otv\u00e1ra t\u00e9mu Jaroslav Na\u010f a hovor\u00ed o udalostiach, ktor\u00e9 sa odohrali po stretnut\u00ed v Moskve: <em>\u201eZhodou okolnost\u00ed po stretnut\u00ed R\u00f3bert Fico povedal, \u017ee je pripraven\u00fd vypn\u00fa\u0165 Ukrajincom elektrinu a na druh\u00fd de\u0148 za\u00fato\u010dili Rusi na energetick\u00fa infra\u0161trukt\u00faru v na\u0161ej bl\u00edzkosti. \u010co ste s\u013e\u00fabili tomu Putinovi, \u017ee vypnete elektrinu smerom na Ukrajinu?&#8221;<\/em> Predseda Demokratov \u010falej hovor\u00ed, \u017ee predseda vl\u00e1dy SR t\u00fdmito krokmi pravdepodobne spl\u00e1ca dlh za Putinovu pomoc pri v\u00ed\u0165azstve v ostatn\u00fdch n\u00e1rodn\u00fdch vo\u013eb\u00e1ch, no tak\u00e9to konanie m\u00f4\u017ee predstavova\u0165 priame za\u0165ahovanie Slovenska do vojny, a to po boku agres\u00edvneho Ruska. Jaroslav Na\u010f rovnako vyslovuje obavu, \u017ee na Slovensko pr\u00eddu tzv. bezpe\u010dnostn\u00ed poradcovia v Moskvy, ktor\u00ed bud\u00fa pom\u00e1ha\u0165 \u0161\u00edri\u0165 prorusk\u00fa propagandu a oslabova\u0165 na\u0161e \u010dlenstvo v E\u00da a NATO. <\/p>\n\n\n\n<p>Demokrati \u010falej hovoria o z\u00e1kladn\u00fdch strategick\u00fdch dokumentoch, ktor\u00e9 definuj\u00fa na\u0161e spojenectvo v NATO a partnerstvo v E\u00da: <em>\u201eObrann\u00e1 a bezpe\u010dnostn\u00e1 strat\u00e9gia, ktor\u00e9 boli schv\u00e1len\u00e9 n\u00e1rodnou radou jasne hovoria, \u017ee alternat\u00edva vo\u010di NATO a E\u00da neexistuje. Ak by chcel zmeni\u0165 Robert Fico na\u0161u z\u00e1kladn\u00fa zahrani\u010dno-politick\u00fa orient\u00e1ciu, musel by to schv\u00e1li\u0165 parlament. Predseda vl\u00e1dy tieto dokumenty flagrantne poru\u0161uje,&#8221;<\/em> hovor\u00ed podpredseda Demokratov Juraj \u0160eliga, ktor\u00fd z\u00e1rove\u0148 \u017eiada Petra Pellegriniho, aby zaujal jasn\u00fd postoj k zam\u00fd\u0161\u013ean\u00e9mu redefinovaniu na\u0161ej zahrani\u010dnej politiky. <em>\u201eKde je teraz schovan\u00fd prezident Pellegrini? Chcem tie\u017e upozorni\u0165 opoz\u00edciu, aby si nestrelila do vlastnej nohy. Ak im koal\u00edcia n\u00e1hodou otvor\u00ed mimoriadnu sch\u00f4dzu, ktor\u00fa pl\u00e1nuj\u00fa, o\u010dak\u00e1vame, \u017ee koal\u00edcia pr\u00edde s kontra uznesen\u00edm, na ktor\u00e9ho schv\u00e1lenie m\u00e1 \u017eia\u013e dostatok hlasov.&#8221;<\/em><\/p>\n\n\n\n<p><em>\u201e\u010cel\u00edme vlne dezinform\u00e1ci\u00ed a na drvivej v\u00e4\u010d\u0161ine sa podie\u013eaj\u00fa aj s\u00fa\u010dasn\u00ed vl\u00e1dni predstavitelia. R\u00f3bert Fico si takto pripravuje p\u00f4du, aby zahral hru na to, \u017ee pre Slovensko nie je v\u00fdhodn\u00e9 by\u0165 v NATO a E\u00da. Na tak\u00e9to konanie nedostal \u017eiaden mand\u00e1t a je to \u010disto \u010d\u00edra prorusk\u00e1 propaganda, proti ktorej by mali v prvom rade bojova\u0165 \u0161t\u00e1tne apar\u00e1ty. \u017dia\u013e, na \u010dele s R\u00f3bertom Ficom, to mo\u017en\u00e9 nebude,&#8221;<\/em> hovor\u00ed b\u00fdval\u00fd predseda vl\u00e1dy Eduard Heger. <\/p>\n\n\n\n<p>V z\u00e1vere Demokrati vyz\u00fdvaj\u00fa verejnos\u0165, aby sa z\u00fa\u010dastnila pripravovan\u00fdch protestov po Slovensku, navy\u0161e, strana sa zap\u00e1ja aj organiza\u010dne a iniciuje podujatia v Pre\u0161ove a Tren\u010d\u00edne. <\/p>\n\n\n<div class=\"fb-video\" data-href=\"https:\/\/fb.watch\/w_1DaeZKqK\" data-allowfullscreen=\"true\" data-autoplay=\"false\" data-width=\"\" data-show-text=\"false\" data-show-captions=\"true\"><\/div>\n","protected":false},"excerpt":{"rendered":"<p>Demokrati upozor\u0148uj\u00fa, \u017ee R\u00f3bert Fico svoj\u00edm konan\u00edm poru\u0161uje zahrani\u010dn\u00e9 dokumenty SR, a to obrann\u00fa a bezpe\u010dnostn\u00fa strat\u00e9giu, ktor\u00e9 boli riadne schv\u00e1len\u00e9 n\u00e1rodnou radou. Pod\u013ea schv\u00e1len\u00fdch dokumentov neexistuje alternat\u00edva vo\u010di NATO a E\u00da a poru\u0161ovanie t\u00fdchto ustanoven\u00ed, m\u00f4\u017ee predstavova\u0165 zatiahnutie Slovenska do vojny, a to po boku agres\u00edvneho Ruska. \u201eR\u00f3bert Fico spustil akciu Bi\u013eak II, ktorej [&hellip;]<\/p>\n","protected":false},"author":13,"featured_media":5211,"comment_status":"closed","ping_status":"closed","sticky":false,"template":"","format":"standard","meta":{"_acf_changed":false,"ngg_post_thumbnail":0,"footnotes":""},"categories":[4],"tags":[],"class_list":["post-6073","post","type-post","status-publish","format-standard","has-post-thumbnail","hentry","category-tlacove-spravy"],"acf":[],"yoast_head":"<!-- This site is optimized with the Yoast SEO plugin v27.2 - https:\/\/yoast.com\/product\/yoast-seo-wordpress\/ -->\n<title>Fico n\u00e1s \u0165ah\u00e1 do vojny, pri\u010dom poru\u0161uje strategick\u00e9 dokumenty SR, pod ktor\u00e9 sa s\u00e1m podp\u00edsal<\/title>\n<meta name=\"robots\" content=\"index, follow, max-snippet:-1, max-image-preview:large, max-video-preview:-1\" \/>\n<link rel=\"canonical\" href=\"https:\/\/www.smedemokrati.sk\/sv\/fico-nas-taha-do-vojny-pricom-porusuje-strategicke-dokumenty-sr-pod-ktore-sa-sam-podpisal\/\" \/>\n<meta property=\"og:locale\" content=\"sv_SE\" \/>\n<meta property=\"og:locale:alternate\" content=\"en_US\" \/>\n<meta property=\"og:locale:alternate\" content=\"cs_CZ\" \/>\n<meta property=\"og:locale:alternate\" content=\"hu_HU\" \/>\n<meta property=\"og:locale:alternate\" content=\"sk_SK\" \/>\n<meta property=\"og:type\" content=\"article\" \/>\n<meta property=\"og:title\" content=\"Fico n\u00e1s \u0165ah\u00e1 do vojny, pri\u010dom poru\u0161uje strategick\u00e9 dokumenty SR, pod ktor\u00e9 sa s\u00e1m podp\u00edsal\" \/>\n<meta property=\"og:description\" content=\"Demokrati upozor\u0148uj\u00fa, \u017ee R\u00f3bert Fico svoj\u00edm konan\u00edm poru\u0161uje zahrani\u010dn\u00e9 dokumenty SR, a to obrann\u00fa a bezpe\u010dnostn\u00fa strat\u00e9giu, ktor\u00e9 boli riadne schv\u00e1len\u00e9 n\u00e1rodnou radou. Pod\u013ea schv\u00e1len\u00fdch dokumentov neexistuje alternat\u00edva vo\u010di NATO a E\u00da a poru\u0161ovanie t\u00fdchto ustanoven\u00ed, m\u00f4\u017ee predstavova\u0165 zatiahnutie Slovenska do vojny, a to po boku agres\u00edvneho Ruska. \u201eR\u00f3bert Fico spustil akciu Bi\u013eak II, ktorej [&hellip;]\" \/>\n<meta property=\"og:url\" content=\"https:\/\/www.smedemokrati.sk\/sv\/fico-nas-taha-do-vojny-pricom-porusuje-strategicke-dokumenty-sr-pod-ktore-sa-sam-podpisal\/\" \/>\n<meta property=\"og:site_name\" content=\"Smedemokrati.sk\" \/>\n<meta property=\"article:publisher\" content=\"https:\/\/www.facebook.com\/smedemokrati2023\" \/>\n<meta property=\"article:published_time\" content=\"2025-01-08T12:18:10+00:00\" \/>\n<meta property=\"article:modified_time\" content=\"2025-01-17T09:21:07+00:00\" \/>\n<meta property=\"og:image\" content=\"https:\/\/www.smedemokrati.sk\/wp-content\/uploads\/2024\/09\/stacilofica.jpg\" \/>\n\t<meta property=\"og:image:width\" content=\"1592\" \/>\n\t<meta property=\"og:image:height\" content=\"739\" \/>\n\t<meta property=\"og:image:type\" content=\"image\/jpeg\" \/>\n<meta name=\"author\" content=\"miro.sopko\" \/>\n<meta name=\"twitter:card\" content=\"summary_large_image\" \/>\n<meta name=\"twitter:label1\" content=\"Skriven av\" \/>\n\t<meta name=\"twitter:data1\" content=\"miro.sopko\" \/>\n\t<meta name=\"twitter:label2\" content=\"Ber\u00e4knad l\u00e4stid\" \/>\n\t<meta name=\"twitter:data2\" content=\"3 minuter\" \/>\n<script type=\"application\/ld+json\" class=\"yoast-schema-graph\">{\"@context\":\"https:\/\/schema.org\",\"@graph\":[{\"@type\":\"Article\",\"@id\":\"https:\/\/www.smedemokrati.sk\/fico-nas-taha-do-vojny-pricom-porusuje-strategicke-dokumenty-sr-pod-ktore-sa-sam-podpisal\/#article\",\"isPartOf\":{\"@id\":\"https:\/\/www.smedemokrati.sk\/fico-nas-taha-do-vojny-pricom-porusuje-strategicke-dokumenty-sr-pod-ktore-sa-sam-podpisal\/\"},\"author\":{\"name\":\"miro.sopko\",\"@id\":\"https:\/\/www.smedemokrati.sk\/#\/schema\/person\/21f147c88d605aa7ded900e1e7c344ba\"},\"headline\":\"Fico n\u00e1s \u0165ah\u00e1 do vojny, pri\u010dom poru\u0161uje strategick\u00e9 dokumenty SR, pod ktor\u00e9 sa s\u00e1m podp\u00edsal\",\"datePublished\":\"2025-01-08T12:18:10+00:00\",\"dateModified\":\"2025-01-17T09:21:07+00:00\",\"mainEntityOfPage\":{\"@id\":\"https:\/\/www.smedemokrati.sk\/fico-nas-taha-do-vojny-pricom-porusuje-strategicke-dokumenty-sr-pod-ktore-sa-sam-podpisal\/\"},\"wordCount\":602,\"publisher\":{\"@id\":\"https:\/\/www.smedemokrati.sk\/#organization\"},\"image\":{\"@id\":\"https:\/\/www.smedemokrati.sk\/fico-nas-taha-do-vojny-pricom-porusuje-strategicke-dokumenty-sr-pod-ktore-sa-sam-podpisal\/#primaryimage\"},\"thumbnailUrl\":\"https:\/\/www.smedemokrati.sk\/wp-content\/uploads\/2024\/09\/stacilofica.jpg\",\"articleSection\":[\"Tla\u010dov\u00e9 spr\u00e1vy\"],\"inLanguage\":\"sv-SE\"},{\"@type\":\"WebPage\",\"@id\":\"https:\/\/www.smedemokrati.sk\/fico-nas-taha-do-vojny-pricom-porusuje-strategicke-dokumenty-sr-pod-ktore-sa-sam-podpisal\/\",\"url\":\"https:\/\/www.smedemokrati.sk\/fico-nas-taha-do-vojny-pricom-porusuje-strategicke-dokumenty-sr-pod-ktore-sa-sam-podpisal\/\",\"name\":\"Fico n\u00e1s \u0165ah\u00e1 do vojny, pri\u010dom poru\u0161uje strategick\u00e9 dokumenty SR, pod ktor\u00e9 sa s\u00e1m podp\u00edsal\",\"isPartOf\":{\"@id\":\"https:\/\/www.smedemokrati.sk\/#website\"},\"primaryImageOfPage\":{\"@id\":\"https:\/\/www.smedemokrati.sk\/fico-nas-taha-do-vojny-pricom-porusuje-strategicke-dokumenty-sr-pod-ktore-sa-sam-podpisal\/#primaryimage\"},\"image\":{\"@id\":\"https:\/\/www.smedemokrati.sk\/fico-nas-taha-do-vojny-pricom-porusuje-strategicke-dokumenty-sr-pod-ktore-sa-sam-podpisal\/#primaryimage\"},\"thumbnailUrl\":\"https:\/\/www.smedemokrati.sk\/wp-content\/uploads\/2024\/09\/stacilofica.jpg\",\"datePublished\":\"2025-01-08T12:18:10+00:00\",\"dateModified\":\"2025-01-17T09:21:07+00:00\",\"breadcrumb\":{\"@id\":\"https:\/\/www.smedemokrati.sk\/fico-nas-taha-do-vojny-pricom-porusuje-strategicke-dokumenty-sr-pod-ktore-sa-sam-podpisal\/#breadcrumb\"},\"inLanguage\":\"sv-SE\",\"potentialAction\":[{\"@type\":\"ReadAction\",\"target\":[\"https:\/\/www.smedemokrati.sk\/fico-nas-taha-do-vojny-pricom-porusuje-strategicke-dokumenty-sr-pod-ktore-sa-sam-podpisal\/\"]}]},{\"@type\":\"ImageObject\",\"inLanguage\":\"sv-SE\",\"@id\":\"https:\/\/www.smedemokrati.sk\/fico-nas-taha-do-vojny-pricom-porusuje-strategicke-dokumenty-sr-pod-ktore-sa-sam-podpisal\/#primaryimage\",\"url\":\"https:\/\/www.smedemokrati.sk\/wp-content\/uploads\/2024\/09\/stacilofica.jpg\",\"contentUrl\":\"https:\/\/www.smedemokrati.sk\/wp-content\/uploads\/2024\/09\/stacilofica.jpg\",\"width\":1592,\"height\":739},{\"@type\":\"BreadcrumbList\",\"@id\":\"https:\/\/www.smedemokrati.sk\/fico-nas-taha-do-vojny-pricom-porusuje-strategicke-dokumenty-sr-pod-ktore-sa-sam-podpisal\/#breadcrumb\",\"itemListElement\":[{\"@type\":\"ListItem\",\"position\":1,\"name\":\"Domovsk\u00e1 str\u00e1nka\",\"item\":\"https:\/\/www.smedemokrati.sk\/\"},{\"@type\":\"ListItem\",\"position\":2,\"name\":\"Fico n\u00e1s \u0165ah\u00e1 do vojny, pri\u010dom poru\u0161uje strategick\u00e9 dokumenty SR, pod ktor\u00e9 sa s\u00e1m podp\u00edsal\"}]},{\"@type\":\"WebSite\",\"@id\":\"https:\/\/www.smedemokrati.sk\/#website\",\"url\":\"https:\/\/www.smedemokrati.sk\/\",\"name\":\"Smedemokrati.sk\",\"description\":\"Demokracia a slu\u0161nos\u0165 zv\u00ed\u0165az\u00ed\",\"publisher\":{\"@id\":\"https:\/\/www.smedemokrati.sk\/#organization\"},\"potentialAction\":[{\"@type\":\"SearchAction\",\"target\":{\"@type\":\"EntryPoint\",\"urlTemplate\":\"https:\/\/www.smedemokrati.sk\/?s={search_term_string}\"},\"query-input\":{\"@type\":\"PropertyValueSpecification\",\"valueRequired\":true,\"valueName\":\"search_term_string\"}}],\"inLanguage\":\"sv-SE\"},{\"@type\":\"Organization\",\"@id\":\"https:\/\/www.smedemokrati.sk\/#organization\",\"name\":\"Smedemokrati.sk\",\"url\":\"https:\/\/www.smedemokrati.sk\/\",\"logo\":{\"@type\":\"ImageObject\",\"inLanguage\":\"sv-SE\",\"@id\":\"https:\/\/www.smedemokrati.sk\/#\/schema\/logo\/image\/\",\"url\":\"https:\/\/www.smedemokrati.sk\/wp-content\/uploads\/2023\/04\/ff.002.jpeg\",\"contentUrl\":\"https:\/\/www.smedemokrati.sk\/wp-content\/uploads\/2023\/04\/ff.002.jpeg\",\"width\":640,\"height\":480,\"caption\":\"Smedemokrati.sk\"},\"image\":{\"@id\":\"https:\/\/www.smedemokrati.sk\/#\/schema\/logo\/image\/\"},\"sameAs\":[\"https:\/\/www.facebook.com\/smedemokrati2023\"]},{\"@type\":\"Person\",\"@id\":\"https:\/\/www.smedemokrati.sk\/#\/schema\/person\/21f147c88d605aa7ded900e1e7c344ba\",\"name\":\"miro.sopko\",\"image\":{\"@type\":\"ImageObject\",\"inLanguage\":\"sv-SE\",\"@id\":\"https:\/\/secure.gravatar.com\/avatar\/267e4a36f704376c109afe3a78740c1f5dd8675a2180a908699e7863c9247606?s=96&d=mm&r=g\",\"url\":\"https:\/\/secure.gravatar.com\/avatar\/267e4a36f704376c109afe3a78740c1f5dd8675a2180a908699e7863c9247606?s=96&d=mm&r=g\",\"contentUrl\":\"https:\/\/secure.gravatar.com\/avatar\/267e4a36f704376c109afe3a78740c1f5dd8675a2180a908699e7863c9247606?s=96&d=mm&r=g\",\"caption\":\"miro.sopko\"},\"url\":\"https:\/\/www.smedemokrati.sk\/sv\/author\/miro-sopko\/\"}]}<\/script>\n<!-- \/ Yoast SEO plugin. -->","yoast_head_json":{"title":"Fico n\u00e1s \u0165ah\u00e1 do vojny, pri\u010dom poru\u0161uje strategick\u00e9 dokumenty SR, pod ktor\u00e9 sa s\u00e1m podp\u00edsal","robots":{"index":"index","follow":"follow","max-snippet":"max-snippet:-1","max-image-preview":"max-image-preview:large","max-video-preview":"max-video-preview:-1"},"canonical":"https:\/\/www.smedemokrati.sk\/sv\/fico-nas-taha-do-vojny-pricom-porusuje-strategicke-dokumenty-sr-pod-ktore-sa-sam-podpisal\/","og_locale":"sv_SE","og_type":"article","og_title":"[:sk]Fico n\u00e1s \u0165ah\u00e1 do vojny, pri\u010dom poru\u0161uje strategick\u00e9 dokumenty SR, pod ktor\u00e9 sa s\u00e1m podp\u00edsal[:] - Smedemokrati.sk","og_description":"Demokrati upozor\u0148uj\u00fa, \u017ee R\u00f3bert Fico svoj\u00edm konan\u00edm poru\u0161uje zahrani\u010dn\u00e9 dokumenty SR, a to obrann\u00fa a bezpe\u010dnostn\u00fa strat\u00e9giu, ktor\u00e9 boli riadne schv\u00e1len\u00e9 n\u00e1rodnou radou. Pod\u013ea schv\u00e1len\u00fdch dokumentov neexistuje alternat\u00edva vo\u010di NATO a E\u00da a poru\u0161ovanie t\u00fdchto ustanoven\u00ed, m\u00f4\u017ee predstavova\u0165 zatiahnutie Slovenska do vojny, a to po boku agres\u00edvneho Ruska. \u201eR\u00f3bert Fico spustil akciu Bi\u013eak II, ktorej [&hellip;]","og_url":"https:\/\/www.smedemokrati.sk\/sv\/fico-nas-taha-do-vojny-pricom-porusuje-strategicke-dokumenty-sr-pod-ktore-sa-sam-podpisal\/","og_site_name":"Smedemokrati.sk","article_publisher":"https:\/\/www.facebook.com\/smedemokrati2023","article_published_time":"2025-01-08T12:18:10+00:00","article_modified_time":"2025-01-17T09:21:07+00:00","og_image":[{"width":1592,"height":739,"url":"https:\/\/www.smedemokrati.sk\/wp-content\/uploads\/2024\/09\/stacilofica.jpg","type":"image\/jpeg"}],"author":"miro.sopko","twitter_card":"summary_large_image","twitter_misc":{"Skriven av":"miro.sopko","Ber\u00e4knad l\u00e4stid":"3 minuter"},"schema":{"@context":"https:\/\/schema.org","@graph":[{"@type":"Article","@id":"https:\/\/www.smedemokrati.sk\/fico-nas-taha-do-vojny-pricom-porusuje-strategicke-dokumenty-sr-pod-ktore-sa-sam-podpisal\/#article","isPartOf":{"@id":"https:\/\/www.smedemokrati.sk\/fico-nas-taha-do-vojny-pricom-porusuje-strategicke-dokumenty-sr-pod-ktore-sa-sam-podpisal\/"},"author":{"name":"miro.sopko","@id":"https:\/\/www.smedemokrati.sk\/#\/schema\/person\/21f147c88d605aa7ded900e1e7c344ba"},"headline":"Fico n\u00e1s \u0165ah\u00e1 do vojny, pri\u010dom poru\u0161uje strategick\u00e9 dokumenty SR, pod ktor\u00e9 sa s\u00e1m podp\u00edsal","datePublished":"2025-01-08T12:18:10+00:00","dateModified":"2025-01-17T09:21:07+00:00","mainEntityOfPage":{"@id":"https:\/\/www.smedemokrati.sk\/fico-nas-taha-do-vojny-pricom-porusuje-strategicke-dokumenty-sr-pod-ktore-sa-sam-podpisal\/"},"wordCount":602,"publisher":{"@id":"https:\/\/www.smedemokrati.sk\/#organization"},"image":{"@id":"https:\/\/www.smedemokrati.sk\/fico-nas-taha-do-vojny-pricom-porusuje-strategicke-dokumenty-sr-pod-ktore-sa-sam-podpisal\/#primaryimage"},"thumbnailUrl":"https:\/\/www.smedemokrati.sk\/wp-content\/uploads\/2024\/09\/stacilofica.jpg","articleSection":["Tla\u010dov\u00e9 spr\u00e1vy"],"inLanguage":"sv-SE"},{"@type":"WebPage","@id":"https:\/\/www.smedemokrati.sk\/fico-nas-taha-do-vojny-pricom-porusuje-strategicke-dokumenty-sr-pod-ktore-sa-sam-podpisal\/","url":"https:\/\/www.smedemokrati.sk\/fico-nas-taha-do-vojny-pricom-porusuje-strategicke-dokumenty-sr-pod-ktore-sa-sam-podpisal\/","name":"Fico n\u00e1s \u0165ah\u00e1 do vojny, pri\u010dom poru\u0161uje strategick\u00e9 dokumenty SR, pod ktor\u00e9 sa s\u00e1m podp\u00edsal","isPartOf":{"@id":"https:\/\/www.smedemokrati.sk\/#website"},"primaryImageOfPage":{"@id":"https:\/\/www.smedemokrati.sk\/fico-nas-taha-do-vojny-pricom-porusuje-strategicke-dokumenty-sr-pod-ktore-sa-sam-podpisal\/#primaryimage"},"image":{"@id":"https:\/\/www.smedemokrati.sk\/fico-nas-taha-do-vojny-pricom-porusuje-strategicke-dokumenty-sr-pod-ktore-sa-sam-podpisal\/#primaryimage"},"thumbnailUrl":"https:\/\/www.smedemokrati.sk\/wp-content\/uploads\/2024\/09\/stacilofica.jpg","datePublished":"2025-01-08T12:18:10+00:00","dateModified":"2025-01-17T09:21:07+00:00","breadcrumb":{"@id":"https:\/\/www.smedemokrati.sk\/fico-nas-taha-do-vojny-pricom-porusuje-strategicke-dokumenty-sr-pod-ktore-sa-sam-podpisal\/#breadcrumb"},"inLanguage":"sv-SE","potentialAction":[{"@type":"ReadAction","target":["https:\/\/www.smedemokrati.sk\/fico-nas-taha-do-vojny-pricom-porusuje-strategicke-dokumenty-sr-pod-ktore-sa-sam-podpisal\/"]}]},{"@type":"ImageObject","inLanguage":"sv-SE","@id":"https:\/\/www.smedemokrati.sk\/fico-nas-taha-do-vojny-pricom-porusuje-strategicke-dokumenty-sr-pod-ktore-sa-sam-podpisal\/#primaryimage","url":"https:\/\/www.smedemokrati.sk\/wp-content\/uploads\/2024\/09\/stacilofica.jpg","contentUrl":"https:\/\/www.smedemokrati.sk\/wp-content\/uploads\/2024\/09\/stacilofica.jpg","width":1592,"height":739},{"@type":"BreadcrumbList","@id":"https:\/\/www.smedemokrati.sk\/fico-nas-taha-do-vojny-pricom-porusuje-strategicke-dokumenty-sr-pod-ktore-sa-sam-podpisal\/#breadcrumb","itemListElement":[{"@type":"ListItem","position":1,"name":"Domovsk\u00e1 str\u00e1nka","item":"https:\/\/www.smedemokrati.sk\/"},{"@type":"ListItem","position":2,"name":"Fico n\u00e1s \u0165ah\u00e1 do vojny, pri\u010dom poru\u0161uje strategick\u00e9 dokumenty SR, pod ktor\u00e9 sa s\u00e1m podp\u00edsal"}]},{"@type":"WebSite","@id":"https:\/\/www.smedemokrati.sk\/#website","url":"https:\/\/www.smedemokrati.sk\/","name":"Smedemokrati.sk","description":"Demokracia a slu\u0161nos\u0165 zv\u00ed\u0165az\u00ed","publisher":{"@id":"https:\/\/www.smedemokrati.sk\/#organization"},"potentialAction":[{"@type":"SearchAction","target":{"@type":"EntryPoint","urlTemplate":"https:\/\/www.smedemokrati.sk\/?s={search_term_string}"},"query-input":{"@type":"PropertyValueSpecification","valueRequired":true,"valueName":"search_term_string"}}],"inLanguage":"sv-SE"},{"@type":"Organization","@id":"https:\/\/www.smedemokrati.sk\/#organization","name":"Smedemokrati.sk","url":"https:\/\/www.smedemokrati.sk\/","logo":{"@type":"ImageObject","inLanguage":"sv-SE","@id":"https:\/\/www.smedemokrati.sk\/#\/schema\/logo\/image\/","url":"https:\/\/www.smedemokrati.sk\/wp-content\/uploads\/2023\/04\/ff.002.jpeg","contentUrl":"https:\/\/www.smedemokrati.sk\/wp-content\/uploads\/2023\/04\/ff.002.jpeg","width":640,"height":480,"caption":"Smedemokrati.sk"},"image":{"@id":"https:\/\/www.smedemokrati.sk\/#\/schema\/logo\/image\/"},"sameAs":["https:\/\/www.facebook.com\/smedemokrati2023"]},{"@type":"Person","@id":"https:\/\/www.smedemokrati.sk\/#\/schema\/person\/21f147c88d605aa7ded900e1e7c344ba","name":"miro.sopko","image":{"@type":"ImageObject","inLanguage":"sv-SE","@id":"https:\/\/secure.gravatar.com\/avatar\/267e4a36f704376c109afe3a78740c1f5dd8675a2180a908699e7863c9247606?s=96&d=mm&r=g","url":"https:\/\/secure.gravatar.com\/avatar\/267e4a36f704376c109afe3a78740c1f5dd8675a2180a908699e7863c9247606?s=96&d=mm&r=g","contentUrl":"https:\/\/secure.gravatar.com\/avatar\/267e4a36f704376c109afe3a78740c1f5dd8675a2180a908699e7863c9247606?s=96&d=mm&r=g","caption":"miro.sopko"},"url":"https:\/\/www.smedemokrati.sk\/sv\/author\/miro-sopko\/"}]}},"_links":{"self":[{"href":"https:\/\/www.smedemokrati.sk\/sv\/wp-json\/wp\/v2\/posts\/6073","targetHints":{"allow":["GET"]}}],"collection":[{"href":"https:\/\/www.smedemokrati.sk\/sv\/wp-json\/wp\/v2\/posts"}],"about":[{"href":"https:\/\/www.smedemokrati.sk\/sv\/wp-json\/wp\/v2\/types\/post"}],"author":[{"embeddable":true,"href":"https:\/\/www.smedemokrati.sk\/sv\/wp-json\/wp\/v2\/users\/13"}],"replies":[{"embeddable":true,"href":"https:\/\/www.smedemokrati.sk\/sv\/wp-json\/wp\/v2\/comments?post=6073"}],"version-history":[{"count":2,"href":"https:\/\/www.smedemokrati.sk\/sv\/wp-json\/wp\/v2\/posts\/6073\/revisions"}],"predecessor-version":[{"id":6075,"href":"https:\/\/www.smedemokrati.sk\/sv\/wp-json\/wp\/v2\/posts\/6073\/revisions\/6075"}],"wp:featuredmedia":[{"embeddable":true,"href":"https:\/\/www.smedemokrati.sk\/sv\/wp-json\/wp\/v2\/media\/5211"}],"wp:attachment":[{"href":"https:\/\/www.smedemokrati.sk\/sv\/wp-json\/wp\/v2\/media?parent=6073"}],"wp:term":[{"taxonomy":"category","embeddable":true,"href":"https:\/\/www.smedemokrati.sk\/sv\/wp-json\/wp\/v2\/categories?post=6073"},{"taxonomy":"post_tag","embeddable":true,"href":"https:\/\/www.smedemokrati.sk\/sv\/wp-json\/wp\/v2\/tags?post=6073"}],"curies":[{"name":"wp","href":"https:\/\/api.w.org\/{rel}","templated":true}]}}