{"id":6020,"date":"2024-12-19T16:42:18","date_gmt":"2024-12-19T15:42:18","guid":{"rendered":"https:\/\/www.smedemokrati.sk\/?p=6020"},"modified":"2025-01-08T14:19:14","modified_gmt":"2025-01-08T13:19:14","slug":"sutaj-estok-kupuje-stolicky-za-292-tisic-eur-a-to-aj-napriek-tomu-ze-rezort-priznal-diskriminacne-kriterium-v-sutazi","status":"publish","type":"post","link":"https:\/\/www.smedemokrati.sk\/sv\/sutaj-estok-kupuje-stolicky-za-292-tisic-eur-a-to-aj-napriek-tomu-ze-rezort-priznal-diskriminacne-kriterium-v-sutazi\/","title":{"rendered":"\u0160utaj E\u0161tok kupuje stoli\u010dky za 292 t\u00edsic eur, a to aj napriek tomu, \u017ee rezort priznal diskrimina\u010dn\u00e9 krit\u00e9rium v s\u00fa\u0165a\u017ei"},"content":{"rendered":"<div id=\"fb-root\"><\/div>\n\n<p><strong>Ministerstvo vn\u00fatra rozhodlo \u017ee 200 ks kancel\u00e1rskych stoli\u010diek objedn\u00e1 za 291 744 eur. Stalo sa tak aj napriek tomu, \u017ee rezort vn\u00fatra \u010delil kritike s\u00fa\u0165a\u017eiacich, \u017ee nastavil diskrimina\u010dn\u00e9 krit\u00e9ri\u00e1. MV SR v ofici\u00e1lnom liste uch\u00e1dza\u010dom o z\u00e1kazku priznal, \u017ee po\u017eiadavku&nbsp;na &#8221;Wave suspension system&#8221;, ktor\u00e9 sa t\u00fdka operadla stoli\u010dky, m\u00f4\u017ee doda\u0165 iba jeden v\u00fdrobca. Demokrati navy\u0161e kritizuj\u00fa cenu z\u00e1kazky a hovoria, \u017ee mohlo d\u00f4js\u0165 k nehospod\u00e1rnemu vynalo\u017eeniu a\u017e 91% sumy z celkovej hodnoty z\u00e1kazky v uzavretom kontrakte.<\/strong><\/p>\n\n\n\n<p><em>\u201eNespochyb\u0148ujem potrebu obstara\u0165 stoli\u010dky pre policajn\u00fd zbor a pracovn\u00edkov rezortu, no jednoduch\u00fdm googlen\u00edm sme pri\u0161li na to, \u017ee porovnate\u013en\u00fd produkt s podobn\u00fdmi parametrami dnes stoj\u00ed okolo 125 eur. Mat\u00fa\u0161 \u0160utaj E\u0161tok ide obstara\u0165 200 kusov stoli\u010diek a jedna stoj\u00ed neuverite\u013en\u00fdch 1 458,72 eur,&#8221;\u00a0<\/em>otv\u00e1ra t\u00e9mu Jaroslav Na\u010f a hovor\u00ed, \u017ee celkov\u00e1 suma z\u00e1kazky je na \u00farovni 291 744 eur, \u010do je dokonca o 30 tis\u00edc eur viac, ako bola predpokladan\u00e1 hodnota obstar\u00e1vania. Ak by MV SR obstaralo podobn\u00e9 stoli\u010dky, rovnako vo vy\u0161\u0161ej kvalite, napr\u00edklad tie, ktor\u00e9 sme dnes na\u0161li vo verejnej ponuke na internete, zaplatilo by za ne namiesto 291 744 eur len 24 960 eur. MV SR by teda u\u0161etrilo 266 784 eur, ktor\u00e9 ob\u010dania zaplatili zo svojich dan\u00ed.\u00a0\u00a0<\/p>\n\n\n\n<p><em>\u201eObstar\u00e1vanie bolo zm\u00e4to\u010dn\u00e9 a netransparentn\u00e9. Uch\u00e1dza\u010di o z\u00e1kazku poslali ministerstvu ofici\u00e1lnu s\u0165a\u017enos\u0165, v ktorej upozornili, \u017ee rezort nastavil podmienky tak, aby mohol vyhra\u0165 iba jeden jedin\u00fd typ stoli\u010diek od konkr\u00e9tneho v\u00fdrobcu. Ministerstvo to v ofici\u00e1lnej odpovedi priznalo, no diskrimina\u010dn\u00e9 podmienky zmenilo iba hodinu a pol pred uzatvoren\u00edm predkladania pon\u00fak, a tak \u010duduj sa svete, ktor\u00e1 alternat\u00edva vyhrala? Samozrejme t\u00e1, ktorej bola z\u00e1kazka vopred \u0161it\u00e1 na mieru.&#8221;<\/em>\u00a0Uzatv\u00e1ra Jaroslav Na\u010f.\u00a0<\/p>\n\n\n\n<p>Demokrati vyz\u00fdvaj\u00fa Mat\u00fa\u0161a \u0160utaja E\u0161toka, aby zmluvu okam\u017eite zru\u0161il a aby pol\u00edcia a gener\u00e1lny prokur\u00e1tor za\u010dal vo veci kona\u0165, a to pre podozrenia z manipul\u00e1cie vo verejnom obstar\u00e1van\u00ed.&nbsp;<\/p>\n\n\n<div class=\"fb-video\" data-href=\"https:\/\/fb.watch\/wzW4PugD8q\" data-allowfullscreen=\"true\" data-autoplay=\"false\" data-width=\"\" data-show-text=\"false\" data-show-captions=\"true\"><\/div>\n","protected":false},"excerpt":{"rendered":"<p>Ministerstvo vn\u00fatra rozhodlo \u017ee 200 ks kancel\u00e1rskych stoli\u010diek objedn\u00e1 za 291 744 eur. Stalo sa tak aj napriek tomu, \u017ee rezort vn\u00fatra \u010delil kritike s\u00fa\u0165a\u017eiacich, \u017ee nastavil diskrimina\u010dn\u00e9 krit\u00e9ri\u00e1. MV SR v ofici\u00e1lnom liste uch\u00e1dza\u010dom o z\u00e1kazku priznal, \u017ee po\u017eiadavku&nbsp;na &#8221;Wave suspension system&#8221;, ktor\u00e9 sa t\u00fdka operadla stoli\u010dky, m\u00f4\u017ee doda\u0165 iba jeden v\u00fdrobca. Demokrati navy\u0161e [&hellip;]<\/p>\n","protected":false},"author":13,"featured_media":6021,"comment_status":"closed","ping_status":"closed","sticky":false,"template":"","format":"standard","meta":{"_acf_changed":false,"ngg_post_thumbnail":0,"footnotes":""},"categories":[4],"tags":[],"class_list":["post-6020","post","type-post","status-publish","format-standard","has-post-thumbnail","hentry","category-tlacove-spravy"],"acf":[],"yoast_head":"<!-- This site is optimized with the Yoast SEO plugin v27.2 - https:\/\/yoast.com\/product\/yoast-seo-wordpress\/ -->\n<title>\u0160utaj E\u0161tok kupuje stoli\u010dky za 292 t\u00edsic eur, a to aj napriek tomu, \u017ee rezort priznal diskrimina\u010dn\u00e9 krit\u00e9rium v s\u00fa\u0165a\u017ei<\/title>\n<meta name=\"robots\" content=\"index, follow, max-snippet:-1, max-image-preview:large, max-video-preview:-1\" \/>\n<link rel=\"canonical\" href=\"https:\/\/www.smedemokrati.sk\/sv\/sutaj-estok-kupuje-stolicky-za-292-tisic-eur-a-to-aj-napriek-tomu-ze-rezort-priznal-diskriminacne-kriterium-v-sutazi\/\" \/>\n<meta property=\"og:locale\" content=\"sv_SE\" \/>\n<meta property=\"og:locale:alternate\" content=\"en_US\" \/>\n<meta property=\"og:locale:alternate\" content=\"cs_CZ\" \/>\n<meta property=\"og:locale:alternate\" content=\"hu_HU\" \/>\n<meta property=\"og:locale:alternate\" content=\"sk_SK\" \/>\n<meta property=\"og:type\" content=\"article\" \/>\n<meta property=\"og:title\" content=\"\u0160utaj E\u0161tok kupuje stoli\u010dky za 292 t\u00edsic eur, a to aj napriek tomu, \u017ee rezort priznal diskrimina\u010dn\u00e9 krit\u00e9rium v s\u00fa\u0165a\u017ei\" \/>\n<meta property=\"og:description\" content=\"Ministerstvo vn\u00fatra rozhodlo \u017ee 200 ks kancel\u00e1rskych stoli\u010diek objedn\u00e1 za 291 744 eur. Stalo sa tak aj napriek tomu, \u017ee rezort vn\u00fatra \u010delil kritike s\u00fa\u0165a\u017eiacich, \u017ee nastavil diskrimina\u010dn\u00e9 krit\u00e9ri\u00e1. MV SR v ofici\u00e1lnom liste uch\u00e1dza\u010dom o z\u00e1kazku priznal, \u017ee po\u017eiadavku&nbsp;na &#8221;Wave suspension system&#8221;, ktor\u00e9 sa t\u00fdka operadla stoli\u010dky, m\u00f4\u017ee doda\u0165 iba jeden v\u00fdrobca. Demokrati navy\u0161e [&hellip;]\" \/>\n<meta property=\"og:url\" content=\"https:\/\/www.smedemokrati.sk\/sv\/sutaj-estok-kupuje-stolicky-za-292-tisic-eur-a-to-aj-napriek-tomu-ze-rezort-priznal-diskriminacne-kriterium-v-sutazi\/\" \/>\n<meta property=\"og:site_name\" content=\"Smedemokrati.sk\" \/>\n<meta property=\"article:publisher\" content=\"https:\/\/www.facebook.com\/smedemokrati2023\" \/>\n<meta property=\"article:published_time\" content=\"2024-12-19T15:42:18+00:00\" \/>\n<meta property=\"article:modified_time\" content=\"2025-01-08T13:19:14+00:00\" \/>\n<meta property=\"og:image\" content=\"https:\/\/www.smedemokrati.sk\/wp-content\/uploads\/2024\/12\/stolicky-sutaj.jpg\" \/>\n\t<meta property=\"og:image:width\" content=\"1466\" \/>\n\t<meta property=\"og:image:height\" content=\"786\" \/>\n\t<meta property=\"og:image:type\" content=\"image\/jpeg\" \/>\n<meta name=\"author\" content=\"miro.sopko\" \/>\n<meta name=\"twitter:card\" content=\"summary_large_image\" \/>\n<meta name=\"twitter:label1\" content=\"Skriven av\" \/>\n\t<meta name=\"twitter:data1\" content=\"miro.sopko\" \/>\n\t<meta name=\"twitter:label2\" content=\"Ber\u00e4knad l\u00e4stid\" \/>\n\t<meta name=\"twitter:data2\" content=\"2 minuter\" \/>\n<script type=\"application\/ld+json\" class=\"yoast-schema-graph\">{\"@context\":\"https:\/\/schema.org\",\"@graph\":[{\"@type\":\"Article\",\"@id\":\"https:\/\/www.smedemokrati.sk\/sutaj-estok-kupuje-stolicky-za-292-tisic-eur-a-to-aj-napriek-tomu-ze-rezort-priznal-diskriminacne-kriterium-v-sutazi\/#article\",\"isPartOf\":{\"@id\":\"https:\/\/www.smedemokrati.sk\/sutaj-estok-kupuje-stolicky-za-292-tisic-eur-a-to-aj-napriek-tomu-ze-rezort-priznal-diskriminacne-kriterium-v-sutazi\/\"},\"author\":{\"name\":\"miro.sopko\",\"@id\":\"https:\/\/www.smedemokrati.sk\/#\/schema\/person\/21f147c88d605aa7ded900e1e7c344ba\"},\"headline\":\"\u0160utaj E\u0161tok kupuje stoli\u010dky za 292 t\u00edsic eur, a to aj napriek tomu, \u017ee rezort priznal diskrimina\u010dn\u00e9 krit\u00e9rium v s\u00fa\u0165a\u017ei\",\"datePublished\":\"2024-12-19T15:42:18+00:00\",\"dateModified\":\"2025-01-08T13:19:14+00:00\",\"mainEntityOfPage\":{\"@id\":\"https:\/\/www.smedemokrati.sk\/sutaj-estok-kupuje-stolicky-za-292-tisic-eur-a-to-aj-napriek-tomu-ze-rezort-priznal-diskriminacne-kriterium-v-sutazi\/\"},\"wordCount\":393,\"publisher\":{\"@id\":\"https:\/\/www.smedemokrati.sk\/#organization\"},\"image\":{\"@id\":\"https:\/\/www.smedemokrati.sk\/sutaj-estok-kupuje-stolicky-za-292-tisic-eur-a-to-aj-napriek-tomu-ze-rezort-priznal-diskriminacne-kriterium-v-sutazi\/#primaryimage\"},\"thumbnailUrl\":\"https:\/\/www.smedemokrati.sk\/wp-content\/uploads\/2024\/12\/stolicky-sutaj.jpg\",\"articleSection\":[\"Tla\u010dov\u00e9 spr\u00e1vy\"],\"inLanguage\":\"sv-SE\"},{\"@type\":\"WebPage\",\"@id\":\"https:\/\/www.smedemokrati.sk\/sutaj-estok-kupuje-stolicky-za-292-tisic-eur-a-to-aj-napriek-tomu-ze-rezort-priznal-diskriminacne-kriterium-v-sutazi\/\",\"url\":\"https:\/\/www.smedemokrati.sk\/sutaj-estok-kupuje-stolicky-za-292-tisic-eur-a-to-aj-napriek-tomu-ze-rezort-priznal-diskriminacne-kriterium-v-sutazi\/\",\"name\":\"\u0160utaj E\u0161tok kupuje stoli\u010dky za 292 t\u00edsic eur, a to aj napriek tomu, \u017ee rezort priznal diskrimina\u010dn\u00e9 krit\u00e9rium v s\u00fa\u0165a\u017ei\",\"isPartOf\":{\"@id\":\"https:\/\/www.smedemokrati.sk\/#website\"},\"primaryImageOfPage\":{\"@id\":\"https:\/\/www.smedemokrati.sk\/sutaj-estok-kupuje-stolicky-za-292-tisic-eur-a-to-aj-napriek-tomu-ze-rezort-priznal-diskriminacne-kriterium-v-sutazi\/#primaryimage\"},\"image\":{\"@id\":\"https:\/\/www.smedemokrati.sk\/sutaj-estok-kupuje-stolicky-za-292-tisic-eur-a-to-aj-napriek-tomu-ze-rezort-priznal-diskriminacne-kriterium-v-sutazi\/#primaryimage\"},\"thumbnailUrl\":\"https:\/\/www.smedemokrati.sk\/wp-content\/uploads\/2024\/12\/stolicky-sutaj.jpg\",\"datePublished\":\"2024-12-19T15:42:18+00:00\",\"dateModified\":\"2025-01-08T13:19:14+00:00\",\"breadcrumb\":{\"@id\":\"https:\/\/www.smedemokrati.sk\/sutaj-estok-kupuje-stolicky-za-292-tisic-eur-a-to-aj-napriek-tomu-ze-rezort-priznal-diskriminacne-kriterium-v-sutazi\/#breadcrumb\"},\"inLanguage\":\"sv-SE\",\"potentialAction\":[{\"@type\":\"ReadAction\",\"target\":[\"https:\/\/www.smedemokrati.sk\/sutaj-estok-kupuje-stolicky-za-292-tisic-eur-a-to-aj-napriek-tomu-ze-rezort-priznal-diskriminacne-kriterium-v-sutazi\/\"]}]},{\"@type\":\"ImageObject\",\"inLanguage\":\"sv-SE\",\"@id\":\"https:\/\/www.smedemokrati.sk\/sutaj-estok-kupuje-stolicky-za-292-tisic-eur-a-to-aj-napriek-tomu-ze-rezort-priznal-diskriminacne-kriterium-v-sutazi\/#primaryimage\",\"url\":\"https:\/\/www.smedemokrati.sk\/wp-content\/uploads\/2024\/12\/stolicky-sutaj.jpg\",\"contentUrl\":\"https:\/\/www.smedemokrati.sk\/wp-content\/uploads\/2024\/12\/stolicky-sutaj.jpg\",\"width\":1466,\"height\":786},{\"@type\":\"BreadcrumbList\",\"@id\":\"https:\/\/www.smedemokrati.sk\/sutaj-estok-kupuje-stolicky-za-292-tisic-eur-a-to-aj-napriek-tomu-ze-rezort-priznal-diskriminacne-kriterium-v-sutazi\/#breadcrumb\",\"itemListElement\":[{\"@type\":\"ListItem\",\"position\":1,\"name\":\"Domovsk\u00e1 str\u00e1nka\",\"item\":\"https:\/\/www.smedemokrati.sk\/\"},{\"@type\":\"ListItem\",\"position\":2,\"name\":\"\u0160utaj E\u0161tok kupuje stoli\u010dky za 292 t\u00edsic eur, a to aj napriek tomu, \u017ee rezort priznal diskrimina\u010dn\u00e9 krit\u00e9rium v s\u00fa\u0165a\u017ei\"}]},{\"@type\":\"WebSite\",\"@id\":\"https:\/\/www.smedemokrati.sk\/#website\",\"url\":\"https:\/\/www.smedemokrati.sk\/\",\"name\":\"Smedemokrati.sk\",\"description\":\"Demokracia a slu\u0161nos\u0165 zv\u00ed\u0165az\u00ed\",\"publisher\":{\"@id\":\"https:\/\/www.smedemokrati.sk\/#organization\"},\"potentialAction\":[{\"@type\":\"SearchAction\",\"target\":{\"@type\":\"EntryPoint\",\"urlTemplate\":\"https:\/\/www.smedemokrati.sk\/?s={search_term_string}\"},\"query-input\":{\"@type\":\"PropertyValueSpecification\",\"valueRequired\":true,\"valueName\":\"search_term_string\"}}],\"inLanguage\":\"sv-SE\"},{\"@type\":\"Organization\",\"@id\":\"https:\/\/www.smedemokrati.sk\/#organization\",\"name\":\"Smedemokrati.sk\",\"url\":\"https:\/\/www.smedemokrati.sk\/\",\"logo\":{\"@type\":\"ImageObject\",\"inLanguage\":\"sv-SE\",\"@id\":\"https:\/\/www.smedemokrati.sk\/#\/schema\/logo\/image\/\",\"url\":\"https:\/\/www.smedemokrati.sk\/wp-content\/uploads\/2023\/04\/ff.002.jpeg\",\"contentUrl\":\"https:\/\/www.smedemokrati.sk\/wp-content\/uploads\/2023\/04\/ff.002.jpeg\",\"width\":640,\"height\":480,\"caption\":\"Smedemokrati.sk\"},\"image\":{\"@id\":\"https:\/\/www.smedemokrati.sk\/#\/schema\/logo\/image\/\"},\"sameAs\":[\"https:\/\/www.facebook.com\/smedemokrati2023\"]},{\"@type\":\"Person\",\"@id\":\"https:\/\/www.smedemokrati.sk\/#\/schema\/person\/21f147c88d605aa7ded900e1e7c344ba\",\"name\":\"miro.sopko\",\"image\":{\"@type\":\"ImageObject\",\"inLanguage\":\"sv-SE\",\"@id\":\"https:\/\/secure.gravatar.com\/avatar\/267e4a36f704376c109afe3a78740c1f5dd8675a2180a908699e7863c9247606?s=96&d=mm&r=g\",\"url\":\"https:\/\/secure.gravatar.com\/avatar\/267e4a36f704376c109afe3a78740c1f5dd8675a2180a908699e7863c9247606?s=96&d=mm&r=g\",\"contentUrl\":\"https:\/\/secure.gravatar.com\/avatar\/267e4a36f704376c109afe3a78740c1f5dd8675a2180a908699e7863c9247606?s=96&d=mm&r=g\",\"caption\":\"miro.sopko\"},\"url\":\"https:\/\/www.smedemokrati.sk\/sv\/author\/miro-sopko\/\"}]}<\/script>\n<!-- \/ Yoast SEO plugin. -->","yoast_head_json":{"title":"\u0160utaj E\u0161tok kupuje stoli\u010dky za 292 t\u00edsic eur, a to aj napriek tomu, \u017ee rezort priznal diskrimina\u010dn\u00e9 krit\u00e9rium v s\u00fa\u0165a\u017ei","robots":{"index":"index","follow":"follow","max-snippet":"max-snippet:-1","max-image-preview":"max-image-preview:large","max-video-preview":"max-video-preview:-1"},"canonical":"https:\/\/www.smedemokrati.sk\/sv\/sutaj-estok-kupuje-stolicky-za-292-tisic-eur-a-to-aj-napriek-tomu-ze-rezort-priznal-diskriminacne-kriterium-v-sutazi\/","og_locale":"sv_SE","og_type":"article","og_title":"[:sk]\u0160utaj E\u0161tok kupuje stoli\u010dky za 292 t\u00edsic eur, a to aj napriek tomu, \u017ee rezort priznal diskrimina\u010dn\u00e9 krit\u00e9rium v s\u00fa\u0165a\u017ei[:] - Smedemokrati.sk","og_description":"Ministerstvo vn\u00fatra rozhodlo \u017ee 200 ks kancel\u00e1rskych stoli\u010diek objedn\u00e1 za 291 744 eur. Stalo sa tak aj napriek tomu, \u017ee rezort vn\u00fatra \u010delil kritike s\u00fa\u0165a\u017eiacich, \u017ee nastavil diskrimina\u010dn\u00e9 krit\u00e9ri\u00e1. MV SR v ofici\u00e1lnom liste uch\u00e1dza\u010dom o z\u00e1kazku priznal, \u017ee po\u017eiadavku&nbsp;na &#8221;Wave suspension system&#8221;, ktor\u00e9 sa t\u00fdka operadla stoli\u010dky, m\u00f4\u017ee doda\u0165 iba jeden v\u00fdrobca. Demokrati navy\u0161e [&hellip;]","og_url":"https:\/\/www.smedemokrati.sk\/sv\/sutaj-estok-kupuje-stolicky-za-292-tisic-eur-a-to-aj-napriek-tomu-ze-rezort-priznal-diskriminacne-kriterium-v-sutazi\/","og_site_name":"Smedemokrati.sk","article_publisher":"https:\/\/www.facebook.com\/smedemokrati2023","article_published_time":"2024-12-19T15:42:18+00:00","article_modified_time":"2025-01-08T13:19:14+00:00","og_image":[{"width":1466,"height":786,"url":"https:\/\/www.smedemokrati.sk\/wp-content\/uploads\/2024\/12\/stolicky-sutaj.jpg","type":"image\/jpeg"}],"author":"miro.sopko","twitter_card":"summary_large_image","twitter_misc":{"Skriven av":"miro.sopko","Ber\u00e4knad l\u00e4stid":"2 minuter"},"schema":{"@context":"https:\/\/schema.org","@graph":[{"@type":"Article","@id":"https:\/\/www.smedemokrati.sk\/sutaj-estok-kupuje-stolicky-za-292-tisic-eur-a-to-aj-napriek-tomu-ze-rezort-priznal-diskriminacne-kriterium-v-sutazi\/#article","isPartOf":{"@id":"https:\/\/www.smedemokrati.sk\/sutaj-estok-kupuje-stolicky-za-292-tisic-eur-a-to-aj-napriek-tomu-ze-rezort-priznal-diskriminacne-kriterium-v-sutazi\/"},"author":{"name":"miro.sopko","@id":"https:\/\/www.smedemokrati.sk\/#\/schema\/person\/21f147c88d605aa7ded900e1e7c344ba"},"headline":"\u0160utaj E\u0161tok kupuje stoli\u010dky za 292 t\u00edsic eur, a to aj napriek tomu, \u017ee rezort priznal diskrimina\u010dn\u00e9 krit\u00e9rium v s\u00fa\u0165a\u017ei","datePublished":"2024-12-19T15:42:18+00:00","dateModified":"2025-01-08T13:19:14+00:00","mainEntityOfPage":{"@id":"https:\/\/www.smedemokrati.sk\/sutaj-estok-kupuje-stolicky-za-292-tisic-eur-a-to-aj-napriek-tomu-ze-rezort-priznal-diskriminacne-kriterium-v-sutazi\/"},"wordCount":393,"publisher":{"@id":"https:\/\/www.smedemokrati.sk\/#organization"},"image":{"@id":"https:\/\/www.smedemokrati.sk\/sutaj-estok-kupuje-stolicky-za-292-tisic-eur-a-to-aj-napriek-tomu-ze-rezort-priznal-diskriminacne-kriterium-v-sutazi\/#primaryimage"},"thumbnailUrl":"https:\/\/www.smedemokrati.sk\/wp-content\/uploads\/2024\/12\/stolicky-sutaj.jpg","articleSection":["Tla\u010dov\u00e9 spr\u00e1vy"],"inLanguage":"sv-SE"},{"@type":"WebPage","@id":"https:\/\/www.smedemokrati.sk\/sutaj-estok-kupuje-stolicky-za-292-tisic-eur-a-to-aj-napriek-tomu-ze-rezort-priznal-diskriminacne-kriterium-v-sutazi\/","url":"https:\/\/www.smedemokrati.sk\/sutaj-estok-kupuje-stolicky-za-292-tisic-eur-a-to-aj-napriek-tomu-ze-rezort-priznal-diskriminacne-kriterium-v-sutazi\/","name":"\u0160utaj E\u0161tok kupuje stoli\u010dky za 292 t\u00edsic eur, a to aj napriek tomu, \u017ee rezort priznal diskrimina\u010dn\u00e9 krit\u00e9rium v s\u00fa\u0165a\u017ei","isPartOf":{"@id":"https:\/\/www.smedemokrati.sk\/#website"},"primaryImageOfPage":{"@id":"https:\/\/www.smedemokrati.sk\/sutaj-estok-kupuje-stolicky-za-292-tisic-eur-a-to-aj-napriek-tomu-ze-rezort-priznal-diskriminacne-kriterium-v-sutazi\/#primaryimage"},"image":{"@id":"https:\/\/www.smedemokrati.sk\/sutaj-estok-kupuje-stolicky-za-292-tisic-eur-a-to-aj-napriek-tomu-ze-rezort-priznal-diskriminacne-kriterium-v-sutazi\/#primaryimage"},"thumbnailUrl":"https:\/\/www.smedemokrati.sk\/wp-content\/uploads\/2024\/12\/stolicky-sutaj.jpg","datePublished":"2024-12-19T15:42:18+00:00","dateModified":"2025-01-08T13:19:14+00:00","breadcrumb":{"@id":"https:\/\/www.smedemokrati.sk\/sutaj-estok-kupuje-stolicky-za-292-tisic-eur-a-to-aj-napriek-tomu-ze-rezort-priznal-diskriminacne-kriterium-v-sutazi\/#breadcrumb"},"inLanguage":"sv-SE","potentialAction":[{"@type":"ReadAction","target":["https:\/\/www.smedemokrati.sk\/sutaj-estok-kupuje-stolicky-za-292-tisic-eur-a-to-aj-napriek-tomu-ze-rezort-priznal-diskriminacne-kriterium-v-sutazi\/"]}]},{"@type":"ImageObject","inLanguage":"sv-SE","@id":"https:\/\/www.smedemokrati.sk\/sutaj-estok-kupuje-stolicky-za-292-tisic-eur-a-to-aj-napriek-tomu-ze-rezort-priznal-diskriminacne-kriterium-v-sutazi\/#primaryimage","url":"https:\/\/www.smedemokrati.sk\/wp-content\/uploads\/2024\/12\/stolicky-sutaj.jpg","contentUrl":"https:\/\/www.smedemokrati.sk\/wp-content\/uploads\/2024\/12\/stolicky-sutaj.jpg","width":1466,"height":786},{"@type":"BreadcrumbList","@id":"https:\/\/www.smedemokrati.sk\/sutaj-estok-kupuje-stolicky-za-292-tisic-eur-a-to-aj-napriek-tomu-ze-rezort-priznal-diskriminacne-kriterium-v-sutazi\/#breadcrumb","itemListElement":[{"@type":"ListItem","position":1,"name":"Domovsk\u00e1 str\u00e1nka","item":"https:\/\/www.smedemokrati.sk\/"},{"@type":"ListItem","position":2,"name":"\u0160utaj E\u0161tok kupuje stoli\u010dky za 292 t\u00edsic eur, a to aj napriek tomu, \u017ee rezort priznal diskrimina\u010dn\u00e9 krit\u00e9rium v s\u00fa\u0165a\u017ei"}]},{"@type":"WebSite","@id":"https:\/\/www.smedemokrati.sk\/#website","url":"https:\/\/www.smedemokrati.sk\/","name":"Smedemokrati.sk","description":"Demokracia a slu\u0161nos\u0165 zv\u00ed\u0165az\u00ed","publisher":{"@id":"https:\/\/www.smedemokrati.sk\/#organization"},"potentialAction":[{"@type":"SearchAction","target":{"@type":"EntryPoint","urlTemplate":"https:\/\/www.smedemokrati.sk\/?s={search_term_string}"},"query-input":{"@type":"PropertyValueSpecification","valueRequired":true,"valueName":"search_term_string"}}],"inLanguage":"sv-SE"},{"@type":"Organization","@id":"https:\/\/www.smedemokrati.sk\/#organization","name":"Smedemokrati.sk","url":"https:\/\/www.smedemokrati.sk\/","logo":{"@type":"ImageObject","inLanguage":"sv-SE","@id":"https:\/\/www.smedemokrati.sk\/#\/schema\/logo\/image\/","url":"https:\/\/www.smedemokrati.sk\/wp-content\/uploads\/2023\/04\/ff.002.jpeg","contentUrl":"https:\/\/www.smedemokrati.sk\/wp-content\/uploads\/2023\/04\/ff.002.jpeg","width":640,"height":480,"caption":"Smedemokrati.sk"},"image":{"@id":"https:\/\/www.smedemokrati.sk\/#\/schema\/logo\/image\/"},"sameAs":["https:\/\/www.facebook.com\/smedemokrati2023"]},{"@type":"Person","@id":"https:\/\/www.smedemokrati.sk\/#\/schema\/person\/21f147c88d605aa7ded900e1e7c344ba","name":"miro.sopko","image":{"@type":"ImageObject","inLanguage":"sv-SE","@id":"https:\/\/secure.gravatar.com\/avatar\/267e4a36f704376c109afe3a78740c1f5dd8675a2180a908699e7863c9247606?s=96&d=mm&r=g","url":"https:\/\/secure.gravatar.com\/avatar\/267e4a36f704376c109afe3a78740c1f5dd8675a2180a908699e7863c9247606?s=96&d=mm&r=g","contentUrl":"https:\/\/secure.gravatar.com\/avatar\/267e4a36f704376c109afe3a78740c1f5dd8675a2180a908699e7863c9247606?s=96&d=mm&r=g","caption":"miro.sopko"},"url":"https:\/\/www.smedemokrati.sk\/sv\/author\/miro-sopko\/"}]}},"_links":{"self":[{"href":"https:\/\/www.smedemokrati.sk\/sv\/wp-json\/wp\/v2\/posts\/6020","targetHints":{"allow":["GET"]}}],"collection":[{"href":"https:\/\/www.smedemokrati.sk\/sv\/wp-json\/wp\/v2\/posts"}],"about":[{"href":"https:\/\/www.smedemokrati.sk\/sv\/wp-json\/wp\/v2\/types\/post"}],"author":[{"embeddable":true,"href":"https:\/\/www.smedemokrati.sk\/sv\/wp-json\/wp\/v2\/users\/13"}],"replies":[{"embeddable":true,"href":"https:\/\/www.smedemokrati.sk\/sv\/wp-json\/wp\/v2\/comments?post=6020"}],"version-history":[{"count":1,"href":"https:\/\/www.smedemokrati.sk\/sv\/wp-json\/wp\/v2\/posts\/6020\/revisions"}],"predecessor-version":[{"id":6022,"href":"https:\/\/www.smedemokrati.sk\/sv\/wp-json\/wp\/v2\/posts\/6020\/revisions\/6022"}],"wp:featuredmedia":[{"embeddable":true,"href":"https:\/\/www.smedemokrati.sk\/sv\/wp-json\/wp\/v2\/media\/6021"}],"wp:attachment":[{"href":"https:\/\/www.smedemokrati.sk\/sv\/wp-json\/wp\/v2\/media?parent=6020"}],"wp:term":[{"taxonomy":"category","embeddable":true,"href":"https:\/\/www.smedemokrati.sk\/sv\/wp-json\/wp\/v2\/categories?post=6020"},{"taxonomy":"post_tag","embeddable":true,"href":"https:\/\/www.smedemokrati.sk\/sv\/wp-json\/wp\/v2\/tags?post=6020"}],"curies":[{"name":"wp","href":"https:\/\/api.w.org\/{rel}","templated":true}]}}