{"id":5979,"date":"2024-12-10T17:17:26","date_gmt":"2024-12-10T16:17:26","guid":{"rendered":"https:\/\/www.smedemokrati.sk\/?p=5979"},"modified":"2024-12-19T09:36:39","modified_gmt":"2024-12-19T08:36:39","slug":"vykradnute-auto-koordinatora-peticie-za-predcasne-volby-hladali-peticne-harky","status":"publish","type":"post","link":"https:\/\/www.smedemokrati.sk\/sv\/vykradnute-auto-koordinatora-peticie-za-predcasne-volby-hladali-peticne-harky\/","title":{"rendered":"Vykradnut\u00e9 auto koordin\u00e1tora pet\u00edcie za pred\u010dasn\u00e9 vo\u013eby, h\u013eadali peti\u010dn\u00e9 h\u00e1rky?"},"content":{"rendered":"<div id=\"fb-root\"><\/div>\n\n<p><strong>Koordin\u00e1torovi zberu podpisov za pet\u00edciu Sta\u010dilo Fica, \u010dlenovi Demokratov Michalovi Pavl\u00edkovi, nezn\u00e1my p\u00e1chate\u013e rozbil zadn\u00e9 okno auta, v ktorom ka\u017edodenne prev\u00e1\u017eal h\u00e1rky s podpismi. \u0160okuj\u00face je, \u017ee z auta nezmizlo ni\u010d, iba mikiny ku kampani \u201eSta\u010dilo Fica&#8221;. Demokrati sa p\u00fdtaj\u00fa, \u010di p\u00e1chate\u013e alebo p\u00e1chatelia h\u013eadali tis\u00edcky podp\u00edsan\u00fdch peti\u010dn\u00fdch h\u00e1rkov a z\u00e1rove\u0148 odkazuj\u00fa: nezastra\u0161\u00edte n\u00e1s!<\/strong><br><\/p>\n\n\n\n<p>Jaroslav Na\u010f hovor\u00ed o zastra\u0161ovan\u00ed, no dod\u00e1va, \u017ee to na Demokratov neplat\u00ed: <em>\u201eMichal mal v aute mno\u017estvo vec\u00ed, oble\u010denie \u010di \u0161portov\u00e9 n\u00e1radie, ale ni\u010d z toho nezmizlo. Som u\u017e dos\u0165 dlho v politike na to aby som vedel, \u017ee n\u00e1hody neexistuj\u00fa. Samozrejme, po\u010dk\u00e1me na z\u00e1very vy\u0161etrovania a ke\u010f sme doteraz mali okolo 30 v\u00fdjazdov s h\u00e1rkami za t\u00fd\u017ede\u0148, po tomto incidente ich bude po novom roku e\u0161te viac. Nech to urobil ktoko\u013evek, nenech\u00e1me sa zastra\u0161i\u0165.&#8221; <\/em>Predseda Demokratov z\u00e1rove\u0148 dod\u00e1va, \u017ee ak p\u00e1chatelia h\u013eadali v aute tis\u00edcky podp\u00edsan\u00fdch h\u00e1rkov, m\u00f4\u017eu si by\u0165 ist\u00ed, \u017ee s\u00fa uzamknut\u00e9 na bezpe\u010dnom mieste.<\/p>\n\n\n\n<p><em>\u201eBeriem to ako s\u00fa\u010das\u0165 pr\u00e1ce, no odmietam si na tak\u00e9 veci zvyka\u0165. Ak si p\u00e1chate\u013e alebo p\u00e1chatelia mysleli, \u017ee po tomto sklon\u00edme hlavu, nestane sa to. Pokra\u010dujeme vo v\u00fdjazdoch, \u010fakujeme v\u0161etk\u00fdm, ktor\u00ed odovzd\u00e1vaj\u00fa svoj podpis,&#8221;<\/em> hovor\u00ed Michal Pavl\u00edk, ktor\u00fd udalos\u0165 riadne nahl\u00e1sil pol\u00edcii a vo veci bud\u00fa vykonan\u00e9 potrebn\u00e9 \u00fakony.Incident sa stal v uzamykate\u013enej gar\u00e1\u017ei bytovho domu, kde parkovalo viacero \u00e1ut, no vykradnut\u00e9 bolo iba to Michala Pavl\u00edka. <\/p>\n\n\n\n\n\n<figure class=\"wp-block-image size-large\"><img decoding=\"async\" width=\"781\" height=\"1024\" src=\"https:\/\/www.smedemokrati.sk\/wp-content\/uploads\/2024\/12\/1000017648-781x1024.jpg\" alt=\"\" class=\"wp-image-5980\" srcset=\"https:\/\/www.smedemokrati.sk\/wp-content\/uploads\/2024\/12\/1000017648-781x1024.jpg 781w, https:\/\/www.smedemokrati.sk\/wp-content\/uploads\/2024\/12\/1000017648-229x300.jpg 229w, https:\/\/www.smedemokrati.sk\/wp-content\/uploads\/2024\/12\/1000017648-768x1006.jpg 768w, https:\/\/www.smedemokrati.sk\/wp-content\/uploads\/2024\/12\/1000017648-1172x1536.jpg 1172w, https:\/\/www.smedemokrati.sk\/wp-content\/uploads\/2024\/12\/1000017648.jpg 1179w\" sizes=\"(max-width: 781px) 100vw, 781px\" \/><\/figure>\n\n\n","protected":false},"excerpt":{"rendered":"<p>Koordin\u00e1torovi zberu podpisov za pet\u00edciu Sta\u010dilo Fica, \u010dlenovi Demokratov Michalovi Pavl\u00edkovi, nezn\u00e1my p\u00e1chate\u013e rozbil zadn\u00e9 okno auta, v ktorom ka\u017edodenne prev\u00e1\u017eal h\u00e1rky s podpismi. \u0160okuj\u00face je, \u017ee z auta nezmizlo ni\u010d, iba mikiny ku kampani \u201eSta\u010dilo Fica&#8221;. Demokrati sa p\u00fdtaj\u00fa, \u010di p\u00e1chate\u013e alebo p\u00e1chatelia h\u013eadali tis\u00edcky podp\u00edsan\u00fdch peti\u010dn\u00fdch h\u00e1rkov a z\u00e1rove\u0148 odkazuj\u00fa: nezastra\u0161\u00edte n\u00e1s! Jaroslav [&hellip;]<\/p>\n","protected":false},"author":13,"featured_media":5980,"comment_status":"closed","ping_status":"closed","sticky":false,"template":"","format":"standard","meta":{"_acf_changed":false,"ngg_post_thumbnail":0,"footnotes":""},"categories":[4],"tags":[],"class_list":["post-5979","post","type-post","status-publish","format-standard","has-post-thumbnail","hentry","category-tlacove-spravy"],"acf":[],"yoast_head":"<!-- This site is optimized with the Yoast SEO plugin v27.2 - https:\/\/yoast.com\/product\/yoast-seo-wordpress\/ -->\n<title>Vykradnut\u00e9 auto koordin\u00e1tora pet\u00edcie za pred\u010dasn\u00e9 vo\u013eby, h\u013eadali peti\u010dn\u00e9 h\u00e1rky?<\/title>\n<meta name=\"robots\" content=\"index, follow, max-snippet:-1, max-image-preview:large, max-video-preview:-1\" \/>\n<link rel=\"canonical\" href=\"https:\/\/www.smedemokrati.sk\/sv\/vykradnute-auto-koordinatora-peticie-za-predcasne-volby-hladali-peticne-harky\/\" \/>\n<meta property=\"og:locale\" content=\"sv_SE\" \/>\n<meta property=\"og:locale:alternate\" content=\"en_US\" \/>\n<meta property=\"og:locale:alternate\" content=\"cs_CZ\" \/>\n<meta property=\"og:locale:alternate\" content=\"hu_HU\" \/>\n<meta property=\"og:locale:alternate\" content=\"sk_SK\" \/>\n<meta property=\"og:type\" content=\"article\" \/>\n<meta property=\"og:title\" content=\"Vykradnut\u00e9 auto koordin\u00e1tora pet\u00edcie za pred\u010dasn\u00e9 vo\u013eby, h\u013eadali peti\u010dn\u00e9 h\u00e1rky?\" \/>\n<meta property=\"og:description\" content=\"Koordin\u00e1torovi zberu podpisov za pet\u00edciu Sta\u010dilo Fica, \u010dlenovi Demokratov Michalovi Pavl\u00edkovi, nezn\u00e1my p\u00e1chate\u013e rozbil zadn\u00e9 okno auta, v ktorom ka\u017edodenne prev\u00e1\u017eal h\u00e1rky s podpismi. \u0160okuj\u00face je, \u017ee z auta nezmizlo ni\u010d, iba mikiny ku kampani \u201eSta\u010dilo Fica&#8221;. Demokrati sa p\u00fdtaj\u00fa, \u010di p\u00e1chate\u013e alebo p\u00e1chatelia h\u013eadali tis\u00edcky podp\u00edsan\u00fdch peti\u010dn\u00fdch h\u00e1rkov a z\u00e1rove\u0148 odkazuj\u00fa: nezastra\u0161\u00edte n\u00e1s! Jaroslav [&hellip;]\" \/>\n<meta property=\"og:url\" content=\"https:\/\/www.smedemokrati.sk\/sv\/vykradnute-auto-koordinatora-peticie-za-predcasne-volby-hladali-peticne-harky\/\" \/>\n<meta property=\"og:site_name\" content=\"Smedemokrati.sk\" \/>\n<meta property=\"article:publisher\" content=\"https:\/\/www.facebook.com\/smedemokrati2023\" \/>\n<meta property=\"article:published_time\" content=\"2024-12-10T16:17:26+00:00\" \/>\n<meta property=\"article:modified_time\" content=\"2024-12-19T08:36:39+00:00\" \/>\n<meta property=\"og:image\" content=\"https:\/\/www.smedemokrati.sk\/wp-content\/uploads\/2024\/12\/1000017648.jpg\" \/>\n\t<meta property=\"og:image:width\" content=\"1179\" \/>\n\t<meta property=\"og:image:height\" content=\"1545\" \/>\n\t<meta property=\"og:image:type\" content=\"image\/jpeg\" \/>\n<meta name=\"author\" content=\"miro.sopko\" \/>\n<meta name=\"twitter:card\" content=\"summary_large_image\" \/>\n<meta name=\"twitter:label1\" content=\"Skriven av\" \/>\n\t<meta name=\"twitter:data1\" content=\"miro.sopko\" \/>\n\t<meta name=\"twitter:label2\" content=\"Ber\u00e4knad l\u00e4stid\" \/>\n\t<meta name=\"twitter:data2\" content=\"2 minuter\" \/>\n<script type=\"application\/ld+json\" class=\"yoast-schema-graph\">{\"@context\":\"https:\/\/schema.org\",\"@graph\":[{\"@type\":\"Article\",\"@id\":\"https:\/\/www.smedemokrati.sk\/vykradnute-auto-koordinatora-peticie-za-predcasne-volby-hladali-peticne-harky\/#article\",\"isPartOf\":{\"@id\":\"https:\/\/www.smedemokrati.sk\/vykradnute-auto-koordinatora-peticie-za-predcasne-volby-hladali-peticne-harky\/\"},\"author\":{\"name\":\"miro.sopko\",\"@id\":\"https:\/\/www.smedemokrati.sk\/#\/schema\/person\/21f147c88d605aa7ded900e1e7c344ba\"},\"headline\":\"Vykradnut\u00e9 auto koordin\u00e1tora pet\u00edcie za pred\u010dasn\u00e9 vo\u013eby, h\u013eadali peti\u010dn\u00e9 h\u00e1rky?\",\"datePublished\":\"2024-12-10T16:17:26+00:00\",\"dateModified\":\"2024-12-19T08:36:39+00:00\",\"mainEntityOfPage\":{\"@id\":\"https:\/\/www.smedemokrati.sk\/vykradnute-auto-koordinatora-peticie-za-predcasne-volby-hladali-peticne-harky\/\"},\"wordCount\":306,\"publisher\":{\"@id\":\"https:\/\/www.smedemokrati.sk\/#organization\"},\"image\":{\"@id\":\"https:\/\/www.smedemokrati.sk\/vykradnute-auto-koordinatora-peticie-za-predcasne-volby-hladali-peticne-harky\/#primaryimage\"},\"thumbnailUrl\":\"https:\/\/www.smedemokrati.sk\/wp-content\/uploads\/2024\/12\/1000017648.jpg\",\"articleSection\":[\"Tla\u010dov\u00e9 spr\u00e1vy\"],\"inLanguage\":\"sv-SE\"},{\"@type\":\"WebPage\",\"@id\":\"https:\/\/www.smedemokrati.sk\/vykradnute-auto-koordinatora-peticie-za-predcasne-volby-hladali-peticne-harky\/\",\"url\":\"https:\/\/www.smedemokrati.sk\/vykradnute-auto-koordinatora-peticie-za-predcasne-volby-hladali-peticne-harky\/\",\"name\":\"Vykradnut\u00e9 auto koordin\u00e1tora pet\u00edcie za pred\u010dasn\u00e9 vo\u013eby, h\u013eadali peti\u010dn\u00e9 h\u00e1rky?\",\"isPartOf\":{\"@id\":\"https:\/\/www.smedemokrati.sk\/#website\"},\"primaryImageOfPage\":{\"@id\":\"https:\/\/www.smedemokrati.sk\/vykradnute-auto-koordinatora-peticie-za-predcasne-volby-hladali-peticne-harky\/#primaryimage\"},\"image\":{\"@id\":\"https:\/\/www.smedemokrati.sk\/vykradnute-auto-koordinatora-peticie-za-predcasne-volby-hladali-peticne-harky\/#primaryimage\"},\"thumbnailUrl\":\"https:\/\/www.smedemokrati.sk\/wp-content\/uploads\/2024\/12\/1000017648.jpg\",\"datePublished\":\"2024-12-10T16:17:26+00:00\",\"dateModified\":\"2024-12-19T08:36:39+00:00\",\"breadcrumb\":{\"@id\":\"https:\/\/www.smedemokrati.sk\/vykradnute-auto-koordinatora-peticie-za-predcasne-volby-hladali-peticne-harky\/#breadcrumb\"},\"inLanguage\":\"sv-SE\",\"potentialAction\":[{\"@type\":\"ReadAction\",\"target\":[\"https:\/\/www.smedemokrati.sk\/vykradnute-auto-koordinatora-peticie-za-predcasne-volby-hladali-peticne-harky\/\"]}]},{\"@type\":\"ImageObject\",\"inLanguage\":\"sv-SE\",\"@id\":\"https:\/\/www.smedemokrati.sk\/vykradnute-auto-koordinatora-peticie-za-predcasne-volby-hladali-peticne-harky\/#primaryimage\",\"url\":\"https:\/\/www.smedemokrati.sk\/wp-content\/uploads\/2024\/12\/1000017648.jpg\",\"contentUrl\":\"https:\/\/www.smedemokrati.sk\/wp-content\/uploads\/2024\/12\/1000017648.jpg\",\"width\":1179,\"height\":1545},{\"@type\":\"BreadcrumbList\",\"@id\":\"https:\/\/www.smedemokrati.sk\/vykradnute-auto-koordinatora-peticie-za-predcasne-volby-hladali-peticne-harky\/#breadcrumb\",\"itemListElement\":[{\"@type\":\"ListItem\",\"position\":1,\"name\":\"Domovsk\u00e1 str\u00e1nka\",\"item\":\"https:\/\/www.smedemokrati.sk\/\"},{\"@type\":\"ListItem\",\"position\":2,\"name\":\"Vykradnut\u00e9 auto koordin\u00e1tora pet\u00edcie za pred\u010dasn\u00e9 vo\u013eby, h\u013eadali peti\u010dn\u00e9 h\u00e1rky?\"}]},{\"@type\":\"WebSite\",\"@id\":\"https:\/\/www.smedemokrati.sk\/#website\",\"url\":\"https:\/\/www.smedemokrati.sk\/\",\"name\":\"Smedemokrati.sk\",\"description\":\"Demokracia a slu\u0161nos\u0165 zv\u00ed\u0165az\u00ed\",\"publisher\":{\"@id\":\"https:\/\/www.smedemokrati.sk\/#organization\"},\"potentialAction\":[{\"@type\":\"SearchAction\",\"target\":{\"@type\":\"EntryPoint\",\"urlTemplate\":\"https:\/\/www.smedemokrati.sk\/?s={search_term_string}\"},\"query-input\":{\"@type\":\"PropertyValueSpecification\",\"valueRequired\":true,\"valueName\":\"search_term_string\"}}],\"inLanguage\":\"sv-SE\"},{\"@type\":\"Organization\",\"@id\":\"https:\/\/www.smedemokrati.sk\/#organization\",\"name\":\"Smedemokrati.sk\",\"url\":\"https:\/\/www.smedemokrati.sk\/\",\"logo\":{\"@type\":\"ImageObject\",\"inLanguage\":\"sv-SE\",\"@id\":\"https:\/\/www.smedemokrati.sk\/#\/schema\/logo\/image\/\",\"url\":\"https:\/\/www.smedemokrati.sk\/wp-content\/uploads\/2023\/04\/ff.002.jpeg\",\"contentUrl\":\"https:\/\/www.smedemokrati.sk\/wp-content\/uploads\/2023\/04\/ff.002.jpeg\",\"width\":640,\"height\":480,\"caption\":\"Smedemokrati.sk\"},\"image\":{\"@id\":\"https:\/\/www.smedemokrati.sk\/#\/schema\/logo\/image\/\"},\"sameAs\":[\"https:\/\/www.facebook.com\/smedemokrati2023\"]},{\"@type\":\"Person\",\"@id\":\"https:\/\/www.smedemokrati.sk\/#\/schema\/person\/21f147c88d605aa7ded900e1e7c344ba\",\"name\":\"miro.sopko\",\"image\":{\"@type\":\"ImageObject\",\"inLanguage\":\"sv-SE\",\"@id\":\"https:\/\/secure.gravatar.com\/avatar\/267e4a36f704376c109afe3a78740c1f5dd8675a2180a908699e7863c9247606?s=96&d=mm&r=g\",\"url\":\"https:\/\/secure.gravatar.com\/avatar\/267e4a36f704376c109afe3a78740c1f5dd8675a2180a908699e7863c9247606?s=96&d=mm&r=g\",\"contentUrl\":\"https:\/\/secure.gravatar.com\/avatar\/267e4a36f704376c109afe3a78740c1f5dd8675a2180a908699e7863c9247606?s=96&d=mm&r=g\",\"caption\":\"miro.sopko\"},\"url\":\"https:\/\/www.smedemokrati.sk\/sv\/author\/miro-sopko\/\"}]}<\/script>\n<!-- \/ Yoast SEO plugin. -->","yoast_head_json":{"title":"Vykradnut\u00e9 auto koordin\u00e1tora pet\u00edcie za pred\u010dasn\u00e9 vo\u013eby, h\u013eadali peti\u010dn\u00e9 h\u00e1rky?","robots":{"index":"index","follow":"follow","max-snippet":"max-snippet:-1","max-image-preview":"max-image-preview:large","max-video-preview":"max-video-preview:-1"},"canonical":"https:\/\/www.smedemokrati.sk\/sv\/vykradnute-auto-koordinatora-peticie-za-predcasne-volby-hladali-peticne-harky\/","og_locale":"sv_SE","og_type":"article","og_title":"[:sk]Vykradnut\u00e9 auto koordin\u00e1tora pet\u00edcie za pred\u010dasn\u00e9 vo\u013eby, h\u013eadali peti\u010dn\u00e9 h\u00e1rky?[:] - Smedemokrati.sk","og_description":"Koordin\u00e1torovi zberu podpisov za pet\u00edciu Sta\u010dilo Fica, \u010dlenovi Demokratov Michalovi Pavl\u00edkovi, nezn\u00e1my p\u00e1chate\u013e rozbil zadn\u00e9 okno auta, v ktorom ka\u017edodenne prev\u00e1\u017eal h\u00e1rky s podpismi. \u0160okuj\u00face je, \u017ee z auta nezmizlo ni\u010d, iba mikiny ku kampani \u201eSta\u010dilo Fica&#8221;. Demokrati sa p\u00fdtaj\u00fa, \u010di p\u00e1chate\u013e alebo p\u00e1chatelia h\u013eadali tis\u00edcky podp\u00edsan\u00fdch peti\u010dn\u00fdch h\u00e1rkov a z\u00e1rove\u0148 odkazuj\u00fa: nezastra\u0161\u00edte n\u00e1s! Jaroslav [&hellip;]","og_url":"https:\/\/www.smedemokrati.sk\/sv\/vykradnute-auto-koordinatora-peticie-za-predcasne-volby-hladali-peticne-harky\/","og_site_name":"Smedemokrati.sk","article_publisher":"https:\/\/www.facebook.com\/smedemokrati2023","article_published_time":"2024-12-10T16:17:26+00:00","article_modified_time":"2024-12-19T08:36:39+00:00","og_image":[{"width":1179,"height":1545,"url":"https:\/\/www.smedemokrati.sk\/wp-content\/uploads\/2024\/12\/1000017648.jpg","type":"image\/jpeg"}],"author":"miro.sopko","twitter_card":"summary_large_image","twitter_misc":{"Skriven av":"miro.sopko","Ber\u00e4knad l\u00e4stid":"2 minuter"},"schema":{"@context":"https:\/\/schema.org","@graph":[{"@type":"Article","@id":"https:\/\/www.smedemokrati.sk\/vykradnute-auto-koordinatora-peticie-za-predcasne-volby-hladali-peticne-harky\/#article","isPartOf":{"@id":"https:\/\/www.smedemokrati.sk\/vykradnute-auto-koordinatora-peticie-za-predcasne-volby-hladali-peticne-harky\/"},"author":{"name":"miro.sopko","@id":"https:\/\/www.smedemokrati.sk\/#\/schema\/person\/21f147c88d605aa7ded900e1e7c344ba"},"headline":"Vykradnut\u00e9 auto koordin\u00e1tora pet\u00edcie za pred\u010dasn\u00e9 vo\u013eby, h\u013eadali peti\u010dn\u00e9 h\u00e1rky?","datePublished":"2024-12-10T16:17:26+00:00","dateModified":"2024-12-19T08:36:39+00:00","mainEntityOfPage":{"@id":"https:\/\/www.smedemokrati.sk\/vykradnute-auto-koordinatora-peticie-za-predcasne-volby-hladali-peticne-harky\/"},"wordCount":306,"publisher":{"@id":"https:\/\/www.smedemokrati.sk\/#organization"},"image":{"@id":"https:\/\/www.smedemokrati.sk\/vykradnute-auto-koordinatora-peticie-za-predcasne-volby-hladali-peticne-harky\/#primaryimage"},"thumbnailUrl":"https:\/\/www.smedemokrati.sk\/wp-content\/uploads\/2024\/12\/1000017648.jpg","articleSection":["Tla\u010dov\u00e9 spr\u00e1vy"],"inLanguage":"sv-SE"},{"@type":"WebPage","@id":"https:\/\/www.smedemokrati.sk\/vykradnute-auto-koordinatora-peticie-za-predcasne-volby-hladali-peticne-harky\/","url":"https:\/\/www.smedemokrati.sk\/vykradnute-auto-koordinatora-peticie-za-predcasne-volby-hladali-peticne-harky\/","name":"Vykradnut\u00e9 auto koordin\u00e1tora pet\u00edcie za pred\u010dasn\u00e9 vo\u013eby, h\u013eadali peti\u010dn\u00e9 h\u00e1rky?","isPartOf":{"@id":"https:\/\/www.smedemokrati.sk\/#website"},"primaryImageOfPage":{"@id":"https:\/\/www.smedemokrati.sk\/vykradnute-auto-koordinatora-peticie-za-predcasne-volby-hladali-peticne-harky\/#primaryimage"},"image":{"@id":"https:\/\/www.smedemokrati.sk\/vykradnute-auto-koordinatora-peticie-za-predcasne-volby-hladali-peticne-harky\/#primaryimage"},"thumbnailUrl":"https:\/\/www.smedemokrati.sk\/wp-content\/uploads\/2024\/12\/1000017648.jpg","datePublished":"2024-12-10T16:17:26+00:00","dateModified":"2024-12-19T08:36:39+00:00","breadcrumb":{"@id":"https:\/\/www.smedemokrati.sk\/vykradnute-auto-koordinatora-peticie-za-predcasne-volby-hladali-peticne-harky\/#breadcrumb"},"inLanguage":"sv-SE","potentialAction":[{"@type":"ReadAction","target":["https:\/\/www.smedemokrati.sk\/vykradnute-auto-koordinatora-peticie-za-predcasne-volby-hladali-peticne-harky\/"]}]},{"@type":"ImageObject","inLanguage":"sv-SE","@id":"https:\/\/www.smedemokrati.sk\/vykradnute-auto-koordinatora-peticie-za-predcasne-volby-hladali-peticne-harky\/#primaryimage","url":"https:\/\/www.smedemokrati.sk\/wp-content\/uploads\/2024\/12\/1000017648.jpg","contentUrl":"https:\/\/www.smedemokrati.sk\/wp-content\/uploads\/2024\/12\/1000017648.jpg","width":1179,"height":1545},{"@type":"BreadcrumbList","@id":"https:\/\/www.smedemokrati.sk\/vykradnute-auto-koordinatora-peticie-za-predcasne-volby-hladali-peticne-harky\/#breadcrumb","itemListElement":[{"@type":"ListItem","position":1,"name":"Domovsk\u00e1 str\u00e1nka","item":"https:\/\/www.smedemokrati.sk\/"},{"@type":"ListItem","position":2,"name":"Vykradnut\u00e9 auto koordin\u00e1tora pet\u00edcie za pred\u010dasn\u00e9 vo\u013eby, h\u013eadali peti\u010dn\u00e9 h\u00e1rky?"}]},{"@type":"WebSite","@id":"https:\/\/www.smedemokrati.sk\/#website","url":"https:\/\/www.smedemokrati.sk\/","name":"Smedemokrati.sk","description":"Demokracia a slu\u0161nos\u0165 zv\u00ed\u0165az\u00ed","publisher":{"@id":"https:\/\/www.smedemokrati.sk\/#organization"},"potentialAction":[{"@type":"SearchAction","target":{"@type":"EntryPoint","urlTemplate":"https:\/\/www.smedemokrati.sk\/?s={search_term_string}"},"query-input":{"@type":"PropertyValueSpecification","valueRequired":true,"valueName":"search_term_string"}}],"inLanguage":"sv-SE"},{"@type":"Organization","@id":"https:\/\/www.smedemokrati.sk\/#organization","name":"Smedemokrati.sk","url":"https:\/\/www.smedemokrati.sk\/","logo":{"@type":"ImageObject","inLanguage":"sv-SE","@id":"https:\/\/www.smedemokrati.sk\/#\/schema\/logo\/image\/","url":"https:\/\/www.smedemokrati.sk\/wp-content\/uploads\/2023\/04\/ff.002.jpeg","contentUrl":"https:\/\/www.smedemokrati.sk\/wp-content\/uploads\/2023\/04\/ff.002.jpeg","width":640,"height":480,"caption":"Smedemokrati.sk"},"image":{"@id":"https:\/\/www.smedemokrati.sk\/#\/schema\/logo\/image\/"},"sameAs":["https:\/\/www.facebook.com\/smedemokrati2023"]},{"@type":"Person","@id":"https:\/\/www.smedemokrati.sk\/#\/schema\/person\/21f147c88d605aa7ded900e1e7c344ba","name":"miro.sopko","image":{"@type":"ImageObject","inLanguage":"sv-SE","@id":"https:\/\/secure.gravatar.com\/avatar\/267e4a36f704376c109afe3a78740c1f5dd8675a2180a908699e7863c9247606?s=96&d=mm&r=g","url":"https:\/\/secure.gravatar.com\/avatar\/267e4a36f704376c109afe3a78740c1f5dd8675a2180a908699e7863c9247606?s=96&d=mm&r=g","contentUrl":"https:\/\/secure.gravatar.com\/avatar\/267e4a36f704376c109afe3a78740c1f5dd8675a2180a908699e7863c9247606?s=96&d=mm&r=g","caption":"miro.sopko"},"url":"https:\/\/www.smedemokrati.sk\/sv\/author\/miro-sopko\/"}]}},"_links":{"self":[{"href":"https:\/\/www.smedemokrati.sk\/sv\/wp-json\/wp\/v2\/posts\/5979","targetHints":{"allow":["GET"]}}],"collection":[{"href":"https:\/\/www.smedemokrati.sk\/sv\/wp-json\/wp\/v2\/posts"}],"about":[{"href":"https:\/\/www.smedemokrati.sk\/sv\/wp-json\/wp\/v2\/types\/post"}],"author":[{"embeddable":true,"href":"https:\/\/www.smedemokrati.sk\/sv\/wp-json\/wp\/v2\/users\/13"}],"replies":[{"embeddable":true,"href":"https:\/\/www.smedemokrati.sk\/sv\/wp-json\/wp\/v2\/comments?post=5979"}],"version-history":[{"count":1,"href":"https:\/\/www.smedemokrati.sk\/sv\/wp-json\/wp\/v2\/posts\/5979\/revisions"}],"predecessor-version":[{"id":5981,"href":"https:\/\/www.smedemokrati.sk\/sv\/wp-json\/wp\/v2\/posts\/5979\/revisions\/5981"}],"wp:featuredmedia":[{"embeddable":true,"href":"https:\/\/www.smedemokrati.sk\/sv\/wp-json\/wp\/v2\/media\/5980"}],"wp:attachment":[{"href":"https:\/\/www.smedemokrati.sk\/sv\/wp-json\/wp\/v2\/media?parent=5979"}],"wp:term":[{"taxonomy":"category","embeddable":true,"href":"https:\/\/www.smedemokrati.sk\/sv\/wp-json\/wp\/v2\/categories?post=5979"},{"taxonomy":"post_tag","embeddable":true,"href":"https:\/\/www.smedemokrati.sk\/sv\/wp-json\/wp\/v2\/tags?post=5979"}],"curies":[{"name":"wp","href":"https:\/\/api.w.org\/{rel}","templated":true}]}}