{"id":5972,"date":"2024-12-10T13:15:17","date_gmt":"2024-12-10T12:15:17","guid":{"rendered":"https:\/\/www.smedemokrati.sk\/?p=5972"},"modified":"2024-12-19T09:36:35","modified_gmt":"2024-12-19T08:36:35","slug":"aky-darcek-da-prezident-obcanom-na-vianoce-radioaktivny-odpad","status":"publish","type":"post","link":"https:\/\/www.smedemokrati.sk\/sv\/aky-darcek-da-prezident-obcanom-na-vianoce-radioaktivny-odpad\/","title":{"rendered":"Ak\u00fd dar\u010dek d\u00e1 prezident ob\u010danom na Vianoce? R\u00e1dioakt\u00edvny odpad?"},"content":{"rendered":"<div id=\"fb-root\"><\/div>\n\n<p><strong>V roku 2021 sa vl\u00e1de Eduarda Hegera podarilo presadi\u0165 z\u00e1kon o striktnom z\u00e1kaze dovozu r\u00e1dioakt\u00edvneho odpadu zo zahrani\u010dia na Slovensko za \u00fa\u010delom jeho spa\u013eovania. Pred dvoma t\u00fd\u017ed\u0148ami vl\u00e1dna koal\u00edcia tento z\u00e1kaz v parlamente zru\u0161ila. V d\u00f4sledku tohto rozhodnutia sa bude m\u00f4c\u0165 na Slovensko dov\u00e1\u017ea\u0165 obrovsk\u00e9 mno\u017estvo r\u00e1dioakt\u00edvneho odpadu. Spolu s ob\u010dianskym zdru\u017een\u00edm Chceme zdrav\u00fa krajinu, sme vyzvali Petra Pellegriniho, aby z\u00e1kon vetoval.<\/strong><\/p>\n\n\n\n<p>\u201e<em>Koal\u00edcia tak urobila nen\u00e1padne, pozme\u0148uj\u00facim n\u00e1vrhom HLAS-u od poslanca Bec\u00edka a protiz\u00e1konn\u00fdm pr\u00edlepkom do z\u00e1kona o kritickej infra\u0161trukt\u00fare. HLAS cez ministerku Sakov\u00fa kontroluje aj spolo\u010dnos\u0165, ktor\u00e1 zo zru\u0161enia z\u00e1kazu m\u00f4\u017ee benefitova\u0165. V parlamente ani raz nepadlo slovo \u201er\u00e1dioakt\u00edvny\u201d, schv\u00e1lili to bez akejko\u013evek diskusie o obsahu. Takto vznik\u00e1 iba lobistick\u00e1 legislat\u00edva,<\/em>\u201d vyhl\u00e1sil Michal Ki\u010da, environment\u00e1lny expert strany. Ke\u010f\u017ee sa vstupovalo do z\u00e1kona o \u017eivotnom prostred\u00ed a do z\u00e1kona o radia\u010dnej ochrane, pod\u013ea koali\u010dnej dohody sa tak nemohlo udia\u0165 bez s\u00fahlasu ministra \u017eivotn\u00e9ho prostredia Tarabu a ministra zdravotn\u00edctva \u0160a\u0161ka.&nbsp;<\/p>\n\n\n\n<p>Pod\u013ea na\u0161ich inform\u00e1ci\u00ed m\u00f4\u017ee by\u0165 v hre dovoz a spa\u013eovanie stoviek ak nie tis\u00edcov ton r\u00e1dioakt\u00edvneho odpadu, napr\u00edklad z \u010ciech, Talianska, Nemecka alebo Chorv\u00e1tska. Podrobnosti s\u00fa ale opraden\u00e9 r\u00fa\u0161kom tajomstva, \u010do je neakceptovate\u013en\u00e9.&nbsp;<\/p>\n\n\n\n<p>\u201e<em>V roku 2021 hlasovali z cel\u00e9ho parlamentu iba dvaja poslanci proti z\u00e1kazu dovozu r\u00e1dioakt\u00edvneho odpadu. Filip a \u0160tefan Kuffovci. Filip Kuffa teraz sed\u00ed v dozornej rade N\u00e1rodn\u00e9ho jadrov\u00e9ho fondu. Dovoz r\u00e1dioakt\u00edvneho odpadu je skr\u00e1tka politikou Tarabovej strany \u017divot. Chyst\u00e1 n\u00e1m Pellegrini spolu s koal\u00edciou otrasn\u00fd viano\u010dn\u00fd dar\u010dek &#8211; zahrani\u010dn\u00fd r\u00e1dioakt\u00edvny odpad? Ak Pellegrini zru\u0161enie z\u00e1kazu podp\u00ed\u0161e, Demokrati spravia v\u0161etko pre to, aby sa v bud\u00facnosti z\u00e1kaz obnovil,<\/em>\u201d uv\u00e1dza Jaroslav Na\u010f, predseda Demokratov.&nbsp;<\/p>\n\n\n\n<p>\u201e<em>Prezident Pellegrini u\u017e raz vetoval z\u00e1kon, do ktor\u00e9ho bol napasovan\u00fd nes\u00favisiaci pozme\u0148uj\u00faci n\u00e1vrh. Toto je identick\u00e1 situ\u00e1cia. Ver\u00edme, \u017ee prezident bude postupova\u0165 rovnako.<\/em>&nbsp;<em>Ak Petrovi Pellegrinimu z\u00e1le\u017e\u00ed na zdrav\u00ed na\u0161ich ob\u010danov, tak mus\u00ed z\u00e1kon vetova\u0165, preto\u017ee ob\u010dania Slovenska si zasl\u00fa\u017eia \u017ei\u0165 v krajine, ktor\u00e1 nie je eur\u00f3pskou dierou na nebezpe\u010dn\u00fd odpad. Vyz\u00fdvame ho na vr\u00e1tenie tohto vyslovene \u0161kodliv\u00e9ho z\u00e1kona.<\/em>\u201d deklaroval Michal Ki\u010da.<\/p>\n\n\n\n<p>Pod\u013ea jadrov\u00e9ho fyzika Michala Dani\u0161ku, riadite\u013ea o.z. Chceme zdrav\u00fa krajinu a z\u00e1stupcu peti\u010dn\u00e9ho v\u00fdboru PET\u00cdCIE proti dovozu a spracov\u00e1vaniu zahrani\u010dn\u00e9ho r\u00e1dioakt\u00edvneho odpadu na \u00fazem\u00ed SR, doteraj\u0161\u00ed z\u00e1kaz spa\u013eovania zahrani\u010dn\u00e9ho r\u00e1dioakt\u00edvneho odpadu chr\u00e1nil \u017eivotn\u00e9 prostredie a zdravie a m\u00e1 pln\u00fa oporu v z\u00e1kladnom princ\u00edpe radia\u010dnej ochrany &#8211; ALARA (as low as reasonably achievable). \u201e<em>Vl\u00e1dni poslanci v\u0161ak zrejme chc\u00fa zo Slovenska spravi\u0165 smetisko Eur\u00f3py. \u00dalohou Jadrovej vyra\u010fovacej spolo\u010dnosti (JAVYS) nie je generova\u0165 zisk, ale bezpe\u010dne vyradi\u0165 havarovan\u00fa jadrov\u00fa elektr\u00e1re\u0148 A1 a odstaven\u00fa jadrov\u00fa elektr\u00e1re\u0148 V1 a zabezpe\u010di\u0165 nakladanie so slovensk\u00fdm r\u00e1dioakt\u00edvnym odpadom. JAVYS v\u0161ak namiesto toho rie\u0161i spa\u013eovanie zahrani\u010dn\u00e9ho r\u00e1dioakt\u00edvneho odpadu, ktor\u00fd si krajiny ako Taliansko nechc\u00fa sp\u00e1li\u0165 doma. Prezidentovi sme u\u017e doru\u010dili podrobn\u00fa v\u00fdzvu na vetovanie tohto \u0161kandal\u00f3zneho z\u00e1kona,<\/em>\u201d vyhl\u00e1sil Michal Dani\u0161ka z o.z. Chceme zdrav\u00fa krajinu.<\/p>\n\n\n<div class=\"fb-video\" data-href=\"https:\/\/www.facebook.com\/smedemokrati2023\/videos\/1117296913238566\" data-allowfullscreen=\"true\" data-autoplay=\"false\" data-width=\"\" data-show-text=\"false\" data-show-captions=\"true\"><\/div>\n","protected":false},"excerpt":{"rendered":"<p>V roku 2021 sa vl\u00e1de Eduarda Hegera podarilo presadi\u0165 z\u00e1kon o striktnom z\u00e1kaze dovozu r\u00e1dioakt\u00edvneho odpadu zo zahrani\u010dia na Slovensko za \u00fa\u010delom jeho spa\u013eovania. Pred dvoma t\u00fd\u017ed\u0148ami vl\u00e1dna koal\u00edcia tento z\u00e1kaz v parlamente zru\u0161ila. V d\u00f4sledku tohto rozhodnutia sa bude m\u00f4c\u0165 na Slovensko dov\u00e1\u017ea\u0165 obrovsk\u00e9 mno\u017estvo r\u00e1dioakt\u00edvneho odpadu. Spolu s ob\u010dianskym zdru\u017een\u00edm Chceme zdrav\u00fa krajinu, [&hellip;]<\/p>\n","protected":false},"author":13,"featured_media":5973,"comment_status":"closed","ping_status":"closed","sticky":false,"template":"","format":"standard","meta":{"_acf_changed":false,"ngg_post_thumbnail":0,"footnotes":""},"categories":[4],"tags":[],"class_list":["post-5972","post","type-post","status-publish","format-standard","has-post-thumbnail","hentry","category-tlacove-spravy"],"acf":[],"yoast_head":"<!-- This site is optimized with the Yoast SEO plugin v27.2 - https:\/\/yoast.com\/product\/yoast-seo-wordpress\/ -->\n<title>Ak\u00fd dar\u010dek d\u00e1 prezident ob\u010danom na Vianoce? R\u00e1dioakt\u00edvny odpad?<\/title>\n<meta name=\"robots\" content=\"index, follow, max-snippet:-1, max-image-preview:large, max-video-preview:-1\" \/>\n<link rel=\"canonical\" href=\"https:\/\/www.smedemokrati.sk\/sv\/aky-darcek-da-prezident-obcanom-na-vianoce-radioaktivny-odpad\/\" \/>\n<meta property=\"og:locale\" content=\"sv_SE\" \/>\n<meta property=\"og:locale:alternate\" content=\"en_US\" \/>\n<meta property=\"og:locale:alternate\" content=\"cs_CZ\" \/>\n<meta property=\"og:locale:alternate\" content=\"hu_HU\" \/>\n<meta property=\"og:locale:alternate\" content=\"sk_SK\" \/>\n<meta property=\"og:type\" content=\"article\" \/>\n<meta property=\"og:title\" content=\"Ak\u00fd dar\u010dek d\u00e1 prezident ob\u010danom na Vianoce? R\u00e1dioakt\u00edvny odpad?\" \/>\n<meta property=\"og:description\" content=\"V roku 2021 sa vl\u00e1de Eduarda Hegera podarilo presadi\u0165 z\u00e1kon o striktnom z\u00e1kaze dovozu r\u00e1dioakt\u00edvneho odpadu zo zahrani\u010dia na Slovensko za \u00fa\u010delom jeho spa\u013eovania. Pred dvoma t\u00fd\u017ed\u0148ami vl\u00e1dna koal\u00edcia tento z\u00e1kaz v parlamente zru\u0161ila. V d\u00f4sledku tohto rozhodnutia sa bude m\u00f4c\u0165 na Slovensko dov\u00e1\u017ea\u0165 obrovsk\u00e9 mno\u017estvo r\u00e1dioakt\u00edvneho odpadu. Spolu s ob\u010dianskym zdru\u017een\u00edm Chceme zdrav\u00fa krajinu, [&hellip;]\" \/>\n<meta property=\"og:url\" content=\"https:\/\/www.smedemokrati.sk\/sv\/aky-darcek-da-prezident-obcanom-na-vianoce-radioaktivny-odpad\/\" \/>\n<meta property=\"og:site_name\" content=\"Smedemokrati.sk\" \/>\n<meta property=\"article:publisher\" content=\"https:\/\/www.facebook.com\/smedemokrati2023\" \/>\n<meta property=\"article:published_time\" content=\"2024-12-10T12:15:17+00:00\" \/>\n<meta property=\"article:modified_time\" content=\"2024-12-19T08:36:35+00:00\" \/>\n<meta property=\"og:image\" content=\"https:\/\/www.smedemokrati.sk\/wp-content\/uploads\/2024\/12\/radioaktivny-odpad.jpg\" \/>\n\t<meta property=\"og:image:width\" content=\"2048\" \/>\n\t<meta property=\"og:image:height\" content=\"1448\" \/>\n\t<meta property=\"og:image:type\" content=\"image\/jpeg\" \/>\n<meta name=\"author\" content=\"miro.sopko\" \/>\n<meta name=\"twitter:card\" content=\"summary_large_image\" \/>\n<meta name=\"twitter:label1\" content=\"Skriven av\" \/>\n\t<meta name=\"twitter:data1\" content=\"miro.sopko\" \/>\n\t<meta name=\"twitter:label2\" content=\"Ber\u00e4knad l\u00e4stid\" \/>\n\t<meta name=\"twitter:data2\" content=\"3 minuter\" \/>\n<script type=\"application\/ld+json\" class=\"yoast-schema-graph\">{\"@context\":\"https:\/\/schema.org\",\"@graph\":[{\"@type\":\"Article\",\"@id\":\"https:\/\/www.smedemokrati.sk\/aky-darcek-da-prezident-obcanom-na-vianoce-radioaktivny-odpad\/#article\",\"isPartOf\":{\"@id\":\"https:\/\/www.smedemokrati.sk\/aky-darcek-da-prezident-obcanom-na-vianoce-radioaktivny-odpad\/\"},\"author\":{\"name\":\"miro.sopko\",\"@id\":\"https:\/\/www.smedemokrati.sk\/#\/schema\/person\/21f147c88d605aa7ded900e1e7c344ba\"},\"headline\":\"Ak\u00fd dar\u010dek d\u00e1 prezident ob\u010danom na Vianoce? R\u00e1dioakt\u00edvny odpad?\",\"datePublished\":\"2024-12-10T12:15:17+00:00\",\"dateModified\":\"2024-12-19T08:36:35+00:00\",\"mainEntityOfPage\":{\"@id\":\"https:\/\/www.smedemokrati.sk\/aky-darcek-da-prezident-obcanom-na-vianoce-radioaktivny-odpad\/\"},\"wordCount\":636,\"publisher\":{\"@id\":\"https:\/\/www.smedemokrati.sk\/#organization\"},\"image\":{\"@id\":\"https:\/\/www.smedemokrati.sk\/aky-darcek-da-prezident-obcanom-na-vianoce-radioaktivny-odpad\/#primaryimage\"},\"thumbnailUrl\":\"https:\/\/www.smedemokrati.sk\/wp-content\/uploads\/2024\/12\/radioaktivny-odpad.jpg\",\"articleSection\":[\"Tla\u010dov\u00e9 spr\u00e1vy\"],\"inLanguage\":\"sv-SE\"},{\"@type\":\"WebPage\",\"@id\":\"https:\/\/www.smedemokrati.sk\/aky-darcek-da-prezident-obcanom-na-vianoce-radioaktivny-odpad\/\",\"url\":\"https:\/\/www.smedemokrati.sk\/aky-darcek-da-prezident-obcanom-na-vianoce-radioaktivny-odpad\/\",\"name\":\"Ak\u00fd dar\u010dek d\u00e1 prezident ob\u010danom na Vianoce? R\u00e1dioakt\u00edvny odpad?\",\"isPartOf\":{\"@id\":\"https:\/\/www.smedemokrati.sk\/#website\"},\"primaryImageOfPage\":{\"@id\":\"https:\/\/www.smedemokrati.sk\/aky-darcek-da-prezident-obcanom-na-vianoce-radioaktivny-odpad\/#primaryimage\"},\"image\":{\"@id\":\"https:\/\/www.smedemokrati.sk\/aky-darcek-da-prezident-obcanom-na-vianoce-radioaktivny-odpad\/#primaryimage\"},\"thumbnailUrl\":\"https:\/\/www.smedemokrati.sk\/wp-content\/uploads\/2024\/12\/radioaktivny-odpad.jpg\",\"datePublished\":\"2024-12-10T12:15:17+00:00\",\"dateModified\":\"2024-12-19T08:36:35+00:00\",\"breadcrumb\":{\"@id\":\"https:\/\/www.smedemokrati.sk\/aky-darcek-da-prezident-obcanom-na-vianoce-radioaktivny-odpad\/#breadcrumb\"},\"inLanguage\":\"sv-SE\",\"potentialAction\":[{\"@type\":\"ReadAction\",\"target\":[\"https:\/\/www.smedemokrati.sk\/aky-darcek-da-prezident-obcanom-na-vianoce-radioaktivny-odpad\/\"]}]},{\"@type\":\"ImageObject\",\"inLanguage\":\"sv-SE\",\"@id\":\"https:\/\/www.smedemokrati.sk\/aky-darcek-da-prezident-obcanom-na-vianoce-radioaktivny-odpad\/#primaryimage\",\"url\":\"https:\/\/www.smedemokrati.sk\/wp-content\/uploads\/2024\/12\/radioaktivny-odpad.jpg\",\"contentUrl\":\"https:\/\/www.smedemokrati.sk\/wp-content\/uploads\/2024\/12\/radioaktivny-odpad.jpg\",\"width\":2048,\"height\":1448},{\"@type\":\"BreadcrumbList\",\"@id\":\"https:\/\/www.smedemokrati.sk\/aky-darcek-da-prezident-obcanom-na-vianoce-radioaktivny-odpad\/#breadcrumb\",\"itemListElement\":[{\"@type\":\"ListItem\",\"position\":1,\"name\":\"Domovsk\u00e1 str\u00e1nka\",\"item\":\"https:\/\/www.smedemokrati.sk\/\"},{\"@type\":\"ListItem\",\"position\":2,\"name\":\"Ak\u00fd dar\u010dek d\u00e1 prezident ob\u010danom na Vianoce? R\u00e1dioakt\u00edvny odpad?\"}]},{\"@type\":\"WebSite\",\"@id\":\"https:\/\/www.smedemokrati.sk\/#website\",\"url\":\"https:\/\/www.smedemokrati.sk\/\",\"name\":\"Smedemokrati.sk\",\"description\":\"Demokracia a slu\u0161nos\u0165 zv\u00ed\u0165az\u00ed\",\"publisher\":{\"@id\":\"https:\/\/www.smedemokrati.sk\/#organization\"},\"potentialAction\":[{\"@type\":\"SearchAction\",\"target\":{\"@type\":\"EntryPoint\",\"urlTemplate\":\"https:\/\/www.smedemokrati.sk\/?s={search_term_string}\"},\"query-input\":{\"@type\":\"PropertyValueSpecification\",\"valueRequired\":true,\"valueName\":\"search_term_string\"}}],\"inLanguage\":\"sv-SE\"},{\"@type\":\"Organization\",\"@id\":\"https:\/\/www.smedemokrati.sk\/#organization\",\"name\":\"Smedemokrati.sk\",\"url\":\"https:\/\/www.smedemokrati.sk\/\",\"logo\":{\"@type\":\"ImageObject\",\"inLanguage\":\"sv-SE\",\"@id\":\"https:\/\/www.smedemokrati.sk\/#\/schema\/logo\/image\/\",\"url\":\"https:\/\/www.smedemokrati.sk\/wp-content\/uploads\/2023\/04\/ff.002.jpeg\",\"contentUrl\":\"https:\/\/www.smedemokrati.sk\/wp-content\/uploads\/2023\/04\/ff.002.jpeg\",\"width\":640,\"height\":480,\"caption\":\"Smedemokrati.sk\"},\"image\":{\"@id\":\"https:\/\/www.smedemokrati.sk\/#\/schema\/logo\/image\/\"},\"sameAs\":[\"https:\/\/www.facebook.com\/smedemokrati2023\"]},{\"@type\":\"Person\",\"@id\":\"https:\/\/www.smedemokrati.sk\/#\/schema\/person\/21f147c88d605aa7ded900e1e7c344ba\",\"name\":\"miro.sopko\",\"image\":{\"@type\":\"ImageObject\",\"inLanguage\":\"sv-SE\",\"@id\":\"https:\/\/secure.gravatar.com\/avatar\/267e4a36f704376c109afe3a78740c1f5dd8675a2180a908699e7863c9247606?s=96&d=mm&r=g\",\"url\":\"https:\/\/secure.gravatar.com\/avatar\/267e4a36f704376c109afe3a78740c1f5dd8675a2180a908699e7863c9247606?s=96&d=mm&r=g\",\"contentUrl\":\"https:\/\/secure.gravatar.com\/avatar\/267e4a36f704376c109afe3a78740c1f5dd8675a2180a908699e7863c9247606?s=96&d=mm&r=g\",\"caption\":\"miro.sopko\"},\"url\":\"https:\/\/www.smedemokrati.sk\/sv\/author\/miro-sopko\/\"}]}<\/script>\n<!-- \/ Yoast SEO plugin. -->","yoast_head_json":{"title":"Ak\u00fd dar\u010dek d\u00e1 prezident ob\u010danom na Vianoce? R\u00e1dioakt\u00edvny odpad?","robots":{"index":"index","follow":"follow","max-snippet":"max-snippet:-1","max-image-preview":"max-image-preview:large","max-video-preview":"max-video-preview:-1"},"canonical":"https:\/\/www.smedemokrati.sk\/sv\/aky-darcek-da-prezident-obcanom-na-vianoce-radioaktivny-odpad\/","og_locale":"sv_SE","og_type":"article","og_title":"[:sk]Ak\u00fd dar\u010dek d\u00e1 prezident ob\u010danom na Vianoce? R\u00e1dioakt\u00edvny odpad?[:] - Smedemokrati.sk","og_description":"V roku 2021 sa vl\u00e1de Eduarda Hegera podarilo presadi\u0165 z\u00e1kon o striktnom z\u00e1kaze dovozu r\u00e1dioakt\u00edvneho odpadu zo zahrani\u010dia na Slovensko za \u00fa\u010delom jeho spa\u013eovania. Pred dvoma t\u00fd\u017ed\u0148ami vl\u00e1dna koal\u00edcia tento z\u00e1kaz v parlamente zru\u0161ila. V d\u00f4sledku tohto rozhodnutia sa bude m\u00f4c\u0165 na Slovensko dov\u00e1\u017ea\u0165 obrovsk\u00e9 mno\u017estvo r\u00e1dioakt\u00edvneho odpadu. Spolu s ob\u010dianskym zdru\u017een\u00edm Chceme zdrav\u00fa krajinu, [&hellip;]","og_url":"https:\/\/www.smedemokrati.sk\/sv\/aky-darcek-da-prezident-obcanom-na-vianoce-radioaktivny-odpad\/","og_site_name":"Smedemokrati.sk","article_publisher":"https:\/\/www.facebook.com\/smedemokrati2023","article_published_time":"2024-12-10T12:15:17+00:00","article_modified_time":"2024-12-19T08:36:35+00:00","og_image":[{"width":2048,"height":1448,"url":"https:\/\/www.smedemokrati.sk\/wp-content\/uploads\/2024\/12\/radioaktivny-odpad.jpg","type":"image\/jpeg"}],"author":"miro.sopko","twitter_card":"summary_large_image","twitter_misc":{"Skriven av":"miro.sopko","Ber\u00e4knad l\u00e4stid":"3 minuter"},"schema":{"@context":"https:\/\/schema.org","@graph":[{"@type":"Article","@id":"https:\/\/www.smedemokrati.sk\/aky-darcek-da-prezident-obcanom-na-vianoce-radioaktivny-odpad\/#article","isPartOf":{"@id":"https:\/\/www.smedemokrati.sk\/aky-darcek-da-prezident-obcanom-na-vianoce-radioaktivny-odpad\/"},"author":{"name":"miro.sopko","@id":"https:\/\/www.smedemokrati.sk\/#\/schema\/person\/21f147c88d605aa7ded900e1e7c344ba"},"headline":"Ak\u00fd dar\u010dek d\u00e1 prezident ob\u010danom na Vianoce? R\u00e1dioakt\u00edvny odpad?","datePublished":"2024-12-10T12:15:17+00:00","dateModified":"2024-12-19T08:36:35+00:00","mainEntityOfPage":{"@id":"https:\/\/www.smedemokrati.sk\/aky-darcek-da-prezident-obcanom-na-vianoce-radioaktivny-odpad\/"},"wordCount":636,"publisher":{"@id":"https:\/\/www.smedemokrati.sk\/#organization"},"image":{"@id":"https:\/\/www.smedemokrati.sk\/aky-darcek-da-prezident-obcanom-na-vianoce-radioaktivny-odpad\/#primaryimage"},"thumbnailUrl":"https:\/\/www.smedemokrati.sk\/wp-content\/uploads\/2024\/12\/radioaktivny-odpad.jpg","articleSection":["Tla\u010dov\u00e9 spr\u00e1vy"],"inLanguage":"sv-SE"},{"@type":"WebPage","@id":"https:\/\/www.smedemokrati.sk\/aky-darcek-da-prezident-obcanom-na-vianoce-radioaktivny-odpad\/","url":"https:\/\/www.smedemokrati.sk\/aky-darcek-da-prezident-obcanom-na-vianoce-radioaktivny-odpad\/","name":"Ak\u00fd dar\u010dek d\u00e1 prezident ob\u010danom na Vianoce? R\u00e1dioakt\u00edvny odpad?","isPartOf":{"@id":"https:\/\/www.smedemokrati.sk\/#website"},"primaryImageOfPage":{"@id":"https:\/\/www.smedemokrati.sk\/aky-darcek-da-prezident-obcanom-na-vianoce-radioaktivny-odpad\/#primaryimage"},"image":{"@id":"https:\/\/www.smedemokrati.sk\/aky-darcek-da-prezident-obcanom-na-vianoce-radioaktivny-odpad\/#primaryimage"},"thumbnailUrl":"https:\/\/www.smedemokrati.sk\/wp-content\/uploads\/2024\/12\/radioaktivny-odpad.jpg","datePublished":"2024-12-10T12:15:17+00:00","dateModified":"2024-12-19T08:36:35+00:00","breadcrumb":{"@id":"https:\/\/www.smedemokrati.sk\/aky-darcek-da-prezident-obcanom-na-vianoce-radioaktivny-odpad\/#breadcrumb"},"inLanguage":"sv-SE","potentialAction":[{"@type":"ReadAction","target":["https:\/\/www.smedemokrati.sk\/aky-darcek-da-prezident-obcanom-na-vianoce-radioaktivny-odpad\/"]}]},{"@type":"ImageObject","inLanguage":"sv-SE","@id":"https:\/\/www.smedemokrati.sk\/aky-darcek-da-prezident-obcanom-na-vianoce-radioaktivny-odpad\/#primaryimage","url":"https:\/\/www.smedemokrati.sk\/wp-content\/uploads\/2024\/12\/radioaktivny-odpad.jpg","contentUrl":"https:\/\/www.smedemokrati.sk\/wp-content\/uploads\/2024\/12\/radioaktivny-odpad.jpg","width":2048,"height":1448},{"@type":"BreadcrumbList","@id":"https:\/\/www.smedemokrati.sk\/aky-darcek-da-prezident-obcanom-na-vianoce-radioaktivny-odpad\/#breadcrumb","itemListElement":[{"@type":"ListItem","position":1,"name":"Domovsk\u00e1 str\u00e1nka","item":"https:\/\/www.smedemokrati.sk\/"},{"@type":"ListItem","position":2,"name":"Ak\u00fd dar\u010dek d\u00e1 prezident ob\u010danom na Vianoce? R\u00e1dioakt\u00edvny odpad?"}]},{"@type":"WebSite","@id":"https:\/\/www.smedemokrati.sk\/#website","url":"https:\/\/www.smedemokrati.sk\/","name":"Smedemokrati.sk","description":"Demokracia a slu\u0161nos\u0165 zv\u00ed\u0165az\u00ed","publisher":{"@id":"https:\/\/www.smedemokrati.sk\/#organization"},"potentialAction":[{"@type":"SearchAction","target":{"@type":"EntryPoint","urlTemplate":"https:\/\/www.smedemokrati.sk\/?s={search_term_string}"},"query-input":{"@type":"PropertyValueSpecification","valueRequired":true,"valueName":"search_term_string"}}],"inLanguage":"sv-SE"},{"@type":"Organization","@id":"https:\/\/www.smedemokrati.sk\/#organization","name":"Smedemokrati.sk","url":"https:\/\/www.smedemokrati.sk\/","logo":{"@type":"ImageObject","inLanguage":"sv-SE","@id":"https:\/\/www.smedemokrati.sk\/#\/schema\/logo\/image\/","url":"https:\/\/www.smedemokrati.sk\/wp-content\/uploads\/2023\/04\/ff.002.jpeg","contentUrl":"https:\/\/www.smedemokrati.sk\/wp-content\/uploads\/2023\/04\/ff.002.jpeg","width":640,"height":480,"caption":"Smedemokrati.sk"},"image":{"@id":"https:\/\/www.smedemokrati.sk\/#\/schema\/logo\/image\/"},"sameAs":["https:\/\/www.facebook.com\/smedemokrati2023"]},{"@type":"Person","@id":"https:\/\/www.smedemokrati.sk\/#\/schema\/person\/21f147c88d605aa7ded900e1e7c344ba","name":"miro.sopko","image":{"@type":"ImageObject","inLanguage":"sv-SE","@id":"https:\/\/secure.gravatar.com\/avatar\/267e4a36f704376c109afe3a78740c1f5dd8675a2180a908699e7863c9247606?s=96&d=mm&r=g","url":"https:\/\/secure.gravatar.com\/avatar\/267e4a36f704376c109afe3a78740c1f5dd8675a2180a908699e7863c9247606?s=96&d=mm&r=g","contentUrl":"https:\/\/secure.gravatar.com\/avatar\/267e4a36f704376c109afe3a78740c1f5dd8675a2180a908699e7863c9247606?s=96&d=mm&r=g","caption":"miro.sopko"},"url":"https:\/\/www.smedemokrati.sk\/sv\/author\/miro-sopko\/"}]}},"_links":{"self":[{"href":"https:\/\/www.smedemokrati.sk\/sv\/wp-json\/wp\/v2\/posts\/5972","targetHints":{"allow":["GET"]}}],"collection":[{"href":"https:\/\/www.smedemokrati.sk\/sv\/wp-json\/wp\/v2\/posts"}],"about":[{"href":"https:\/\/www.smedemokrati.sk\/sv\/wp-json\/wp\/v2\/types\/post"}],"author":[{"embeddable":true,"href":"https:\/\/www.smedemokrati.sk\/sv\/wp-json\/wp\/v2\/users\/13"}],"replies":[{"embeddable":true,"href":"https:\/\/www.smedemokrati.sk\/sv\/wp-json\/wp\/v2\/comments?post=5972"}],"version-history":[{"count":2,"href":"https:\/\/www.smedemokrati.sk\/sv\/wp-json\/wp\/v2\/posts\/5972\/revisions"}],"predecessor-version":[{"id":5976,"href":"https:\/\/www.smedemokrati.sk\/sv\/wp-json\/wp\/v2\/posts\/5972\/revisions\/5976"}],"wp:featuredmedia":[{"embeddable":true,"href":"https:\/\/www.smedemokrati.sk\/sv\/wp-json\/wp\/v2\/media\/5973"}],"wp:attachment":[{"href":"https:\/\/www.smedemokrati.sk\/sv\/wp-json\/wp\/v2\/media?parent=5972"}],"wp:term":[{"taxonomy":"category","embeddable":true,"href":"https:\/\/www.smedemokrati.sk\/sv\/wp-json\/wp\/v2\/categories?post=5972"},{"taxonomy":"post_tag","embeddable":true,"href":"https:\/\/www.smedemokrati.sk\/sv\/wp-json\/wp\/v2\/tags?post=5972"}],"curies":[{"name":"wp","href":"https:\/\/api.w.org\/{rel}","templated":true}]}}