{"id":5859,"date":"2024-12-02T19:31:44","date_gmt":"2024-12-02T18:31:44","guid":{"rendered":"https:\/\/www.smedemokrati.sk\/?p=5859"},"modified":"2024-12-05T14:04:26","modified_gmt":"2024-12-05T13:04:26","slug":"pre-sporne-zakazky-na-tazbu-na-muranskej-planine-sa-obraciame-na-urad-pre-verejne-obstaravanie","status":"publish","type":"post","link":"https:\/\/www.smedemokrati.sk\/sv\/pre-sporne-zakazky-na-tazbu-na-muranskej-planine-sa-obraciame-na-urad-pre-verejne-obstaravanie\/","title":{"rendered":"Pre sporn\u00e9 z\u00e1kazky na \u0165a\u017ebu na Mur\u00e1nskej planine sa obraciame na \u00darad pre verejn\u00e9 obstar\u00e1vanie"},"content":{"rendered":"<div id=\"fb-root\"><\/div>\n\n<p><strong>Spr\u00e1va N\u00e1rodn\u00e9ho parku Mur\u00e1nska planina uzavrela v posledn\u00fdch t\u00fd\u017ed\u0148och zmluvy na \u0165a\u017ebu dreva a na pestovn\u00e9 pr\u00e1ce za viac ako 3,3 mil. eur. Viacer\u00e9 z nich vzbudzuj\u00fa pochybnosti z h\u013eadiska dodr\u017eania z\u00e1kona o verejnom obstar\u00e1van\u00ed. V jednej z nich bol dokonca ako \u00faspe\u0161n\u00fd vyhodnoten\u00fd uch\u00e1dza\u010d, ktor\u00fd predlo\u017eil a\u017e \u0161iestu ponuku v porad\u00ed, pri inej z\u00e1kazke sa ohradila dokonca aj \u010dlenka v\u00fdberovej komisie. Pochybnosti vzbudzuje aj nov\u00fd cenn\u00edk na predaj dreva, ktor\u00fd m\u00f4\u017ee by\u0165 pre n\u00e1rodn\u00fd park nev\u00fdhodn\u00fd. Pre sporn\u00e9 zmluvy sa obraciame s podnetom na \u00darad pre verejn\u00e9 obstar\u00e1vanie.<\/strong><\/p>\n\n\n\n<p>Z\u00e1kazku na zales\u0148ovacie pr\u00e1ce na \u010dasti Mur\u00e1nskej planiny z\u00edskala spolo\u010dnos\u0165 A. Ryb\u00e1rik s.r.o. z Oravy s ponukou viac ako 765 tis\u00edc eur, a to napriek tomu, \u017ee skon\u010dila v porad\u00ed a\u017e \u0161iesta a jej ponuka nebola najlacnej\u0161ia. \u201e<em>\u010eal\u0161\u00edch p\u00e4\u0165 uch\u00e1dza\u010dov predlo\u017eilo lacnej\u0161ie ponuky (najni\u017e\u0161ia v sume 386 tis\u00edc eur), napriek tomu boli z verejn\u00e9ho obstar\u00e1vania vyl\u00fa\u010den\u00ed, preto\u017ee pod\u013ea komisie spr\u00e1vy n\u00e1rodn\u00e9ho parku boli vyhodnoten\u00e9 ako mimoriadne n\u00edzke, napr\u00edklad o 29 % ni\u017e\u0161ie ako predpokladan\u00e1 hodnota z\u00e1kazky. Vylu\u010dovanie uch\u00e1dza\u010dov m\u00e1 by\u0165 v\u0161ak len v\u00fdnimo\u010dn\u00e9 a v\u017edy dobre od\u00f4vodnen\u00e9. Spr\u00e1va n\u00e1rodn\u00e9ho parku ale postupovala pri zd\u00f4vodnen\u00ed vyl\u00fa\u010denia lacnej\u0161\u00edch pon\u00fak v\u00e1gne, v d\u00f4sledku \u010doho sa len pri tejto jednej z\u00e1kazke vybral uch\u00e1dza\u010d s ponukou o skoro 379 tis\u00edc eur drah\u0161ou ako bola najlacnej\u0161ia,<\/em>\u201d uv\u00e1dza Michal Ki\u010da, \u010dlen predsedn\u00edctva strany a environment\u00e1lny expert.<\/p>\n\n\n\n<p>Pri \u010fal\u0161\u00edch z\u00e1kazk\u00e1ch, tentokr\u00e1t na \u0165a\u017ebu dreva, zase uspel uch\u00e1dza\u010d Ter-WOOD, s.r.o., op\u00e4\u0165 z Oravy, s ponukami viac ako 936 tis\u00edc eur a viac ako 549 tis\u00edc eur. \u201c<em>Uspel napriek tomu, \u017ee samotn\u00e1 \u010dlenka komisie na posudzovanie pon\u00fak vzniesla v\u00fdhradu, \u017ee n\u00edm pon\u00faknut\u00e1 cena za najfrekventovanej\u0161ie typy \u0165a\u017eby, ktor\u00fa m\u00e1 vykon\u00e1va\u0165, je vy\u0161\u0161ia ako priemer pri celej z\u00e1kazke. Inak povedan\u00e9, uch\u00e1dza\u010d s\u00edce pon\u00fakol najni\u017e\u0161iu priemern\u00fa cenu za v\u0161etky typy \u0165a\u017eieb spolu, ale pri tej, ktor\u00e1 je nosn\u00e1 a bude najfrekventovanej\u0161ia, je jeho cena vy\u0161\u0161ia. Uveden\u00e9 mohlo ma\u0165 vplyv na v\u00fdsledky verejn\u00e9ho obstar\u00e1vania. Paradoxne, tieto ponuky uspeli napriek tomu, \u017ee ich komisia sk\u00famala ako mimoriadne n\u00edzke oproti predpokladanej hodnote z\u00e1kazky o pribli\u017ene 29 %.&nbsp; Av\u0161ak, na rozdiel od z\u00e1kazky na v\u00fdsadbu lesa, kde bol rozdiel pri viacer\u00fdch uch\u00e1dza\u010doch podobn\u00fd, tieto ponuky uspela,<\/em>\u201d vysvet\u013euje Michal Ki\u010da.<\/p>\n\n\n\n<p>Ot\u00e1zniky nad hospod\u00e1rnos\u0165ou vyvol\u00e1va aj nov\u00fd cenn\u00edk predaja dreva, ktor\u00fd spr\u00e1va n\u00e1rodn\u00e9ho parku vydala 1. novembra. V \u0148om pribudla aj nov\u00e1 polo\u017eka, tzv. bansk\u00e9 v\u00fdrezy s d\u013a\u017ekou do 2,5 m, ktor\u00e1 sa m\u00e1 pred\u00e1va\u0165 za 37 eur\/m3. Identick\u00e1 smrekov\u00e1 gu\u013eatina, len v d\u013a\u017eke 5 m, sa pritom m\u00f4\u017ee pred\u00e1va\u0165 za 60, resp. 80 eur\/m3 v z\u00e1vislosti od jeho kvality. \u201c<em>Sta\u010d\u00ed, \u017ee 5 m dlh\u00fd kme\u0148 sa prep\u00edli na polovicu a cena za t\u00fa ist\u00fa masu dreva je razom o polovicu ni\u017e\u0161ia. M\u00f4\u017ee sa tak naviac udia\u0165 situ\u00e1cia, \u017ee spr\u00e1va n\u00e1rodn\u00e9ho parku bude \u0165a\u017ei\u0165 niektor\u00e9 sortimenty dreva s n\u00e1kladmi v lanovkov\u00fdch ter\u00e9noch za 61 eur a n\u00e1sledne ich pred\u00e1va\u0165 za 37 eur\/m3, \u010do je ekonomick\u00fd nonsens. Kto na tom teda bude zar\u00e1ba\u0165?<\/em>\u201d p\u00fdta sa Michal Ki\u010da.<\/p>\n\n\n\n<p>V\u0161etko sa to deje v situ\u00e1cii, kedy spr\u00e1vu n\u00e1rodn\u00e9ho parku riadi Jozef Sis\u00e1k. Nad\u00e1cia Zastavme korupciu v minulosti zistila, \u017ee po\u010das jeho p\u00f4sobenia v \u0161t\u00e1tnych lesoch do\u0161lo v expedi\u010dnom sklade v Michalovciach k \u00famyselnej z\u00e1mene odvezen\u00fdch sortimentov cennej\u0161ej dreviny dub za fikt\u00edvne lacnej\u0161\u00ed smrekovec. Potvrdila to aj kontrola gener\u00e1lneho riadite\u013estva, aj ke\u010f n\u00e1sledn\u00e9 trestn\u00e9 ozn\u00e1menie bolo odmietnut\u00e9. Osoba Jozefa Sis\u00e1ka v \u010dele n\u00e1rodn\u00e9ho parku je tak \u010fal\u0161\u00edm d\u00f4vodom na vysok\u00fa obozretnos\u0165.<\/p>\n\n\n\n<p>\u010cere\u0161ni\u010dkou na torte je aj de facto blokovanie odstr\u00e1nenia kalamity zo strany vedenia ministerstva \u017eivotn\u00e9ho prostredia. \u201c<em>V priebehu roka 2024 dostali zo spr\u00e1vy n\u00e1rodn\u00e9ho parku nieko\u013eko \u017eiadost\u00ed o obozn\u00e1menie sa s podkladmi na verejn\u00e9 obstar\u00e1vanie \u0165a\u017eobnej \u010dinnosti pre lyko\u017er\u00fatov\u00fa kalamitu, bez ktor\u00fdch sa nemohlo kona\u0165. Vedenie ministerstva ich neschv\u00e1lilo a mohlo t\u00fdm prispie\u0165 k zvy\u0161ovaniu rozsahu kalamity a objemu n\u00e1slednej \u0165a\u017eby. Tieto zistenia potvrdilo aj zatia\u013e nepr\u00e1voplatn\u00e9 rozhodnutie Okresn\u00e9ho \u00faradu Rimavsk\u00e1 Sobota z novembra 2024, ktor\u00fdm sa spr\u00e1ve n\u00e1rodn\u00e9ho parku ulo\u017eila pokuta 20.000 eur pre poru\u0161enie z\u00e1kona o lesoch. Ak by niekto chcel umelo zvy\u0161ova\u0165 rozsah kalamity a n\u00e1slednej \u0165a\u017eby dreva, nekonal by inak,\u201d&nbsp;<\/em>dop\u013a\u0148a Michal Ki\u010da.<\/p>\n\n\n\n<p>\u201c<em>Pre pochybnosti o verejn\u00fdch obstar\u00e1vaniach sa obraciame s podnetom na \u00darad pre verejn\u00e9 obstar\u00e1vanie. Tieto \u0161kandal\u00f3zne z\u00e1kazky s\u00fa pravou tv\u00e1rou Tarabu a Kuffu. Vedeli sme, \u017ee pr\u00edrodu vn\u00edmaj\u00fa len ako zdroj mo\u017en\u00e9ho zbohatnutia pre \u00fazku skupinu \u013eud\u00ed a na\u0161e zistenia to len potvrdzuj\u00fa. Lyko\u017er\u00fatov\u00e1 kalamita je len z\u00e1mienkou,<\/em>\u201d uzavrel Michal Ki\u010da.<\/p>\n\n\n<div class=\"fb-video\" data-href=\"https:\/\/fb.watch\/wdAn1Koj9C\" data-allowfullscreen=\"true\" data-autoplay=\"false\" data-width=\"\" data-show-text=\"false\" data-show-captions=\"true\"><\/div>\n","protected":false},"excerpt":{"rendered":"<p>Spr\u00e1va N\u00e1rodn\u00e9ho parku Mur\u00e1nska planina uzavrela v posledn\u00fdch t\u00fd\u017ed\u0148och zmluvy na \u0165a\u017ebu dreva a na pestovn\u00e9 pr\u00e1ce za viac ako 3,3 mil. eur. Viacer\u00e9 z nich vzbudzuj\u00fa pochybnosti z h\u013eadiska dodr\u017eania z\u00e1kona o verejnom obstar\u00e1van\u00ed. V jednej z nich bol dokonca ako \u00faspe\u0161n\u00fd vyhodnoten\u00fd uch\u00e1dza\u010d, ktor\u00fd predlo\u017eil a\u017e \u0161iestu ponuku v porad\u00ed, pri inej z\u00e1kazke [&hellip;]<\/p>\n","protected":false},"author":13,"featured_media":5860,"comment_status":"closed","ping_status":"closed","sticky":false,"template":"","format":"standard","meta":{"_acf_changed":false,"ngg_post_thumbnail":0,"footnotes":""},"categories":[4],"tags":[],"class_list":["post-5859","post","type-post","status-publish","format-standard","has-post-thumbnail","hentry","category-tlacove-spravy"],"acf":[],"yoast_head":"<!-- This site is optimized with the Yoast SEO plugin v27.2 - https:\/\/yoast.com\/product\/yoast-seo-wordpress\/ -->\n<title>Pre sporn\u00e9 z\u00e1kazky na \u0165a\u017ebu na Mur\u00e1nskej planine sa obraciame na \u00darad pre verejn\u00e9 obstar\u00e1vanie<\/title>\n<meta name=\"robots\" content=\"index, follow, max-snippet:-1, max-image-preview:large, max-video-preview:-1\" \/>\n<link rel=\"canonical\" href=\"https:\/\/www.smedemokrati.sk\/sv\/pre-sporne-zakazky-na-tazbu-na-muranskej-planine-sa-obraciame-na-urad-pre-verejne-obstaravanie\/\" \/>\n<meta property=\"og:locale\" content=\"sv_SE\" \/>\n<meta property=\"og:locale:alternate\" content=\"en_US\" \/>\n<meta property=\"og:locale:alternate\" content=\"cs_CZ\" \/>\n<meta property=\"og:locale:alternate\" content=\"hu_HU\" \/>\n<meta property=\"og:locale:alternate\" content=\"sk_SK\" \/>\n<meta property=\"og:type\" content=\"article\" \/>\n<meta property=\"og:title\" content=\"Pre sporn\u00e9 z\u00e1kazky na \u0165a\u017ebu na Mur\u00e1nskej planine sa obraciame na \u00darad pre verejn\u00e9 obstar\u00e1vanie\" \/>\n<meta property=\"og:description\" content=\"Spr\u00e1va N\u00e1rodn\u00e9ho parku Mur\u00e1nska planina uzavrela v posledn\u00fdch t\u00fd\u017ed\u0148och zmluvy na \u0165a\u017ebu dreva a na pestovn\u00e9 pr\u00e1ce za viac ako 3,3 mil. eur. Viacer\u00e9 z nich vzbudzuj\u00fa pochybnosti z h\u013eadiska dodr\u017eania z\u00e1kona o verejnom obstar\u00e1van\u00ed. V jednej z nich bol dokonca ako \u00faspe\u0161n\u00fd vyhodnoten\u00fd uch\u00e1dza\u010d, ktor\u00fd predlo\u017eil a\u017e \u0161iestu ponuku v porad\u00ed, pri inej z\u00e1kazke [&hellip;]\" \/>\n<meta property=\"og:url\" content=\"https:\/\/www.smedemokrati.sk\/sv\/pre-sporne-zakazky-na-tazbu-na-muranskej-planine-sa-obraciame-na-urad-pre-verejne-obstaravanie\/\" \/>\n<meta property=\"og:site_name\" content=\"Smedemokrati.sk\" \/>\n<meta property=\"article:publisher\" content=\"https:\/\/www.facebook.com\/smedemokrati2023\" \/>\n<meta property=\"article:published_time\" content=\"2024-12-02T18:31:44+00:00\" \/>\n<meta property=\"article:modified_time\" content=\"2024-12-05T13:04:26+00:00\" \/>\n<meta property=\"og:image\" content=\"https:\/\/www.smedemokrati.sk\/wp-content\/uploads\/2024\/12\/kica-muran.jpg\" \/>\n\t<meta property=\"og:image:width\" content=\"1728\" \/>\n\t<meta property=\"og:image:height\" content=\"904\" \/>\n\t<meta property=\"og:image:type\" content=\"image\/jpeg\" \/>\n<meta name=\"author\" content=\"miro.sopko\" \/>\n<meta name=\"twitter:card\" content=\"summary_large_image\" \/>\n<meta name=\"twitter:label1\" content=\"Skriven av\" \/>\n\t<meta name=\"twitter:data1\" content=\"miro.sopko\" \/>\n\t<meta name=\"twitter:label2\" content=\"Ber\u00e4knad l\u00e4stid\" \/>\n\t<meta name=\"twitter:data2\" content=\"4 minuter\" \/>\n<script type=\"application\/ld+json\" class=\"yoast-schema-graph\">{\"@context\":\"https:\/\/schema.org\",\"@graph\":[{\"@type\":\"Article\",\"@id\":\"https:\/\/www.smedemokrati.sk\/pre-sporne-zakazky-na-tazbu-na-muranskej-planine-sa-obraciame-na-urad-pre-verejne-obstaravanie\/#article\",\"isPartOf\":{\"@id\":\"https:\/\/www.smedemokrati.sk\/pre-sporne-zakazky-na-tazbu-na-muranskej-planine-sa-obraciame-na-urad-pre-verejne-obstaravanie\/\"},\"author\":{\"name\":\"miro.sopko\",\"@id\":\"https:\/\/www.smedemokrati.sk\/#\/schema\/person\/21f147c88d605aa7ded900e1e7c344ba\"},\"headline\":\"Pre sporn\u00e9 z\u00e1kazky na \u0165a\u017ebu na Mur\u00e1nskej planine sa obraciame na \u00darad pre verejn\u00e9 obstar\u00e1vanie\",\"datePublished\":\"2024-12-02T18:31:44+00:00\",\"dateModified\":\"2024-12-05T13:04:26+00:00\",\"mainEntityOfPage\":{\"@id\":\"https:\/\/www.smedemokrati.sk\/pre-sporne-zakazky-na-tazbu-na-muranskej-planine-sa-obraciame-na-urad-pre-verejne-obstaravanie\/\"},\"wordCount\":948,\"publisher\":{\"@id\":\"https:\/\/www.smedemokrati.sk\/#organization\"},\"image\":{\"@id\":\"https:\/\/www.smedemokrati.sk\/pre-sporne-zakazky-na-tazbu-na-muranskej-planine-sa-obraciame-na-urad-pre-verejne-obstaravanie\/#primaryimage\"},\"thumbnailUrl\":\"https:\/\/www.smedemokrati.sk\/wp-content\/uploads\/2024\/12\/kica-muran.jpg\",\"articleSection\":[\"Tla\u010dov\u00e9 spr\u00e1vy\"],\"inLanguage\":\"sv-SE\"},{\"@type\":\"WebPage\",\"@id\":\"https:\/\/www.smedemokrati.sk\/pre-sporne-zakazky-na-tazbu-na-muranskej-planine-sa-obraciame-na-urad-pre-verejne-obstaravanie\/\",\"url\":\"https:\/\/www.smedemokrati.sk\/pre-sporne-zakazky-na-tazbu-na-muranskej-planine-sa-obraciame-na-urad-pre-verejne-obstaravanie\/\",\"name\":\"Pre sporn\u00e9 z\u00e1kazky na \u0165a\u017ebu na Mur\u00e1nskej planine sa obraciame na \u00darad pre verejn\u00e9 obstar\u00e1vanie\",\"isPartOf\":{\"@id\":\"https:\/\/www.smedemokrati.sk\/#website\"},\"primaryImageOfPage\":{\"@id\":\"https:\/\/www.smedemokrati.sk\/pre-sporne-zakazky-na-tazbu-na-muranskej-planine-sa-obraciame-na-urad-pre-verejne-obstaravanie\/#primaryimage\"},\"image\":{\"@id\":\"https:\/\/www.smedemokrati.sk\/pre-sporne-zakazky-na-tazbu-na-muranskej-planine-sa-obraciame-na-urad-pre-verejne-obstaravanie\/#primaryimage\"},\"thumbnailUrl\":\"https:\/\/www.smedemokrati.sk\/wp-content\/uploads\/2024\/12\/kica-muran.jpg\",\"datePublished\":\"2024-12-02T18:31:44+00:00\",\"dateModified\":\"2024-12-05T13:04:26+00:00\",\"breadcrumb\":{\"@id\":\"https:\/\/www.smedemokrati.sk\/pre-sporne-zakazky-na-tazbu-na-muranskej-planine-sa-obraciame-na-urad-pre-verejne-obstaravanie\/#breadcrumb\"},\"inLanguage\":\"sv-SE\",\"potentialAction\":[{\"@type\":\"ReadAction\",\"target\":[\"https:\/\/www.smedemokrati.sk\/pre-sporne-zakazky-na-tazbu-na-muranskej-planine-sa-obraciame-na-urad-pre-verejne-obstaravanie\/\"]}]},{\"@type\":\"ImageObject\",\"inLanguage\":\"sv-SE\",\"@id\":\"https:\/\/www.smedemokrati.sk\/pre-sporne-zakazky-na-tazbu-na-muranskej-planine-sa-obraciame-na-urad-pre-verejne-obstaravanie\/#primaryimage\",\"url\":\"https:\/\/www.smedemokrati.sk\/wp-content\/uploads\/2024\/12\/kica-muran.jpg\",\"contentUrl\":\"https:\/\/www.smedemokrati.sk\/wp-content\/uploads\/2024\/12\/kica-muran.jpg\",\"width\":1728,\"height\":904},{\"@type\":\"BreadcrumbList\",\"@id\":\"https:\/\/www.smedemokrati.sk\/pre-sporne-zakazky-na-tazbu-na-muranskej-planine-sa-obraciame-na-urad-pre-verejne-obstaravanie\/#breadcrumb\",\"itemListElement\":[{\"@type\":\"ListItem\",\"position\":1,\"name\":\"Domovsk\u00e1 str\u00e1nka\",\"item\":\"https:\/\/www.smedemokrati.sk\/\"},{\"@type\":\"ListItem\",\"position\":2,\"name\":\"Pre sporn\u00e9 z\u00e1kazky na \u0165a\u017ebu na Mur\u00e1nskej planine sa obraciame na \u00darad pre verejn\u00e9 obstar\u00e1vanie\"}]},{\"@type\":\"WebSite\",\"@id\":\"https:\/\/www.smedemokrati.sk\/#website\",\"url\":\"https:\/\/www.smedemokrati.sk\/\",\"name\":\"Smedemokrati.sk\",\"description\":\"Demokracia a slu\u0161nos\u0165 zv\u00ed\u0165az\u00ed\",\"publisher\":{\"@id\":\"https:\/\/www.smedemokrati.sk\/#organization\"},\"potentialAction\":[{\"@type\":\"SearchAction\",\"target\":{\"@type\":\"EntryPoint\",\"urlTemplate\":\"https:\/\/www.smedemokrati.sk\/?s={search_term_string}\"},\"query-input\":{\"@type\":\"PropertyValueSpecification\",\"valueRequired\":true,\"valueName\":\"search_term_string\"}}],\"inLanguage\":\"sv-SE\"},{\"@type\":\"Organization\",\"@id\":\"https:\/\/www.smedemokrati.sk\/#organization\",\"name\":\"Smedemokrati.sk\",\"url\":\"https:\/\/www.smedemokrati.sk\/\",\"logo\":{\"@type\":\"ImageObject\",\"inLanguage\":\"sv-SE\",\"@id\":\"https:\/\/www.smedemokrati.sk\/#\/schema\/logo\/image\/\",\"url\":\"https:\/\/www.smedemokrati.sk\/wp-content\/uploads\/2023\/04\/ff.002.jpeg\",\"contentUrl\":\"https:\/\/www.smedemokrati.sk\/wp-content\/uploads\/2023\/04\/ff.002.jpeg\",\"width\":640,\"height\":480,\"caption\":\"Smedemokrati.sk\"},\"image\":{\"@id\":\"https:\/\/www.smedemokrati.sk\/#\/schema\/logo\/image\/\"},\"sameAs\":[\"https:\/\/www.facebook.com\/smedemokrati2023\"]},{\"@type\":\"Person\",\"@id\":\"https:\/\/www.smedemokrati.sk\/#\/schema\/person\/21f147c88d605aa7ded900e1e7c344ba\",\"name\":\"miro.sopko\",\"image\":{\"@type\":\"ImageObject\",\"inLanguage\":\"sv-SE\",\"@id\":\"https:\/\/secure.gravatar.com\/avatar\/267e4a36f704376c109afe3a78740c1f5dd8675a2180a908699e7863c9247606?s=96&d=mm&r=g\",\"url\":\"https:\/\/secure.gravatar.com\/avatar\/267e4a36f704376c109afe3a78740c1f5dd8675a2180a908699e7863c9247606?s=96&d=mm&r=g\",\"contentUrl\":\"https:\/\/secure.gravatar.com\/avatar\/267e4a36f704376c109afe3a78740c1f5dd8675a2180a908699e7863c9247606?s=96&d=mm&r=g\",\"caption\":\"miro.sopko\"},\"url\":\"https:\/\/www.smedemokrati.sk\/sv\/author\/miro-sopko\/\"}]}<\/script>\n<!-- \/ Yoast SEO plugin. -->","yoast_head_json":{"title":"Pre sporn\u00e9 z\u00e1kazky na \u0165a\u017ebu na Mur\u00e1nskej planine sa obraciame na \u00darad pre verejn\u00e9 obstar\u00e1vanie","robots":{"index":"index","follow":"follow","max-snippet":"max-snippet:-1","max-image-preview":"max-image-preview:large","max-video-preview":"max-video-preview:-1"},"canonical":"https:\/\/www.smedemokrati.sk\/sv\/pre-sporne-zakazky-na-tazbu-na-muranskej-planine-sa-obraciame-na-urad-pre-verejne-obstaravanie\/","og_locale":"sv_SE","og_type":"article","og_title":"[:sk]Pre sporn\u00e9 z\u00e1kazky na \u0165a\u017ebu na Mur\u00e1nskej planine sa obraciame na \u00darad pre verejn\u00e9 obstar\u00e1vanie[:] - Smedemokrati.sk","og_description":"Spr\u00e1va N\u00e1rodn\u00e9ho parku Mur\u00e1nska planina uzavrela v posledn\u00fdch t\u00fd\u017ed\u0148och zmluvy na \u0165a\u017ebu dreva a na pestovn\u00e9 pr\u00e1ce za viac ako 3,3 mil. eur. Viacer\u00e9 z nich vzbudzuj\u00fa pochybnosti z h\u013eadiska dodr\u017eania z\u00e1kona o verejnom obstar\u00e1van\u00ed. V jednej z nich bol dokonca ako \u00faspe\u0161n\u00fd vyhodnoten\u00fd uch\u00e1dza\u010d, ktor\u00fd predlo\u017eil a\u017e \u0161iestu ponuku v porad\u00ed, pri inej z\u00e1kazke [&hellip;]","og_url":"https:\/\/www.smedemokrati.sk\/sv\/pre-sporne-zakazky-na-tazbu-na-muranskej-planine-sa-obraciame-na-urad-pre-verejne-obstaravanie\/","og_site_name":"Smedemokrati.sk","article_publisher":"https:\/\/www.facebook.com\/smedemokrati2023","article_published_time":"2024-12-02T18:31:44+00:00","article_modified_time":"2024-12-05T13:04:26+00:00","og_image":[{"width":1728,"height":904,"url":"https:\/\/www.smedemokrati.sk\/wp-content\/uploads\/2024\/12\/kica-muran.jpg","type":"image\/jpeg"}],"author":"miro.sopko","twitter_card":"summary_large_image","twitter_misc":{"Skriven av":"miro.sopko","Ber\u00e4knad l\u00e4stid":"4 minuter"},"schema":{"@context":"https:\/\/schema.org","@graph":[{"@type":"Article","@id":"https:\/\/www.smedemokrati.sk\/pre-sporne-zakazky-na-tazbu-na-muranskej-planine-sa-obraciame-na-urad-pre-verejne-obstaravanie\/#article","isPartOf":{"@id":"https:\/\/www.smedemokrati.sk\/pre-sporne-zakazky-na-tazbu-na-muranskej-planine-sa-obraciame-na-urad-pre-verejne-obstaravanie\/"},"author":{"name":"miro.sopko","@id":"https:\/\/www.smedemokrati.sk\/#\/schema\/person\/21f147c88d605aa7ded900e1e7c344ba"},"headline":"Pre sporn\u00e9 z\u00e1kazky na \u0165a\u017ebu na Mur\u00e1nskej planine sa obraciame na \u00darad pre verejn\u00e9 obstar\u00e1vanie","datePublished":"2024-12-02T18:31:44+00:00","dateModified":"2024-12-05T13:04:26+00:00","mainEntityOfPage":{"@id":"https:\/\/www.smedemokrati.sk\/pre-sporne-zakazky-na-tazbu-na-muranskej-planine-sa-obraciame-na-urad-pre-verejne-obstaravanie\/"},"wordCount":948,"publisher":{"@id":"https:\/\/www.smedemokrati.sk\/#organization"},"image":{"@id":"https:\/\/www.smedemokrati.sk\/pre-sporne-zakazky-na-tazbu-na-muranskej-planine-sa-obraciame-na-urad-pre-verejne-obstaravanie\/#primaryimage"},"thumbnailUrl":"https:\/\/www.smedemokrati.sk\/wp-content\/uploads\/2024\/12\/kica-muran.jpg","articleSection":["Tla\u010dov\u00e9 spr\u00e1vy"],"inLanguage":"sv-SE"},{"@type":"WebPage","@id":"https:\/\/www.smedemokrati.sk\/pre-sporne-zakazky-na-tazbu-na-muranskej-planine-sa-obraciame-na-urad-pre-verejne-obstaravanie\/","url":"https:\/\/www.smedemokrati.sk\/pre-sporne-zakazky-na-tazbu-na-muranskej-planine-sa-obraciame-na-urad-pre-verejne-obstaravanie\/","name":"Pre sporn\u00e9 z\u00e1kazky na \u0165a\u017ebu na Mur\u00e1nskej planine sa obraciame na \u00darad pre verejn\u00e9 obstar\u00e1vanie","isPartOf":{"@id":"https:\/\/www.smedemokrati.sk\/#website"},"primaryImageOfPage":{"@id":"https:\/\/www.smedemokrati.sk\/pre-sporne-zakazky-na-tazbu-na-muranskej-planine-sa-obraciame-na-urad-pre-verejne-obstaravanie\/#primaryimage"},"image":{"@id":"https:\/\/www.smedemokrati.sk\/pre-sporne-zakazky-na-tazbu-na-muranskej-planine-sa-obraciame-na-urad-pre-verejne-obstaravanie\/#primaryimage"},"thumbnailUrl":"https:\/\/www.smedemokrati.sk\/wp-content\/uploads\/2024\/12\/kica-muran.jpg","datePublished":"2024-12-02T18:31:44+00:00","dateModified":"2024-12-05T13:04:26+00:00","breadcrumb":{"@id":"https:\/\/www.smedemokrati.sk\/pre-sporne-zakazky-na-tazbu-na-muranskej-planine-sa-obraciame-na-urad-pre-verejne-obstaravanie\/#breadcrumb"},"inLanguage":"sv-SE","potentialAction":[{"@type":"ReadAction","target":["https:\/\/www.smedemokrati.sk\/pre-sporne-zakazky-na-tazbu-na-muranskej-planine-sa-obraciame-na-urad-pre-verejne-obstaravanie\/"]}]},{"@type":"ImageObject","inLanguage":"sv-SE","@id":"https:\/\/www.smedemokrati.sk\/pre-sporne-zakazky-na-tazbu-na-muranskej-planine-sa-obraciame-na-urad-pre-verejne-obstaravanie\/#primaryimage","url":"https:\/\/www.smedemokrati.sk\/wp-content\/uploads\/2024\/12\/kica-muran.jpg","contentUrl":"https:\/\/www.smedemokrati.sk\/wp-content\/uploads\/2024\/12\/kica-muran.jpg","width":1728,"height":904},{"@type":"BreadcrumbList","@id":"https:\/\/www.smedemokrati.sk\/pre-sporne-zakazky-na-tazbu-na-muranskej-planine-sa-obraciame-na-urad-pre-verejne-obstaravanie\/#breadcrumb","itemListElement":[{"@type":"ListItem","position":1,"name":"Domovsk\u00e1 str\u00e1nka","item":"https:\/\/www.smedemokrati.sk\/"},{"@type":"ListItem","position":2,"name":"Pre sporn\u00e9 z\u00e1kazky na \u0165a\u017ebu na Mur\u00e1nskej planine sa obraciame na \u00darad pre verejn\u00e9 obstar\u00e1vanie"}]},{"@type":"WebSite","@id":"https:\/\/www.smedemokrati.sk\/#website","url":"https:\/\/www.smedemokrati.sk\/","name":"Smedemokrati.sk","description":"Demokracia a slu\u0161nos\u0165 zv\u00ed\u0165az\u00ed","publisher":{"@id":"https:\/\/www.smedemokrati.sk\/#organization"},"potentialAction":[{"@type":"SearchAction","target":{"@type":"EntryPoint","urlTemplate":"https:\/\/www.smedemokrati.sk\/?s={search_term_string}"},"query-input":{"@type":"PropertyValueSpecification","valueRequired":true,"valueName":"search_term_string"}}],"inLanguage":"sv-SE"},{"@type":"Organization","@id":"https:\/\/www.smedemokrati.sk\/#organization","name":"Smedemokrati.sk","url":"https:\/\/www.smedemokrati.sk\/","logo":{"@type":"ImageObject","inLanguage":"sv-SE","@id":"https:\/\/www.smedemokrati.sk\/#\/schema\/logo\/image\/","url":"https:\/\/www.smedemokrati.sk\/wp-content\/uploads\/2023\/04\/ff.002.jpeg","contentUrl":"https:\/\/www.smedemokrati.sk\/wp-content\/uploads\/2023\/04\/ff.002.jpeg","width":640,"height":480,"caption":"Smedemokrati.sk"},"image":{"@id":"https:\/\/www.smedemokrati.sk\/#\/schema\/logo\/image\/"},"sameAs":["https:\/\/www.facebook.com\/smedemokrati2023"]},{"@type":"Person","@id":"https:\/\/www.smedemokrati.sk\/#\/schema\/person\/21f147c88d605aa7ded900e1e7c344ba","name":"miro.sopko","image":{"@type":"ImageObject","inLanguage":"sv-SE","@id":"https:\/\/secure.gravatar.com\/avatar\/267e4a36f704376c109afe3a78740c1f5dd8675a2180a908699e7863c9247606?s=96&d=mm&r=g","url":"https:\/\/secure.gravatar.com\/avatar\/267e4a36f704376c109afe3a78740c1f5dd8675a2180a908699e7863c9247606?s=96&d=mm&r=g","contentUrl":"https:\/\/secure.gravatar.com\/avatar\/267e4a36f704376c109afe3a78740c1f5dd8675a2180a908699e7863c9247606?s=96&d=mm&r=g","caption":"miro.sopko"},"url":"https:\/\/www.smedemokrati.sk\/sv\/author\/miro-sopko\/"}]}},"_links":{"self":[{"href":"https:\/\/www.smedemokrati.sk\/sv\/wp-json\/wp\/v2\/posts\/5859","targetHints":{"allow":["GET"]}}],"collection":[{"href":"https:\/\/www.smedemokrati.sk\/sv\/wp-json\/wp\/v2\/posts"}],"about":[{"href":"https:\/\/www.smedemokrati.sk\/sv\/wp-json\/wp\/v2\/types\/post"}],"author":[{"embeddable":true,"href":"https:\/\/www.smedemokrati.sk\/sv\/wp-json\/wp\/v2\/users\/13"}],"replies":[{"embeddable":true,"href":"https:\/\/www.smedemokrati.sk\/sv\/wp-json\/wp\/v2\/comments?post=5859"}],"version-history":[{"count":1,"href":"https:\/\/www.smedemokrati.sk\/sv\/wp-json\/wp\/v2\/posts\/5859\/revisions"}],"predecessor-version":[{"id":5861,"href":"https:\/\/www.smedemokrati.sk\/sv\/wp-json\/wp\/v2\/posts\/5859\/revisions\/5861"}],"wp:featuredmedia":[{"embeddable":true,"href":"https:\/\/www.smedemokrati.sk\/sv\/wp-json\/wp\/v2\/media\/5860"}],"wp:attachment":[{"href":"https:\/\/www.smedemokrati.sk\/sv\/wp-json\/wp\/v2\/media?parent=5859"}],"wp:term":[{"taxonomy":"category","embeddable":true,"href":"https:\/\/www.smedemokrati.sk\/sv\/wp-json\/wp\/v2\/categories?post=5859"},{"taxonomy":"post_tag","embeddable":true,"href":"https:\/\/www.smedemokrati.sk\/sv\/wp-json\/wp\/v2\/tags?post=5859"}],"curies":[{"name":"wp","href":"https:\/\/api.w.org\/{rel}","templated":true}]}}