{"id":5838,"date":"2024-11-26T18:03:59","date_gmt":"2024-11-26T17:03:59","guid":{"rendered":"https:\/\/www.smedemokrati.sk\/?p=5838"},"modified":"2024-11-28T21:18:10","modified_gmt":"2024-11-28T20:18:10","slug":"bordel-v-policii-pod-vedenim-solaka-a-sutaj-estoka","status":"publish","type":"post","link":"https:\/\/www.smedemokrati.sk\/sv\/bordel-v-policii-pod-vedenim-solaka-a-sutaj-estoka\/","title":{"rendered":"Bordel v\u00a0pol\u00edcii pod veden\u00edm Sol\u00e1ka a \u0160utaj E\u0161toka"},"content":{"rendered":"<div id=\"fb-root\"><\/div>\n\n<p><strong>Pol\u00edcia pod\u013ea vlastn\u00e9ho stanoviska prepustila na slobodu mu\u017ea, ktor\u00fd mal sexu\u00e1lne ob\u0165a\u017eova\u0165 \u017eenu a predstavoval hrozbu, no za koment\u00e1re na Facebooku k Robertovi Ficovi zatv\u00e1raj\u00fa d\u00f4chodcov do v\u00e4zby. Reaguj\u00fa Demokrati na stanovisko \u00daIS k pr\u00edpadu, kedy mu\u017e po z\u00e1sahu pol\u00edcie v Tren\u010d\u00edne ostal s odtrhnut\u00fdm uchom. Demokrati tie\u017e informovali, \u017ee \u010fal\u0161ie vyhr\u00e1\u017eky bombou, tentoraz na autobusy, ktor\u00e9 prem\u00e1vaj\u00fa v \u017dilinskom kraji, maj\u00fa rie\u0161i\u0165 sami vodi\u010di, a to tak, \u017ee sa pozr\u00fa pod autobus.&nbsp;<\/strong><\/p>\n\n\n\n<p>Demokrati informovali, \u017ee po z\u00e1sahu pol\u00edcie v Tren\u010d\u00edne ostal mu\u017e s odtrhnut\u00fdm uchom a \u010fal\u0161\u00edmi zraneniami. K veci sa vyjadril aj \u00darad in\u0161pek\u010dnej slu\u017eby, ktor\u00fd hovor\u00ed, \u017ee mu\u017e sa mal pok\u00fasi\u0165 sexu\u00e1lne napadn\u00fa\u0165 \u017eenu:\u00a0<em>\u201ePol\u00edcia sa vo svojom stanovisku prizn\u00e1va, \u017ee na slobodu bez procesn\u00fdch \u00fakonov prepustila mu\u017ea, ktor\u00fd predstavoval pod\u013ea ich vyjadren\u00ed v\u00e1\u017enu hrozbu. P\u00fdtam sa, ak\u00e9 \u00fakony pol\u00edcia s mu\u017eom vykonala, ke\u010f o \u00f4smej r\u00e1no u\u017e bol s\u00e1m na pohotovosti? Pre\u010do ho prepustili po troch hodin\u00e1ch? Ak bol podozriv\u00fd z toho, \u010do pol\u00edcia uv\u00e1dza, \u017ee chcel sp\u00e1cha\u0165 zn\u00e1silnenie na \u017eene, pre\u010do nebolo vznesen\u00e9 obvinenie, pre\u010do chodil p\u00e1r hod\u00edn po \u00fadajnom incidente po slobode? A pre\u010do bol krajsk\u00fd riadite\u013e Tren\u010d\u00edna na kober\u010deku u p\u00e1na Sol\u00e1k? Neviem, \u010do je hor\u0161ie, \u00fatok policajtov na ob\u010dana alebo babr\u00e1ctvo policajtov, ktor\u00ed pustia po p\u00e1r hodin\u00e1ch ob\u010dana, ktor\u00fd mal napadn\u00fa\u0165 \u017eenu. Nie\u010do tu poriadne smrd\u00ed na postupe policajtov,&#8221;<\/em>\u00a0hovor\u00ed Juraj \u0160eliga a dod\u00e1va, \u017ee stanovisko pol\u00edcie pri\u0161lo po tom, \u010do po tla\u010dovej konferencii Demokratov musel krajsk\u00fd policajn\u00fd \u0161\u00e9f z Tren\u010d\u00edna okam\u017eite &#8221;nacupka\u0165&#8221; k policajn\u00e9mu prezidentovi Sol\u00e1kovi.\u00a0<\/p>\n\n\n\n<p>\u010eal\u0161\u00ed pr\u00edpad \u0160utaj E\u0161tokovej neschopnosti je pr\u00edpad z dne\u0161ka, kedy pri\u0161li \u010fal\u0161ie vyhr\u00e1\u017eky bombami:\u00a0<em>\u201eP\u00fdtate sa na reakciu pol\u00edcie, \u010do maj\u00fa robi\u0165 vodi\u010di autobusov, v ktor\u00fdch s\u00fa nahl\u00e1sen\u00e9 bomby? Maj\u00fa si k\u013eakn\u00fa\u0165 pod autobus a prezrie\u0165 ho, \u010di nevidia bombu. To je \u0161kand\u00e1l a absurd najhrub\u0161ieho zrna. U\u017e rok niekto slovensk\u00fa verejnos\u0165 \u0161ikanuje bombov\u00fdmi vyhr\u00e1\u017ekami a na\u0161e bezpe\u010dnostn\u00e9 zlo\u017eky s\u00fa bezradn\u00e9. \u010cesk\u00e9 bezpe\u010dnostn\u00e9 slu\u017eby hovoria o ruskej stope, p\u00fdtam sa kde s\u00fa na\u0161e? Odpo\u010d\u00favaj\u00fa opoz\u00edciu? Stra\u0161ia a \u0161ikanuj\u00fa \u0161tudentov a rie\u0161ia dohody s \u0160tb\u00e1kmi? Naozaj vodi\u010d m\u00e1 by\u0165 aj pyrotechnik a rie\u0161i\u0165 bombov\u00e9 hrozby. Evidentne tu niekto testuje na\u0161e bezpe\u010dnostn\u00e9 zlo\u017eky, zrejme zahrani\u010dn\u00e9 tajn\u00e9 slu\u017eby a na\u0161e bezpe\u010dnostn\u00e9 org\u00e1ny ni\u010d.&#8221;\u00a0<\/em>Hovor\u00ed \u0160eliga.<\/p>\n\n\n\n<p>Pod\u013ea poslanca \u013dubom\u00edra Galka je ka\u017ed\u00fd de\u0148, kedy je v \u010dele rezortu vn\u00fatra Mat\u00fa\u0161 \u0160utaj E\u0161tok ohrozen\u00edm bezpe\u010dnosti tohto \u0161t\u00e1tu a preto bude hlasova\u0165 za jeho odvolanie. Z\u00e1rove\u0148 kritizuje, ako koal\u00edcia skr\u00e1tila rozpravu k mimoriadnej sch\u00f4dzi:\u00a0<em>\u201eTejto koal\u00edci\u00ed nie je ni\u010d sv\u00e4t\u00e9 a r\u00faca z\u00e1klady demokracie pri ka\u017edom jednom svojom kroku. Nepam\u00e4t\u00e1m si, \u017eeby niekto tak obmedzoval slobodu slova a e\u0161te v N\u00e1rodnej rade SR, ktor\u00e1 m\u00e1 by\u0165 toho garantom tak, ako t\u00e1to zostava. Predstavte si, \u017ee mne ako poslancovi pripadaj\u00fa na vyjadrenie sa k E\u0161tokovi pribli\u017ene \u0161tyri min\u00faty a \u0161tyridsa\u0165 sek\u00fand. Toto je naozaj t\u00e1 garancia slobody, pokoja a zmieru?&#8221;<\/em><\/p>\n\n\n<div class=\"fb-video\" data-href=\"https:\/\/fb.watch\/w4cnQTEq92\" data-allowfullscreen=\"true\" data-autoplay=\"false\" data-width=\"\" data-show-text=\"false\" data-show-captions=\"true\"><\/div>\n","protected":false},"excerpt":{"rendered":"<p>Pol\u00edcia pod\u013ea vlastn\u00e9ho stanoviska prepustila na slobodu mu\u017ea, ktor\u00fd mal sexu\u00e1lne ob\u0165a\u017eova\u0165 \u017eenu a predstavoval hrozbu, no za koment\u00e1re na Facebooku k Robertovi Ficovi zatv\u00e1raj\u00fa d\u00f4chodcov do v\u00e4zby. Reaguj\u00fa Demokrati na stanovisko \u00daIS k pr\u00edpadu, kedy mu\u017e po z\u00e1sahu pol\u00edcie v Tren\u010d\u00edne ostal s odtrhnut\u00fdm uchom. Demokrati tie\u017e informovali, \u017ee \u010fal\u0161ie vyhr\u00e1\u017eky bombou, tentoraz na [&hellip;]<\/p>\n","protected":false},"author":13,"featured_media":5840,"comment_status":"closed","ping_status":"closed","sticky":false,"template":"","format":"standard","meta":{"_acf_changed":false,"ngg_post_thumbnail":0,"footnotes":""},"categories":[4],"tags":[],"class_list":["post-5838","post","type-post","status-publish","format-standard","has-post-thumbnail","hentry","category-tlacove-spravy"],"acf":[],"yoast_head":"<!-- This site is optimized with the Yoast SEO plugin v27.2 - https:\/\/yoast.com\/product\/yoast-seo-wordpress\/ -->\n<title>Bordel v\u00a0pol\u00edcii pod veden\u00edm Sol\u00e1ka a \u0160utaj E\u0161toka<\/title>\n<meta name=\"robots\" content=\"index, follow, max-snippet:-1, max-image-preview:large, max-video-preview:-1\" \/>\n<link rel=\"canonical\" href=\"https:\/\/www.smedemokrati.sk\/sv\/bordel-v-policii-pod-vedenim-solaka-a-sutaj-estoka\/\" \/>\n<meta property=\"og:locale\" content=\"sv_SE\" \/>\n<meta property=\"og:locale:alternate\" content=\"en_US\" \/>\n<meta property=\"og:locale:alternate\" content=\"cs_CZ\" \/>\n<meta property=\"og:locale:alternate\" content=\"hu_HU\" \/>\n<meta property=\"og:locale:alternate\" content=\"sk_SK\" \/>\n<meta property=\"og:type\" content=\"article\" \/>\n<meta property=\"og:title\" content=\"Bordel v\u00a0pol\u00edcii pod veden\u00edm Sol\u00e1ka a \u0160utaj E\u0161toka\" \/>\n<meta property=\"og:description\" content=\"Pol\u00edcia pod\u013ea vlastn\u00e9ho stanoviska prepustila na slobodu mu\u017ea, ktor\u00fd mal sexu\u00e1lne ob\u0165a\u017eova\u0165 \u017eenu a predstavoval hrozbu, no za koment\u00e1re na Facebooku k Robertovi Ficovi zatv\u00e1raj\u00fa d\u00f4chodcov do v\u00e4zby. Reaguj\u00fa Demokrati na stanovisko \u00daIS k pr\u00edpadu, kedy mu\u017e po z\u00e1sahu pol\u00edcie v Tren\u010d\u00edne ostal s odtrhnut\u00fdm uchom. Demokrati tie\u017e informovali, \u017ee \u010fal\u0161ie vyhr\u00e1\u017eky bombou, tentoraz na [&hellip;]\" \/>\n<meta property=\"og:url\" content=\"https:\/\/www.smedemokrati.sk\/sv\/bordel-v-policii-pod-vedenim-solaka-a-sutaj-estoka\/\" \/>\n<meta property=\"og:site_name\" content=\"Smedemokrati.sk\" \/>\n<meta property=\"article:publisher\" content=\"https:\/\/www.facebook.com\/smedemokrati2023\" \/>\n<meta property=\"article:published_time\" content=\"2024-11-26T17:03:59+00:00\" \/>\n<meta property=\"article:modified_time\" content=\"2024-11-28T20:18:10+00:00\" \/>\n<meta property=\"og:image\" content=\"https:\/\/www.smedemokrati.sk\/wp-content\/uploads\/2024\/11\/seliga-galko-masarikova.jpg\" \/>\n\t<meta property=\"og:image:width\" content=\"591\" \/>\n\t<meta property=\"og:image:height\" content=\"342\" \/>\n\t<meta property=\"og:image:type\" content=\"image\/jpeg\" \/>\n<meta name=\"author\" content=\"miro.sopko\" \/>\n<meta name=\"twitter:card\" content=\"summary_large_image\" \/>\n<meta name=\"twitter:label1\" content=\"Skriven av\" \/>\n\t<meta name=\"twitter:data1\" content=\"miro.sopko\" \/>\n\t<meta name=\"twitter:label2\" content=\"Ber\u00e4knad l\u00e4stid\" \/>\n\t<meta name=\"twitter:data2\" content=\"3 minuter\" \/>\n<script type=\"application\/ld+json\" class=\"yoast-schema-graph\">{\"@context\":\"https:\/\/schema.org\",\"@graph\":[{\"@type\":\"Article\",\"@id\":\"https:\/\/www.smedemokrati.sk\/bordel-v-policii-pod-vedenim-solaka-a-sutaj-estoka\/#article\",\"isPartOf\":{\"@id\":\"https:\/\/www.smedemokrati.sk\/bordel-v-policii-pod-vedenim-solaka-a-sutaj-estoka\/\"},\"author\":{\"name\":\"miro.sopko\",\"@id\":\"https:\/\/www.smedemokrati.sk\/#\/schema\/person\/21f147c88d605aa7ded900e1e7c344ba\"},\"headline\":\"Bordel v\u00a0pol\u00edcii pod veden\u00edm Sol\u00e1ka a \u0160utaj E\u0161toka\",\"datePublished\":\"2024-11-26T17:03:59+00:00\",\"dateModified\":\"2024-11-28T20:18:10+00:00\",\"mainEntityOfPage\":{\"@id\":\"https:\/\/www.smedemokrati.sk\/bordel-v-policii-pod-vedenim-solaka-a-sutaj-estoka\/\"},\"wordCount\":619,\"publisher\":{\"@id\":\"https:\/\/www.smedemokrati.sk\/#organization\"},\"image\":{\"@id\":\"https:\/\/www.smedemokrati.sk\/bordel-v-policii-pod-vedenim-solaka-a-sutaj-estoka\/#primaryimage\"},\"thumbnailUrl\":\"https:\/\/www.smedemokrati.sk\/wp-content\/uploads\/2024\/11\/seliga-galko-masarikova.jpg\",\"articleSection\":[\"Tla\u010dov\u00e9 spr\u00e1vy\"],\"inLanguage\":\"sv-SE\"},{\"@type\":\"WebPage\",\"@id\":\"https:\/\/www.smedemokrati.sk\/bordel-v-policii-pod-vedenim-solaka-a-sutaj-estoka\/\",\"url\":\"https:\/\/www.smedemokrati.sk\/bordel-v-policii-pod-vedenim-solaka-a-sutaj-estoka\/\",\"name\":\"Bordel v\u00a0pol\u00edcii pod veden\u00edm Sol\u00e1ka a \u0160utaj E\u0161toka\",\"isPartOf\":{\"@id\":\"https:\/\/www.smedemokrati.sk\/#website\"},\"primaryImageOfPage\":{\"@id\":\"https:\/\/www.smedemokrati.sk\/bordel-v-policii-pod-vedenim-solaka-a-sutaj-estoka\/#primaryimage\"},\"image\":{\"@id\":\"https:\/\/www.smedemokrati.sk\/bordel-v-policii-pod-vedenim-solaka-a-sutaj-estoka\/#primaryimage\"},\"thumbnailUrl\":\"https:\/\/www.smedemokrati.sk\/wp-content\/uploads\/2024\/11\/seliga-galko-masarikova.jpg\",\"datePublished\":\"2024-11-26T17:03:59+00:00\",\"dateModified\":\"2024-11-28T20:18:10+00:00\",\"breadcrumb\":{\"@id\":\"https:\/\/www.smedemokrati.sk\/bordel-v-policii-pod-vedenim-solaka-a-sutaj-estoka\/#breadcrumb\"},\"inLanguage\":\"sv-SE\",\"potentialAction\":[{\"@type\":\"ReadAction\",\"target\":[\"https:\/\/www.smedemokrati.sk\/bordel-v-policii-pod-vedenim-solaka-a-sutaj-estoka\/\"]}]},{\"@type\":\"ImageObject\",\"inLanguage\":\"sv-SE\",\"@id\":\"https:\/\/www.smedemokrati.sk\/bordel-v-policii-pod-vedenim-solaka-a-sutaj-estoka\/#primaryimage\",\"url\":\"https:\/\/www.smedemokrati.sk\/wp-content\/uploads\/2024\/11\/seliga-galko-masarikova.jpg\",\"contentUrl\":\"https:\/\/www.smedemokrati.sk\/wp-content\/uploads\/2024\/11\/seliga-galko-masarikova.jpg\",\"width\":591,\"height\":342},{\"@type\":\"BreadcrumbList\",\"@id\":\"https:\/\/www.smedemokrati.sk\/bordel-v-policii-pod-vedenim-solaka-a-sutaj-estoka\/#breadcrumb\",\"itemListElement\":[{\"@type\":\"ListItem\",\"position\":1,\"name\":\"Domovsk\u00e1 str\u00e1nka\",\"item\":\"https:\/\/www.smedemokrati.sk\/\"},{\"@type\":\"ListItem\",\"position\":2,\"name\":\"Bordel v\u00a0pol\u00edcii pod veden\u00edm Sol\u00e1ka a \u0160utaj E\u0161toka\"}]},{\"@type\":\"WebSite\",\"@id\":\"https:\/\/www.smedemokrati.sk\/#website\",\"url\":\"https:\/\/www.smedemokrati.sk\/\",\"name\":\"Smedemokrati.sk\",\"description\":\"Demokracia a slu\u0161nos\u0165 zv\u00ed\u0165az\u00ed\",\"publisher\":{\"@id\":\"https:\/\/www.smedemokrati.sk\/#organization\"},\"potentialAction\":[{\"@type\":\"SearchAction\",\"target\":{\"@type\":\"EntryPoint\",\"urlTemplate\":\"https:\/\/www.smedemokrati.sk\/?s={search_term_string}\"},\"query-input\":{\"@type\":\"PropertyValueSpecification\",\"valueRequired\":true,\"valueName\":\"search_term_string\"}}],\"inLanguage\":\"sv-SE\"},{\"@type\":\"Organization\",\"@id\":\"https:\/\/www.smedemokrati.sk\/#organization\",\"name\":\"Smedemokrati.sk\",\"url\":\"https:\/\/www.smedemokrati.sk\/\",\"logo\":{\"@type\":\"ImageObject\",\"inLanguage\":\"sv-SE\",\"@id\":\"https:\/\/www.smedemokrati.sk\/#\/schema\/logo\/image\/\",\"url\":\"https:\/\/www.smedemokrati.sk\/wp-content\/uploads\/2023\/04\/ff.002.jpeg\",\"contentUrl\":\"https:\/\/www.smedemokrati.sk\/wp-content\/uploads\/2023\/04\/ff.002.jpeg\",\"width\":640,\"height\":480,\"caption\":\"Smedemokrati.sk\"},\"image\":{\"@id\":\"https:\/\/www.smedemokrati.sk\/#\/schema\/logo\/image\/\"},\"sameAs\":[\"https:\/\/www.facebook.com\/smedemokrati2023\"]},{\"@type\":\"Person\",\"@id\":\"https:\/\/www.smedemokrati.sk\/#\/schema\/person\/21f147c88d605aa7ded900e1e7c344ba\",\"name\":\"miro.sopko\",\"image\":{\"@type\":\"ImageObject\",\"inLanguage\":\"sv-SE\",\"@id\":\"https:\/\/secure.gravatar.com\/avatar\/267e4a36f704376c109afe3a78740c1f5dd8675a2180a908699e7863c9247606?s=96&d=mm&r=g\",\"url\":\"https:\/\/secure.gravatar.com\/avatar\/267e4a36f704376c109afe3a78740c1f5dd8675a2180a908699e7863c9247606?s=96&d=mm&r=g\",\"contentUrl\":\"https:\/\/secure.gravatar.com\/avatar\/267e4a36f704376c109afe3a78740c1f5dd8675a2180a908699e7863c9247606?s=96&d=mm&r=g\",\"caption\":\"miro.sopko\"},\"url\":\"https:\/\/www.smedemokrati.sk\/sv\/author\/miro-sopko\/\"}]}<\/script>\n<!-- \/ Yoast SEO plugin. -->","yoast_head_json":{"title":"Bordel v\u00a0pol\u00edcii pod veden\u00edm Sol\u00e1ka a \u0160utaj E\u0161toka","robots":{"index":"index","follow":"follow","max-snippet":"max-snippet:-1","max-image-preview":"max-image-preview:large","max-video-preview":"max-video-preview:-1"},"canonical":"https:\/\/www.smedemokrati.sk\/sv\/bordel-v-policii-pod-vedenim-solaka-a-sutaj-estoka\/","og_locale":"sv_SE","og_type":"article","og_title":"[:sk]Bordel v\u00a0pol\u00edcii pod veden\u00edm Sol\u00e1ka a \u0160utaj E\u0161toka[:] - Smedemokrati.sk","og_description":"Pol\u00edcia pod\u013ea vlastn\u00e9ho stanoviska prepustila na slobodu mu\u017ea, ktor\u00fd mal sexu\u00e1lne ob\u0165a\u017eova\u0165 \u017eenu a predstavoval hrozbu, no za koment\u00e1re na Facebooku k Robertovi Ficovi zatv\u00e1raj\u00fa d\u00f4chodcov do v\u00e4zby. Reaguj\u00fa Demokrati na stanovisko \u00daIS k pr\u00edpadu, kedy mu\u017e po z\u00e1sahu pol\u00edcie v Tren\u010d\u00edne ostal s odtrhnut\u00fdm uchom. Demokrati tie\u017e informovali, \u017ee \u010fal\u0161ie vyhr\u00e1\u017eky bombou, tentoraz na [&hellip;]","og_url":"https:\/\/www.smedemokrati.sk\/sv\/bordel-v-policii-pod-vedenim-solaka-a-sutaj-estoka\/","og_site_name":"Smedemokrati.sk","article_publisher":"https:\/\/www.facebook.com\/smedemokrati2023","article_published_time":"2024-11-26T17:03:59+00:00","article_modified_time":"2024-11-28T20:18:10+00:00","og_image":[{"width":591,"height":342,"url":"https:\/\/www.smedemokrati.sk\/wp-content\/uploads\/2024\/11\/seliga-galko-masarikova.jpg","type":"image\/jpeg"}],"author":"miro.sopko","twitter_card":"summary_large_image","twitter_misc":{"Skriven av":"miro.sopko","Ber\u00e4knad l\u00e4stid":"3 minuter"},"schema":{"@context":"https:\/\/schema.org","@graph":[{"@type":"Article","@id":"https:\/\/www.smedemokrati.sk\/bordel-v-policii-pod-vedenim-solaka-a-sutaj-estoka\/#article","isPartOf":{"@id":"https:\/\/www.smedemokrati.sk\/bordel-v-policii-pod-vedenim-solaka-a-sutaj-estoka\/"},"author":{"name":"miro.sopko","@id":"https:\/\/www.smedemokrati.sk\/#\/schema\/person\/21f147c88d605aa7ded900e1e7c344ba"},"headline":"Bordel v\u00a0pol\u00edcii pod veden\u00edm Sol\u00e1ka a \u0160utaj E\u0161toka","datePublished":"2024-11-26T17:03:59+00:00","dateModified":"2024-11-28T20:18:10+00:00","mainEntityOfPage":{"@id":"https:\/\/www.smedemokrati.sk\/bordel-v-policii-pod-vedenim-solaka-a-sutaj-estoka\/"},"wordCount":619,"publisher":{"@id":"https:\/\/www.smedemokrati.sk\/#organization"},"image":{"@id":"https:\/\/www.smedemokrati.sk\/bordel-v-policii-pod-vedenim-solaka-a-sutaj-estoka\/#primaryimage"},"thumbnailUrl":"https:\/\/www.smedemokrati.sk\/wp-content\/uploads\/2024\/11\/seliga-galko-masarikova.jpg","articleSection":["Tla\u010dov\u00e9 spr\u00e1vy"],"inLanguage":"sv-SE"},{"@type":"WebPage","@id":"https:\/\/www.smedemokrati.sk\/bordel-v-policii-pod-vedenim-solaka-a-sutaj-estoka\/","url":"https:\/\/www.smedemokrati.sk\/bordel-v-policii-pod-vedenim-solaka-a-sutaj-estoka\/","name":"Bordel v\u00a0pol\u00edcii pod veden\u00edm Sol\u00e1ka a \u0160utaj E\u0161toka","isPartOf":{"@id":"https:\/\/www.smedemokrati.sk\/#website"},"primaryImageOfPage":{"@id":"https:\/\/www.smedemokrati.sk\/bordel-v-policii-pod-vedenim-solaka-a-sutaj-estoka\/#primaryimage"},"image":{"@id":"https:\/\/www.smedemokrati.sk\/bordel-v-policii-pod-vedenim-solaka-a-sutaj-estoka\/#primaryimage"},"thumbnailUrl":"https:\/\/www.smedemokrati.sk\/wp-content\/uploads\/2024\/11\/seliga-galko-masarikova.jpg","datePublished":"2024-11-26T17:03:59+00:00","dateModified":"2024-11-28T20:18:10+00:00","breadcrumb":{"@id":"https:\/\/www.smedemokrati.sk\/bordel-v-policii-pod-vedenim-solaka-a-sutaj-estoka\/#breadcrumb"},"inLanguage":"sv-SE","potentialAction":[{"@type":"ReadAction","target":["https:\/\/www.smedemokrati.sk\/bordel-v-policii-pod-vedenim-solaka-a-sutaj-estoka\/"]}]},{"@type":"ImageObject","inLanguage":"sv-SE","@id":"https:\/\/www.smedemokrati.sk\/bordel-v-policii-pod-vedenim-solaka-a-sutaj-estoka\/#primaryimage","url":"https:\/\/www.smedemokrati.sk\/wp-content\/uploads\/2024\/11\/seliga-galko-masarikova.jpg","contentUrl":"https:\/\/www.smedemokrati.sk\/wp-content\/uploads\/2024\/11\/seliga-galko-masarikova.jpg","width":591,"height":342},{"@type":"BreadcrumbList","@id":"https:\/\/www.smedemokrati.sk\/bordel-v-policii-pod-vedenim-solaka-a-sutaj-estoka\/#breadcrumb","itemListElement":[{"@type":"ListItem","position":1,"name":"Domovsk\u00e1 str\u00e1nka","item":"https:\/\/www.smedemokrati.sk\/"},{"@type":"ListItem","position":2,"name":"Bordel v\u00a0pol\u00edcii pod veden\u00edm Sol\u00e1ka a \u0160utaj E\u0161toka"}]},{"@type":"WebSite","@id":"https:\/\/www.smedemokrati.sk\/#website","url":"https:\/\/www.smedemokrati.sk\/","name":"Smedemokrati.sk","description":"Demokracia a slu\u0161nos\u0165 zv\u00ed\u0165az\u00ed","publisher":{"@id":"https:\/\/www.smedemokrati.sk\/#organization"},"potentialAction":[{"@type":"SearchAction","target":{"@type":"EntryPoint","urlTemplate":"https:\/\/www.smedemokrati.sk\/?s={search_term_string}"},"query-input":{"@type":"PropertyValueSpecification","valueRequired":true,"valueName":"search_term_string"}}],"inLanguage":"sv-SE"},{"@type":"Organization","@id":"https:\/\/www.smedemokrati.sk\/#organization","name":"Smedemokrati.sk","url":"https:\/\/www.smedemokrati.sk\/","logo":{"@type":"ImageObject","inLanguage":"sv-SE","@id":"https:\/\/www.smedemokrati.sk\/#\/schema\/logo\/image\/","url":"https:\/\/www.smedemokrati.sk\/wp-content\/uploads\/2023\/04\/ff.002.jpeg","contentUrl":"https:\/\/www.smedemokrati.sk\/wp-content\/uploads\/2023\/04\/ff.002.jpeg","width":640,"height":480,"caption":"Smedemokrati.sk"},"image":{"@id":"https:\/\/www.smedemokrati.sk\/#\/schema\/logo\/image\/"},"sameAs":["https:\/\/www.facebook.com\/smedemokrati2023"]},{"@type":"Person","@id":"https:\/\/www.smedemokrati.sk\/#\/schema\/person\/21f147c88d605aa7ded900e1e7c344ba","name":"miro.sopko","image":{"@type":"ImageObject","inLanguage":"sv-SE","@id":"https:\/\/secure.gravatar.com\/avatar\/267e4a36f704376c109afe3a78740c1f5dd8675a2180a908699e7863c9247606?s=96&d=mm&r=g","url":"https:\/\/secure.gravatar.com\/avatar\/267e4a36f704376c109afe3a78740c1f5dd8675a2180a908699e7863c9247606?s=96&d=mm&r=g","contentUrl":"https:\/\/secure.gravatar.com\/avatar\/267e4a36f704376c109afe3a78740c1f5dd8675a2180a908699e7863c9247606?s=96&d=mm&r=g","caption":"miro.sopko"},"url":"https:\/\/www.smedemokrati.sk\/sv\/author\/miro-sopko\/"}]}},"_links":{"self":[{"href":"https:\/\/www.smedemokrati.sk\/sv\/wp-json\/wp\/v2\/posts\/5838","targetHints":{"allow":["GET"]}}],"collection":[{"href":"https:\/\/www.smedemokrati.sk\/sv\/wp-json\/wp\/v2\/posts"}],"about":[{"href":"https:\/\/www.smedemokrati.sk\/sv\/wp-json\/wp\/v2\/types\/post"}],"author":[{"embeddable":true,"href":"https:\/\/www.smedemokrati.sk\/sv\/wp-json\/wp\/v2\/users\/13"}],"replies":[{"embeddable":true,"href":"https:\/\/www.smedemokrati.sk\/sv\/wp-json\/wp\/v2\/comments?post=5838"}],"version-history":[{"count":1,"href":"https:\/\/www.smedemokrati.sk\/sv\/wp-json\/wp\/v2\/posts\/5838\/revisions"}],"predecessor-version":[{"id":5841,"href":"https:\/\/www.smedemokrati.sk\/sv\/wp-json\/wp\/v2\/posts\/5838\/revisions\/5841"}],"wp:featuredmedia":[{"embeddable":true,"href":"https:\/\/www.smedemokrati.sk\/sv\/wp-json\/wp\/v2\/media\/5840"}],"wp:attachment":[{"href":"https:\/\/www.smedemokrati.sk\/sv\/wp-json\/wp\/v2\/media?parent=5838"}],"wp:term":[{"taxonomy":"category","embeddable":true,"href":"https:\/\/www.smedemokrati.sk\/sv\/wp-json\/wp\/v2\/categories?post=5838"},{"taxonomy":"post_tag","embeddable":true,"href":"https:\/\/www.smedemokrati.sk\/sv\/wp-json\/wp\/v2\/tags?post=5838"}],"curies":[{"name":"wp","href":"https:\/\/api.w.org\/{rel}","templated":true}]}}