{"id":5832,"date":"2024-11-25T16:13:04","date_gmt":"2024-11-25T15:13:04","guid":{"rendered":"https:\/\/www.smedemokrati.sk\/?p=5832"},"modified":"2024-11-28T21:18:13","modified_gmt":"2024-11-28T20:18:13","slug":"policajne-nasilie-pokracuje-dalsie-nove-pripady","status":"publish","type":"post","link":"https:\/\/www.smedemokrati.sk\/sv\/policajne-nasilie-pokracuje-dalsie-nove-pripady\/","title":{"rendered":"Policajn\u00e9 n\u00e1silie pokra\u010duje, \u010fal\u0161ie nov\u00e9 pr\u00edpady!"},"content":{"rendered":"<div id=\"fb-root\"><\/div>\n\n<p><strong>Strana Demokrati opakovane upozor\u0148uje na zl\u00fa situ\u00e1ciu v&nbsp;policajnom zbore. Po tragickej udalosti, kedy policajt zabil \u013dubom\u00edra, nepri\u0161lo k&nbsp;\u017eiadnemu vyvodeniu zodpovednosti. Naopak, prib\u00fadaj\u00fa pr\u00edpady, kedy pokra\u010duje zo strany policajtov zneu\u017e\u00edvanie pr\u00e1vomoci verejn\u00e9ho \u010dinite\u013ea a&nbsp;n\u00e1silie vo\u010di ob\u010danom. Namiesto toho, aby minister vn\u00fatra \u0160utaj E\u0161tok a&nbsp;policajn\u00fd prezident Sol\u00e1k konali, prich\u00e1dzaj\u00fa s&nbsp;prekr\u00fdvan\u00edm t\u00e9my vym\u00fd\u0161\u013ean\u00edm vy\u0161etrovac\u00edch t\u00edmov. Demokrati dnes upozor\u0148uj\u00fa na \u010fal\u0161ie pr\u00edpady, tentokr\u00e1t z&nbsp;Tren\u010dianskeho kraja, kedy policajti pou\u017eili proti ob\u010danom n\u00e1silie, evidentne nez\u00e1konne a neprimerane. Demokrati vyz\u00fdvaj\u00fa kompetentn\u00fdch na \u010dele s&nbsp;premi\u00e9rom a&nbsp;ministrom vn\u00fatra, aby konali!<\/strong><\/p>\n\n\n\n<p>Minister vn\u00fatra zria\u010fuje nezmyseln\u00e9 vy\u0161etrovacie t\u00edmy k pomoci Ukrajine, aby prekryl vlastn\u00e9 kauzy v s\u00favislosti s neadekv\u00e1tnymi z\u00e1sahmi policajtov, ktor\u00fd vy\u00fastili a\u017e v smr\u0165 nevinn\u00e9ho \u010dloveka, no o vlastn\u00fd rezort sa mu rozpad\u00e1 pod rukami. Demokrati prich\u00e1dzaj\u00fa s \u010fal\u0161\u00edmi dvomi pr\u00edpadmi, kedy policajti pou\u017eili neprimeran\u00fa silu a minister vn\u00fatra o nich ml\u010d\u00ed.\u00a0<em>\u201eV\u00e1\u017eime si v\u0161etk\u00fdch slu\u0161n\u00fdch policajtov, ktor\u00ed dennodenne chr\u00e1nia na\u0161u bezpe\u010dnos\u0165. S\u00fa v\u0161ak aj tak\u00ed, na ktor\u00fdch sa preniesol pocit neohrozite\u013enosti a svoju moc a silu preukazuj\u00fa neadekv\u00e1tnymi z\u00e1sahmi,&#8221;\u00a0<\/em>otv\u00e1ra t\u00e9mu Jaroslav Na\u010f a z\u00e1rove\u0148 menuje plej\u00e1du politick\u00fdch ale aj mor\u00e1lnych pre\u0161\u013eapov \u0160utaj E\u0161toka, pre ktor\u00e9 bude poslanec \u013d. Galko, ktor\u00fd so stranou spolupracuje, hlasova\u0165 za odvolanie s\u00fa\u010dasn\u00e9ho ministra.<\/p>\n\n\n\n<p><em>\u201eOd zabitia \u013dubom\u00edra v&nbsp;Ko\u0161iciach uplynul takmer mesiac a&nbsp;do dne\u0161n\u00e9ho d\u0148a nebola vyvoden\u00e1 \u017eiadna zodpovednos\u0165. Minister vn\u00fatra \u0160utaj E\u0161tok sa tv\u00e1ri, \u017ee sa ni\u010d nestalo, Sol\u00e1k ako policajn\u00fd prezident chr\u00e1ni svojich priate\u013eov, rodinn\u00fdch pr\u00edslu\u0161n\u00edkov a&nbsp;v\u0161etk\u00fdch in\u00fdch, okrem be\u017en\u00fdch ob\u010danov. Premi\u00e9r Fico do dne\u0161n\u00e9ho d\u0148a k&nbsp;tejto t\u00e9me nepovedal ani slovo. P\u00e1n premi\u00e9r, urobme si V\u00e1\u0161 ob\u013e\u00faben\u00fd test Ficom. \u010co by ste robili, keby ste boli v&nbsp;opoz\u00edcii? Okam\u017eite by ste \u017eiadali vyvodi\u0165 zodpovednos\u0165 a&nbsp;tri tla\u010dov\u00e9 konferencie denne! Teraz ste ticho. Ako to m\u00e1me ch\u00e1pa\u0165, \u017ee V\u00e1s smr\u0165 \u010dloveka tr\u00e1pi len v&nbsp;opoz\u00edcii?\u201c<\/em>&nbsp;hovor\u00ed Juraj \u0160eliga, podpredseda strany Demokrati.<\/p>\n\n\n\n<p><em>\u201e\u017dia\u013e, pr\u00edpad v&nbsp;Ko\u0161iciach ani z\u010faleka nie je ojedinel\u00fd. Naopak, prib\u00fadaj\u00fa \u010fal\u0161ie pr\u00edpady. Cez v\u00edkend v&nbsp;Tren\u010d\u00edne, mu\u017e sa vracia z&nbsp;diskot\u00e9ky, skon\u010d\u00ed v&nbsp;nemocnici s&nbsp;takmer odtrhnut\u00fdm uchom. Pre\u010do? To naozaj policajti maj\u00fa probl\u00e9m s&nbsp;podnapit\u00fdm mu\u017eom a\u017e tak, \u017ee mu musia takmer odtrhn\u00fa\u0165 ucho? Na policajnej stanici mu vulg\u00e1rne vynada\u0165, da\u0165 p\u00e1r faciek a&nbsp;ke\u010f chce poda\u0165 podnet na z\u00e1krok tak ho odbi\u0165, nech si to nap\u00ed\u0161e doma? Naozaj m\u00e1me zverejni\u0165 v\u0161etko, aj lek\u00e1rsku spr\u00e1vu, aj \u010fal\u0161ie fotografie zranen\u00e9ho, aby sa t\u00fdmto pr\u00edpadom za\u010dali zaobera\u0165 kompetentn\u00ed?\u201c<\/em>&nbsp;hovor\u00ed o prvom pr\u00edpade Juraj \u0160eliga, ktor\u00fd sa policajn\u00fdm t\u00e9mam odborne venuje.<\/p>\n\n\n\n<p><em>\u201eMy si v\u00e1\u017eime pr\u00e1cu policajtov, neh\u00e1d\u017eeme v\u0161etk\u00fdch do jedn\u00e9ho vreca, ale ke\u010f nosia odznak a&nbsp;maj\u00fa moc nad ob\u010danmi, musia by\u0165 profesion\u00e1lni a&nbsp;nie zneu\u017e\u00edva\u0165 svoju pr\u00e1vomoc. P\u00e1n Zurian, kde ste teraz, pod\u013ea na\u0161ich inform\u00e1ci\u00ed, m\u00e1te k&nbsp;dispoz\u00edcii aj videoz\u00e1znamy aj inform\u00e1cie o&nbsp;t\u00fdchto incidentoch. \u010co s&nbsp;t\u00fdm rob\u00edte? Alebo sa u\u017e vid\u00edte na stoli\u010dke policajn\u00e9ho prezidenta, \u010di ministra vn\u00fatra? Konajte to, na \u010do ste boli do funkcie ustanoven\u00fd. Opakujem, pod\u013ea na\u0161ich inform\u00e1ci\u00ed je o&nbsp;t\u00fdchto pr\u00edpadoch informovan\u00e1 aj policajn\u00e1 in\u0161pekcia aj krajsk\u00e9 riadite\u013estvo v Tren\u010d\u00edne\u201c<\/em>&nbsp;hovor\u00ed Juraj \u0160eliga<\/p>\n\n\n\n<p><em>\u201eDruh\u00fd pr\u00edpad je incident v&nbsp;B\u00e1novciach nad Bebravou, ktor\u00fd sa udial pred ani nie 10 d\u0148ami. Policajti zastavili mu\u017ea, prin\u00fatili ho vyzliec\u0165 sa takmer do naha, dobili ho p\u00e4s\u0165ami a&nbsp;n\u00e1sledne ho nechali tak. \u00dadajne mali h\u013eada\u0165 drogy. Prepo\u010d\u00edtali sa v\u0161ak, preto\u017ee z&nbsp;tohto incidentu s\u00fa kamerov\u00e9 z\u00e1znamy. Nechceme mari\u0165 vy\u0161etrovanie alebo m\u00e1me zverejni\u0165 kamerov\u00e9 z\u00e1znamy my? In\u0161pekcia aj Krajsk\u00e9 riadite\u013estvo v&nbsp;Tren\u010d\u00edne je o&nbsp;tomto incidente informovan\u00e9. Pre\u010do v&nbsp;tejto veci nekonaj\u00fa? Op\u00e4\u0165 sa \u010dak\u00e1, \u017ee niekto zomrie? Alebo to je nov\u00fd \u0161tandard, bi\u0165 \u013eud\u00ed p\u00e4s\u0165ami?\u201c<\/em>&nbsp;p\u00fdta sa Juraj \u0160eliga, podpredseda strany Demokrati.<\/p>\n\n\n\n<p>Predseda strany Demokrati Jaroslav Na\u010f z\u00e1rove\u0148 zd\u00f4raznil, \u017ee minulot\u00fd\u017ed\u0148ov\u00e1 tla\u010dov\u00e1 konferencia k zriadeniu vy\u0161etrovacieho t\u00edmu Darca aj v&nbsp;kontexte vy\u0161\u0161ie spom\u00ednan\u00fdch pr\u00edpadov nie je ni\u010d in\u00e9, len snaha o prekrytie vlastn\u00fdch zlyhan\u00ed v rezorte vn\u00fatra.&nbsp;<em>\u201eM\u00e1me tu ministra vn\u00fatra, ktor\u00fd na tla\u010dovej konferencii narozpr\u00e1va klamstv\u00e1, a hne\u010f vz\u00e1p\u00e4t\u00ed sa zbabelo schov\u00e1 do bezpe\u010dia svojej kancel\u00e1rie. P\u00e1n minister, po\u010fme spolo\u010dne do diskusie. Alebo sa boj\u00edte, \u017ee v\u0161etky va\u0161e l\u017ei vyvr\u00e1tim a kr\u00e1\u013e ostane nah\u00fd?\u201d<\/em>, p\u00fdta sa Na\u010f. Pod\u013ea Na\u010fa je jednozna\u010dn\u00e9, \u017ee v pr\u00edpade t\u00edmu Darca ide o politick\u00fa objedn\u00e1vku a pomstu strane Demokrati za odkr\u00fdvanie \u010fal\u0161\u00edch a \u010fal\u0161\u00edch zlyhan\u00ed \u0160utaja E\u0161toka, ke\u010f\u017ee zriadenie vy\u0161etrovacieho t\u00edmu ohlasoval s\u00e1m minister.<\/p>\n\n\n<div class=\"fb-video\" data-href=\"https:\/\/fb.watch\/w4cnQTEq92\" data-allowfullscreen=\"true\" data-autoplay=\"false\" data-width=\"\" data-show-text=\"false\" data-show-captions=\"true\"><\/div>\n","protected":false},"excerpt":{"rendered":"<p>Strana Demokrati opakovane upozor\u0148uje na zl\u00fa situ\u00e1ciu v&nbsp;policajnom zbore. Po tragickej udalosti, kedy policajt zabil \u013dubom\u00edra, nepri\u0161lo k&nbsp;\u017eiadnemu vyvodeniu zodpovednosti. Naopak, prib\u00fadaj\u00fa pr\u00edpady, kedy pokra\u010duje zo strany policajtov zneu\u017e\u00edvanie pr\u00e1vomoci verejn\u00e9ho \u010dinite\u013ea a&nbsp;n\u00e1silie vo\u010di ob\u010danom. Namiesto toho, aby minister vn\u00fatra \u0160utaj E\u0161tok a&nbsp;policajn\u00fd prezident Sol\u00e1k konali, prich\u00e1dzaj\u00fa s&nbsp;prekr\u00fdvan\u00edm t\u00e9my vym\u00fd\u0161\u013ean\u00edm vy\u0161etrovac\u00edch t\u00edmov. Demokrati dnes upozor\u0148uj\u00fa [&hellip;]<\/p>\n","protected":false},"author":13,"featured_media":5833,"comment_status":"closed","ping_status":"closed","sticky":false,"template":"","format":"standard","meta":{"_acf_changed":false,"ngg_post_thumbnail":0,"footnotes":""},"categories":[4],"tags":[],"class_list":["post-5832","post","type-post","status-publish","format-standard","has-post-thumbnail","hentry","category-tlacove-spravy"],"acf":[],"yoast_head":"<!-- This site is optimized with the Yoast SEO plugin v27.2 - https:\/\/yoast.com\/product\/yoast-seo-wordpress\/ -->\n<title>Policajn\u00e9 n\u00e1silie pokra\u010duje, \u010fal\u0161ie nov\u00e9 pr\u00edpady!<\/title>\n<meta name=\"robots\" content=\"index, follow, max-snippet:-1, max-image-preview:large, max-video-preview:-1\" \/>\n<link rel=\"canonical\" href=\"https:\/\/www.smedemokrati.sk\/sv\/policajne-nasilie-pokracuje-dalsie-nove-pripady\/\" \/>\n<meta property=\"og:locale\" content=\"sv_SE\" \/>\n<meta property=\"og:locale:alternate\" content=\"en_US\" \/>\n<meta property=\"og:locale:alternate\" content=\"cs_CZ\" \/>\n<meta property=\"og:locale:alternate\" content=\"hu_HU\" \/>\n<meta property=\"og:locale:alternate\" content=\"sk_SK\" \/>\n<meta property=\"og:type\" content=\"article\" \/>\n<meta property=\"og:title\" content=\"Policajn\u00e9 n\u00e1silie pokra\u010duje, \u010fal\u0161ie nov\u00e9 pr\u00edpady!\" \/>\n<meta property=\"og:description\" content=\"Strana Demokrati opakovane upozor\u0148uje na zl\u00fa situ\u00e1ciu v&nbsp;policajnom zbore. Po tragickej udalosti, kedy policajt zabil \u013dubom\u00edra, nepri\u0161lo k&nbsp;\u017eiadnemu vyvodeniu zodpovednosti. Naopak, prib\u00fadaj\u00fa pr\u00edpady, kedy pokra\u010duje zo strany policajtov zneu\u017e\u00edvanie pr\u00e1vomoci verejn\u00e9ho \u010dinite\u013ea a&nbsp;n\u00e1silie vo\u010di ob\u010danom. Namiesto toho, aby minister vn\u00fatra \u0160utaj E\u0161tok a&nbsp;policajn\u00fd prezident Sol\u00e1k konali, prich\u00e1dzaj\u00fa s&nbsp;prekr\u00fdvan\u00edm t\u00e9my vym\u00fd\u0161\u013ean\u00edm vy\u0161etrovac\u00edch t\u00edmov. Demokrati dnes upozor\u0148uj\u00fa [&hellip;]\" \/>\n<meta property=\"og:url\" content=\"https:\/\/www.smedemokrati.sk\/sv\/policajne-nasilie-pokracuje-dalsie-nove-pripady\/\" \/>\n<meta property=\"og:site_name\" content=\"Smedemokrati.sk\" \/>\n<meta property=\"article:publisher\" content=\"https:\/\/www.facebook.com\/smedemokrati2023\" \/>\n<meta property=\"article:published_time\" content=\"2024-11-25T15:13:04+00:00\" \/>\n<meta property=\"article:modified_time\" content=\"2024-11-28T20:18:13+00:00\" \/>\n<meta property=\"og:image\" content=\"https:\/\/www.smedemokrati.sk\/wp-content\/uploads\/2024\/11\/policajne-preslapy.jpg\" \/>\n\t<meta property=\"og:image:width\" content=\"1401\" \/>\n\t<meta property=\"og:image:height\" content=\"763\" \/>\n\t<meta property=\"og:image:type\" content=\"image\/jpeg\" \/>\n<meta name=\"author\" content=\"miro.sopko\" \/>\n<meta name=\"twitter:card\" content=\"summary_large_image\" \/>\n<meta name=\"twitter:label1\" content=\"Skriven av\" \/>\n\t<meta name=\"twitter:data1\" content=\"miro.sopko\" \/>\n\t<meta name=\"twitter:label2\" content=\"Ber\u00e4knad l\u00e4stid\" \/>\n\t<meta name=\"twitter:data2\" content=\"4 minuter\" \/>\n<script type=\"application\/ld+json\" class=\"yoast-schema-graph\">{\"@context\":\"https:\/\/schema.org\",\"@graph\":[{\"@type\":\"Article\",\"@id\":\"https:\/\/www.smedemokrati.sk\/policajne-nasilie-pokracuje-dalsie-nove-pripady\/#article\",\"isPartOf\":{\"@id\":\"https:\/\/www.smedemokrati.sk\/policajne-nasilie-pokracuje-dalsie-nove-pripady\/\"},\"author\":{\"name\":\"miro.sopko\",\"@id\":\"https:\/\/www.smedemokrati.sk\/#\/schema\/person\/21f147c88d605aa7ded900e1e7c344ba\"},\"headline\":\"Policajn\u00e9 n\u00e1silie pokra\u010duje, \u010fal\u0161ie nov\u00e9 pr\u00edpady!\",\"datePublished\":\"2024-11-25T15:13:04+00:00\",\"dateModified\":\"2024-11-28T20:18:13+00:00\",\"mainEntityOfPage\":{\"@id\":\"https:\/\/www.smedemokrati.sk\/policajne-nasilie-pokracuje-dalsie-nove-pripady\/\"},\"wordCount\":994,\"publisher\":{\"@id\":\"https:\/\/www.smedemokrati.sk\/#organization\"},\"image\":{\"@id\":\"https:\/\/www.smedemokrati.sk\/policajne-nasilie-pokracuje-dalsie-nove-pripady\/#primaryimage\"},\"thumbnailUrl\":\"https:\/\/www.smedemokrati.sk\/wp-content\/uploads\/2024\/11\/policajne-preslapy.jpg\",\"articleSection\":[\"Tla\u010dov\u00e9 spr\u00e1vy\"],\"inLanguage\":\"sv-SE\"},{\"@type\":\"WebPage\",\"@id\":\"https:\/\/www.smedemokrati.sk\/policajne-nasilie-pokracuje-dalsie-nove-pripady\/\",\"url\":\"https:\/\/www.smedemokrati.sk\/policajne-nasilie-pokracuje-dalsie-nove-pripady\/\",\"name\":\"Policajn\u00e9 n\u00e1silie pokra\u010duje, \u010fal\u0161ie nov\u00e9 pr\u00edpady!\",\"isPartOf\":{\"@id\":\"https:\/\/www.smedemokrati.sk\/#website\"},\"primaryImageOfPage\":{\"@id\":\"https:\/\/www.smedemokrati.sk\/policajne-nasilie-pokracuje-dalsie-nove-pripady\/#primaryimage\"},\"image\":{\"@id\":\"https:\/\/www.smedemokrati.sk\/policajne-nasilie-pokracuje-dalsie-nove-pripady\/#primaryimage\"},\"thumbnailUrl\":\"https:\/\/www.smedemokrati.sk\/wp-content\/uploads\/2024\/11\/policajne-preslapy.jpg\",\"datePublished\":\"2024-11-25T15:13:04+00:00\",\"dateModified\":\"2024-11-28T20:18:13+00:00\",\"breadcrumb\":{\"@id\":\"https:\/\/www.smedemokrati.sk\/policajne-nasilie-pokracuje-dalsie-nove-pripady\/#breadcrumb\"},\"inLanguage\":\"sv-SE\",\"potentialAction\":[{\"@type\":\"ReadAction\",\"target\":[\"https:\/\/www.smedemokrati.sk\/policajne-nasilie-pokracuje-dalsie-nove-pripady\/\"]}]},{\"@type\":\"ImageObject\",\"inLanguage\":\"sv-SE\",\"@id\":\"https:\/\/www.smedemokrati.sk\/policajne-nasilie-pokracuje-dalsie-nove-pripady\/#primaryimage\",\"url\":\"https:\/\/www.smedemokrati.sk\/wp-content\/uploads\/2024\/11\/policajne-preslapy.jpg\",\"contentUrl\":\"https:\/\/www.smedemokrati.sk\/wp-content\/uploads\/2024\/11\/policajne-preslapy.jpg\",\"width\":1401,\"height\":763},{\"@type\":\"BreadcrumbList\",\"@id\":\"https:\/\/www.smedemokrati.sk\/policajne-nasilie-pokracuje-dalsie-nove-pripady\/#breadcrumb\",\"itemListElement\":[{\"@type\":\"ListItem\",\"position\":1,\"name\":\"Domovsk\u00e1 str\u00e1nka\",\"item\":\"https:\/\/www.smedemokrati.sk\/\"},{\"@type\":\"ListItem\",\"position\":2,\"name\":\"Policajn\u00e9 n\u00e1silie pokra\u010duje, \u010fal\u0161ie nov\u00e9 pr\u00edpady!\"}]},{\"@type\":\"WebSite\",\"@id\":\"https:\/\/www.smedemokrati.sk\/#website\",\"url\":\"https:\/\/www.smedemokrati.sk\/\",\"name\":\"Smedemokrati.sk\",\"description\":\"Demokracia a slu\u0161nos\u0165 zv\u00ed\u0165az\u00ed\",\"publisher\":{\"@id\":\"https:\/\/www.smedemokrati.sk\/#organization\"},\"potentialAction\":[{\"@type\":\"SearchAction\",\"target\":{\"@type\":\"EntryPoint\",\"urlTemplate\":\"https:\/\/www.smedemokrati.sk\/?s={search_term_string}\"},\"query-input\":{\"@type\":\"PropertyValueSpecification\",\"valueRequired\":true,\"valueName\":\"search_term_string\"}}],\"inLanguage\":\"sv-SE\"},{\"@type\":\"Organization\",\"@id\":\"https:\/\/www.smedemokrati.sk\/#organization\",\"name\":\"Smedemokrati.sk\",\"url\":\"https:\/\/www.smedemokrati.sk\/\",\"logo\":{\"@type\":\"ImageObject\",\"inLanguage\":\"sv-SE\",\"@id\":\"https:\/\/www.smedemokrati.sk\/#\/schema\/logo\/image\/\",\"url\":\"https:\/\/www.smedemokrati.sk\/wp-content\/uploads\/2023\/04\/ff.002.jpeg\",\"contentUrl\":\"https:\/\/www.smedemokrati.sk\/wp-content\/uploads\/2023\/04\/ff.002.jpeg\",\"width\":640,\"height\":480,\"caption\":\"Smedemokrati.sk\"},\"image\":{\"@id\":\"https:\/\/www.smedemokrati.sk\/#\/schema\/logo\/image\/\"},\"sameAs\":[\"https:\/\/www.facebook.com\/smedemokrati2023\"]},{\"@type\":\"Person\",\"@id\":\"https:\/\/www.smedemokrati.sk\/#\/schema\/person\/21f147c88d605aa7ded900e1e7c344ba\",\"name\":\"miro.sopko\",\"image\":{\"@type\":\"ImageObject\",\"inLanguage\":\"sv-SE\",\"@id\":\"https:\/\/secure.gravatar.com\/avatar\/267e4a36f704376c109afe3a78740c1f5dd8675a2180a908699e7863c9247606?s=96&d=mm&r=g\",\"url\":\"https:\/\/secure.gravatar.com\/avatar\/267e4a36f704376c109afe3a78740c1f5dd8675a2180a908699e7863c9247606?s=96&d=mm&r=g\",\"contentUrl\":\"https:\/\/secure.gravatar.com\/avatar\/267e4a36f704376c109afe3a78740c1f5dd8675a2180a908699e7863c9247606?s=96&d=mm&r=g\",\"caption\":\"miro.sopko\"},\"url\":\"https:\/\/www.smedemokrati.sk\/sv\/author\/miro-sopko\/\"}]}<\/script>\n<!-- \/ Yoast SEO plugin. -->","yoast_head_json":{"title":"Policajn\u00e9 n\u00e1silie pokra\u010duje, \u010fal\u0161ie nov\u00e9 pr\u00edpady!","robots":{"index":"index","follow":"follow","max-snippet":"max-snippet:-1","max-image-preview":"max-image-preview:large","max-video-preview":"max-video-preview:-1"},"canonical":"https:\/\/www.smedemokrati.sk\/sv\/policajne-nasilie-pokracuje-dalsie-nove-pripady\/","og_locale":"sv_SE","og_type":"article","og_title":"[:sk]Policajn\u00e9 n\u00e1silie pokra\u010duje, \u010fal\u0161ie nov\u00e9 pr\u00edpady![:] - Smedemokrati.sk","og_description":"Strana Demokrati opakovane upozor\u0148uje na zl\u00fa situ\u00e1ciu v&nbsp;policajnom zbore. Po tragickej udalosti, kedy policajt zabil \u013dubom\u00edra, nepri\u0161lo k&nbsp;\u017eiadnemu vyvodeniu zodpovednosti. Naopak, prib\u00fadaj\u00fa pr\u00edpady, kedy pokra\u010duje zo strany policajtov zneu\u017e\u00edvanie pr\u00e1vomoci verejn\u00e9ho \u010dinite\u013ea a&nbsp;n\u00e1silie vo\u010di ob\u010danom. Namiesto toho, aby minister vn\u00fatra \u0160utaj E\u0161tok a&nbsp;policajn\u00fd prezident Sol\u00e1k konali, prich\u00e1dzaj\u00fa s&nbsp;prekr\u00fdvan\u00edm t\u00e9my vym\u00fd\u0161\u013ean\u00edm vy\u0161etrovac\u00edch t\u00edmov. Demokrati dnes upozor\u0148uj\u00fa [&hellip;]","og_url":"https:\/\/www.smedemokrati.sk\/sv\/policajne-nasilie-pokracuje-dalsie-nove-pripady\/","og_site_name":"Smedemokrati.sk","article_publisher":"https:\/\/www.facebook.com\/smedemokrati2023","article_published_time":"2024-11-25T15:13:04+00:00","article_modified_time":"2024-11-28T20:18:13+00:00","og_image":[{"width":1401,"height":763,"url":"https:\/\/www.smedemokrati.sk\/wp-content\/uploads\/2024\/11\/policajne-preslapy.jpg","type":"image\/jpeg"}],"author":"miro.sopko","twitter_card":"summary_large_image","twitter_misc":{"Skriven av":"miro.sopko","Ber\u00e4knad l\u00e4stid":"4 minuter"},"schema":{"@context":"https:\/\/schema.org","@graph":[{"@type":"Article","@id":"https:\/\/www.smedemokrati.sk\/policajne-nasilie-pokracuje-dalsie-nove-pripady\/#article","isPartOf":{"@id":"https:\/\/www.smedemokrati.sk\/policajne-nasilie-pokracuje-dalsie-nove-pripady\/"},"author":{"name":"miro.sopko","@id":"https:\/\/www.smedemokrati.sk\/#\/schema\/person\/21f147c88d605aa7ded900e1e7c344ba"},"headline":"Policajn\u00e9 n\u00e1silie pokra\u010duje, \u010fal\u0161ie nov\u00e9 pr\u00edpady!","datePublished":"2024-11-25T15:13:04+00:00","dateModified":"2024-11-28T20:18:13+00:00","mainEntityOfPage":{"@id":"https:\/\/www.smedemokrati.sk\/policajne-nasilie-pokracuje-dalsie-nove-pripady\/"},"wordCount":994,"publisher":{"@id":"https:\/\/www.smedemokrati.sk\/#organization"},"image":{"@id":"https:\/\/www.smedemokrati.sk\/policajne-nasilie-pokracuje-dalsie-nove-pripady\/#primaryimage"},"thumbnailUrl":"https:\/\/www.smedemokrati.sk\/wp-content\/uploads\/2024\/11\/policajne-preslapy.jpg","articleSection":["Tla\u010dov\u00e9 spr\u00e1vy"],"inLanguage":"sv-SE"},{"@type":"WebPage","@id":"https:\/\/www.smedemokrati.sk\/policajne-nasilie-pokracuje-dalsie-nove-pripady\/","url":"https:\/\/www.smedemokrati.sk\/policajne-nasilie-pokracuje-dalsie-nove-pripady\/","name":"Policajn\u00e9 n\u00e1silie pokra\u010duje, \u010fal\u0161ie nov\u00e9 pr\u00edpady!","isPartOf":{"@id":"https:\/\/www.smedemokrati.sk\/#website"},"primaryImageOfPage":{"@id":"https:\/\/www.smedemokrati.sk\/policajne-nasilie-pokracuje-dalsie-nove-pripady\/#primaryimage"},"image":{"@id":"https:\/\/www.smedemokrati.sk\/policajne-nasilie-pokracuje-dalsie-nove-pripady\/#primaryimage"},"thumbnailUrl":"https:\/\/www.smedemokrati.sk\/wp-content\/uploads\/2024\/11\/policajne-preslapy.jpg","datePublished":"2024-11-25T15:13:04+00:00","dateModified":"2024-11-28T20:18:13+00:00","breadcrumb":{"@id":"https:\/\/www.smedemokrati.sk\/policajne-nasilie-pokracuje-dalsie-nove-pripady\/#breadcrumb"},"inLanguage":"sv-SE","potentialAction":[{"@type":"ReadAction","target":["https:\/\/www.smedemokrati.sk\/policajne-nasilie-pokracuje-dalsie-nove-pripady\/"]}]},{"@type":"ImageObject","inLanguage":"sv-SE","@id":"https:\/\/www.smedemokrati.sk\/policajne-nasilie-pokracuje-dalsie-nove-pripady\/#primaryimage","url":"https:\/\/www.smedemokrati.sk\/wp-content\/uploads\/2024\/11\/policajne-preslapy.jpg","contentUrl":"https:\/\/www.smedemokrati.sk\/wp-content\/uploads\/2024\/11\/policajne-preslapy.jpg","width":1401,"height":763},{"@type":"BreadcrumbList","@id":"https:\/\/www.smedemokrati.sk\/policajne-nasilie-pokracuje-dalsie-nove-pripady\/#breadcrumb","itemListElement":[{"@type":"ListItem","position":1,"name":"Domovsk\u00e1 str\u00e1nka","item":"https:\/\/www.smedemokrati.sk\/"},{"@type":"ListItem","position":2,"name":"Policajn\u00e9 n\u00e1silie pokra\u010duje, \u010fal\u0161ie nov\u00e9 pr\u00edpady!"}]},{"@type":"WebSite","@id":"https:\/\/www.smedemokrati.sk\/#website","url":"https:\/\/www.smedemokrati.sk\/","name":"Smedemokrati.sk","description":"Demokracia a slu\u0161nos\u0165 zv\u00ed\u0165az\u00ed","publisher":{"@id":"https:\/\/www.smedemokrati.sk\/#organization"},"potentialAction":[{"@type":"SearchAction","target":{"@type":"EntryPoint","urlTemplate":"https:\/\/www.smedemokrati.sk\/?s={search_term_string}"},"query-input":{"@type":"PropertyValueSpecification","valueRequired":true,"valueName":"search_term_string"}}],"inLanguage":"sv-SE"},{"@type":"Organization","@id":"https:\/\/www.smedemokrati.sk\/#organization","name":"Smedemokrati.sk","url":"https:\/\/www.smedemokrati.sk\/","logo":{"@type":"ImageObject","inLanguage":"sv-SE","@id":"https:\/\/www.smedemokrati.sk\/#\/schema\/logo\/image\/","url":"https:\/\/www.smedemokrati.sk\/wp-content\/uploads\/2023\/04\/ff.002.jpeg","contentUrl":"https:\/\/www.smedemokrati.sk\/wp-content\/uploads\/2023\/04\/ff.002.jpeg","width":640,"height":480,"caption":"Smedemokrati.sk"},"image":{"@id":"https:\/\/www.smedemokrati.sk\/#\/schema\/logo\/image\/"},"sameAs":["https:\/\/www.facebook.com\/smedemokrati2023"]},{"@type":"Person","@id":"https:\/\/www.smedemokrati.sk\/#\/schema\/person\/21f147c88d605aa7ded900e1e7c344ba","name":"miro.sopko","image":{"@type":"ImageObject","inLanguage":"sv-SE","@id":"https:\/\/secure.gravatar.com\/avatar\/267e4a36f704376c109afe3a78740c1f5dd8675a2180a908699e7863c9247606?s=96&d=mm&r=g","url":"https:\/\/secure.gravatar.com\/avatar\/267e4a36f704376c109afe3a78740c1f5dd8675a2180a908699e7863c9247606?s=96&d=mm&r=g","contentUrl":"https:\/\/secure.gravatar.com\/avatar\/267e4a36f704376c109afe3a78740c1f5dd8675a2180a908699e7863c9247606?s=96&d=mm&r=g","caption":"miro.sopko"},"url":"https:\/\/www.smedemokrati.sk\/sv\/author\/miro-sopko\/"}]}},"_links":{"self":[{"href":"https:\/\/www.smedemokrati.sk\/sv\/wp-json\/wp\/v2\/posts\/5832","targetHints":{"allow":["GET"]}}],"collection":[{"href":"https:\/\/www.smedemokrati.sk\/sv\/wp-json\/wp\/v2\/posts"}],"about":[{"href":"https:\/\/www.smedemokrati.sk\/sv\/wp-json\/wp\/v2\/types\/post"}],"author":[{"embeddable":true,"href":"https:\/\/www.smedemokrati.sk\/sv\/wp-json\/wp\/v2\/users\/13"}],"replies":[{"embeddable":true,"href":"https:\/\/www.smedemokrati.sk\/sv\/wp-json\/wp\/v2\/comments?post=5832"}],"version-history":[{"count":1,"href":"https:\/\/www.smedemokrati.sk\/sv\/wp-json\/wp\/v2\/posts\/5832\/revisions"}],"predecessor-version":[{"id":5834,"href":"https:\/\/www.smedemokrati.sk\/sv\/wp-json\/wp\/v2\/posts\/5832\/revisions\/5834"}],"wp:featuredmedia":[{"embeddable":true,"href":"https:\/\/www.smedemokrati.sk\/sv\/wp-json\/wp\/v2\/media\/5833"}],"wp:attachment":[{"href":"https:\/\/www.smedemokrati.sk\/sv\/wp-json\/wp\/v2\/media?parent=5832"}],"wp:term":[{"taxonomy":"category","embeddable":true,"href":"https:\/\/www.smedemokrati.sk\/sv\/wp-json\/wp\/v2\/categories?post=5832"},{"taxonomy":"post_tag","embeddable":true,"href":"https:\/\/www.smedemokrati.sk\/sv\/wp-json\/wp\/v2\/tags?post=5832"}],"curies":[{"name":"wp","href":"https:\/\/api.w.org\/{rel}","templated":true}]}}