{"id":5798,"date":"2024-11-19T13:22:52","date_gmt":"2024-11-19T12:22:52","guid":{"rendered":"https:\/\/www.smedemokrati.sk\/?p=5798"},"modified":"2024-11-20T21:12:09","modified_gmt":"2024-11-20T20:12:09","slug":"solakove-rodinkarstvo-sposobuje-v-policajnom-zbore-vazne-problemy","status":"publish","type":"post","link":"https:\/\/www.smedemokrati.sk\/sv\/solakove-rodinkarstvo-sposobuje-v-policajnom-zbore-vazne-problemy\/","title":{"rendered":"Sol\u00e1kove rodink\u00e1rstvo sp\u00f4sobuje v policajnom zbore v\u00e1\u017ene probl\u00e9my"},"content":{"rendered":"<div id=\"fb-root\"><\/div>\n\n<p><strong>Prezident policajn\u00e9ho zboru Sol\u00e1k dosadil na vysok\u00e9 policajn\u00e9 funkcie na riadite\u013estvo do Humenn\u00e9ho a do N\u00e1rodnej protidrogovej jednotky svojich \u0161vagrov. Man\u017eelka policajn\u00e9ho prezidenta zase pracuje na ministerstve vn\u00fatra a pre rodinn\u00e9 v\u00e4zby riadite\u013ea odboru poriadkovej pol\u00edcie v Michalovciach a jeho man\u017eelky policajtky, bol doslova spackan\u00fd policajn\u00fd z\u00e1sah na Zempl\u00edne. Demokrati varuj\u00fa, \u017ee tieto rodinn\u00e9 nomin\u00e1cie sp\u00f4sobuj\u00fa v\u00e1\u017ene probl\u00e9my.&nbsp;<\/strong><\/p>\n\n\n\n<p>Prezident policajn\u00e9ho zboru s\u013e\u00fabil pri svojom n\u00e1stupe stabilizova\u0165 policajn\u00fd zbor. V\u00fdsledkom je, \u017ee zo zboru odch\u00e1dza rekordn\u00e9 mno\u017estvo pr\u00edslu\u0161n\u00edkov a jedin\u00ed, ktor\u00ed na\u0161li stabilitu s\u00fa pr\u00e1ve rodinn\u00ed pr\u00edslu\u0161n\u00edci a spolu\u017eiaci policajn\u00e9ho prezidenta, ktor\u00ed s\u00fa dosadzovan\u00ed na vysok\u00e9 poz\u00edcie:<em>\u00a0\u201eZa sedem dn\u00ed do\u0161lo k trom \u00famrtiam v s\u00favislosti so z\u00e1sahom pol\u00edcie. Ak dodnes nebol policajn\u00fd prezident schopn\u00fd vyvodi\u0165 zodpovednos\u0165 u t\u00fdchto \u013eud\u00ed, ako asi bude postupova\u0165, ak d\u00f4jde k pochybeniu zo strany jeho pr\u00edbuzn\u00fdch a priate\u013eov, ktor\u00ed s\u00fa na vysok\u00fdch poz\u00edci\u00e1ch?&#8221;<\/em>\u00a0Otv\u00e1ra t\u00e9mu Juraj \u0160eliga a pokra\u010duje konkr\u00e9tnymi pr\u00edkladmi:\u00a0<em>\u201eV Humennom je \u0161\u00e9fom okresu Sol\u00e1kov \u0161vagor. Druh\u00fd \u0161vagor je na vysokej poz\u00edcii v N\u00e1rodnej protidrogovej jednotke. Man\u017eelka p\u00e1na Sol\u00e1ka pracuje na rezorte vn\u00fatra. Toto nie je vizitka d\u00f4veryhodn\u00e9ho policajn\u00e9ho prezidenta, toto je \u010dlovek, ktor\u00fd sa nestar\u00e1 o policajn\u00fd zbor, ale len o svoju rodinu a priate\u013eov. St\u00e1le sa p\u00fdtam, kto preberie zodpovednos\u0165 za ubitie \u010dloveka v Ko\u0161iciach?&#8221;<\/em><\/p>\n\n\n\n<p>Juraj \u0160eliga pokra\u010duje \u010fal\u0161\u00edm pr\u00edkladom rodink\u00e1rstva, ktor\u00fdm do\u0161lo k v\u00e1\u017enemu pochybeniu:\u00a0<em>\u201eNa Zempl\u00edne mala slu\u017ebu vy\u0161etrovate\u013eka-man\u017eelka riadite\u013ea poriadkovej pol\u00edcie. Ist\u00fd mu\u017e sa v tom \u010dase zabarik\u00e1doval v sklade so zbra\u0148ou a namiesto pokynu na r\u00fdchly z\u00e1sah pri\u0161iel pokyn, aby policajti po\u010dkali k\u00fdm skon\u010d\u00ed slu\u017eba pani man\u017eelke. Hodiny a hodiny bol mu\u017e na mieste a policajti str\u00e1\u017eili cel\u00fa noc objekt len preto, aby sa r\u00e1no slu\u017eby vymenili a pri\u0161li in\u00ed policajti. Padol v\u00fdstrel, na\u0161\u0165astie sa nikomu ni\u010d nestalo, no t\u00fdmto priamym pokynom &#8221;\u010daka\u0165&#8221; sa situ\u00e1cia extr\u00e9mne vyhrotila.&#8221;<\/em><\/p>\n\n\n\n<p><em>\u201eSitu\u00e1cia v policajnom zbore sa ka\u017ed\u00fdm d\u0148om zhor\u0161uje. Minister ani policajn\u00fd prezident nerie\u0161ia t\u00fato situ\u00e1ciu. Jednorazov\u00e9 odmeny, ktor\u00e9 boli rozde\u013eovan\u00e9 cez v\u00edkend(!) ni\u010d nevyrie\u0161ia. Od 1. janu\u00e1ra bude v\u00e1\u017eny, naozaj v\u00e1\u017eny probl\u00e9m postavi\u0165 na niektor\u00fdch obvodn\u00fdch oddeleniach hliadky. Minister ni\u010d a prezident policajn\u00e9ho zboru stabilizuje akur\u00e1t tak svoju rodinu, no a premi\u00e9r absol\u00fatne ni\u010d. \u017dia\u013e, opoz\u00edcia v parlamente st\u00e1le nepochopite\u013ene v\u00e1ha s odvol\u00e1van\u00edm ministra. Doplatia na to ob\u010dania!&#8221;\u00a0<\/em>hovor\u00ed Juraj \u0160eliga.<\/p>\n\n\n\n<p>Jaroslav Na\u010f aj v tejto s\u00favislosti vyz\u00fdva opoz\u00edciu aby okam\u017eite za\u010dala zbiera\u0165 podpisy za odvol\u00e1vanie ministra vn\u00fatra:\u00a0<em>\u201ePoslanec Galko, s ktor\u00fdm spolupracujeme, oslovil opozi\u010dn\u00e9 parlamentn\u00e9 strany s touto iniciat\u00edvou, no ne\u00faspe\u0161ne. Ak sa opoz\u00edcia nechce podp\u00edsa\u0165 pod n\u00e1vrh Demokratov re\u0161pektujem to, aj ke\u010f nerozumiem, preto\u017ee ide o vec. Nech teda za\u010dn\u00fa sami zbiera\u0165 podpisy a \u013dubom\u00edr Galko sa za n\u00e1s pod to ur\u010dite podp\u00ed\u0161e.&#8221;<\/em><\/p>\n\n\n\n<p>Live cel\u00e1 TK:<\/p>\n\n\n\n<figure class=\"wp-block-embed is-type-video is-provider-youtube wp-block-embed-youtube wp-embed-aspect-16-9 wp-has-aspect-ratio\"><div class=\"wp-block-embed__wrapper\">\n<iframe title=\"Live: Sol\u00e1kov\u00e9 rodink\u00e1rstvo sp\u00f4sobuje v policajnom zbore v\u00e1\u017ene probl\u00e9my\" width=\"500\" height=\"281\" src=\"https:\/\/www.youtube.com\/embed\/BCMS_3nCqOM?feature=oembed\" frameborder=\"0\" allow=\"accelerometer; autoplay; clipboard-write; encrypted-media; gyroscope; picture-in-picture; web-share\" referrerpolicy=\"strict-origin-when-cross-origin\" allowfullscreen><\/iframe>\n<\/div><\/figure>\n","protected":false},"excerpt":{"rendered":"<p>Prezident policajn\u00e9ho zboru Sol\u00e1k dosadil na vysok\u00e9 policajn\u00e9 funkcie na riadite\u013estvo do Humenn\u00e9ho a do N\u00e1rodnej protidrogovej jednotky svojich \u0161vagrov. Man\u017eelka policajn\u00e9ho prezidenta zase pracuje na ministerstve vn\u00fatra a pre rodinn\u00e9 v\u00e4zby riadite\u013ea odboru poriadkovej pol\u00edcie v Michalovciach a jeho man\u017eelky policajtky, bol doslova spackan\u00fd policajn\u00fd z\u00e1sah na Zempl\u00edne. Demokrati varuj\u00fa, \u017ee tieto rodinn\u00e9 nomin\u00e1cie [&hellip;]<\/p>\n","protected":false},"author":13,"featured_media":5107,"comment_status":"closed","ping_status":"closed","sticky":false,"template":"","format":"standard","meta":{"_acf_changed":false,"ngg_post_thumbnail":0,"footnotes":""},"categories":[4],"tags":[],"class_list":["post-5798","post","type-post","status-publish","format-standard","has-post-thumbnail","hentry","category-tlacove-spravy"],"acf":[],"yoast_head":"<!-- This site is optimized with the Yoast SEO plugin v27.2 - https:\/\/yoast.com\/product\/yoast-seo-wordpress\/ -->\n<title>Sol\u00e1kove rodink\u00e1rstvo sp\u00f4sobuje v policajnom zbore v\u00e1\u017ene probl\u00e9my<\/title>\n<meta name=\"robots\" content=\"index, follow, max-snippet:-1, max-image-preview:large, max-video-preview:-1\" \/>\n<link rel=\"canonical\" href=\"https:\/\/www.smedemokrati.sk\/sv\/solakove-rodinkarstvo-sposobuje-v-policajnom-zbore-vazne-problemy\/\" \/>\n<meta property=\"og:locale\" content=\"sv_SE\" \/>\n<meta property=\"og:locale:alternate\" content=\"en_US\" \/>\n<meta property=\"og:locale:alternate\" content=\"cs_CZ\" \/>\n<meta property=\"og:locale:alternate\" content=\"hu_HU\" \/>\n<meta property=\"og:locale:alternate\" content=\"sk_SK\" \/>\n<meta property=\"og:type\" content=\"article\" \/>\n<meta property=\"og:title\" content=\"Sol\u00e1kove rodink\u00e1rstvo sp\u00f4sobuje v policajnom zbore v\u00e1\u017ene probl\u00e9my\" \/>\n<meta property=\"og:description\" content=\"Prezident policajn\u00e9ho zboru Sol\u00e1k dosadil na vysok\u00e9 policajn\u00e9 funkcie na riadite\u013estvo do Humenn\u00e9ho a do N\u00e1rodnej protidrogovej jednotky svojich \u0161vagrov. Man\u017eelka policajn\u00e9ho prezidenta zase pracuje na ministerstve vn\u00fatra a pre rodinn\u00e9 v\u00e4zby riadite\u013ea odboru poriadkovej pol\u00edcie v Michalovciach a jeho man\u017eelky policajtky, bol doslova spackan\u00fd policajn\u00fd z\u00e1sah na Zempl\u00edne. Demokrati varuj\u00fa, \u017ee tieto rodinn\u00e9 nomin\u00e1cie [&hellip;]\" \/>\n<meta property=\"og:url\" content=\"https:\/\/www.smedemokrati.sk\/sv\/solakove-rodinkarstvo-sposobuje-v-policajnom-zbore-vazne-problemy\/\" \/>\n<meta property=\"og:site_name\" content=\"Smedemokrati.sk\" \/>\n<meta property=\"article:publisher\" content=\"https:\/\/www.facebook.com\/smedemokrati2023\" \/>\n<meta property=\"article:published_time\" content=\"2024-11-19T12:22:52+00:00\" \/>\n<meta property=\"article:modified_time\" content=\"2024-11-20T20:12:09+00:00\" \/>\n<meta property=\"og:image\" content=\"https:\/\/www.smedemokrati.sk\/wp-content\/uploads\/2024\/09\/solak.jpg\" \/>\n\t<meta property=\"og:image:width\" content=\"950\" \/>\n\t<meta property=\"og:image:height\" content=\"634\" \/>\n\t<meta property=\"og:image:type\" content=\"image\/jpeg\" \/>\n<meta name=\"author\" content=\"miro.sopko\" \/>\n<meta name=\"twitter:card\" content=\"summary_large_image\" \/>\n<meta name=\"twitter:label1\" content=\"Skriven av\" \/>\n\t<meta name=\"twitter:data1\" content=\"miro.sopko\" \/>\n\t<meta name=\"twitter:label2\" content=\"Ber\u00e4knad l\u00e4stid\" \/>\n\t<meta name=\"twitter:data2\" content=\"3 minuter\" \/>\n<script type=\"application\/ld+json\" class=\"yoast-schema-graph\">{\"@context\":\"https:\/\/schema.org\",\"@graph\":[{\"@type\":\"Article\",\"@id\":\"https:\/\/www.smedemokrati.sk\/solakove-rodinkarstvo-sposobuje-v-policajnom-zbore-vazne-problemy\/#article\",\"isPartOf\":{\"@id\":\"https:\/\/www.smedemokrati.sk\/solakove-rodinkarstvo-sposobuje-v-policajnom-zbore-vazne-problemy\/\"},\"author\":{\"name\":\"miro.sopko\",\"@id\":\"https:\/\/www.smedemokrati.sk\/#\/schema\/person\/21f147c88d605aa7ded900e1e7c344ba\"},\"headline\":\"Sol\u00e1kove rodink\u00e1rstvo sp\u00f4sobuje v policajnom zbore v\u00e1\u017ene probl\u00e9my\",\"datePublished\":\"2024-11-19T12:22:52+00:00\",\"dateModified\":\"2024-11-20T20:12:09+00:00\",\"mainEntityOfPage\":{\"@id\":\"https:\/\/www.smedemokrati.sk\/solakove-rodinkarstvo-sposobuje-v-policajnom-zbore-vazne-problemy\/\"},\"wordCount\":601,\"publisher\":{\"@id\":\"https:\/\/www.smedemokrati.sk\/#organization\"},\"image\":{\"@id\":\"https:\/\/www.smedemokrati.sk\/solakove-rodinkarstvo-sposobuje-v-policajnom-zbore-vazne-problemy\/#primaryimage\"},\"thumbnailUrl\":\"https:\/\/www.smedemokrati.sk\/wp-content\/uploads\/2024\/09\/solak.jpg\",\"articleSection\":[\"Tla\u010dov\u00e9 spr\u00e1vy\"],\"inLanguage\":\"sv-SE\"},{\"@type\":\"WebPage\",\"@id\":\"https:\/\/www.smedemokrati.sk\/solakove-rodinkarstvo-sposobuje-v-policajnom-zbore-vazne-problemy\/\",\"url\":\"https:\/\/www.smedemokrati.sk\/solakove-rodinkarstvo-sposobuje-v-policajnom-zbore-vazne-problemy\/\",\"name\":\"Sol\u00e1kove rodink\u00e1rstvo sp\u00f4sobuje v policajnom zbore v\u00e1\u017ene probl\u00e9my\",\"isPartOf\":{\"@id\":\"https:\/\/www.smedemokrati.sk\/#website\"},\"primaryImageOfPage\":{\"@id\":\"https:\/\/www.smedemokrati.sk\/solakove-rodinkarstvo-sposobuje-v-policajnom-zbore-vazne-problemy\/#primaryimage\"},\"image\":{\"@id\":\"https:\/\/www.smedemokrati.sk\/solakove-rodinkarstvo-sposobuje-v-policajnom-zbore-vazne-problemy\/#primaryimage\"},\"thumbnailUrl\":\"https:\/\/www.smedemokrati.sk\/wp-content\/uploads\/2024\/09\/solak.jpg\",\"datePublished\":\"2024-11-19T12:22:52+00:00\",\"dateModified\":\"2024-11-20T20:12:09+00:00\",\"breadcrumb\":{\"@id\":\"https:\/\/www.smedemokrati.sk\/solakove-rodinkarstvo-sposobuje-v-policajnom-zbore-vazne-problemy\/#breadcrumb\"},\"inLanguage\":\"sv-SE\",\"potentialAction\":[{\"@type\":\"ReadAction\",\"target\":[\"https:\/\/www.smedemokrati.sk\/solakove-rodinkarstvo-sposobuje-v-policajnom-zbore-vazne-problemy\/\"]}]},{\"@type\":\"ImageObject\",\"inLanguage\":\"sv-SE\",\"@id\":\"https:\/\/www.smedemokrati.sk\/solakove-rodinkarstvo-sposobuje-v-policajnom-zbore-vazne-problemy\/#primaryimage\",\"url\":\"https:\/\/www.smedemokrati.sk\/wp-content\/uploads\/2024\/09\/solak.jpg\",\"contentUrl\":\"https:\/\/www.smedemokrati.sk\/wp-content\/uploads\/2024\/09\/solak.jpg\",\"width\":950,\"height\":634},{\"@type\":\"BreadcrumbList\",\"@id\":\"https:\/\/www.smedemokrati.sk\/solakove-rodinkarstvo-sposobuje-v-policajnom-zbore-vazne-problemy\/#breadcrumb\",\"itemListElement\":[{\"@type\":\"ListItem\",\"position\":1,\"name\":\"Domovsk\u00e1 str\u00e1nka\",\"item\":\"https:\/\/www.smedemokrati.sk\/\"},{\"@type\":\"ListItem\",\"position\":2,\"name\":\"Sol\u00e1kove rodink\u00e1rstvo sp\u00f4sobuje v policajnom zbore v\u00e1\u017ene probl\u00e9my\"}]},{\"@type\":\"WebSite\",\"@id\":\"https:\/\/www.smedemokrati.sk\/#website\",\"url\":\"https:\/\/www.smedemokrati.sk\/\",\"name\":\"Smedemokrati.sk\",\"description\":\"Demokracia a slu\u0161nos\u0165 zv\u00ed\u0165az\u00ed\",\"publisher\":{\"@id\":\"https:\/\/www.smedemokrati.sk\/#organization\"},\"potentialAction\":[{\"@type\":\"SearchAction\",\"target\":{\"@type\":\"EntryPoint\",\"urlTemplate\":\"https:\/\/www.smedemokrati.sk\/?s={search_term_string}\"},\"query-input\":{\"@type\":\"PropertyValueSpecification\",\"valueRequired\":true,\"valueName\":\"search_term_string\"}}],\"inLanguage\":\"sv-SE\"},{\"@type\":\"Organization\",\"@id\":\"https:\/\/www.smedemokrati.sk\/#organization\",\"name\":\"Smedemokrati.sk\",\"url\":\"https:\/\/www.smedemokrati.sk\/\",\"logo\":{\"@type\":\"ImageObject\",\"inLanguage\":\"sv-SE\",\"@id\":\"https:\/\/www.smedemokrati.sk\/#\/schema\/logo\/image\/\",\"url\":\"https:\/\/www.smedemokrati.sk\/wp-content\/uploads\/2023\/04\/ff.002.jpeg\",\"contentUrl\":\"https:\/\/www.smedemokrati.sk\/wp-content\/uploads\/2023\/04\/ff.002.jpeg\",\"width\":640,\"height\":480,\"caption\":\"Smedemokrati.sk\"},\"image\":{\"@id\":\"https:\/\/www.smedemokrati.sk\/#\/schema\/logo\/image\/\"},\"sameAs\":[\"https:\/\/www.facebook.com\/smedemokrati2023\"]},{\"@type\":\"Person\",\"@id\":\"https:\/\/www.smedemokrati.sk\/#\/schema\/person\/21f147c88d605aa7ded900e1e7c344ba\",\"name\":\"miro.sopko\",\"image\":{\"@type\":\"ImageObject\",\"inLanguage\":\"sv-SE\",\"@id\":\"https:\/\/secure.gravatar.com\/avatar\/267e4a36f704376c109afe3a78740c1f5dd8675a2180a908699e7863c9247606?s=96&d=mm&r=g\",\"url\":\"https:\/\/secure.gravatar.com\/avatar\/267e4a36f704376c109afe3a78740c1f5dd8675a2180a908699e7863c9247606?s=96&d=mm&r=g\",\"contentUrl\":\"https:\/\/secure.gravatar.com\/avatar\/267e4a36f704376c109afe3a78740c1f5dd8675a2180a908699e7863c9247606?s=96&d=mm&r=g\",\"caption\":\"miro.sopko\"},\"url\":\"https:\/\/www.smedemokrati.sk\/sv\/author\/miro-sopko\/\"}]}<\/script>\n<!-- \/ Yoast SEO plugin. -->","yoast_head_json":{"title":"Sol\u00e1kove rodink\u00e1rstvo sp\u00f4sobuje v policajnom zbore v\u00e1\u017ene probl\u00e9my","robots":{"index":"index","follow":"follow","max-snippet":"max-snippet:-1","max-image-preview":"max-image-preview:large","max-video-preview":"max-video-preview:-1"},"canonical":"https:\/\/www.smedemokrati.sk\/sv\/solakove-rodinkarstvo-sposobuje-v-policajnom-zbore-vazne-problemy\/","og_locale":"sv_SE","og_type":"article","og_title":"[:sk]Sol\u00e1kove rodink\u00e1rstvo sp\u00f4sobuje v policajnom zbore v\u00e1\u017ene probl\u00e9my[:] - Smedemokrati.sk","og_description":"Prezident policajn\u00e9ho zboru Sol\u00e1k dosadil na vysok\u00e9 policajn\u00e9 funkcie na riadite\u013estvo do Humenn\u00e9ho a do N\u00e1rodnej protidrogovej jednotky svojich \u0161vagrov. Man\u017eelka policajn\u00e9ho prezidenta zase pracuje na ministerstve vn\u00fatra a pre rodinn\u00e9 v\u00e4zby riadite\u013ea odboru poriadkovej pol\u00edcie v Michalovciach a jeho man\u017eelky policajtky, bol doslova spackan\u00fd policajn\u00fd z\u00e1sah na Zempl\u00edne. Demokrati varuj\u00fa, \u017ee tieto rodinn\u00e9 nomin\u00e1cie [&hellip;]","og_url":"https:\/\/www.smedemokrati.sk\/sv\/solakove-rodinkarstvo-sposobuje-v-policajnom-zbore-vazne-problemy\/","og_site_name":"Smedemokrati.sk","article_publisher":"https:\/\/www.facebook.com\/smedemokrati2023","article_published_time":"2024-11-19T12:22:52+00:00","article_modified_time":"2024-11-20T20:12:09+00:00","og_image":[{"width":950,"height":634,"url":"https:\/\/www.smedemokrati.sk\/wp-content\/uploads\/2024\/09\/solak.jpg","type":"image\/jpeg"}],"author":"miro.sopko","twitter_card":"summary_large_image","twitter_misc":{"Skriven av":"miro.sopko","Ber\u00e4knad l\u00e4stid":"3 minuter"},"schema":{"@context":"https:\/\/schema.org","@graph":[{"@type":"Article","@id":"https:\/\/www.smedemokrati.sk\/solakove-rodinkarstvo-sposobuje-v-policajnom-zbore-vazne-problemy\/#article","isPartOf":{"@id":"https:\/\/www.smedemokrati.sk\/solakove-rodinkarstvo-sposobuje-v-policajnom-zbore-vazne-problemy\/"},"author":{"name":"miro.sopko","@id":"https:\/\/www.smedemokrati.sk\/#\/schema\/person\/21f147c88d605aa7ded900e1e7c344ba"},"headline":"Sol\u00e1kove rodink\u00e1rstvo sp\u00f4sobuje v policajnom zbore v\u00e1\u017ene probl\u00e9my","datePublished":"2024-11-19T12:22:52+00:00","dateModified":"2024-11-20T20:12:09+00:00","mainEntityOfPage":{"@id":"https:\/\/www.smedemokrati.sk\/solakove-rodinkarstvo-sposobuje-v-policajnom-zbore-vazne-problemy\/"},"wordCount":601,"publisher":{"@id":"https:\/\/www.smedemokrati.sk\/#organization"},"image":{"@id":"https:\/\/www.smedemokrati.sk\/solakove-rodinkarstvo-sposobuje-v-policajnom-zbore-vazne-problemy\/#primaryimage"},"thumbnailUrl":"https:\/\/www.smedemokrati.sk\/wp-content\/uploads\/2024\/09\/solak.jpg","articleSection":["Tla\u010dov\u00e9 spr\u00e1vy"],"inLanguage":"sv-SE"},{"@type":"WebPage","@id":"https:\/\/www.smedemokrati.sk\/solakove-rodinkarstvo-sposobuje-v-policajnom-zbore-vazne-problemy\/","url":"https:\/\/www.smedemokrati.sk\/solakove-rodinkarstvo-sposobuje-v-policajnom-zbore-vazne-problemy\/","name":"Sol\u00e1kove rodink\u00e1rstvo sp\u00f4sobuje v policajnom zbore v\u00e1\u017ene probl\u00e9my","isPartOf":{"@id":"https:\/\/www.smedemokrati.sk\/#website"},"primaryImageOfPage":{"@id":"https:\/\/www.smedemokrati.sk\/solakove-rodinkarstvo-sposobuje-v-policajnom-zbore-vazne-problemy\/#primaryimage"},"image":{"@id":"https:\/\/www.smedemokrati.sk\/solakove-rodinkarstvo-sposobuje-v-policajnom-zbore-vazne-problemy\/#primaryimage"},"thumbnailUrl":"https:\/\/www.smedemokrati.sk\/wp-content\/uploads\/2024\/09\/solak.jpg","datePublished":"2024-11-19T12:22:52+00:00","dateModified":"2024-11-20T20:12:09+00:00","breadcrumb":{"@id":"https:\/\/www.smedemokrati.sk\/solakove-rodinkarstvo-sposobuje-v-policajnom-zbore-vazne-problemy\/#breadcrumb"},"inLanguage":"sv-SE","potentialAction":[{"@type":"ReadAction","target":["https:\/\/www.smedemokrati.sk\/solakove-rodinkarstvo-sposobuje-v-policajnom-zbore-vazne-problemy\/"]}]},{"@type":"ImageObject","inLanguage":"sv-SE","@id":"https:\/\/www.smedemokrati.sk\/solakove-rodinkarstvo-sposobuje-v-policajnom-zbore-vazne-problemy\/#primaryimage","url":"https:\/\/www.smedemokrati.sk\/wp-content\/uploads\/2024\/09\/solak.jpg","contentUrl":"https:\/\/www.smedemokrati.sk\/wp-content\/uploads\/2024\/09\/solak.jpg","width":950,"height":634},{"@type":"BreadcrumbList","@id":"https:\/\/www.smedemokrati.sk\/solakove-rodinkarstvo-sposobuje-v-policajnom-zbore-vazne-problemy\/#breadcrumb","itemListElement":[{"@type":"ListItem","position":1,"name":"Domovsk\u00e1 str\u00e1nka","item":"https:\/\/www.smedemokrati.sk\/"},{"@type":"ListItem","position":2,"name":"Sol\u00e1kove rodink\u00e1rstvo sp\u00f4sobuje v policajnom zbore v\u00e1\u017ene probl\u00e9my"}]},{"@type":"WebSite","@id":"https:\/\/www.smedemokrati.sk\/#website","url":"https:\/\/www.smedemokrati.sk\/","name":"Smedemokrati.sk","description":"Demokracia a slu\u0161nos\u0165 zv\u00ed\u0165az\u00ed","publisher":{"@id":"https:\/\/www.smedemokrati.sk\/#organization"},"potentialAction":[{"@type":"SearchAction","target":{"@type":"EntryPoint","urlTemplate":"https:\/\/www.smedemokrati.sk\/?s={search_term_string}"},"query-input":{"@type":"PropertyValueSpecification","valueRequired":true,"valueName":"search_term_string"}}],"inLanguage":"sv-SE"},{"@type":"Organization","@id":"https:\/\/www.smedemokrati.sk\/#organization","name":"Smedemokrati.sk","url":"https:\/\/www.smedemokrati.sk\/","logo":{"@type":"ImageObject","inLanguage":"sv-SE","@id":"https:\/\/www.smedemokrati.sk\/#\/schema\/logo\/image\/","url":"https:\/\/www.smedemokrati.sk\/wp-content\/uploads\/2023\/04\/ff.002.jpeg","contentUrl":"https:\/\/www.smedemokrati.sk\/wp-content\/uploads\/2023\/04\/ff.002.jpeg","width":640,"height":480,"caption":"Smedemokrati.sk"},"image":{"@id":"https:\/\/www.smedemokrati.sk\/#\/schema\/logo\/image\/"},"sameAs":["https:\/\/www.facebook.com\/smedemokrati2023"]},{"@type":"Person","@id":"https:\/\/www.smedemokrati.sk\/#\/schema\/person\/21f147c88d605aa7ded900e1e7c344ba","name":"miro.sopko","image":{"@type":"ImageObject","inLanguage":"sv-SE","@id":"https:\/\/secure.gravatar.com\/avatar\/267e4a36f704376c109afe3a78740c1f5dd8675a2180a908699e7863c9247606?s=96&d=mm&r=g","url":"https:\/\/secure.gravatar.com\/avatar\/267e4a36f704376c109afe3a78740c1f5dd8675a2180a908699e7863c9247606?s=96&d=mm&r=g","contentUrl":"https:\/\/secure.gravatar.com\/avatar\/267e4a36f704376c109afe3a78740c1f5dd8675a2180a908699e7863c9247606?s=96&d=mm&r=g","caption":"miro.sopko"},"url":"https:\/\/www.smedemokrati.sk\/sv\/author\/miro-sopko\/"}]}},"_links":{"self":[{"href":"https:\/\/www.smedemokrati.sk\/sv\/wp-json\/wp\/v2\/posts\/5798","targetHints":{"allow":["GET"]}}],"collection":[{"href":"https:\/\/www.smedemokrati.sk\/sv\/wp-json\/wp\/v2\/posts"}],"about":[{"href":"https:\/\/www.smedemokrati.sk\/sv\/wp-json\/wp\/v2\/types\/post"}],"author":[{"embeddable":true,"href":"https:\/\/www.smedemokrati.sk\/sv\/wp-json\/wp\/v2\/users\/13"}],"replies":[{"embeddable":true,"href":"https:\/\/www.smedemokrati.sk\/sv\/wp-json\/wp\/v2\/comments?post=5798"}],"version-history":[{"count":1,"href":"https:\/\/www.smedemokrati.sk\/sv\/wp-json\/wp\/v2\/posts\/5798\/revisions"}],"predecessor-version":[{"id":5799,"href":"https:\/\/www.smedemokrati.sk\/sv\/wp-json\/wp\/v2\/posts\/5798\/revisions\/5799"}],"wp:featuredmedia":[{"embeddable":true,"href":"https:\/\/www.smedemokrati.sk\/sv\/wp-json\/wp\/v2\/media\/5107"}],"wp:attachment":[{"href":"https:\/\/www.smedemokrati.sk\/sv\/wp-json\/wp\/v2\/media?parent=5798"}],"wp:term":[{"taxonomy":"category","embeddable":true,"href":"https:\/\/www.smedemokrati.sk\/sv\/wp-json\/wp\/v2\/categories?post=5798"},{"taxonomy":"post_tag","embeddable":true,"href":"https:\/\/www.smedemokrati.sk\/sv\/wp-json\/wp\/v2\/tags?post=5798"}],"curies":[{"name":"wp","href":"https:\/\/api.w.org\/{rel}","templated":true}]}}