{"id":5476,"date":"2024-11-07T16:29:41","date_gmt":"2024-11-07T15:29:41","guid":{"rendered":"https:\/\/www.smedemokrati.sk\/?p=5476"},"modified":"2024-11-19T13:24:17","modified_gmt":"2024-11-19T12:24:17","slug":"stvr-je-kratko-po-svojom-vzniku-v-rozklade","status":"publish","type":"post","link":"https:\/\/www.smedemokrati.sk\/sv\/stvr-je-kratko-po-svojom-vzniku-v-rozklade\/","title":{"rendered":"STVR je kr\u00e1tko po svojom vzniku v rozklade"},"content":{"rendered":"<div id=\"fb-root\"><\/div>\n\n<p><strong>Slovensk\u00e1 telev\u00edzia a rozhlas nem\u00e1 ani po takmer pol roku od svojho vzniku riadne zvolen\u00e9ho gener\u00e1lneho riadite\u013ea, kontroln\u00fd org\u00e1n nefunguje a nem\u00e1 kto predlo\u017ei\u0165 a schv\u00e1li\u0165 rozpo\u010det. D\u00f4vodom s\u00fa h\u00e1dky v koal\u00edcii.<\/strong><\/p>\n\n\n\n<p><em>\u201eIn\u0161tit\u00faciu s rozpo\u010dtom viac ako 10 mili\u00f3nov eur mesa\u010dne u\u017e takmer pol roka vedie do\u010dasne poveren\u00fd riadite\u013e p. Slanina, o ktorom ni\u010d nevieme. Iba to, \u017ee pober\u00e1 asi 5-tis\u00edcov\u00fd plat, verejne nevystupuje a nikomu sa nezodpoved\u00e1,\u201d <\/em>upozor\u0148uje b\u00fdval\u00fd predseda V\u00fdboru NR SR pre kult\u00faru a m\u00e9di\u00e1 Kristi\u00e1n \u010cekovsk\u00fd. <\/p>\n\n\n\n<p>Po zru\u0161en\u00ed RTVS a odvolan\u00ed gener\u00e1lneho riadite\u013ea \u013dubo\u0161a Machaja mala toti\u017e nov\u00e9ho gener\u00e1lneho riadite\u013ea zvoli\u0165 spolitizovan\u00e1 Rada STVR, ktor\u00e1 pln\u00ed aj \u00falohu kontroln\u00e9ho org\u00e1nu. Jej \u010dlenov chceli poslanci vybra\u0165 hne\u010f po lete, no vo\u013ebu neust\u00e1le pres\u00favaj\u00fa. Naposledy tak mali urobi\u0165 v\u010dera (6. novembra 2024), op\u00e4tovne sa o to pok\u00fasia dnes. <em>\u201eNevedia sa dohodn\u00fa\u0165 na men\u00e1ch \u010dlenov rady a vz\u00e1jomne sa z toho obvi\u0148uj\u00fa. Ak premi\u00e9r Fico tvrd\u00ed, \u017ee koali\u010dn\u00e9 spory neovplyv\u0148uj\u00fa chod tejto krajiny, tak t\u00e1to vo\u013eba dokazuje presn\u00fd opak,\u201c<\/em> vysvet\u013euje Kristi\u00e1n \u010cekovsk\u00fd a dod\u00e1va, \u017ee: <em>\u201eFico s Dankom a Pellegrinim chceli r\u00fdchlo ovl\u00e1dnu\u0165 verejnopr\u00e1vne m\u00e9di\u00e1, ale tak sa pritom rozh\u00e1dali, \u017ee to nevedia dokon\u010di\u0165. Na jednej strane by sme sa asi mohli te\u0161i\u0165. Na strane druhej &#8211; zlikvidovali nez\u00e1visl\u00fa RTVS a to, \u010do vytvorili je v absol\u00fatnom rozklade. Nie je tam legit\u00edmny riadite\u013e, kontroln\u00fd org\u00e1n nefunguje, nem\u00e1 kto predlo\u017ei\u0165 a schv\u00e1li\u0165 rozpo\u010det na nasleduj\u00faci rok a STVR nem\u00e1 ani len logo. Rozhlas a telev\u00edziu dr\u017eia pokope iba \u013eudia, ktor\u00ed tam pracuj\u00fa.\u201d<\/em><\/p>\n","protected":false},"excerpt":{"rendered":"<p>Slovensk\u00e1 telev\u00edzia a rozhlas nem\u00e1 ani po takmer pol roku od svojho vzniku riadne zvolen\u00e9ho gener\u00e1lneho riadite\u013ea, kontroln\u00fd org\u00e1n nefunguje a nem\u00e1 kto predlo\u017ei\u0165 a schv\u00e1li\u0165 rozpo\u010det. D\u00f4vodom s\u00fa h\u00e1dky v koal\u00edcii. \u201eIn\u0161tit\u00faciu s rozpo\u010dtom viac ako 10 mili\u00f3nov eur mesa\u010dne u\u017e takmer pol roka vedie do\u010dasne poveren\u00fd riadite\u013e p. Slanina, o ktorom ni\u010d nevieme. [&hellip;]<\/p>\n","protected":false},"author":13,"featured_media":383,"comment_status":"closed","ping_status":"closed","sticky":false,"template":"","format":"standard","meta":{"_acf_changed":false,"ngg_post_thumbnail":0,"footnotes":""},"categories":[4],"tags":[],"class_list":["post-5476","post","type-post","status-publish","format-standard","has-post-thumbnail","hentry","category-tlacove-spravy"],"acf":[],"yoast_head":"<!-- This site is optimized with the Yoast SEO plugin v27.2 - https:\/\/yoast.com\/product\/yoast-seo-wordpress\/ -->\n<title>STVR je kr\u00e1tko po svojom vzniku v rozklade<\/title>\n<meta name=\"robots\" content=\"index, follow, max-snippet:-1, max-image-preview:large, max-video-preview:-1\" \/>\n<link rel=\"canonical\" href=\"https:\/\/www.smedemokrati.sk\/sv\/stvr-je-kratko-po-svojom-vzniku-v-rozklade\/\" \/>\n<meta property=\"og:locale\" content=\"sv_SE\" \/>\n<meta property=\"og:locale:alternate\" content=\"en_US\" \/>\n<meta property=\"og:locale:alternate\" content=\"cs_CZ\" \/>\n<meta property=\"og:locale:alternate\" content=\"hu_HU\" \/>\n<meta property=\"og:locale:alternate\" content=\"sk_SK\" \/>\n<meta property=\"og:type\" content=\"article\" \/>\n<meta property=\"og:title\" content=\"STVR je kr\u00e1tko po svojom vzniku v rozklade\" \/>\n<meta property=\"og:description\" content=\"Slovensk\u00e1 telev\u00edzia a rozhlas nem\u00e1 ani po takmer pol roku od svojho vzniku riadne zvolen\u00e9ho gener\u00e1lneho riadite\u013ea, kontroln\u00fd org\u00e1n nefunguje a nem\u00e1 kto predlo\u017ei\u0165 a schv\u00e1li\u0165 rozpo\u010det. D\u00f4vodom s\u00fa h\u00e1dky v koal\u00edcii. \u201eIn\u0161tit\u00faciu s rozpo\u010dtom viac ako 10 mili\u00f3nov eur mesa\u010dne u\u017e takmer pol roka vedie do\u010dasne poveren\u00fd riadite\u013e p. Slanina, o ktorom ni\u010d nevieme. [&hellip;]\" \/>\n<meta property=\"og:url\" content=\"https:\/\/www.smedemokrati.sk\/sv\/stvr-je-kratko-po-svojom-vzniku-v-rozklade\/\" \/>\n<meta property=\"og:site_name\" content=\"Smedemokrati.sk\" \/>\n<meta property=\"article:publisher\" content=\"https:\/\/www.facebook.com\/smedemokrati2023\" \/>\n<meta property=\"article:published_time\" content=\"2024-11-07T15:29:41+00:00\" \/>\n<meta property=\"article:modified_time\" content=\"2024-11-19T12:24:17+00:00\" \/>\n<meta property=\"og:image\" content=\"https:\/\/www.smedemokrati.sk\/wp-content\/uploads\/2023\/04\/KC.jpg\" \/>\n\t<meta property=\"og:image:width\" content=\"1520\" \/>\n\t<meta property=\"og:image:height\" content=\"1080\" \/>\n\t<meta property=\"og:image:type\" content=\"image\/jpeg\" \/>\n<meta name=\"author\" content=\"miro.sopko\" \/>\n<meta name=\"twitter:card\" content=\"summary_large_image\" \/>\n<meta name=\"twitter:label1\" content=\"Skriven av\" \/>\n\t<meta name=\"twitter:data1\" content=\"miro.sopko\" \/>\n\t<meta name=\"twitter:label2\" content=\"Ber\u00e4knad l\u00e4stid\" \/>\n\t<meta name=\"twitter:data2\" content=\"2 minuter\" \/>\n<script type=\"application\/ld+json\" class=\"yoast-schema-graph\">{\"@context\":\"https:\/\/schema.org\",\"@graph\":[{\"@type\":\"Article\",\"@id\":\"https:\/\/www.smedemokrati.sk\/stvr-je-kratko-po-svojom-vzniku-v-rozklade\/#article\",\"isPartOf\":{\"@id\":\"https:\/\/www.smedemokrati.sk\/stvr-je-kratko-po-svojom-vzniku-v-rozklade\/\"},\"author\":{\"name\":\"miro.sopko\",\"@id\":\"https:\/\/www.smedemokrati.sk\/#\/schema\/person\/21f147c88d605aa7ded900e1e7c344ba\"},\"headline\":\"STVR je kr\u00e1tko po svojom vzniku v rozklade\",\"datePublished\":\"2024-11-07T15:29:41+00:00\",\"dateModified\":\"2024-11-19T12:24:17+00:00\",\"mainEntityOfPage\":{\"@id\":\"https:\/\/www.smedemokrati.sk\/stvr-je-kratko-po-svojom-vzniku-v-rozklade\/\"},\"wordCount\":317,\"publisher\":{\"@id\":\"https:\/\/www.smedemokrati.sk\/#organization\"},\"image\":{\"@id\":\"https:\/\/www.smedemokrati.sk\/stvr-je-kratko-po-svojom-vzniku-v-rozklade\/#primaryimage\"},\"thumbnailUrl\":\"https:\/\/www.smedemokrati.sk\/wp-content\/uploads\/2023\/04\/KC.jpg\",\"articleSection\":[\"Tla\u010dov\u00e9 spr\u00e1vy\"],\"inLanguage\":\"sv-SE\"},{\"@type\":\"WebPage\",\"@id\":\"https:\/\/www.smedemokrati.sk\/stvr-je-kratko-po-svojom-vzniku-v-rozklade\/\",\"url\":\"https:\/\/www.smedemokrati.sk\/stvr-je-kratko-po-svojom-vzniku-v-rozklade\/\",\"name\":\"STVR je kr\u00e1tko po svojom vzniku v rozklade\",\"isPartOf\":{\"@id\":\"https:\/\/www.smedemokrati.sk\/#website\"},\"primaryImageOfPage\":{\"@id\":\"https:\/\/www.smedemokrati.sk\/stvr-je-kratko-po-svojom-vzniku-v-rozklade\/#primaryimage\"},\"image\":{\"@id\":\"https:\/\/www.smedemokrati.sk\/stvr-je-kratko-po-svojom-vzniku-v-rozklade\/#primaryimage\"},\"thumbnailUrl\":\"https:\/\/www.smedemokrati.sk\/wp-content\/uploads\/2023\/04\/KC.jpg\",\"datePublished\":\"2024-11-07T15:29:41+00:00\",\"dateModified\":\"2024-11-19T12:24:17+00:00\",\"breadcrumb\":{\"@id\":\"https:\/\/www.smedemokrati.sk\/stvr-je-kratko-po-svojom-vzniku-v-rozklade\/#breadcrumb\"},\"inLanguage\":\"sv-SE\",\"potentialAction\":[{\"@type\":\"ReadAction\",\"target\":[\"https:\/\/www.smedemokrati.sk\/stvr-je-kratko-po-svojom-vzniku-v-rozklade\/\"]}]},{\"@type\":\"ImageObject\",\"inLanguage\":\"sv-SE\",\"@id\":\"https:\/\/www.smedemokrati.sk\/stvr-je-kratko-po-svojom-vzniku-v-rozklade\/#primaryimage\",\"url\":\"https:\/\/www.smedemokrati.sk\/wp-content\/uploads\/2023\/04\/KC.jpg\",\"contentUrl\":\"https:\/\/www.smedemokrati.sk\/wp-content\/uploads\/2023\/04\/KC.jpg\",\"width\":1520,\"height\":1080},{\"@type\":\"BreadcrumbList\",\"@id\":\"https:\/\/www.smedemokrati.sk\/stvr-je-kratko-po-svojom-vzniku-v-rozklade\/#breadcrumb\",\"itemListElement\":[{\"@type\":\"ListItem\",\"position\":1,\"name\":\"Domovsk\u00e1 str\u00e1nka\",\"item\":\"https:\/\/www.smedemokrati.sk\/\"},{\"@type\":\"ListItem\",\"position\":2,\"name\":\"STVR je kr\u00e1tko po svojom vzniku v rozklade\"}]},{\"@type\":\"WebSite\",\"@id\":\"https:\/\/www.smedemokrati.sk\/#website\",\"url\":\"https:\/\/www.smedemokrati.sk\/\",\"name\":\"Smedemokrati.sk\",\"description\":\"Demokracia a slu\u0161nos\u0165 zv\u00ed\u0165az\u00ed\",\"publisher\":{\"@id\":\"https:\/\/www.smedemokrati.sk\/#organization\"},\"potentialAction\":[{\"@type\":\"SearchAction\",\"target\":{\"@type\":\"EntryPoint\",\"urlTemplate\":\"https:\/\/www.smedemokrati.sk\/?s={search_term_string}\"},\"query-input\":{\"@type\":\"PropertyValueSpecification\",\"valueRequired\":true,\"valueName\":\"search_term_string\"}}],\"inLanguage\":\"sv-SE\"},{\"@type\":\"Organization\",\"@id\":\"https:\/\/www.smedemokrati.sk\/#organization\",\"name\":\"Smedemokrati.sk\",\"url\":\"https:\/\/www.smedemokrati.sk\/\",\"logo\":{\"@type\":\"ImageObject\",\"inLanguage\":\"sv-SE\",\"@id\":\"https:\/\/www.smedemokrati.sk\/#\/schema\/logo\/image\/\",\"url\":\"https:\/\/www.smedemokrati.sk\/wp-content\/uploads\/2023\/04\/ff.002.jpeg\",\"contentUrl\":\"https:\/\/www.smedemokrati.sk\/wp-content\/uploads\/2023\/04\/ff.002.jpeg\",\"width\":640,\"height\":480,\"caption\":\"Smedemokrati.sk\"},\"image\":{\"@id\":\"https:\/\/www.smedemokrati.sk\/#\/schema\/logo\/image\/\"},\"sameAs\":[\"https:\/\/www.facebook.com\/smedemokrati2023\"]},{\"@type\":\"Person\",\"@id\":\"https:\/\/www.smedemokrati.sk\/#\/schema\/person\/21f147c88d605aa7ded900e1e7c344ba\",\"name\":\"miro.sopko\",\"image\":{\"@type\":\"ImageObject\",\"inLanguage\":\"sv-SE\",\"@id\":\"https:\/\/secure.gravatar.com\/avatar\/267e4a36f704376c109afe3a78740c1f5dd8675a2180a908699e7863c9247606?s=96&d=mm&r=g\",\"url\":\"https:\/\/secure.gravatar.com\/avatar\/267e4a36f704376c109afe3a78740c1f5dd8675a2180a908699e7863c9247606?s=96&d=mm&r=g\",\"contentUrl\":\"https:\/\/secure.gravatar.com\/avatar\/267e4a36f704376c109afe3a78740c1f5dd8675a2180a908699e7863c9247606?s=96&d=mm&r=g\",\"caption\":\"miro.sopko\"},\"url\":\"https:\/\/www.smedemokrati.sk\/sv\/author\/miro-sopko\/\"}]}<\/script>\n<!-- \/ Yoast SEO plugin. -->","yoast_head_json":{"title":"STVR je kr\u00e1tko po svojom vzniku v rozklade","robots":{"index":"index","follow":"follow","max-snippet":"max-snippet:-1","max-image-preview":"max-image-preview:large","max-video-preview":"max-video-preview:-1"},"canonical":"https:\/\/www.smedemokrati.sk\/sv\/stvr-je-kratko-po-svojom-vzniku-v-rozklade\/","og_locale":"sv_SE","og_type":"article","og_title":"[:sk]STVR je kr\u00e1tko po svojom vzniku v rozklade[:] - Smedemokrati.sk","og_description":"Slovensk\u00e1 telev\u00edzia a rozhlas nem\u00e1 ani po takmer pol roku od svojho vzniku riadne zvolen\u00e9ho gener\u00e1lneho riadite\u013ea, kontroln\u00fd org\u00e1n nefunguje a nem\u00e1 kto predlo\u017ei\u0165 a schv\u00e1li\u0165 rozpo\u010det. D\u00f4vodom s\u00fa h\u00e1dky v koal\u00edcii. \u201eIn\u0161tit\u00faciu s rozpo\u010dtom viac ako 10 mili\u00f3nov eur mesa\u010dne u\u017e takmer pol roka vedie do\u010dasne poveren\u00fd riadite\u013e p. Slanina, o ktorom ni\u010d nevieme. [&hellip;]","og_url":"https:\/\/www.smedemokrati.sk\/sv\/stvr-je-kratko-po-svojom-vzniku-v-rozklade\/","og_site_name":"Smedemokrati.sk","article_publisher":"https:\/\/www.facebook.com\/smedemokrati2023","article_published_time":"2024-11-07T15:29:41+00:00","article_modified_time":"2024-11-19T12:24:17+00:00","og_image":[{"width":1520,"height":1080,"url":"https:\/\/www.smedemokrati.sk\/wp-content\/uploads\/2023\/04\/KC.jpg","type":"image\/jpeg"}],"author":"miro.sopko","twitter_card":"summary_large_image","twitter_misc":{"Skriven av":"miro.sopko","Ber\u00e4knad l\u00e4stid":"2 minuter"},"schema":{"@context":"https:\/\/schema.org","@graph":[{"@type":"Article","@id":"https:\/\/www.smedemokrati.sk\/stvr-je-kratko-po-svojom-vzniku-v-rozklade\/#article","isPartOf":{"@id":"https:\/\/www.smedemokrati.sk\/stvr-je-kratko-po-svojom-vzniku-v-rozklade\/"},"author":{"name":"miro.sopko","@id":"https:\/\/www.smedemokrati.sk\/#\/schema\/person\/21f147c88d605aa7ded900e1e7c344ba"},"headline":"STVR je kr\u00e1tko po svojom vzniku v rozklade","datePublished":"2024-11-07T15:29:41+00:00","dateModified":"2024-11-19T12:24:17+00:00","mainEntityOfPage":{"@id":"https:\/\/www.smedemokrati.sk\/stvr-je-kratko-po-svojom-vzniku-v-rozklade\/"},"wordCount":317,"publisher":{"@id":"https:\/\/www.smedemokrati.sk\/#organization"},"image":{"@id":"https:\/\/www.smedemokrati.sk\/stvr-je-kratko-po-svojom-vzniku-v-rozklade\/#primaryimage"},"thumbnailUrl":"https:\/\/www.smedemokrati.sk\/wp-content\/uploads\/2023\/04\/KC.jpg","articleSection":["Tla\u010dov\u00e9 spr\u00e1vy"],"inLanguage":"sv-SE"},{"@type":"WebPage","@id":"https:\/\/www.smedemokrati.sk\/stvr-je-kratko-po-svojom-vzniku-v-rozklade\/","url":"https:\/\/www.smedemokrati.sk\/stvr-je-kratko-po-svojom-vzniku-v-rozklade\/","name":"STVR je kr\u00e1tko po svojom vzniku v rozklade","isPartOf":{"@id":"https:\/\/www.smedemokrati.sk\/#website"},"primaryImageOfPage":{"@id":"https:\/\/www.smedemokrati.sk\/stvr-je-kratko-po-svojom-vzniku-v-rozklade\/#primaryimage"},"image":{"@id":"https:\/\/www.smedemokrati.sk\/stvr-je-kratko-po-svojom-vzniku-v-rozklade\/#primaryimage"},"thumbnailUrl":"https:\/\/www.smedemokrati.sk\/wp-content\/uploads\/2023\/04\/KC.jpg","datePublished":"2024-11-07T15:29:41+00:00","dateModified":"2024-11-19T12:24:17+00:00","breadcrumb":{"@id":"https:\/\/www.smedemokrati.sk\/stvr-je-kratko-po-svojom-vzniku-v-rozklade\/#breadcrumb"},"inLanguage":"sv-SE","potentialAction":[{"@type":"ReadAction","target":["https:\/\/www.smedemokrati.sk\/stvr-je-kratko-po-svojom-vzniku-v-rozklade\/"]}]},{"@type":"ImageObject","inLanguage":"sv-SE","@id":"https:\/\/www.smedemokrati.sk\/stvr-je-kratko-po-svojom-vzniku-v-rozklade\/#primaryimage","url":"https:\/\/www.smedemokrati.sk\/wp-content\/uploads\/2023\/04\/KC.jpg","contentUrl":"https:\/\/www.smedemokrati.sk\/wp-content\/uploads\/2023\/04\/KC.jpg","width":1520,"height":1080},{"@type":"BreadcrumbList","@id":"https:\/\/www.smedemokrati.sk\/stvr-je-kratko-po-svojom-vzniku-v-rozklade\/#breadcrumb","itemListElement":[{"@type":"ListItem","position":1,"name":"Domovsk\u00e1 str\u00e1nka","item":"https:\/\/www.smedemokrati.sk\/"},{"@type":"ListItem","position":2,"name":"STVR je kr\u00e1tko po svojom vzniku v rozklade"}]},{"@type":"WebSite","@id":"https:\/\/www.smedemokrati.sk\/#website","url":"https:\/\/www.smedemokrati.sk\/","name":"Smedemokrati.sk","description":"Demokracia a slu\u0161nos\u0165 zv\u00ed\u0165az\u00ed","publisher":{"@id":"https:\/\/www.smedemokrati.sk\/#organization"},"potentialAction":[{"@type":"SearchAction","target":{"@type":"EntryPoint","urlTemplate":"https:\/\/www.smedemokrati.sk\/?s={search_term_string}"},"query-input":{"@type":"PropertyValueSpecification","valueRequired":true,"valueName":"search_term_string"}}],"inLanguage":"sv-SE"},{"@type":"Organization","@id":"https:\/\/www.smedemokrati.sk\/#organization","name":"Smedemokrati.sk","url":"https:\/\/www.smedemokrati.sk\/","logo":{"@type":"ImageObject","inLanguage":"sv-SE","@id":"https:\/\/www.smedemokrati.sk\/#\/schema\/logo\/image\/","url":"https:\/\/www.smedemokrati.sk\/wp-content\/uploads\/2023\/04\/ff.002.jpeg","contentUrl":"https:\/\/www.smedemokrati.sk\/wp-content\/uploads\/2023\/04\/ff.002.jpeg","width":640,"height":480,"caption":"Smedemokrati.sk"},"image":{"@id":"https:\/\/www.smedemokrati.sk\/#\/schema\/logo\/image\/"},"sameAs":["https:\/\/www.facebook.com\/smedemokrati2023"]},{"@type":"Person","@id":"https:\/\/www.smedemokrati.sk\/#\/schema\/person\/21f147c88d605aa7ded900e1e7c344ba","name":"miro.sopko","image":{"@type":"ImageObject","inLanguage":"sv-SE","@id":"https:\/\/secure.gravatar.com\/avatar\/267e4a36f704376c109afe3a78740c1f5dd8675a2180a908699e7863c9247606?s=96&d=mm&r=g","url":"https:\/\/secure.gravatar.com\/avatar\/267e4a36f704376c109afe3a78740c1f5dd8675a2180a908699e7863c9247606?s=96&d=mm&r=g","contentUrl":"https:\/\/secure.gravatar.com\/avatar\/267e4a36f704376c109afe3a78740c1f5dd8675a2180a908699e7863c9247606?s=96&d=mm&r=g","caption":"miro.sopko"},"url":"https:\/\/www.smedemokrati.sk\/sv\/author\/miro-sopko\/"}]}},"_links":{"self":[{"href":"https:\/\/www.smedemokrati.sk\/sv\/wp-json\/wp\/v2\/posts\/5476","targetHints":{"allow":["GET"]}}],"collection":[{"href":"https:\/\/www.smedemokrati.sk\/sv\/wp-json\/wp\/v2\/posts"}],"about":[{"href":"https:\/\/www.smedemokrati.sk\/sv\/wp-json\/wp\/v2\/types\/post"}],"author":[{"embeddable":true,"href":"https:\/\/www.smedemokrati.sk\/sv\/wp-json\/wp\/v2\/users\/13"}],"replies":[{"embeddable":true,"href":"https:\/\/www.smedemokrati.sk\/sv\/wp-json\/wp\/v2\/comments?post=5476"}],"version-history":[{"count":1,"href":"https:\/\/www.smedemokrati.sk\/sv\/wp-json\/wp\/v2\/posts\/5476\/revisions"}],"predecessor-version":[{"id":5477,"href":"https:\/\/www.smedemokrati.sk\/sv\/wp-json\/wp\/v2\/posts\/5476\/revisions\/5477"}],"wp:featuredmedia":[{"embeddable":true,"href":"https:\/\/www.smedemokrati.sk\/sv\/wp-json\/wp\/v2\/media\/383"}],"wp:attachment":[{"href":"https:\/\/www.smedemokrati.sk\/sv\/wp-json\/wp\/v2\/media?parent=5476"}],"wp:term":[{"taxonomy":"category","embeddable":true,"href":"https:\/\/www.smedemokrati.sk\/sv\/wp-json\/wp\/v2\/categories?post=5476"},{"taxonomy":"post_tag","embeddable":true,"href":"https:\/\/www.smedemokrati.sk\/sv\/wp-json\/wp\/v2\/tags?post=5476"}],"curies":[{"name":"wp","href":"https:\/\/api.w.org\/{rel}","templated":true}]}}