{"id":5468,"date":"2024-11-05T17:12:28","date_gmt":"2024-11-05T16:12:28","guid":{"rendered":"https:\/\/www.smedemokrati.sk\/?p=5468"},"modified":"2024-11-19T13:24:03","modified_gmt":"2024-11-19T12:24:03","slug":"zaciname-zberat-podpisy-na-odvolanie-tarabu-ktory-si-spravil-z-rezortu-stranicku-pobocku-pre-jeho-nominacie-podavame-aj-podnet","status":"publish","type":"post","link":"https:\/\/www.smedemokrati.sk\/sv\/zaciname-zberat-podpisy-na-odvolanie-tarabu-ktory-si-spravil-z-rezortu-stranicku-pobocku-pre-jeho-nominacie-podavame-aj-podnet\/","title":{"rendered":"Za\u010d\u00edname zbera\u0165 podpisy na odvolanie Tarabu, ktor\u00fd si spravil z rezortu stran\u00edcku pobo\u010dku. Pre jeho nomin\u00e1cie pod\u00e1vame aj podnet"},"content":{"rendered":"<div id=\"fb-root\"><\/div>\n\n<p><strong>Demokrati pod\u00e1vaj\u00fa podnet na ministra \u017eivotn\u00e9ho prostredia Tarabu na v\u00fdbor pre nezlu\u010dite\u013enos\u0165 funkci\u00ed, a to pre bezprecedentn\u00e9 stran\u00edcke nomin\u00e1cie na odborn\u00e9 poz\u00edcie, ktor\u00e9 potvrdil aj Huliak. Taraba mohol uprednost\u0148ovan\u00edm stran\u00edckych nomin\u00e1ci\u00ed poru\u0161i\u0165 \u00fastavn\u00fd z\u00e1kon o ochrane verejn\u00e9ho z\u00e1ujmu. Minister mus\u00ed nielen za toto, ale aj ostatn\u00e9 svoje zlyhania nies\u0165 aj politick\u00fa zodpovednos\u0165. Person\u00e1lny rozvrat viedol k roku rozvratu v \u017eivotnom prostred\u00ed. Demokrati preto za\u010d\u00ednaj\u00fa zber podpisov na vyslovenie ned\u00f4very Tom\u00e1\u0161ovi Tarabovi a obracaj\u00fa sa so \u017eiados\u0165ou o jeho podporu aj na ostatn\u00e9 opozi\u010dn\u00e9 strany.&nbsp;<\/strong><\/p>\n\n\n\n<p>U\u017e \u010dosi viac ako rok sa pozer\u00e1me, ako Taraba nekompetentne vedie rezort \u017eivotn\u00e9ho prostredia. Aj samotn\u00fd Huliak ozna\u010dil jeho mana\u017eovanie za diletantsk\u00e9 a neodborn\u00e9. \u201e<em>Netreba sa tv\u00e1ri\u0165, \u017ee Rudolf Huliak by bol lep\u0161\u00edm ministrom, av\u0161ak tento ich spor jednozna\u010dne potvrdil, \u017ee odborn\u00e9 funkcie s\u00fa na rezorte obsadzovan\u00e9 pod\u013ea politickej pr\u00edslu\u0161nosti a nie odbornosti. V podnete identifikujeme skoro 20 odborn\u00fdch poz\u00edci\u00ed, ktor\u00e9 boli za posledn\u00fd rok obsaden\u00e9 osobami s politick\u00fdm prepojen\u00edm alebo pr\u00edslu\u0161nos\u0165ou k Dankovej Slovenskej n\u00e1rodnej strane, Tarabovmu \u017dIVOT-u &#8211; n\u00e1rodnej strane a Huliakovej N\u00e1rodnej koal\u00edcii. Ide pri tom o odborn\u00e9, nie politick\u00e9 poz\u00edcie. Taraba uprednost\u0148ovan\u00edm stran\u00edckych nominantov na z\u00e1klade neform\u00e1lnej dohody mohol poru\u0161i\u0165 \u00fastavn\u00fd z\u00e1kon o ochrane verejn\u00e9ho z\u00e1ujmu. Huliakove vyjadrenia tomu nasved\u010duj\u00fa. Preto sme dnes podali podnet parlamentn\u00e9mu v\u00fdboru pre nezlu\u010dite\u013enos\u0165 funkci\u00ed,<\/em>\u201d otv\u00e1ra t\u00e9mu Michal Ki\u010da a spom\u00edna konkr\u00e9tne poz\u00edcie ako riadite\u013e \u0160t\u00e1tnej ochrany pr\u00edrody SR, riadite\u013e bojnickej ZOO, riadite\u013e TANAPu, riadite\u013e Spr\u00e1vy slovensk\u00fdch jask\u00fd\u0148 \u010di riadite\u013e vodohospod\u00e1rskej v\u00fdstavby, kde s\u00fa pod\u013ea enviroexperta\u00a0umiestnen\u00ed Tarabovi \u010di Huliakovi bl\u00edzki spolupracovn\u00edci, nie kvalifikovan\u00ed odborn\u00edci.\u00a0V\u00fdbor m\u00f4\u017ee Tarabovi ulo\u017ei\u0165 pokutu a\u017e vo v\u00fd\u0161ke ro\u010dn\u00e9ho platu.\u00a0<\/p>\n\n\n\n<p>Kv\u00f4li stran\u00edckym trafik\u00e1m muselo vy\u0161e 60 dlhoro\u010dn\u00fdch expertov opusti\u0165 ministerstvo \u017eivotn\u00e9ho prostredia a jeho organiz\u00e1cie, a to len preto, aby mali kam uprata\u0165 svojich \u013eud\u00ed. \u201e<em>Je to hanba a tak aj vyzer\u00e1 kvalita Tarabovej pr\u00e1ce. To znamen\u00e1 neplnenie pl\u00e1nu obnovy, ohrozovanie z\u00e1ujmov SR, drancovanie pr\u00edrody, predkladanie lobistickej legislat\u00edvy, person\u00e1lny exodus odborn\u00edkov a v neposlednom rade ohrozovanie n\u00e1\u0161ho zdravia,<\/em>\u201d kritizuje Tarabu Ki\u010da.\u00a0<\/p>\n\n\n\n<p>Tom\u00e1\u0161 Taraba mus\u00ed preto skon\u010di\u0165. Demokrati chc\u00fa oslovi\u0165\u00a0v spolupr\u00e1ci s poslancom Galkom\u00a0\u010fal\u0161\u00edch poslancov, aby za tieto \u0161kandal\u00f3zne nomin\u00e1cie niesol minister Taraba politick\u00fa zodpovednos\u0165: \u201e<em>Obraciame sa na ostatn\u00e9 opozi\u010dn\u00e9 strany s v\u00fdzvou, aby sme spolu pripravili podanie\u00a0na vyslovenie ned\u00f4very ministrovi Tarabovi. D\u00f4vodov je mnoho. T\u00fdm prv\u00fdm s\u00fa stran\u00edcke nomin\u00e1cie v rozsahu, ktor\u00fd na Slovensku e\u0161te nebol,<\/em>&#8221; hovor\u00ed poslanec NR SR \u013dubom\u00edr Galko.\u00a0<\/p>\n\n\n\n<p>\u201e<em>To, \u010do urobil Taraba, je doslova masaker v \u017eivotnom prostred\u00ed. Odborn\u00edkov, ktor\u00ed p\u00f4sobili na rezorte desiatky rokov a boli re\u0161pektovan\u00ed v zahrani\u010d\u00ed vyhodil a nahradil ich svojimi bl\u00edzkymi pracovn\u00edkmi, ktor\u00ed nemaj\u00fa \u0161ajnu \u010do robi\u0165. V hist\u00f3rii e\u0161te nikdy nebola koali\u010dn\u00e1 kr\u00edza kv\u00f4li tomu, \u010di bude partnerka poslanca sekret\u00e1rkou na \u0161t\u00e1tnej ochrane pr\u00edrody. Je to zodpovednos\u0165 tak Fica, ako aj Tarabu. Na ich h\u00e1dky dopl\u00e1ca na \u017eivotn\u00e9 prostredie, dopl\u00e1caj\u00fa na to ob\u010dania, preto minister Taraba mus\u00ed nies\u0165 politick\u00fa zodpovednos\u0165,<\/em>&#8221; uzatv\u00e1ra predseda Demokratov Jaroslav Na\u010f.\u00a0<\/p>\n\n\n\n<p>Ide o prv\u00e9 podanie tak\u00e9to druhu, ktor\u00e9 m\u00f4\u017ee pod\u013ea Demokratov sl\u00fa\u017ei\u0165 ako pozit\u00edvny precedens v pr\u00edpade, \u017ee by podobne, ako minister \u017eivotn\u00e9ho prostredia, chcel postupova\u0165 \u010fal\u0161\u00ed minister.&nbsp;<\/p>\n\n\n<div class=\"fb-video\" data-href=\"https:\/\/fb.watch\/vF-79sVAVE\" data-allowfullscreen=\"true\" data-autoplay=\"false\" data-width=\"\" data-show-text=\"false\" data-show-captions=\"true\"><\/div>\n","protected":false},"excerpt":{"rendered":"<p>Demokrati pod\u00e1vaj\u00fa podnet na ministra \u017eivotn\u00e9ho prostredia Tarabu na v\u00fdbor pre nezlu\u010dite\u013enos\u0165 funkci\u00ed, a to pre bezprecedentn\u00e9 stran\u00edcke nomin\u00e1cie na odborn\u00e9 poz\u00edcie, ktor\u00e9 potvrdil aj Huliak. Taraba mohol uprednost\u0148ovan\u00edm stran\u00edckych nomin\u00e1ci\u00ed poru\u0161i\u0165 \u00fastavn\u00fd z\u00e1kon o ochrane verejn\u00e9ho z\u00e1ujmu. Minister mus\u00ed nielen za toto, ale aj ostatn\u00e9 svoje zlyhania nies\u0165 aj politick\u00fa zodpovednos\u0165. Person\u00e1lny rozvrat viedol [&hellip;]<\/p>\n","protected":false},"author":13,"featured_media":5470,"comment_status":"closed","ping_status":"closed","sticky":false,"template":"","format":"standard","meta":{"_acf_changed":false,"ngg_post_thumbnail":0,"footnotes":""},"categories":[4],"tags":[],"class_list":["post-5468","post","type-post","status-publish","format-standard","has-post-thumbnail","hentry","category-tlacove-spravy"],"acf":[],"yoast_head":"<!-- This site is optimized with the Yoast SEO plugin v27.2 - https:\/\/yoast.com\/product\/yoast-seo-wordpress\/ -->\n<title>Za\u010d\u00edname zbera\u0165 podpisy na odvolanie Tarabu, ktor\u00fd si spravil z rezortu stran\u00edcku pobo\u010dku. Pre jeho nomin\u00e1cie pod\u00e1vame aj podnet<\/title>\n<meta name=\"robots\" content=\"index, follow, max-snippet:-1, max-image-preview:large, max-video-preview:-1\" \/>\n<link rel=\"canonical\" href=\"https:\/\/www.smedemokrati.sk\/sv\/zaciname-zberat-podpisy-na-odvolanie-tarabu-ktory-si-spravil-z-rezortu-stranicku-pobocku-pre-jeho-nominacie-podavame-aj-podnet\/\" \/>\n<meta property=\"og:locale\" content=\"sv_SE\" \/>\n<meta property=\"og:locale:alternate\" content=\"en_US\" \/>\n<meta property=\"og:locale:alternate\" content=\"cs_CZ\" \/>\n<meta property=\"og:locale:alternate\" content=\"hu_HU\" \/>\n<meta property=\"og:locale:alternate\" content=\"sk_SK\" \/>\n<meta property=\"og:type\" content=\"article\" \/>\n<meta property=\"og:title\" content=\"Za\u010d\u00edname zbera\u0165 podpisy na odvolanie Tarabu, ktor\u00fd si spravil z rezortu stran\u00edcku pobo\u010dku. Pre jeho nomin\u00e1cie pod\u00e1vame aj podnet\" \/>\n<meta property=\"og:description\" content=\"Demokrati pod\u00e1vaj\u00fa podnet na ministra \u017eivotn\u00e9ho prostredia Tarabu na v\u00fdbor pre nezlu\u010dite\u013enos\u0165 funkci\u00ed, a to pre bezprecedentn\u00e9 stran\u00edcke nomin\u00e1cie na odborn\u00e9 poz\u00edcie, ktor\u00e9 potvrdil aj Huliak. Taraba mohol uprednost\u0148ovan\u00edm stran\u00edckych nomin\u00e1ci\u00ed poru\u0161i\u0165 \u00fastavn\u00fd z\u00e1kon o ochrane verejn\u00e9ho z\u00e1ujmu. Minister mus\u00ed nielen za toto, ale aj ostatn\u00e9 svoje zlyhania nies\u0165 aj politick\u00fa zodpovednos\u0165. Person\u00e1lny rozvrat viedol [&hellip;]\" \/>\n<meta property=\"og:url\" content=\"https:\/\/www.smedemokrati.sk\/sv\/zaciname-zberat-podpisy-na-odvolanie-tarabu-ktory-si-spravil-z-rezortu-stranicku-pobocku-pre-jeho-nominacie-podavame-aj-podnet\/\" \/>\n<meta property=\"og:site_name\" content=\"Smedemokrati.sk\" \/>\n<meta property=\"article:publisher\" content=\"https:\/\/www.facebook.com\/smedemokrati2023\" \/>\n<meta property=\"article:published_time\" content=\"2024-11-05T16:12:28+00:00\" \/>\n<meta property=\"article:modified_time\" content=\"2024-11-19T12:24:03+00:00\" \/>\n<meta property=\"og:image\" content=\"https:\/\/www.smedemokrati.sk\/wp-content\/uploads\/2024\/11\/odvolanie-tarabu.jpg\" \/>\n\t<meta property=\"og:image:width\" content=\"659\" \/>\n\t<meta property=\"og:image:height\" content=\"340\" \/>\n\t<meta property=\"og:image:type\" content=\"image\/jpeg\" \/>\n<meta name=\"author\" content=\"miro.sopko\" \/>\n<meta name=\"twitter:card\" content=\"summary_large_image\" \/>\n<meta name=\"twitter:label1\" content=\"Skriven av\" \/>\n\t<meta name=\"twitter:data1\" content=\"miro.sopko\" \/>\n\t<meta name=\"twitter:label2\" content=\"Ber\u00e4knad l\u00e4stid\" \/>\n\t<meta name=\"twitter:data2\" content=\"3 minuter\" \/>\n<script type=\"application\/ld+json\" class=\"yoast-schema-graph\">{\"@context\":\"https:\/\/schema.org\",\"@graph\":[{\"@type\":\"Article\",\"@id\":\"https:\/\/www.smedemokrati.sk\/zaciname-zberat-podpisy-na-odvolanie-tarabu-ktory-si-spravil-z-rezortu-stranicku-pobocku-pre-jeho-nominacie-podavame-aj-podnet\/#article\",\"isPartOf\":{\"@id\":\"https:\/\/www.smedemokrati.sk\/zaciname-zberat-podpisy-na-odvolanie-tarabu-ktory-si-spravil-z-rezortu-stranicku-pobocku-pre-jeho-nominacie-podavame-aj-podnet\/\"},\"author\":{\"name\":\"miro.sopko\",\"@id\":\"https:\/\/www.smedemokrati.sk\/#\/schema\/person\/21f147c88d605aa7ded900e1e7c344ba\"},\"headline\":\"Za\u010d\u00edname zbera\u0165 podpisy na odvolanie Tarabu, ktor\u00fd si spravil z rezortu stran\u00edcku pobo\u010dku. Pre jeho nomin\u00e1cie pod\u00e1vame aj podnet\",\"datePublished\":\"2024-11-05T16:12:28+00:00\",\"dateModified\":\"2024-11-19T12:24:03+00:00\",\"mainEntityOfPage\":{\"@id\":\"https:\/\/www.smedemokrati.sk\/zaciname-zberat-podpisy-na-odvolanie-tarabu-ktory-si-spravil-z-rezortu-stranicku-pobocku-pre-jeho-nominacie-podavame-aj-podnet\/\"},\"wordCount\":666,\"publisher\":{\"@id\":\"https:\/\/www.smedemokrati.sk\/#organization\"},\"image\":{\"@id\":\"https:\/\/www.smedemokrati.sk\/zaciname-zberat-podpisy-na-odvolanie-tarabu-ktory-si-spravil-z-rezortu-stranicku-pobocku-pre-jeho-nominacie-podavame-aj-podnet\/#primaryimage\"},\"thumbnailUrl\":\"https:\/\/www.smedemokrati.sk\/wp-content\/uploads\/2024\/11\/odvolanie-tarabu.jpg\",\"articleSection\":[\"Tla\u010dov\u00e9 spr\u00e1vy\"],\"inLanguage\":\"sv-SE\"},{\"@type\":\"WebPage\",\"@id\":\"https:\/\/www.smedemokrati.sk\/zaciname-zberat-podpisy-na-odvolanie-tarabu-ktory-si-spravil-z-rezortu-stranicku-pobocku-pre-jeho-nominacie-podavame-aj-podnet\/\",\"url\":\"https:\/\/www.smedemokrati.sk\/zaciname-zberat-podpisy-na-odvolanie-tarabu-ktory-si-spravil-z-rezortu-stranicku-pobocku-pre-jeho-nominacie-podavame-aj-podnet\/\",\"name\":\"Za\u010d\u00edname zbera\u0165 podpisy na odvolanie Tarabu, ktor\u00fd si spravil z rezortu stran\u00edcku pobo\u010dku. Pre jeho nomin\u00e1cie pod\u00e1vame aj podnet\",\"isPartOf\":{\"@id\":\"https:\/\/www.smedemokrati.sk\/#website\"},\"primaryImageOfPage\":{\"@id\":\"https:\/\/www.smedemokrati.sk\/zaciname-zberat-podpisy-na-odvolanie-tarabu-ktory-si-spravil-z-rezortu-stranicku-pobocku-pre-jeho-nominacie-podavame-aj-podnet\/#primaryimage\"},\"image\":{\"@id\":\"https:\/\/www.smedemokrati.sk\/zaciname-zberat-podpisy-na-odvolanie-tarabu-ktory-si-spravil-z-rezortu-stranicku-pobocku-pre-jeho-nominacie-podavame-aj-podnet\/#primaryimage\"},\"thumbnailUrl\":\"https:\/\/www.smedemokrati.sk\/wp-content\/uploads\/2024\/11\/odvolanie-tarabu.jpg\",\"datePublished\":\"2024-11-05T16:12:28+00:00\",\"dateModified\":\"2024-11-19T12:24:03+00:00\",\"breadcrumb\":{\"@id\":\"https:\/\/www.smedemokrati.sk\/zaciname-zberat-podpisy-na-odvolanie-tarabu-ktory-si-spravil-z-rezortu-stranicku-pobocku-pre-jeho-nominacie-podavame-aj-podnet\/#breadcrumb\"},\"inLanguage\":\"sv-SE\",\"potentialAction\":[{\"@type\":\"ReadAction\",\"target\":[\"https:\/\/www.smedemokrati.sk\/zaciname-zberat-podpisy-na-odvolanie-tarabu-ktory-si-spravil-z-rezortu-stranicku-pobocku-pre-jeho-nominacie-podavame-aj-podnet\/\"]}]},{\"@type\":\"ImageObject\",\"inLanguage\":\"sv-SE\",\"@id\":\"https:\/\/www.smedemokrati.sk\/zaciname-zberat-podpisy-na-odvolanie-tarabu-ktory-si-spravil-z-rezortu-stranicku-pobocku-pre-jeho-nominacie-podavame-aj-podnet\/#primaryimage\",\"url\":\"https:\/\/www.smedemokrati.sk\/wp-content\/uploads\/2024\/11\/odvolanie-tarabu.jpg\",\"contentUrl\":\"https:\/\/www.smedemokrati.sk\/wp-content\/uploads\/2024\/11\/odvolanie-tarabu.jpg\",\"width\":659,\"height\":340},{\"@type\":\"BreadcrumbList\",\"@id\":\"https:\/\/www.smedemokrati.sk\/zaciname-zberat-podpisy-na-odvolanie-tarabu-ktory-si-spravil-z-rezortu-stranicku-pobocku-pre-jeho-nominacie-podavame-aj-podnet\/#breadcrumb\",\"itemListElement\":[{\"@type\":\"ListItem\",\"position\":1,\"name\":\"Domovsk\u00e1 str\u00e1nka\",\"item\":\"https:\/\/www.smedemokrati.sk\/\"},{\"@type\":\"ListItem\",\"position\":2,\"name\":\"Za\u010d\u00edname zbera\u0165 podpisy na odvolanie Tarabu, ktor\u00fd si spravil z rezortu stran\u00edcku pobo\u010dku. Pre jeho nomin\u00e1cie pod\u00e1vame aj podnet\"}]},{\"@type\":\"WebSite\",\"@id\":\"https:\/\/www.smedemokrati.sk\/#website\",\"url\":\"https:\/\/www.smedemokrati.sk\/\",\"name\":\"Smedemokrati.sk\",\"description\":\"Demokracia a slu\u0161nos\u0165 zv\u00ed\u0165az\u00ed\",\"publisher\":{\"@id\":\"https:\/\/www.smedemokrati.sk\/#organization\"},\"potentialAction\":[{\"@type\":\"SearchAction\",\"target\":{\"@type\":\"EntryPoint\",\"urlTemplate\":\"https:\/\/www.smedemokrati.sk\/?s={search_term_string}\"},\"query-input\":{\"@type\":\"PropertyValueSpecification\",\"valueRequired\":true,\"valueName\":\"search_term_string\"}}],\"inLanguage\":\"sv-SE\"},{\"@type\":\"Organization\",\"@id\":\"https:\/\/www.smedemokrati.sk\/#organization\",\"name\":\"Smedemokrati.sk\",\"url\":\"https:\/\/www.smedemokrati.sk\/\",\"logo\":{\"@type\":\"ImageObject\",\"inLanguage\":\"sv-SE\",\"@id\":\"https:\/\/www.smedemokrati.sk\/#\/schema\/logo\/image\/\",\"url\":\"https:\/\/www.smedemokrati.sk\/wp-content\/uploads\/2023\/04\/ff.002.jpeg\",\"contentUrl\":\"https:\/\/www.smedemokrati.sk\/wp-content\/uploads\/2023\/04\/ff.002.jpeg\",\"width\":640,\"height\":480,\"caption\":\"Smedemokrati.sk\"},\"image\":{\"@id\":\"https:\/\/www.smedemokrati.sk\/#\/schema\/logo\/image\/\"},\"sameAs\":[\"https:\/\/www.facebook.com\/smedemokrati2023\"]},{\"@type\":\"Person\",\"@id\":\"https:\/\/www.smedemokrati.sk\/#\/schema\/person\/21f147c88d605aa7ded900e1e7c344ba\",\"name\":\"miro.sopko\",\"image\":{\"@type\":\"ImageObject\",\"inLanguage\":\"sv-SE\",\"@id\":\"https:\/\/secure.gravatar.com\/avatar\/267e4a36f704376c109afe3a78740c1f5dd8675a2180a908699e7863c9247606?s=96&d=mm&r=g\",\"url\":\"https:\/\/secure.gravatar.com\/avatar\/267e4a36f704376c109afe3a78740c1f5dd8675a2180a908699e7863c9247606?s=96&d=mm&r=g\",\"contentUrl\":\"https:\/\/secure.gravatar.com\/avatar\/267e4a36f704376c109afe3a78740c1f5dd8675a2180a908699e7863c9247606?s=96&d=mm&r=g\",\"caption\":\"miro.sopko\"},\"url\":\"https:\/\/www.smedemokrati.sk\/sv\/author\/miro-sopko\/\"}]}<\/script>\n<!-- \/ Yoast SEO plugin. -->","yoast_head_json":{"title":"Za\u010d\u00edname zbera\u0165 podpisy na odvolanie Tarabu, ktor\u00fd si spravil z rezortu stran\u00edcku pobo\u010dku. Pre jeho nomin\u00e1cie pod\u00e1vame aj podnet","robots":{"index":"index","follow":"follow","max-snippet":"max-snippet:-1","max-image-preview":"max-image-preview:large","max-video-preview":"max-video-preview:-1"},"canonical":"https:\/\/www.smedemokrati.sk\/sv\/zaciname-zberat-podpisy-na-odvolanie-tarabu-ktory-si-spravil-z-rezortu-stranicku-pobocku-pre-jeho-nominacie-podavame-aj-podnet\/","og_locale":"sv_SE","og_type":"article","og_title":"[:sk]Za\u010d\u00edname zbera\u0165 podpisy na odvolanie Tarabu, ktor\u00fd si spravil z rezortu stran\u00edcku pobo\u010dku. Pre jeho nomin\u00e1cie pod\u00e1vame aj podnet[:] - Smedemokrati.sk","og_description":"Demokrati pod\u00e1vaj\u00fa podnet na ministra \u017eivotn\u00e9ho prostredia Tarabu na v\u00fdbor pre nezlu\u010dite\u013enos\u0165 funkci\u00ed, a to pre bezprecedentn\u00e9 stran\u00edcke nomin\u00e1cie na odborn\u00e9 poz\u00edcie, ktor\u00e9 potvrdil aj Huliak. Taraba mohol uprednost\u0148ovan\u00edm stran\u00edckych nomin\u00e1ci\u00ed poru\u0161i\u0165 \u00fastavn\u00fd z\u00e1kon o ochrane verejn\u00e9ho z\u00e1ujmu. Minister mus\u00ed nielen za toto, ale aj ostatn\u00e9 svoje zlyhania nies\u0165 aj politick\u00fa zodpovednos\u0165. Person\u00e1lny rozvrat viedol [&hellip;]","og_url":"https:\/\/www.smedemokrati.sk\/sv\/zaciname-zberat-podpisy-na-odvolanie-tarabu-ktory-si-spravil-z-rezortu-stranicku-pobocku-pre-jeho-nominacie-podavame-aj-podnet\/","og_site_name":"Smedemokrati.sk","article_publisher":"https:\/\/www.facebook.com\/smedemokrati2023","article_published_time":"2024-11-05T16:12:28+00:00","article_modified_time":"2024-11-19T12:24:03+00:00","og_image":[{"width":659,"height":340,"url":"https:\/\/www.smedemokrati.sk\/wp-content\/uploads\/2024\/11\/odvolanie-tarabu.jpg","type":"image\/jpeg"}],"author":"miro.sopko","twitter_card":"summary_large_image","twitter_misc":{"Skriven av":"miro.sopko","Ber\u00e4knad l\u00e4stid":"3 minuter"},"schema":{"@context":"https:\/\/schema.org","@graph":[{"@type":"Article","@id":"https:\/\/www.smedemokrati.sk\/zaciname-zberat-podpisy-na-odvolanie-tarabu-ktory-si-spravil-z-rezortu-stranicku-pobocku-pre-jeho-nominacie-podavame-aj-podnet\/#article","isPartOf":{"@id":"https:\/\/www.smedemokrati.sk\/zaciname-zberat-podpisy-na-odvolanie-tarabu-ktory-si-spravil-z-rezortu-stranicku-pobocku-pre-jeho-nominacie-podavame-aj-podnet\/"},"author":{"name":"miro.sopko","@id":"https:\/\/www.smedemokrati.sk\/#\/schema\/person\/21f147c88d605aa7ded900e1e7c344ba"},"headline":"Za\u010d\u00edname zbera\u0165 podpisy na odvolanie Tarabu, ktor\u00fd si spravil z rezortu stran\u00edcku pobo\u010dku. Pre jeho nomin\u00e1cie pod\u00e1vame aj podnet","datePublished":"2024-11-05T16:12:28+00:00","dateModified":"2024-11-19T12:24:03+00:00","mainEntityOfPage":{"@id":"https:\/\/www.smedemokrati.sk\/zaciname-zberat-podpisy-na-odvolanie-tarabu-ktory-si-spravil-z-rezortu-stranicku-pobocku-pre-jeho-nominacie-podavame-aj-podnet\/"},"wordCount":666,"publisher":{"@id":"https:\/\/www.smedemokrati.sk\/#organization"},"image":{"@id":"https:\/\/www.smedemokrati.sk\/zaciname-zberat-podpisy-na-odvolanie-tarabu-ktory-si-spravil-z-rezortu-stranicku-pobocku-pre-jeho-nominacie-podavame-aj-podnet\/#primaryimage"},"thumbnailUrl":"https:\/\/www.smedemokrati.sk\/wp-content\/uploads\/2024\/11\/odvolanie-tarabu.jpg","articleSection":["Tla\u010dov\u00e9 spr\u00e1vy"],"inLanguage":"sv-SE"},{"@type":"WebPage","@id":"https:\/\/www.smedemokrati.sk\/zaciname-zberat-podpisy-na-odvolanie-tarabu-ktory-si-spravil-z-rezortu-stranicku-pobocku-pre-jeho-nominacie-podavame-aj-podnet\/","url":"https:\/\/www.smedemokrati.sk\/zaciname-zberat-podpisy-na-odvolanie-tarabu-ktory-si-spravil-z-rezortu-stranicku-pobocku-pre-jeho-nominacie-podavame-aj-podnet\/","name":"Za\u010d\u00edname zbera\u0165 podpisy na odvolanie Tarabu, ktor\u00fd si spravil z rezortu stran\u00edcku pobo\u010dku. Pre jeho nomin\u00e1cie pod\u00e1vame aj podnet","isPartOf":{"@id":"https:\/\/www.smedemokrati.sk\/#website"},"primaryImageOfPage":{"@id":"https:\/\/www.smedemokrati.sk\/zaciname-zberat-podpisy-na-odvolanie-tarabu-ktory-si-spravil-z-rezortu-stranicku-pobocku-pre-jeho-nominacie-podavame-aj-podnet\/#primaryimage"},"image":{"@id":"https:\/\/www.smedemokrati.sk\/zaciname-zberat-podpisy-na-odvolanie-tarabu-ktory-si-spravil-z-rezortu-stranicku-pobocku-pre-jeho-nominacie-podavame-aj-podnet\/#primaryimage"},"thumbnailUrl":"https:\/\/www.smedemokrati.sk\/wp-content\/uploads\/2024\/11\/odvolanie-tarabu.jpg","datePublished":"2024-11-05T16:12:28+00:00","dateModified":"2024-11-19T12:24:03+00:00","breadcrumb":{"@id":"https:\/\/www.smedemokrati.sk\/zaciname-zberat-podpisy-na-odvolanie-tarabu-ktory-si-spravil-z-rezortu-stranicku-pobocku-pre-jeho-nominacie-podavame-aj-podnet\/#breadcrumb"},"inLanguage":"sv-SE","potentialAction":[{"@type":"ReadAction","target":["https:\/\/www.smedemokrati.sk\/zaciname-zberat-podpisy-na-odvolanie-tarabu-ktory-si-spravil-z-rezortu-stranicku-pobocku-pre-jeho-nominacie-podavame-aj-podnet\/"]}]},{"@type":"ImageObject","inLanguage":"sv-SE","@id":"https:\/\/www.smedemokrati.sk\/zaciname-zberat-podpisy-na-odvolanie-tarabu-ktory-si-spravil-z-rezortu-stranicku-pobocku-pre-jeho-nominacie-podavame-aj-podnet\/#primaryimage","url":"https:\/\/www.smedemokrati.sk\/wp-content\/uploads\/2024\/11\/odvolanie-tarabu.jpg","contentUrl":"https:\/\/www.smedemokrati.sk\/wp-content\/uploads\/2024\/11\/odvolanie-tarabu.jpg","width":659,"height":340},{"@type":"BreadcrumbList","@id":"https:\/\/www.smedemokrati.sk\/zaciname-zberat-podpisy-na-odvolanie-tarabu-ktory-si-spravil-z-rezortu-stranicku-pobocku-pre-jeho-nominacie-podavame-aj-podnet\/#breadcrumb","itemListElement":[{"@type":"ListItem","position":1,"name":"Domovsk\u00e1 str\u00e1nka","item":"https:\/\/www.smedemokrati.sk\/"},{"@type":"ListItem","position":2,"name":"Za\u010d\u00edname zbera\u0165 podpisy na odvolanie Tarabu, ktor\u00fd si spravil z rezortu stran\u00edcku pobo\u010dku. Pre jeho nomin\u00e1cie pod\u00e1vame aj podnet"}]},{"@type":"WebSite","@id":"https:\/\/www.smedemokrati.sk\/#website","url":"https:\/\/www.smedemokrati.sk\/","name":"Smedemokrati.sk","description":"Demokracia a slu\u0161nos\u0165 zv\u00ed\u0165az\u00ed","publisher":{"@id":"https:\/\/www.smedemokrati.sk\/#organization"},"potentialAction":[{"@type":"SearchAction","target":{"@type":"EntryPoint","urlTemplate":"https:\/\/www.smedemokrati.sk\/?s={search_term_string}"},"query-input":{"@type":"PropertyValueSpecification","valueRequired":true,"valueName":"search_term_string"}}],"inLanguage":"sv-SE"},{"@type":"Organization","@id":"https:\/\/www.smedemokrati.sk\/#organization","name":"Smedemokrati.sk","url":"https:\/\/www.smedemokrati.sk\/","logo":{"@type":"ImageObject","inLanguage":"sv-SE","@id":"https:\/\/www.smedemokrati.sk\/#\/schema\/logo\/image\/","url":"https:\/\/www.smedemokrati.sk\/wp-content\/uploads\/2023\/04\/ff.002.jpeg","contentUrl":"https:\/\/www.smedemokrati.sk\/wp-content\/uploads\/2023\/04\/ff.002.jpeg","width":640,"height":480,"caption":"Smedemokrati.sk"},"image":{"@id":"https:\/\/www.smedemokrati.sk\/#\/schema\/logo\/image\/"},"sameAs":["https:\/\/www.facebook.com\/smedemokrati2023"]},{"@type":"Person","@id":"https:\/\/www.smedemokrati.sk\/#\/schema\/person\/21f147c88d605aa7ded900e1e7c344ba","name":"miro.sopko","image":{"@type":"ImageObject","inLanguage":"sv-SE","@id":"https:\/\/secure.gravatar.com\/avatar\/267e4a36f704376c109afe3a78740c1f5dd8675a2180a908699e7863c9247606?s=96&d=mm&r=g","url":"https:\/\/secure.gravatar.com\/avatar\/267e4a36f704376c109afe3a78740c1f5dd8675a2180a908699e7863c9247606?s=96&d=mm&r=g","contentUrl":"https:\/\/secure.gravatar.com\/avatar\/267e4a36f704376c109afe3a78740c1f5dd8675a2180a908699e7863c9247606?s=96&d=mm&r=g","caption":"miro.sopko"},"url":"https:\/\/www.smedemokrati.sk\/sv\/author\/miro-sopko\/"}]}},"_links":{"self":[{"href":"https:\/\/www.smedemokrati.sk\/sv\/wp-json\/wp\/v2\/posts\/5468","targetHints":{"allow":["GET"]}}],"collection":[{"href":"https:\/\/www.smedemokrati.sk\/sv\/wp-json\/wp\/v2\/posts"}],"about":[{"href":"https:\/\/www.smedemokrati.sk\/sv\/wp-json\/wp\/v2\/types\/post"}],"author":[{"embeddable":true,"href":"https:\/\/www.smedemokrati.sk\/sv\/wp-json\/wp\/v2\/users\/13"}],"replies":[{"embeddable":true,"href":"https:\/\/www.smedemokrati.sk\/sv\/wp-json\/wp\/v2\/comments?post=5468"}],"version-history":[{"count":1,"href":"https:\/\/www.smedemokrati.sk\/sv\/wp-json\/wp\/v2\/posts\/5468\/revisions"}],"predecessor-version":[{"id":5471,"href":"https:\/\/www.smedemokrati.sk\/sv\/wp-json\/wp\/v2\/posts\/5468\/revisions\/5471"}],"wp:featuredmedia":[{"embeddable":true,"href":"https:\/\/www.smedemokrati.sk\/sv\/wp-json\/wp\/v2\/media\/5470"}],"wp:attachment":[{"href":"https:\/\/www.smedemokrati.sk\/sv\/wp-json\/wp\/v2\/media?parent=5468"}],"wp:term":[{"taxonomy":"category","embeddable":true,"href":"https:\/\/www.smedemokrati.sk\/sv\/wp-json\/wp\/v2\/categories?post=5468"},{"taxonomy":"post_tag","embeddable":true,"href":"https:\/\/www.smedemokrati.sk\/sv\/wp-json\/wp\/v2\/tags?post=5468"}],"curies":[{"name":"wp","href":"https:\/\/api.w.org\/{rel}","templated":true}]}}